{"id":93403,"date":"2024-01-30T08:49:30","date_gmt":"2024-01-30T07:49:30","guid":{"rendered":"https:\/\/exaudi.org\/?p=93403"},"modified":"2024-01-30T09:12:25","modified_gmt":"2024-01-30T08:12:25","slug":"jovenes-hermanas-schoenstatt","status":"publish","type":"post","link":"https:\/\/exaudi.org\/es\/jovenes-hermanas-schoenstatt\/","title":{"rendered":"Nueve j\u00f3venes novicias recibieron el vestido de las Hermanas de Mar\u00eda de Schoenstatt"},"content":{"rendered":"<audio class=\"wp-audio-shortcode\" id=\"audio-93403-1\" preload=\"none\" style=\"width: 100%;\" controls=\"controls\"><source type=\"audio\/mpeg\" src=\"https:\/\/exaudi.org\/wp-content\/uploads\/2024\/01\/Nueve-jovenes-novicias-recibieron-el-vestido-de-las-Hermanas-de-Maria-de-Schoenstatt.mp3?_=1\" \/><a href=\"https:\/\/exaudi.org\/wp-content\/uploads\/2024\/01\/Nueve-jovenes-novicias-recibieron-el-vestido-de-las-Hermanas-de-Maria-de-Schoenstatt.mp3\">https:\/\/exaudi.org\/wp-content\/uploads\/2024\/01\/Nueve-jovenes-novicias-recibieron-el-vestido-de-las-Hermanas-de-Maria-de-Schoenstatt.mp3<\/a><\/audio>\n<p><strong>Nueve j\u00f3venes<\/strong> celebraron la <strong>ceremonia de vestici\u00f3n para dar inicio a la etapa del noviciado de las <\/strong><a href=\"https:\/\/www.s-ms.org\/es\" target=\"_blank\" rel=\"noopener\"><strong>Hermanas de Mar\u00eda de Schoenstatt<\/strong><\/a> en la Iglesia de la Sant\u00edsima Trinidad en Monte Schoenstatt, Alemania. Mar\u00eda Elina (Argentina), Catalina (Argentina), Bel\u00e9n (Paraguay), Estrella (Paraguay), Goshia (Polonia), Christy (India), Margreate (India), Andrea (M\u00e9xico) y Ver\u00f3nica (Espa\u00f1a), llegaron a la ceremonia contentas y emocionadas por dar un paso significativo en su camino de consagraci\u00f3n.<\/p>\n<p>Las <strong>Hermanas de Mar\u00eda de Schoenstatt<\/strong> son una comunidad que busca hacer presente a la Virgen Mar\u00eda como instrumento de la gracia de Dios en y desde el coraz\u00f3n de la Iglesia, y as\u00ed mantener el mundo abierto para Dios. Con una misi\u00f3n especial, sobre todo con la educaci\u00f3n de las mujeres y las familias, quieren transmitir el amor fecundo de Mar\u00eda inspiradas en su actitud de pureza y de servicio.<\/p>\n<h3><strong>Latinoam\u00e9rica presente en la ceremonia<\/strong><\/h3>\n<p>Nueve j\u00f3venes oriundas de Latinoam\u00e9rica, Europa y la India participaron de la celebraci\u00f3n de vestici\u00f3n en Schoenstatt. Cuatro de ellas provienen de la <strong>Provincia de Nazaret <\/strong>que, para la comunidad de las Hermanas de Mar\u00eda de Schoenstatt, abarca la Argentina, Paraguay y Uruguay.<\/p>\n<p>Bel\u00e9n (28, Paraguay), Estrella (24, Paraguay), Mar\u00eda Elina (25, Argentina) y Catalina (25, Argentina) recibieron el vestido de las Hermanas de Mar\u00eda, que las identifica como comunidad y su nuevo nombre de Hermanas, un hito que marca un antes y un despu\u00e9s en su camino vocacional y su llamado a ser presencia viva de Mar\u00eda que transforma el mundo. As\u00ed lo experimentaba Estrella sin siquiera darse cuenta, pero dejando huella en las personas que la rodeaban. Su amiga Cecilia coment\u00f3: \u201cEstrellita fue mi primera encargada, desde que la conoc\u00ed, siendo yo una nena chiquita, pod\u00eda sentir y ver la gran mujer vestida de sol que ella es. Estrellita para m\u00ed es lo que representa en su totalidad el concepto de ser una peque\u00f1a Mar\u00eda, cuando yo apenas era una nena y no sab\u00eda nada sobre la Mater, ella fue una fuente de tanto aprendizaje, pero sobre todo de inspiraci\u00f3n en mi vida y en mi espiritualidad, no s\u00f3lo porque era mi encargada, sino por lo que transmit\u00eda con s\u00f3lo estar en su presencia\u201d.<\/p>\n<p>La <strong>comunidad <\/strong>es un aspecto central de la espiritualidad schoenstattiana, por eso, esta etapa del noviciado, comienza cuando hay un n\u00famero suficiente de candidatas que compartir\u00e1n un tiempo de introducci\u00f3n y preparaci\u00f3n para ser y llevar la vida de una Hermana de Mar\u00eda.<\/p>\n<p>Pero, \u00bfqu\u00e9 significa vivir en comunidad?. \u201cEl esp\u00edritu familiar marca fuertemente la impronta de la comunidad. En la experiencia espiritual, el acento en lo mariano y lo patroc\u00e9ntrico, junto con el santuario como hogar, nos hablan de elementos constitutivos de una familia de la que somos hijas. Adem\u00e1s, la comunidad nos permite darnos, pero tambi\u00e9n, para sostener una vida comunitaria arm\u00f3nica, hay que aprender a ceder algunas veces, a estar atento a lo que el otro necesita m\u00e1s que a la propia necesidad\u201d, explic\u00f3 la Hermana M. Ilda que vive en una Filial de la comunidad en la Argentina.<\/p>\n<h3><strong>El llamado del Papa Francisco<\/strong><\/h3>\n<p><img loading=\"lazy\" decoding=\"async\" class=\"alignleft wp-image-93407\" src=\"https:\/\/exaudi.org\/wp-content\/uploads\/2024\/01\/3.-Postulantes-en-el-Santuario-Credito_-Schoenstatt-scaled.jpg\" alt=\"\" width=\"714\" height=\"321\" srcset=\"https:\/\/exaudi.org\/wp-content\/uploads\/2024\/01\/3.-Postulantes-en-el-Santuario-Credito_-Schoenstatt-scaled.jpg 2560w, https:\/\/exaudi.org\/wp-content\/uploads\/2024\/01\/3.-Postulantes-en-el-Santuario-Credito_-Schoenstatt-300x135.jpg 300w, https:\/\/exaudi.org\/wp-content\/uploads\/2024\/01\/3.-Postulantes-en-el-Santuario-Credito_-Schoenstatt-1024x461.jpg 1024w, https:\/\/exaudi.org\/wp-content\/uploads\/2024\/01\/3.-Postulantes-en-el-Santuario-Credito_-Schoenstatt-770x347.jpg 770w, https:\/\/exaudi.org\/wp-content\/uploads\/2024\/01\/3.-Postulantes-en-el-Santuario-Credito_-Schoenstatt-1536x691.jpg 1536w, https:\/\/exaudi.org\/wp-content\/uploads\/2024\/01\/3.-Postulantes-en-el-Santuario-Credito_-Schoenstatt-2048x922.jpg 2048w, https:\/\/exaudi.org\/wp-content\/uploads\/2024\/01\/3.-Postulantes-en-el-Santuario-Credito_-Schoenstatt-500x225.jpg 500w, https:\/\/exaudi.org\/wp-content\/uploads\/2024\/01\/3.-Postulantes-en-el-Santuario-Credito_-Schoenstatt-293x132.jpg 293w, https:\/\/exaudi.org\/wp-content\/uploads\/2024\/01\/3.-Postulantes-en-el-Santuario-Credito_-Schoenstatt-1400x630.jpg 1400w, https:\/\/exaudi.org\/wp-content\/uploads\/2024\/01\/3.-Postulantes-en-el-Santuario-Credito_-Schoenstatt-390x176.jpg 390w\" sizes=\"auto, (max-width: 714px) 100vw, 714px\" \/>La <a href=\"https:\/\/www.lisboa2023.org\/es\/articulo\/discurso-del-papa-en-la-vigilia\" target=\"_blank\" rel=\"noopener\"><strong>XXX<\/strong><\/a><a href=\"https:\/\/www.lisboa2023.org\/es\/articulo\/discurso-del-papa-en-la-vigilia\" target=\"_blank\" rel=\"noopener\"><strong>VIII <\/strong><\/a><a href=\"https:\/\/www.lisboa2023.org\/es\/articulo\/discurso-del-papa-en-la-vigilia\" target=\"_blank\" rel=\"noopener\"><strong>Jornada Mundial de la Juventud<\/strong><\/a><a href=\"https:\/\/www.lisboa2023.org\/es\/articulo\/discurso-del-papa-en-la-vigilia\" target=\"_blank\" rel=\"noopener\"><strong> (JMJ)<\/strong><\/a> fue un momento clave de la etapa de postulantado para las nueve j\u00f3venes. La ceremonia de vestici\u00f3n es una respuesta al llamado del <strong>Papa Francisco <\/strong>quien incentiv\u00f3 a miles de j\u00f3venes a que \u201cNo tengan miedo\u201d, tampoco para seguir el ejemplo de Mar\u00eda y <strong>acudir sin demora al llamado personal que Dios le hace a cada una de ellas.<\/strong><\/p>\n<p>Mar\u00eda Elina es oriunda de la provincia de Salta, Argentina, y se mud\u00f3 a Buenos Aires para estudiar en la universidad. Ten\u00eda un gran anhelo de cumplir la voluntad de Dios, y surgi\u00f3 en ella la inquietud vocacional junto a muchas preguntas para buscar respuestas. Con s\u00f3lo 25 a\u00f1os, al escuchar el mensaje del Papa en la JMJ 2023 reafirm\u00f3, como hab\u00eda descubierto a\u00f1os atr\u00e1s al ingresar como candidata a las Hermanas de Mar\u00eda de Schoenstatt, esa urgencia por adherir a los planes de Dios. Sof\u00eda, una de sus amigas con la que comparti\u00f3 el encuentro de los j\u00f3venes con el Papa, asegur\u00f3: \u201cLas postulantes se divert\u00edan con nosotras, compart\u00edan charlas, mates y nos contaban de sus nuevas experiencias en Alemania. Compartir todos esos d\u00edas juntas nos permiti\u00f3 ver de cerquita c\u00f3mo la estaban pasando, los desaf\u00edos y alegr\u00edas de su formaci\u00f3n. Pero, sobre todo, nos permiti\u00f3 \u00abcontagiarnos\u00bb de su esp\u00edritu de ni\u00f1as ante Dios Padre\u201d.<\/p>\n<h3><strong>Una nueva vida junto a la Virgen Mar\u00eda<\/strong><\/h3>\n<p>En la vestici\u00f3n, no s\u00f3lo <strong>recibieron su vestido y su nombre<\/strong>, sino que tambi\u00e9n iniciaron un camino de vida y de entrega. Un llamado que las moviliz\u00f3 a buscar una autenticidad m\u00e1s profunda, una libertad m\u00e1s plena, una alegr\u00eda inconmensurable, una paz infinita, un S\u00ed tan corto y tan inmenso a la vez, como lo hizo la Virgen Mar\u00eda.<\/p>\n<p>Bel\u00e9n naci\u00f3 en Paraguay y es fonoaudi\u00f3loga. Ella ten\u00eda una pregunta en lo profundo del coraz\u00f3n. Ese llamado se hac\u00eda presente en su vida y esperaba su respuesta: \u201cYo sent\u00ed Paz cuando por fin pude pronunciar esa palabra monos\u00edlaba, tan simple y corta, pero tan importante: S\u00ed\u201d, dijo con convicci\u00f3n.<\/p>\n<p>Su preparaci\u00f3n para el noviciado inici\u00f3 en 2021, en los \u00faltimos a\u00f1os las chicas entraron en contacto con la vida de las Hermanas de Mar\u00eda, aprendieron el idioma alem\u00e1n y profundizaron sobre el carisma, un per\u00edodo importante para <strong>reconocer el milagro de la vocaci\u00f3n<\/strong> para cada una de ellas, para la Iglesia y para todo el mundo.<\/p>\n<p>Catalina, de 25 a\u00f1os, se recibi\u00f3 de Terapista Ocupacional en 2021 y ese mismo a\u00f1o comenz\u00f3 su camino como candidata a Hermana de Mar\u00eda de Schoenstatt. Su mam\u00e1 se emocion\u00f3 al recordar los primeros pasos del discernimiento: \u201cCata nos lo comunic\u00f3 porque necesitaba, como parte de su discernimiento, que la llev\u00e1ramos a conocer distintas comunidades. Un d\u00eda, conversando yo le suger\u00eda una y otra comunidad religiosa. Me par\u00f3 y me dijo: \u201cMa, yo s\u00e9 que lo hac\u00e9s para ayudarme, pero esto no se trata de elegir d\u00f3nde quiero estar yo, sino de descubrir d\u00f3nde Jes\u00fas me quiere\u201d, y asegur\u00f3: \u201cCreemos que es un regalo que Dios haya elegido a nuestra chiquita para que sea suya, un verdadero honor\u201d.<\/p>\n<p>El llamado de Dios a estas j\u00f3venes es un regalo para la Iglesia y el mundo, un verdadero <strong>testimonio del rostro joven de la Iglesia que, con coraje, reconoce el valor de entregar la vida por Cristo<\/strong>. Una decisi\u00f3n a la que Bel\u00e9n, Estrella, Mar\u00eda Elina y Catalina junto a sus pares de M\u00e9xico, Polonia, Espa\u00f1a y la India se animaron a aventurarse, con la alegr\u00eda de quienes han descubierto un tesoro que no quieren dejar ir.<\/p>\n<h3><strong>Acerca de Hermanas de Mar\u00eda de Schoenstatt<\/strong><\/h3>\n<p>Las Hermanas de Mar\u00eda de Schoenstatt son un Instituto Secular Femenino que forma parte de la Iglesia Cat\u00f3lica. Fue fundado por el Padre Jos\u00e9 Kentenich en 1926. La comunidad tiene presencia en los 5 continentes con m\u00e1s de 1600 Hermanas.\u00a0 Ellas est\u00e1n llamadas a ser una presencia viva de Mar\u00eda en la Iglesia y en el mundo. Su fin especial es la educaci\u00f3n de la mujer y de la familia. Esta misi\u00f3n la realizan como alma del Movimiento de Schoenstatt que aspira a la renovaci\u00f3n religiosa y moral del mundo, por eso su misi\u00f3n es apost\u00f3lica. La comunidad se caracteriza por un esp\u00edritu mariano, de amor generoso, apost\u00f3lico, comunitario, inspirado por las ense\u00f1anzas de su fundador, el Padre Kentenich, y con el Santuario como fuente de vida espiritual.<\/p>\n<p><img loading=\"lazy\" decoding=\"async\" class=\"size-full wp-image-93414 aligncenter\" src=\"https:\/\/exaudi.org\/wp-content\/uploads\/2024\/01\/2024-HMS-Vesticiones-de-Hermana-de-Maria_page-0001.jpg\" alt=\"\" width=\"2250\" height=\"8326\" srcset=\"https:\/\/exaudi.org\/wp-content\/uploads\/2024\/01\/2024-HMS-Vesticiones-de-Hermana-de-Maria_page-0001.jpg 2250w, https:\/\/exaudi.org\/wp-content\/uploads\/2024\/01\/2024-HMS-Vesticiones-de-Hermana-de-Maria_page-0001-81x300.jpg 81w, https:\/\/exaudi.org\/wp-content\/uploads\/2024\/01\/2024-HMS-Vesticiones-de-Hermana-de-Maria_page-0001-277x1024.jpg 277w, https:\/\/exaudi.org\/wp-content\/uploads\/2024\/01\/2024-HMS-Vesticiones-de-Hermana-de-Maria_page-0001-770x2849.jpg 770w, https:\/\/exaudi.org\/wp-content\/uploads\/2024\/01\/2024-HMS-Vesticiones-de-Hermana-de-Maria_page-0001-415x1536.jpg 415w, https:\/\/exaudi.org\/wp-content\/uploads\/2024\/01\/2024-HMS-Vesticiones-de-Hermana-de-Maria_page-0001-500x1850.jpg 500w, https:\/\/exaudi.org\/wp-content\/uploads\/2024\/01\/2024-HMS-Vesticiones-de-Hermana-de-Maria_page-0001-293x1084.jpg 293w, https:\/\/exaudi.org\/wp-content\/uploads\/2024\/01\/2024-HMS-Vesticiones-de-Hermana-de-Maria_page-0001-1400x5181.jpg 1400w, https:\/\/exaudi.org\/wp-content\/uploads\/2024\/01\/2024-HMS-Vesticiones-de-Hermana-de-Maria_page-0001-390x1443.jpg 390w\" sizes=\"auto, (max-width: 2250px) 100vw, 2250px\" \/><\/p>\n","protected":false},"excerpt":{"rendered":"<p>Con una emotiva celebraci\u00f3n realizada en el Santuario de Schoenstatt, Alemania, las j\u00f3venes iniciaron la etapa de noviciado en la comunidad, y recibieron su vestido y su nuevo nombre<\/p>\n","protected":false},"author":15,"featured_media":93404,"comment_status":"closed","ping_status":"closed","sticky":false,"template":"","format":"standard","meta":{"_acf_changed":false,"_crdt_document":"","inline_featured_image":false,"footnotes":""},"categories":[74],"tags":[12584,12583,12582,3832,1119],"class_list":["post-93403","post","type-post","status-publish","format-standard","has-post-thumbnail","hentry","category-iglesia-y-mundo","tag-ceremonia-de-vesticion","tag-hermanas-de-maria","tag-provincia-de-nazaret","tag-schoenstatt","tag-virgen-maria"],"acf":[],"yoast_head":"<!-- This site is optimized with the Yoast SEO plugin v27.4 - https:\/\/yoast.com\/product\/yoast-seo-wordpress\/ -->\n<title>Nueve j\u00f3venes novicias recibieron el vestido de las Hermanas de Mar\u00eda de Schoenstatt &#8211; Exaudi<\/title>\n<meta name=\"robots\" content=\"index, follow, max-snippet:-1, max-image-preview:large, max-video-preview:-1\" \/>\n<link rel=\"canonical\" href=\"https:\/\/exaudi.org\/es\/jovenes-hermanas-schoenstatt\/\" \/>\n<meta property=\"og:locale\" content=\"es_ES\" \/>\n<meta property=\"og:type\" content=\"article\" \/>\n<meta property=\"og:title\" content=\"Nueve j\u00f3venes novicias recibieron el vestido de las Hermanas de Mar\u00eda de Schoenstatt &#8211; Exaudi\" \/>\n<meta property=\"og:description\" content=\"Con una emotiva celebraci\u00f3n realizada en el Santuario de Schoenstatt, Alemania, las j\u00f3venes iniciaron la etapa de noviciado en la comunidad, y recibieron su vestido y su nuevo nombre\" \/>\n<meta property=\"og:url\" content=\"https:\/\/exaudi.org\/es\/jovenes-hermanas-schoenstatt\/\" \/>\n<meta property=\"og:site_name\" content=\"Exaudi\" \/>\n<meta property=\"article:publisher\" content=\"https:\/\/www.facebook.com\/ExaudiNews\" \/>\n<meta property=\"article:author\" content=\"https:\/\/www.facebook.com\/ExaudiNoticias\/\" \/>\n<meta property=\"article:published_time\" content=\"2024-01-30T07:49:30+00:00\" \/>\n<meta property=\"article:modified_time\" content=\"2024-01-30T08:12:25+00:00\" \/>\n<meta property=\"og:image\" content=\"https:\/\/exaudi.org\/wp-content\/uploads\/2024\/01\/4.-Ceremonia-de-vesticion-Hermanas-de-Maria-de-Schoenstatt-Credito_-Schoenstatt-scaled.jpg\" \/>\n\t<meta property=\"og:image:width\" content=\"2560\" \/>\n\t<meta property=\"og:image:height\" content=\"1707\" \/>\n\t<meta property=\"og:image:type\" content=\"image\/jpeg\" \/>\n<meta name=\"author\" content=\"Exaudi Redacci\u00f3n\" \/>\n<meta name=\"twitter:card\" content=\"summary_large_image\" \/>\n<meta name=\"twitter:creator\" content=\"@Exaudi_noticias\" \/>\n<meta name=\"twitter:site\" content=\"@Exaudi_News\" \/>\n<meta name=\"twitter:label1\" content=\"Escrito por\" \/>\n\t<meta name=\"twitter:data1\" content=\"Exaudi Redacci\u00f3n\" \/>\n\t<meta name=\"twitter:label2\" content=\"Tiempo de lectura\" \/>\n\t<meta name=\"twitter:data2\" content=\"7 minutos\" \/>\n<script type=\"application\/ld+json\" class=\"yoast-schema-graph\">{\"@context\":\"https:\\\/\\\/schema.org\",\"@graph\":[{\"@type\":\"Article\",\"@id\":\"https:\\\/\\\/exaudi.org\\\/es\\\/jovenes-hermanas-schoenstatt\\\/#article\",\"isPartOf\":{\"@id\":\"https:\\\/\\\/exaudi.org\\\/es\\\/jovenes-hermanas-schoenstatt\\\/\"},\"author\":{\"name\":\"Exaudi Redacci\u00f3n\",\"@id\":\"https:\\\/\\\/exaudi.org\\\/#\\\/schema\\\/person\\\/f5fc8f063065e38742da7afe15f25df7\"},\"headline\":\"Nueve j\u00f3venes novicias recibieron el vestido de las Hermanas de Mar\u00eda de Schoenstatt\",\"datePublished\":\"2024-01-30T07:49:30+00:00\",\"dateModified\":\"2024-01-30T08:12:25+00:00\",\"mainEntityOfPage\":{\"@id\":\"https:\\\/\\\/exaudi.org\\\/es\\\/jovenes-hermanas-schoenstatt\\\/\"},\"wordCount\":1371,\"image\":{\"@id\":\"https:\\\/\\\/exaudi.org\\\/es\\\/jovenes-hermanas-schoenstatt\\\/#primaryimage\"},\"thumbnailUrl\":\"https:\\\/\\\/exaudi.org\\\/wp-content\\\/uploads\\\/2024\\\/01\\\/4.-Ceremonia-de-vesticion-Hermanas-de-Maria-de-Schoenstatt-Credito_-Schoenstatt-scaled.jpg\",\"keywords\":[\"ceremonia de vestici\u00f3n\",\"Hermanas de Mar\u00eda\",\"Provincia de Nazaret\",\"Schoenstatt\",\"Virgen Mar\u00eda\"],\"articleSection\":[\"Iglesia y Mundo\"],\"inLanguage\":\"es\"},{\"@type\":\"WebPage\",\"@id\":\"https:\\\/\\\/exaudi.org\\\/es\\\/jovenes-hermanas-schoenstatt\\\/\",\"url\":\"https:\\\/\\\/exaudi.org\\\/es\\\/jovenes-hermanas-schoenstatt\\\/\",\"name\":\"Nueve j\u00f3venes novicias recibieron el vestido de las Hermanas de Mar\u00eda de Schoenstatt &#8211; Exaudi\",\"isPartOf\":{\"@id\":\"https:\\\/\\\/exaudi.org\\\/#website\"},\"primaryImageOfPage\":{\"@id\":\"https:\\\/\\\/exaudi.org\\\/es\\\/jovenes-hermanas-schoenstatt\\\/#primaryimage\"},\"image\":{\"@id\":\"https:\\\/\\\/exaudi.org\\\/es\\\/jovenes-hermanas-schoenstatt\\\/#primaryimage\"},\"thumbnailUrl\":\"https:\\\/\\\/exaudi.org\\\/wp-content\\\/uploads\\\/2024\\\/01\\\/4.-Ceremonia-de-vesticion-Hermanas-de-Maria-de-Schoenstatt-Credito_-Schoenstatt-scaled.jpg\",\"datePublished\":\"2024-01-30T07:49:30+00:00\",\"dateModified\":\"2024-01-30T08:12:25+00:00\",\"author\":{\"@id\":\"https:\\\/\\\/exaudi.org\\\/#\\\/schema\\\/person\\\/f5fc8f063065e38742da7afe15f25df7\"},\"breadcrumb\":{\"@id\":\"https:\\\/\\\/exaudi.org\\\/es\\\/jovenes-hermanas-schoenstatt\\\/#breadcrumb\"},\"inLanguage\":\"es\",\"potentialAction\":[{\"@type\":\"ReadAction\",\"target\":[\"https:\\\/\\\/exaudi.org\\\/es\\\/jovenes-hermanas-schoenstatt\\\/\"]}]},{\"@type\":\"ImageObject\",\"inLanguage\":\"es\",\"@id\":\"https:\\\/\\\/exaudi.org\\\/es\\\/jovenes-hermanas-schoenstatt\\\/#primaryimage\",\"url\":\"https:\\\/\\\/exaudi.org\\\/wp-content\\\/uploads\\\/2024\\\/01\\\/4.-Ceremonia-de-vesticion-Hermanas-de-Maria-de-Schoenstatt-Credito_-Schoenstatt-scaled.jpg\",\"contentUrl\":\"https:\\\/\\\/exaudi.org\\\/wp-content\\\/uploads\\\/2024\\\/01\\\/4.-Ceremonia-de-vesticion-Hermanas-de-Maria-de-Schoenstatt-Credito_-Schoenstatt-scaled.jpg\",\"width\":2560,\"height\":1707},{\"@type\":\"BreadcrumbList\",\"@id\":\"https:\\\/\\\/exaudi.org\\\/es\\\/jovenes-hermanas-schoenstatt\\\/#breadcrumb\",\"itemListElement\":[{\"@type\":\"ListItem\",\"position\":1,\"name\":\"Portada\",\"item\":\"https:\\\/\\\/exaudi.org\\\/es\\\/\"},{\"@type\":\"ListItem\",\"position\":2,\"name\":\"Nueve j\u00f3venes novicias recibieron el vestido de las Hermanas de Mar\u00eda de Schoenstatt\"}]},{\"@type\":\"WebSite\",\"@id\":\"https:\\\/\\\/exaudi.org\\\/#website\",\"url\":\"https:\\\/\\\/exaudi.org\\\/\",\"name\":\"Exaudi\",\"description\":\"News\",\"potentialAction\":[{\"@type\":\"SearchAction\",\"target\":{\"@type\":\"EntryPoint\",\"urlTemplate\":\"https:\\\/\\\/exaudi.org\\\/?s={search_term_string}\"},\"query-input\":{\"@type\":\"PropertyValueSpecification\",\"valueRequired\":true,\"valueName\":\"search_term_string\"}}],\"inLanguage\":\"es\"},{\"@type\":\"Person\",\"@id\":\"https:\\\/\\\/exaudi.org\\\/#\\\/schema\\\/person\\\/f5fc8f063065e38742da7afe15f25df7\",\"name\":\"Exaudi Redacci\u00f3n\",\"image\":{\"@type\":\"ImageObject\",\"inLanguage\":\"es\",\"@id\":\"https:\\\/\\\/secure.gravatar.com\\\/avatar\\\/fe0f6a059fb68d9b3e11bc5850dd4899b1c7492091a3cb6dd9b01b56ad828be2?s=96&d=mm&r=g\",\"url\":\"https:\\\/\\\/secure.gravatar.com\\\/avatar\\\/fe0f6a059fb68d9b3e11bc5850dd4899b1c7492091a3cb6dd9b01b56ad828be2?s=96&d=mm&r=g\",\"contentUrl\":\"https:\\\/\\\/secure.gravatar.com\\\/avatar\\\/fe0f6a059fb68d9b3e11bc5850dd4899b1c7492091a3cb6dd9b01b56ad828be2?s=96&d=mm&r=g\",\"caption\":\"Exaudi Redacci\u00f3n\"},\"description\":\"\u00bfQu\u00e9 es Exaudi News? Exaudi News es un medio de comunicaci\u00f3n cat\u00f3lico internacional que informa, forma y transforma, diariamente en espa\u00f1ol, ingl\u00e9s e italiano. A trav\u00e9s de noticias, art\u00edculos de an\u00e1lisis y transmisiones en directo de los eventos del Papa, Exaudi busca fortalecer la unidad de los cristianos y contribuir a la evangelizaci\u00f3n del mundo, siempre guiados por la doctrina social de la Iglesia. Trabajamos para acercar la verdad y los valores cristianos a cada rinc\u00f3n del planeta. \u00a1Ay\u00fadanos a transformar el mundo con Exaudi! En Exaudi creemos que la evangelizaci\u00f3n y la informaci\u00f3n de calidad pueden cambiar vidas. Para continuar con nuestra misi\u00f3n y expandir nuestro alcance, necesitamos tu ayuda. Adem\u00e1s, buscamos personas comprometidas que deseen unirse a nuestro equipo. Con tu apoyo, lograremos llegar a m\u00e1s personas, difundir el mensaje de Cristo y reforzar la unidad de los cristianos. \u00bfTe unes a nuestra misi\u00f3n? Para m\u00e1s informaci\u00f3n sobre c\u00f3mo colaborar, visita Exaudi.org\\\/es o cont\u00e1ctanos directamente: info@exaudi.org Exaudi: Informa, forma y transforma.\",\"sameAs\":[\"https:\\\/\\\/www.facebook.com\\\/ExaudiNoticias\\\/\",\"https:\\\/\\\/www.instagram.com\\\/exaudi_noticias\\\/\",\"https:\\\/\\\/x.com\\\/Exaudi_noticias\",\"https:\\\/\\\/www.youtube.com\\\/@exaudicatholicnews\"],\"url\":\"https:\\\/\\\/exaudi.org\\\/es\\\/author\\\/redaccionexaudi\\\/\"}]}<\/script>\n<!-- \/ Yoast SEO plugin. -->","yoast_head_json":{"title":"Nueve j\u00f3venes novicias recibieron el vestido de las Hermanas de Mar\u00eda de Schoenstatt &#8211; Exaudi","robots":{"index":"index","follow":"follow","max-snippet":"max-snippet:-1","max-image-preview":"max-image-preview:large","max-video-preview":"max-video-preview:-1"},"canonical":"https:\/\/exaudi.org\/es\/jovenes-hermanas-schoenstatt\/","og_locale":"es_ES","og_type":"article","og_title":"Nueve j\u00f3venes novicias recibieron el vestido de las Hermanas de Mar\u00eda de Schoenstatt &#8211; Exaudi","og_description":"Con una emotiva celebraci\u00f3n realizada en el Santuario de Schoenstatt, Alemania, las j\u00f3venes iniciaron la etapa de noviciado en la comunidad, y recibieron su vestido y su nuevo nombre","og_url":"https:\/\/exaudi.org\/es\/jovenes-hermanas-schoenstatt\/","og_site_name":"Exaudi","article_publisher":"https:\/\/www.facebook.com\/ExaudiNews","article_author":"https:\/\/www.facebook.com\/ExaudiNoticias\/","article_published_time":"2024-01-30T07:49:30+00:00","article_modified_time":"2024-01-30T08:12:25+00:00","og_image":[{"width":2560,"height":1707,"url":"https:\/\/exaudi.org\/wp-content\/uploads\/2024\/01\/4.-Ceremonia-de-vesticion-Hermanas-de-Maria-de-Schoenstatt-Credito_-Schoenstatt-scaled.jpg","type":"image\/jpeg"}],"author":"Exaudi Redacci\u00f3n","twitter_card":"summary_large_image","twitter_creator":"@Exaudi_noticias","twitter_site":"@Exaudi_News","twitter_misc":{"Escrito por":"Exaudi Redacci\u00f3n","Tiempo de lectura":"7 minutos"},"schema":{"@context":"https:\/\/schema.org","@graph":[{"@type":"Article","@id":"https:\/\/exaudi.org\/es\/jovenes-hermanas-schoenstatt\/#article","isPartOf":{"@id":"https:\/\/exaudi.org\/es\/jovenes-hermanas-schoenstatt\/"},"author":{"name":"Exaudi Redacci\u00f3n","@id":"https:\/\/exaudi.org\/#\/schema\/person\/f5fc8f063065e38742da7afe15f25df7"},"headline":"Nueve j\u00f3venes novicias recibieron el vestido de las Hermanas de Mar\u00eda de Schoenstatt","datePublished":"2024-01-30T07:49:30+00:00","dateModified":"2024-01-30T08:12:25+00:00","mainEntityOfPage":{"@id":"https:\/\/exaudi.org\/es\/jovenes-hermanas-schoenstatt\/"},"wordCount":1371,"image":{"@id":"https:\/\/exaudi.org\/es\/jovenes-hermanas-schoenstatt\/#primaryimage"},"thumbnailUrl":"https:\/\/exaudi.org\/wp-content\/uploads\/2024\/01\/4.-Ceremonia-de-vesticion-Hermanas-de-Maria-de-Schoenstatt-Credito_-Schoenstatt-scaled.jpg","keywords":["ceremonia de vestici\u00f3n","Hermanas de Mar\u00eda","Provincia de Nazaret","Schoenstatt","Virgen Mar\u00eda"],"articleSection":["Iglesia y Mundo"],"inLanguage":"es"},{"@type":"WebPage","@id":"https:\/\/exaudi.org\/es\/jovenes-hermanas-schoenstatt\/","url":"https:\/\/exaudi.org\/es\/jovenes-hermanas-schoenstatt\/","name":"Nueve j\u00f3venes novicias recibieron el vestido de las Hermanas de Mar\u00eda de Schoenstatt &#8211; Exaudi","isPartOf":{"@id":"https:\/\/exaudi.org\/#website"},"primaryImageOfPage":{"@id":"https:\/\/exaudi.org\/es\/jovenes-hermanas-schoenstatt\/#primaryimage"},"image":{"@id":"https:\/\/exaudi.org\/es\/jovenes-hermanas-schoenstatt\/#primaryimage"},"thumbnailUrl":"https:\/\/exaudi.org\/wp-content\/uploads\/2024\/01\/4.-Ceremonia-de-vesticion-Hermanas-de-Maria-de-Schoenstatt-Credito_-Schoenstatt-scaled.jpg","datePublished":"2024-01-30T07:49:30+00:00","dateModified":"2024-01-30T08:12:25+00:00","author":{"@id":"https:\/\/exaudi.org\/#\/schema\/person\/f5fc8f063065e38742da7afe15f25df7"},"breadcrumb":{"@id":"https:\/\/exaudi.org\/es\/jovenes-hermanas-schoenstatt\/#breadcrumb"},"inLanguage":"es","potentialAction":[{"@type":"ReadAction","target":["https:\/\/exaudi.org\/es\/jovenes-hermanas-schoenstatt\/"]}]},{"@type":"ImageObject","inLanguage":"es","@id":"https:\/\/exaudi.org\/es\/jovenes-hermanas-schoenstatt\/#primaryimage","url":"https:\/\/exaudi.org\/wp-content\/uploads\/2024\/01\/4.-Ceremonia-de-vesticion-Hermanas-de-Maria-de-Schoenstatt-Credito_-Schoenstatt-scaled.jpg","contentUrl":"https:\/\/exaudi.org\/wp-content\/uploads\/2024\/01\/4.-Ceremonia-de-vesticion-Hermanas-de-Maria-de-Schoenstatt-Credito_-Schoenstatt-scaled.jpg","width":2560,"height":1707},{"@type":"BreadcrumbList","@id":"https:\/\/exaudi.org\/es\/jovenes-hermanas-schoenstatt\/#breadcrumb","itemListElement":[{"@type":"ListItem","position":1,"name":"Portada","item":"https:\/\/exaudi.org\/es\/"},{"@type":"ListItem","position":2,"name":"Nueve j\u00f3venes novicias recibieron el vestido de las Hermanas de Mar\u00eda de Schoenstatt"}]},{"@type":"WebSite","@id":"https:\/\/exaudi.org\/#website","url":"https:\/\/exaudi.org\/","name":"Exaudi","description":"News","potentialAction":[{"@type":"SearchAction","target":{"@type":"EntryPoint","urlTemplate":"https:\/\/exaudi.org\/?s={search_term_string}"},"query-input":{"@type":"PropertyValueSpecification","valueRequired":true,"valueName":"search_term_string"}}],"inLanguage":"es"},{"@type":"Person","@id":"https:\/\/exaudi.org\/#\/schema\/person\/f5fc8f063065e38742da7afe15f25df7","name":"Exaudi Redacci\u00f3n","image":{"@type":"ImageObject","inLanguage":"es","@id":"https:\/\/secure.gravatar.com\/avatar\/fe0f6a059fb68d9b3e11bc5850dd4899b1c7492091a3cb6dd9b01b56ad828be2?s=96&d=mm&r=g","url":"https:\/\/secure.gravatar.com\/avatar\/fe0f6a059fb68d9b3e11bc5850dd4899b1c7492091a3cb6dd9b01b56ad828be2?s=96&d=mm&r=g","contentUrl":"https:\/\/secure.gravatar.com\/avatar\/fe0f6a059fb68d9b3e11bc5850dd4899b1c7492091a3cb6dd9b01b56ad828be2?s=96&d=mm&r=g","caption":"Exaudi Redacci\u00f3n"},"description":"\u00bfQu\u00e9 es Exaudi News? Exaudi News es un medio de comunicaci\u00f3n cat\u00f3lico internacional que informa, forma y transforma, diariamente en espa\u00f1ol, ingl\u00e9s e italiano. A trav\u00e9s de noticias, art\u00edculos de an\u00e1lisis y transmisiones en directo de los eventos del Papa, Exaudi busca fortalecer la unidad de los cristianos y contribuir a la evangelizaci\u00f3n del mundo, siempre guiados por la doctrina social de la Iglesia. Trabajamos para acercar la verdad y los valores cristianos a cada rinc\u00f3n del planeta. \u00a1Ay\u00fadanos a transformar el mundo con Exaudi! En Exaudi creemos que la evangelizaci\u00f3n y la informaci\u00f3n de calidad pueden cambiar vidas. Para continuar con nuestra misi\u00f3n y expandir nuestro alcance, necesitamos tu ayuda. Adem\u00e1s, buscamos personas comprometidas que deseen unirse a nuestro equipo. Con tu apoyo, lograremos llegar a m\u00e1s personas, difundir el mensaje de Cristo y reforzar la unidad de los cristianos. \u00bfTe unes a nuestra misi\u00f3n? Para m\u00e1s informaci\u00f3n sobre c\u00f3mo colaborar, visita Exaudi.org\/es o cont\u00e1ctanos directamente: info@exaudi.org Exaudi: Informa, forma y transforma.","sameAs":["https:\/\/www.facebook.com\/ExaudiNoticias\/","https:\/\/www.instagram.com\/exaudi_noticias\/","https:\/\/x.com\/Exaudi_noticias","https:\/\/www.youtube.com\/@exaudicatholicnews"],"url":"https:\/\/exaudi.org\/es\/author\/redaccionexaudi\/"}]}},"jetpack_featured_media_url":"https:\/\/exaudi.org\/wp-content\/uploads\/2024\/01\/4.-Ceremonia-de-vesticion-Hermanas-de-Maria-de-Schoenstatt-Credito_-Schoenstatt-scaled.jpg","jetpack_shortlink":"https:\/\/wp.me\/pgKjF2-oiv","_links":{"self":[{"href":"https:\/\/exaudi.org\/es\/wp-json\/wp\/v2\/posts\/93403","targetHints":{"allow":["GET"]}}],"collection":[{"href":"https:\/\/exaudi.org\/es\/wp-json\/wp\/v2\/posts"}],"about":[{"href":"https:\/\/exaudi.org\/es\/wp-json\/wp\/v2\/types\/post"}],"author":[{"embeddable":true,"href":"https:\/\/exaudi.org\/es\/wp-json\/wp\/v2\/users\/15"}],"replies":[{"embeddable":true,"href":"https:\/\/exaudi.org\/es\/wp-json\/wp\/v2\/comments?post=93403"}],"version-history":[{"count":0,"href":"https:\/\/exaudi.org\/es\/wp-json\/wp\/v2\/posts\/93403\/revisions"}],"wp:featuredmedia":[{"embeddable":true,"href":"https:\/\/exaudi.org\/es\/wp-json\/wp\/v2\/media\/93404"}],"wp:attachment":[{"href":"https:\/\/exaudi.org\/es\/wp-json\/wp\/v2\/media?parent=93403"}],"wp:term":[{"taxonomy":"category","embeddable":true,"href":"https:\/\/exaudi.org\/es\/wp-json\/wp\/v2\/categories?post=93403"},{"taxonomy":"post_tag","embeddable":true,"href":"https:\/\/exaudi.org\/es\/wp-json\/wp\/v2\/tags?post=93403"}],"curies":[{"name":"wp","href":"https:\/\/api.w.org\/{rel}","templated":true}]}}