{"id":93355,"date":"2024-01-30T08:55:56","date_gmt":"2024-01-30T07:55:56","guid":{"rendered":"https:\/\/exaudi.org\/?p=93355"},"modified":"2024-01-30T09:28:35","modified_gmt":"2024-01-30T08:28:35","slug":"espana-premios-bravo-la-verdad-es-imprescindible-en-una-sociedad-libre","status":"publish","type":"post","link":"https:\/\/exaudi.org\/es\/espana-premios-bravo-la-verdad-es-imprescindible-en-una-sociedad-libre\/","title":{"rendered":"Premios \u00a1Bravo!: La verdad es imprescindible en una sociedad libre"},"content":{"rendered":"<audio class=\"wp-audio-shortcode\" id=\"audio-93355-1\" preload=\"none\" style=\"width: 100%;\" controls=\"controls\"><source type=\"audio\/mpeg\" src=\"https:\/\/exaudi.org\/wp-content\/uploads\/2024\/01\/Premios-Bravo.mp3?_=1\" \/><a href=\"https:\/\/exaudi.org\/wp-content\/uploads\/2024\/01\/Premios-Bravo.mp3\">https:\/\/exaudi.org\/wp-content\/uploads\/2024\/01\/Premios-Bravo.mp3<\/a><\/audio>\n<p>\u201cNos alegra cada a\u00f1o ver, conocer y reconocer a tanta gente que hace bien la comunicaci\u00f3n. Personas e instituciones que se esfuerzan por hacer las cosas con altura y excelencia, que transmiten con rigor y con frescura lo que ocurre, o que permiten a la gente un descanso creativo y con valores a trav\u00e9s de la m\u00fasica, la publicidad o el cine..\u201d. As\u00ed lo expres\u00f3, monse\u00f1or Jos\u00e9 Manuel Lorca Planes, obispo de Cartagena y presidente de la Comisi\u00f3n Episcopal para las Comunicaciones Sociales (CECS) en el acto de entrega de los Premios \u00a1Bravo! 2023, que tuvo lugar este lunes, a mediod\u00eda, en la sede de la Conferencia Episcopal de Espa\u00f1a (CEE), con la presencia, adem\u00e1s, del nuncio apost\u00f3lico en Espa\u00f1a, monse\u00f1or Bernardito Auza y el arzobispo de M\u00e9rida, monse\u00f1or Celso Morga, entre otros.<\/p>\n<div>\n<div class=\"article__embed article__embed--unwrap article__embed--photo\">\n<figure><\/figure>\n<p><img loading=\"lazy\" decoding=\"async\" class=\"alignleft size-full wp-image-93356\" src=\"https:\/\/exaudi.org\/wp-content\/uploads\/2024\/01\/cq5dam.thumbnail.cropped.750.422-1-7.jpeg\" alt=\"\" width=\"750\" height=\"422\" srcset=\"https:\/\/exaudi.org\/wp-content\/uploads\/2024\/01\/cq5dam.thumbnail.cropped.750.422-1-7.jpeg 750w, https:\/\/exaudi.org\/wp-content\/uploads\/2024\/01\/cq5dam.thumbnail.cropped.750.422-1-7-300x169.jpeg 300w, https:\/\/exaudi.org\/wp-content\/uploads\/2024\/01\/cq5dam.thumbnail.cropped.750.422-1-7-500x281.jpeg 500w, https:\/\/exaudi.org\/wp-content\/uploads\/2024\/01\/cq5dam.thumbnail.cropped.750.422-1-7-293x165.jpeg 293w, https:\/\/exaudi.org\/wp-content\/uploads\/2024\/01\/cq5dam.thumbnail.cropped.750.422-1-7-390x219.jpeg 390w\" sizes=\"auto, (max-width: 750px) 100vw, 750px\" \/>Monse\u00f1or Lorca Planes destac\u00f3 que los galardonados est\u00e1n \u201cdesde hoy y para siempre\u201d unidos por este premio, pues ha reconocido en ellos valores que son imprescindibles en el mundo de hoy: \u00abvalores como la verdad, que es aspiraci\u00f3n imprescindible para la construcci\u00f3n de una sociedad libre, como el cuidado de la creaci\u00f3n, de esta casa com\u00fan en la que todos vivimos; o como la esperanza en una juventud capaz de realizar mejor nuestros mejores proyectos; en los valores, como el servicio a la familia, que nos sostiene cuando las cosas van mal y nos impulsa cuando las cosas van bien; o el cuidado de la palabra que permite una comunicaci\u00f3n verdadera y transformadora\u201d.<\/p>\n<p>Valores que nos \u201cpermiten pensar en una sociedad m\u00e1s sana, m\u00e1s justa, m\u00e1s responsable\u201d y que han inspirado la creaci\u00f3n del Premio \u00a1Bravo!, que ya ha alcanzado la 54\u00ba edici\u00f3n. Un galard\u00f3n, como explica una\u00a0<a href=\"https:\/\/www.conferenciaepiscopal.es\/galardonados-de-los-premios-bravo-2023\/\" target=\"_blank\" rel=\"external nofollow noopener\">nota de la CEE<\/a>\u00a0con el cual \u201cse reconoce por parte de la Iglesia, la labor meritoria de todos aquellos profesionales de la comunicaci\u00f3n en los diversos medios, que se hayan distinguido por el servicio a la dignidad del hombre, los derechos humanos y los valores evang\u00e9licos\u201d.<\/p>\n<h3>Los premiados<\/h3>\n<p>En primer lugar, en la categor\u00eda especial de los Premios \u00a1Bravo!, la galardonada fue la Real Academia Espa\u00f1ola (RAE) que, desde su fundaci\u00f3n hace 310 a\u00f1os, tiene como prop\u00f3sito trabajar al servicio del idioma espa\u00f1ol y se ha dedicado a preservar \u2014mediante actividades, obras y publicaciones\u2014 el buen uso y la unidad de una lengua en permanente evoluci\u00f3n y expansi\u00f3n. Fue precisamente, el secretario general de la RAE, Pedro Garc\u00eda Barreno, quien, al concluir la premiaci\u00f3n, dirigi\u00f3 unas palabras de agradecimiento en nombre de todos los premiados.<\/p>\n<p>Por categor\u00edas, el Premio \u00a1Bravo! de Prensa fue a Ana Iris Sim\u00f3n por sus art\u00edculos en prensa y sus intervenciones p\u00fablicas que hacen visible un modo de vida y una concepci\u00f3n de la sociedad basada en valores imprescindibles, el de Radio a la cobertura de la JMJ Lisboa 2023 realizada por \u00c1bside Media y sus canales Cope, TRECE y cope.es; el de Televisi\u00f3n a Pedro Piqueras, quien ha protagonizado una extensa carrera en el mundo de los informativos en televisi\u00f3n; el de Comunicaci\u00f3n digital a Israel Remui\u00f1\u00e1n, por el podcast \u201cBenedicto XVI, el papa de la tormenta\u201d; el Comunicaci\u00f3n institucional a Manuel Garrido, por su intensa trayectoria; el de Cine al director de Santos Blanco, por su documental \u201cLibres sobre la vida contemplativa\u201d, el de M\u00fasica a la Orquesta de La M\u00fasica del Reciclaje, el de Publicidad a la campa\u00f1a de la ACdP #QueNoTeLaCuelen en favor de la familia y la maternidad y el de Comunicaci\u00f3n diocesana a Juan Jos\u00e9 Montes, delegado de la di\u00f3cesis de M\u00e9rida-Badajoz, ejemplo de profesional sol\u00edcito, cuidadoso con las personas y atento con los medios de comunicaci\u00f3n.<\/p>\n<p><iframe loading=\"lazy\" title=\"Entrega de los Premios \u00a1Bravo! 2023\" width=\"500\" height=\"281\" src=\"https:\/\/www.youtube.com\/embed\/fCqfPYfIcYo?feature=oembed\" frameborder=\"0\" allow=\"accelerometer; autoplay; clipboard-write; encrypted-media; gyroscope; picture-in-picture; web-share\" referrerpolicy=\"strict-origin-when-cross-origin\" allowfullscreen><\/iframe><\/p>\n<\/div>\n<\/div>\n","protected":false},"excerpt":{"rendered":"<p>La Conferencia episcopal espa\u00f1ola otorga el prestigioso premio a profesionales de la comunicaci\u00f3n que en las diversas categor\u00edas se han distinguido por su calidad en valores y talentos<\/p>\n","protected":false},"author":15,"featured_media":93359,"comment_status":"closed","ping_status":"closed","sticky":false,"template":"","format":"standard","meta":{"_acf_changed":false,"_crdt_document":"","inline_featured_image":false,"footnotes":""},"categories":[74],"tags":[12570,1008,440,7767,3155,4953],"class_list":["post-93355","post","type-post","status-publish","format-standard","has-post-thumbnail","hentry","category-iglesia-y-mundo","tag-bravo","tag-espana","tag-iglesia","tag-medios-de-comunicacion","tag-premio","tag-trending-es"],"acf":[],"yoast_head":"<!-- This site is optimized with the Yoast SEO plugin v27.4 - https:\/\/yoast.com\/product\/yoast-seo-wordpress\/ -->\n<title>Premios \u00a1Bravo!: La verdad es imprescindible en una sociedad libre &#8211; Exaudi<\/title>\n<meta name=\"robots\" content=\"index, follow, max-snippet:-1, max-image-preview:large, max-video-preview:-1\" \/>\n<link rel=\"canonical\" href=\"https:\/\/exaudi.org\/es\/espana-premios-bravo-la-verdad-es-imprescindible-en-una-sociedad-libre\/\" \/>\n<meta property=\"og:locale\" content=\"es_ES\" \/>\n<meta property=\"og:type\" content=\"article\" \/>\n<meta property=\"og:title\" content=\"Premios \u00a1Bravo!: La verdad es imprescindible en una sociedad libre &#8211; Exaudi\" \/>\n<meta property=\"og:description\" content=\"La Conferencia episcopal espa\u00f1ola otorga el prestigioso premio a profesionales de la comunicaci\u00f3n que en las diversas categor\u00edas se han distinguido por su calidad en valores y talentos\" \/>\n<meta property=\"og:url\" content=\"https:\/\/exaudi.org\/es\/espana-premios-bravo-la-verdad-es-imprescindible-en-una-sociedad-libre\/\" \/>\n<meta property=\"og:site_name\" content=\"Exaudi\" \/>\n<meta property=\"article:publisher\" content=\"https:\/\/www.facebook.com\/ExaudiNews\" \/>\n<meta property=\"article:author\" content=\"https:\/\/www.facebook.com\/ExaudiNoticias\/\" \/>\n<meta property=\"article:published_time\" content=\"2024-01-30T07:55:56+00:00\" \/>\n<meta property=\"article:modified_time\" content=\"2024-01-30T08:28:35+00:00\" \/>\n<meta property=\"og:image\" content=\"https:\/\/exaudi.org\/wp-content\/uploads\/2024\/01\/cq5dam.thumbnail.cropped.750.422-2-4.jpeg\" \/>\n\t<meta property=\"og:image:width\" content=\"750\" \/>\n\t<meta property=\"og:image:height\" content=\"422\" \/>\n\t<meta property=\"og:image:type\" content=\"image\/jpeg\" \/>\n<meta name=\"author\" content=\"Exaudi Redacci\u00f3n\" \/>\n<meta name=\"twitter:card\" content=\"summary_large_image\" \/>\n<meta name=\"twitter:creator\" content=\"@Exaudi_noticias\" \/>\n<meta name=\"twitter:site\" content=\"@Exaudi_News\" \/>\n<meta name=\"twitter:label1\" content=\"Escrito por\" \/>\n\t<meta name=\"twitter:data1\" content=\"Exaudi Redacci\u00f3n\" \/>\n\t<meta name=\"twitter:label2\" content=\"Tiempo de lectura\" \/>\n\t<meta name=\"twitter:data2\" content=\"3 minutos\" \/>\n<script type=\"application\/ld+json\" class=\"yoast-schema-graph\">{\"@context\":\"https:\\\/\\\/schema.org\",\"@graph\":[{\"@type\":\"Article\",\"@id\":\"https:\\\/\\\/exaudi.org\\\/es\\\/espana-premios-bravo-la-verdad-es-imprescindible-en-una-sociedad-libre\\\/#article\",\"isPartOf\":{\"@id\":\"https:\\\/\\\/exaudi.org\\\/es\\\/espana-premios-bravo-la-verdad-es-imprescindible-en-una-sociedad-libre\\\/\"},\"author\":{\"name\":\"Exaudi Redacci\u00f3n\",\"@id\":\"https:\\\/\\\/exaudi.org\\\/#\\\/schema\\\/person\\\/f5fc8f063065e38742da7afe15f25df7\"},\"headline\":\"Premios \u00a1Bravo!: La verdad es imprescindible en una sociedad libre\",\"datePublished\":\"2024-01-30T07:55:56+00:00\",\"dateModified\":\"2024-01-30T08:28:35+00:00\",\"mainEntityOfPage\":{\"@id\":\"https:\\\/\\\/exaudi.org\\\/es\\\/espana-premios-bravo-la-verdad-es-imprescindible-en-una-sociedad-libre\\\/\"},\"wordCount\":680,\"image\":{\"@id\":\"https:\\\/\\\/exaudi.org\\\/es\\\/espana-premios-bravo-la-verdad-es-imprescindible-en-una-sociedad-libre\\\/#primaryimage\"},\"thumbnailUrl\":\"https:\\\/\\\/exaudi.org\\\/wp-content\\\/uploads\\\/2024\\\/01\\\/cq5dam.thumbnail.cropped.750.422-2-4.jpeg\",\"keywords\":[\"Bravo\",\"Espa\u00f1a\",\"Iglesia\",\"Medios de comunicaci\u00f3n\",\"Premio\",\"Trending\"],\"articleSection\":[\"Iglesia y Mundo\"],\"inLanguage\":\"es\"},{\"@type\":\"WebPage\",\"@id\":\"https:\\\/\\\/exaudi.org\\\/es\\\/espana-premios-bravo-la-verdad-es-imprescindible-en-una-sociedad-libre\\\/\",\"url\":\"https:\\\/\\\/exaudi.org\\\/es\\\/espana-premios-bravo-la-verdad-es-imprescindible-en-una-sociedad-libre\\\/\",\"name\":\"Premios \u00a1Bravo!: La verdad es imprescindible en una sociedad libre &#8211; Exaudi\",\"isPartOf\":{\"@id\":\"https:\\\/\\\/exaudi.org\\\/#website\"},\"primaryImageOfPage\":{\"@id\":\"https:\\\/\\\/exaudi.org\\\/es\\\/espana-premios-bravo-la-verdad-es-imprescindible-en-una-sociedad-libre\\\/#primaryimage\"},\"image\":{\"@id\":\"https:\\\/\\\/exaudi.org\\\/es\\\/espana-premios-bravo-la-verdad-es-imprescindible-en-una-sociedad-libre\\\/#primaryimage\"},\"thumbnailUrl\":\"https:\\\/\\\/exaudi.org\\\/wp-content\\\/uploads\\\/2024\\\/01\\\/cq5dam.thumbnail.cropped.750.422-2-4.jpeg\",\"datePublished\":\"2024-01-30T07:55:56+00:00\",\"dateModified\":\"2024-01-30T08:28:35+00:00\",\"author\":{\"@id\":\"https:\\\/\\\/exaudi.org\\\/#\\\/schema\\\/person\\\/f5fc8f063065e38742da7afe15f25df7\"},\"breadcrumb\":{\"@id\":\"https:\\\/\\\/exaudi.org\\\/es\\\/espana-premios-bravo-la-verdad-es-imprescindible-en-una-sociedad-libre\\\/#breadcrumb\"},\"inLanguage\":\"es\",\"potentialAction\":[{\"@type\":\"ReadAction\",\"target\":[\"https:\\\/\\\/exaudi.org\\\/es\\\/espana-premios-bravo-la-verdad-es-imprescindible-en-una-sociedad-libre\\\/\"]}]},{\"@type\":\"ImageObject\",\"inLanguage\":\"es\",\"@id\":\"https:\\\/\\\/exaudi.org\\\/es\\\/espana-premios-bravo-la-verdad-es-imprescindible-en-una-sociedad-libre\\\/#primaryimage\",\"url\":\"https:\\\/\\\/exaudi.org\\\/wp-content\\\/uploads\\\/2024\\\/01\\\/cq5dam.thumbnail.cropped.750.422-2-4.jpeg\",\"contentUrl\":\"https:\\\/\\\/exaudi.org\\\/wp-content\\\/uploads\\\/2024\\\/01\\\/cq5dam.thumbnail.cropped.750.422-2-4.jpeg\",\"width\":750,\"height\":422},{\"@type\":\"BreadcrumbList\",\"@id\":\"https:\\\/\\\/exaudi.org\\\/es\\\/espana-premios-bravo-la-verdad-es-imprescindible-en-una-sociedad-libre\\\/#breadcrumb\",\"itemListElement\":[{\"@type\":\"ListItem\",\"position\":1,\"name\":\"Portada\",\"item\":\"https:\\\/\\\/exaudi.org\\\/es\\\/\"},{\"@type\":\"ListItem\",\"position\":2,\"name\":\"Premios \u00a1Bravo!: La verdad es imprescindible en una sociedad libre\"}]},{\"@type\":\"WebSite\",\"@id\":\"https:\\\/\\\/exaudi.org\\\/#website\",\"url\":\"https:\\\/\\\/exaudi.org\\\/\",\"name\":\"Exaudi\",\"description\":\"News\",\"potentialAction\":[{\"@type\":\"SearchAction\",\"target\":{\"@type\":\"EntryPoint\",\"urlTemplate\":\"https:\\\/\\\/exaudi.org\\\/?s={search_term_string}\"},\"query-input\":{\"@type\":\"PropertyValueSpecification\",\"valueRequired\":true,\"valueName\":\"search_term_string\"}}],\"inLanguage\":\"es\"},{\"@type\":\"Person\",\"@id\":\"https:\\\/\\\/exaudi.org\\\/#\\\/schema\\\/person\\\/f5fc8f063065e38742da7afe15f25df7\",\"name\":\"Exaudi Redacci\u00f3n\",\"image\":{\"@type\":\"ImageObject\",\"inLanguage\":\"es\",\"@id\":\"https:\\\/\\\/secure.gravatar.com\\\/avatar\\\/fe0f6a059fb68d9b3e11bc5850dd4899b1c7492091a3cb6dd9b01b56ad828be2?s=96&d=mm&r=g\",\"url\":\"https:\\\/\\\/secure.gravatar.com\\\/avatar\\\/fe0f6a059fb68d9b3e11bc5850dd4899b1c7492091a3cb6dd9b01b56ad828be2?s=96&d=mm&r=g\",\"contentUrl\":\"https:\\\/\\\/secure.gravatar.com\\\/avatar\\\/fe0f6a059fb68d9b3e11bc5850dd4899b1c7492091a3cb6dd9b01b56ad828be2?s=96&d=mm&r=g\",\"caption\":\"Exaudi Redacci\u00f3n\"},\"description\":\"\u00bfQu\u00e9 es Exaudi News? Exaudi News es un medio de comunicaci\u00f3n cat\u00f3lico internacional que informa, forma y transforma, diariamente en espa\u00f1ol, ingl\u00e9s e italiano. A trav\u00e9s de noticias, art\u00edculos de an\u00e1lisis y transmisiones en directo de los eventos del Papa, Exaudi busca fortalecer la unidad de los cristianos y contribuir a la evangelizaci\u00f3n del mundo, siempre guiados por la doctrina social de la Iglesia. Trabajamos para acercar la verdad y los valores cristianos a cada rinc\u00f3n del planeta. \u00a1Ay\u00fadanos a transformar el mundo con Exaudi! En Exaudi creemos que la evangelizaci\u00f3n y la informaci\u00f3n de calidad pueden cambiar vidas. Para continuar con nuestra misi\u00f3n y expandir nuestro alcance, necesitamos tu ayuda. Adem\u00e1s, buscamos personas comprometidas que deseen unirse a nuestro equipo. Con tu apoyo, lograremos llegar a m\u00e1s personas, difundir el mensaje de Cristo y reforzar la unidad de los cristianos. \u00bfTe unes a nuestra misi\u00f3n? Para m\u00e1s informaci\u00f3n sobre c\u00f3mo colaborar, visita Exaudi.org\\\/es o cont\u00e1ctanos directamente: info@exaudi.org Exaudi: Informa, forma y transforma.\",\"sameAs\":[\"https:\\\/\\\/www.facebook.com\\\/ExaudiNoticias\\\/\",\"https:\\\/\\\/www.instagram.com\\\/exaudi_noticias\\\/\",\"https:\\\/\\\/x.com\\\/Exaudi_noticias\",\"https:\\\/\\\/www.youtube.com\\\/@exaudicatholicnews\"],\"url\":\"https:\\\/\\\/exaudi.org\\\/es\\\/author\\\/redaccionexaudi\\\/\"}]}<\/script>\n<!-- \/ Yoast SEO plugin. -->","yoast_head_json":{"title":"Premios \u00a1Bravo!: La verdad es imprescindible en una sociedad libre &#8211; Exaudi","robots":{"index":"index","follow":"follow","max-snippet":"max-snippet:-1","max-image-preview":"max-image-preview:large","max-video-preview":"max-video-preview:-1"},"canonical":"https:\/\/exaudi.org\/es\/espana-premios-bravo-la-verdad-es-imprescindible-en-una-sociedad-libre\/","og_locale":"es_ES","og_type":"article","og_title":"Premios \u00a1Bravo!: La verdad es imprescindible en una sociedad libre &#8211; Exaudi","og_description":"La Conferencia episcopal espa\u00f1ola otorga el prestigioso premio a profesionales de la comunicaci\u00f3n que en las diversas categor\u00edas se han distinguido por su calidad en valores y talentos","og_url":"https:\/\/exaudi.org\/es\/espana-premios-bravo-la-verdad-es-imprescindible-en-una-sociedad-libre\/","og_site_name":"Exaudi","article_publisher":"https:\/\/www.facebook.com\/ExaudiNews","article_author":"https:\/\/www.facebook.com\/ExaudiNoticias\/","article_published_time":"2024-01-30T07:55:56+00:00","article_modified_time":"2024-01-30T08:28:35+00:00","og_image":[{"width":750,"height":422,"url":"https:\/\/exaudi.org\/wp-content\/uploads\/2024\/01\/cq5dam.thumbnail.cropped.750.422-2-4.jpeg","type":"image\/jpeg"}],"author":"Exaudi Redacci\u00f3n","twitter_card":"summary_large_image","twitter_creator":"@Exaudi_noticias","twitter_site":"@Exaudi_News","twitter_misc":{"Escrito por":"Exaudi Redacci\u00f3n","Tiempo de lectura":"3 minutos"},"schema":{"@context":"https:\/\/schema.org","@graph":[{"@type":"Article","@id":"https:\/\/exaudi.org\/es\/espana-premios-bravo-la-verdad-es-imprescindible-en-una-sociedad-libre\/#article","isPartOf":{"@id":"https:\/\/exaudi.org\/es\/espana-premios-bravo-la-verdad-es-imprescindible-en-una-sociedad-libre\/"},"author":{"name":"Exaudi Redacci\u00f3n","@id":"https:\/\/exaudi.org\/#\/schema\/person\/f5fc8f063065e38742da7afe15f25df7"},"headline":"Premios \u00a1Bravo!: La verdad es imprescindible en una sociedad libre","datePublished":"2024-01-30T07:55:56+00:00","dateModified":"2024-01-30T08:28:35+00:00","mainEntityOfPage":{"@id":"https:\/\/exaudi.org\/es\/espana-premios-bravo-la-verdad-es-imprescindible-en-una-sociedad-libre\/"},"wordCount":680,"image":{"@id":"https:\/\/exaudi.org\/es\/espana-premios-bravo-la-verdad-es-imprescindible-en-una-sociedad-libre\/#primaryimage"},"thumbnailUrl":"https:\/\/exaudi.org\/wp-content\/uploads\/2024\/01\/cq5dam.thumbnail.cropped.750.422-2-4.jpeg","keywords":["Bravo","Espa\u00f1a","Iglesia","Medios de comunicaci\u00f3n","Premio","Trending"],"articleSection":["Iglesia y Mundo"],"inLanguage":"es"},{"@type":"WebPage","@id":"https:\/\/exaudi.org\/es\/espana-premios-bravo-la-verdad-es-imprescindible-en-una-sociedad-libre\/","url":"https:\/\/exaudi.org\/es\/espana-premios-bravo-la-verdad-es-imprescindible-en-una-sociedad-libre\/","name":"Premios \u00a1Bravo!: La verdad es imprescindible en una sociedad libre &#8211; Exaudi","isPartOf":{"@id":"https:\/\/exaudi.org\/#website"},"primaryImageOfPage":{"@id":"https:\/\/exaudi.org\/es\/espana-premios-bravo-la-verdad-es-imprescindible-en-una-sociedad-libre\/#primaryimage"},"image":{"@id":"https:\/\/exaudi.org\/es\/espana-premios-bravo-la-verdad-es-imprescindible-en-una-sociedad-libre\/#primaryimage"},"thumbnailUrl":"https:\/\/exaudi.org\/wp-content\/uploads\/2024\/01\/cq5dam.thumbnail.cropped.750.422-2-4.jpeg","datePublished":"2024-01-30T07:55:56+00:00","dateModified":"2024-01-30T08:28:35+00:00","author":{"@id":"https:\/\/exaudi.org\/#\/schema\/person\/f5fc8f063065e38742da7afe15f25df7"},"breadcrumb":{"@id":"https:\/\/exaudi.org\/es\/espana-premios-bravo-la-verdad-es-imprescindible-en-una-sociedad-libre\/#breadcrumb"},"inLanguage":"es","potentialAction":[{"@type":"ReadAction","target":["https:\/\/exaudi.org\/es\/espana-premios-bravo-la-verdad-es-imprescindible-en-una-sociedad-libre\/"]}]},{"@type":"ImageObject","inLanguage":"es","@id":"https:\/\/exaudi.org\/es\/espana-premios-bravo-la-verdad-es-imprescindible-en-una-sociedad-libre\/#primaryimage","url":"https:\/\/exaudi.org\/wp-content\/uploads\/2024\/01\/cq5dam.thumbnail.cropped.750.422-2-4.jpeg","contentUrl":"https:\/\/exaudi.org\/wp-content\/uploads\/2024\/01\/cq5dam.thumbnail.cropped.750.422-2-4.jpeg","width":750,"height":422},{"@type":"BreadcrumbList","@id":"https:\/\/exaudi.org\/es\/espana-premios-bravo-la-verdad-es-imprescindible-en-una-sociedad-libre\/#breadcrumb","itemListElement":[{"@type":"ListItem","position":1,"name":"Portada","item":"https:\/\/exaudi.org\/es\/"},{"@type":"ListItem","position":2,"name":"Premios \u00a1Bravo!: La verdad es imprescindible en una sociedad libre"}]},{"@type":"WebSite","@id":"https:\/\/exaudi.org\/#website","url":"https:\/\/exaudi.org\/","name":"Exaudi","description":"News","potentialAction":[{"@type":"SearchAction","target":{"@type":"EntryPoint","urlTemplate":"https:\/\/exaudi.org\/?s={search_term_string}"},"query-input":{"@type":"PropertyValueSpecification","valueRequired":true,"valueName":"search_term_string"}}],"inLanguage":"es"},{"@type":"Person","@id":"https:\/\/exaudi.org\/#\/schema\/person\/f5fc8f063065e38742da7afe15f25df7","name":"Exaudi Redacci\u00f3n","image":{"@type":"ImageObject","inLanguage":"es","@id":"https:\/\/secure.gravatar.com\/avatar\/fe0f6a059fb68d9b3e11bc5850dd4899b1c7492091a3cb6dd9b01b56ad828be2?s=96&d=mm&r=g","url":"https:\/\/secure.gravatar.com\/avatar\/fe0f6a059fb68d9b3e11bc5850dd4899b1c7492091a3cb6dd9b01b56ad828be2?s=96&d=mm&r=g","contentUrl":"https:\/\/secure.gravatar.com\/avatar\/fe0f6a059fb68d9b3e11bc5850dd4899b1c7492091a3cb6dd9b01b56ad828be2?s=96&d=mm&r=g","caption":"Exaudi Redacci\u00f3n"},"description":"\u00bfQu\u00e9 es Exaudi News? Exaudi News es un medio de comunicaci\u00f3n cat\u00f3lico internacional que informa, forma y transforma, diariamente en espa\u00f1ol, ingl\u00e9s e italiano. A trav\u00e9s de noticias, art\u00edculos de an\u00e1lisis y transmisiones en directo de los eventos del Papa, Exaudi busca fortalecer la unidad de los cristianos y contribuir a la evangelizaci\u00f3n del mundo, siempre guiados por la doctrina social de la Iglesia. Trabajamos para acercar la verdad y los valores cristianos a cada rinc\u00f3n del planeta. \u00a1Ay\u00fadanos a transformar el mundo con Exaudi! En Exaudi creemos que la evangelizaci\u00f3n y la informaci\u00f3n de calidad pueden cambiar vidas. Para continuar con nuestra misi\u00f3n y expandir nuestro alcance, necesitamos tu ayuda. Adem\u00e1s, buscamos personas comprometidas que deseen unirse a nuestro equipo. Con tu apoyo, lograremos llegar a m\u00e1s personas, difundir el mensaje de Cristo y reforzar la unidad de los cristianos. \u00bfTe unes a nuestra misi\u00f3n? Para m\u00e1s informaci\u00f3n sobre c\u00f3mo colaborar, visita Exaudi.org\/es o cont\u00e1ctanos directamente: info@exaudi.org Exaudi: Informa, forma y transforma.","sameAs":["https:\/\/www.facebook.com\/ExaudiNoticias\/","https:\/\/www.instagram.com\/exaudi_noticias\/","https:\/\/x.com\/Exaudi_noticias","https:\/\/www.youtube.com\/@exaudicatholicnews"],"url":"https:\/\/exaudi.org\/es\/author\/redaccionexaudi\/"}]}},"jetpack_featured_media_url":"https:\/\/exaudi.org\/wp-content\/uploads\/2024\/01\/cq5dam.thumbnail.cropped.750.422-2-4.jpeg","jetpack_shortlink":"https:\/\/wp.me\/pgKjF2-ohJ","_links":{"self":[{"href":"https:\/\/exaudi.org\/es\/wp-json\/wp\/v2\/posts\/93355","targetHints":{"allow":["GET"]}}],"collection":[{"href":"https:\/\/exaudi.org\/es\/wp-json\/wp\/v2\/posts"}],"about":[{"href":"https:\/\/exaudi.org\/es\/wp-json\/wp\/v2\/types\/post"}],"author":[{"embeddable":true,"href":"https:\/\/exaudi.org\/es\/wp-json\/wp\/v2\/users\/15"}],"replies":[{"embeddable":true,"href":"https:\/\/exaudi.org\/es\/wp-json\/wp\/v2\/comments?post=93355"}],"version-history":[{"count":0,"href":"https:\/\/exaudi.org\/es\/wp-json\/wp\/v2\/posts\/93355\/revisions"}],"wp:featuredmedia":[{"embeddable":true,"href":"https:\/\/exaudi.org\/es\/wp-json\/wp\/v2\/media\/93359"}],"wp:attachment":[{"href":"https:\/\/exaudi.org\/es\/wp-json\/wp\/v2\/media?parent=93355"}],"wp:term":[{"taxonomy":"category","embeddable":true,"href":"https:\/\/exaudi.org\/es\/wp-json\/wp\/v2\/categories?post=93355"},{"taxonomy":"post_tag","embeddable":true,"href":"https:\/\/exaudi.org\/es\/wp-json\/wp\/v2\/tags?post=93355"}],"curies":[{"name":"wp","href":"https:\/\/api.w.org\/{rel}","templated":true}]}}