{"id":93336,"date":"2024-01-30T09:00:38","date_gmt":"2024-01-30T08:00:38","guid":{"rendered":"https:\/\/exaudi.org\/?p=93336"},"modified":"2024-01-30T09:51:05","modified_gmt":"2024-01-30T08:51:05","slug":"el-trabajo-profesional-y-la-creacion-de-valor","status":"publish","type":"post","link":"https:\/\/exaudi.org\/es\/el-trabajo-profesional-y-la-creacion-de-valor\/","title":{"rendered":"El trabajo profesional y la creaci\u00f3n de valor"},"content":{"rendered":"<audio class=\"wp-audio-shortcode\" id=\"audio-93336-1\" preload=\"none\" style=\"width: 100%;\" controls=\"controls\"><source type=\"audio\/mpeg\" src=\"https:\/\/exaudi.org\/wp-content\/uploads\/2024\/01\/Trabajo-bien-hecho.mp3?_=1\" \/><a href=\"https:\/\/exaudi.org\/wp-content\/uploads\/2024\/01\/Trabajo-bien-hecho.mp3\">https:\/\/exaudi.org\/wp-content\/uploads\/2024\/01\/Trabajo-bien-hecho.mp3<\/a><\/audio>\n<p>La actividad profesional -las tareas con las que cada uno se gana la vida y obtiene tambi\u00e9n los recursos para su familia- es una actividad que suele abarcar muchas horas de la jornada diaria. En el contexto laboral, se habla de 8 horas de dedicaci\u00f3n por d\u00eda, que en ocasiones se incrementa seg\u00fan la dedicaci\u00f3n que cada uno desee darle o las exigencias del contexto.<\/p>\n<p>Esta actividad diaria y demandante de tiempo se enmarca en muchas ocasiones dentro de un esquema contractual: se recibe una compensaci\u00f3n econ\u00f3mica por una dedicaci\u00f3n de tiempo o por unas tareas espec\u00edficas que deben cumplirse. Este hecho genera que la actividad laboral se reduzca a una relaci\u00f3n contractual, y se gestione, por tanto, bajo esta perspectiva. Ahora mismo, por ejemplo, algunos pol\u00edticos discuten la conveniencia de elevar la remuneraci\u00f3n m\u00ednima vital.<\/p>\n<p>Pero el exceso de atenci\u00f3n a esta dimensi\u00f3n contractual del trabajo lleva a un reduccionismo de una actividad que tiene mucho m\u00e1s implicancias que ser un objeto de contraprestaci\u00f3n. Por ejemplo, se deja de mirar que el trabajo es una realidad fundamental para la sobrevivencia de la especie humana. Dentro de los seres naturales, el hombre no est\u00e1 habilitado de capacidades f\u00edsicas que le permitan asegurarse la supervivencia; y por tanto, si solo contara con ellas, quedar\u00eda a merced de los otros seres y de la propia naturaleza. Pero en cambio, est\u00e1 dotado de unas capacidades superiores y de unas manos con las que puede construir herramientas que le permiten suplir dichas deficiencias f\u00edsicas, e incluso, escapar de lo meramente natural: todos los seres naturales deben adaptarse al ambiente para sobrevivir; el hombre, en cambio, adapta el ambiente a su naturaleza, y sobrevive.<\/p>\n<p>Esta adaptaci\u00f3n de la naturaleza se realiza a trav\u00e9s del trabajo. El trabajo, por tanto, adquiere un rol esencial en la supervivencia de la humanidad; al punto que si en este momento los hombres dejaran de trabajar, la especie humana correr\u00eda peligro de extinci\u00f3n. Piense, por ejemplo, en las personas que ahora mismo est\u00e1n trabajando en las centrales de energ\u00eda del hemisferio norte. Si ellos abandonaran sus puestos, gran parte de la poblaci\u00f3n de ese hemisferio no sobrevivir\u00eda las condiciones naturales de fr\u00edo.<\/p>\n<p>Con relaci\u00f3n a esto, surge tambi\u00e9n una cuesti\u00f3n importante, que no tratar\u00e9 ahora, pero que la dejo expuesta. Existe una correspondencia estrecha entre las condiciones de la naturaleza y esta capacidad de trabajar del hombre. Si la naturaleza fuese ca\u00f3tica, no tendr\u00eda ning\u00fan sentido la capacidad de razonar, de entender la realidad y de generar herramientas del hombre. Hay algo all\u00ed que merece una atenci\u00f3n detenida.<\/p>\n<p>Podemos ir cerrando esta reflexi\u00f3n considerando que el trabajo humano -cualquiera que fuese- es una actividad que crea valor. Parte de ese valor es correspondido por la contraprestaci\u00f3n econ\u00f3mica que uno recibe por su trabajo; pero como me lo hac\u00eda ver un amigo arquitecto: uno nunca entrega todo el valor que se genera cuando se trabaja bien.<\/p>\n<p>Cuando se trabaja bien, el valor generado es muy alto. Parte de ese valor se entrega al consumidor, pero una gran parte -la mayor\u00eda- queda en uno mismo. Por eso, quien trabaja bien cada vez es m\u00e1s valioso. De un lado, en uno queda la metodolog\u00eda, la organizaci\u00f3n de las actividades, los conceptos claros, los nuevos conocimientos, los contactos con otros expertos, un mayor dominio del entorno, la capacidad de explicar cuestiones complejas; y de otro -y ojal\u00e1 siempre sea as\u00ed- el esp\u00edritu de servicio, el no temer que aparezcan situaciones complejas, el inter\u00e9s por resolver los problemas de los clientes, la \u00e9tica.<\/p>\n<p>Sin duda, la necesidad de trabajar bien, de cimentar los conocimientos es imprescindible para los profesionales independientes. En nuestro pa\u00eds, hay m\u00e9dicos que tienen listas de pacientes que llegan hasta medio a\u00f1o. Si esto se da es, porque muchos m\u00e9dicos no han estudiado ni han trabajado con esta mentalidad de que gran parte del valor que genera un buen trabajo se queda en uno mismo. De igual forma, tampoco es positivo que uno reciba una contraprestaci\u00f3n econ\u00f3mica que sea desproporcionada a la actividad desarrollada. Si esto sucede, el trabajo no es una fuente de valor para uno, sino uno d\u00e1diva que otro entrega; y en lugar de crecer, uno involuciona: las capacidades que no se desarrollan se deterioran.<\/p>\n<p>Por tanto, una conclusi\u00f3n sencilla y simple: trabajar bien; cada vez mejor. No importa si la contraprestaci\u00f3n econ\u00f3mica actual es la que corresponde al esfuerzo y valor generado; el mayor valor de un trabajo bien hecho siempre queda en uno; y tarde o temprano, ser\u00e1 reconocido tambi\u00e9n econ\u00f3micamente\u2026<\/p>\n<p><a href=\"https:\/\/open.spotify.com\/episode\/13kQgXN9t6ZE4H8DIQC8ux?si=cfa169efa3334f7c\" target=\"_blank\" rel=\"noopener\"><strong>Spotify<\/strong><\/a><\/p>\n","protected":false},"excerpt":{"rendered":"<p>Trabajar bien; cada vez mejor. El mayor valor de un trabajo bien hecho siempre queda en uno<\/p>\n","protected":false},"author":57,"featured_media":93337,"comment_status":"closed","ping_status":"closed","sticky":false,"template":"","format":"standard","meta":{"_acf_changed":false,"_crdt_document":"","inline_featured_image":false,"footnotes":""},"categories":[130],"tags":[12566,12567,12568,12569,2008,4953],"class_list":["post-93336","post","type-post","status-publish","format-standard","has-post-thumbnail","hentry","category-voces","tag-bien-hecho","tag-mejora","tag-personal","tag-profesional","tag-trabajo","tag-trending-es"],"acf":[],"yoast_head":"<!-- This site is optimized with the Yoast SEO plugin v27.5 - https:\/\/yoast.com\/product\/yoast-seo-wordpress\/ -->\n<title>El trabajo profesional y la creaci\u00f3n de valor &#8211; Exaudi<\/title>\n<meta name=\"robots\" content=\"index, follow, max-snippet:-1, max-image-preview:large, max-video-preview:-1\" \/>\n<link rel=\"canonical\" href=\"https:\/\/exaudi.org\/es\/el-trabajo-profesional-y-la-creacion-de-valor\/\" \/>\n<meta property=\"og:locale\" content=\"es_ES\" \/>\n<meta property=\"og:type\" content=\"article\" \/>\n<meta property=\"og:title\" content=\"El trabajo profesional y la creaci\u00f3n de valor &#8211; Exaudi\" \/>\n<meta property=\"og:description\" content=\"Trabajar bien; cada vez mejor. El mayor valor de un trabajo bien hecho siempre queda en uno\" \/>\n<meta property=\"og:url\" content=\"https:\/\/exaudi.org\/es\/el-trabajo-profesional-y-la-creacion-de-valor\/\" \/>\n<meta property=\"og:site_name\" content=\"Exaudi\" \/>\n<meta property=\"article:publisher\" content=\"https:\/\/www.facebook.com\/ExaudiNews\" \/>\n<meta property=\"article:published_time\" content=\"2024-01-30T08:00:38+00:00\" \/>\n<meta property=\"article:modified_time\" content=\"2024-01-30T08:51:05+00:00\" \/>\n<meta property=\"og:image\" content=\"https:\/\/exaudi.org\/wp-content\/uploads\/2024\/01\/pexels-andrea-piacquadio-3756679-scaled.jpg\" \/>\n\t<meta property=\"og:image:width\" content=\"2560\" \/>\n\t<meta property=\"og:image:height\" content=\"1707\" \/>\n\t<meta property=\"og:image:type\" content=\"image\/jpeg\" \/>\n<meta name=\"author\" content=\"Alejandro Fontana\" \/>\n<meta name=\"twitter:card\" content=\"summary_large_image\" \/>\n<meta name=\"twitter:creator\" content=\"@Exaudi_News\" \/>\n<meta name=\"twitter:site\" content=\"@Exaudi_News\" \/>\n<meta name=\"twitter:label1\" content=\"Escrito por\" \/>\n\t<meta name=\"twitter:data1\" content=\"Alejandro Fontana\" \/>\n\t<meta name=\"twitter:label2\" content=\"Tiempo de lectura\" \/>\n\t<meta name=\"twitter:data2\" content=\"4 minutos\" \/>\n<script type=\"application\/ld+json\" class=\"yoast-schema-graph\">{\"@context\":\"https:\\\/\\\/schema.org\",\"@graph\":[{\"@type\":\"Article\",\"@id\":\"https:\\\/\\\/exaudi.org\\\/es\\\/el-trabajo-profesional-y-la-creacion-de-valor\\\/#article\",\"isPartOf\":{\"@id\":\"https:\\\/\\\/exaudi.org\\\/es\\\/el-trabajo-profesional-y-la-creacion-de-valor\\\/\"},\"author\":{\"name\":\"Alejandro Fontana\",\"@id\":\"https:\\\/\\\/exaudi.org\\\/#\\\/schema\\\/person\\\/036aa1cfc8cb49829af5d777f3965ad7\"},\"headline\":\"El trabajo profesional y la creaci\u00f3n de valor\",\"datePublished\":\"2024-01-30T08:00:38+00:00\",\"dateModified\":\"2024-01-30T08:51:05+00:00\",\"mainEntityOfPage\":{\"@id\":\"https:\\\/\\\/exaudi.org\\\/es\\\/el-trabajo-profesional-y-la-creacion-de-valor\\\/\"},\"wordCount\":832,\"image\":{\"@id\":\"https:\\\/\\\/exaudi.org\\\/es\\\/el-trabajo-profesional-y-la-creacion-de-valor\\\/#primaryimage\"},\"thumbnailUrl\":\"https:\\\/\\\/exaudi.org\\\/wp-content\\\/uploads\\\/2024\\\/01\\\/pexels-andrea-piacquadio-3756679-scaled.jpg\",\"keywords\":[\"Bien hecho\",\"Mejora\",\"Personal\",\"Profesional\",\"Trabajo\",\"Trending\"],\"articleSection\":[\"Voces\"],\"inLanguage\":\"es\"},{\"@type\":\"WebPage\",\"@id\":\"https:\\\/\\\/exaudi.org\\\/es\\\/el-trabajo-profesional-y-la-creacion-de-valor\\\/\",\"url\":\"https:\\\/\\\/exaudi.org\\\/es\\\/el-trabajo-profesional-y-la-creacion-de-valor\\\/\",\"name\":\"El trabajo profesional y la creaci\u00f3n de valor &#8211; Exaudi\",\"isPartOf\":{\"@id\":\"https:\\\/\\\/exaudi.org\\\/#website\"},\"primaryImageOfPage\":{\"@id\":\"https:\\\/\\\/exaudi.org\\\/es\\\/el-trabajo-profesional-y-la-creacion-de-valor\\\/#primaryimage\"},\"image\":{\"@id\":\"https:\\\/\\\/exaudi.org\\\/es\\\/el-trabajo-profesional-y-la-creacion-de-valor\\\/#primaryimage\"},\"thumbnailUrl\":\"https:\\\/\\\/exaudi.org\\\/wp-content\\\/uploads\\\/2024\\\/01\\\/pexels-andrea-piacquadio-3756679-scaled.jpg\",\"datePublished\":\"2024-01-30T08:00:38+00:00\",\"dateModified\":\"2024-01-30T08:51:05+00:00\",\"author\":{\"@id\":\"https:\\\/\\\/exaudi.org\\\/#\\\/schema\\\/person\\\/036aa1cfc8cb49829af5d777f3965ad7\"},\"breadcrumb\":{\"@id\":\"https:\\\/\\\/exaudi.org\\\/es\\\/el-trabajo-profesional-y-la-creacion-de-valor\\\/#breadcrumb\"},\"inLanguage\":\"es\",\"potentialAction\":[{\"@type\":\"ReadAction\",\"target\":[\"https:\\\/\\\/exaudi.org\\\/es\\\/el-trabajo-profesional-y-la-creacion-de-valor\\\/\"]}]},{\"@type\":\"ImageObject\",\"inLanguage\":\"es\",\"@id\":\"https:\\\/\\\/exaudi.org\\\/es\\\/el-trabajo-profesional-y-la-creacion-de-valor\\\/#primaryimage\",\"url\":\"https:\\\/\\\/exaudi.org\\\/wp-content\\\/uploads\\\/2024\\\/01\\\/pexels-andrea-piacquadio-3756679-scaled.jpg\",\"contentUrl\":\"https:\\\/\\\/exaudi.org\\\/wp-content\\\/uploads\\\/2024\\\/01\\\/pexels-andrea-piacquadio-3756679-scaled.jpg\",\"width\":2560,\"height\":1707},{\"@type\":\"BreadcrumbList\",\"@id\":\"https:\\\/\\\/exaudi.org\\\/es\\\/el-trabajo-profesional-y-la-creacion-de-valor\\\/#breadcrumb\",\"itemListElement\":[{\"@type\":\"ListItem\",\"position\":1,\"name\":\"Portada\",\"item\":\"https:\\\/\\\/exaudi.org\\\/es\\\/\"},{\"@type\":\"ListItem\",\"position\":2,\"name\":\"El trabajo profesional y la creaci\u00f3n de valor\"}]},{\"@type\":\"WebSite\",\"@id\":\"https:\\\/\\\/exaudi.org\\\/#website\",\"url\":\"https:\\\/\\\/exaudi.org\\\/\",\"name\":\"Exaudi\",\"description\":\"News\",\"potentialAction\":[{\"@type\":\"SearchAction\",\"target\":{\"@type\":\"EntryPoint\",\"urlTemplate\":\"https:\\\/\\\/exaudi.org\\\/?s={search_term_string}\"},\"query-input\":{\"@type\":\"PropertyValueSpecification\",\"valueRequired\":true,\"valueName\":\"search_term_string\"}}],\"inLanguage\":\"es\"},{\"@type\":\"Person\",\"@id\":\"https:\\\/\\\/exaudi.org\\\/#\\\/schema\\\/person\\\/036aa1cfc8cb49829af5d777f3965ad7\",\"name\":\"Alejandro Fontana\",\"image\":{\"@type\":\"ImageObject\",\"inLanguage\":\"es\",\"@id\":\"https:\\\/\\\/secure.gravatar.com\\\/avatar\\\/288eb00d08e23df21f6e88a59ea2dd3df4566ed7b431ac0bcf3fbf94354fa324?s=96&d=mm&r=g\",\"url\":\"https:\\\/\\\/secure.gravatar.com\\\/avatar\\\/288eb00d08e23df21f6e88a59ea2dd3df4566ed7b431ac0bcf3fbf94354fa324?s=96&d=mm&r=g\",\"contentUrl\":\"https:\\\/\\\/secure.gravatar.com\\\/avatar\\\/288eb00d08e23df21f6e88a59ea2dd3df4566ed7b431ac0bcf3fbf94354fa324?s=96&d=mm&r=g\",\"caption\":\"Alejandro Fontana\"},\"description\":\"Profesor de Direcci\u00f3n General y Control Directivo. Consultor en Direcci\u00f3n General para empresas y organizaciones c\u00edvicas. Doctorado en Planificaci\u00f3n y Desarrollo; M\u00e1ster en Organizaciones y Comportamiento Humano; M.B.A. y M.E. en Ingenier\u00eda Civil. Miembro del grupo de investigaci\u00f3n GESPLAN de la Universidad Polit\u00e9cnica de Madrid. \u00c1reas de inter\u00e9s: cooperaci\u00f3n horizontal; relaci\u00f3n empresa-sociedad civil; negocios internacionales y an\u00e1lisis de estrategias empresariales.\",\"url\":\"https:\\\/\\\/exaudi.org\\\/es\\\/author\\\/alejandrofontana\\\/\"}]}<\/script>\n<!-- \/ Yoast SEO plugin. -->","yoast_head_json":{"title":"El trabajo profesional y la creaci\u00f3n de valor &#8211; Exaudi","robots":{"index":"index","follow":"follow","max-snippet":"max-snippet:-1","max-image-preview":"max-image-preview:large","max-video-preview":"max-video-preview:-1"},"canonical":"https:\/\/exaudi.org\/es\/el-trabajo-profesional-y-la-creacion-de-valor\/","og_locale":"es_ES","og_type":"article","og_title":"El trabajo profesional y la creaci\u00f3n de valor &#8211; Exaudi","og_description":"Trabajar bien; cada vez mejor. El mayor valor de un trabajo bien hecho siempre queda en uno","og_url":"https:\/\/exaudi.org\/es\/el-trabajo-profesional-y-la-creacion-de-valor\/","og_site_name":"Exaudi","article_publisher":"https:\/\/www.facebook.com\/ExaudiNews","article_published_time":"2024-01-30T08:00:38+00:00","article_modified_time":"2024-01-30T08:51:05+00:00","og_image":[{"width":2560,"height":1707,"url":"https:\/\/exaudi.org\/wp-content\/uploads\/2024\/01\/pexels-andrea-piacquadio-3756679-scaled.jpg","type":"image\/jpeg"}],"author":"Alejandro Fontana","twitter_card":"summary_large_image","twitter_creator":"@Exaudi_News","twitter_site":"@Exaudi_News","twitter_misc":{"Escrito por":"Alejandro Fontana","Tiempo de lectura":"4 minutos"},"schema":{"@context":"https:\/\/schema.org","@graph":[{"@type":"Article","@id":"https:\/\/exaudi.org\/es\/el-trabajo-profesional-y-la-creacion-de-valor\/#article","isPartOf":{"@id":"https:\/\/exaudi.org\/es\/el-trabajo-profesional-y-la-creacion-de-valor\/"},"author":{"name":"Alejandro Fontana","@id":"https:\/\/exaudi.org\/#\/schema\/person\/036aa1cfc8cb49829af5d777f3965ad7"},"headline":"El trabajo profesional y la creaci\u00f3n de valor","datePublished":"2024-01-30T08:00:38+00:00","dateModified":"2024-01-30T08:51:05+00:00","mainEntityOfPage":{"@id":"https:\/\/exaudi.org\/es\/el-trabajo-profesional-y-la-creacion-de-valor\/"},"wordCount":832,"image":{"@id":"https:\/\/exaudi.org\/es\/el-trabajo-profesional-y-la-creacion-de-valor\/#primaryimage"},"thumbnailUrl":"https:\/\/exaudi.org\/wp-content\/uploads\/2024\/01\/pexels-andrea-piacquadio-3756679-scaled.jpg","keywords":["Bien hecho","Mejora","Personal","Profesional","Trabajo","Trending"],"articleSection":["Voces"],"inLanguage":"es"},{"@type":"WebPage","@id":"https:\/\/exaudi.org\/es\/el-trabajo-profesional-y-la-creacion-de-valor\/","url":"https:\/\/exaudi.org\/es\/el-trabajo-profesional-y-la-creacion-de-valor\/","name":"El trabajo profesional y la creaci\u00f3n de valor &#8211; Exaudi","isPartOf":{"@id":"https:\/\/exaudi.org\/#website"},"primaryImageOfPage":{"@id":"https:\/\/exaudi.org\/es\/el-trabajo-profesional-y-la-creacion-de-valor\/#primaryimage"},"image":{"@id":"https:\/\/exaudi.org\/es\/el-trabajo-profesional-y-la-creacion-de-valor\/#primaryimage"},"thumbnailUrl":"https:\/\/exaudi.org\/wp-content\/uploads\/2024\/01\/pexels-andrea-piacquadio-3756679-scaled.jpg","datePublished":"2024-01-30T08:00:38+00:00","dateModified":"2024-01-30T08:51:05+00:00","author":{"@id":"https:\/\/exaudi.org\/#\/schema\/person\/036aa1cfc8cb49829af5d777f3965ad7"},"breadcrumb":{"@id":"https:\/\/exaudi.org\/es\/el-trabajo-profesional-y-la-creacion-de-valor\/#breadcrumb"},"inLanguage":"es","potentialAction":[{"@type":"ReadAction","target":["https:\/\/exaudi.org\/es\/el-trabajo-profesional-y-la-creacion-de-valor\/"]}]},{"@type":"ImageObject","inLanguage":"es","@id":"https:\/\/exaudi.org\/es\/el-trabajo-profesional-y-la-creacion-de-valor\/#primaryimage","url":"https:\/\/exaudi.org\/wp-content\/uploads\/2024\/01\/pexels-andrea-piacquadio-3756679-scaled.jpg","contentUrl":"https:\/\/exaudi.org\/wp-content\/uploads\/2024\/01\/pexels-andrea-piacquadio-3756679-scaled.jpg","width":2560,"height":1707},{"@type":"BreadcrumbList","@id":"https:\/\/exaudi.org\/es\/el-trabajo-profesional-y-la-creacion-de-valor\/#breadcrumb","itemListElement":[{"@type":"ListItem","position":1,"name":"Portada","item":"https:\/\/exaudi.org\/es\/"},{"@type":"ListItem","position":2,"name":"El trabajo profesional y la creaci\u00f3n de valor"}]},{"@type":"WebSite","@id":"https:\/\/exaudi.org\/#website","url":"https:\/\/exaudi.org\/","name":"Exaudi","description":"News","potentialAction":[{"@type":"SearchAction","target":{"@type":"EntryPoint","urlTemplate":"https:\/\/exaudi.org\/?s={search_term_string}"},"query-input":{"@type":"PropertyValueSpecification","valueRequired":true,"valueName":"search_term_string"}}],"inLanguage":"es"},{"@type":"Person","@id":"https:\/\/exaudi.org\/#\/schema\/person\/036aa1cfc8cb49829af5d777f3965ad7","name":"Alejandro Fontana","image":{"@type":"ImageObject","inLanguage":"es","@id":"https:\/\/secure.gravatar.com\/avatar\/288eb00d08e23df21f6e88a59ea2dd3df4566ed7b431ac0bcf3fbf94354fa324?s=96&d=mm&r=g","url":"https:\/\/secure.gravatar.com\/avatar\/288eb00d08e23df21f6e88a59ea2dd3df4566ed7b431ac0bcf3fbf94354fa324?s=96&d=mm&r=g","contentUrl":"https:\/\/secure.gravatar.com\/avatar\/288eb00d08e23df21f6e88a59ea2dd3df4566ed7b431ac0bcf3fbf94354fa324?s=96&d=mm&r=g","caption":"Alejandro Fontana"},"description":"Profesor de Direcci\u00f3n General y Control Directivo. Consultor en Direcci\u00f3n General para empresas y organizaciones c\u00edvicas. Doctorado en Planificaci\u00f3n y Desarrollo; M\u00e1ster en Organizaciones y Comportamiento Humano; M.B.A. y M.E. en Ingenier\u00eda Civil. Miembro del grupo de investigaci\u00f3n GESPLAN de la Universidad Polit\u00e9cnica de Madrid. \u00c1reas de inter\u00e9s: cooperaci\u00f3n horizontal; relaci\u00f3n empresa-sociedad civil; negocios internacionales y an\u00e1lisis de estrategias empresariales.","url":"https:\/\/exaudi.org\/es\/author\/alejandrofontana\/"}]}},"jetpack_featured_media_url":"https:\/\/exaudi.org\/wp-content\/uploads\/2024\/01\/pexels-andrea-piacquadio-3756679-scaled.jpg","jetpack_shortlink":"https:\/\/wp.me\/pgKjF2-ohq","_links":{"self":[{"href":"https:\/\/exaudi.org\/es\/wp-json\/wp\/v2\/posts\/93336","targetHints":{"allow":["GET"]}}],"collection":[{"href":"https:\/\/exaudi.org\/es\/wp-json\/wp\/v2\/posts"}],"about":[{"href":"https:\/\/exaudi.org\/es\/wp-json\/wp\/v2\/types\/post"}],"author":[{"embeddable":true,"href":"https:\/\/exaudi.org\/es\/wp-json\/wp\/v2\/users\/57"}],"replies":[{"embeddable":true,"href":"https:\/\/exaudi.org\/es\/wp-json\/wp\/v2\/comments?post=93336"}],"version-history":[{"count":0,"href":"https:\/\/exaudi.org\/es\/wp-json\/wp\/v2\/posts\/93336\/revisions"}],"wp:featuredmedia":[{"embeddable":true,"href":"https:\/\/exaudi.org\/es\/wp-json\/wp\/v2\/media\/93337"}],"wp:attachment":[{"href":"https:\/\/exaudi.org\/es\/wp-json\/wp\/v2\/media?parent=93336"}],"wp:term":[{"taxonomy":"category","embeddable":true,"href":"https:\/\/exaudi.org\/es\/wp-json\/wp\/v2\/categories?post=93336"},{"taxonomy":"post_tag","embeddable":true,"href":"https:\/\/exaudi.org\/es\/wp-json\/wp\/v2\/tags?post=93336"}],"curies":[{"name":"wp","href":"https:\/\/api.w.org\/{rel}","templated":true}]}}