{"id":93305,"date":"2024-01-29T12:34:22","date_gmt":"2024-01-29T11:34:22","guid":{"rendered":"https:\/\/exaudi.org\/?p=93305"},"modified":"2024-01-31T00:04:57","modified_gmt":"2024-01-30T23:04:57","slug":"el-papa-sobre-tierra-santa-sin-los-dos-estados-la-verdadera-paz-esta-lejos","status":"publish","type":"post","link":"https:\/\/exaudi.org\/es\/el-papa-sobre-tierra-santa-sin-los-dos-estados-la-verdadera-paz-esta-lejos\/","title":{"rendered":"El Papa sobre Tierra Santa: \u00abSin los dos Estados, la verdadera paz est\u00e1 lejos\u00bb"},"content":{"rendered":"<audio class=\"wp-audio-shortcode\" id=\"audio-93305-1\" preload=\"none\" style=\"width: 100%;\" controls=\"controls\"><source type=\"audio\/mpeg\" src=\"https:\/\/exaudi.org\/wp-content\/uploads\/2024\/01\/ttsmaker-file-2024-1-29-12-33-54.mp3?_=1\" \/><a href=\"https:\/\/exaudi.org\/wp-content\/uploads\/2024\/01\/ttsmaker-file-2024-1-29-12-33-54.mp3\">https:\/\/exaudi.org\/wp-content\/uploads\/2024\/01\/ttsmaker-file-2024-1-29-12-33-54.mp3<\/a><\/audio>\n<p>\u00abEstaba el acuerdo de Oslo, clar\u00edsimo, con la soluci\u00f3n de dos Estados. Hasta que se aplique ese acuerdo, la verdadera paz seguir\u00e1 siendo lejana\u00bb. Es el juicio sobre lo que sucede en Tierra Santa, tras los ataques de Ham\u00e1s y la guerra que est\u00e1 destruyendo las ciudades de la Franja de Gaza, el que el Papa Francisco conf\u00eda a Domenico Agasso, corresponsal vaticano del peri\u00f3dico italiano\u00a0<i>La Stampa<\/i>, en la entrevista publicada este 29 de enero, y disponible en los quioscos. Francisco, hablando de los numerosos conflictos en curso, invita a rezar por la paz, se\u00f1ala el di\u00e1logo como \u00fanico camino y pide \u00abdetener inmediatamente las bombas y los misiles, y poner fin a las actitudes hostiles\u00bb. En todos los lugares, un \u00abalto el fuego global\u00bb porque \u00abestamos al borde del abismo\u00bb.<\/p>\n<h3><b>Esperanzas para Tierra Santa y Ucrania<\/b><\/h3>\n<p>El Papa explica su oposici\u00f3n a definir una guerra \u00abjusta\u00bb, prefiriendo decir que es leg\u00edtimo defenderse, pero evitando \u00abjustificar las guerras, que siempre son malas\u00bb. Afirma que teme una escalada militar, pero que cultiva cierta esperanza \u00abporque se est\u00e1n celebrando reuniones confidenciales para intentar llegar a un acuerdo. Una tregua ya ser\u00eda un buen resultado\u00bb. El Papa Francisco define al cardenal Pizzaballa como \u00abuna figura crucial\u00bb, que \u00abse mueve bien\u00bb e intenta mediar, recuerda hacer videollamadas todos los d\u00edas a la parroquia de Gaza y afirma tambi\u00e9n que \u00abla liberaci\u00f3n de los rehenes israel\u00edes\u00bb es una prioridad. En cuanto a Ucrania, en la entrevista el Sucesor de Pedro recuerda el encargo del cardenal Zuppi: La Santa Sede intenta mediar para el intercambio de prisioneros y el regreso de los civiles ucranianos. En particular, estamos trabajando con la Se\u00f1ora Maria Lvova-Belova, la Comisaria rusa para los Derechos del Ni\u00f1o, para la repatriaci\u00f3n de los ni\u00f1os ucranianos tra\u00eddos por la fuerza a Rusia. Algunos ya han regresado con su familia.<\/p>\n<h3><b><i>Fiducia Supplicans<\/i> quiere incluir<\/b><\/h3>\n<p>En la entrevista, el Santo Padre recuerda que \u00abCristo llama a todos a entrar\u00bb y refiri\u00e9ndose a la\u00a0<a href=\"https:\/\/exaudi.org\/es\/fiducia-supplicans\/\" target=\"_blank\" rel=\"external noopener\">Declaraci\u00f3n\u00a0<i>Fiducia Supplicans<\/i><\/a> que permite bendiciones a las parejas irregulares y del mismo sexo, explica: \u00abEl Evangelio es santificar a todos. Eso s\u00ed, siempre que haya buena voluntad. Y es necesario dar instrucciones precisas sobre la vida cristiana (subrayo que no es la uni\u00f3n la que es bendecida, sino el pueblo). Pero todos somos pecadores: \u00bfpor qu\u00e9 entonces hacer una lista de pecadores que pueden entrar en la Iglesia y una lista de pecadores que no pueden estar en la Iglesia? Este no es el evangelio. En cuanto a las cr\u00edticas al documento, el Papa observa que \u00abquienes protestan con vehemencia pertenecen a peque\u00f1os grupos ideol\u00f3gicos\u00bb, mientras define el de los africanos como \u00abun caso aparte\u00bb dado que \u00abpara ellos la homosexualidad es algo \u201cmalo\u201d desde el punto de vista cultural\u00bb. Desde nuestro punto de vista, no lo toleran\u00bb. Pero en general, \u00abconf\u00edo en que poco a poco todos se tranquilicen con el esp\u00edritu de la declaraci\u00f3n\u00bb que \u00ab<a href=\"https:\/\/www.vaticannews.va\/es\/papa\/news\/2024-01\/papa-audiencia-participantes-plenaria-dicasterio-doctrina-fe.html\" target=\"_blank\" rel=\"noopener\">tiene como objetivo incluir, no dividir<\/a>\u00ab. Nos invita a acoger y luego a confiar a las personas, y a confiarnos nosotros mismos, a Dios\u00bb. Francisco admite que a veces se siente solo, \u00abpero siempre avanzo, d\u00eda tras d\u00eda\u00bb y dice que no teme los cismas: \u00abSiempre ha habido peque\u00f1os grupos en la Iglesia que expresaron reflexiones cism\u00e1ticas&#8230; hay que dejarles hacer as\u00ed y pasa&#8230; y mirar hacia adelante\u00bb.<\/p>\n<h3><b>Inteligencia artificial, oportunidades y peligros<\/b><\/h3>\n<p>A continuaci\u00f3n, el Papa aborda el tema de su reciente\u00a0<a href=\"https:\/\/exaudi.org\/es\/inteligencia-artificial-y-sabiduria-del-corazon-para-una-comunicacion-plenamente-humana\/\" target=\"_blank\" rel=\"external noopener\">mensaje para la Jornada Mundial de las Comunicaciones Sociales<\/a>, dedicada a la inteligencia artificial, que define como \u00abun buen paso adelante que podr\u00e1 resolver muchos problemas, pero potencialmente, si se gestiona sin \u00e9tica, tambi\u00e9n podr\u00e1 causar mucho mal al hombre.\u00bb El objetivo es que \u00absiempre est\u00e9 en armon\u00eda con la dignidad de la persona\u00bb, de lo contrario \u00abser\u00e1 un suicidio\u00bb.<\/p>\n<h3><b>Los pr\u00f3ximos viajes<\/b><\/h3>\n<p>El Pont\u00edfice dice sentirse bien, a pesar de algunos dolores y molestias, y no piensa en dimitir por el momento. Recuerde los pr\u00f3ximos viajes a B\u00e9lgica, Timor Oriental, Papua Nueva Guinea e Indonesia en agosto. Define como \u00abentre par\u00e9ntesis\u00bb la hip\u00f3tesis del viaje a Argentina, diciendo que no se sinti\u00f3 ofendido por las palabras de Milei durante la campa\u00f1a electoral y confirmando que se reunir\u00e1 con el nuevo presidente en los pr\u00f3ximos d\u00edas, inmediatamente despu\u00e9s de la esperada canonizaci\u00f3n de la santa argentina \u00abMam\u00e1 Antula\u00bb para el 11 de febrero. Estoy listo para hablar con \u00e9l.<\/p>\n<h3><b>La Iglesia del futuro y el C\u00f3nclave de hace 11 a\u00f1os<\/b><\/h3>\n<p>Despu\u00e9s de recordar la Jornada Mundial de los Ni\u00f1os, que \u00abson maestros de vida\u00bb y deben ser escuchados, el Papa reitera su sue\u00f1o de \u00abuna Iglesia en salida\u00bb y recuerda lo ocurrido tras sus palabras pronunciadas en las congregaciones generales que precedieron al C\u00f3nclave de 2013: \u00abDespu\u00e9s de mi discurso hubo un aplauso sin precedentes en este contexto. Pero no hab\u00eda intuido en absoluto lo que muchos me revelar\u00edan despu\u00e9s: aquel discurso fue mi \u00abcondena\u00bb (sonrisas, ndr.). Cuando sal\u00eda del Aula del S\u00ednodo hubo un cardenal de habla inglesa que me vio y exclam\u00f3: \u201c\u00a1Es hermoso lo que dijiste! Elegante. Elegante. \u00a1Necesitamos un Papa como t\u00fa!\u201d. Pero no me di cuenta de la campa\u00f1a que empezaba a elegirme. Hasta el almuerzo del 13 de marzo, aqu\u00ed en Casa Santa Marta, pocas horas antes de la votaci\u00f3n decisiva. Mientras com\u00edamos me hicieron dos o tres preguntas \u00absospechosas\u00bb&#8230; Entonces en mi cabeza empec\u00e9 a decirme: \u00abAqu\u00ed est\u00e1 pasando algo raro&#8230;\u00bb. Pero aun as\u00ed logr\u00e9 tomar una siesta. Y cuando me eligieron tuve una sorprendente sensaci\u00f3n de paz dentro de m\u00ed\u00bb. Finalmente, el Papa Francisco confiesa a\u00a0<i>La Stampa<\/i>\u00a0que se siente \u00abun p\u00e1rroco\u00bb. De una parroquia muy grande, global, por supuesto, pero me gusta mantener el esp\u00edritu de p\u00e1rroco. Y estar entre la gente. Donde siempre encuentro a Dios\u00bb.<\/p>\n","protected":false},"excerpt":{"rendered":"<p>Entrevista del Papa Francisco al peri\u00f3dico italiano La Stampa: \u00abEs urgente un alto el fuego global, estamos al borde del abismo\u00bb. Sobre la Declaraci\u00f3n Fiducia Supplicans: \u201cConf\u00edo en que todos est\u00e9n serenos, quiere incluir, no dividir\u201d. \u201cMe siento un p\u00e1rroco. De una parroquia planetaria\u00bb<\/p>\n","protected":false},"author":15,"featured_media":93306,"comment_status":"closed","ping_status":"closed","sticky":false,"template":"","format":"standard","meta":{"_acf_changed":false,"_crdt_document":"","inline_featured_image":false,"footnotes":""},"categories":[108],"tags":[393,2419,3834,516,7767,174,158,625,392,5843],"class_list":["post-93305","post","type-post","status-publish","format-standard","has-post-thumbnail","hentry","category-entrevistas","tag-entrevista","tag-featured","tag-guerra-es","tag-italia","tag-medios-de-comunicacion","tag-mensaje","tag-papa-francisco","tag-paz","tag-tierra-santa","tag-viaje-apostolico"],"acf":[],"yoast_head":"<!-- This site is optimized with the Yoast SEO plugin v27.5 - https:\/\/yoast.com\/product\/yoast-seo-wordpress\/ -->\n<title>El Papa sobre Tierra Santa: &quot;Sin los dos Estados, la verdadera paz est\u00e1 lejos&quot; &#8211; Exaudi<\/title>\n<meta name=\"robots\" content=\"index, follow, max-snippet:-1, max-image-preview:large, max-video-preview:-1\" \/>\n<link rel=\"canonical\" href=\"https:\/\/exaudi.org\/es\/el-papa-sobre-tierra-santa-sin-los-dos-estados-la-verdadera-paz-esta-lejos\/\" \/>\n<meta property=\"og:locale\" content=\"es_ES\" \/>\n<meta property=\"og:type\" content=\"article\" \/>\n<meta property=\"og:title\" content=\"El Papa sobre Tierra Santa: &quot;Sin los dos Estados, la verdadera paz est\u00e1 lejos&quot; &#8211; Exaudi\" \/>\n<meta property=\"og:description\" content=\"Entrevista del Papa Francisco al peri\u00f3dico italiano La Stampa: &quot;Es urgente un alto el fuego global, estamos al borde del abismo&quot;. Sobre la Declaraci\u00f3n Fiducia Supplicans: \u201cConf\u00edo en que todos est\u00e9n serenos, quiere incluir, no dividir\u201d. \u201cMe siento un p\u00e1rroco. De una parroquia planetaria&quot;\" \/>\n<meta property=\"og:url\" content=\"https:\/\/exaudi.org\/es\/el-papa-sobre-tierra-santa-sin-los-dos-estados-la-verdadera-paz-esta-lejos\/\" \/>\n<meta property=\"og:site_name\" content=\"Exaudi\" \/>\n<meta property=\"article:publisher\" content=\"https:\/\/www.facebook.com\/ExaudiNews\" \/>\n<meta property=\"article:author\" content=\"https:\/\/www.facebook.com\/ExaudiNoticias\/\" \/>\n<meta property=\"article:published_time\" content=\"2024-01-29T11:34:22+00:00\" \/>\n<meta property=\"article:modified_time\" content=\"2024-01-30T23:04:57+00:00\" \/>\n<meta property=\"og:image\" content=\"https:\/\/exaudi.org\/wp-content\/uploads\/2024\/01\/cq5dam.thumbnail.cropped.750.422-18.jpeg\" \/>\n\t<meta property=\"og:image:width\" content=\"750\" \/>\n\t<meta property=\"og:image:height\" content=\"422\" \/>\n\t<meta property=\"og:image:type\" content=\"image\/jpeg\" \/>\n<meta name=\"author\" content=\"Exaudi Redacci\u00f3n\" \/>\n<meta name=\"twitter:card\" content=\"summary_large_image\" \/>\n<meta name=\"twitter:creator\" content=\"@Exaudi_noticias\" \/>\n<meta name=\"twitter:site\" content=\"@Exaudi_News\" \/>\n<meta name=\"twitter:label1\" content=\"Escrito por\" \/>\n\t<meta name=\"twitter:data1\" content=\"Exaudi Redacci\u00f3n\" \/>\n\t<meta name=\"twitter:label2\" content=\"Tiempo de lectura\" \/>\n\t<meta name=\"twitter:data2\" content=\"5 minutos\" \/>\n<script type=\"application\/ld+json\" class=\"yoast-schema-graph\">{\"@context\":\"https:\\\/\\\/schema.org\",\"@graph\":[{\"@type\":\"Article\",\"@id\":\"https:\\\/\\\/exaudi.org\\\/es\\\/el-papa-sobre-tierra-santa-sin-los-dos-estados-la-verdadera-paz-esta-lejos\\\/#article\",\"isPartOf\":{\"@id\":\"https:\\\/\\\/exaudi.org\\\/es\\\/el-papa-sobre-tierra-santa-sin-los-dos-estados-la-verdadera-paz-esta-lejos\\\/\"},\"author\":{\"name\":\"Exaudi Redacci\u00f3n\",\"@id\":\"https:\\\/\\\/exaudi.org\\\/#\\\/schema\\\/person\\\/f5fc8f063065e38742da7afe15f25df7\"},\"headline\":\"El Papa sobre Tierra Santa: \u00abSin los dos Estados, la verdadera paz est\u00e1 lejos\u00bb\",\"datePublished\":\"2024-01-29T11:34:22+00:00\",\"dateModified\":\"2024-01-30T23:04:57+00:00\",\"mainEntityOfPage\":{\"@id\":\"https:\\\/\\\/exaudi.org\\\/es\\\/el-papa-sobre-tierra-santa-sin-los-dos-estados-la-verdadera-paz-esta-lejos\\\/\"},\"wordCount\":1046,\"image\":{\"@id\":\"https:\\\/\\\/exaudi.org\\\/es\\\/el-papa-sobre-tierra-santa-sin-los-dos-estados-la-verdadera-paz-esta-lejos\\\/#primaryimage\"},\"thumbnailUrl\":\"https:\\\/\\\/exaudi.org\\\/wp-content\\\/uploads\\\/2024\\\/01\\\/cq5dam.thumbnail.cropped.750.422-18.jpeg\",\"keywords\":[\"Entrevista\",\"Featured\",\"guerra\",\"Italia\",\"Medios de comunicaci\u00f3n\",\"mensaje\",\"papa francisco\",\"Paz\",\"Tierra Santa\",\"Viaje Apost\u00f3lico\"],\"articleSection\":[\"Entrevistas\"],\"inLanguage\":\"es\"},{\"@type\":\"WebPage\",\"@id\":\"https:\\\/\\\/exaudi.org\\\/es\\\/el-papa-sobre-tierra-santa-sin-los-dos-estados-la-verdadera-paz-esta-lejos\\\/\",\"url\":\"https:\\\/\\\/exaudi.org\\\/es\\\/el-papa-sobre-tierra-santa-sin-los-dos-estados-la-verdadera-paz-esta-lejos\\\/\",\"name\":\"El Papa sobre Tierra Santa: \\\"Sin los dos Estados, la verdadera paz est\u00e1 lejos\\\" &#8211; Exaudi\",\"isPartOf\":{\"@id\":\"https:\\\/\\\/exaudi.org\\\/#website\"},\"primaryImageOfPage\":{\"@id\":\"https:\\\/\\\/exaudi.org\\\/es\\\/el-papa-sobre-tierra-santa-sin-los-dos-estados-la-verdadera-paz-esta-lejos\\\/#primaryimage\"},\"image\":{\"@id\":\"https:\\\/\\\/exaudi.org\\\/es\\\/el-papa-sobre-tierra-santa-sin-los-dos-estados-la-verdadera-paz-esta-lejos\\\/#primaryimage\"},\"thumbnailUrl\":\"https:\\\/\\\/exaudi.org\\\/wp-content\\\/uploads\\\/2024\\\/01\\\/cq5dam.thumbnail.cropped.750.422-18.jpeg\",\"datePublished\":\"2024-01-29T11:34:22+00:00\",\"dateModified\":\"2024-01-30T23:04:57+00:00\",\"author\":{\"@id\":\"https:\\\/\\\/exaudi.org\\\/#\\\/schema\\\/person\\\/f5fc8f063065e38742da7afe15f25df7\"},\"breadcrumb\":{\"@id\":\"https:\\\/\\\/exaudi.org\\\/es\\\/el-papa-sobre-tierra-santa-sin-los-dos-estados-la-verdadera-paz-esta-lejos\\\/#breadcrumb\"},\"inLanguage\":\"es\",\"potentialAction\":[{\"@type\":\"ReadAction\",\"target\":[\"https:\\\/\\\/exaudi.org\\\/es\\\/el-papa-sobre-tierra-santa-sin-los-dos-estados-la-verdadera-paz-esta-lejos\\\/\"]}]},{\"@type\":\"ImageObject\",\"inLanguage\":\"es\",\"@id\":\"https:\\\/\\\/exaudi.org\\\/es\\\/el-papa-sobre-tierra-santa-sin-los-dos-estados-la-verdadera-paz-esta-lejos\\\/#primaryimage\",\"url\":\"https:\\\/\\\/exaudi.org\\\/wp-content\\\/uploads\\\/2024\\\/01\\\/cq5dam.thumbnail.cropped.750.422-18.jpeg\",\"contentUrl\":\"https:\\\/\\\/exaudi.org\\\/wp-content\\\/uploads\\\/2024\\\/01\\\/cq5dam.thumbnail.cropped.750.422-18.jpeg\",\"width\":750,\"height\":422,\"caption\":\"Vatican Media\"},{\"@type\":\"BreadcrumbList\",\"@id\":\"https:\\\/\\\/exaudi.org\\\/es\\\/el-papa-sobre-tierra-santa-sin-los-dos-estados-la-verdadera-paz-esta-lejos\\\/#breadcrumb\",\"itemListElement\":[{\"@type\":\"ListItem\",\"position\":1,\"name\":\"Portada\",\"item\":\"https:\\\/\\\/exaudi.org\\\/es\\\/\"},{\"@type\":\"ListItem\",\"position\":2,\"name\":\"El Papa sobre Tierra Santa: \u00abSin los dos Estados, la verdadera paz est\u00e1 lejos\u00bb\"}]},{\"@type\":\"WebSite\",\"@id\":\"https:\\\/\\\/exaudi.org\\\/#website\",\"url\":\"https:\\\/\\\/exaudi.org\\\/\",\"name\":\"Exaudi\",\"description\":\"News\",\"potentialAction\":[{\"@type\":\"SearchAction\",\"target\":{\"@type\":\"EntryPoint\",\"urlTemplate\":\"https:\\\/\\\/exaudi.org\\\/?s={search_term_string}\"},\"query-input\":{\"@type\":\"PropertyValueSpecification\",\"valueRequired\":true,\"valueName\":\"search_term_string\"}}],\"inLanguage\":\"es\"},{\"@type\":\"Person\",\"@id\":\"https:\\\/\\\/exaudi.org\\\/#\\\/schema\\\/person\\\/f5fc8f063065e38742da7afe15f25df7\",\"name\":\"Exaudi Redacci\u00f3n\",\"image\":{\"@type\":\"ImageObject\",\"inLanguage\":\"es\",\"@id\":\"https:\\\/\\\/secure.gravatar.com\\\/avatar\\\/fe0f6a059fb68d9b3e11bc5850dd4899b1c7492091a3cb6dd9b01b56ad828be2?s=96&d=mm&r=g\",\"url\":\"https:\\\/\\\/secure.gravatar.com\\\/avatar\\\/fe0f6a059fb68d9b3e11bc5850dd4899b1c7492091a3cb6dd9b01b56ad828be2?s=96&d=mm&r=g\",\"contentUrl\":\"https:\\\/\\\/secure.gravatar.com\\\/avatar\\\/fe0f6a059fb68d9b3e11bc5850dd4899b1c7492091a3cb6dd9b01b56ad828be2?s=96&d=mm&r=g\",\"caption\":\"Exaudi Redacci\u00f3n\"},\"description\":\"\u00bfQu\u00e9 es Exaudi News? Exaudi News es un medio de comunicaci\u00f3n cat\u00f3lico internacional que informa, forma y transforma, diariamente en espa\u00f1ol, ingl\u00e9s e italiano. A trav\u00e9s de noticias, art\u00edculos de an\u00e1lisis y transmisiones en directo de los eventos del Papa, Exaudi busca fortalecer la unidad de los cristianos y contribuir a la evangelizaci\u00f3n del mundo, siempre guiados por la doctrina social de la Iglesia. Trabajamos para acercar la verdad y los valores cristianos a cada rinc\u00f3n del planeta. \u00a1Ay\u00fadanos a transformar el mundo con Exaudi! En Exaudi creemos que la evangelizaci\u00f3n y la informaci\u00f3n de calidad pueden cambiar vidas. Para continuar con nuestra misi\u00f3n y expandir nuestro alcance, necesitamos tu ayuda. Adem\u00e1s, buscamos personas comprometidas que deseen unirse a nuestro equipo. Con tu apoyo, lograremos llegar a m\u00e1s personas, difundir el mensaje de Cristo y reforzar la unidad de los cristianos. \u00bfTe unes a nuestra misi\u00f3n? Para m\u00e1s informaci\u00f3n sobre c\u00f3mo colaborar, visita Exaudi.org\\\/es o cont\u00e1ctanos directamente: info@exaudi.org Exaudi: Informa, forma y transforma.\",\"sameAs\":[\"https:\\\/\\\/www.facebook.com\\\/ExaudiNoticias\\\/\",\"https:\\\/\\\/www.instagram.com\\\/exaudi_noticias\\\/\",\"https:\\\/\\\/x.com\\\/Exaudi_noticias\",\"https:\\\/\\\/www.youtube.com\\\/@exaudicatholicnews\"],\"url\":\"https:\\\/\\\/exaudi.org\\\/es\\\/author\\\/redaccionexaudi\\\/\"}]}<\/script>\n<!-- \/ Yoast SEO plugin. -->","yoast_head_json":{"title":"El Papa sobre Tierra Santa: \"Sin los dos Estados, la verdadera paz est\u00e1 lejos\" &#8211; Exaudi","robots":{"index":"index","follow":"follow","max-snippet":"max-snippet:-1","max-image-preview":"max-image-preview:large","max-video-preview":"max-video-preview:-1"},"canonical":"https:\/\/exaudi.org\/es\/el-papa-sobre-tierra-santa-sin-los-dos-estados-la-verdadera-paz-esta-lejos\/","og_locale":"es_ES","og_type":"article","og_title":"El Papa sobre Tierra Santa: \"Sin los dos Estados, la verdadera paz est\u00e1 lejos\" &#8211; Exaudi","og_description":"Entrevista del Papa Francisco al peri\u00f3dico italiano La Stampa: \"Es urgente un alto el fuego global, estamos al borde del abismo\". Sobre la Declaraci\u00f3n Fiducia Supplicans: \u201cConf\u00edo en que todos est\u00e9n serenos, quiere incluir, no dividir\u201d. \u201cMe siento un p\u00e1rroco. De una parroquia planetaria\"","og_url":"https:\/\/exaudi.org\/es\/el-papa-sobre-tierra-santa-sin-los-dos-estados-la-verdadera-paz-esta-lejos\/","og_site_name":"Exaudi","article_publisher":"https:\/\/www.facebook.com\/ExaudiNews","article_author":"https:\/\/www.facebook.com\/ExaudiNoticias\/","article_published_time":"2024-01-29T11:34:22+00:00","article_modified_time":"2024-01-30T23:04:57+00:00","og_image":[{"width":750,"height":422,"url":"https:\/\/exaudi.org\/wp-content\/uploads\/2024\/01\/cq5dam.thumbnail.cropped.750.422-18.jpeg","type":"image\/jpeg"}],"author":"Exaudi Redacci\u00f3n","twitter_card":"summary_large_image","twitter_creator":"@Exaudi_noticias","twitter_site":"@Exaudi_News","twitter_misc":{"Escrito por":"Exaudi Redacci\u00f3n","Tiempo de lectura":"5 minutos"},"schema":{"@context":"https:\/\/schema.org","@graph":[{"@type":"Article","@id":"https:\/\/exaudi.org\/es\/el-papa-sobre-tierra-santa-sin-los-dos-estados-la-verdadera-paz-esta-lejos\/#article","isPartOf":{"@id":"https:\/\/exaudi.org\/es\/el-papa-sobre-tierra-santa-sin-los-dos-estados-la-verdadera-paz-esta-lejos\/"},"author":{"name":"Exaudi Redacci\u00f3n","@id":"https:\/\/exaudi.org\/#\/schema\/person\/f5fc8f063065e38742da7afe15f25df7"},"headline":"El Papa sobre Tierra Santa: \u00abSin los dos Estados, la verdadera paz est\u00e1 lejos\u00bb","datePublished":"2024-01-29T11:34:22+00:00","dateModified":"2024-01-30T23:04:57+00:00","mainEntityOfPage":{"@id":"https:\/\/exaudi.org\/es\/el-papa-sobre-tierra-santa-sin-los-dos-estados-la-verdadera-paz-esta-lejos\/"},"wordCount":1046,"image":{"@id":"https:\/\/exaudi.org\/es\/el-papa-sobre-tierra-santa-sin-los-dos-estados-la-verdadera-paz-esta-lejos\/#primaryimage"},"thumbnailUrl":"https:\/\/exaudi.org\/wp-content\/uploads\/2024\/01\/cq5dam.thumbnail.cropped.750.422-18.jpeg","keywords":["Entrevista","Featured","guerra","Italia","Medios de comunicaci\u00f3n","mensaje","papa francisco","Paz","Tierra Santa","Viaje Apost\u00f3lico"],"articleSection":["Entrevistas"],"inLanguage":"es"},{"@type":"WebPage","@id":"https:\/\/exaudi.org\/es\/el-papa-sobre-tierra-santa-sin-los-dos-estados-la-verdadera-paz-esta-lejos\/","url":"https:\/\/exaudi.org\/es\/el-papa-sobre-tierra-santa-sin-los-dos-estados-la-verdadera-paz-esta-lejos\/","name":"El Papa sobre Tierra Santa: \"Sin los dos Estados, la verdadera paz est\u00e1 lejos\" &#8211; Exaudi","isPartOf":{"@id":"https:\/\/exaudi.org\/#website"},"primaryImageOfPage":{"@id":"https:\/\/exaudi.org\/es\/el-papa-sobre-tierra-santa-sin-los-dos-estados-la-verdadera-paz-esta-lejos\/#primaryimage"},"image":{"@id":"https:\/\/exaudi.org\/es\/el-papa-sobre-tierra-santa-sin-los-dos-estados-la-verdadera-paz-esta-lejos\/#primaryimage"},"thumbnailUrl":"https:\/\/exaudi.org\/wp-content\/uploads\/2024\/01\/cq5dam.thumbnail.cropped.750.422-18.jpeg","datePublished":"2024-01-29T11:34:22+00:00","dateModified":"2024-01-30T23:04:57+00:00","author":{"@id":"https:\/\/exaudi.org\/#\/schema\/person\/f5fc8f063065e38742da7afe15f25df7"},"breadcrumb":{"@id":"https:\/\/exaudi.org\/es\/el-papa-sobre-tierra-santa-sin-los-dos-estados-la-verdadera-paz-esta-lejos\/#breadcrumb"},"inLanguage":"es","potentialAction":[{"@type":"ReadAction","target":["https:\/\/exaudi.org\/es\/el-papa-sobre-tierra-santa-sin-los-dos-estados-la-verdadera-paz-esta-lejos\/"]}]},{"@type":"ImageObject","inLanguage":"es","@id":"https:\/\/exaudi.org\/es\/el-papa-sobre-tierra-santa-sin-los-dos-estados-la-verdadera-paz-esta-lejos\/#primaryimage","url":"https:\/\/exaudi.org\/wp-content\/uploads\/2024\/01\/cq5dam.thumbnail.cropped.750.422-18.jpeg","contentUrl":"https:\/\/exaudi.org\/wp-content\/uploads\/2024\/01\/cq5dam.thumbnail.cropped.750.422-18.jpeg","width":750,"height":422,"caption":"Vatican Media"},{"@type":"BreadcrumbList","@id":"https:\/\/exaudi.org\/es\/el-papa-sobre-tierra-santa-sin-los-dos-estados-la-verdadera-paz-esta-lejos\/#breadcrumb","itemListElement":[{"@type":"ListItem","position":1,"name":"Portada","item":"https:\/\/exaudi.org\/es\/"},{"@type":"ListItem","position":2,"name":"El Papa sobre Tierra Santa: \u00abSin los dos Estados, la verdadera paz est\u00e1 lejos\u00bb"}]},{"@type":"WebSite","@id":"https:\/\/exaudi.org\/#website","url":"https:\/\/exaudi.org\/","name":"Exaudi","description":"News","potentialAction":[{"@type":"SearchAction","target":{"@type":"EntryPoint","urlTemplate":"https:\/\/exaudi.org\/?s={search_term_string}"},"query-input":{"@type":"PropertyValueSpecification","valueRequired":true,"valueName":"search_term_string"}}],"inLanguage":"es"},{"@type":"Person","@id":"https:\/\/exaudi.org\/#\/schema\/person\/f5fc8f063065e38742da7afe15f25df7","name":"Exaudi Redacci\u00f3n","image":{"@type":"ImageObject","inLanguage":"es","@id":"https:\/\/secure.gravatar.com\/avatar\/fe0f6a059fb68d9b3e11bc5850dd4899b1c7492091a3cb6dd9b01b56ad828be2?s=96&d=mm&r=g","url":"https:\/\/secure.gravatar.com\/avatar\/fe0f6a059fb68d9b3e11bc5850dd4899b1c7492091a3cb6dd9b01b56ad828be2?s=96&d=mm&r=g","contentUrl":"https:\/\/secure.gravatar.com\/avatar\/fe0f6a059fb68d9b3e11bc5850dd4899b1c7492091a3cb6dd9b01b56ad828be2?s=96&d=mm&r=g","caption":"Exaudi Redacci\u00f3n"},"description":"\u00bfQu\u00e9 es Exaudi News? Exaudi News es un medio de comunicaci\u00f3n cat\u00f3lico internacional que informa, forma y transforma, diariamente en espa\u00f1ol, ingl\u00e9s e italiano. A trav\u00e9s de noticias, art\u00edculos de an\u00e1lisis y transmisiones en directo de los eventos del Papa, Exaudi busca fortalecer la unidad de los cristianos y contribuir a la evangelizaci\u00f3n del mundo, siempre guiados por la doctrina social de la Iglesia. Trabajamos para acercar la verdad y los valores cristianos a cada rinc\u00f3n del planeta. \u00a1Ay\u00fadanos a transformar el mundo con Exaudi! En Exaudi creemos que la evangelizaci\u00f3n y la informaci\u00f3n de calidad pueden cambiar vidas. Para continuar con nuestra misi\u00f3n y expandir nuestro alcance, necesitamos tu ayuda. Adem\u00e1s, buscamos personas comprometidas que deseen unirse a nuestro equipo. Con tu apoyo, lograremos llegar a m\u00e1s personas, difundir el mensaje de Cristo y reforzar la unidad de los cristianos. \u00bfTe unes a nuestra misi\u00f3n? Para m\u00e1s informaci\u00f3n sobre c\u00f3mo colaborar, visita Exaudi.org\/es o cont\u00e1ctanos directamente: info@exaudi.org Exaudi: Informa, forma y transforma.","sameAs":["https:\/\/www.facebook.com\/ExaudiNoticias\/","https:\/\/www.instagram.com\/exaudi_noticias\/","https:\/\/x.com\/Exaudi_noticias","https:\/\/www.youtube.com\/@exaudicatholicnews"],"url":"https:\/\/exaudi.org\/es\/author\/redaccionexaudi\/"}]}},"jetpack_featured_media_url":"https:\/\/exaudi.org\/wp-content\/uploads\/2024\/01\/cq5dam.thumbnail.cropped.750.422-18.jpeg","jetpack_shortlink":"https:\/\/wp.me\/pgKjF2-ogV","_links":{"self":[{"href":"https:\/\/exaudi.org\/es\/wp-json\/wp\/v2\/posts\/93305","targetHints":{"allow":["GET"]}}],"collection":[{"href":"https:\/\/exaudi.org\/es\/wp-json\/wp\/v2\/posts"}],"about":[{"href":"https:\/\/exaudi.org\/es\/wp-json\/wp\/v2\/types\/post"}],"author":[{"embeddable":true,"href":"https:\/\/exaudi.org\/es\/wp-json\/wp\/v2\/users\/15"}],"replies":[{"embeddable":true,"href":"https:\/\/exaudi.org\/es\/wp-json\/wp\/v2\/comments?post=93305"}],"version-history":[{"count":0,"href":"https:\/\/exaudi.org\/es\/wp-json\/wp\/v2\/posts\/93305\/revisions"}],"wp:featuredmedia":[{"embeddable":true,"href":"https:\/\/exaudi.org\/es\/wp-json\/wp\/v2\/media\/93306"}],"wp:attachment":[{"href":"https:\/\/exaudi.org\/es\/wp-json\/wp\/v2\/media?parent=93305"}],"wp:term":[{"taxonomy":"category","embeddable":true,"href":"https:\/\/exaudi.org\/es\/wp-json\/wp\/v2\/categories?post=93305"},{"taxonomy":"post_tag","embeddable":true,"href":"https:\/\/exaudi.org\/es\/wp-json\/wp\/v2\/tags?post=93305"}],"curies":[{"name":"wp","href":"https:\/\/api.w.org\/{rel}","templated":true}]}}