{"id":93202,"date":"2024-01-27T10:28:13","date_gmt":"2024-01-27T09:28:13","guid":{"rendered":"https:\/\/exaudi.org\/?p=93202"},"modified":"2024-01-27T10:31:12","modified_gmt":"2024-01-27T09:31:12","slug":"reafirmar-el-camino-hacia-una-unidad-mas-plena-a-traves-de-tres-dialogos-los-de-la-caridad-la-verdad-y-la-vida","status":"publish","type":"post","link":"https:\/\/exaudi.org\/es\/reafirmar-el-camino-hacia-una-unidad-mas-plena-a-traves-de-tres-dialogos-los-de-la-caridad-la-verdad-y-la-vida\/","title":{"rendered":"Reafirmar el camino hacia una unidad m\u00e1s plena a trav\u00e9s de tres di\u00e1logos: los de la caridad, la verdad y la vida"},"content":{"rendered":"<p>Este viernes 26 de enero de 2024, d\u00eda siguiente de la clausura de la Semana de oraci\u00f3n por la unidad de los cristianos, el Papa recibi\u00f3 a los miembros de la Comisi\u00f3n mixta internacional para el di\u00e1logo teol\u00f3gico entre la Iglesia cat\u00f3lica y las Iglesias ortodoxas orientales. Una ocasi\u00f3n para reafirmar la importancia de proseguir por el camino hacia una unidad m\u00e1s plena a trav\u00e9s de tres di\u00e1logos: los de la caridad, la verdad y la vida<\/p>\n<p>***<\/p>\n<h3><strong>Discurso del Papa<\/strong><\/h3>\n<p>Queridos en Cristo,<\/p>\n<p>\u00ab<i>a ustedes gracia y paz en abundancia<\/i>\u00bb (1 Pe 1,2). Con estas palabras del ap\u00f3stol Pedro los saludo cordialmente, agradecido a Su Gracia Kyrillos por sus amables palabras y a todos ustedes por su presencia y compromiso de caminar juntos por los senderos de la unidad, que son tambi\u00e9n senderos de paz. Sostenidos por los santos y m\u00e1rtires que nos acompa\u00f1an unidos desde el cielo, oremos y esforc\u00e9monos incansablemente por la comuni\u00f3n y por contrarrestar la carest\u00eda de paz que est\u00e1 azotando tantas partes de la tierra, incluidas varias regiones de las que proceden ustedes.<\/p>\n<p>Hoy es para m\u00ed una doble alegr\u00eda acogerlos, porque en este vig\u00e9simo aniversario de su Comisi\u00f3n han querido estar acompa\u00f1ados por una delegaci\u00f3n de j\u00f3venes sacerdotes y monjes de las Iglesias ortodoxas orientales. \u00a1As\u00ed la presencia de los j\u00f3venes alimenta la esperanza y la oraci\u00f3n gu\u00eda el camino! A trav\u00e9s de usted, quisiera transmitir los saludos m\u00e1s cordiales a mis venerables y queridos hermanos, jefes de las Iglesias ortodoxas orientales, algunos de los cuales me honraron con sus visitas el a\u00f1o pasado: pienso en Su Santidad Tawadros, en Su Santidad Baselios Marthoma Mathews III y en Su Santidad Aphrem.<\/p>\n<p>Estas visitas son preciosas, porque permiten que el \u00abdi\u00e1logo de la caridad\u00bb vaya a la par con el \u00abdi\u00e1logo de la verdad\u00bb que su Comisi\u00f3n lleva a cabo. Desde los primeros tiempos de la Iglesia, tales visitas, as\u00ed como el intercambio de cartas, delegaciones y dones, han sido signos y medios de comuni\u00f3n; su Comisi\u00f3n lo se\u00f1al\u00f3 en el documento titulado \u00abEl ejercicio de la comuni\u00f3n en la vida de la Iglesia primitiva y sus repercusiones en nuestra b\u00fasqueda de comuni\u00f3n hoy\u00bb. Estos gestos, enraizados en el reconocimiento del \u00fanico Bautismo, no son meros actos de cortes\u00eda o diplomacia, sino que tienen un significado eclesial y pueden considerarse verdaderos\u00a0<i>loci theologici<\/i>. Como afirm\u00f3 San Juan Pablo II en la Enc\u00edclica\u00a0<i>Ut unum sint<\/i>: \u00abEl reconocimiento de la fraternidad [&#8230;] es mucho m\u00e1s que un mero acto de cortes\u00eda ecum\u00e9nica, y constituye una afirmaci\u00f3n eclesiol\u00f3gica importante\u00bb (n. 42).<i><\/i><\/p>\n<p>En este sentido, estoy convencido de que el \u00abdi\u00e1logo de la caridad\u00bb no debe entenderse s\u00f3lo como una preparaci\u00f3n para el \u00abdi\u00e1logo de la verdad\u00bb, sino como una \u00abteolog\u00eda en acci\u00f3n\u00bb, capaz de abrir nuevas perspectivas al camino de nuestras Iglesias. En un momento en que, gracias a Dios, las relaciones entre nosotros se intensifican, me parece que es bueno releer nuestro tejido de relaciones desarrollando una \u00abteolog\u00eda del di\u00e1logo en la caridad\u00bb.<\/p>\n<p>Queridos hermanos, su Comisi\u00f3n celebr\u00f3 su primera reuni\u00f3n en El Cairo en enero de 2004. Desde entonces se ha reunido casi todos los a\u00f1os y ha adoptado tres importantes documentos de car\u00e1cter eclesiol\u00f3gico, que reflejan la riqueza de las tradiciones cristianas que representan: copta, sir\u00edaca, armenia, malankara, et\u00edope, eritrea y latina. Su di\u00e1logo, que re\u00fane tanta riqueza, se ha visto adornado por el pensamiento de la unidad en la diversidad, como atestigua el primer documento que han redactado: en \u00e9l se dice que, \u00abenraizada en la diversidad de los contextos culturales, sociales y humanos, la Iglesia asume en cada parte del mundo diferentes expresiones teol\u00f3gicas de la misma fe y diferentes formas de disciplinas eclesi\u00e1sticas, ritos lit\u00fargicos y herencias espirituales\u00bb. Esta riqueza muestra de modo a\u00fan m\u00e1s espl\u00e9ndido la catolicidad de la \u00fanica Iglesia\u00bb (<i>Naturaleza, Constituci\u00f3n y Misi\u00f3n de la Iglesia, 2009, n. 20<\/i>).<\/p>\n<p>Otra caracter\u00edstica de vuestro di\u00e1logo es la constante preocupaci\u00f3n pastoral, ilustrada por el \u00faltimo documento sobre \u00abLos sacramentos en la vida de la Iglesia\u00bb. En este sentido, la reciente iniciativa de organizar anualmente visitas de estudio rec\u00edprocas para j\u00f3venes sacerdotes y monjes merece ser continuada. Cuatro delegaciones de j\u00f3venes sacerdotes y monjes ortodoxos orientales ya han venido a Roma para conocer mejor la Iglesia cat\u00f3lica, por invitaci\u00f3n del Dicasterio para la Promoci\u00f3n de la Unidad de los Cristianos, al que doy las gracias, y una delegaci\u00f3n de j\u00f3venes sacerdotes cat\u00f3licos fue a Etchmiadzin el a\u00f1o pasado por invitaci\u00f3n de la Iglesia apost\u00f3lica de Armenia. Implicar a los j\u00f3venes en el acercamiento de nuestras Iglesias es un signo del Esp\u00edritu, que rejuvenece la Iglesia en armon\u00eda, inspira caminos de comuni\u00f3n, da sabidur\u00eda a las nuevas generaciones y profec\u00eda a los ancianos (cf. Gl 3,1). \u00a1Que este \u00abdi\u00e1logo de vida\u00bb contin\u00fae en el signo del Esp\u00edritu! Y no olvidemos que la armon\u00eda la produce el Esp\u00edritu Santo.<\/p>\n<p>Di\u00e1logo de caridad, di\u00e1logo de verdad, di\u00e1logo de vida: tres modos inseparables de proceder en el camino ecum\u00e9nico que su Comisi\u00f3n promueve desde hace veinte a\u00f1os. Veinte a\u00f1os: es la edad de la juventud, la edad en la que se toman las decisiones decisivas. Que este aniversario sea, entonces, una ocasi\u00f3n para alabar a Dios por el camino realizado, haciendo memoria agradecida de quienes han contribuido a \u00e9l con su competencia teol\u00f3gica y su oraci\u00f3n, y que renueve tambi\u00e9n la convicci\u00f3n de que la plena comuni\u00f3n entre nuestras Iglesias no s\u00f3lo es posible, sino urgente y necesaria \u00abpara que el mundo crea\u00bb (<i>Jn<\/i>\u00a017, 21).<\/p>\n<p>Y puesto que la fase actual de vuestro di\u00e1logo se refiere a la Virgen Mar\u00eda en la ense\u00f1anza y en la vida de la Iglesia, les propongo que conf\u00eden su trabajo a Ella, la Santa Madre de Dios y Madre nuestra. Tambi\u00e9n esta vez podemos invocarla juntos con las palabras de una antigua oraci\u00f3n, una maravillosa oraci\u00f3n que nos une, llamada en lat\u00edn\u00a0<i>Sub tuum praesidium<\/i>, y que se encuentra en vuestros libritos. Oremos a la Madre de Dios:<\/p>\n<p><i>Bajo tu amparo nos acogemos Madre de Dios. No deseches las s\u00faplicas que te dirigimos en nuestras necesidades; antes bien, l\u00edbranos siempre de todo peligro, \u00a1Oh Virgen gloriosa y bendita! Amen.<\/i><\/p>\n","protected":false},"excerpt":{"rendered":"<p>Comisi\u00f3n mixta internacional para el di\u00e1logo teol\u00f3gico entre la Iglesia cat\u00f3lica y las Iglesias ortodoxas orientales<\/p>\n","protected":false},"author":15,"featured_media":93203,"comment_status":"closed","ping_status":"closed","sticky":false,"template":"","format":"standard","meta":{"_acf_changed":false,"_crdt_document":"","inline_featured_image":false,"footnotes":""},"categories":[124,68],"tags":[599,449,8468,4953],"class_list":["post-93202","post","type-post","status-publish","format-standard","has-post-thumbnail","hentry","category-discursos","category-leon-xiv","tag-dialogo","tag-iglesia-catolica","tag-iglesias-ortodoxas-orientales","tag-trending-es"],"acf":[],"yoast_head":"<!-- This site is optimized with the Yoast SEO plugin v27.5 - https:\/\/yoast.com\/product\/yoast-seo-wordpress\/ -->\n<title>Reafirmar el camino hacia una unidad m\u00e1s plena a trav\u00e9s de tres di\u00e1logos: los de la caridad, la verdad y la vida &#8211; Exaudi<\/title>\n<meta name=\"robots\" content=\"index, follow, max-snippet:-1, max-image-preview:large, max-video-preview:-1\" \/>\n<link rel=\"canonical\" href=\"https:\/\/exaudi.org\/es\/reafirmar-el-camino-hacia-una-unidad-mas-plena-a-traves-de-tres-dialogos-los-de-la-caridad-la-verdad-y-la-vida\/\" \/>\n<meta property=\"og:locale\" content=\"es_ES\" \/>\n<meta property=\"og:type\" content=\"article\" \/>\n<meta property=\"og:title\" content=\"Reafirmar el camino hacia una unidad m\u00e1s plena a trav\u00e9s de tres di\u00e1logos: los de la caridad, la verdad y la vida &#8211; Exaudi\" \/>\n<meta property=\"og:description\" content=\"Comisi\u00f3n mixta internacional para el di\u00e1logo teol\u00f3gico entre la Iglesia cat\u00f3lica y las Iglesias ortodoxas orientales\" \/>\n<meta property=\"og:url\" content=\"https:\/\/exaudi.org\/es\/reafirmar-el-camino-hacia-una-unidad-mas-plena-a-traves-de-tres-dialogos-los-de-la-caridad-la-verdad-y-la-vida\/\" \/>\n<meta property=\"og:site_name\" content=\"Exaudi\" \/>\n<meta property=\"article:publisher\" content=\"https:\/\/www.facebook.com\/ExaudiNews\" \/>\n<meta property=\"article:author\" content=\"https:\/\/www.facebook.com\/ExaudiNoticias\/\" \/>\n<meta property=\"article:published_time\" content=\"2024-01-27T09:28:13+00:00\" \/>\n<meta property=\"article:modified_time\" content=\"2024-01-27T09:31:12+00:00\" \/>\n<meta property=\"og:image\" content=\"https:\/\/exaudi.org\/wp-content\/uploads\/2024\/01\/cq5dam.thumbnail.cropped.1500.844-5.jpeg\" \/>\n\t<meta property=\"og:image:width\" content=\"1500\" \/>\n\t<meta property=\"og:image:height\" content=\"844\" \/>\n\t<meta property=\"og:image:type\" content=\"image\/jpeg\" \/>\n<meta name=\"author\" content=\"Exaudi Redacci\u00f3n\" \/>\n<meta name=\"twitter:card\" content=\"summary_large_image\" \/>\n<meta name=\"twitter:creator\" content=\"@Exaudi_noticias\" \/>\n<meta name=\"twitter:site\" content=\"@Exaudi_News\" \/>\n<meta name=\"twitter:label1\" content=\"Escrito por\" \/>\n\t<meta name=\"twitter:data1\" content=\"Exaudi Redacci\u00f3n\" \/>\n\t<meta name=\"twitter:label2\" content=\"Tiempo de lectura\" \/>\n\t<meta name=\"twitter:data2\" content=\"6 minutos\" \/>\n<script type=\"application\/ld+json\" class=\"yoast-schema-graph\">{\"@context\":\"https:\\\/\\\/schema.org\",\"@graph\":[{\"@type\":\"Article\",\"@id\":\"https:\\\/\\\/exaudi.org\\\/es\\\/reafirmar-el-camino-hacia-una-unidad-mas-plena-a-traves-de-tres-dialogos-los-de-la-caridad-la-verdad-y-la-vida\\\/#article\",\"isPartOf\":{\"@id\":\"https:\\\/\\\/exaudi.org\\\/es\\\/reafirmar-el-camino-hacia-una-unidad-mas-plena-a-traves-de-tres-dialogos-los-de-la-caridad-la-verdad-y-la-vida\\\/\"},\"author\":{\"name\":\"Exaudi Redacci\u00f3n\",\"@id\":\"https:\\\/\\\/exaudi.org\\\/#\\\/schema\\\/person\\\/f5fc8f063065e38742da7afe15f25df7\"},\"headline\":\"Reafirmar el camino hacia una unidad m\u00e1s plena a trav\u00e9s de tres di\u00e1logos: los de la caridad, la verdad y la vida\",\"datePublished\":\"2024-01-27T09:28:13+00:00\",\"dateModified\":\"2024-01-27T09:31:12+00:00\",\"mainEntityOfPage\":{\"@id\":\"https:\\\/\\\/exaudi.org\\\/es\\\/reafirmar-el-camino-hacia-una-unidad-mas-plena-a-traves-de-tres-dialogos-los-de-la-caridad-la-verdad-y-la-vida\\\/\"},\"wordCount\":1154,\"image\":{\"@id\":\"https:\\\/\\\/exaudi.org\\\/es\\\/reafirmar-el-camino-hacia-una-unidad-mas-plena-a-traves-de-tres-dialogos-los-de-la-caridad-la-verdad-y-la-vida\\\/#primaryimage\"},\"thumbnailUrl\":\"https:\\\/\\\/exaudi.org\\\/wp-content\\\/uploads\\\/2024\\\/01\\\/cq5dam.thumbnail.cropped.1500.844-5.jpeg\",\"keywords\":[\"di\u00e1logo\",\"Iglesia cat\u00f3lica\",\"Iglesias Ortodoxas Orientales\",\"Trending\"],\"articleSection\":[\"Discursos\",\"Le\u00f3n XIV\"],\"inLanguage\":\"es\"},{\"@type\":\"WebPage\",\"@id\":\"https:\\\/\\\/exaudi.org\\\/es\\\/reafirmar-el-camino-hacia-una-unidad-mas-plena-a-traves-de-tres-dialogos-los-de-la-caridad-la-verdad-y-la-vida\\\/\",\"url\":\"https:\\\/\\\/exaudi.org\\\/es\\\/reafirmar-el-camino-hacia-una-unidad-mas-plena-a-traves-de-tres-dialogos-los-de-la-caridad-la-verdad-y-la-vida\\\/\",\"name\":\"Reafirmar el camino hacia una unidad m\u00e1s plena a trav\u00e9s de tres di\u00e1logos: los de la caridad, la verdad y la vida &#8211; Exaudi\",\"isPartOf\":{\"@id\":\"https:\\\/\\\/exaudi.org\\\/#website\"},\"primaryImageOfPage\":{\"@id\":\"https:\\\/\\\/exaudi.org\\\/es\\\/reafirmar-el-camino-hacia-una-unidad-mas-plena-a-traves-de-tres-dialogos-los-de-la-caridad-la-verdad-y-la-vida\\\/#primaryimage\"},\"image\":{\"@id\":\"https:\\\/\\\/exaudi.org\\\/es\\\/reafirmar-el-camino-hacia-una-unidad-mas-plena-a-traves-de-tres-dialogos-los-de-la-caridad-la-verdad-y-la-vida\\\/#primaryimage\"},\"thumbnailUrl\":\"https:\\\/\\\/exaudi.org\\\/wp-content\\\/uploads\\\/2024\\\/01\\\/cq5dam.thumbnail.cropped.1500.844-5.jpeg\",\"datePublished\":\"2024-01-27T09:28:13+00:00\",\"dateModified\":\"2024-01-27T09:31:12+00:00\",\"author\":{\"@id\":\"https:\\\/\\\/exaudi.org\\\/#\\\/schema\\\/person\\\/f5fc8f063065e38742da7afe15f25df7\"},\"breadcrumb\":{\"@id\":\"https:\\\/\\\/exaudi.org\\\/es\\\/reafirmar-el-camino-hacia-una-unidad-mas-plena-a-traves-de-tres-dialogos-los-de-la-caridad-la-verdad-y-la-vida\\\/#breadcrumb\"},\"inLanguage\":\"es\",\"potentialAction\":[{\"@type\":\"ReadAction\",\"target\":[\"https:\\\/\\\/exaudi.org\\\/es\\\/reafirmar-el-camino-hacia-una-unidad-mas-plena-a-traves-de-tres-dialogos-los-de-la-caridad-la-verdad-y-la-vida\\\/\"]}]},{\"@type\":\"ImageObject\",\"inLanguage\":\"es\",\"@id\":\"https:\\\/\\\/exaudi.org\\\/es\\\/reafirmar-el-camino-hacia-una-unidad-mas-plena-a-traves-de-tres-dialogos-los-de-la-caridad-la-verdad-y-la-vida\\\/#primaryimage\",\"url\":\"https:\\\/\\\/exaudi.org\\\/wp-content\\\/uploads\\\/2024\\\/01\\\/cq5dam.thumbnail.cropped.1500.844-5.jpeg\",\"contentUrl\":\"https:\\\/\\\/exaudi.org\\\/wp-content\\\/uploads\\\/2024\\\/01\\\/cq5dam.thumbnail.cropped.1500.844-5.jpeg\",\"width\":1500,\"height\":844},{\"@type\":\"BreadcrumbList\",\"@id\":\"https:\\\/\\\/exaudi.org\\\/es\\\/reafirmar-el-camino-hacia-una-unidad-mas-plena-a-traves-de-tres-dialogos-los-de-la-caridad-la-verdad-y-la-vida\\\/#breadcrumb\",\"itemListElement\":[{\"@type\":\"ListItem\",\"position\":1,\"name\":\"Portada\",\"item\":\"https:\\\/\\\/exaudi.org\\\/es\\\/\"},{\"@type\":\"ListItem\",\"position\":2,\"name\":\"Reafirmar el camino hacia una unidad m\u00e1s plena a trav\u00e9s de tres di\u00e1logos: los de la caridad, la verdad y la vida\"}]},{\"@type\":\"WebSite\",\"@id\":\"https:\\\/\\\/exaudi.org\\\/#website\",\"url\":\"https:\\\/\\\/exaudi.org\\\/\",\"name\":\"Exaudi\",\"description\":\"News\",\"potentialAction\":[{\"@type\":\"SearchAction\",\"target\":{\"@type\":\"EntryPoint\",\"urlTemplate\":\"https:\\\/\\\/exaudi.org\\\/?s={search_term_string}\"},\"query-input\":{\"@type\":\"PropertyValueSpecification\",\"valueRequired\":true,\"valueName\":\"search_term_string\"}}],\"inLanguage\":\"es\"},{\"@type\":\"Person\",\"@id\":\"https:\\\/\\\/exaudi.org\\\/#\\\/schema\\\/person\\\/f5fc8f063065e38742da7afe15f25df7\",\"name\":\"Exaudi Redacci\u00f3n\",\"image\":{\"@type\":\"ImageObject\",\"inLanguage\":\"es\",\"@id\":\"https:\\\/\\\/secure.gravatar.com\\\/avatar\\\/fe0f6a059fb68d9b3e11bc5850dd4899b1c7492091a3cb6dd9b01b56ad828be2?s=96&d=mm&r=g\",\"url\":\"https:\\\/\\\/secure.gravatar.com\\\/avatar\\\/fe0f6a059fb68d9b3e11bc5850dd4899b1c7492091a3cb6dd9b01b56ad828be2?s=96&d=mm&r=g\",\"contentUrl\":\"https:\\\/\\\/secure.gravatar.com\\\/avatar\\\/fe0f6a059fb68d9b3e11bc5850dd4899b1c7492091a3cb6dd9b01b56ad828be2?s=96&d=mm&r=g\",\"caption\":\"Exaudi Redacci\u00f3n\"},\"description\":\"\u00bfQu\u00e9 es Exaudi News? Exaudi News es un medio de comunicaci\u00f3n cat\u00f3lico internacional que informa, forma y transforma, diariamente en espa\u00f1ol, ingl\u00e9s e italiano. A trav\u00e9s de noticias, art\u00edculos de an\u00e1lisis y transmisiones en directo de los eventos del Papa, Exaudi busca fortalecer la unidad de los cristianos y contribuir a la evangelizaci\u00f3n del mundo, siempre guiados por la doctrina social de la Iglesia. Trabajamos para acercar la verdad y los valores cristianos a cada rinc\u00f3n del planeta. \u00a1Ay\u00fadanos a transformar el mundo con Exaudi! En Exaudi creemos que la evangelizaci\u00f3n y la informaci\u00f3n de calidad pueden cambiar vidas. Para continuar con nuestra misi\u00f3n y expandir nuestro alcance, necesitamos tu ayuda. Adem\u00e1s, buscamos personas comprometidas que deseen unirse a nuestro equipo. Con tu apoyo, lograremos llegar a m\u00e1s personas, difundir el mensaje de Cristo y reforzar la unidad de los cristianos. \u00bfTe unes a nuestra misi\u00f3n? Para m\u00e1s informaci\u00f3n sobre c\u00f3mo colaborar, visita Exaudi.org\\\/es o cont\u00e1ctanos directamente: info@exaudi.org Exaudi: Informa, forma y transforma.\",\"sameAs\":[\"https:\\\/\\\/www.facebook.com\\\/ExaudiNoticias\\\/\",\"https:\\\/\\\/www.instagram.com\\\/exaudi_noticias\\\/\",\"https:\\\/\\\/x.com\\\/Exaudi_noticias\",\"https:\\\/\\\/www.youtube.com\\\/@exaudicatholicnews\"],\"url\":\"https:\\\/\\\/exaudi.org\\\/es\\\/author\\\/redaccionexaudi\\\/\"}]}<\/script>\n<!-- \/ Yoast SEO plugin. -->","yoast_head_json":{"title":"Reafirmar el camino hacia una unidad m\u00e1s plena a trav\u00e9s de tres di\u00e1logos: los de la caridad, la verdad y la vida &#8211; Exaudi","robots":{"index":"index","follow":"follow","max-snippet":"max-snippet:-1","max-image-preview":"max-image-preview:large","max-video-preview":"max-video-preview:-1"},"canonical":"https:\/\/exaudi.org\/es\/reafirmar-el-camino-hacia-una-unidad-mas-plena-a-traves-de-tres-dialogos-los-de-la-caridad-la-verdad-y-la-vida\/","og_locale":"es_ES","og_type":"article","og_title":"Reafirmar el camino hacia una unidad m\u00e1s plena a trav\u00e9s de tres di\u00e1logos: los de la caridad, la verdad y la vida &#8211; Exaudi","og_description":"Comisi\u00f3n mixta internacional para el di\u00e1logo teol\u00f3gico entre la Iglesia cat\u00f3lica y las Iglesias ortodoxas orientales","og_url":"https:\/\/exaudi.org\/es\/reafirmar-el-camino-hacia-una-unidad-mas-plena-a-traves-de-tres-dialogos-los-de-la-caridad-la-verdad-y-la-vida\/","og_site_name":"Exaudi","article_publisher":"https:\/\/www.facebook.com\/ExaudiNews","article_author":"https:\/\/www.facebook.com\/ExaudiNoticias\/","article_published_time":"2024-01-27T09:28:13+00:00","article_modified_time":"2024-01-27T09:31:12+00:00","og_image":[{"width":1500,"height":844,"url":"https:\/\/exaudi.org\/wp-content\/uploads\/2024\/01\/cq5dam.thumbnail.cropped.1500.844-5.jpeg","type":"image\/jpeg"}],"author":"Exaudi Redacci\u00f3n","twitter_card":"summary_large_image","twitter_creator":"@Exaudi_noticias","twitter_site":"@Exaudi_News","twitter_misc":{"Escrito por":"Exaudi Redacci\u00f3n","Tiempo de lectura":"6 minutos"},"schema":{"@context":"https:\/\/schema.org","@graph":[{"@type":"Article","@id":"https:\/\/exaudi.org\/es\/reafirmar-el-camino-hacia-una-unidad-mas-plena-a-traves-de-tres-dialogos-los-de-la-caridad-la-verdad-y-la-vida\/#article","isPartOf":{"@id":"https:\/\/exaudi.org\/es\/reafirmar-el-camino-hacia-una-unidad-mas-plena-a-traves-de-tres-dialogos-los-de-la-caridad-la-verdad-y-la-vida\/"},"author":{"name":"Exaudi Redacci\u00f3n","@id":"https:\/\/exaudi.org\/#\/schema\/person\/f5fc8f063065e38742da7afe15f25df7"},"headline":"Reafirmar el camino hacia una unidad m\u00e1s plena a trav\u00e9s de tres di\u00e1logos: los de la caridad, la verdad y la vida","datePublished":"2024-01-27T09:28:13+00:00","dateModified":"2024-01-27T09:31:12+00:00","mainEntityOfPage":{"@id":"https:\/\/exaudi.org\/es\/reafirmar-el-camino-hacia-una-unidad-mas-plena-a-traves-de-tres-dialogos-los-de-la-caridad-la-verdad-y-la-vida\/"},"wordCount":1154,"image":{"@id":"https:\/\/exaudi.org\/es\/reafirmar-el-camino-hacia-una-unidad-mas-plena-a-traves-de-tres-dialogos-los-de-la-caridad-la-verdad-y-la-vida\/#primaryimage"},"thumbnailUrl":"https:\/\/exaudi.org\/wp-content\/uploads\/2024\/01\/cq5dam.thumbnail.cropped.1500.844-5.jpeg","keywords":["di\u00e1logo","Iglesia cat\u00f3lica","Iglesias Ortodoxas Orientales","Trending"],"articleSection":["Discursos","Le\u00f3n XIV"],"inLanguage":"es"},{"@type":"WebPage","@id":"https:\/\/exaudi.org\/es\/reafirmar-el-camino-hacia-una-unidad-mas-plena-a-traves-de-tres-dialogos-los-de-la-caridad-la-verdad-y-la-vida\/","url":"https:\/\/exaudi.org\/es\/reafirmar-el-camino-hacia-una-unidad-mas-plena-a-traves-de-tres-dialogos-los-de-la-caridad-la-verdad-y-la-vida\/","name":"Reafirmar el camino hacia una unidad m\u00e1s plena a trav\u00e9s de tres di\u00e1logos: los de la caridad, la verdad y la vida &#8211; Exaudi","isPartOf":{"@id":"https:\/\/exaudi.org\/#website"},"primaryImageOfPage":{"@id":"https:\/\/exaudi.org\/es\/reafirmar-el-camino-hacia-una-unidad-mas-plena-a-traves-de-tres-dialogos-los-de-la-caridad-la-verdad-y-la-vida\/#primaryimage"},"image":{"@id":"https:\/\/exaudi.org\/es\/reafirmar-el-camino-hacia-una-unidad-mas-plena-a-traves-de-tres-dialogos-los-de-la-caridad-la-verdad-y-la-vida\/#primaryimage"},"thumbnailUrl":"https:\/\/exaudi.org\/wp-content\/uploads\/2024\/01\/cq5dam.thumbnail.cropped.1500.844-5.jpeg","datePublished":"2024-01-27T09:28:13+00:00","dateModified":"2024-01-27T09:31:12+00:00","author":{"@id":"https:\/\/exaudi.org\/#\/schema\/person\/f5fc8f063065e38742da7afe15f25df7"},"breadcrumb":{"@id":"https:\/\/exaudi.org\/es\/reafirmar-el-camino-hacia-una-unidad-mas-plena-a-traves-de-tres-dialogos-los-de-la-caridad-la-verdad-y-la-vida\/#breadcrumb"},"inLanguage":"es","potentialAction":[{"@type":"ReadAction","target":["https:\/\/exaudi.org\/es\/reafirmar-el-camino-hacia-una-unidad-mas-plena-a-traves-de-tres-dialogos-los-de-la-caridad-la-verdad-y-la-vida\/"]}]},{"@type":"ImageObject","inLanguage":"es","@id":"https:\/\/exaudi.org\/es\/reafirmar-el-camino-hacia-una-unidad-mas-plena-a-traves-de-tres-dialogos-los-de-la-caridad-la-verdad-y-la-vida\/#primaryimage","url":"https:\/\/exaudi.org\/wp-content\/uploads\/2024\/01\/cq5dam.thumbnail.cropped.1500.844-5.jpeg","contentUrl":"https:\/\/exaudi.org\/wp-content\/uploads\/2024\/01\/cq5dam.thumbnail.cropped.1500.844-5.jpeg","width":1500,"height":844},{"@type":"BreadcrumbList","@id":"https:\/\/exaudi.org\/es\/reafirmar-el-camino-hacia-una-unidad-mas-plena-a-traves-de-tres-dialogos-los-de-la-caridad-la-verdad-y-la-vida\/#breadcrumb","itemListElement":[{"@type":"ListItem","position":1,"name":"Portada","item":"https:\/\/exaudi.org\/es\/"},{"@type":"ListItem","position":2,"name":"Reafirmar el camino hacia una unidad m\u00e1s plena a trav\u00e9s de tres di\u00e1logos: los de la caridad, la verdad y la vida"}]},{"@type":"WebSite","@id":"https:\/\/exaudi.org\/#website","url":"https:\/\/exaudi.org\/","name":"Exaudi","description":"News","potentialAction":[{"@type":"SearchAction","target":{"@type":"EntryPoint","urlTemplate":"https:\/\/exaudi.org\/?s={search_term_string}"},"query-input":{"@type":"PropertyValueSpecification","valueRequired":true,"valueName":"search_term_string"}}],"inLanguage":"es"},{"@type":"Person","@id":"https:\/\/exaudi.org\/#\/schema\/person\/f5fc8f063065e38742da7afe15f25df7","name":"Exaudi Redacci\u00f3n","image":{"@type":"ImageObject","inLanguage":"es","@id":"https:\/\/secure.gravatar.com\/avatar\/fe0f6a059fb68d9b3e11bc5850dd4899b1c7492091a3cb6dd9b01b56ad828be2?s=96&d=mm&r=g","url":"https:\/\/secure.gravatar.com\/avatar\/fe0f6a059fb68d9b3e11bc5850dd4899b1c7492091a3cb6dd9b01b56ad828be2?s=96&d=mm&r=g","contentUrl":"https:\/\/secure.gravatar.com\/avatar\/fe0f6a059fb68d9b3e11bc5850dd4899b1c7492091a3cb6dd9b01b56ad828be2?s=96&d=mm&r=g","caption":"Exaudi Redacci\u00f3n"},"description":"\u00bfQu\u00e9 es Exaudi News? Exaudi News es un medio de comunicaci\u00f3n cat\u00f3lico internacional que informa, forma y transforma, diariamente en espa\u00f1ol, ingl\u00e9s e italiano. A trav\u00e9s de noticias, art\u00edculos de an\u00e1lisis y transmisiones en directo de los eventos del Papa, Exaudi busca fortalecer la unidad de los cristianos y contribuir a la evangelizaci\u00f3n del mundo, siempre guiados por la doctrina social de la Iglesia. Trabajamos para acercar la verdad y los valores cristianos a cada rinc\u00f3n del planeta. \u00a1Ay\u00fadanos a transformar el mundo con Exaudi! En Exaudi creemos que la evangelizaci\u00f3n y la informaci\u00f3n de calidad pueden cambiar vidas. Para continuar con nuestra misi\u00f3n y expandir nuestro alcance, necesitamos tu ayuda. Adem\u00e1s, buscamos personas comprometidas que deseen unirse a nuestro equipo. Con tu apoyo, lograremos llegar a m\u00e1s personas, difundir el mensaje de Cristo y reforzar la unidad de los cristianos. \u00bfTe unes a nuestra misi\u00f3n? Para m\u00e1s informaci\u00f3n sobre c\u00f3mo colaborar, visita Exaudi.org\/es o cont\u00e1ctanos directamente: info@exaudi.org Exaudi: Informa, forma y transforma.","sameAs":["https:\/\/www.facebook.com\/ExaudiNoticias\/","https:\/\/www.instagram.com\/exaudi_noticias\/","https:\/\/x.com\/Exaudi_noticias","https:\/\/www.youtube.com\/@exaudicatholicnews"],"url":"https:\/\/exaudi.org\/es\/author\/redaccionexaudi\/"}]}},"jetpack_featured_media_url":"https:\/\/exaudi.org\/wp-content\/uploads\/2024\/01\/cq5dam.thumbnail.cropped.1500.844-5.jpeg","jetpack_shortlink":"https:\/\/wp.me\/pgKjF2-ofg","_links":{"self":[{"href":"https:\/\/exaudi.org\/es\/wp-json\/wp\/v2\/posts\/93202","targetHints":{"allow":["GET"]}}],"collection":[{"href":"https:\/\/exaudi.org\/es\/wp-json\/wp\/v2\/posts"}],"about":[{"href":"https:\/\/exaudi.org\/es\/wp-json\/wp\/v2\/types\/post"}],"author":[{"embeddable":true,"href":"https:\/\/exaudi.org\/es\/wp-json\/wp\/v2\/users\/15"}],"replies":[{"embeddable":true,"href":"https:\/\/exaudi.org\/es\/wp-json\/wp\/v2\/comments?post=93202"}],"version-history":[{"count":0,"href":"https:\/\/exaudi.org\/es\/wp-json\/wp\/v2\/posts\/93202\/revisions"}],"wp:featuredmedia":[{"embeddable":true,"href":"https:\/\/exaudi.org\/es\/wp-json\/wp\/v2\/media\/93203"}],"wp:attachment":[{"href":"https:\/\/exaudi.org\/es\/wp-json\/wp\/v2\/media?parent=93202"}],"wp:term":[{"taxonomy":"category","embeddable":true,"href":"https:\/\/exaudi.org\/es\/wp-json\/wp\/v2\/categories?post=93202"},{"taxonomy":"post_tag","embeddable":true,"href":"https:\/\/exaudi.org\/es\/wp-json\/wp\/v2\/tags?post=93202"}],"curies":[{"name":"wp","href":"https:\/\/api.w.org\/{rel}","templated":true}]}}