{"id":93083,"date":"2024-01-26T09:23:13","date_gmt":"2024-01-26T08:23:13","guid":{"rendered":"https:\/\/exaudi.org\/?p=93083"},"modified":"2024-01-26T09:24:22","modified_gmt":"2024-01-26T08:24:22","slug":"liberadas-las-seis-monjas-secuestradas-en-puerto-principe-haiti","status":"publish","type":"post","link":"https:\/\/exaudi.org\/es\/liberadas-las-seis-monjas-secuestradas-en-puerto-principe-haiti\/","title":{"rendered":"Liberadas las seis monjas secuestradas en Puerto Pr\u00edncipe, Hait\u00ed"},"content":{"rendered":"<audio class=\"wp-audio-shortcode\" id=\"audio-93083-1\" preload=\"none\" style=\"width: 100%;\" controls=\"controls\"><source type=\"audio\/mpeg\" src=\"https:\/\/exaudi.org\/wp-content\/uploads\/2024\/01\/Liberadas-las-seis-monjas-secuestradas-en-Puerto-Principe-Haiti.mp3?_=1\" \/><a href=\"https:\/\/exaudi.org\/wp-content\/uploads\/2024\/01\/Liberadas-las-seis-monjas-secuestradas-en-Puerto-Principe-Haiti.mp3\">https:\/\/exaudi.org\/wp-content\/uploads\/2024\/01\/Liberadas-las-seis-monjas-secuestradas-en-Puerto-Principe-Haiti.mp3<\/a><\/audio>\n<p>Las seis hermanas de la Congregaci\u00f3n de Santa Ana secuestradas el 19 de enero en Puerto Pr\u00edncipe (Hait\u00ed) han sido liberadas. Tambi\u00e9n han sido liberadas las dem\u00e1s personas que las acompa\u00f1aban y que fueron tomadas como rehenes por hombres armados que hab\u00edan bloqueado el autob\u00fas en el que viajaban y que, seg\u00fan informan los medios locales, hab\u00edan exigido un rescate de 3,5 millones. La confirmaci\u00f3n de la liberaci\u00f3n lleg\u00f3 a los medios vaticanos a trav\u00e9s del arzobispo metropolitano de la capital haitiana, Max Leroys Mesidor, presidente de la Conferencia Episcopal local, quien expres\u00f3 su alegr\u00eda por la noticia y agradeci\u00f3 a todos los que hab\u00edan prestado atenci\u00f3n y ofrecido su apoyo en esta situaci\u00f3n: \u00ab\u00a1Damos gracias a Dios! Gracias por vuestro apoyo\u00bb.<\/p>\n<h3><strong>El llamamiento del Papa en el \u00c1ngelus<\/strong><\/h3>\n<p>En el \u00c1ngelus del pasado domingo, 21 de enero, el Papa hizo un \u00absentido\u00bb llamamiento desde la ventana del Palacio Apost\u00f3lico por la liberaci\u00f3n de las seis religiosas y por los dramas que vive la isla: \u00abRezo por la armon\u00eda social en el pa\u00eds y hago un llamamiento a todos para que se ponga fin a la violencia que tanto sufrimiento est\u00e1 causando a esa querida poblaci\u00f3n\u00bb, dijo el Pont\u00edfice.<\/p>\n<h3><strong>Las palabras de monse\u00f1or Dumas<\/strong><\/h3>\n<p>A la sentida petici\u00f3n del Papa sigui\u00f3 la de monse\u00f1or Pierre-Andr\u00e9 Dumas, obispo de Anse-\u00e0-Veau-Mirago\u00e2ne y vicepresidente de la Conferencia Episcopal, quien, a trav\u00e9s de los micr\u00f3fonos de Radio Vaticana, hab\u00eda hecho saber que quer\u00eda ofrecerse como reh\u00e9n a cambio de las monjas.\u00a0 \u00abSecuestrar a mujeres que dedican su vida a salvar a los pobres y a los j\u00f3venes es un gesto que ver\u00e1 el juicio de Dios\u00bb, a\u00f1adi\u00f3 el prelado, estigmatizando el secuestro, que se une a los numerosos episodios de violencia que hieren la faz del pa\u00eds.<\/p>\n<p>En una nota difundida hoy, Dumas tambi\u00e9n dio gracias al Se\u00f1or por la liberaci\u00f3n de los ocho rehenes: \u00abEste acontecimiento traum\u00e1tico -escribi\u00f3- ha puesto una vez m\u00e1s a prueba nuestra fe, pero \u00e9sta permanece inquebrantable. Hemos &#8216;clamado&#8217; a Dios, contin\u00faa, y &#8216;\u00c9l nos ha hecho fuertes en nuestras pruebas y ha devuelto a nuestros cautivos a la libertad. Ha convertido los corazones endurecidos y liberar\u00e1 a Hait\u00ed de todo mal, para que todos sus hijos conozcan la alegr\u00eda de una libertad inestimable\u00bb. La Iglesia sigue comprometida con el advenimiento de una era de justicia y de paz en Hait\u00ed\u00bb.<\/p>\n<h3><strong>La Iglesia haitiana en oraci\u00f3n<\/strong><\/h3>\n<p>La propia Iglesia cat\u00f3lica haitiana organiz\u00f3 ayer, 24 de enero, una jornada de oraci\u00f3n, meditaci\u00f3n y adoraci\u00f3n eucar\u00edstica por las monjas y todos los secuestrados. \u00ab\u00a1Que dejen de pisotear la dignidad inalienable de los hijos de Dios!\u00bb, escrib\u00edan en una nota conjunta el arzobispo Mesidor y el padre Morachel Bonhomme, presidente de la Conferencia de Religiosos de Hait\u00ed, invitando a todos los fieles haitianos a \u00aborganizar una cadena de oraciones incesantes\u00bb por la liberaci\u00f3n de los secuestrados. Hoy, pues, la buena noticia de la liberaci\u00f3n.<\/p>\n","protected":false},"excerpt":{"rendered":"<p>Las monjas de la Congregaci\u00f3n de Santa Ana hab\u00edan sido tomadas como rehenes por hombres armados el pasado 19 de enero, cuando viajaban en un autob\u00fas<\/p>\n","protected":false},"author":15,"featured_media":93084,"comment_status":"closed","ping_status":"closed","sticky":false,"template":"","format":"standard","meta":{"_acf_changed":false,"_crdt_document":"","inline_featured_image":false,"footnotes":""},"categories":[74],"tags":[793,449,676,4953,725],"class_list":["post-93083","post","type-post","status-publish","format-standard","has-post-thumbnail","hentry","category-iglesia-y-mundo","tag-haiti","tag-iglesia-catolica","tag-oracion","tag-trending-es","tag-violencia"],"acf":[],"yoast_head":"<!-- This site is optimized with the Yoast SEO plugin v27.5 - https:\/\/yoast.com\/product\/yoast-seo-wordpress\/ -->\n<title>Liberadas las seis monjas secuestradas en Puerto Pr\u00edncipe, Hait\u00ed &#8211; Exaudi<\/title>\n<meta name=\"robots\" content=\"index, follow, max-snippet:-1, max-image-preview:large, max-video-preview:-1\" \/>\n<link rel=\"canonical\" href=\"https:\/\/exaudi.org\/es\/liberadas-las-seis-monjas-secuestradas-en-puerto-principe-haiti\/\" \/>\n<meta property=\"og:locale\" content=\"es_ES\" \/>\n<meta property=\"og:type\" content=\"article\" \/>\n<meta property=\"og:title\" content=\"Liberadas las seis monjas secuestradas en Puerto Pr\u00edncipe, Hait\u00ed &#8211; Exaudi\" \/>\n<meta property=\"og:description\" content=\"Las monjas de la Congregaci\u00f3n de Santa Ana hab\u00edan sido tomadas como rehenes por hombres armados el pasado 19 de enero, cuando viajaban en un autob\u00fas\" \/>\n<meta property=\"og:url\" content=\"https:\/\/exaudi.org\/es\/liberadas-las-seis-monjas-secuestradas-en-puerto-principe-haiti\/\" \/>\n<meta property=\"og:site_name\" content=\"Exaudi\" \/>\n<meta property=\"article:publisher\" content=\"https:\/\/www.facebook.com\/ExaudiNews\" \/>\n<meta property=\"article:author\" content=\"https:\/\/www.facebook.com\/ExaudiNoticias\/\" \/>\n<meta property=\"article:published_time\" content=\"2024-01-26T08:23:13+00:00\" \/>\n<meta property=\"article:modified_time\" content=\"2024-01-26T08:24:22+00:00\" \/>\n<meta property=\"og:image\" content=\"https:\/\/exaudi.org\/wp-content\/uploads\/2024\/01\/cq5dam.thumbnail.cropped.750.422-17.jpeg\" \/>\n\t<meta property=\"og:image:width\" content=\"750\" \/>\n\t<meta property=\"og:image:height\" content=\"422\" \/>\n\t<meta property=\"og:image:type\" content=\"image\/jpeg\" \/>\n<meta name=\"author\" content=\"Exaudi Redacci\u00f3n\" \/>\n<meta name=\"twitter:card\" content=\"summary_large_image\" \/>\n<meta name=\"twitter:creator\" content=\"@Exaudi_noticias\" \/>\n<meta name=\"twitter:site\" content=\"@Exaudi_News\" \/>\n<meta name=\"twitter:label1\" content=\"Escrito por\" \/>\n\t<meta name=\"twitter:data1\" content=\"Exaudi Redacci\u00f3n\" \/>\n\t<meta name=\"twitter:label2\" content=\"Tiempo de lectura\" \/>\n\t<meta name=\"twitter:data2\" content=\"3 minutos\" \/>\n<script type=\"application\/ld+json\" class=\"yoast-schema-graph\">{\"@context\":\"https:\\\/\\\/schema.org\",\"@graph\":[{\"@type\":\"Article\",\"@id\":\"https:\\\/\\\/exaudi.org\\\/es\\\/liberadas-las-seis-monjas-secuestradas-en-puerto-principe-haiti\\\/#article\",\"isPartOf\":{\"@id\":\"https:\\\/\\\/exaudi.org\\\/es\\\/liberadas-las-seis-monjas-secuestradas-en-puerto-principe-haiti\\\/\"},\"author\":{\"name\":\"Exaudi Redacci\u00f3n\",\"@id\":\"https:\\\/\\\/exaudi.org\\\/#\\\/schema\\\/person\\\/f5fc8f063065e38742da7afe15f25df7\"},\"headline\":\"Liberadas las seis monjas secuestradas en Puerto Pr\u00edncipe, Hait\u00ed\",\"datePublished\":\"2024-01-26T08:23:13+00:00\",\"dateModified\":\"2024-01-26T08:24:22+00:00\",\"mainEntityOfPage\":{\"@id\":\"https:\\\/\\\/exaudi.org\\\/es\\\/liberadas-las-seis-monjas-secuestradas-en-puerto-principe-haiti\\\/\"},\"wordCount\":550,\"image\":{\"@id\":\"https:\\\/\\\/exaudi.org\\\/es\\\/liberadas-las-seis-monjas-secuestradas-en-puerto-principe-haiti\\\/#primaryimage\"},\"thumbnailUrl\":\"https:\\\/\\\/exaudi.org\\\/wp-content\\\/uploads\\\/2024\\\/01\\\/cq5dam.thumbnail.cropped.750.422-17.jpeg\",\"keywords\":[\"Hait\u00ed\",\"Iglesia cat\u00f3lica\",\"Oraci\u00f3n\",\"Trending\",\"violencia\"],\"articleSection\":[\"Iglesia y Mundo\"],\"inLanguage\":\"es\"},{\"@type\":\"WebPage\",\"@id\":\"https:\\\/\\\/exaudi.org\\\/es\\\/liberadas-las-seis-monjas-secuestradas-en-puerto-principe-haiti\\\/\",\"url\":\"https:\\\/\\\/exaudi.org\\\/es\\\/liberadas-las-seis-monjas-secuestradas-en-puerto-principe-haiti\\\/\",\"name\":\"Liberadas las seis monjas secuestradas en Puerto Pr\u00edncipe, Hait\u00ed &#8211; Exaudi\",\"isPartOf\":{\"@id\":\"https:\\\/\\\/exaudi.org\\\/#website\"},\"primaryImageOfPage\":{\"@id\":\"https:\\\/\\\/exaudi.org\\\/es\\\/liberadas-las-seis-monjas-secuestradas-en-puerto-principe-haiti\\\/#primaryimage\"},\"image\":{\"@id\":\"https:\\\/\\\/exaudi.org\\\/es\\\/liberadas-las-seis-monjas-secuestradas-en-puerto-principe-haiti\\\/#primaryimage\"},\"thumbnailUrl\":\"https:\\\/\\\/exaudi.org\\\/wp-content\\\/uploads\\\/2024\\\/01\\\/cq5dam.thumbnail.cropped.750.422-17.jpeg\",\"datePublished\":\"2024-01-26T08:23:13+00:00\",\"dateModified\":\"2024-01-26T08:24:22+00:00\",\"author\":{\"@id\":\"https:\\\/\\\/exaudi.org\\\/#\\\/schema\\\/person\\\/f5fc8f063065e38742da7afe15f25df7\"},\"breadcrumb\":{\"@id\":\"https:\\\/\\\/exaudi.org\\\/es\\\/liberadas-las-seis-monjas-secuestradas-en-puerto-principe-haiti\\\/#breadcrumb\"},\"inLanguage\":\"es\",\"potentialAction\":[{\"@type\":\"ReadAction\",\"target\":[\"https:\\\/\\\/exaudi.org\\\/es\\\/liberadas-las-seis-monjas-secuestradas-en-puerto-principe-haiti\\\/\"]}]},{\"@type\":\"ImageObject\",\"inLanguage\":\"es\",\"@id\":\"https:\\\/\\\/exaudi.org\\\/es\\\/liberadas-las-seis-monjas-secuestradas-en-puerto-principe-haiti\\\/#primaryimage\",\"url\":\"https:\\\/\\\/exaudi.org\\\/wp-content\\\/uploads\\\/2024\\\/01\\\/cq5dam.thumbnail.cropped.750.422-17.jpeg\",\"contentUrl\":\"https:\\\/\\\/exaudi.org\\\/wp-content\\\/uploads\\\/2024\\\/01\\\/cq5dam.thumbnail.cropped.750.422-17.jpeg\",\"width\":750,\"height\":422},{\"@type\":\"BreadcrumbList\",\"@id\":\"https:\\\/\\\/exaudi.org\\\/es\\\/liberadas-las-seis-monjas-secuestradas-en-puerto-principe-haiti\\\/#breadcrumb\",\"itemListElement\":[{\"@type\":\"ListItem\",\"position\":1,\"name\":\"Portada\",\"item\":\"https:\\\/\\\/exaudi.org\\\/es\\\/\"},{\"@type\":\"ListItem\",\"position\":2,\"name\":\"Liberadas las seis monjas secuestradas en Puerto Pr\u00edncipe, Hait\u00ed\"}]},{\"@type\":\"WebSite\",\"@id\":\"https:\\\/\\\/exaudi.org\\\/#website\",\"url\":\"https:\\\/\\\/exaudi.org\\\/\",\"name\":\"Exaudi\",\"description\":\"News\",\"potentialAction\":[{\"@type\":\"SearchAction\",\"target\":{\"@type\":\"EntryPoint\",\"urlTemplate\":\"https:\\\/\\\/exaudi.org\\\/?s={search_term_string}\"},\"query-input\":{\"@type\":\"PropertyValueSpecification\",\"valueRequired\":true,\"valueName\":\"search_term_string\"}}],\"inLanguage\":\"es\"},{\"@type\":\"Person\",\"@id\":\"https:\\\/\\\/exaudi.org\\\/#\\\/schema\\\/person\\\/f5fc8f063065e38742da7afe15f25df7\",\"name\":\"Exaudi Redacci\u00f3n\",\"image\":{\"@type\":\"ImageObject\",\"inLanguage\":\"es\",\"@id\":\"https:\\\/\\\/secure.gravatar.com\\\/avatar\\\/fe0f6a059fb68d9b3e11bc5850dd4899b1c7492091a3cb6dd9b01b56ad828be2?s=96&d=mm&r=g\",\"url\":\"https:\\\/\\\/secure.gravatar.com\\\/avatar\\\/fe0f6a059fb68d9b3e11bc5850dd4899b1c7492091a3cb6dd9b01b56ad828be2?s=96&d=mm&r=g\",\"contentUrl\":\"https:\\\/\\\/secure.gravatar.com\\\/avatar\\\/fe0f6a059fb68d9b3e11bc5850dd4899b1c7492091a3cb6dd9b01b56ad828be2?s=96&d=mm&r=g\",\"caption\":\"Exaudi Redacci\u00f3n\"},\"description\":\"\u00bfQu\u00e9 es Exaudi News? Exaudi News es un medio de comunicaci\u00f3n cat\u00f3lico internacional que informa, forma y transforma, diariamente en espa\u00f1ol, ingl\u00e9s e italiano. A trav\u00e9s de noticias, art\u00edculos de an\u00e1lisis y transmisiones en directo de los eventos del Papa, Exaudi busca fortalecer la unidad de los cristianos y contribuir a la evangelizaci\u00f3n del mundo, siempre guiados por la doctrina social de la Iglesia. Trabajamos para acercar la verdad y los valores cristianos a cada rinc\u00f3n del planeta. \u00a1Ay\u00fadanos a transformar el mundo con Exaudi! En Exaudi creemos que la evangelizaci\u00f3n y la informaci\u00f3n de calidad pueden cambiar vidas. Para continuar con nuestra misi\u00f3n y expandir nuestro alcance, necesitamos tu ayuda. Adem\u00e1s, buscamos personas comprometidas que deseen unirse a nuestro equipo. Con tu apoyo, lograremos llegar a m\u00e1s personas, difundir el mensaje de Cristo y reforzar la unidad de los cristianos. \u00bfTe unes a nuestra misi\u00f3n? Para m\u00e1s informaci\u00f3n sobre c\u00f3mo colaborar, visita Exaudi.org\\\/es o cont\u00e1ctanos directamente: info@exaudi.org Exaudi: Informa, forma y transforma.\",\"sameAs\":[\"https:\\\/\\\/www.facebook.com\\\/ExaudiNoticias\\\/\",\"https:\\\/\\\/www.instagram.com\\\/exaudi_noticias\\\/\",\"https:\\\/\\\/x.com\\\/Exaudi_noticias\",\"https:\\\/\\\/www.youtube.com\\\/@exaudicatholicnews\"],\"url\":\"https:\\\/\\\/exaudi.org\\\/es\\\/author\\\/redaccionexaudi\\\/\"}]}<\/script>\n<!-- \/ Yoast SEO plugin. -->","yoast_head_json":{"title":"Liberadas las seis monjas secuestradas en Puerto Pr\u00edncipe, Hait\u00ed &#8211; Exaudi","robots":{"index":"index","follow":"follow","max-snippet":"max-snippet:-1","max-image-preview":"max-image-preview:large","max-video-preview":"max-video-preview:-1"},"canonical":"https:\/\/exaudi.org\/es\/liberadas-las-seis-monjas-secuestradas-en-puerto-principe-haiti\/","og_locale":"es_ES","og_type":"article","og_title":"Liberadas las seis monjas secuestradas en Puerto Pr\u00edncipe, Hait\u00ed &#8211; Exaudi","og_description":"Las monjas de la Congregaci\u00f3n de Santa Ana hab\u00edan sido tomadas como rehenes por hombres armados el pasado 19 de enero, cuando viajaban en un autob\u00fas","og_url":"https:\/\/exaudi.org\/es\/liberadas-las-seis-monjas-secuestradas-en-puerto-principe-haiti\/","og_site_name":"Exaudi","article_publisher":"https:\/\/www.facebook.com\/ExaudiNews","article_author":"https:\/\/www.facebook.com\/ExaudiNoticias\/","article_published_time":"2024-01-26T08:23:13+00:00","article_modified_time":"2024-01-26T08:24:22+00:00","og_image":[{"width":750,"height":422,"url":"https:\/\/exaudi.org\/wp-content\/uploads\/2024\/01\/cq5dam.thumbnail.cropped.750.422-17.jpeg","type":"image\/jpeg"}],"author":"Exaudi Redacci\u00f3n","twitter_card":"summary_large_image","twitter_creator":"@Exaudi_noticias","twitter_site":"@Exaudi_News","twitter_misc":{"Escrito por":"Exaudi Redacci\u00f3n","Tiempo de lectura":"3 minutos"},"schema":{"@context":"https:\/\/schema.org","@graph":[{"@type":"Article","@id":"https:\/\/exaudi.org\/es\/liberadas-las-seis-monjas-secuestradas-en-puerto-principe-haiti\/#article","isPartOf":{"@id":"https:\/\/exaudi.org\/es\/liberadas-las-seis-monjas-secuestradas-en-puerto-principe-haiti\/"},"author":{"name":"Exaudi Redacci\u00f3n","@id":"https:\/\/exaudi.org\/#\/schema\/person\/f5fc8f063065e38742da7afe15f25df7"},"headline":"Liberadas las seis monjas secuestradas en Puerto Pr\u00edncipe, Hait\u00ed","datePublished":"2024-01-26T08:23:13+00:00","dateModified":"2024-01-26T08:24:22+00:00","mainEntityOfPage":{"@id":"https:\/\/exaudi.org\/es\/liberadas-las-seis-monjas-secuestradas-en-puerto-principe-haiti\/"},"wordCount":550,"image":{"@id":"https:\/\/exaudi.org\/es\/liberadas-las-seis-monjas-secuestradas-en-puerto-principe-haiti\/#primaryimage"},"thumbnailUrl":"https:\/\/exaudi.org\/wp-content\/uploads\/2024\/01\/cq5dam.thumbnail.cropped.750.422-17.jpeg","keywords":["Hait\u00ed","Iglesia cat\u00f3lica","Oraci\u00f3n","Trending","violencia"],"articleSection":["Iglesia y Mundo"],"inLanguage":"es"},{"@type":"WebPage","@id":"https:\/\/exaudi.org\/es\/liberadas-las-seis-monjas-secuestradas-en-puerto-principe-haiti\/","url":"https:\/\/exaudi.org\/es\/liberadas-las-seis-monjas-secuestradas-en-puerto-principe-haiti\/","name":"Liberadas las seis monjas secuestradas en Puerto Pr\u00edncipe, Hait\u00ed &#8211; Exaudi","isPartOf":{"@id":"https:\/\/exaudi.org\/#website"},"primaryImageOfPage":{"@id":"https:\/\/exaudi.org\/es\/liberadas-las-seis-monjas-secuestradas-en-puerto-principe-haiti\/#primaryimage"},"image":{"@id":"https:\/\/exaudi.org\/es\/liberadas-las-seis-monjas-secuestradas-en-puerto-principe-haiti\/#primaryimage"},"thumbnailUrl":"https:\/\/exaudi.org\/wp-content\/uploads\/2024\/01\/cq5dam.thumbnail.cropped.750.422-17.jpeg","datePublished":"2024-01-26T08:23:13+00:00","dateModified":"2024-01-26T08:24:22+00:00","author":{"@id":"https:\/\/exaudi.org\/#\/schema\/person\/f5fc8f063065e38742da7afe15f25df7"},"breadcrumb":{"@id":"https:\/\/exaudi.org\/es\/liberadas-las-seis-monjas-secuestradas-en-puerto-principe-haiti\/#breadcrumb"},"inLanguage":"es","potentialAction":[{"@type":"ReadAction","target":["https:\/\/exaudi.org\/es\/liberadas-las-seis-monjas-secuestradas-en-puerto-principe-haiti\/"]}]},{"@type":"ImageObject","inLanguage":"es","@id":"https:\/\/exaudi.org\/es\/liberadas-las-seis-monjas-secuestradas-en-puerto-principe-haiti\/#primaryimage","url":"https:\/\/exaudi.org\/wp-content\/uploads\/2024\/01\/cq5dam.thumbnail.cropped.750.422-17.jpeg","contentUrl":"https:\/\/exaudi.org\/wp-content\/uploads\/2024\/01\/cq5dam.thumbnail.cropped.750.422-17.jpeg","width":750,"height":422},{"@type":"BreadcrumbList","@id":"https:\/\/exaudi.org\/es\/liberadas-las-seis-monjas-secuestradas-en-puerto-principe-haiti\/#breadcrumb","itemListElement":[{"@type":"ListItem","position":1,"name":"Portada","item":"https:\/\/exaudi.org\/es\/"},{"@type":"ListItem","position":2,"name":"Liberadas las seis monjas secuestradas en Puerto Pr\u00edncipe, Hait\u00ed"}]},{"@type":"WebSite","@id":"https:\/\/exaudi.org\/#website","url":"https:\/\/exaudi.org\/","name":"Exaudi","description":"News","potentialAction":[{"@type":"SearchAction","target":{"@type":"EntryPoint","urlTemplate":"https:\/\/exaudi.org\/?s={search_term_string}"},"query-input":{"@type":"PropertyValueSpecification","valueRequired":true,"valueName":"search_term_string"}}],"inLanguage":"es"},{"@type":"Person","@id":"https:\/\/exaudi.org\/#\/schema\/person\/f5fc8f063065e38742da7afe15f25df7","name":"Exaudi Redacci\u00f3n","image":{"@type":"ImageObject","inLanguage":"es","@id":"https:\/\/secure.gravatar.com\/avatar\/fe0f6a059fb68d9b3e11bc5850dd4899b1c7492091a3cb6dd9b01b56ad828be2?s=96&d=mm&r=g","url":"https:\/\/secure.gravatar.com\/avatar\/fe0f6a059fb68d9b3e11bc5850dd4899b1c7492091a3cb6dd9b01b56ad828be2?s=96&d=mm&r=g","contentUrl":"https:\/\/secure.gravatar.com\/avatar\/fe0f6a059fb68d9b3e11bc5850dd4899b1c7492091a3cb6dd9b01b56ad828be2?s=96&d=mm&r=g","caption":"Exaudi Redacci\u00f3n"},"description":"\u00bfQu\u00e9 es Exaudi News? Exaudi News es un medio de comunicaci\u00f3n cat\u00f3lico internacional que informa, forma y transforma, diariamente en espa\u00f1ol, ingl\u00e9s e italiano. A trav\u00e9s de noticias, art\u00edculos de an\u00e1lisis y transmisiones en directo de los eventos del Papa, Exaudi busca fortalecer la unidad de los cristianos y contribuir a la evangelizaci\u00f3n del mundo, siempre guiados por la doctrina social de la Iglesia. Trabajamos para acercar la verdad y los valores cristianos a cada rinc\u00f3n del planeta. \u00a1Ay\u00fadanos a transformar el mundo con Exaudi! En Exaudi creemos que la evangelizaci\u00f3n y la informaci\u00f3n de calidad pueden cambiar vidas. Para continuar con nuestra misi\u00f3n y expandir nuestro alcance, necesitamos tu ayuda. Adem\u00e1s, buscamos personas comprometidas que deseen unirse a nuestro equipo. Con tu apoyo, lograremos llegar a m\u00e1s personas, difundir el mensaje de Cristo y reforzar la unidad de los cristianos. \u00bfTe unes a nuestra misi\u00f3n? Para m\u00e1s informaci\u00f3n sobre c\u00f3mo colaborar, visita Exaudi.org\/es o cont\u00e1ctanos directamente: info@exaudi.org Exaudi: Informa, forma y transforma.","sameAs":["https:\/\/www.facebook.com\/ExaudiNoticias\/","https:\/\/www.instagram.com\/exaudi_noticias\/","https:\/\/x.com\/Exaudi_noticias","https:\/\/www.youtube.com\/@exaudicatholicnews"],"url":"https:\/\/exaudi.org\/es\/author\/redaccionexaudi\/"}]}},"jetpack_featured_media_url":"https:\/\/exaudi.org\/wp-content\/uploads\/2024\/01\/cq5dam.thumbnail.cropped.750.422-17.jpeg","jetpack_shortlink":"https:\/\/wp.me\/pgKjF2-odl","_links":{"self":[{"href":"https:\/\/exaudi.org\/es\/wp-json\/wp\/v2\/posts\/93083","targetHints":{"allow":["GET"]}}],"collection":[{"href":"https:\/\/exaudi.org\/es\/wp-json\/wp\/v2\/posts"}],"about":[{"href":"https:\/\/exaudi.org\/es\/wp-json\/wp\/v2\/types\/post"}],"author":[{"embeddable":true,"href":"https:\/\/exaudi.org\/es\/wp-json\/wp\/v2\/users\/15"}],"replies":[{"embeddable":true,"href":"https:\/\/exaudi.org\/es\/wp-json\/wp\/v2\/comments?post=93083"}],"version-history":[{"count":0,"href":"https:\/\/exaudi.org\/es\/wp-json\/wp\/v2\/posts\/93083\/revisions"}],"wp:featuredmedia":[{"embeddable":true,"href":"https:\/\/exaudi.org\/es\/wp-json\/wp\/v2\/media\/93084"}],"wp:attachment":[{"href":"https:\/\/exaudi.org\/es\/wp-json\/wp\/v2\/media?parent=93083"}],"wp:term":[{"taxonomy":"category","embeddable":true,"href":"https:\/\/exaudi.org\/es\/wp-json\/wp\/v2\/categories?post=93083"},{"taxonomy":"post_tag","embeddable":true,"href":"https:\/\/exaudi.org\/es\/wp-json\/wp\/v2\/tags?post=93083"}],"curies":[{"name":"wp","href":"https:\/\/api.w.org\/{rel}","templated":true}]}}