{"id":92912,"date":"2024-01-25T08:30:55","date_gmt":"2024-01-25T07:30:55","guid":{"rendered":"https:\/\/exaudi.org\/?p=92912"},"modified":"2024-01-24T12:44:09","modified_gmt":"2024-01-24T11:44:09","slug":"que-liderazgo-necesita-espana","status":"publish","type":"post","link":"https:\/\/exaudi.org\/es\/que-liderazgo-necesita-espana\/","title":{"rendered":"\u00bfQu\u00e9 liderazgo necesita Espa\u00f1a?"},"content":{"rendered":"<audio class=\"wp-audio-shortcode\" id=\"audio-92912-1\" preload=\"none\" style=\"width: 100%;\" controls=\"controls\"><source type=\"audio\/mpeg\" src=\"https:\/\/exaudi.org\/wp-content\/uploads\/2024\/01\/\u00bfQue-liderazgo-necesita-Espana.mp3?_=1\" \/><a href=\"https:\/\/exaudi.org\/wp-content\/uploads\/2024\/01\/\u00bfQue-liderazgo-necesita-Espana.mp3\">https:\/\/exaudi.org\/wp-content\/uploads\/2024\/01\/\u00bfQue-liderazgo-necesita-Espana.mp3<\/a><\/audio>\n<p>Enraizados, clausura su programa formativo, \u201c<em><strong>Liderar es amar<\/strong><\/em>\u201d, con una mesa redonda de l\u00edderes sociales: <strong>Mar\u00eda Men\u00e9ndez<\/strong>, vicepresidenta de FEDMA (Federaci\u00f3n de Familias Numerosas de Madrid), <strong>Jes\u00fas Poveda,<\/strong> profesor de Psiquiatr\u00eda en la Universidad Aut\u00f3noma de Madrid y <strong>Beatriz Morillo<\/strong>, experta en dise\u00f1o y direcci\u00f3n de Proyectos Sociales.<\/p>\n<p>El debate estar\u00e1 moderado por <strong>Jaime Urcelay,<\/strong> director del curso y <strong>tendr\u00e1 lugar en Madrid el pr\u00f3ximo jueves 1 de febrero a las 19.30 h en la Universidad Francisco Marroqu\u00edn ( C\/ Arturo Soria, 245).<\/strong><\/p>\n<p>En el transcurso del programa \u201c<em><strong>Liderar es amar<\/strong><\/em>\u201d y de la mano de especialistas en el liderazgo cat\u00f3lico -Jaime Urcelay, Ignacio Men\u00e9ndez Ros, Sergio Cardona, Enrique Ruiz, Miguel G\u00f3mez de Ag\u00fcero- y de expertos en la Doctrina Social de la Iglesia -Jaime Oliver Gornals y Jos\u00e9 Castro Velarde- los estudiantes del curso profundizaron en los siguientes aspectos:<\/p>\n<ul>\n<li>Qu\u00e9 es ser un l\u00edder cristino en el siglo XXI<\/li>\n<li>Cu\u00e1l es el rol del l\u00edder.<\/li>\n<li>El perfil del l\u00edder. Valores y Virtudes.<\/li>\n<li>Estilos de liderazgo<\/li>\n<li>Autodesarrollo y liderazgo de la propia vida<\/li>\n<li>Desarrollo de habilidades personales: comunicaci\u00f3n, inteligencia emocional, desarrollo de personas, gesti\u00f3n de conflictos.<\/li>\n<\/ul>\n<p>Todo ello basado en lo que el Magisterio Social de la Iglesia ense\u00f1a para un correcto orden en la sociedad:<\/p>\n<ul>\n<li>La supremac\u00eda de la persona y su dignidad<\/li>\n<li>La apertura al otro y la dimensi\u00f3n social de la persona: solidaridad<\/li>\n<li>La apuesta por la libertad y los talentos de cada cual aplicando la subsidiariedad y la participaci\u00f3n<\/li>\n<li>El papel de la autoridad y del poder<\/li>\n<li>El Bien Com\u00fan como fin de la vida social<strong>\u00a0<\/strong><\/li>\n<\/ul>\n<p><strong>La confirmaci\u00f3n de asistencia al evento<\/strong> es necesaria por causa de aforo y <a href=\"https:\/\/docs.google.com\/forms\/d\/e\/1FAIpQLSeOh0Dco4gzdufb9MJnmJJfceYd7N4-LBMC5IiIam3qAek7OA\/viewform\" target=\"_blank\" rel=\"noopener\"><strong>se realiza a trav\u00e9s de este enlace<\/strong><\/a>. Al final del mismo se servir\u00e1 un Vino Espa\u00f1ol.<\/p>\n<p><img loading=\"lazy\" decoding=\"async\" class=\"size-full wp-image-92913 aligncenter\" src=\"https:\/\/exaudi.org\/wp-content\/uploads\/2024\/01\/Imagen-de-WhatsApp-2024-01-24-a-las-12.26.58_f21d09f9.jpg\" alt=\"\" width=\"680\" height=\"680\" srcset=\"https:\/\/exaudi.org\/wp-content\/uploads\/2024\/01\/Imagen-de-WhatsApp-2024-01-24-a-las-12.26.58_f21d09f9.jpg 680w, https:\/\/exaudi.org\/wp-content\/uploads\/2024\/01\/Imagen-de-WhatsApp-2024-01-24-a-las-12.26.58_f21d09f9-300x300.jpg 300w, https:\/\/exaudi.org\/wp-content\/uploads\/2024\/01\/Imagen-de-WhatsApp-2024-01-24-a-las-12.26.58_f21d09f9-100x100.jpg?crop=1 100w, https:\/\/exaudi.org\/wp-content\/uploads\/2024\/01\/Imagen-de-WhatsApp-2024-01-24-a-las-12.26.58_f21d09f9-500x500.jpg 500w, https:\/\/exaudi.org\/wp-content\/uploads\/2024\/01\/Imagen-de-WhatsApp-2024-01-24-a-las-12.26.58_f21d09f9-293x293.jpg 293w, https:\/\/exaudi.org\/wp-content\/uploads\/2024\/01\/Imagen-de-WhatsApp-2024-01-24-a-las-12.26.58_f21d09f9-390x390.jpg 390w, https:\/\/exaudi.org\/wp-content\/uploads\/2024\/01\/Imagen-de-WhatsApp-2024-01-24-a-las-12.26.58_f21d09f9-585x585.jpg 585w\" sizes=\"auto, (max-width: 680px) 100vw, 680px\" \/><\/p>\n","protected":false},"excerpt":{"rendered":"<p>Mar\u00eda Men\u00e9ndez, Jes\u00fas Poveda y Beatriz Morillo debatir\u00e1n, desde su propia experiencia personal, las habilidades necesarias que precisa un verdadero l\u00edder para hacer del bien com\u00fan un proyecto de vida<\/p>\n","protected":false},"author":15,"featured_media":92920,"comment_status":"closed","ping_status":"closed","sticky":false,"template":"","format":"standard","meta":{"_acf_changed":false,"_crdt_document":"","inline_featured_image":false,"footnotes":""},"categories":[59],"tags":[10142,12438,1008,12439,12441,12436,10630,12437,4953,12440,12442],"class_list":["post-92912","post","type-post","status-publish","format-standard","has-post-thumbnail","hentry","category-featured-news","tag-asociacion-enraizados","tag-beatriz-morillo","tag-espana","tag-federacion-de-familias-numerosas-de-madrid","tag-jaime-urcelay","tag-jesus-poveda","tag-liderazgo","tag-maria-menendez","tag-trending-es","tag-universidad-autonoma-de-madrid","tag-universidad-francisco-marroquin"],"acf":[],"yoast_head":"<!-- This site is optimized with the Yoast SEO plugin v27.5 - https:\/\/yoast.com\/product\/yoast-seo-wordpress\/ -->\n<title>\u00bfQu\u00e9 liderazgo necesita Espa\u00f1a? &#8211; Exaudi<\/title>\n<meta name=\"robots\" content=\"index, follow, max-snippet:-1, max-image-preview:large, max-video-preview:-1\" \/>\n<link rel=\"canonical\" href=\"https:\/\/exaudi.org\/es\/que-liderazgo-necesita-espana\/\" \/>\n<meta property=\"og:locale\" content=\"es_ES\" \/>\n<meta property=\"og:type\" content=\"article\" \/>\n<meta property=\"og:title\" content=\"\u00bfQu\u00e9 liderazgo necesita Espa\u00f1a? &#8211; Exaudi\" \/>\n<meta property=\"og:description\" content=\"Mar\u00eda Men\u00e9ndez, Jes\u00fas Poveda y Beatriz Morillo debatir\u00e1n, desde su propia experiencia personal, las habilidades necesarias que precisa un verdadero l\u00edder para hacer del bien com\u00fan un proyecto de vida\" \/>\n<meta property=\"og:url\" content=\"https:\/\/exaudi.org\/es\/que-liderazgo-necesita-espana\/\" \/>\n<meta property=\"og:site_name\" content=\"Exaudi\" \/>\n<meta property=\"article:publisher\" content=\"https:\/\/www.facebook.com\/ExaudiNews\" \/>\n<meta property=\"article:author\" content=\"https:\/\/www.facebook.com\/ExaudiNoticias\/\" \/>\n<meta property=\"article:published_time\" content=\"2024-01-25T07:30:55+00:00\" \/>\n<meta property=\"og:image\" content=\"https:\/\/exaudi.org\/wp-content\/uploads\/2024\/01\/Liderazgo.jpg\" \/>\n\t<meta property=\"og:image:width\" content=\"1050\" \/>\n\t<meta property=\"og:image:height\" content=\"567\" \/>\n\t<meta property=\"og:image:type\" content=\"image\/jpeg\" \/>\n<meta name=\"author\" content=\"Exaudi Redacci\u00f3n\" \/>\n<meta name=\"twitter:card\" content=\"summary_large_image\" \/>\n<meta name=\"twitter:creator\" content=\"@Exaudi_noticias\" \/>\n<meta name=\"twitter:site\" content=\"@Exaudi_News\" \/>\n<meta name=\"twitter:label1\" content=\"Escrito por\" \/>\n\t<meta name=\"twitter:data1\" content=\"Exaudi Redacci\u00f3n\" \/>\n\t<meta name=\"twitter:label2\" content=\"Tiempo de lectura\" \/>\n\t<meta name=\"twitter:data2\" content=\"2 minutos\" \/>\n<script type=\"application\/ld+json\" class=\"yoast-schema-graph\">{\"@context\":\"https:\\\/\\\/schema.org\",\"@graph\":[{\"@type\":\"Article\",\"@id\":\"https:\\\/\\\/exaudi.org\\\/es\\\/que-liderazgo-necesita-espana\\\/#article\",\"isPartOf\":{\"@id\":\"https:\\\/\\\/exaudi.org\\\/es\\\/que-liderazgo-necesita-espana\\\/\"},\"author\":{\"name\":\"Exaudi Redacci\u00f3n\",\"@id\":\"https:\\\/\\\/exaudi.org\\\/#\\\/schema\\\/person\\\/f5fc8f063065e38742da7afe15f25df7\"},\"headline\":\"\u00bfQu\u00e9 liderazgo necesita Espa\u00f1a?\",\"datePublished\":\"2024-01-25T07:30:55+00:00\",\"mainEntityOfPage\":{\"@id\":\"https:\\\/\\\/exaudi.org\\\/es\\\/que-liderazgo-necesita-espana\\\/\"},\"wordCount\":329,\"image\":{\"@id\":\"https:\\\/\\\/exaudi.org\\\/es\\\/que-liderazgo-necesita-espana\\\/#primaryimage\"},\"thumbnailUrl\":\"https:\\\/\\\/exaudi.org\\\/wp-content\\\/uploads\\\/2024\\\/01\\\/Liderazgo.jpg\",\"keywords\":[\"Asociaci\u00f3n Enraizados\",\"Beatriz Morillo\",\"Espa\u00f1a\",\"Federaci\u00f3n de Familias Numerosas de Madrid\",\"Jaime Urcelay\",\"Jes\u00fas Poveda\",\"liderazgo\",\"Mar\u00eda Men\u00e9ndez\",\"Trending\",\"Universidad Aut\u00f3noma de Madrid\",\"Universidad Francisco Marroqu\u00edn\"],\"articleSection\":[\"Featured News\"],\"inLanguage\":\"es\"},{\"@type\":\"WebPage\",\"@id\":\"https:\\\/\\\/exaudi.org\\\/es\\\/que-liderazgo-necesita-espana\\\/\",\"url\":\"https:\\\/\\\/exaudi.org\\\/es\\\/que-liderazgo-necesita-espana\\\/\",\"name\":\"\u00bfQu\u00e9 liderazgo necesita Espa\u00f1a? &#8211; Exaudi\",\"isPartOf\":{\"@id\":\"https:\\\/\\\/exaudi.org\\\/#website\"},\"primaryImageOfPage\":{\"@id\":\"https:\\\/\\\/exaudi.org\\\/es\\\/que-liderazgo-necesita-espana\\\/#primaryimage\"},\"image\":{\"@id\":\"https:\\\/\\\/exaudi.org\\\/es\\\/que-liderazgo-necesita-espana\\\/#primaryimage\"},\"thumbnailUrl\":\"https:\\\/\\\/exaudi.org\\\/wp-content\\\/uploads\\\/2024\\\/01\\\/Liderazgo.jpg\",\"datePublished\":\"2024-01-25T07:30:55+00:00\",\"author\":{\"@id\":\"https:\\\/\\\/exaudi.org\\\/#\\\/schema\\\/person\\\/f5fc8f063065e38742da7afe15f25df7\"},\"breadcrumb\":{\"@id\":\"https:\\\/\\\/exaudi.org\\\/es\\\/que-liderazgo-necesita-espana\\\/#breadcrumb\"},\"inLanguage\":\"es\",\"potentialAction\":[{\"@type\":\"ReadAction\",\"target\":[\"https:\\\/\\\/exaudi.org\\\/es\\\/que-liderazgo-necesita-espana\\\/\"]}]},{\"@type\":\"ImageObject\",\"inLanguage\":\"es\",\"@id\":\"https:\\\/\\\/exaudi.org\\\/es\\\/que-liderazgo-necesita-espana\\\/#primaryimage\",\"url\":\"https:\\\/\\\/exaudi.org\\\/wp-content\\\/uploads\\\/2024\\\/01\\\/Liderazgo.jpg\",\"contentUrl\":\"https:\\\/\\\/exaudi.org\\\/wp-content\\\/uploads\\\/2024\\\/01\\\/Liderazgo.jpg\",\"width\":1050,\"height\":567},{\"@type\":\"BreadcrumbList\",\"@id\":\"https:\\\/\\\/exaudi.org\\\/es\\\/que-liderazgo-necesita-espana\\\/#breadcrumb\",\"itemListElement\":[{\"@type\":\"ListItem\",\"position\":1,\"name\":\"Portada\",\"item\":\"https:\\\/\\\/exaudi.org\\\/es\\\/\"},{\"@type\":\"ListItem\",\"position\":2,\"name\":\"\u00bfQu\u00e9 liderazgo necesita Espa\u00f1a?\"}]},{\"@type\":\"WebSite\",\"@id\":\"https:\\\/\\\/exaudi.org\\\/#website\",\"url\":\"https:\\\/\\\/exaudi.org\\\/\",\"name\":\"Exaudi\",\"description\":\"News\",\"potentialAction\":[{\"@type\":\"SearchAction\",\"target\":{\"@type\":\"EntryPoint\",\"urlTemplate\":\"https:\\\/\\\/exaudi.org\\\/?s={search_term_string}\"},\"query-input\":{\"@type\":\"PropertyValueSpecification\",\"valueRequired\":true,\"valueName\":\"search_term_string\"}}],\"inLanguage\":\"es\"},{\"@type\":\"Person\",\"@id\":\"https:\\\/\\\/exaudi.org\\\/#\\\/schema\\\/person\\\/f5fc8f063065e38742da7afe15f25df7\",\"name\":\"Exaudi Redacci\u00f3n\",\"image\":{\"@type\":\"ImageObject\",\"inLanguage\":\"es\",\"@id\":\"https:\\\/\\\/secure.gravatar.com\\\/avatar\\\/fe0f6a059fb68d9b3e11bc5850dd4899b1c7492091a3cb6dd9b01b56ad828be2?s=96&d=mm&r=g\",\"url\":\"https:\\\/\\\/secure.gravatar.com\\\/avatar\\\/fe0f6a059fb68d9b3e11bc5850dd4899b1c7492091a3cb6dd9b01b56ad828be2?s=96&d=mm&r=g\",\"contentUrl\":\"https:\\\/\\\/secure.gravatar.com\\\/avatar\\\/fe0f6a059fb68d9b3e11bc5850dd4899b1c7492091a3cb6dd9b01b56ad828be2?s=96&d=mm&r=g\",\"caption\":\"Exaudi Redacci\u00f3n\"},\"description\":\"\u00bfQu\u00e9 es Exaudi News? Exaudi News es un medio de comunicaci\u00f3n cat\u00f3lico internacional que informa, forma y transforma, diariamente en espa\u00f1ol, ingl\u00e9s e italiano. A trav\u00e9s de noticias, art\u00edculos de an\u00e1lisis y transmisiones en directo de los eventos del Papa, Exaudi busca fortalecer la unidad de los cristianos y contribuir a la evangelizaci\u00f3n del mundo, siempre guiados por la doctrina social de la Iglesia. Trabajamos para acercar la verdad y los valores cristianos a cada rinc\u00f3n del planeta. \u00a1Ay\u00fadanos a transformar el mundo con Exaudi! En Exaudi creemos que la evangelizaci\u00f3n y la informaci\u00f3n de calidad pueden cambiar vidas. Para continuar con nuestra misi\u00f3n y expandir nuestro alcance, necesitamos tu ayuda. Adem\u00e1s, buscamos personas comprometidas que deseen unirse a nuestro equipo. Con tu apoyo, lograremos llegar a m\u00e1s personas, difundir el mensaje de Cristo y reforzar la unidad de los cristianos. \u00bfTe unes a nuestra misi\u00f3n? Para m\u00e1s informaci\u00f3n sobre c\u00f3mo colaborar, visita Exaudi.org\\\/es o cont\u00e1ctanos directamente: info@exaudi.org Exaudi: Informa, forma y transforma.\",\"sameAs\":[\"https:\\\/\\\/www.facebook.com\\\/ExaudiNoticias\\\/\",\"https:\\\/\\\/www.instagram.com\\\/exaudi_noticias\\\/\",\"https:\\\/\\\/x.com\\\/Exaudi_noticias\",\"https:\\\/\\\/www.youtube.com\\\/@exaudicatholicnews\"],\"url\":\"https:\\\/\\\/exaudi.org\\\/es\\\/author\\\/redaccionexaudi\\\/\"}]}<\/script>\n<!-- \/ Yoast SEO plugin. -->","yoast_head_json":{"title":"\u00bfQu\u00e9 liderazgo necesita Espa\u00f1a? &#8211; Exaudi","robots":{"index":"index","follow":"follow","max-snippet":"max-snippet:-1","max-image-preview":"max-image-preview:large","max-video-preview":"max-video-preview:-1"},"canonical":"https:\/\/exaudi.org\/es\/que-liderazgo-necesita-espana\/","og_locale":"es_ES","og_type":"article","og_title":"\u00bfQu\u00e9 liderazgo necesita Espa\u00f1a? &#8211; Exaudi","og_description":"Mar\u00eda Men\u00e9ndez, Jes\u00fas Poveda y Beatriz Morillo debatir\u00e1n, desde su propia experiencia personal, las habilidades necesarias que precisa un verdadero l\u00edder para hacer del bien com\u00fan un proyecto de vida","og_url":"https:\/\/exaudi.org\/es\/que-liderazgo-necesita-espana\/","og_site_name":"Exaudi","article_publisher":"https:\/\/www.facebook.com\/ExaudiNews","article_author":"https:\/\/www.facebook.com\/ExaudiNoticias\/","article_published_time":"2024-01-25T07:30:55+00:00","og_image":[{"width":1050,"height":567,"url":"https:\/\/exaudi.org\/wp-content\/uploads\/2024\/01\/Liderazgo.jpg","type":"image\/jpeg"}],"author":"Exaudi Redacci\u00f3n","twitter_card":"summary_large_image","twitter_creator":"@Exaudi_noticias","twitter_site":"@Exaudi_News","twitter_misc":{"Escrito por":"Exaudi Redacci\u00f3n","Tiempo de lectura":"2 minutos"},"schema":{"@context":"https:\/\/schema.org","@graph":[{"@type":"Article","@id":"https:\/\/exaudi.org\/es\/que-liderazgo-necesita-espana\/#article","isPartOf":{"@id":"https:\/\/exaudi.org\/es\/que-liderazgo-necesita-espana\/"},"author":{"name":"Exaudi Redacci\u00f3n","@id":"https:\/\/exaudi.org\/#\/schema\/person\/f5fc8f063065e38742da7afe15f25df7"},"headline":"\u00bfQu\u00e9 liderazgo necesita Espa\u00f1a?","datePublished":"2024-01-25T07:30:55+00:00","mainEntityOfPage":{"@id":"https:\/\/exaudi.org\/es\/que-liderazgo-necesita-espana\/"},"wordCount":329,"image":{"@id":"https:\/\/exaudi.org\/es\/que-liderazgo-necesita-espana\/#primaryimage"},"thumbnailUrl":"https:\/\/exaudi.org\/wp-content\/uploads\/2024\/01\/Liderazgo.jpg","keywords":["Asociaci\u00f3n Enraizados","Beatriz Morillo","Espa\u00f1a","Federaci\u00f3n de Familias Numerosas de Madrid","Jaime Urcelay","Jes\u00fas Poveda","liderazgo","Mar\u00eda Men\u00e9ndez","Trending","Universidad Aut\u00f3noma de Madrid","Universidad Francisco Marroqu\u00edn"],"articleSection":["Featured News"],"inLanguage":"es"},{"@type":"WebPage","@id":"https:\/\/exaudi.org\/es\/que-liderazgo-necesita-espana\/","url":"https:\/\/exaudi.org\/es\/que-liderazgo-necesita-espana\/","name":"\u00bfQu\u00e9 liderazgo necesita Espa\u00f1a? &#8211; Exaudi","isPartOf":{"@id":"https:\/\/exaudi.org\/#website"},"primaryImageOfPage":{"@id":"https:\/\/exaudi.org\/es\/que-liderazgo-necesita-espana\/#primaryimage"},"image":{"@id":"https:\/\/exaudi.org\/es\/que-liderazgo-necesita-espana\/#primaryimage"},"thumbnailUrl":"https:\/\/exaudi.org\/wp-content\/uploads\/2024\/01\/Liderazgo.jpg","datePublished":"2024-01-25T07:30:55+00:00","author":{"@id":"https:\/\/exaudi.org\/#\/schema\/person\/f5fc8f063065e38742da7afe15f25df7"},"breadcrumb":{"@id":"https:\/\/exaudi.org\/es\/que-liderazgo-necesita-espana\/#breadcrumb"},"inLanguage":"es","potentialAction":[{"@type":"ReadAction","target":["https:\/\/exaudi.org\/es\/que-liderazgo-necesita-espana\/"]}]},{"@type":"ImageObject","inLanguage":"es","@id":"https:\/\/exaudi.org\/es\/que-liderazgo-necesita-espana\/#primaryimage","url":"https:\/\/exaudi.org\/wp-content\/uploads\/2024\/01\/Liderazgo.jpg","contentUrl":"https:\/\/exaudi.org\/wp-content\/uploads\/2024\/01\/Liderazgo.jpg","width":1050,"height":567},{"@type":"BreadcrumbList","@id":"https:\/\/exaudi.org\/es\/que-liderazgo-necesita-espana\/#breadcrumb","itemListElement":[{"@type":"ListItem","position":1,"name":"Portada","item":"https:\/\/exaudi.org\/es\/"},{"@type":"ListItem","position":2,"name":"\u00bfQu\u00e9 liderazgo necesita Espa\u00f1a?"}]},{"@type":"WebSite","@id":"https:\/\/exaudi.org\/#website","url":"https:\/\/exaudi.org\/","name":"Exaudi","description":"News","potentialAction":[{"@type":"SearchAction","target":{"@type":"EntryPoint","urlTemplate":"https:\/\/exaudi.org\/?s={search_term_string}"},"query-input":{"@type":"PropertyValueSpecification","valueRequired":true,"valueName":"search_term_string"}}],"inLanguage":"es"},{"@type":"Person","@id":"https:\/\/exaudi.org\/#\/schema\/person\/f5fc8f063065e38742da7afe15f25df7","name":"Exaudi Redacci\u00f3n","image":{"@type":"ImageObject","inLanguage":"es","@id":"https:\/\/secure.gravatar.com\/avatar\/fe0f6a059fb68d9b3e11bc5850dd4899b1c7492091a3cb6dd9b01b56ad828be2?s=96&d=mm&r=g","url":"https:\/\/secure.gravatar.com\/avatar\/fe0f6a059fb68d9b3e11bc5850dd4899b1c7492091a3cb6dd9b01b56ad828be2?s=96&d=mm&r=g","contentUrl":"https:\/\/secure.gravatar.com\/avatar\/fe0f6a059fb68d9b3e11bc5850dd4899b1c7492091a3cb6dd9b01b56ad828be2?s=96&d=mm&r=g","caption":"Exaudi Redacci\u00f3n"},"description":"\u00bfQu\u00e9 es Exaudi News? Exaudi News es un medio de comunicaci\u00f3n cat\u00f3lico internacional que informa, forma y transforma, diariamente en espa\u00f1ol, ingl\u00e9s e italiano. A trav\u00e9s de noticias, art\u00edculos de an\u00e1lisis y transmisiones en directo de los eventos del Papa, Exaudi busca fortalecer la unidad de los cristianos y contribuir a la evangelizaci\u00f3n del mundo, siempre guiados por la doctrina social de la Iglesia. Trabajamos para acercar la verdad y los valores cristianos a cada rinc\u00f3n del planeta. \u00a1Ay\u00fadanos a transformar el mundo con Exaudi! En Exaudi creemos que la evangelizaci\u00f3n y la informaci\u00f3n de calidad pueden cambiar vidas. Para continuar con nuestra misi\u00f3n y expandir nuestro alcance, necesitamos tu ayuda. Adem\u00e1s, buscamos personas comprometidas que deseen unirse a nuestro equipo. Con tu apoyo, lograremos llegar a m\u00e1s personas, difundir el mensaje de Cristo y reforzar la unidad de los cristianos. \u00bfTe unes a nuestra misi\u00f3n? Para m\u00e1s informaci\u00f3n sobre c\u00f3mo colaborar, visita Exaudi.org\/es o cont\u00e1ctanos directamente: info@exaudi.org Exaudi: Informa, forma y transforma.","sameAs":["https:\/\/www.facebook.com\/ExaudiNoticias\/","https:\/\/www.instagram.com\/exaudi_noticias\/","https:\/\/x.com\/Exaudi_noticias","https:\/\/www.youtube.com\/@exaudicatholicnews"],"url":"https:\/\/exaudi.org\/es\/author\/redaccionexaudi\/"}]}},"jetpack_featured_media_url":"https:\/\/exaudi.org\/wp-content\/uploads\/2024\/01\/Liderazgo.jpg","jetpack_shortlink":"https:\/\/wp.me\/pgKjF2-oaA","_links":{"self":[{"href":"https:\/\/exaudi.org\/es\/wp-json\/wp\/v2\/posts\/92912","targetHints":{"allow":["GET"]}}],"collection":[{"href":"https:\/\/exaudi.org\/es\/wp-json\/wp\/v2\/posts"}],"about":[{"href":"https:\/\/exaudi.org\/es\/wp-json\/wp\/v2\/types\/post"}],"author":[{"embeddable":true,"href":"https:\/\/exaudi.org\/es\/wp-json\/wp\/v2\/users\/15"}],"replies":[{"embeddable":true,"href":"https:\/\/exaudi.org\/es\/wp-json\/wp\/v2\/comments?post=92912"}],"version-history":[{"count":0,"href":"https:\/\/exaudi.org\/es\/wp-json\/wp\/v2\/posts\/92912\/revisions"}],"wp:featuredmedia":[{"embeddable":true,"href":"https:\/\/exaudi.org\/es\/wp-json\/wp\/v2\/media\/92920"}],"wp:attachment":[{"href":"https:\/\/exaudi.org\/es\/wp-json\/wp\/v2\/media?parent=92912"}],"wp:term":[{"taxonomy":"category","embeddable":true,"href":"https:\/\/exaudi.org\/es\/wp-json\/wp\/v2\/categories?post=92912"},{"taxonomy":"post_tag","embeddable":true,"href":"https:\/\/exaudi.org\/es\/wp-json\/wp\/v2\/tags?post=92912"}],"curies":[{"name":"wp","href":"https:\/\/api.w.org\/{rel}","templated":true}]}}