{"id":92774,"date":"2024-01-23T09:00:10","date_gmt":"2024-01-23T08:00:10","guid":{"rendered":"https:\/\/exaudi.org\/?p=92774"},"modified":"2024-01-23T11:26:28","modified_gmt":"2024-01-23T10:26:28","slug":"la-sociedad-de-la-nieve-un-viaje-epico-de-superacion","status":"publish","type":"post","link":"https:\/\/exaudi.org\/es\/la-sociedad-de-la-nieve-un-viaje-epico-de-superacion\/","title":{"rendered":"\u00abLa Sociedad de la Nieve\u00bb: Un Viaje \u00c9pico de Superaci\u00f3n"},"content":{"rendered":"<audio class=\"wp-audio-shortcode\" id=\"audio-92774-1\" preload=\"none\" style=\"width: 100%;\" controls=\"controls\"><source type=\"audio\/mpeg\" src=\"https:\/\/exaudi.org\/wp-content\/uploads\/2024\/01\/VIAJAMOS-A-LOS-ANDES-para-reconstruir-el-accidente-_-La-sociedad-de-la-nieve.-64-kbps.mp3?_=1\" \/><a href=\"https:\/\/exaudi.org\/wp-content\/uploads\/2024\/01\/VIAJAMOS-A-LOS-ANDES-para-reconstruir-el-accidente-_-La-sociedad-de-la-nieve.-64-kbps.mp3\">https:\/\/exaudi.org\/wp-content\/uploads\/2024\/01\/VIAJAMOS-A-LOS-ANDES-para-reconstruir-el-accidente-_-La-sociedad-de-la-nieve.-64-kbps.mp3<\/a><\/audio>\n<p>La pel\u00edcula \u00ab<em><strong>La Sociedad de la Nieve<\/strong><\/em>\u00bb acaba de hacer su estreno en Netflix, llevando a los espectadores a un emocionante viaje a trav\u00e9s de lo que muchos consideran \u00abla mayor haza\u00f1a de superaci\u00f3n en la historia de la humanidad\u00bb. En este contexto, el canal de YouTube \u00ab<strong><a href=\"https:\/\/www.youtube.com\/@refugiozavalaTV\" target=\"_blank\" rel=\"noopener\">Refugio Zavala<\/a><\/strong>\u00bb conversa con Alfonso Montero, explorando la profunda relevancia de la fe en este \u00e9pico relato.<\/p>\n<p>La pel\u00edcula, dirigida por J. A. Bayona, narra la verdadera historia de un grupo de personas enfrentando condiciones extremas mientras intentan sobrevivir en medio de un entorno helado y desolado. M\u00e1s all\u00e1 de la narrativa apasionante, la cinta toca aspectos esenciales de la resistencia humana, la camarader\u00eda y la inquebrantable fe que sostuvo a estos individuos en su lucha por la supervivencia.<\/p>\n<p>Jos\u00e9 Mar\u00eda Zavala desentra\u00f1a los elementos clave que hacen de esta pel\u00edcula un testimonio de resistencia y fe. Su an\u00e1lisis destaca la manera en que los personajes enfrentan desaf\u00edos inimaginables, revelando no solo la fuerza f\u00edsica, sino tambi\u00e9n la fortaleza espiritual que los impulsa a seguir adelante.<\/p>\n<p>En el video explora c\u00f3mo la fe se convierte en un componente fundamental para estos protagonistas, ofreciendo una perspectiva \u00fanica sobre la importancia de la creencia en situaciones extremas. La pel\u00edcula, seg\u00fan Zavala, no solo entretiene, sino que tambi\u00e9n plantea preguntas profundas sobre la condici\u00f3n humana y la capacidad de superar obst\u00e1culos aparentemente insuperables.<\/p>\n<p>No pierdas la oportunidad de explorar la conexi\u00f3n entre la fe y la haza\u00f1a humana m\u00e1s grande de la historia a trav\u00e9s de los ojos agudos de \u00ab<a href=\"https:\/\/www.youtube.com\/@refugiozavalaTV\" target=\"_blank\" rel=\"noopener\"><strong>Refugio Zavala<\/strong><\/a>\u00bb y Jose Mar\u00eda Zavala. Entra en el debate, reflexiona y descubre nuevos matices en esta historia de valent\u00eda y determinaci\u00f3n que ha capturado la atenci\u00f3n de audiencias en todo el mundo.<\/p>\n<p><iframe loading=\"lazy\" title=\"PROGRAMA 83: VIAJAMOS A LOS ANDES para reconstruir el accidente | La sociedad de la nieve.\" width=\"500\" height=\"281\" src=\"https:\/\/www.youtube.com\/embed\/Dj1Uth6xNkw?feature=oembed\" frameborder=\"0\" allow=\"accelerometer; autoplay; clipboard-write; encrypted-media; gyroscope; picture-in-picture; web-share\" referrerpolicy=\"strict-origin-when-cross-origin\" allowfullscreen><\/iframe><\/p>\n<p><a href=\"https:\/\/open.spotify.com\/episode\/07gry9wzLW0Okk5coVi3Vz?si=9970336ff8e74f91\" target=\"_blank\" rel=\"noopener\"><strong>Spotify<\/strong><\/a><\/p>\n","protected":false},"excerpt":{"rendered":"<p>El milagro de Los Andes: Im\u00e1genes y testimonios reales de los protagonistas<\/p>\n","protected":false},"author":15,"featured_media":92775,"comment_status":"closed","ping_status":"closed","sticky":false,"template":"","format":"standard","meta":{"_acf_changed":false,"_crdt_document":"","inline_featured_image":false,"footnotes":""},"categories":[130],"tags":[12373,12375,902,12374,12070,4953,1029],"class_list":["post-92774","post","type-post","status-publish","format-standard","has-post-thumbnail","hentry","category-voces","tag-alfonso-montero","tag-andes-2","tag-jose-maria-zavala","tag-juan-antonio-bayona","tag-la-sociedad-de-la-nieve","tag-trending-es","tag-uruguay"],"acf":[],"yoast_head":"<!-- This site is optimized with the Yoast SEO plugin v27.4 - https:\/\/yoast.com\/product\/yoast-seo-wordpress\/ -->\n<title>&quot;La Sociedad de la Nieve&quot;: Un Viaje \u00c9pico de Superaci\u00f3n &#8211; Exaudi<\/title>\n<meta name=\"robots\" content=\"index, follow, max-snippet:-1, max-image-preview:large, max-video-preview:-1\" \/>\n<link rel=\"canonical\" href=\"https:\/\/exaudi.org\/es\/la-sociedad-de-la-nieve-un-viaje-epico-de-superacion\/\" \/>\n<meta property=\"og:locale\" content=\"es_ES\" \/>\n<meta property=\"og:type\" content=\"article\" \/>\n<meta property=\"og:title\" content=\"&quot;La Sociedad de la Nieve&quot;: Un Viaje \u00c9pico de Superaci\u00f3n &#8211; Exaudi\" \/>\n<meta property=\"og:description\" content=\"El milagro de Los Andes: Im\u00e1genes y testimonios reales de los protagonistas\" \/>\n<meta property=\"og:url\" content=\"https:\/\/exaudi.org\/es\/la-sociedad-de-la-nieve-un-viaje-epico-de-superacion\/\" \/>\n<meta property=\"og:site_name\" content=\"Exaudi\" \/>\n<meta property=\"article:publisher\" content=\"https:\/\/www.facebook.com\/ExaudiNews\" \/>\n<meta property=\"article:author\" content=\"https:\/\/www.facebook.com\/ExaudiNoticias\/\" \/>\n<meta property=\"article:published_time\" content=\"2024-01-23T08:00:10+00:00\" \/>\n<meta property=\"article:modified_time\" content=\"2024-01-23T10:26:28+00:00\" \/>\n<meta property=\"og:image\" content=\"https:\/\/exaudi.org\/wp-content\/uploads\/2024\/01\/AAAABdU0mlX3WalVgdTLvzhoe4Eqwi0Gsm-Hn0Q1pmlPVIxLomEyZVKEXa8oo_OYf6v-IKUNsOXn-RkJToLEBVRvTp8NnS1XdhYQdwVZ.jpg\" \/>\n\t<meta property=\"og:image:width\" content=\"1280\" \/>\n\t<meta property=\"og:image:height\" content=\"720\" \/>\n\t<meta property=\"og:image:type\" content=\"image\/jpeg\" \/>\n<meta name=\"author\" content=\"Exaudi Redacci\u00f3n\" \/>\n<meta name=\"twitter:card\" content=\"summary_large_image\" \/>\n<meta name=\"twitter:creator\" content=\"@Exaudi_noticias\" \/>\n<meta name=\"twitter:site\" content=\"@Exaudi_News\" \/>\n<meta name=\"twitter:label1\" content=\"Escrito por\" \/>\n\t<meta name=\"twitter:data1\" content=\"Exaudi Redacci\u00f3n\" \/>\n\t<meta name=\"twitter:label2\" content=\"Tiempo de lectura\" \/>\n\t<meta name=\"twitter:data2\" content=\"2 minutos\" \/>\n<script type=\"application\/ld+json\" class=\"yoast-schema-graph\">{\"@context\":\"https:\\\/\\\/schema.org\",\"@graph\":[{\"@type\":\"Article\",\"@id\":\"https:\\\/\\\/exaudi.org\\\/es\\\/la-sociedad-de-la-nieve-un-viaje-epico-de-superacion\\\/#article\",\"isPartOf\":{\"@id\":\"https:\\\/\\\/exaudi.org\\\/es\\\/la-sociedad-de-la-nieve-un-viaje-epico-de-superacion\\\/\"},\"author\":{\"name\":\"Exaudi Redacci\u00f3n\",\"@id\":\"https:\\\/\\\/exaudi.org\\\/#\\\/schema\\\/person\\\/f5fc8f063065e38742da7afe15f25df7\"},\"headline\":\"\u00abLa Sociedad de la Nieve\u00bb: Un Viaje \u00c9pico de Superaci\u00f3n\",\"datePublished\":\"2024-01-23T08:00:10+00:00\",\"dateModified\":\"2024-01-23T10:26:28+00:00\",\"mainEntityOfPage\":{\"@id\":\"https:\\\/\\\/exaudi.org\\\/es\\\/la-sociedad-de-la-nieve-un-viaje-epico-de-superacion\\\/\"},\"wordCount\":349,\"image\":{\"@id\":\"https:\\\/\\\/exaudi.org\\\/es\\\/la-sociedad-de-la-nieve-un-viaje-epico-de-superacion\\\/#primaryimage\"},\"thumbnailUrl\":\"https:\\\/\\\/exaudi.org\\\/wp-content\\\/uploads\\\/2024\\\/01\\\/AAAABdU0mlX3WalVgdTLvzhoe4Eqwi0Gsm-Hn0Q1pmlPVIxLomEyZVKEXa8oo_OYf6v-IKUNsOXn-RkJToLEBVRvTp8NnS1XdhYQdwVZ.jpg\",\"keywords\":[\"Alfonso Montero\",\"Andes\",\"Jos\u00e9 Mar\u00eda Zavala\",\"Juan Antonio Bayona\",\"La sociedad de la nieve\",\"Trending\",\"Uruguay\"],\"articleSection\":[\"Voces\"],\"inLanguage\":\"es\"},{\"@type\":\"WebPage\",\"@id\":\"https:\\\/\\\/exaudi.org\\\/es\\\/la-sociedad-de-la-nieve-un-viaje-epico-de-superacion\\\/\",\"url\":\"https:\\\/\\\/exaudi.org\\\/es\\\/la-sociedad-de-la-nieve-un-viaje-epico-de-superacion\\\/\",\"name\":\"\\\"La Sociedad de la Nieve\\\": Un Viaje \u00c9pico de Superaci\u00f3n &#8211; Exaudi\",\"isPartOf\":{\"@id\":\"https:\\\/\\\/exaudi.org\\\/#website\"},\"primaryImageOfPage\":{\"@id\":\"https:\\\/\\\/exaudi.org\\\/es\\\/la-sociedad-de-la-nieve-un-viaje-epico-de-superacion\\\/#primaryimage\"},\"image\":{\"@id\":\"https:\\\/\\\/exaudi.org\\\/es\\\/la-sociedad-de-la-nieve-un-viaje-epico-de-superacion\\\/#primaryimage\"},\"thumbnailUrl\":\"https:\\\/\\\/exaudi.org\\\/wp-content\\\/uploads\\\/2024\\\/01\\\/AAAABdU0mlX3WalVgdTLvzhoe4Eqwi0Gsm-Hn0Q1pmlPVIxLomEyZVKEXa8oo_OYf6v-IKUNsOXn-RkJToLEBVRvTp8NnS1XdhYQdwVZ.jpg\",\"datePublished\":\"2024-01-23T08:00:10+00:00\",\"dateModified\":\"2024-01-23T10:26:28+00:00\",\"author\":{\"@id\":\"https:\\\/\\\/exaudi.org\\\/#\\\/schema\\\/person\\\/f5fc8f063065e38742da7afe15f25df7\"},\"breadcrumb\":{\"@id\":\"https:\\\/\\\/exaudi.org\\\/es\\\/la-sociedad-de-la-nieve-un-viaje-epico-de-superacion\\\/#breadcrumb\"},\"inLanguage\":\"es\",\"potentialAction\":[{\"@type\":\"ReadAction\",\"target\":[\"https:\\\/\\\/exaudi.org\\\/es\\\/la-sociedad-de-la-nieve-un-viaje-epico-de-superacion\\\/\"]}]},{\"@type\":\"ImageObject\",\"inLanguage\":\"es\",\"@id\":\"https:\\\/\\\/exaudi.org\\\/es\\\/la-sociedad-de-la-nieve-un-viaje-epico-de-superacion\\\/#primaryimage\",\"url\":\"https:\\\/\\\/exaudi.org\\\/wp-content\\\/uploads\\\/2024\\\/01\\\/AAAABdU0mlX3WalVgdTLvzhoe4Eqwi0Gsm-Hn0Q1pmlPVIxLomEyZVKEXa8oo_OYf6v-IKUNsOXn-RkJToLEBVRvTp8NnS1XdhYQdwVZ.jpg\",\"contentUrl\":\"https:\\\/\\\/exaudi.org\\\/wp-content\\\/uploads\\\/2024\\\/01\\\/AAAABdU0mlX3WalVgdTLvzhoe4Eqwi0Gsm-Hn0Q1pmlPVIxLomEyZVKEXa8oo_OYf6v-IKUNsOXn-RkJToLEBVRvTp8NnS1XdhYQdwVZ.jpg\",\"width\":1280,\"height\":720},{\"@type\":\"BreadcrumbList\",\"@id\":\"https:\\\/\\\/exaudi.org\\\/es\\\/la-sociedad-de-la-nieve-un-viaje-epico-de-superacion\\\/#breadcrumb\",\"itemListElement\":[{\"@type\":\"ListItem\",\"position\":1,\"name\":\"Portada\",\"item\":\"https:\\\/\\\/exaudi.org\\\/es\\\/\"},{\"@type\":\"ListItem\",\"position\":2,\"name\":\"\u00abLa Sociedad de la Nieve\u00bb: Un Viaje \u00c9pico de Superaci\u00f3n\"}]},{\"@type\":\"WebSite\",\"@id\":\"https:\\\/\\\/exaudi.org\\\/#website\",\"url\":\"https:\\\/\\\/exaudi.org\\\/\",\"name\":\"Exaudi\",\"description\":\"News\",\"potentialAction\":[{\"@type\":\"SearchAction\",\"target\":{\"@type\":\"EntryPoint\",\"urlTemplate\":\"https:\\\/\\\/exaudi.org\\\/?s={search_term_string}\"},\"query-input\":{\"@type\":\"PropertyValueSpecification\",\"valueRequired\":true,\"valueName\":\"search_term_string\"}}],\"inLanguage\":\"es\"},{\"@type\":\"Person\",\"@id\":\"https:\\\/\\\/exaudi.org\\\/#\\\/schema\\\/person\\\/f5fc8f063065e38742da7afe15f25df7\",\"name\":\"Exaudi Redacci\u00f3n\",\"image\":{\"@type\":\"ImageObject\",\"inLanguage\":\"es\",\"@id\":\"https:\\\/\\\/secure.gravatar.com\\\/avatar\\\/fe0f6a059fb68d9b3e11bc5850dd4899b1c7492091a3cb6dd9b01b56ad828be2?s=96&d=mm&r=g\",\"url\":\"https:\\\/\\\/secure.gravatar.com\\\/avatar\\\/fe0f6a059fb68d9b3e11bc5850dd4899b1c7492091a3cb6dd9b01b56ad828be2?s=96&d=mm&r=g\",\"contentUrl\":\"https:\\\/\\\/secure.gravatar.com\\\/avatar\\\/fe0f6a059fb68d9b3e11bc5850dd4899b1c7492091a3cb6dd9b01b56ad828be2?s=96&d=mm&r=g\",\"caption\":\"Exaudi Redacci\u00f3n\"},\"description\":\"\u00bfQu\u00e9 es Exaudi News? Exaudi News es un medio de comunicaci\u00f3n cat\u00f3lico internacional que informa, forma y transforma, diariamente en espa\u00f1ol, ingl\u00e9s e italiano. A trav\u00e9s de noticias, art\u00edculos de an\u00e1lisis y transmisiones en directo de los eventos del Papa, Exaudi busca fortalecer la unidad de los cristianos y contribuir a la evangelizaci\u00f3n del mundo, siempre guiados por la doctrina social de la Iglesia. Trabajamos para acercar la verdad y los valores cristianos a cada rinc\u00f3n del planeta. \u00a1Ay\u00fadanos a transformar el mundo con Exaudi! En Exaudi creemos que la evangelizaci\u00f3n y la informaci\u00f3n de calidad pueden cambiar vidas. Para continuar con nuestra misi\u00f3n y expandir nuestro alcance, necesitamos tu ayuda. Adem\u00e1s, buscamos personas comprometidas que deseen unirse a nuestro equipo. Con tu apoyo, lograremos llegar a m\u00e1s personas, difundir el mensaje de Cristo y reforzar la unidad de los cristianos. \u00bfTe unes a nuestra misi\u00f3n? Para m\u00e1s informaci\u00f3n sobre c\u00f3mo colaborar, visita Exaudi.org\\\/es o cont\u00e1ctanos directamente: info@exaudi.org Exaudi: Informa, forma y transforma.\",\"sameAs\":[\"https:\\\/\\\/www.facebook.com\\\/ExaudiNoticias\\\/\",\"https:\\\/\\\/www.instagram.com\\\/exaudi_noticias\\\/\",\"https:\\\/\\\/x.com\\\/Exaudi_noticias\",\"https:\\\/\\\/www.youtube.com\\\/@exaudicatholicnews\"],\"url\":\"https:\\\/\\\/exaudi.org\\\/es\\\/author\\\/redaccionexaudi\\\/\"}]}<\/script>\n<!-- \/ Yoast SEO plugin. -->","yoast_head_json":{"title":"\"La Sociedad de la Nieve\": Un Viaje \u00c9pico de Superaci\u00f3n &#8211; Exaudi","robots":{"index":"index","follow":"follow","max-snippet":"max-snippet:-1","max-image-preview":"max-image-preview:large","max-video-preview":"max-video-preview:-1"},"canonical":"https:\/\/exaudi.org\/es\/la-sociedad-de-la-nieve-un-viaje-epico-de-superacion\/","og_locale":"es_ES","og_type":"article","og_title":"\"La Sociedad de la Nieve\": Un Viaje \u00c9pico de Superaci\u00f3n &#8211; Exaudi","og_description":"El milagro de Los Andes: Im\u00e1genes y testimonios reales de los protagonistas","og_url":"https:\/\/exaudi.org\/es\/la-sociedad-de-la-nieve-un-viaje-epico-de-superacion\/","og_site_name":"Exaudi","article_publisher":"https:\/\/www.facebook.com\/ExaudiNews","article_author":"https:\/\/www.facebook.com\/ExaudiNoticias\/","article_published_time":"2024-01-23T08:00:10+00:00","article_modified_time":"2024-01-23T10:26:28+00:00","og_image":[{"width":1280,"height":720,"url":"https:\/\/exaudi.org\/wp-content\/uploads\/2024\/01\/AAAABdU0mlX3WalVgdTLvzhoe4Eqwi0Gsm-Hn0Q1pmlPVIxLomEyZVKEXa8oo_OYf6v-IKUNsOXn-RkJToLEBVRvTp8NnS1XdhYQdwVZ.jpg","type":"image\/jpeg"}],"author":"Exaudi Redacci\u00f3n","twitter_card":"summary_large_image","twitter_creator":"@Exaudi_noticias","twitter_site":"@Exaudi_News","twitter_misc":{"Escrito por":"Exaudi Redacci\u00f3n","Tiempo de lectura":"2 minutos"},"schema":{"@context":"https:\/\/schema.org","@graph":[{"@type":"Article","@id":"https:\/\/exaudi.org\/es\/la-sociedad-de-la-nieve-un-viaje-epico-de-superacion\/#article","isPartOf":{"@id":"https:\/\/exaudi.org\/es\/la-sociedad-de-la-nieve-un-viaje-epico-de-superacion\/"},"author":{"name":"Exaudi Redacci\u00f3n","@id":"https:\/\/exaudi.org\/#\/schema\/person\/f5fc8f063065e38742da7afe15f25df7"},"headline":"\u00abLa Sociedad de la Nieve\u00bb: Un Viaje \u00c9pico de Superaci\u00f3n","datePublished":"2024-01-23T08:00:10+00:00","dateModified":"2024-01-23T10:26:28+00:00","mainEntityOfPage":{"@id":"https:\/\/exaudi.org\/es\/la-sociedad-de-la-nieve-un-viaje-epico-de-superacion\/"},"wordCount":349,"image":{"@id":"https:\/\/exaudi.org\/es\/la-sociedad-de-la-nieve-un-viaje-epico-de-superacion\/#primaryimage"},"thumbnailUrl":"https:\/\/exaudi.org\/wp-content\/uploads\/2024\/01\/AAAABdU0mlX3WalVgdTLvzhoe4Eqwi0Gsm-Hn0Q1pmlPVIxLomEyZVKEXa8oo_OYf6v-IKUNsOXn-RkJToLEBVRvTp8NnS1XdhYQdwVZ.jpg","keywords":["Alfonso Montero","Andes","Jos\u00e9 Mar\u00eda Zavala","Juan Antonio Bayona","La sociedad de la nieve","Trending","Uruguay"],"articleSection":["Voces"],"inLanguage":"es"},{"@type":"WebPage","@id":"https:\/\/exaudi.org\/es\/la-sociedad-de-la-nieve-un-viaje-epico-de-superacion\/","url":"https:\/\/exaudi.org\/es\/la-sociedad-de-la-nieve-un-viaje-epico-de-superacion\/","name":"\"La Sociedad de la Nieve\": Un Viaje \u00c9pico de Superaci\u00f3n &#8211; Exaudi","isPartOf":{"@id":"https:\/\/exaudi.org\/#website"},"primaryImageOfPage":{"@id":"https:\/\/exaudi.org\/es\/la-sociedad-de-la-nieve-un-viaje-epico-de-superacion\/#primaryimage"},"image":{"@id":"https:\/\/exaudi.org\/es\/la-sociedad-de-la-nieve-un-viaje-epico-de-superacion\/#primaryimage"},"thumbnailUrl":"https:\/\/exaudi.org\/wp-content\/uploads\/2024\/01\/AAAABdU0mlX3WalVgdTLvzhoe4Eqwi0Gsm-Hn0Q1pmlPVIxLomEyZVKEXa8oo_OYf6v-IKUNsOXn-RkJToLEBVRvTp8NnS1XdhYQdwVZ.jpg","datePublished":"2024-01-23T08:00:10+00:00","dateModified":"2024-01-23T10:26:28+00:00","author":{"@id":"https:\/\/exaudi.org\/#\/schema\/person\/f5fc8f063065e38742da7afe15f25df7"},"breadcrumb":{"@id":"https:\/\/exaudi.org\/es\/la-sociedad-de-la-nieve-un-viaje-epico-de-superacion\/#breadcrumb"},"inLanguage":"es","potentialAction":[{"@type":"ReadAction","target":["https:\/\/exaudi.org\/es\/la-sociedad-de-la-nieve-un-viaje-epico-de-superacion\/"]}]},{"@type":"ImageObject","inLanguage":"es","@id":"https:\/\/exaudi.org\/es\/la-sociedad-de-la-nieve-un-viaje-epico-de-superacion\/#primaryimage","url":"https:\/\/exaudi.org\/wp-content\/uploads\/2024\/01\/AAAABdU0mlX3WalVgdTLvzhoe4Eqwi0Gsm-Hn0Q1pmlPVIxLomEyZVKEXa8oo_OYf6v-IKUNsOXn-RkJToLEBVRvTp8NnS1XdhYQdwVZ.jpg","contentUrl":"https:\/\/exaudi.org\/wp-content\/uploads\/2024\/01\/AAAABdU0mlX3WalVgdTLvzhoe4Eqwi0Gsm-Hn0Q1pmlPVIxLomEyZVKEXa8oo_OYf6v-IKUNsOXn-RkJToLEBVRvTp8NnS1XdhYQdwVZ.jpg","width":1280,"height":720},{"@type":"BreadcrumbList","@id":"https:\/\/exaudi.org\/es\/la-sociedad-de-la-nieve-un-viaje-epico-de-superacion\/#breadcrumb","itemListElement":[{"@type":"ListItem","position":1,"name":"Portada","item":"https:\/\/exaudi.org\/es\/"},{"@type":"ListItem","position":2,"name":"\u00abLa Sociedad de la Nieve\u00bb: Un Viaje \u00c9pico de Superaci\u00f3n"}]},{"@type":"WebSite","@id":"https:\/\/exaudi.org\/#website","url":"https:\/\/exaudi.org\/","name":"Exaudi","description":"News","potentialAction":[{"@type":"SearchAction","target":{"@type":"EntryPoint","urlTemplate":"https:\/\/exaudi.org\/?s={search_term_string}"},"query-input":{"@type":"PropertyValueSpecification","valueRequired":true,"valueName":"search_term_string"}}],"inLanguage":"es"},{"@type":"Person","@id":"https:\/\/exaudi.org\/#\/schema\/person\/f5fc8f063065e38742da7afe15f25df7","name":"Exaudi Redacci\u00f3n","image":{"@type":"ImageObject","inLanguage":"es","@id":"https:\/\/secure.gravatar.com\/avatar\/fe0f6a059fb68d9b3e11bc5850dd4899b1c7492091a3cb6dd9b01b56ad828be2?s=96&d=mm&r=g","url":"https:\/\/secure.gravatar.com\/avatar\/fe0f6a059fb68d9b3e11bc5850dd4899b1c7492091a3cb6dd9b01b56ad828be2?s=96&d=mm&r=g","contentUrl":"https:\/\/secure.gravatar.com\/avatar\/fe0f6a059fb68d9b3e11bc5850dd4899b1c7492091a3cb6dd9b01b56ad828be2?s=96&d=mm&r=g","caption":"Exaudi Redacci\u00f3n"},"description":"\u00bfQu\u00e9 es Exaudi News? Exaudi News es un medio de comunicaci\u00f3n cat\u00f3lico internacional que informa, forma y transforma, diariamente en espa\u00f1ol, ingl\u00e9s e italiano. A trav\u00e9s de noticias, art\u00edculos de an\u00e1lisis y transmisiones en directo de los eventos del Papa, Exaudi busca fortalecer la unidad de los cristianos y contribuir a la evangelizaci\u00f3n del mundo, siempre guiados por la doctrina social de la Iglesia. Trabajamos para acercar la verdad y los valores cristianos a cada rinc\u00f3n del planeta. \u00a1Ay\u00fadanos a transformar el mundo con Exaudi! En Exaudi creemos que la evangelizaci\u00f3n y la informaci\u00f3n de calidad pueden cambiar vidas. Para continuar con nuestra misi\u00f3n y expandir nuestro alcance, necesitamos tu ayuda. Adem\u00e1s, buscamos personas comprometidas que deseen unirse a nuestro equipo. Con tu apoyo, lograremos llegar a m\u00e1s personas, difundir el mensaje de Cristo y reforzar la unidad de los cristianos. \u00bfTe unes a nuestra misi\u00f3n? Para m\u00e1s informaci\u00f3n sobre c\u00f3mo colaborar, visita Exaudi.org\/es o cont\u00e1ctanos directamente: info@exaudi.org Exaudi: Informa, forma y transforma.","sameAs":["https:\/\/www.facebook.com\/ExaudiNoticias\/","https:\/\/www.instagram.com\/exaudi_noticias\/","https:\/\/x.com\/Exaudi_noticias","https:\/\/www.youtube.com\/@exaudicatholicnews"],"url":"https:\/\/exaudi.org\/es\/author\/redaccionexaudi\/"}]}},"jetpack_featured_media_url":"https:\/\/exaudi.org\/wp-content\/uploads\/2024\/01\/AAAABdU0mlX3WalVgdTLvzhoe4Eqwi0Gsm-Hn0Q1pmlPVIxLomEyZVKEXa8oo_OYf6v-IKUNsOXn-RkJToLEBVRvTp8NnS1XdhYQdwVZ.jpg","jetpack_shortlink":"https:\/\/wp.me\/pgKjF2-o8m","_links":{"self":[{"href":"https:\/\/exaudi.org\/es\/wp-json\/wp\/v2\/posts\/92774","targetHints":{"allow":["GET"]}}],"collection":[{"href":"https:\/\/exaudi.org\/es\/wp-json\/wp\/v2\/posts"}],"about":[{"href":"https:\/\/exaudi.org\/es\/wp-json\/wp\/v2\/types\/post"}],"author":[{"embeddable":true,"href":"https:\/\/exaudi.org\/es\/wp-json\/wp\/v2\/users\/15"}],"replies":[{"embeddable":true,"href":"https:\/\/exaudi.org\/es\/wp-json\/wp\/v2\/comments?post=92774"}],"version-history":[{"count":0,"href":"https:\/\/exaudi.org\/es\/wp-json\/wp\/v2\/posts\/92774\/revisions"}],"wp:featuredmedia":[{"embeddable":true,"href":"https:\/\/exaudi.org\/es\/wp-json\/wp\/v2\/media\/92775"}],"wp:attachment":[{"href":"https:\/\/exaudi.org\/es\/wp-json\/wp\/v2\/media?parent=92774"}],"wp:term":[{"taxonomy":"category","embeddable":true,"href":"https:\/\/exaudi.org\/es\/wp-json\/wp\/v2\/categories?post=92774"},{"taxonomy":"post_tag","embeddable":true,"href":"https:\/\/exaudi.org\/es\/wp-json\/wp\/v2\/tags?post=92774"}],"curies":[{"name":"wp","href":"https:\/\/api.w.org\/{rel}","templated":true}]}}