{"id":92660,"date":"2024-01-21T15:05:58","date_gmt":"2024-01-21T14:05:58","guid":{"rendered":"https:\/\/exaudi.org\/?p=92660"},"modified":"2024-01-22T09:06:45","modified_gmt":"2024-01-22T08:06:45","slug":"el-papa-en-la-hermosa-aventura-de-dar-amor-se-multiplican-la-luz-y-la-alegria","status":"publish","type":"post","link":"https:\/\/exaudi.org\/es\/el-papa-en-la-hermosa-aventura-de-dar-amor-se-multiplican-la-luz-y-la-alegria\/","title":{"rendered":"El Papa: En la hermosa aventura de dar amor, se multiplican la luz y la alegr\u00eda"},"content":{"rendered":"<p>Alas 12 del mediod\u00eda de este domingo, 21 de enero de 2024, el Santo Padre Francisco se asom\u00f3 a la ventana del estudio del Palacio Apost\u00f3lico Vaticano para recitar el \u00c1ngelus con los fieles y peregrinos congregados en la Plaza de San Pedro.<\/p>\n<p>El Papa en el <em>\u00c1ngelus<\/em> se inspira en el Evangelio de este domingo, que narra el primer encuentro de Jes\u00fas con los disc\u00edpulos, para exhortar a encontrar a Dios y presentarlo a los dem\u00e1s. El Pont\u00edfice recuerda que s\u00f3lo del anuncio de la salvaci\u00f3n de Jes\u00fas brota una felicidad que libera y hace mejor.<\/p>\n<p>Estas fueron las palabras del Papa al introducir la oraci\u00f3n mariana:<\/p>\n<p>***<\/p>\n<h3><strong>Palabras del Papa<\/strong><\/h3>\n<p>Queridos hermanos y hermanas, \u00a1buenos d\u00edas!<\/p>\n<p>El Evangelio de hoy narra la vocaci\u00f3n de los primeros disc\u00edpulos (cf. <em>Mc<\/em> 1,14-20). Llamar a otros a unirse a su misi\u00f3n es una de las primeras cosas que hace Jes\u00fas al comienzo de su vida p\u00fablica: se acerca a unos j\u00f3venes pescadores y les invita a seguirle para \u00abhacerse pescadores de hombres\u00bb (v. 17). Y esto nos dice algo importante: al Se\u00f1or le gusta implicarnos en su obra de salvaci\u00f3n, nos quiere activos con \u00c9l, nos quiere responsables y protagonistas. Un cristiano que no es activo, que no es responsable en la obra de anunciar al Se\u00f1or y que no es protagonista de su fe no es cristiano o, como dec\u00eda mi abuela, es un cristiano \u00aben agua de rosas\u00bb.<\/p>\n<p>Por s\u00ed mismo, Dios no nos necesitar\u00eda, pero nos necesita, a pesar de que ello implique asumir muchas de nuestras limitaciones: todos somos limitados, m\u00e1s a\u00fan, pecadores, y \u00c9l las asume. Fij\u00e9monos, por ejemplo, en la paciencia que tuvo con los disc\u00edpulos: a menudo no entend\u00edan sus palabras (cf. 9,51-56), a veces no se llevaban bien entre ellos (cf. <em>Mc<\/em> 10,41), durante mucho tiempo no pudieron aceptar aspectos esenciales de su predicaci\u00f3n, por ejemplo el servicio (cf. <em>Lc<\/em> 22,27). Sin embargo, Jes\u00fas los eligi\u00f3 y sigui\u00f3 creyendo en ellos. Esto es importante, el Se\u00f1or nos ha elegido para ser cristianos. Y nosotros somos pecadores, hacemos una cosa tras otra, pero el Se\u00f1or sigue creyendo en nosotros. Esto es maravilloso.<\/p>\n<p>En efecto, llevar la salvaci\u00f3n de Dios a todos fue la mayor felicidad de Jes\u00fas, su misi\u00f3n, el sentido de su existencia (cf. <em>Jn<\/em> 6,38) o, como \u00e9l dice, su alimento (cf. <em>Jn<\/em> 4,34). Y en cada palabra y acci\u00f3n con las que nos unimos a \u00c9l, en la hermosa aventura de dar amor, se multiplican la luz y la alegr\u00eda (cf. Is 9,2): no s\u00f3lo a nuestro alrededor, sino tambi\u00e9n en nuestro interior. Anunciar el Evangelio, pues, no es perder el tiempo: es ser m\u00e1s felices ayudando a los dem\u00e1s a ser felices; es liberarnos ayudando a los dem\u00e1s a ser libres; es ser mejores ayudando a los dem\u00e1s a ser mejores.<\/p>\n<p>Pregunt\u00e9monos entonces: \u00bfme detengo de vez en cuando a recordar la alegr\u00eda que creci\u00f3 en m\u00ed y a mi alrededor cuando acept\u00e9 la llamada a conocer y testimoniar a Jes\u00fas? Y cuando rezo, \u00bfdoy gracias al Se\u00f1or por haberme llamado a hacer felices a los dem\u00e1s? Por \u00faltimo: \u00bfdeseo, con mi testimonio y alegr\u00eda, hacer gustar a alguien lo hermoso que es amar a Jes\u00fas?<\/p>\n<p>Que la Virgen Mar\u00eda nos ayude a saborear la alegr\u00eda del Evangelio.<\/p>\n<p>________________<\/p>\n<h3><strong>Despu\u00e9s del \u00c1ngelus<\/strong><\/h3>\n<p>Queridos hermanos y hermanas<\/p>\n<p>Los pr\u00f3ximos meses nos conducir\u00e1n a la apertura de la Puerta Santa, con la que iniciaremos el Jubileo. Os pido que intensifiqu\u00e9is vuestra oraci\u00f3n para prepararnos a vivir bien este acontecimiento de gracia y experimentar la fuerza de la esperanza de Dios. Por eso comenzamos hoy el A\u00f1o de la oraci\u00f3n, un a\u00f1o dedicado a redescubrir el gran valor y la absoluta necesidad de la oraci\u00f3n en la vida personal, en la vida de la Iglesia y en el mundo. Nos ayudar\u00e1n tambi\u00e9n los subsidios que el Dicasterio para la Evangelizaci\u00f3n pondr\u00e1 a nuestra disposici\u00f3n.<\/p>\n<p>Durante estos d\u00edas recemos especialmente por la unidad de los cristianos y no nos cansemos de invocar al Se\u00f1or por la paz en Ucrania, en Israel y Palestina, y en tantas otras partes del mundo: son siempre los m\u00e1s d\u00e9biles los que sufren la falta de ella. Pienso en los peque\u00f1os, en los numerosos ni\u00f1os heridos y asesinados, en los privados de afecto, privados de sue\u00f1os y de futuro. Sintamos la responsabilidad de rezar y construir la paz para ellos.<\/p>\n<p>He conocido con dolor la noticia del secuestro, en Hait\u00ed, de un grupo de personas, entre ellas seis religiosos: al pedir de coraz\u00f3n su liberaci\u00f3n, rezo por la armon\u00eda social en el pa\u00eds e invito a todos a poner fin a la violencia, que tanto sufrimiento causa a esa querida poblaci\u00f3n.<\/p>\n<p>Saludo a todos los que hab\u00e9is venido de Roma, de Italia y de tantas partes del mundo: en particular, a los peregrinos de Polonia, Albania, Colombia, a los estudiantes del Instituto Pedro Mercedes de Cuenca (Espa\u00f1a), a los universitarios americanos que estudian en Florencia, al grupo de quincea\u00f1eras de Panam\u00e0, a los sacerdotes y emigrantes de Ecuador, a quienes aseguro oraciones por la paz para su pa\u00eds. Saludo a los fieles de Massafra y Perugia; a la Uni\u00f3n Cat\u00f3lica Italiana de Maestros, Directivos y Formadores; al grupo Scout Agesci de Palmi.<\/p>\n<p>Deseo a todos un buen domingo. Por favor, no olviden rezar por m\u00ed. Disfruten de la comida y \u00a1adi\u00f3s!<\/p>\n<p><iframe loading=\"lazy\" title=\"\u00c1ngelus - 21 enero 2024 - Papa Francisco\" width=\"500\" height=\"281\" src=\"https:\/\/www.youtube.com\/embed\/cn9rcgaZe6U?feature=oembed\" frameborder=\"0\" allow=\"accelerometer; autoplay; clipboard-write; encrypted-media; gyroscope; picture-in-picture; web-share\" referrerpolicy=\"strict-origin-when-cross-origin\" allowfullscreen><\/iframe><\/p>\n","protected":false},"excerpt":{"rendered":"<p>Palabras del Santo Padre en el \u00c1ngelus<\/p>\n","protected":false},"author":15,"featured_media":92703,"comment_status":"closed","ping_status":"closed","sticky":false,"template":"","format":"standard","meta":{"_acf_changed":false,"_crdt_document":"","inline_featured_image":false,"footnotes":""},"categories":[70,68],"tags":[12357,4953],"class_list":["post-92660","post","type-post","status-publish","format-standard","has-post-thumbnail","hentry","category-angelus-es","category-leon-xiv","tag-angelus-21-enero-2024","tag-trending-es"],"acf":[],"yoast_head":"<!-- This site is optimized with the Yoast SEO plugin v27.5 - https:\/\/yoast.com\/product\/yoast-seo-wordpress\/ -->\n<title>El Papa: En la hermosa aventura de dar amor, se multiplican la luz y la alegr\u00eda &#8211; Exaudi<\/title>\n<meta name=\"robots\" content=\"index, follow, max-snippet:-1, max-image-preview:large, max-video-preview:-1\" \/>\n<link rel=\"canonical\" href=\"https:\/\/exaudi.org\/es\/el-papa-en-la-hermosa-aventura-de-dar-amor-se-multiplican-la-luz-y-la-alegria\/\" \/>\n<meta property=\"og:locale\" content=\"es_ES\" \/>\n<meta property=\"og:type\" content=\"article\" \/>\n<meta property=\"og:title\" content=\"El Papa: En la hermosa aventura de dar amor, se multiplican la luz y la alegr\u00eda &#8211; Exaudi\" \/>\n<meta property=\"og:description\" content=\"Palabras del Santo Padre en el \u00c1ngelus\" \/>\n<meta property=\"og:url\" content=\"https:\/\/exaudi.org\/es\/el-papa-en-la-hermosa-aventura-de-dar-amor-se-multiplican-la-luz-y-la-alegria\/\" \/>\n<meta property=\"og:site_name\" content=\"Exaudi\" \/>\n<meta property=\"article:publisher\" content=\"https:\/\/www.facebook.com\/ExaudiNews\" \/>\n<meta property=\"article:author\" content=\"https:\/\/www.facebook.com\/ExaudiNoticias\/\" \/>\n<meta property=\"article:published_time\" content=\"2024-01-21T14:05:58+00:00\" \/>\n<meta property=\"article:modified_time\" content=\"2024-01-22T08:06:45+00:00\" \/>\n<meta property=\"og:image\" content=\"https:\/\/exaudi.org\/wp-content\/uploads\/2024\/01\/Snapinsta.app_421818957_18017360954088319_8173866139451844721_n_1080.jpg\" \/>\n\t<meta property=\"og:image:width\" content=\"1080\" \/>\n\t<meta property=\"og:image:height\" content=\"1080\" \/>\n\t<meta property=\"og:image:type\" content=\"image\/jpeg\" \/>\n<meta name=\"author\" content=\"Exaudi Redacci\u00f3n\" \/>\n<meta name=\"twitter:card\" content=\"summary_large_image\" \/>\n<meta name=\"twitter:creator\" content=\"@Exaudi_noticias\" \/>\n<meta name=\"twitter:site\" content=\"@Exaudi_News\" \/>\n<meta name=\"twitter:label1\" content=\"Escrito por\" \/>\n\t<meta name=\"twitter:data1\" content=\"Exaudi Redacci\u00f3n\" \/>\n\t<meta name=\"twitter:label2\" content=\"Tiempo de lectura\" \/>\n\t<meta name=\"twitter:data2\" content=\"5 minutos\" \/>\n<script type=\"application\/ld+json\" class=\"yoast-schema-graph\">{\"@context\":\"https:\\\/\\\/schema.org\",\"@graph\":[{\"@type\":\"Article\",\"@id\":\"https:\\\/\\\/exaudi.org\\\/es\\\/el-papa-en-la-hermosa-aventura-de-dar-amor-se-multiplican-la-luz-y-la-alegria\\\/#article\",\"isPartOf\":{\"@id\":\"https:\\\/\\\/exaudi.org\\\/es\\\/el-papa-en-la-hermosa-aventura-de-dar-amor-se-multiplican-la-luz-y-la-alegria\\\/\"},\"author\":{\"name\":\"Exaudi Redacci\u00f3n\",\"@id\":\"https:\\\/\\\/exaudi.org\\\/#\\\/schema\\\/person\\\/f5fc8f063065e38742da7afe15f25df7\"},\"headline\":\"El Papa: En la hermosa aventura de dar amor, se multiplican la luz y la alegr\u00eda\",\"datePublished\":\"2024-01-21T14:05:58+00:00\",\"dateModified\":\"2024-01-22T08:06:45+00:00\",\"mainEntityOfPage\":{\"@id\":\"https:\\\/\\\/exaudi.org\\\/es\\\/el-papa-en-la-hermosa-aventura-de-dar-amor-se-multiplican-la-luz-y-la-alegria\\\/\"},\"wordCount\":990,\"image\":{\"@id\":\"https:\\\/\\\/exaudi.org\\\/es\\\/el-papa-en-la-hermosa-aventura-de-dar-amor-se-multiplican-la-luz-y-la-alegria\\\/#primaryimage\"},\"thumbnailUrl\":\"https:\\\/\\\/exaudi.org\\\/wp-content\\\/uploads\\\/2024\\\/01\\\/Snapinsta.app_421818957_18017360954088319_8173866139451844721_n_1080.jpg\",\"keywords\":[\"\u00c1ngelus 21 enero 2024\",\"Trending\"],\"articleSection\":[\"\u00c1ngelus\",\"Le\u00f3n XIV\"],\"inLanguage\":\"es\"},{\"@type\":\"WebPage\",\"@id\":\"https:\\\/\\\/exaudi.org\\\/es\\\/el-papa-en-la-hermosa-aventura-de-dar-amor-se-multiplican-la-luz-y-la-alegria\\\/\",\"url\":\"https:\\\/\\\/exaudi.org\\\/es\\\/el-papa-en-la-hermosa-aventura-de-dar-amor-se-multiplican-la-luz-y-la-alegria\\\/\",\"name\":\"El Papa: En la hermosa aventura de dar amor, se multiplican la luz y la alegr\u00eda &#8211; Exaudi\",\"isPartOf\":{\"@id\":\"https:\\\/\\\/exaudi.org\\\/#website\"},\"primaryImageOfPage\":{\"@id\":\"https:\\\/\\\/exaudi.org\\\/es\\\/el-papa-en-la-hermosa-aventura-de-dar-amor-se-multiplican-la-luz-y-la-alegria\\\/#primaryimage\"},\"image\":{\"@id\":\"https:\\\/\\\/exaudi.org\\\/es\\\/el-papa-en-la-hermosa-aventura-de-dar-amor-se-multiplican-la-luz-y-la-alegria\\\/#primaryimage\"},\"thumbnailUrl\":\"https:\\\/\\\/exaudi.org\\\/wp-content\\\/uploads\\\/2024\\\/01\\\/Snapinsta.app_421818957_18017360954088319_8173866139451844721_n_1080.jpg\",\"datePublished\":\"2024-01-21T14:05:58+00:00\",\"dateModified\":\"2024-01-22T08:06:45+00:00\",\"author\":{\"@id\":\"https:\\\/\\\/exaudi.org\\\/#\\\/schema\\\/person\\\/f5fc8f063065e38742da7afe15f25df7\"},\"breadcrumb\":{\"@id\":\"https:\\\/\\\/exaudi.org\\\/es\\\/el-papa-en-la-hermosa-aventura-de-dar-amor-se-multiplican-la-luz-y-la-alegria\\\/#breadcrumb\"},\"inLanguage\":\"es\",\"potentialAction\":[{\"@type\":\"ReadAction\",\"target\":[\"https:\\\/\\\/exaudi.org\\\/es\\\/el-papa-en-la-hermosa-aventura-de-dar-amor-se-multiplican-la-luz-y-la-alegria\\\/\"]}]},{\"@type\":\"ImageObject\",\"inLanguage\":\"es\",\"@id\":\"https:\\\/\\\/exaudi.org\\\/es\\\/el-papa-en-la-hermosa-aventura-de-dar-amor-se-multiplican-la-luz-y-la-alegria\\\/#primaryimage\",\"url\":\"https:\\\/\\\/exaudi.org\\\/wp-content\\\/uploads\\\/2024\\\/01\\\/Snapinsta.app_421818957_18017360954088319_8173866139451844721_n_1080.jpg\",\"contentUrl\":\"https:\\\/\\\/exaudi.org\\\/wp-content\\\/uploads\\\/2024\\\/01\\\/Snapinsta.app_421818957_18017360954088319_8173866139451844721_n_1080.jpg\",\"width\":1080,\"height\":1080,\"caption\":\"Vatican Media\"},{\"@type\":\"BreadcrumbList\",\"@id\":\"https:\\\/\\\/exaudi.org\\\/es\\\/el-papa-en-la-hermosa-aventura-de-dar-amor-se-multiplican-la-luz-y-la-alegria\\\/#breadcrumb\",\"itemListElement\":[{\"@type\":\"ListItem\",\"position\":1,\"name\":\"Portada\",\"item\":\"https:\\\/\\\/exaudi.org\\\/es\\\/\"},{\"@type\":\"ListItem\",\"position\":2,\"name\":\"El Papa: En la hermosa aventura de dar amor, se multiplican la luz y la alegr\u00eda\"}]},{\"@type\":\"WebSite\",\"@id\":\"https:\\\/\\\/exaudi.org\\\/#website\",\"url\":\"https:\\\/\\\/exaudi.org\\\/\",\"name\":\"Exaudi\",\"description\":\"News\",\"potentialAction\":[{\"@type\":\"SearchAction\",\"target\":{\"@type\":\"EntryPoint\",\"urlTemplate\":\"https:\\\/\\\/exaudi.org\\\/?s={search_term_string}\"},\"query-input\":{\"@type\":\"PropertyValueSpecification\",\"valueRequired\":true,\"valueName\":\"search_term_string\"}}],\"inLanguage\":\"es\"},{\"@type\":\"Person\",\"@id\":\"https:\\\/\\\/exaudi.org\\\/#\\\/schema\\\/person\\\/f5fc8f063065e38742da7afe15f25df7\",\"name\":\"Exaudi Redacci\u00f3n\",\"image\":{\"@type\":\"ImageObject\",\"inLanguage\":\"es\",\"@id\":\"https:\\\/\\\/secure.gravatar.com\\\/avatar\\\/fe0f6a059fb68d9b3e11bc5850dd4899b1c7492091a3cb6dd9b01b56ad828be2?s=96&d=mm&r=g\",\"url\":\"https:\\\/\\\/secure.gravatar.com\\\/avatar\\\/fe0f6a059fb68d9b3e11bc5850dd4899b1c7492091a3cb6dd9b01b56ad828be2?s=96&d=mm&r=g\",\"contentUrl\":\"https:\\\/\\\/secure.gravatar.com\\\/avatar\\\/fe0f6a059fb68d9b3e11bc5850dd4899b1c7492091a3cb6dd9b01b56ad828be2?s=96&d=mm&r=g\",\"caption\":\"Exaudi Redacci\u00f3n\"},\"description\":\"\u00bfQu\u00e9 es Exaudi News? Exaudi News es un medio de comunicaci\u00f3n cat\u00f3lico internacional que informa, forma y transforma, diariamente en espa\u00f1ol, ingl\u00e9s e italiano. A trav\u00e9s de noticias, art\u00edculos de an\u00e1lisis y transmisiones en directo de los eventos del Papa, Exaudi busca fortalecer la unidad de los cristianos y contribuir a la evangelizaci\u00f3n del mundo, siempre guiados por la doctrina social de la Iglesia. Trabajamos para acercar la verdad y los valores cristianos a cada rinc\u00f3n del planeta. \u00a1Ay\u00fadanos a transformar el mundo con Exaudi! En Exaudi creemos que la evangelizaci\u00f3n y la informaci\u00f3n de calidad pueden cambiar vidas. Para continuar con nuestra misi\u00f3n y expandir nuestro alcance, necesitamos tu ayuda. Adem\u00e1s, buscamos personas comprometidas que deseen unirse a nuestro equipo. Con tu apoyo, lograremos llegar a m\u00e1s personas, difundir el mensaje de Cristo y reforzar la unidad de los cristianos. \u00bfTe unes a nuestra misi\u00f3n? Para m\u00e1s informaci\u00f3n sobre c\u00f3mo colaborar, visita Exaudi.org\\\/es o cont\u00e1ctanos directamente: info@exaudi.org Exaudi: Informa, forma y transforma.\",\"sameAs\":[\"https:\\\/\\\/www.facebook.com\\\/ExaudiNoticias\\\/\",\"https:\\\/\\\/www.instagram.com\\\/exaudi_noticias\\\/\",\"https:\\\/\\\/x.com\\\/Exaudi_noticias\",\"https:\\\/\\\/www.youtube.com\\\/@exaudicatholicnews\"],\"url\":\"https:\\\/\\\/exaudi.org\\\/es\\\/author\\\/redaccionexaudi\\\/\"}]}<\/script>\n<!-- \/ Yoast SEO plugin. -->","yoast_head_json":{"title":"El Papa: En la hermosa aventura de dar amor, se multiplican la luz y la alegr\u00eda &#8211; Exaudi","robots":{"index":"index","follow":"follow","max-snippet":"max-snippet:-1","max-image-preview":"max-image-preview:large","max-video-preview":"max-video-preview:-1"},"canonical":"https:\/\/exaudi.org\/es\/el-papa-en-la-hermosa-aventura-de-dar-amor-se-multiplican-la-luz-y-la-alegria\/","og_locale":"es_ES","og_type":"article","og_title":"El Papa: En la hermosa aventura de dar amor, se multiplican la luz y la alegr\u00eda &#8211; Exaudi","og_description":"Palabras del Santo Padre en el \u00c1ngelus","og_url":"https:\/\/exaudi.org\/es\/el-papa-en-la-hermosa-aventura-de-dar-amor-se-multiplican-la-luz-y-la-alegria\/","og_site_name":"Exaudi","article_publisher":"https:\/\/www.facebook.com\/ExaudiNews","article_author":"https:\/\/www.facebook.com\/ExaudiNoticias\/","article_published_time":"2024-01-21T14:05:58+00:00","article_modified_time":"2024-01-22T08:06:45+00:00","og_image":[{"width":1080,"height":1080,"url":"https:\/\/exaudi.org\/wp-content\/uploads\/2024\/01\/Snapinsta.app_421818957_18017360954088319_8173866139451844721_n_1080.jpg","type":"image\/jpeg"}],"author":"Exaudi Redacci\u00f3n","twitter_card":"summary_large_image","twitter_creator":"@Exaudi_noticias","twitter_site":"@Exaudi_News","twitter_misc":{"Escrito por":"Exaudi Redacci\u00f3n","Tiempo de lectura":"5 minutos"},"schema":{"@context":"https:\/\/schema.org","@graph":[{"@type":"Article","@id":"https:\/\/exaudi.org\/es\/el-papa-en-la-hermosa-aventura-de-dar-amor-se-multiplican-la-luz-y-la-alegria\/#article","isPartOf":{"@id":"https:\/\/exaudi.org\/es\/el-papa-en-la-hermosa-aventura-de-dar-amor-se-multiplican-la-luz-y-la-alegria\/"},"author":{"name":"Exaudi Redacci\u00f3n","@id":"https:\/\/exaudi.org\/#\/schema\/person\/f5fc8f063065e38742da7afe15f25df7"},"headline":"El Papa: En la hermosa aventura de dar amor, se multiplican la luz y la alegr\u00eda","datePublished":"2024-01-21T14:05:58+00:00","dateModified":"2024-01-22T08:06:45+00:00","mainEntityOfPage":{"@id":"https:\/\/exaudi.org\/es\/el-papa-en-la-hermosa-aventura-de-dar-amor-se-multiplican-la-luz-y-la-alegria\/"},"wordCount":990,"image":{"@id":"https:\/\/exaudi.org\/es\/el-papa-en-la-hermosa-aventura-de-dar-amor-se-multiplican-la-luz-y-la-alegria\/#primaryimage"},"thumbnailUrl":"https:\/\/exaudi.org\/wp-content\/uploads\/2024\/01\/Snapinsta.app_421818957_18017360954088319_8173866139451844721_n_1080.jpg","keywords":["\u00c1ngelus 21 enero 2024","Trending"],"articleSection":["\u00c1ngelus","Le\u00f3n XIV"],"inLanguage":"es"},{"@type":"WebPage","@id":"https:\/\/exaudi.org\/es\/el-papa-en-la-hermosa-aventura-de-dar-amor-se-multiplican-la-luz-y-la-alegria\/","url":"https:\/\/exaudi.org\/es\/el-papa-en-la-hermosa-aventura-de-dar-amor-se-multiplican-la-luz-y-la-alegria\/","name":"El Papa: En la hermosa aventura de dar amor, se multiplican la luz y la alegr\u00eda &#8211; Exaudi","isPartOf":{"@id":"https:\/\/exaudi.org\/#website"},"primaryImageOfPage":{"@id":"https:\/\/exaudi.org\/es\/el-papa-en-la-hermosa-aventura-de-dar-amor-se-multiplican-la-luz-y-la-alegria\/#primaryimage"},"image":{"@id":"https:\/\/exaudi.org\/es\/el-papa-en-la-hermosa-aventura-de-dar-amor-se-multiplican-la-luz-y-la-alegria\/#primaryimage"},"thumbnailUrl":"https:\/\/exaudi.org\/wp-content\/uploads\/2024\/01\/Snapinsta.app_421818957_18017360954088319_8173866139451844721_n_1080.jpg","datePublished":"2024-01-21T14:05:58+00:00","dateModified":"2024-01-22T08:06:45+00:00","author":{"@id":"https:\/\/exaudi.org\/#\/schema\/person\/f5fc8f063065e38742da7afe15f25df7"},"breadcrumb":{"@id":"https:\/\/exaudi.org\/es\/el-papa-en-la-hermosa-aventura-de-dar-amor-se-multiplican-la-luz-y-la-alegria\/#breadcrumb"},"inLanguage":"es","potentialAction":[{"@type":"ReadAction","target":["https:\/\/exaudi.org\/es\/el-papa-en-la-hermosa-aventura-de-dar-amor-se-multiplican-la-luz-y-la-alegria\/"]}]},{"@type":"ImageObject","inLanguage":"es","@id":"https:\/\/exaudi.org\/es\/el-papa-en-la-hermosa-aventura-de-dar-amor-se-multiplican-la-luz-y-la-alegria\/#primaryimage","url":"https:\/\/exaudi.org\/wp-content\/uploads\/2024\/01\/Snapinsta.app_421818957_18017360954088319_8173866139451844721_n_1080.jpg","contentUrl":"https:\/\/exaudi.org\/wp-content\/uploads\/2024\/01\/Snapinsta.app_421818957_18017360954088319_8173866139451844721_n_1080.jpg","width":1080,"height":1080,"caption":"Vatican Media"},{"@type":"BreadcrumbList","@id":"https:\/\/exaudi.org\/es\/el-papa-en-la-hermosa-aventura-de-dar-amor-se-multiplican-la-luz-y-la-alegria\/#breadcrumb","itemListElement":[{"@type":"ListItem","position":1,"name":"Portada","item":"https:\/\/exaudi.org\/es\/"},{"@type":"ListItem","position":2,"name":"El Papa: En la hermosa aventura de dar amor, se multiplican la luz y la alegr\u00eda"}]},{"@type":"WebSite","@id":"https:\/\/exaudi.org\/#website","url":"https:\/\/exaudi.org\/","name":"Exaudi","description":"News","potentialAction":[{"@type":"SearchAction","target":{"@type":"EntryPoint","urlTemplate":"https:\/\/exaudi.org\/?s={search_term_string}"},"query-input":{"@type":"PropertyValueSpecification","valueRequired":true,"valueName":"search_term_string"}}],"inLanguage":"es"},{"@type":"Person","@id":"https:\/\/exaudi.org\/#\/schema\/person\/f5fc8f063065e38742da7afe15f25df7","name":"Exaudi Redacci\u00f3n","image":{"@type":"ImageObject","inLanguage":"es","@id":"https:\/\/secure.gravatar.com\/avatar\/fe0f6a059fb68d9b3e11bc5850dd4899b1c7492091a3cb6dd9b01b56ad828be2?s=96&d=mm&r=g","url":"https:\/\/secure.gravatar.com\/avatar\/fe0f6a059fb68d9b3e11bc5850dd4899b1c7492091a3cb6dd9b01b56ad828be2?s=96&d=mm&r=g","contentUrl":"https:\/\/secure.gravatar.com\/avatar\/fe0f6a059fb68d9b3e11bc5850dd4899b1c7492091a3cb6dd9b01b56ad828be2?s=96&d=mm&r=g","caption":"Exaudi Redacci\u00f3n"},"description":"\u00bfQu\u00e9 es Exaudi News? Exaudi News es un medio de comunicaci\u00f3n cat\u00f3lico internacional que informa, forma y transforma, diariamente en espa\u00f1ol, ingl\u00e9s e italiano. A trav\u00e9s de noticias, art\u00edculos de an\u00e1lisis y transmisiones en directo de los eventos del Papa, Exaudi busca fortalecer la unidad de los cristianos y contribuir a la evangelizaci\u00f3n del mundo, siempre guiados por la doctrina social de la Iglesia. Trabajamos para acercar la verdad y los valores cristianos a cada rinc\u00f3n del planeta. \u00a1Ay\u00fadanos a transformar el mundo con Exaudi! En Exaudi creemos que la evangelizaci\u00f3n y la informaci\u00f3n de calidad pueden cambiar vidas. Para continuar con nuestra misi\u00f3n y expandir nuestro alcance, necesitamos tu ayuda. Adem\u00e1s, buscamos personas comprometidas que deseen unirse a nuestro equipo. Con tu apoyo, lograremos llegar a m\u00e1s personas, difundir el mensaje de Cristo y reforzar la unidad de los cristianos. \u00bfTe unes a nuestra misi\u00f3n? Para m\u00e1s informaci\u00f3n sobre c\u00f3mo colaborar, visita Exaudi.org\/es o cont\u00e1ctanos directamente: info@exaudi.org Exaudi: Informa, forma y transforma.","sameAs":["https:\/\/www.facebook.com\/ExaudiNoticias\/","https:\/\/www.instagram.com\/exaudi_noticias\/","https:\/\/x.com\/Exaudi_noticias","https:\/\/www.youtube.com\/@exaudicatholicnews"],"url":"https:\/\/exaudi.org\/es\/author\/redaccionexaudi\/"}]}},"jetpack_featured_media_url":"https:\/\/exaudi.org\/wp-content\/uploads\/2024\/01\/Snapinsta.app_421818957_18017360954088319_8173866139451844721_n_1080.jpg","jetpack_shortlink":"https:\/\/wp.me\/pgKjF2-o6w","_links":{"self":[{"href":"https:\/\/exaudi.org\/es\/wp-json\/wp\/v2\/posts\/92660","targetHints":{"allow":["GET"]}}],"collection":[{"href":"https:\/\/exaudi.org\/es\/wp-json\/wp\/v2\/posts"}],"about":[{"href":"https:\/\/exaudi.org\/es\/wp-json\/wp\/v2\/types\/post"}],"author":[{"embeddable":true,"href":"https:\/\/exaudi.org\/es\/wp-json\/wp\/v2\/users\/15"}],"replies":[{"embeddable":true,"href":"https:\/\/exaudi.org\/es\/wp-json\/wp\/v2\/comments?post=92660"}],"version-history":[{"count":0,"href":"https:\/\/exaudi.org\/es\/wp-json\/wp\/v2\/posts\/92660\/revisions"}],"wp:featuredmedia":[{"embeddable":true,"href":"https:\/\/exaudi.org\/es\/wp-json\/wp\/v2\/media\/92703"}],"wp:attachment":[{"href":"https:\/\/exaudi.org\/es\/wp-json\/wp\/v2\/media?parent=92660"}],"wp:term":[{"taxonomy":"category","embeddable":true,"href":"https:\/\/exaudi.org\/es\/wp-json\/wp\/v2\/categories?post=92660"},{"taxonomy":"post_tag","embeddable":true,"href":"https:\/\/exaudi.org\/es\/wp-json\/wp\/v2\/tags?post=92660"}],"curies":[{"name":"wp","href":"https:\/\/api.w.org\/{rel}","templated":true}]}}