{"id":92605,"date":"2024-01-20T15:53:48","date_gmt":"2024-01-20T14:53:48","guid":{"rendered":"https:\/\/exaudi.org\/?p=92605"},"modified":"2024-01-20T15:53:48","modified_gmt":"2024-01-20T14:53:48","slug":"el-hombre-tiene-valores-y-hay-que-respetarlos","status":"publish","type":"post","link":"https:\/\/exaudi.org\/es\/el-hombre-tiene-valores-y-hay-que-respetarlos\/","title":{"rendered":"\u00abEl hombre tiene valores y hay que respetarlos\u00bb"},"content":{"rendered":"<p>Esta ma\u00f1ana, viernes 19 de enero de 2024, el Santo Padre Francisco ha recibido en audiencia en el Palacio Apost\u00f3lico Vaticano a la Delegaci\u00f3n de la Federaci\u00f3n Internacional de Universidades Cat\u00f3licas (FIUC), con motivo de la celebraci\u00f3n del centenario de su fundaci\u00f3n.<\/p>\n<p>Publicamos a continuaci\u00f3n el discurso del Papa a los presentes:<\/p>\n<p>***<\/p>\n<h3><strong>Discurso del Papa<\/strong><\/h3>\n<p>\u00a1Eminencias y excelencias!<br \/>\n\u00a1Queridos hermanos y hermanas!<\/p>\n<p>Tendr\u00eda que leerles un largo discurso, pero siento cierta dificultad para respirar. Como ven, este resfriado todav\u00eda no se va. Por eso me tomo la libertad de entregarles el texto para que ustedes mismos lo lean. Quisiera darles las gracias por este encuentro, por el bien que hacen las universidades, nuestras universidades cat\u00f3licas: sembrar la ciencia, la Palabra de Dios y el verdadero humanismo. Se los agradezco mucho. Y no se cansen de seguir adelante, siempre adelante con la misi\u00f3n tan hermosa de las universidades cat\u00f3licas. Lo que les da identidad no es la mera confesi\u00f3n cat\u00f3lica \u2014que es s\u00f3lo un aspecto, pero no el \u00fanico\u2014, es quiz\u00e1 ese humanismo aut\u00e9ntico, el humanismo que hace comprender que el hombre tiene valores y que estos deben respetarse. Pienso que esto es lo m\u00e1s hermoso y lo m\u00e1s grande de vuestras universidades. Muchas gracias.<\/p>\n<p>Me complace unirme a la celebraci\u00f3n del centenario de la Federaci\u00f3n Internacional de las Universidades Cat\u00f3licas (F.I.U.C.). \u00a1Cien a\u00f1os de camino ciertamente son un buen motivo de tanta gratitud! Saludo y agradezco al cardenal Jos\u00e8 Tolentino de Mendon\u00e7a y a la profesora Gil, Presidente de la Federaci\u00f3n.<\/p>\n<p>Fue P\u00edo XI quien, en 1924, dio su benepl\u00e1cito a la primera asociaci\u00f3n de dieciocho universidades cat\u00f3licas. Y un decreto, muy posterior, de la entonces Congregaci\u00f3n de los Seminarios y de las Universidades de los Estudios refiere que \u2013cito\u2013 \u00abse asociaron con la intenci\u00f3n de que los rectores de las mismas, [\u2026] con mayor frecuencia, trataran juntos los asuntos [\u2026] que se deben promover de manera conjunta en favor de su objetivo m\u00e1s alto\u00bb (29 de junio de 1948). Veinticinco a\u00f1os despu\u00e9s, el venerable P\u00edo XII instituy\u00f3 la Federaci\u00f3n de las Universidades Cat\u00f3licas.<\/p>\n<p>De estas \u201cra\u00edces\u201d emergen dos aspectos que quisiera destacar: el primero es la exhortaci\u00f3n a\u00a0<i>trabajar en red<\/i>. Hoy existen en el mundo casi dos mil Universidades Cat\u00f3licas. Imaginemos el potencial que podr\u00eda desarrollar una colaboraci\u00f3n a\u00fan m\u00e1s eficaz y operativa, fortaleciendo el sistema universitario cat\u00f3lico. En un tiempo de gran fragmentaci\u00f3n, debemos tener la audacia de ir contracorriente, globalizando la esperanza, la unidad y la concordia, en vez de la indiferencia, de las polarizaciones y de los conflictos. El segundo aspecto es el hecho de que la Federaci\u00f3n \u2013como escribe P\u00edo XII\u2013 fue instituida \u00abdespu\u00e9s de una terrible guerra\u00bb, como instrumento que contribuyese a \u00abconciliar y confirmar la paz y la caridad entre los hombres\u00bb (Carta Ap.\u00a0<i>Catholicas studiorum Universitates<\/i>, 27 de julio de 1949). Desgraciadamente, este centenario lo celebramos a\u00fan en medio de un escenario de guerra, la tercera guerra mundial a pedazos. Por eso es esencial que las universidades cat\u00f3licas sean protagonistas en la construcci\u00f3n de la cultura de la paz, en sus m\u00faltiples dimensiones que se tienen que afrontar de modo interdisciplinar.<\/p>\n<p>En la\u00a0<i>carta magna<\/i>\u00a0de las universidades cat\u00f3licas, la Constituci\u00f3n Apost\u00f3lica\u00a0<i>Ex corde Ecclesiae<\/i>, san Juan Pablo II comenz\u00f3 con la sorprendente afirmaci\u00f3n de que la universidad cat\u00f3lica nace \u00abdel coraz\u00f3n de la Iglesia\u00bb (n. 1). Quiz\u00e1 hubiese sido m\u00e1s l\u00f3gico que dijera que surge de la inteligencia cristiana, pero el Pont\u00edfice da la prioridad al coraz\u00f3n:\u00a0<i>ex corde Ecclesiae<\/i>. En efecto, la universidad cat\u00f3lica, siendo \u00abuno de los mejores instrumentos que la Iglesia ofrece a nuestra \u00e9poca\u00bb (<i>ib\u00edd.<\/i>, 10), no puede m\u00e1s que ser expresi\u00f3n de aquel amor que anima cada acci\u00f3n de la Iglesia, es decir, el amor de Dios por la persona humana.<\/p>\n<p>En un tiempo en el cual incluso la educaci\u00f3n est\u00e1 volvi\u00e9ndose un negocio, y grandes fondos financieros sin rostro invierten en las escuelas y en las universidades como si fuese la bolsa de valores, las instituciones de la Iglesia deben demostrar que tienen una naturaleza diferente y que se mueven de acuerdo a otra l\u00f3gica. Un proyecto educativo no se basa solo en un programa perfecto, ni en un equipamiento eficiente, ni en una buena gesti\u00f3n corporativa. En la universidad debe palpitar una pasi\u00f3n m\u00e1s grande, se debe notar una b\u00fasqueda com\u00fan de la verdad, un horizonte de sentido, y todo esto vivido en una comunidad de conocimiento donde la generosidad del amor, por as\u00ed decirlo, es palpable.<\/p>\n<p>La filosofa Hanah Arendt, que ha profundizado en el estudio del concepto de amor en San Agust\u00edn, subraya que aquel gran maestro describ\u00eda el amor con la palabra\u00a0<i>appetitus<\/i>, entendida como inclinaci\u00f3n, deseo, tensi\u00f3n-hacia. Por esto les digo: \u00a1no pierdan el apetito! \u00a1Mantengan la intensidad del primer amor! Que las universidades cat\u00f3licas no sustituyan el deseo con el funcionalismo o la burocracia. No es suficiente conceder t\u00edtulos acad\u00e9micos, es necesario despertar y custodiar en cada persona el deseo de ser. No basta dise\u00f1ar carreras competitivas, se debe promover el descubrimiento de vocaciones fecundas, inspirar caminos de vida autentica e integrar la aportaci\u00f3n de cada uno dentro de las din\u00e1micas creativas de la comunidad. Es verdad que se debe pensar en la inteligencia artificial, pero tambi\u00e9n en aquella espiritual, sin la cual el hombre permanece un extra\u00f1o para s\u00ed mismo. La universidad es un recurso tan indispensable como para vivir solamente \u201cal comp\u00e1s de los tiempos\u201d y aplazar la responsabilidad que representan las grandes necesidades humanas y los sue\u00f1os de la juventud.<\/p>\n<p>Me gusta recordar una f\u00e1bula narrada por el escritor Franz Kafka, fallecido hace cien a\u00f1os. El protagonista es un ratoncito que tiene miedo de lo vasto del mundo y busca una protecci\u00f3n c\u00f3moda entre dos paredes, una a la izquierda y otra a la derecha. Sin embargo, en un momento dado cae en la cuenta de que empieza a acortarse la distancia entre estas y se encuentra en peligro de ser aplastado. Es entonces cuando inicia a correr, pero alcanza a ver que en el fondo le espera una trampa para ratones. En ese momento escucha la voz del gato que le dice: \u201cNo debes hacer otra cosa que cambiar de direcci\u00f3n\u201d. En su desesperaci\u00f3n, le hace caso al gato, que termina por com\u00e9rselo.<\/p>\n<p>No podemos confiar la gesti\u00f3n de nuestras universidades al miedo; desafortunadamente esto sucede m\u00e1s frecuentemente de lo que se piensa. La tentaci\u00f3n de encerrarse detr\u00e1s de las paredes, en una burbuja social de seguridad, evitando los riesgos y desaf\u00edos culturales y dando la espalda a la complejidad de la realidad puede parecer el camino m\u00e1s fiable. Pero, \u00a1esta es una mera ilusi\u00f3n! Porque el miedo devora el alma. No rodeen jam\u00e1s la universidad con los muros del miedo. No permitan que una universidad cat\u00f3lica se limite a replicar los muros t\u00edpicos de la sociedad en la que vivimos: aquellos de la desigualdad, de la deshumanizaci\u00f3n, de la intolerancia y de la indiferencia, de tantos modelos que miran a reforzar el individualismo y no invierten en la fraternidad.<\/p>\n<p>Una universidad que se protege dentro de los muros del miedo puede tal vez alcanzar un nivel de prestigio, reconocimiento y apreciaci\u00f3n, ocupando los primeros lugares en la clasificaci\u00f3n de producci\u00f3n acad\u00e9mica. Pero, como dec\u00eda el pensador Miguel de Unamuno, \u00ab\u00a1Saber por saber! [\u2026] Eso es inhumano\u00bb. Debemos preguntarnos siempre: \u00bfpara qu\u00e9 sirve nuestra ciencia? \u00bfQu\u00e9 potencial transformador tiene el conocimiento que producimos? \u00bfA qu\u00e9 y a qui\u00e9n servimos? La neutralidad es una ilusi\u00f3n. Por ello, una universidad cat\u00f3lica tiene que tomar decisiones, y estas deben ser un reflejo del Evangelio. Debe tomar una postura y demostrarlo con sus acciones de un modo trasparente, \u201cmancharse las manos\u201d evang\u00e9licamente en la transformaci\u00f3n del mundo y al servicio de la persona humana.<\/p>\n<p>Frente a una asamblea tan cualificada, formada por grandes cancilleres, rectores y otras autoridades acad\u00e9micas quisiera agradecerles lo que ya est\u00e1n haciendo las universidades cat\u00f3licas. Cuanto esfuerzo e innovaci\u00f3n, cuanta inteligencia y estudio ponen en aquella que es la triple misi\u00f3n de la universidad, \u00a1ense\u00f1ar, investigar y retribuir a la comunidad! S\u00ed, quiero agradecerles de verdad. Pero, adem\u00e1s, quisiera pedirles su ayuda. S\u00ed, les pido que ayuden a la Iglesia, en este momento hist\u00f3rico, a iluminar las m\u00e1s profundas aspiraciones humanas con las razones de la inteligencia y las \u201crazones de la esperanza\u201d (cf.\u00a0<i>1 P<\/i>\u00a03,15), que ayuden a la Iglesia a dialogar sin miedo sobre los grandes planteamientos contempor\u00e1neos. Ay\u00fadennos a traducir culturalmente, con un lenguaje abierto a las nuevas generaciones y a los nuevos tiempos, la riqueza de la inspiraci\u00f3n cristiana, a identificar las nuevas fronteras del pensamiento, de la ciencia y de la t\u00e9cnica y a asumirlas con equilibrio y sabidur\u00eda. Ay\u00fadennos a construir alianzas intergeneracionales e interculturales en favor del cuidado de la casa com\u00fan, de una visi\u00f3n de ecolog\u00eda integral que de una efectiva respuesta al grito de la tierra y al grito de los pobres.<\/p>\n<p>Queridos amigos de la FIUC, en muchas capillas de vuestras universidades se puede encontrar una imagen de nuestra Se\u00f1ora\u00a0<i>Sedes Sapientiae<\/i>. Los invito a contemplarla con ternura y a fijar en ella su mirada. \u00bfCu\u00e1l es el secreto de nuestra Se\u00f1ora de la Sabidur\u00eda? Es llevar a Jes\u00fas, que es la Sabidur\u00eda de Dios y que nos ofrece los criterios para construir toda sabidur\u00eda. Fijen su mirada en el coraz\u00f3n de Mar\u00eda, que ella los acompa\u00f1e a ustedes, a sus comunidades acad\u00e9micas y a sus proyectos. Los bendigo de coraz\u00f3n, y por favor, no se olviden de rezar por m\u00ed.<\/p>\n","protected":false},"excerpt":{"rendered":"<p>Audiencia a la Delegaci\u00f3n de la Federaci\u00f3n Internacional de Universidades Cat\u00f3licas (FIUC)<\/p>\n","protected":false},"author":15,"featured_media":92592,"comment_status":"closed","ping_status":"closed","sticky":false,"template":"","format":"standard","meta":{"_acf_changed":false,"_crdt_document":"","inline_featured_image":false,"footnotes":""},"categories":[124,68],"tags":[12353,12352,4953],"class_list":["post-92605","post","type-post","status-publish","format-standard","has-post-thumbnail","hentry","category-discursos","category-leon-xiv","tag-centenario-de-su-fundacion","tag-federacion-internacional-de-universidades-catolicas","tag-trending-es"],"acf":[],"yoast_head":"<!-- This site is optimized with the Yoast SEO plugin v27.5 - https:\/\/yoast.com\/product\/yoast-seo-wordpress\/ -->\n<title>&quot;El hombre tiene valores y hay que respetarlos&quot; &#8211; Exaudi<\/title>\n<meta name=\"robots\" content=\"index, follow, max-snippet:-1, max-image-preview:large, max-video-preview:-1\" \/>\n<link rel=\"canonical\" href=\"https:\/\/exaudi.org\/es\/el-hombre-tiene-valores-y-hay-que-respetarlos\/\" \/>\n<meta property=\"og:locale\" content=\"es_ES\" \/>\n<meta property=\"og:type\" content=\"article\" \/>\n<meta property=\"og:title\" content=\"&quot;El hombre tiene valores y hay que respetarlos&quot; &#8211; Exaudi\" \/>\n<meta property=\"og:description\" content=\"Audiencia a la Delegaci\u00f3n de la Federaci\u00f3n Internacional de Universidades Cat\u00f3licas (FIUC)\" \/>\n<meta property=\"og:url\" content=\"https:\/\/exaudi.org\/es\/el-hombre-tiene-valores-y-hay-que-respetarlos\/\" \/>\n<meta property=\"og:site_name\" content=\"Exaudi\" \/>\n<meta property=\"article:publisher\" content=\"https:\/\/www.facebook.com\/ExaudiNews\" \/>\n<meta property=\"article:author\" content=\"https:\/\/www.facebook.com\/ExaudiNoticias\/\" \/>\n<meta property=\"article:published_time\" content=\"2024-01-20T14:53:48+00:00\" \/>\n<meta property=\"og:image\" content=\"https:\/\/exaudi.org\/wp-content\/uploads\/2024\/01\/cq5dam.web_.800.800-30.jpeg\" \/>\n\t<meta property=\"og:image:width\" content=\"800\" \/>\n\t<meta property=\"og:image:height\" content=\"533\" \/>\n\t<meta property=\"og:image:type\" content=\"image\/jpeg\" \/>\n<meta name=\"author\" content=\"Exaudi Redacci\u00f3n\" \/>\n<meta name=\"twitter:card\" content=\"summary_large_image\" \/>\n<meta name=\"twitter:creator\" content=\"@Exaudi_noticias\" \/>\n<meta name=\"twitter:site\" content=\"@Exaudi_News\" \/>\n<meta name=\"twitter:label1\" content=\"Escrito por\" \/>\n\t<meta name=\"twitter:data1\" content=\"Exaudi Redacci\u00f3n\" \/>\n\t<meta name=\"twitter:label2\" content=\"Tiempo de lectura\" \/>\n\t<meta name=\"twitter:data2\" content=\"9 minutos\" \/>\n<script type=\"application\/ld+json\" class=\"yoast-schema-graph\">{\"@context\":\"https:\\\/\\\/schema.org\",\"@graph\":[{\"@type\":\"Article\",\"@id\":\"https:\\\/\\\/exaudi.org\\\/es\\\/el-hombre-tiene-valores-y-hay-que-respetarlos\\\/#article\",\"isPartOf\":{\"@id\":\"https:\\\/\\\/exaudi.org\\\/es\\\/el-hombre-tiene-valores-y-hay-que-respetarlos\\\/\"},\"author\":{\"name\":\"Exaudi Redacci\u00f3n\",\"@id\":\"https:\\\/\\\/exaudi.org\\\/#\\\/schema\\\/person\\\/f5fc8f063065e38742da7afe15f25df7\"},\"headline\":\"\u00abEl hombre tiene valores y hay que respetarlos\u00bb\",\"datePublished\":\"2024-01-20T14:53:48+00:00\",\"mainEntityOfPage\":{\"@id\":\"https:\\\/\\\/exaudi.org\\\/es\\\/el-hombre-tiene-valores-y-hay-que-respetarlos\\\/\"},\"wordCount\":1723,\"image\":{\"@id\":\"https:\\\/\\\/exaudi.org\\\/es\\\/el-hombre-tiene-valores-y-hay-que-respetarlos\\\/#primaryimage\"},\"thumbnailUrl\":\"https:\\\/\\\/exaudi.org\\\/wp-content\\\/uploads\\\/2024\\\/01\\\/cq5dam.web_.800.800-30.jpeg\",\"keywords\":[\"centenario de su fundaci\u00f3n\",\"Federaci\u00f3n Internacional de Universidades Cat\u00f3licas\",\"Trending\"],\"articleSection\":[\"Discursos\",\"Le\u00f3n XIV\"],\"inLanguage\":\"es\"},{\"@type\":\"WebPage\",\"@id\":\"https:\\\/\\\/exaudi.org\\\/es\\\/el-hombre-tiene-valores-y-hay-que-respetarlos\\\/\",\"url\":\"https:\\\/\\\/exaudi.org\\\/es\\\/el-hombre-tiene-valores-y-hay-que-respetarlos\\\/\",\"name\":\"\\\"El hombre tiene valores y hay que respetarlos\\\" &#8211; Exaudi\",\"isPartOf\":{\"@id\":\"https:\\\/\\\/exaudi.org\\\/#website\"},\"primaryImageOfPage\":{\"@id\":\"https:\\\/\\\/exaudi.org\\\/es\\\/el-hombre-tiene-valores-y-hay-que-respetarlos\\\/#primaryimage\"},\"image\":{\"@id\":\"https:\\\/\\\/exaudi.org\\\/es\\\/el-hombre-tiene-valores-y-hay-que-respetarlos\\\/#primaryimage\"},\"thumbnailUrl\":\"https:\\\/\\\/exaudi.org\\\/wp-content\\\/uploads\\\/2024\\\/01\\\/cq5dam.web_.800.800-30.jpeg\",\"datePublished\":\"2024-01-20T14:53:48+00:00\",\"author\":{\"@id\":\"https:\\\/\\\/exaudi.org\\\/#\\\/schema\\\/person\\\/f5fc8f063065e38742da7afe15f25df7\"},\"breadcrumb\":{\"@id\":\"https:\\\/\\\/exaudi.org\\\/es\\\/el-hombre-tiene-valores-y-hay-que-respetarlos\\\/#breadcrumb\"},\"inLanguage\":\"es\",\"potentialAction\":[{\"@type\":\"ReadAction\",\"target\":[\"https:\\\/\\\/exaudi.org\\\/es\\\/el-hombre-tiene-valores-y-hay-que-respetarlos\\\/\"]}]},{\"@type\":\"ImageObject\",\"inLanguage\":\"es\",\"@id\":\"https:\\\/\\\/exaudi.org\\\/es\\\/el-hombre-tiene-valores-y-hay-que-respetarlos\\\/#primaryimage\",\"url\":\"https:\\\/\\\/exaudi.org\\\/wp-content\\\/uploads\\\/2024\\\/01\\\/cq5dam.web_.800.800-30.jpeg\",\"contentUrl\":\"https:\\\/\\\/exaudi.org\\\/wp-content\\\/uploads\\\/2024\\\/01\\\/cq5dam.web_.800.800-30.jpeg\",\"width\":800,\"height\":533,\"caption\":\"Vatican Media\"},{\"@type\":\"BreadcrumbList\",\"@id\":\"https:\\\/\\\/exaudi.org\\\/es\\\/el-hombre-tiene-valores-y-hay-que-respetarlos\\\/#breadcrumb\",\"itemListElement\":[{\"@type\":\"ListItem\",\"position\":1,\"name\":\"Portada\",\"item\":\"https:\\\/\\\/exaudi.org\\\/es\\\/\"},{\"@type\":\"ListItem\",\"position\":2,\"name\":\"\u00abEl hombre tiene valores y hay que respetarlos\u00bb\"}]},{\"@type\":\"WebSite\",\"@id\":\"https:\\\/\\\/exaudi.org\\\/#website\",\"url\":\"https:\\\/\\\/exaudi.org\\\/\",\"name\":\"Exaudi\",\"description\":\"News\",\"potentialAction\":[{\"@type\":\"SearchAction\",\"target\":{\"@type\":\"EntryPoint\",\"urlTemplate\":\"https:\\\/\\\/exaudi.org\\\/?s={search_term_string}\"},\"query-input\":{\"@type\":\"PropertyValueSpecification\",\"valueRequired\":true,\"valueName\":\"search_term_string\"}}],\"inLanguage\":\"es\"},{\"@type\":\"Person\",\"@id\":\"https:\\\/\\\/exaudi.org\\\/#\\\/schema\\\/person\\\/f5fc8f063065e38742da7afe15f25df7\",\"name\":\"Exaudi Redacci\u00f3n\",\"image\":{\"@type\":\"ImageObject\",\"inLanguage\":\"es\",\"@id\":\"https:\\\/\\\/secure.gravatar.com\\\/avatar\\\/fe0f6a059fb68d9b3e11bc5850dd4899b1c7492091a3cb6dd9b01b56ad828be2?s=96&d=mm&r=g\",\"url\":\"https:\\\/\\\/secure.gravatar.com\\\/avatar\\\/fe0f6a059fb68d9b3e11bc5850dd4899b1c7492091a3cb6dd9b01b56ad828be2?s=96&d=mm&r=g\",\"contentUrl\":\"https:\\\/\\\/secure.gravatar.com\\\/avatar\\\/fe0f6a059fb68d9b3e11bc5850dd4899b1c7492091a3cb6dd9b01b56ad828be2?s=96&d=mm&r=g\",\"caption\":\"Exaudi Redacci\u00f3n\"},\"description\":\"\u00bfQu\u00e9 es Exaudi News? Exaudi News es un medio de comunicaci\u00f3n cat\u00f3lico internacional que informa, forma y transforma, diariamente en espa\u00f1ol, ingl\u00e9s e italiano. A trav\u00e9s de noticias, art\u00edculos de an\u00e1lisis y transmisiones en directo de los eventos del Papa, Exaudi busca fortalecer la unidad de los cristianos y contribuir a la evangelizaci\u00f3n del mundo, siempre guiados por la doctrina social de la Iglesia. Trabajamos para acercar la verdad y los valores cristianos a cada rinc\u00f3n del planeta. \u00a1Ay\u00fadanos a transformar el mundo con Exaudi! En Exaudi creemos que la evangelizaci\u00f3n y la informaci\u00f3n de calidad pueden cambiar vidas. Para continuar con nuestra misi\u00f3n y expandir nuestro alcance, necesitamos tu ayuda. Adem\u00e1s, buscamos personas comprometidas que deseen unirse a nuestro equipo. Con tu apoyo, lograremos llegar a m\u00e1s personas, difundir el mensaje de Cristo y reforzar la unidad de los cristianos. \u00bfTe unes a nuestra misi\u00f3n? Para m\u00e1s informaci\u00f3n sobre c\u00f3mo colaborar, visita Exaudi.org\\\/es o cont\u00e1ctanos directamente: info@exaudi.org Exaudi: Informa, forma y transforma.\",\"sameAs\":[\"https:\\\/\\\/www.facebook.com\\\/ExaudiNoticias\\\/\",\"https:\\\/\\\/www.instagram.com\\\/exaudi_noticias\\\/\",\"https:\\\/\\\/x.com\\\/Exaudi_noticias\",\"https:\\\/\\\/www.youtube.com\\\/@exaudicatholicnews\"],\"url\":\"https:\\\/\\\/exaudi.org\\\/es\\\/author\\\/redaccionexaudi\\\/\"}]}<\/script>\n<!-- \/ Yoast SEO plugin. -->","yoast_head_json":{"title":"\"El hombre tiene valores y hay que respetarlos\" &#8211; Exaudi","robots":{"index":"index","follow":"follow","max-snippet":"max-snippet:-1","max-image-preview":"max-image-preview:large","max-video-preview":"max-video-preview:-1"},"canonical":"https:\/\/exaudi.org\/es\/el-hombre-tiene-valores-y-hay-que-respetarlos\/","og_locale":"es_ES","og_type":"article","og_title":"\"El hombre tiene valores y hay que respetarlos\" &#8211; Exaudi","og_description":"Audiencia a la Delegaci\u00f3n de la Federaci\u00f3n Internacional de Universidades Cat\u00f3licas (FIUC)","og_url":"https:\/\/exaudi.org\/es\/el-hombre-tiene-valores-y-hay-que-respetarlos\/","og_site_name":"Exaudi","article_publisher":"https:\/\/www.facebook.com\/ExaudiNews","article_author":"https:\/\/www.facebook.com\/ExaudiNoticias\/","article_published_time":"2024-01-20T14:53:48+00:00","og_image":[{"width":800,"height":533,"url":"https:\/\/exaudi.org\/wp-content\/uploads\/2024\/01\/cq5dam.web_.800.800-30.jpeg","type":"image\/jpeg"}],"author":"Exaudi Redacci\u00f3n","twitter_card":"summary_large_image","twitter_creator":"@Exaudi_noticias","twitter_site":"@Exaudi_News","twitter_misc":{"Escrito por":"Exaudi Redacci\u00f3n","Tiempo de lectura":"9 minutos"},"schema":{"@context":"https:\/\/schema.org","@graph":[{"@type":"Article","@id":"https:\/\/exaudi.org\/es\/el-hombre-tiene-valores-y-hay-que-respetarlos\/#article","isPartOf":{"@id":"https:\/\/exaudi.org\/es\/el-hombre-tiene-valores-y-hay-que-respetarlos\/"},"author":{"name":"Exaudi Redacci\u00f3n","@id":"https:\/\/exaudi.org\/#\/schema\/person\/f5fc8f063065e38742da7afe15f25df7"},"headline":"\u00abEl hombre tiene valores y hay que respetarlos\u00bb","datePublished":"2024-01-20T14:53:48+00:00","mainEntityOfPage":{"@id":"https:\/\/exaudi.org\/es\/el-hombre-tiene-valores-y-hay-que-respetarlos\/"},"wordCount":1723,"image":{"@id":"https:\/\/exaudi.org\/es\/el-hombre-tiene-valores-y-hay-que-respetarlos\/#primaryimage"},"thumbnailUrl":"https:\/\/exaudi.org\/wp-content\/uploads\/2024\/01\/cq5dam.web_.800.800-30.jpeg","keywords":["centenario de su fundaci\u00f3n","Federaci\u00f3n Internacional de Universidades Cat\u00f3licas","Trending"],"articleSection":["Discursos","Le\u00f3n XIV"],"inLanguage":"es"},{"@type":"WebPage","@id":"https:\/\/exaudi.org\/es\/el-hombre-tiene-valores-y-hay-que-respetarlos\/","url":"https:\/\/exaudi.org\/es\/el-hombre-tiene-valores-y-hay-que-respetarlos\/","name":"\"El hombre tiene valores y hay que respetarlos\" &#8211; Exaudi","isPartOf":{"@id":"https:\/\/exaudi.org\/#website"},"primaryImageOfPage":{"@id":"https:\/\/exaudi.org\/es\/el-hombre-tiene-valores-y-hay-que-respetarlos\/#primaryimage"},"image":{"@id":"https:\/\/exaudi.org\/es\/el-hombre-tiene-valores-y-hay-que-respetarlos\/#primaryimage"},"thumbnailUrl":"https:\/\/exaudi.org\/wp-content\/uploads\/2024\/01\/cq5dam.web_.800.800-30.jpeg","datePublished":"2024-01-20T14:53:48+00:00","author":{"@id":"https:\/\/exaudi.org\/#\/schema\/person\/f5fc8f063065e38742da7afe15f25df7"},"breadcrumb":{"@id":"https:\/\/exaudi.org\/es\/el-hombre-tiene-valores-y-hay-que-respetarlos\/#breadcrumb"},"inLanguage":"es","potentialAction":[{"@type":"ReadAction","target":["https:\/\/exaudi.org\/es\/el-hombre-tiene-valores-y-hay-que-respetarlos\/"]}]},{"@type":"ImageObject","inLanguage":"es","@id":"https:\/\/exaudi.org\/es\/el-hombre-tiene-valores-y-hay-que-respetarlos\/#primaryimage","url":"https:\/\/exaudi.org\/wp-content\/uploads\/2024\/01\/cq5dam.web_.800.800-30.jpeg","contentUrl":"https:\/\/exaudi.org\/wp-content\/uploads\/2024\/01\/cq5dam.web_.800.800-30.jpeg","width":800,"height":533,"caption":"Vatican Media"},{"@type":"BreadcrumbList","@id":"https:\/\/exaudi.org\/es\/el-hombre-tiene-valores-y-hay-que-respetarlos\/#breadcrumb","itemListElement":[{"@type":"ListItem","position":1,"name":"Portada","item":"https:\/\/exaudi.org\/es\/"},{"@type":"ListItem","position":2,"name":"\u00abEl hombre tiene valores y hay que respetarlos\u00bb"}]},{"@type":"WebSite","@id":"https:\/\/exaudi.org\/#website","url":"https:\/\/exaudi.org\/","name":"Exaudi","description":"News","potentialAction":[{"@type":"SearchAction","target":{"@type":"EntryPoint","urlTemplate":"https:\/\/exaudi.org\/?s={search_term_string}"},"query-input":{"@type":"PropertyValueSpecification","valueRequired":true,"valueName":"search_term_string"}}],"inLanguage":"es"},{"@type":"Person","@id":"https:\/\/exaudi.org\/#\/schema\/person\/f5fc8f063065e38742da7afe15f25df7","name":"Exaudi Redacci\u00f3n","image":{"@type":"ImageObject","inLanguage":"es","@id":"https:\/\/secure.gravatar.com\/avatar\/fe0f6a059fb68d9b3e11bc5850dd4899b1c7492091a3cb6dd9b01b56ad828be2?s=96&d=mm&r=g","url":"https:\/\/secure.gravatar.com\/avatar\/fe0f6a059fb68d9b3e11bc5850dd4899b1c7492091a3cb6dd9b01b56ad828be2?s=96&d=mm&r=g","contentUrl":"https:\/\/secure.gravatar.com\/avatar\/fe0f6a059fb68d9b3e11bc5850dd4899b1c7492091a3cb6dd9b01b56ad828be2?s=96&d=mm&r=g","caption":"Exaudi Redacci\u00f3n"},"description":"\u00bfQu\u00e9 es Exaudi News? Exaudi News es un medio de comunicaci\u00f3n cat\u00f3lico internacional que informa, forma y transforma, diariamente en espa\u00f1ol, ingl\u00e9s e italiano. A trav\u00e9s de noticias, art\u00edculos de an\u00e1lisis y transmisiones en directo de los eventos del Papa, Exaudi busca fortalecer la unidad de los cristianos y contribuir a la evangelizaci\u00f3n del mundo, siempre guiados por la doctrina social de la Iglesia. Trabajamos para acercar la verdad y los valores cristianos a cada rinc\u00f3n del planeta. \u00a1Ay\u00fadanos a transformar el mundo con Exaudi! En Exaudi creemos que la evangelizaci\u00f3n y la informaci\u00f3n de calidad pueden cambiar vidas. Para continuar con nuestra misi\u00f3n y expandir nuestro alcance, necesitamos tu ayuda. Adem\u00e1s, buscamos personas comprometidas que deseen unirse a nuestro equipo. Con tu apoyo, lograremos llegar a m\u00e1s personas, difundir el mensaje de Cristo y reforzar la unidad de los cristianos. \u00bfTe unes a nuestra misi\u00f3n? Para m\u00e1s informaci\u00f3n sobre c\u00f3mo colaborar, visita Exaudi.org\/es o cont\u00e1ctanos directamente: info@exaudi.org Exaudi: Informa, forma y transforma.","sameAs":["https:\/\/www.facebook.com\/ExaudiNoticias\/","https:\/\/www.instagram.com\/exaudi_noticias\/","https:\/\/x.com\/Exaudi_noticias","https:\/\/www.youtube.com\/@exaudicatholicnews"],"url":"https:\/\/exaudi.org\/es\/author\/redaccionexaudi\/"}]}},"jetpack_featured_media_url":"https:\/\/exaudi.org\/wp-content\/uploads\/2024\/01\/cq5dam.web_.800.800-30.jpeg","jetpack_shortlink":"https:\/\/wp.me\/pgKjF2-o5D","_links":{"self":[{"href":"https:\/\/exaudi.org\/es\/wp-json\/wp\/v2\/posts\/92605","targetHints":{"allow":["GET"]}}],"collection":[{"href":"https:\/\/exaudi.org\/es\/wp-json\/wp\/v2\/posts"}],"about":[{"href":"https:\/\/exaudi.org\/es\/wp-json\/wp\/v2\/types\/post"}],"author":[{"embeddable":true,"href":"https:\/\/exaudi.org\/es\/wp-json\/wp\/v2\/users\/15"}],"replies":[{"embeddable":true,"href":"https:\/\/exaudi.org\/es\/wp-json\/wp\/v2\/comments?post=92605"}],"version-history":[{"count":0,"href":"https:\/\/exaudi.org\/es\/wp-json\/wp\/v2\/posts\/92605\/revisions"}],"wp:featuredmedia":[{"embeddable":true,"href":"https:\/\/exaudi.org\/es\/wp-json\/wp\/v2\/media\/92592"}],"wp:attachment":[{"href":"https:\/\/exaudi.org\/es\/wp-json\/wp\/v2\/media?parent=92605"}],"wp:term":[{"taxonomy":"category","embeddable":true,"href":"https:\/\/exaudi.org\/es\/wp-json\/wp\/v2\/categories?post=92605"},{"taxonomy":"post_tag","embeddable":true,"href":"https:\/\/exaudi.org\/es\/wp-json\/wp\/v2\/tags?post=92605"}],"curies":[{"name":"wp","href":"https:\/\/api.w.org\/{rel}","templated":true}]}}