{"id":92403,"date":"2024-01-18T09:19:31","date_gmt":"2024-01-18T08:19:31","guid":{"rendered":"https:\/\/exaudi.org\/?p=92403"},"modified":"2024-01-18T10:30:15","modified_gmt":"2024-01-18T09:30:15","slug":"vaticano-ejercicios-espirituales-de-cuaresma-en-retiro-personal","status":"publish","type":"post","link":"https:\/\/exaudi.org\/es\/vaticano-ejercicios-espirituales-de-cuaresma-en-retiro-personal\/","title":{"rendered":"Vaticano, ejercicios espirituales de Cuaresma en retiro \u00abpersonal\u00bb"},"content":{"rendered":"<div class=\"article__text\">\n<audio class=\"wp-audio-shortcode\" id=\"audio-92403-1\" preload=\"none\" style=\"width: 100%;\" controls=\"controls\"><source type=\"audio\/mpeg\" src=\"https:\/\/exaudi.org\/wp-content\/uploads\/2024\/01\/Vaticano-ejercicios-espirituales-de-Cuaresma-en-retiro-personal.mp3?_=1\" \/><a href=\"https:\/\/exaudi.org\/wp-content\/uploads\/2024\/01\/Vaticano-ejercicios-espirituales-de-Cuaresma-en-retiro-personal.mp3\">https:\/\/exaudi.org\/wp-content\/uploads\/2024\/01\/Vaticano-ejercicios-espirituales-de-Cuaresma-en-retiro-personal.mp3<\/a><\/audio>\n<p>Una pausa para la oraci\u00f3n, seg\u00fan la tradici\u00f3n, en el \u00abtiempo fuerte\u00bb de la Cuaresma. Una vez m\u00e1s, seg\u00fan informa la Oficina de Prensa vaticana en una nota, Francisco invita a los cardenales residentes en Roma, a los jefes de los dicasterios y a los superiores de la Curia Romana, a vivir de manera personal el inicio de esta fase del a\u00f1o lit\u00fargico, con un per\u00edodo de ejercicios espirituales desde la tarde del domingo 18 de febrero hasta la tarde del viernes 23. Durante esa semana, precisa la nota, se suspender\u00e1n todos los compromisos del Papa, incluida la audiencia general del mi\u00e9rcoles 21 de febrero.<\/p>\n<p>Por tanto, este a\u00f1o, como ha sucedido desde el estallido de la pandemia en 2020, se repetir\u00e1 la modalidad personal del retiro cuaresmal, a diferencia de a\u00f1os anteriores y desde el inicio del pontificado, con los ejercicios espirituales vividos comunitariamente por el Papa y sus colaboradores de la Curia en Ariccia, hu\u00e9spedes de la Casa Divino Maestro dirigida por las Paulinas.<\/p>\n<\/div>\n","protected":false},"excerpt":{"rendered":"<p>Del 18 al 23 de febrero, Francisco invita a sus colaboradores m\u00e1s cercanos a vivir un periodo de suspensi\u00f3n de sus actividades para dedicarse individualmente a la oraci\u00f3n<\/p>\n","protected":false},"author":15,"featured_media":92404,"comment_status":"closed","ping_status":"closed","sticky":false,"template":"","format":"standard","meta":{"_acf_changed":false,"_crdt_document":"","inline_featured_image":false,"footnotes":""},"categories":[132],"tags":[1940,175,5598,676,158,4953],"class_list":["post-92403","post","type-post","status-publish","format-standard","has-post-thumbnail","hentry","category-vaticano-es","tag-cardenales","tag-cuaresma","tag-curia-romana-es","tag-oracion","tag-papa-francisco","tag-trending-es"],"acf":[],"yoast_head":"<!-- This site is optimized with the Yoast SEO plugin v27.5 - https:\/\/yoast.com\/product\/yoast-seo-wordpress\/ -->\n<title>Vaticano, ejercicios espirituales de Cuaresma en retiro &quot;personal&quot; &#8211; Exaudi<\/title>\n<meta name=\"robots\" content=\"index, follow, max-snippet:-1, max-image-preview:large, max-video-preview:-1\" \/>\n<link rel=\"canonical\" href=\"https:\/\/exaudi.org\/es\/vaticano-ejercicios-espirituales-de-cuaresma-en-retiro-personal\/\" \/>\n<meta property=\"og:locale\" content=\"es_ES\" \/>\n<meta property=\"og:type\" content=\"article\" \/>\n<meta property=\"og:title\" content=\"Vaticano, ejercicios espirituales de Cuaresma en retiro &quot;personal&quot; &#8211; Exaudi\" \/>\n<meta property=\"og:description\" content=\"Del 18 al 23 de febrero, Francisco invita a sus colaboradores m\u00e1s cercanos a vivir un periodo de suspensi\u00f3n de sus actividades para dedicarse individualmente a la oraci\u00f3n\" \/>\n<meta property=\"og:url\" content=\"https:\/\/exaudi.org\/es\/vaticano-ejercicios-espirituales-de-cuaresma-en-retiro-personal\/\" \/>\n<meta property=\"og:site_name\" content=\"Exaudi\" \/>\n<meta property=\"article:publisher\" content=\"https:\/\/www.facebook.com\/ExaudiNews\" \/>\n<meta property=\"article:author\" content=\"https:\/\/www.facebook.com\/ExaudiNoticias\/\" \/>\n<meta property=\"article:published_time\" content=\"2024-01-18T08:19:31+00:00\" \/>\n<meta property=\"article:modified_time\" content=\"2024-01-18T09:30:15+00:00\" \/>\n<meta property=\"og:image\" content=\"https:\/\/exaudi.org\/wp-content\/uploads\/2024\/01\/cq5dam.thumbnail.cropped.750.422-11.jpeg\" \/>\n\t<meta property=\"og:image:width\" content=\"750\" \/>\n\t<meta property=\"og:image:height\" content=\"422\" \/>\n\t<meta property=\"og:image:type\" content=\"image\/jpeg\" \/>\n<meta name=\"author\" content=\"Exaudi Redacci\u00f3n\" \/>\n<meta name=\"twitter:card\" content=\"summary_large_image\" \/>\n<meta name=\"twitter:creator\" content=\"@Exaudi_noticias\" \/>\n<meta name=\"twitter:site\" content=\"@Exaudi_News\" \/>\n<meta name=\"twitter:label1\" content=\"Escrito por\" \/>\n\t<meta name=\"twitter:data1\" content=\"Exaudi Redacci\u00f3n\" \/>\n\t<meta name=\"twitter:label2\" content=\"Tiempo de lectura\" \/>\n\t<meta name=\"twitter:data2\" content=\"1 minuto\" \/>\n<script type=\"application\/ld+json\" class=\"yoast-schema-graph\">{\"@context\":\"https:\\\/\\\/schema.org\",\"@graph\":[{\"@type\":\"Article\",\"@id\":\"https:\\\/\\\/exaudi.org\\\/es\\\/vaticano-ejercicios-espirituales-de-cuaresma-en-retiro-personal\\\/#article\",\"isPartOf\":{\"@id\":\"https:\\\/\\\/exaudi.org\\\/es\\\/vaticano-ejercicios-espirituales-de-cuaresma-en-retiro-personal\\\/\"},\"author\":{\"name\":\"Exaudi Redacci\u00f3n\",\"@id\":\"https:\\\/\\\/exaudi.org\\\/#\\\/schema\\\/person\\\/f5fc8f063065e38742da7afe15f25df7\"},\"headline\":\"Vaticano, ejercicios espirituales de Cuaresma en retiro \u00abpersonal\u00bb\",\"datePublished\":\"2024-01-18T08:19:31+00:00\",\"dateModified\":\"2024-01-18T09:30:15+00:00\",\"mainEntityOfPage\":{\"@id\":\"https:\\\/\\\/exaudi.org\\\/es\\\/vaticano-ejercicios-espirituales-de-cuaresma-en-retiro-personal\\\/\"},\"wordCount\":193,\"image\":{\"@id\":\"https:\\\/\\\/exaudi.org\\\/es\\\/vaticano-ejercicios-espirituales-de-cuaresma-en-retiro-personal\\\/#primaryimage\"},\"thumbnailUrl\":\"https:\\\/\\\/exaudi.org\\\/wp-content\\\/uploads\\\/2024\\\/01\\\/cq5dam.thumbnail.cropped.750.422-11.jpeg\",\"keywords\":[\"Cardenales\",\"cuaresma\",\"curia romana\",\"Oraci\u00f3n\",\"papa francisco\",\"Trending\"],\"articleSection\":[\"Vaticano\"],\"inLanguage\":\"es\"},{\"@type\":\"WebPage\",\"@id\":\"https:\\\/\\\/exaudi.org\\\/es\\\/vaticano-ejercicios-espirituales-de-cuaresma-en-retiro-personal\\\/\",\"url\":\"https:\\\/\\\/exaudi.org\\\/es\\\/vaticano-ejercicios-espirituales-de-cuaresma-en-retiro-personal\\\/\",\"name\":\"Vaticano, ejercicios espirituales de Cuaresma en retiro \\\"personal\\\" &#8211; Exaudi\",\"isPartOf\":{\"@id\":\"https:\\\/\\\/exaudi.org\\\/#website\"},\"primaryImageOfPage\":{\"@id\":\"https:\\\/\\\/exaudi.org\\\/es\\\/vaticano-ejercicios-espirituales-de-cuaresma-en-retiro-personal\\\/#primaryimage\"},\"image\":{\"@id\":\"https:\\\/\\\/exaudi.org\\\/es\\\/vaticano-ejercicios-espirituales-de-cuaresma-en-retiro-personal\\\/#primaryimage\"},\"thumbnailUrl\":\"https:\\\/\\\/exaudi.org\\\/wp-content\\\/uploads\\\/2024\\\/01\\\/cq5dam.thumbnail.cropped.750.422-11.jpeg\",\"datePublished\":\"2024-01-18T08:19:31+00:00\",\"dateModified\":\"2024-01-18T09:30:15+00:00\",\"author\":{\"@id\":\"https:\\\/\\\/exaudi.org\\\/#\\\/schema\\\/person\\\/f5fc8f063065e38742da7afe15f25df7\"},\"breadcrumb\":{\"@id\":\"https:\\\/\\\/exaudi.org\\\/es\\\/vaticano-ejercicios-espirituales-de-cuaresma-en-retiro-personal\\\/#breadcrumb\"},\"inLanguage\":\"es\",\"potentialAction\":[{\"@type\":\"ReadAction\",\"target\":[\"https:\\\/\\\/exaudi.org\\\/es\\\/vaticano-ejercicios-espirituales-de-cuaresma-en-retiro-personal\\\/\"]}]},{\"@type\":\"ImageObject\",\"inLanguage\":\"es\",\"@id\":\"https:\\\/\\\/exaudi.org\\\/es\\\/vaticano-ejercicios-espirituales-de-cuaresma-en-retiro-personal\\\/#primaryimage\",\"url\":\"https:\\\/\\\/exaudi.org\\\/wp-content\\\/uploads\\\/2024\\\/01\\\/cq5dam.thumbnail.cropped.750.422-11.jpeg\",\"contentUrl\":\"https:\\\/\\\/exaudi.org\\\/wp-content\\\/uploads\\\/2024\\\/01\\\/cq5dam.thumbnail.cropped.750.422-11.jpeg\",\"width\":750,\"height\":422},{\"@type\":\"BreadcrumbList\",\"@id\":\"https:\\\/\\\/exaudi.org\\\/es\\\/vaticano-ejercicios-espirituales-de-cuaresma-en-retiro-personal\\\/#breadcrumb\",\"itemListElement\":[{\"@type\":\"ListItem\",\"position\":1,\"name\":\"Portada\",\"item\":\"https:\\\/\\\/exaudi.org\\\/es\\\/\"},{\"@type\":\"ListItem\",\"position\":2,\"name\":\"Vaticano, ejercicios espirituales de Cuaresma en retiro \u00abpersonal\u00bb\"}]},{\"@type\":\"WebSite\",\"@id\":\"https:\\\/\\\/exaudi.org\\\/#website\",\"url\":\"https:\\\/\\\/exaudi.org\\\/\",\"name\":\"Exaudi\",\"description\":\"News\",\"potentialAction\":[{\"@type\":\"SearchAction\",\"target\":{\"@type\":\"EntryPoint\",\"urlTemplate\":\"https:\\\/\\\/exaudi.org\\\/?s={search_term_string}\"},\"query-input\":{\"@type\":\"PropertyValueSpecification\",\"valueRequired\":true,\"valueName\":\"search_term_string\"}}],\"inLanguage\":\"es\"},{\"@type\":\"Person\",\"@id\":\"https:\\\/\\\/exaudi.org\\\/#\\\/schema\\\/person\\\/f5fc8f063065e38742da7afe15f25df7\",\"name\":\"Exaudi Redacci\u00f3n\",\"image\":{\"@type\":\"ImageObject\",\"inLanguage\":\"es\",\"@id\":\"https:\\\/\\\/secure.gravatar.com\\\/avatar\\\/fe0f6a059fb68d9b3e11bc5850dd4899b1c7492091a3cb6dd9b01b56ad828be2?s=96&d=mm&r=g\",\"url\":\"https:\\\/\\\/secure.gravatar.com\\\/avatar\\\/fe0f6a059fb68d9b3e11bc5850dd4899b1c7492091a3cb6dd9b01b56ad828be2?s=96&d=mm&r=g\",\"contentUrl\":\"https:\\\/\\\/secure.gravatar.com\\\/avatar\\\/fe0f6a059fb68d9b3e11bc5850dd4899b1c7492091a3cb6dd9b01b56ad828be2?s=96&d=mm&r=g\",\"caption\":\"Exaudi Redacci\u00f3n\"},\"description\":\"\u00bfQu\u00e9 es Exaudi News? Exaudi News es un medio de comunicaci\u00f3n cat\u00f3lico internacional que informa, forma y transforma, diariamente en espa\u00f1ol, ingl\u00e9s e italiano. A trav\u00e9s de noticias, art\u00edculos de an\u00e1lisis y transmisiones en directo de los eventos del Papa, Exaudi busca fortalecer la unidad de los cristianos y contribuir a la evangelizaci\u00f3n del mundo, siempre guiados por la doctrina social de la Iglesia. Trabajamos para acercar la verdad y los valores cristianos a cada rinc\u00f3n del planeta. \u00a1Ay\u00fadanos a transformar el mundo con Exaudi! En Exaudi creemos que la evangelizaci\u00f3n y la informaci\u00f3n de calidad pueden cambiar vidas. Para continuar con nuestra misi\u00f3n y expandir nuestro alcance, necesitamos tu ayuda. Adem\u00e1s, buscamos personas comprometidas que deseen unirse a nuestro equipo. Con tu apoyo, lograremos llegar a m\u00e1s personas, difundir el mensaje de Cristo y reforzar la unidad de los cristianos. \u00bfTe unes a nuestra misi\u00f3n? Para m\u00e1s informaci\u00f3n sobre c\u00f3mo colaborar, visita Exaudi.org\\\/es o cont\u00e1ctanos directamente: info@exaudi.org Exaudi: Informa, forma y transforma.\",\"sameAs\":[\"https:\\\/\\\/www.facebook.com\\\/ExaudiNoticias\\\/\",\"https:\\\/\\\/www.instagram.com\\\/exaudi_noticias\\\/\",\"https:\\\/\\\/x.com\\\/Exaudi_noticias\",\"https:\\\/\\\/www.youtube.com\\\/@exaudicatholicnews\"],\"url\":\"https:\\\/\\\/exaudi.org\\\/es\\\/author\\\/redaccionexaudi\\\/\"}]}<\/script>\n<!-- \/ Yoast SEO plugin. -->","yoast_head_json":{"title":"Vaticano, ejercicios espirituales de Cuaresma en retiro \"personal\" &#8211; Exaudi","robots":{"index":"index","follow":"follow","max-snippet":"max-snippet:-1","max-image-preview":"max-image-preview:large","max-video-preview":"max-video-preview:-1"},"canonical":"https:\/\/exaudi.org\/es\/vaticano-ejercicios-espirituales-de-cuaresma-en-retiro-personal\/","og_locale":"es_ES","og_type":"article","og_title":"Vaticano, ejercicios espirituales de Cuaresma en retiro \"personal\" &#8211; Exaudi","og_description":"Del 18 al 23 de febrero, Francisco invita a sus colaboradores m\u00e1s cercanos a vivir un periodo de suspensi\u00f3n de sus actividades para dedicarse individualmente a la oraci\u00f3n","og_url":"https:\/\/exaudi.org\/es\/vaticano-ejercicios-espirituales-de-cuaresma-en-retiro-personal\/","og_site_name":"Exaudi","article_publisher":"https:\/\/www.facebook.com\/ExaudiNews","article_author":"https:\/\/www.facebook.com\/ExaudiNoticias\/","article_published_time":"2024-01-18T08:19:31+00:00","article_modified_time":"2024-01-18T09:30:15+00:00","og_image":[{"width":750,"height":422,"url":"https:\/\/exaudi.org\/wp-content\/uploads\/2024\/01\/cq5dam.thumbnail.cropped.750.422-11.jpeg","type":"image\/jpeg"}],"author":"Exaudi Redacci\u00f3n","twitter_card":"summary_large_image","twitter_creator":"@Exaudi_noticias","twitter_site":"@Exaudi_News","twitter_misc":{"Escrito por":"Exaudi Redacci\u00f3n","Tiempo de lectura":"1 minuto"},"schema":{"@context":"https:\/\/schema.org","@graph":[{"@type":"Article","@id":"https:\/\/exaudi.org\/es\/vaticano-ejercicios-espirituales-de-cuaresma-en-retiro-personal\/#article","isPartOf":{"@id":"https:\/\/exaudi.org\/es\/vaticano-ejercicios-espirituales-de-cuaresma-en-retiro-personal\/"},"author":{"name":"Exaudi Redacci\u00f3n","@id":"https:\/\/exaudi.org\/#\/schema\/person\/f5fc8f063065e38742da7afe15f25df7"},"headline":"Vaticano, ejercicios espirituales de Cuaresma en retiro \u00abpersonal\u00bb","datePublished":"2024-01-18T08:19:31+00:00","dateModified":"2024-01-18T09:30:15+00:00","mainEntityOfPage":{"@id":"https:\/\/exaudi.org\/es\/vaticano-ejercicios-espirituales-de-cuaresma-en-retiro-personal\/"},"wordCount":193,"image":{"@id":"https:\/\/exaudi.org\/es\/vaticano-ejercicios-espirituales-de-cuaresma-en-retiro-personal\/#primaryimage"},"thumbnailUrl":"https:\/\/exaudi.org\/wp-content\/uploads\/2024\/01\/cq5dam.thumbnail.cropped.750.422-11.jpeg","keywords":["Cardenales","cuaresma","curia romana","Oraci\u00f3n","papa francisco","Trending"],"articleSection":["Vaticano"],"inLanguage":"es"},{"@type":"WebPage","@id":"https:\/\/exaudi.org\/es\/vaticano-ejercicios-espirituales-de-cuaresma-en-retiro-personal\/","url":"https:\/\/exaudi.org\/es\/vaticano-ejercicios-espirituales-de-cuaresma-en-retiro-personal\/","name":"Vaticano, ejercicios espirituales de Cuaresma en retiro \"personal\" &#8211; Exaudi","isPartOf":{"@id":"https:\/\/exaudi.org\/#website"},"primaryImageOfPage":{"@id":"https:\/\/exaudi.org\/es\/vaticano-ejercicios-espirituales-de-cuaresma-en-retiro-personal\/#primaryimage"},"image":{"@id":"https:\/\/exaudi.org\/es\/vaticano-ejercicios-espirituales-de-cuaresma-en-retiro-personal\/#primaryimage"},"thumbnailUrl":"https:\/\/exaudi.org\/wp-content\/uploads\/2024\/01\/cq5dam.thumbnail.cropped.750.422-11.jpeg","datePublished":"2024-01-18T08:19:31+00:00","dateModified":"2024-01-18T09:30:15+00:00","author":{"@id":"https:\/\/exaudi.org\/#\/schema\/person\/f5fc8f063065e38742da7afe15f25df7"},"breadcrumb":{"@id":"https:\/\/exaudi.org\/es\/vaticano-ejercicios-espirituales-de-cuaresma-en-retiro-personal\/#breadcrumb"},"inLanguage":"es","potentialAction":[{"@type":"ReadAction","target":["https:\/\/exaudi.org\/es\/vaticano-ejercicios-espirituales-de-cuaresma-en-retiro-personal\/"]}]},{"@type":"ImageObject","inLanguage":"es","@id":"https:\/\/exaudi.org\/es\/vaticano-ejercicios-espirituales-de-cuaresma-en-retiro-personal\/#primaryimage","url":"https:\/\/exaudi.org\/wp-content\/uploads\/2024\/01\/cq5dam.thumbnail.cropped.750.422-11.jpeg","contentUrl":"https:\/\/exaudi.org\/wp-content\/uploads\/2024\/01\/cq5dam.thumbnail.cropped.750.422-11.jpeg","width":750,"height":422},{"@type":"BreadcrumbList","@id":"https:\/\/exaudi.org\/es\/vaticano-ejercicios-espirituales-de-cuaresma-en-retiro-personal\/#breadcrumb","itemListElement":[{"@type":"ListItem","position":1,"name":"Portada","item":"https:\/\/exaudi.org\/es\/"},{"@type":"ListItem","position":2,"name":"Vaticano, ejercicios espirituales de Cuaresma en retiro \u00abpersonal\u00bb"}]},{"@type":"WebSite","@id":"https:\/\/exaudi.org\/#website","url":"https:\/\/exaudi.org\/","name":"Exaudi","description":"News","potentialAction":[{"@type":"SearchAction","target":{"@type":"EntryPoint","urlTemplate":"https:\/\/exaudi.org\/?s={search_term_string}"},"query-input":{"@type":"PropertyValueSpecification","valueRequired":true,"valueName":"search_term_string"}}],"inLanguage":"es"},{"@type":"Person","@id":"https:\/\/exaudi.org\/#\/schema\/person\/f5fc8f063065e38742da7afe15f25df7","name":"Exaudi Redacci\u00f3n","image":{"@type":"ImageObject","inLanguage":"es","@id":"https:\/\/secure.gravatar.com\/avatar\/fe0f6a059fb68d9b3e11bc5850dd4899b1c7492091a3cb6dd9b01b56ad828be2?s=96&d=mm&r=g","url":"https:\/\/secure.gravatar.com\/avatar\/fe0f6a059fb68d9b3e11bc5850dd4899b1c7492091a3cb6dd9b01b56ad828be2?s=96&d=mm&r=g","contentUrl":"https:\/\/secure.gravatar.com\/avatar\/fe0f6a059fb68d9b3e11bc5850dd4899b1c7492091a3cb6dd9b01b56ad828be2?s=96&d=mm&r=g","caption":"Exaudi Redacci\u00f3n"},"description":"\u00bfQu\u00e9 es Exaudi News? Exaudi News es un medio de comunicaci\u00f3n cat\u00f3lico internacional que informa, forma y transforma, diariamente en espa\u00f1ol, ingl\u00e9s e italiano. A trav\u00e9s de noticias, art\u00edculos de an\u00e1lisis y transmisiones en directo de los eventos del Papa, Exaudi busca fortalecer la unidad de los cristianos y contribuir a la evangelizaci\u00f3n del mundo, siempre guiados por la doctrina social de la Iglesia. Trabajamos para acercar la verdad y los valores cristianos a cada rinc\u00f3n del planeta. \u00a1Ay\u00fadanos a transformar el mundo con Exaudi! En Exaudi creemos que la evangelizaci\u00f3n y la informaci\u00f3n de calidad pueden cambiar vidas. Para continuar con nuestra misi\u00f3n y expandir nuestro alcance, necesitamos tu ayuda. Adem\u00e1s, buscamos personas comprometidas que deseen unirse a nuestro equipo. Con tu apoyo, lograremos llegar a m\u00e1s personas, difundir el mensaje de Cristo y reforzar la unidad de los cristianos. \u00bfTe unes a nuestra misi\u00f3n? Para m\u00e1s informaci\u00f3n sobre c\u00f3mo colaborar, visita Exaudi.org\/es o cont\u00e1ctanos directamente: info@exaudi.org Exaudi: Informa, forma y transforma.","sameAs":["https:\/\/www.facebook.com\/ExaudiNoticias\/","https:\/\/www.instagram.com\/exaudi_noticias\/","https:\/\/x.com\/Exaudi_noticias","https:\/\/www.youtube.com\/@exaudicatholicnews"],"url":"https:\/\/exaudi.org\/es\/author\/redaccionexaudi\/"}]}},"jetpack_featured_media_url":"https:\/\/exaudi.org\/wp-content\/uploads\/2024\/01\/cq5dam.thumbnail.cropped.750.422-11.jpeg","jetpack_shortlink":"https:\/\/wp.me\/pgKjF2-o2n","_links":{"self":[{"href":"https:\/\/exaudi.org\/es\/wp-json\/wp\/v2\/posts\/92403","targetHints":{"allow":["GET"]}}],"collection":[{"href":"https:\/\/exaudi.org\/es\/wp-json\/wp\/v2\/posts"}],"about":[{"href":"https:\/\/exaudi.org\/es\/wp-json\/wp\/v2\/types\/post"}],"author":[{"embeddable":true,"href":"https:\/\/exaudi.org\/es\/wp-json\/wp\/v2\/users\/15"}],"replies":[{"embeddable":true,"href":"https:\/\/exaudi.org\/es\/wp-json\/wp\/v2\/comments?post=92403"}],"version-history":[{"count":0,"href":"https:\/\/exaudi.org\/es\/wp-json\/wp\/v2\/posts\/92403\/revisions"}],"wp:featuredmedia":[{"embeddable":true,"href":"https:\/\/exaudi.org\/es\/wp-json\/wp\/v2\/media\/92404"}],"wp:attachment":[{"href":"https:\/\/exaudi.org\/es\/wp-json\/wp\/v2\/media?parent=92403"}],"wp:term":[{"taxonomy":"category","embeddable":true,"href":"https:\/\/exaudi.org\/es\/wp-json\/wp\/v2\/categories?post=92403"},{"taxonomy":"post_tag","embeddable":true,"href":"https:\/\/exaudi.org\/es\/wp-json\/wp\/v2\/tags?post=92403"}],"curies":[{"name":"wp","href":"https:\/\/api.w.org\/{rel}","templated":true}]}}