{"id":92291,"date":"2024-01-16T08:45:05","date_gmt":"2024-01-16T07:45:05","guid":{"rendered":"https:\/\/exaudi.org\/?p=92291"},"modified":"2024-01-16T14:15:42","modified_gmt":"2024-01-16T13:15:42","slug":"el-papa-modifica-normas-sobre-contratos-publicos-y-gastos-extraordinarios-de-los-dicasterios","status":"publish","type":"post","link":"https:\/\/exaudi.org\/es\/el-papa-modifica-normas-sobre-contratos-publicos-y-gastos-extraordinarios-de-los-dicasterios\/","title":{"rendered":"El Papa modifica normas sobre contratos p\u00fablicos y gastos extraordinarios de los dicasterios"},"content":{"rendered":"<audio class=\"wp-audio-shortcode\" id=\"audio-92291-1\" preload=\"none\" style=\"width: 100%;\" controls=\"controls\"><source type=\"audio\/mpeg\" src=\"https:\/\/exaudi.org\/wp-content\/uploads\/2024\/01\/El-Papa-modifica-normas-sobre-contratos-publicos-y-gastos-extraordinarios-de-los-dicasterios.mp3?_=1\" \/><a href=\"https:\/\/exaudi.org\/wp-content\/uploads\/2024\/01\/El-Papa-modifica-normas-sobre-contratos-publicos-y-gastos-extraordinarios-de-los-dicasterios.mp3\">https:\/\/exaudi.org\/wp-content\/uploads\/2024\/01\/El-Papa-modifica-normas-sobre-contratos-publicos-y-gastos-extraordinarios-de-los-dicasterios.mp3<\/a><\/audio>\n<p>Dos medidas para definir mejor la gesti\u00f3n de los gastos de cada uno de los departamentos vaticanos y para mejorar la transparencia en el sector de las adquisiciones. Estos son los \u00e1mbitos en los que el Papa ha intervenido con dos cartas apost\u00f3licas en forma de<i>\u00a0motu proprio<\/i>\u00a0difundidas este martes 16 de enero por la Oficina de Prensa de la Santa Sede.<\/p>\n<p><a href=\"https:\/\/press.vatican.va\/content\/salastampa\/it\/bollettino\/pubblico\/2024\/01\/16\/0045\/00093.html\" target=\"_blank\" rel=\"external noopener\"><b>El primer documento\u00a0<\/b><\/a>precisa el l\u00edmite y el modo de la administraci\u00f3n ordinaria de los dicasterios de la Santa Sede. En tres art\u00edculos, en la l\u00ednea de renovaci\u00f3n de la constituci\u00f3n apost\u00f3lica\u00a0<i><a href=\"https:\/\/www.vatican.va\/content\/francesco\/es\/apost_constitutions\/documents\/20220319-costituzione-ap-praedicate-evangelium.html\" target=\"_blank\" rel=\"external noopener\">Praedicate Evangelium<\/a><\/i>, se establece esencialmente que una entidad vaticana est\u00e1 obligada a solicitar la aprobaci\u00f3n del Prefecto de la Secretar\u00eda de Asuntos Econ\u00f3micos \u00abcuando el acto supera el 2% de la cifra resultante de la media calculada sobre el total de los costes del Ente que lo requiera, tal como resulta en los balances anuales aprobados relativos a los \u00faltimos tres a\u00f1os\u00bb. \u00abDe todas formas, para los actos cuyo valor sea inferior a 150.000,00\u00a0\u20ac no se necesita aprobaci\u00f3n\u00bb, a\u00f1ade.<\/p>\n<p>En otro punto del documento se fija en 30 d\u00edas el l\u00edmite para recibir la aprobaci\u00f3n, m\u00e1s all\u00e1 del cual incluso la falta de respuesta equivale a la concesi\u00f3n de la solicitud, y en cualquier caso se indica que este procedimiento \u00abdebe concluir en un plazo m\u00e1ximo de 40 d\u00edas\u00bb.<\/p>\n<h3><strong>Reglamento de contrataciones<\/strong><\/h3>\n<p><a href=\"https:\/\/press.vatican.va\/content\/salastampa\/it\/bollettino\/pubblico\/2024\/01\/16\/0044\/00092.html\" target=\"_blank\" rel=\"external noopener\"><b>Con la segunda carta en forma de\u00a0<i>motu proprio<\/i><\/b><\/a>, el Papa interviene para aclarar a\u00fan m\u00e1s la normativa que regula el c\u00f3digo de contrataci\u00f3n vaticano promulgado en 2020. Tambi\u00e9n aqu\u00ed, en l\u00ednea con la\u00a0<i>Praedicate Evangelium<\/i>, Francisco subraya que el\u00a0<i>motu proprio<\/i>\u00a0quiere continuar el \u00abdiscurso emprendido para favorecer la transparencia, el control y la competencia en los procedimientos de adjudicaci\u00f3n de los contratos p\u00fablicos\u00bb, para una \u00abaplicaci\u00f3n m\u00e1s eficaz\u00bb de las normas que con las \u00faltimas modificaciones tienen en cuenta las \u00abobservaciones de las Instituciones vinculadas a la Santa Sede\u00bb, la Gobernaci\u00f3n y la experiencia \u00abmadurada en los \u00faltimos a\u00f1os\u00bb.<\/p>\n<p>En particular, el primer art\u00edculo del apartado 2 aclara, redefiniendo en cuatro puntos con respecto a 2020, los objetivos perseguidos por la normativa, en conformidad, dice, \u00abcon los principios de la Doctrina Social de la Iglesia, el ordenamiento can\u00f3nico de la Santa Sede y del Estado de la Ciudad del Vaticano y la Carta Enc\u00edclica<i>\u00a0Laudato si&#8217;<\/i>\u00ab. Los cuatro puntos se refieren a \u00abla utilizaci\u00f3n sostenible de los fondos internos\u00bb, \u00abla transparencia del procedimiento de adjudicaci\u00f3n\u00bb, \u00abla igualdad de trato y la no discriminaci\u00f3n de los licitadores\u00bb y \u00abla promoci\u00f3n de una competencia efectiva entre los licitadores, en particular mediante medidas contra los acuerdos de competencia il\u00edcita y la corrupci\u00f3n\u00bb.<\/p>\n","protected":false},"excerpt":{"rendered":"<p>El Santo Padre ha establecido nuevas disposiciones en dos motu proprio publicados el martes 16 de enero de 2024<\/p>\n","protected":false},"author":15,"featured_media":92292,"comment_status":"closed","ping_status":"closed","sticky":false,"template":"","format":"standard","meta":{"_acf_changed":false,"_crdt_document":"","inline_featured_image":false,"footnotes":""},"categories":[138,132],"tags":[3039,12197,3742,12196,157,158,12198,1891,4953,272],"class_list":["post-92291","post","type-post","status-publish","format-standard","has-post-thumbnail","hentry","category-dicasterios","category-vaticano-es","tag-contratos-publicos-es","tag-dicasterios","tag-economia-es","tag-gastos-extraordinarios","tag-motu-proprio","tag-papa-francisco","tag-papa-francisco-motu-proprio-economia-vaticano","tag-santa-sede","tag-trending-es","tag-vaticano-es"],"acf":[],"yoast_head":"<!-- This site is optimized with the Yoast SEO plugin v27.4 - https:\/\/yoast.com\/product\/yoast-seo-wordpress\/ -->\n<title>El Papa modifica normas sobre contratos p\u00fablicos y gastos extraordinarios de los dicasterios &#8211; Exaudi<\/title>\n<meta name=\"robots\" content=\"index, follow, max-snippet:-1, max-image-preview:large, max-video-preview:-1\" \/>\n<link rel=\"canonical\" href=\"https:\/\/exaudi.org\/es\/el-papa-modifica-normas-sobre-contratos-publicos-y-gastos-extraordinarios-de-los-dicasterios\/\" \/>\n<meta property=\"og:locale\" content=\"es_ES\" \/>\n<meta property=\"og:type\" content=\"article\" \/>\n<meta property=\"og:title\" content=\"El Papa modifica normas sobre contratos p\u00fablicos y gastos extraordinarios de los dicasterios &#8211; Exaudi\" \/>\n<meta property=\"og:description\" content=\"El Santo Padre ha establecido nuevas disposiciones en dos motu proprio publicados el martes 16 de enero de 2024\" \/>\n<meta property=\"og:url\" content=\"https:\/\/exaudi.org\/es\/el-papa-modifica-normas-sobre-contratos-publicos-y-gastos-extraordinarios-de-los-dicasterios\/\" \/>\n<meta property=\"og:site_name\" content=\"Exaudi\" \/>\n<meta property=\"article:publisher\" content=\"https:\/\/www.facebook.com\/ExaudiNews\" \/>\n<meta property=\"article:author\" content=\"https:\/\/www.facebook.com\/ExaudiNoticias\/\" \/>\n<meta property=\"article:published_time\" content=\"2024-01-16T07:45:05+00:00\" \/>\n<meta property=\"article:modified_time\" content=\"2024-01-16T13:15:42+00:00\" \/>\n<meta property=\"og:image\" content=\"https:\/\/exaudi.org\/wp-content\/uploads\/2024\/01\/cq5dam.thumbnail.cropped.750.422-8.jpeg\" \/>\n\t<meta property=\"og:image:width\" content=\"750\" \/>\n\t<meta property=\"og:image:height\" content=\"422\" \/>\n\t<meta property=\"og:image:type\" content=\"image\/jpeg\" \/>\n<meta name=\"author\" content=\"Exaudi Redacci\u00f3n\" \/>\n<meta name=\"twitter:card\" content=\"summary_large_image\" \/>\n<meta name=\"twitter:creator\" content=\"@Exaudi_noticias\" \/>\n<meta name=\"twitter:site\" content=\"@Exaudi_News\" \/>\n<meta name=\"twitter:label1\" content=\"Escrito por\" \/>\n\t<meta name=\"twitter:data1\" content=\"Exaudi Redacci\u00f3n\" \/>\n\t<meta name=\"twitter:label2\" content=\"Tiempo de lectura\" \/>\n\t<meta name=\"twitter:data2\" content=\"2 minutos\" \/>\n<script type=\"application\/ld+json\" class=\"yoast-schema-graph\">{\"@context\":\"https:\\\/\\\/schema.org\",\"@graph\":[{\"@type\":\"Article\",\"@id\":\"https:\\\/\\\/exaudi.org\\\/es\\\/el-papa-modifica-normas-sobre-contratos-publicos-y-gastos-extraordinarios-de-los-dicasterios\\\/#article\",\"isPartOf\":{\"@id\":\"https:\\\/\\\/exaudi.org\\\/es\\\/el-papa-modifica-normas-sobre-contratos-publicos-y-gastos-extraordinarios-de-los-dicasterios\\\/\"},\"author\":{\"name\":\"Exaudi Redacci\u00f3n\",\"@id\":\"https:\\\/\\\/exaudi.org\\\/#\\\/schema\\\/person\\\/f5fc8f063065e38742da7afe15f25df7\"},\"headline\":\"El Papa modifica normas sobre contratos p\u00fablicos y gastos extraordinarios de los dicasterios\",\"datePublished\":\"2024-01-16T07:45:05+00:00\",\"dateModified\":\"2024-01-16T13:15:42+00:00\",\"mainEntityOfPage\":{\"@id\":\"https:\\\/\\\/exaudi.org\\\/es\\\/el-papa-modifica-normas-sobre-contratos-publicos-y-gastos-extraordinarios-de-los-dicasterios\\\/\"},\"wordCount\":497,\"image\":{\"@id\":\"https:\\\/\\\/exaudi.org\\\/es\\\/el-papa-modifica-normas-sobre-contratos-publicos-y-gastos-extraordinarios-de-los-dicasterios\\\/#primaryimage\"},\"thumbnailUrl\":\"https:\\\/\\\/exaudi.org\\\/wp-content\\\/uploads\\\/2024\\\/01\\\/cq5dam.thumbnail.cropped.750.422-8.jpeg\",\"keywords\":[\"Contratos p\u00fablicos\",\"dicasterios\",\"economia\",\"gastos extraordinarios\",\"motu proprio\",\"papa francisco\",\"PAPA FRANCISCO MOTU PROPRIO ECONOM\u00cdA VATICANO\",\"Santa Sede\",\"Trending\",\"Vaticano\"],\"articleSection\":[\"Dicasterios\",\"Vaticano\"],\"inLanguage\":\"es\"},{\"@type\":\"WebPage\",\"@id\":\"https:\\\/\\\/exaudi.org\\\/es\\\/el-papa-modifica-normas-sobre-contratos-publicos-y-gastos-extraordinarios-de-los-dicasterios\\\/\",\"url\":\"https:\\\/\\\/exaudi.org\\\/es\\\/el-papa-modifica-normas-sobre-contratos-publicos-y-gastos-extraordinarios-de-los-dicasterios\\\/\",\"name\":\"El Papa modifica normas sobre contratos p\u00fablicos y gastos extraordinarios de los dicasterios &#8211; Exaudi\",\"isPartOf\":{\"@id\":\"https:\\\/\\\/exaudi.org\\\/#website\"},\"primaryImageOfPage\":{\"@id\":\"https:\\\/\\\/exaudi.org\\\/es\\\/el-papa-modifica-normas-sobre-contratos-publicos-y-gastos-extraordinarios-de-los-dicasterios\\\/#primaryimage\"},\"image\":{\"@id\":\"https:\\\/\\\/exaudi.org\\\/es\\\/el-papa-modifica-normas-sobre-contratos-publicos-y-gastos-extraordinarios-de-los-dicasterios\\\/#primaryimage\"},\"thumbnailUrl\":\"https:\\\/\\\/exaudi.org\\\/wp-content\\\/uploads\\\/2024\\\/01\\\/cq5dam.thumbnail.cropped.750.422-8.jpeg\",\"datePublished\":\"2024-01-16T07:45:05+00:00\",\"dateModified\":\"2024-01-16T13:15:42+00:00\",\"author\":{\"@id\":\"https:\\\/\\\/exaudi.org\\\/#\\\/schema\\\/person\\\/f5fc8f063065e38742da7afe15f25df7\"},\"breadcrumb\":{\"@id\":\"https:\\\/\\\/exaudi.org\\\/es\\\/el-papa-modifica-normas-sobre-contratos-publicos-y-gastos-extraordinarios-de-los-dicasterios\\\/#breadcrumb\"},\"inLanguage\":\"es\",\"potentialAction\":[{\"@type\":\"ReadAction\",\"target\":[\"https:\\\/\\\/exaudi.org\\\/es\\\/el-papa-modifica-normas-sobre-contratos-publicos-y-gastos-extraordinarios-de-los-dicasterios\\\/\"]}]},{\"@type\":\"ImageObject\",\"inLanguage\":\"es\",\"@id\":\"https:\\\/\\\/exaudi.org\\\/es\\\/el-papa-modifica-normas-sobre-contratos-publicos-y-gastos-extraordinarios-de-los-dicasterios\\\/#primaryimage\",\"url\":\"https:\\\/\\\/exaudi.org\\\/wp-content\\\/uploads\\\/2024\\\/01\\\/cq5dam.thumbnail.cropped.750.422-8.jpeg\",\"contentUrl\":\"https:\\\/\\\/exaudi.org\\\/wp-content\\\/uploads\\\/2024\\\/01\\\/cq5dam.thumbnail.cropped.750.422-8.jpeg\",\"width\":750,\"height\":422},{\"@type\":\"BreadcrumbList\",\"@id\":\"https:\\\/\\\/exaudi.org\\\/es\\\/el-papa-modifica-normas-sobre-contratos-publicos-y-gastos-extraordinarios-de-los-dicasterios\\\/#breadcrumb\",\"itemListElement\":[{\"@type\":\"ListItem\",\"position\":1,\"name\":\"Portada\",\"item\":\"https:\\\/\\\/exaudi.org\\\/es\\\/\"},{\"@type\":\"ListItem\",\"position\":2,\"name\":\"El Papa modifica normas sobre contratos p\u00fablicos y gastos extraordinarios de los dicasterios\"}]},{\"@type\":\"WebSite\",\"@id\":\"https:\\\/\\\/exaudi.org\\\/#website\",\"url\":\"https:\\\/\\\/exaudi.org\\\/\",\"name\":\"Exaudi\",\"description\":\"News\",\"potentialAction\":[{\"@type\":\"SearchAction\",\"target\":{\"@type\":\"EntryPoint\",\"urlTemplate\":\"https:\\\/\\\/exaudi.org\\\/?s={search_term_string}\"},\"query-input\":{\"@type\":\"PropertyValueSpecification\",\"valueRequired\":true,\"valueName\":\"search_term_string\"}}],\"inLanguage\":\"es\"},{\"@type\":\"Person\",\"@id\":\"https:\\\/\\\/exaudi.org\\\/#\\\/schema\\\/person\\\/f5fc8f063065e38742da7afe15f25df7\",\"name\":\"Exaudi Redacci\u00f3n\",\"image\":{\"@type\":\"ImageObject\",\"inLanguage\":\"es\",\"@id\":\"https:\\\/\\\/secure.gravatar.com\\\/avatar\\\/fe0f6a059fb68d9b3e11bc5850dd4899b1c7492091a3cb6dd9b01b56ad828be2?s=96&d=mm&r=g\",\"url\":\"https:\\\/\\\/secure.gravatar.com\\\/avatar\\\/fe0f6a059fb68d9b3e11bc5850dd4899b1c7492091a3cb6dd9b01b56ad828be2?s=96&d=mm&r=g\",\"contentUrl\":\"https:\\\/\\\/secure.gravatar.com\\\/avatar\\\/fe0f6a059fb68d9b3e11bc5850dd4899b1c7492091a3cb6dd9b01b56ad828be2?s=96&d=mm&r=g\",\"caption\":\"Exaudi Redacci\u00f3n\"},\"description\":\"\u00bfQu\u00e9 es Exaudi News? Exaudi News es un medio de comunicaci\u00f3n cat\u00f3lico internacional que informa, forma y transforma, diariamente en espa\u00f1ol, ingl\u00e9s e italiano. A trav\u00e9s de noticias, art\u00edculos de an\u00e1lisis y transmisiones en directo de los eventos del Papa, Exaudi busca fortalecer la unidad de los cristianos y contribuir a la evangelizaci\u00f3n del mundo, siempre guiados por la doctrina social de la Iglesia. Trabajamos para acercar la verdad y los valores cristianos a cada rinc\u00f3n del planeta. \u00a1Ay\u00fadanos a transformar el mundo con Exaudi! En Exaudi creemos que la evangelizaci\u00f3n y la informaci\u00f3n de calidad pueden cambiar vidas. Para continuar con nuestra misi\u00f3n y expandir nuestro alcance, necesitamos tu ayuda. Adem\u00e1s, buscamos personas comprometidas que deseen unirse a nuestro equipo. Con tu apoyo, lograremos llegar a m\u00e1s personas, difundir el mensaje de Cristo y reforzar la unidad de los cristianos. \u00bfTe unes a nuestra misi\u00f3n? Para m\u00e1s informaci\u00f3n sobre c\u00f3mo colaborar, visita Exaudi.org\\\/es o cont\u00e1ctanos directamente: info@exaudi.org Exaudi: Informa, forma y transforma.\",\"sameAs\":[\"https:\\\/\\\/www.facebook.com\\\/ExaudiNoticias\\\/\",\"https:\\\/\\\/www.instagram.com\\\/exaudi_noticias\\\/\",\"https:\\\/\\\/x.com\\\/Exaudi_noticias\",\"https:\\\/\\\/www.youtube.com\\\/@exaudicatholicnews\"],\"url\":\"https:\\\/\\\/exaudi.org\\\/es\\\/author\\\/redaccionexaudi\\\/\"}]}<\/script>\n<!-- \/ Yoast SEO plugin. -->","yoast_head_json":{"title":"El Papa modifica normas sobre contratos p\u00fablicos y gastos extraordinarios de los dicasterios &#8211; Exaudi","robots":{"index":"index","follow":"follow","max-snippet":"max-snippet:-1","max-image-preview":"max-image-preview:large","max-video-preview":"max-video-preview:-1"},"canonical":"https:\/\/exaudi.org\/es\/el-papa-modifica-normas-sobre-contratos-publicos-y-gastos-extraordinarios-de-los-dicasterios\/","og_locale":"es_ES","og_type":"article","og_title":"El Papa modifica normas sobre contratos p\u00fablicos y gastos extraordinarios de los dicasterios &#8211; Exaudi","og_description":"El Santo Padre ha establecido nuevas disposiciones en dos motu proprio publicados el martes 16 de enero de 2024","og_url":"https:\/\/exaudi.org\/es\/el-papa-modifica-normas-sobre-contratos-publicos-y-gastos-extraordinarios-de-los-dicasterios\/","og_site_name":"Exaudi","article_publisher":"https:\/\/www.facebook.com\/ExaudiNews","article_author":"https:\/\/www.facebook.com\/ExaudiNoticias\/","article_published_time":"2024-01-16T07:45:05+00:00","article_modified_time":"2024-01-16T13:15:42+00:00","og_image":[{"width":750,"height":422,"url":"https:\/\/exaudi.org\/wp-content\/uploads\/2024\/01\/cq5dam.thumbnail.cropped.750.422-8.jpeg","type":"image\/jpeg"}],"author":"Exaudi Redacci\u00f3n","twitter_card":"summary_large_image","twitter_creator":"@Exaudi_noticias","twitter_site":"@Exaudi_News","twitter_misc":{"Escrito por":"Exaudi Redacci\u00f3n","Tiempo de lectura":"2 minutos"},"schema":{"@context":"https:\/\/schema.org","@graph":[{"@type":"Article","@id":"https:\/\/exaudi.org\/es\/el-papa-modifica-normas-sobre-contratos-publicos-y-gastos-extraordinarios-de-los-dicasterios\/#article","isPartOf":{"@id":"https:\/\/exaudi.org\/es\/el-papa-modifica-normas-sobre-contratos-publicos-y-gastos-extraordinarios-de-los-dicasterios\/"},"author":{"name":"Exaudi Redacci\u00f3n","@id":"https:\/\/exaudi.org\/#\/schema\/person\/f5fc8f063065e38742da7afe15f25df7"},"headline":"El Papa modifica normas sobre contratos p\u00fablicos y gastos extraordinarios de los dicasterios","datePublished":"2024-01-16T07:45:05+00:00","dateModified":"2024-01-16T13:15:42+00:00","mainEntityOfPage":{"@id":"https:\/\/exaudi.org\/es\/el-papa-modifica-normas-sobre-contratos-publicos-y-gastos-extraordinarios-de-los-dicasterios\/"},"wordCount":497,"image":{"@id":"https:\/\/exaudi.org\/es\/el-papa-modifica-normas-sobre-contratos-publicos-y-gastos-extraordinarios-de-los-dicasterios\/#primaryimage"},"thumbnailUrl":"https:\/\/exaudi.org\/wp-content\/uploads\/2024\/01\/cq5dam.thumbnail.cropped.750.422-8.jpeg","keywords":["Contratos p\u00fablicos","dicasterios","economia","gastos extraordinarios","motu proprio","papa francisco","PAPA FRANCISCO MOTU PROPRIO ECONOM\u00cdA VATICANO","Santa Sede","Trending","Vaticano"],"articleSection":["Dicasterios","Vaticano"],"inLanguage":"es"},{"@type":"WebPage","@id":"https:\/\/exaudi.org\/es\/el-papa-modifica-normas-sobre-contratos-publicos-y-gastos-extraordinarios-de-los-dicasterios\/","url":"https:\/\/exaudi.org\/es\/el-papa-modifica-normas-sobre-contratos-publicos-y-gastos-extraordinarios-de-los-dicasterios\/","name":"El Papa modifica normas sobre contratos p\u00fablicos y gastos extraordinarios de los dicasterios &#8211; Exaudi","isPartOf":{"@id":"https:\/\/exaudi.org\/#website"},"primaryImageOfPage":{"@id":"https:\/\/exaudi.org\/es\/el-papa-modifica-normas-sobre-contratos-publicos-y-gastos-extraordinarios-de-los-dicasterios\/#primaryimage"},"image":{"@id":"https:\/\/exaudi.org\/es\/el-papa-modifica-normas-sobre-contratos-publicos-y-gastos-extraordinarios-de-los-dicasterios\/#primaryimage"},"thumbnailUrl":"https:\/\/exaudi.org\/wp-content\/uploads\/2024\/01\/cq5dam.thumbnail.cropped.750.422-8.jpeg","datePublished":"2024-01-16T07:45:05+00:00","dateModified":"2024-01-16T13:15:42+00:00","author":{"@id":"https:\/\/exaudi.org\/#\/schema\/person\/f5fc8f063065e38742da7afe15f25df7"},"breadcrumb":{"@id":"https:\/\/exaudi.org\/es\/el-papa-modifica-normas-sobre-contratos-publicos-y-gastos-extraordinarios-de-los-dicasterios\/#breadcrumb"},"inLanguage":"es","potentialAction":[{"@type":"ReadAction","target":["https:\/\/exaudi.org\/es\/el-papa-modifica-normas-sobre-contratos-publicos-y-gastos-extraordinarios-de-los-dicasterios\/"]}]},{"@type":"ImageObject","inLanguage":"es","@id":"https:\/\/exaudi.org\/es\/el-papa-modifica-normas-sobre-contratos-publicos-y-gastos-extraordinarios-de-los-dicasterios\/#primaryimage","url":"https:\/\/exaudi.org\/wp-content\/uploads\/2024\/01\/cq5dam.thumbnail.cropped.750.422-8.jpeg","contentUrl":"https:\/\/exaudi.org\/wp-content\/uploads\/2024\/01\/cq5dam.thumbnail.cropped.750.422-8.jpeg","width":750,"height":422},{"@type":"BreadcrumbList","@id":"https:\/\/exaudi.org\/es\/el-papa-modifica-normas-sobre-contratos-publicos-y-gastos-extraordinarios-de-los-dicasterios\/#breadcrumb","itemListElement":[{"@type":"ListItem","position":1,"name":"Portada","item":"https:\/\/exaudi.org\/es\/"},{"@type":"ListItem","position":2,"name":"El Papa modifica normas sobre contratos p\u00fablicos y gastos extraordinarios de los dicasterios"}]},{"@type":"WebSite","@id":"https:\/\/exaudi.org\/#website","url":"https:\/\/exaudi.org\/","name":"Exaudi","description":"News","potentialAction":[{"@type":"SearchAction","target":{"@type":"EntryPoint","urlTemplate":"https:\/\/exaudi.org\/?s={search_term_string}"},"query-input":{"@type":"PropertyValueSpecification","valueRequired":true,"valueName":"search_term_string"}}],"inLanguage":"es"},{"@type":"Person","@id":"https:\/\/exaudi.org\/#\/schema\/person\/f5fc8f063065e38742da7afe15f25df7","name":"Exaudi Redacci\u00f3n","image":{"@type":"ImageObject","inLanguage":"es","@id":"https:\/\/secure.gravatar.com\/avatar\/fe0f6a059fb68d9b3e11bc5850dd4899b1c7492091a3cb6dd9b01b56ad828be2?s=96&d=mm&r=g","url":"https:\/\/secure.gravatar.com\/avatar\/fe0f6a059fb68d9b3e11bc5850dd4899b1c7492091a3cb6dd9b01b56ad828be2?s=96&d=mm&r=g","contentUrl":"https:\/\/secure.gravatar.com\/avatar\/fe0f6a059fb68d9b3e11bc5850dd4899b1c7492091a3cb6dd9b01b56ad828be2?s=96&d=mm&r=g","caption":"Exaudi Redacci\u00f3n"},"description":"\u00bfQu\u00e9 es Exaudi News? Exaudi News es un medio de comunicaci\u00f3n cat\u00f3lico internacional que informa, forma y transforma, diariamente en espa\u00f1ol, ingl\u00e9s e italiano. A trav\u00e9s de noticias, art\u00edculos de an\u00e1lisis y transmisiones en directo de los eventos del Papa, Exaudi busca fortalecer la unidad de los cristianos y contribuir a la evangelizaci\u00f3n del mundo, siempre guiados por la doctrina social de la Iglesia. Trabajamos para acercar la verdad y los valores cristianos a cada rinc\u00f3n del planeta. \u00a1Ay\u00fadanos a transformar el mundo con Exaudi! En Exaudi creemos que la evangelizaci\u00f3n y la informaci\u00f3n de calidad pueden cambiar vidas. Para continuar con nuestra misi\u00f3n y expandir nuestro alcance, necesitamos tu ayuda. Adem\u00e1s, buscamos personas comprometidas que deseen unirse a nuestro equipo. Con tu apoyo, lograremos llegar a m\u00e1s personas, difundir el mensaje de Cristo y reforzar la unidad de los cristianos. \u00bfTe unes a nuestra misi\u00f3n? Para m\u00e1s informaci\u00f3n sobre c\u00f3mo colaborar, visita Exaudi.org\/es o cont\u00e1ctanos directamente: info@exaudi.org Exaudi: Informa, forma y transforma.","sameAs":["https:\/\/www.facebook.com\/ExaudiNoticias\/","https:\/\/www.instagram.com\/exaudi_noticias\/","https:\/\/x.com\/Exaudi_noticias","https:\/\/www.youtube.com\/@exaudicatholicnews"],"url":"https:\/\/exaudi.org\/es\/author\/redaccionexaudi\/"}]}},"jetpack_featured_media_url":"https:\/\/exaudi.org\/wp-content\/uploads\/2024\/01\/cq5dam.thumbnail.cropped.750.422-8.jpeg","jetpack_shortlink":"https:\/\/wp.me\/pgKjF2-o0z","_links":{"self":[{"href":"https:\/\/exaudi.org\/es\/wp-json\/wp\/v2\/posts\/92291","targetHints":{"allow":["GET"]}}],"collection":[{"href":"https:\/\/exaudi.org\/es\/wp-json\/wp\/v2\/posts"}],"about":[{"href":"https:\/\/exaudi.org\/es\/wp-json\/wp\/v2\/types\/post"}],"author":[{"embeddable":true,"href":"https:\/\/exaudi.org\/es\/wp-json\/wp\/v2\/users\/15"}],"replies":[{"embeddable":true,"href":"https:\/\/exaudi.org\/es\/wp-json\/wp\/v2\/comments?post=92291"}],"version-history":[{"count":0,"href":"https:\/\/exaudi.org\/es\/wp-json\/wp\/v2\/posts\/92291\/revisions"}],"wp:featuredmedia":[{"embeddable":true,"href":"https:\/\/exaudi.org\/es\/wp-json\/wp\/v2\/media\/92292"}],"wp:attachment":[{"href":"https:\/\/exaudi.org\/es\/wp-json\/wp\/v2\/media?parent=92291"}],"wp:term":[{"taxonomy":"category","embeddable":true,"href":"https:\/\/exaudi.org\/es\/wp-json\/wp\/v2\/categories?post=92291"},{"taxonomy":"post_tag","embeddable":true,"href":"https:\/\/exaudi.org\/es\/wp-json\/wp\/v2\/tags?post=92291"}],"curies":[{"name":"wp","href":"https:\/\/api.w.org\/{rel}","templated":true}]}}