{"id":92207,"date":"2024-01-15T13:50:15","date_gmt":"2024-01-15T12:50:15","guid":{"rendered":"https:\/\/exaudi.org\/?p=92207"},"modified":"2024-01-15T13:57:50","modified_gmt":"2024-01-15T12:57:50","slug":"el-papa-pide-rezar-sin-cesar-por-tierra-santa","status":"publish","type":"post","link":"https:\/\/exaudi.org\/es\/el-papa-pide-rezar-sin-cesar-por-tierra-santa\/","title":{"rendered":"El Papa pide rezar sin cesar por Tierra Santa"},"content":{"rendered":"<audio class=\"wp-audio-shortcode\" id=\"audio-92207-1\" preload=\"none\" style=\"width: 100%;\" controls=\"controls\"><source type=\"audio\/mpeg\" src=\"https:\/\/exaudi.org\/wp-content\/uploads\/2024\/01\/El-Papa-pide-rezar-sin-cesar-por-Tierra-Santa.mp3?_=1\" \/><a href=\"https:\/\/exaudi.org\/wp-content\/uploads\/2024\/01\/El-Papa-pide-rezar-sin-cesar-por-Tierra-Santa.mp3\">https:\/\/exaudi.org\/wp-content\/uploads\/2024\/01\/El-Papa-pide-rezar-sin-cesar-por-Tierra-Santa.mp3<\/a><\/audio>\n<p>Al recibir en audiencia a los miembros\u00a0<i>del Studium Biblicum Franciscanum<\/i>, el Papa Francisco dio su bienvenida saludando ante todo al patriarca, el cardenal Pizzaballa y recordando a los presentes que se encuentran en Roma, a donde el ap\u00f3stol Pedro lleg\u00f3 hace casi dos mil a\u00f1os. Tambi\u00e9n aprovech\u00f3 la ocasi\u00f3n para recordar que el\u00a0<i>Studium Biblicum Franciscanum<\/i>\u00a0fue inaugurado en Jerusal\u00e9n, en el Santuario de la Flagelaci\u00f3n, el 7 de enero de 1924, y que unos a\u00f1os m\u00e1s tarde se vinculaba al Colegio San Antonio de Roma, hoy Pontificia Universidad Antonianum, a lo que el Pont\u00edfice a\u00f1adi\u00f3 espont\u00e1neamente:<\/p>\n<div>\n<div class=\"article__embed article__embed--border embed_style\">\n<blockquote><p>\u201cAprovecho para decir que hay demasiadas universidades eclesi\u00e1sticas en Roma: ustedes deben ponerse de acuerdo y hacer alg\u00fan tipo de unidad: unidad en los planes de estudio&#8230; pero ponerse de acuerdo, hablar\u201d<\/p><\/blockquote>\n<\/div>\n<\/div>\n<p>Tras afirmar que desde su fundaci\u00f3n su historia ha estado siempre ligada a la presencia de los Hermanos Menores en Tierra Santa. Hoy, cien a\u00f1os despu\u00e9s, el Santo Padre quiso recordar algunos de sus aspectos: \u201cAnte todo, el hecho de que el\u00a0<i>Studium<\/i>, con su Biblioteca y Museo, haya dado y siga dando impulso a importantes excavaciones arqueol\u00f3gicas, en diversos yacimientos, realizando valiosos hallazgos, hasta el punto de obtener, en el 2001, el reconocimiento como\u00a0<i>Facultas Scientiarum Biblicarum et Archaeologiae<\/i>\u201d.<\/p>\n<h3><b>No perder de vista este enfoque de la Escritura<\/b><\/h3>\n<p>Y dado que de este modo se determin\u00f3 su peculiaridad de combinar el estudio de la Sagrada Escritura con la estancia en los Santos Lugares y la investigaci\u00f3n arqueol\u00f3gica \u2013 lo que le ha permitido ampliar y profundizar considerablemente sus programas y metodolog\u00edas \u2013 el Papa les dijo que con ocasi\u00f3n de su centenario deseaba exhortarlos \u201ca no perder de vista este enfoque de la Escritura. Que el estudio riguroso y cient\u00edfico de las fuentes b\u00edblicas, enriquecido por los m\u00e9todos m\u00e1s actuales y las disciplinas afines, est\u00e9 para todos ellos siempre unido al contacto con la vida del pueblo santo de Dios y orientado a su servicio pastoral, en armon\u00eda y en beneficio de su carisma espec\u00edfico en la Iglesia\u201d.<\/p>\n<div>\n<div class=\"article__embed article__embed--border embed_style\">\n<blockquote><p>\u201cEl estudio, la meditaci\u00f3n, la reflexi\u00f3n de la Biblia y de los textos b\u00edblicos, pero en el coraz\u00f3n de la Iglesia que es el santo pueblo fiel de Dios que camina. Fuera del cuerpo de la Iglesia estos estudios no sirven de nada. Lo que vale es el coraz\u00f3n de la Iglesia, de la Santa Madre Iglesia\u201d<\/p><\/blockquote>\n<\/div>\n<\/div>\n<h3><b>Dolor por la situaci\u00f3n actual de Tierra Santa<\/b><\/h3>\n<p>Antes de concluir su alocuci\u00f3n el Pont\u00edfice afirm\u00f3 que \u201cla situaci\u00f3n actual de Tierra Santa y de los pueblos que la habitan nos implica y nos duele. Es muy grave desde todos los puntos de vista. Es muy grave. He escuchado al padre Faltas, las cosas que me ha mostrado, y cada d\u00eda me comunico con la parroquia de Gaza, que sufre tanto por esta situaci\u00f3n\u201d.\u00a0<i>Estos son s\u00f3lo dos ejemplos, pero es m\u00e1s grande que eso. Esta situaci\u00f3n es muy grave. Debemos rezar y actuar incansablemente para que esta tragedia termine. Que esto los impulse a\u00fan m\u00e1s a profundizar las razones y la calidad de su presencia en esos lugares martirizados, su presencia all\u00ed, en el martirio de ese pueblo, en el que est\u00e1n arraigadas las ra\u00edces de nuestra fe.<\/i><\/p>\n<h3><b>Agradecimiento del Santo Padre<\/b><\/h3>\n<p><i>\u00bfQu\u00e9 les dir\u00eda a los franciscanos? Gracias por su presencia en Tierra Santa, gracias. Y con valent\u00eda sigan adelante. Gracias. Agradezco todo lo que hacen. Los bendigo de coraz\u00f3n. Y les pido que no se olviden de rezar por m\u00ed. Y gracias.<\/i><\/p>\n","protected":false},"excerpt":{"rendered":"<p>Recibi\u00f3 en audiencia, en la Sala Clementina del palacio apost\u00f3lico, a los miembros del \u201cStudium Biblicum Franciscanum fundado\u201d en Jerusal\u00e9n hace cien a\u00f1os<\/p>\n","protected":false},"author":15,"featured_media":92208,"comment_status":"closed","ping_status":"closed","sticky":false,"template":"","format":"standard","meta":{"_acf_changed":false,"_crdt_document":"","inline_featured_image":false,"footnotes":""},"categories":[59],"tags":[9343,12119,3834,2646,12118,2650,158,2556,634,5198,12025,392,4953,725],"class_list":["post-92207","post","type-post","status-publish","format-standard","has-post-thumbnail","hentry","category-featured-news","tag-audiencias","tag-escuela-y-universidad","tag-guerra-es","tag-israel","tag-ordenes-religiosas","tag-palestina","tag-papa-francisco","tag-pastoral","tag-politica","tag-sagrada-escritura","tag-san-francisco-2","tag-tierra-santa","tag-trending-es","tag-violencia"],"acf":[],"yoast_head":"<!-- This site is optimized with the Yoast SEO plugin v27.4 - https:\/\/yoast.com\/product\/yoast-seo-wordpress\/ -->\n<title>El Papa pide rezar sin cesar por Tierra Santa &#8211; Exaudi<\/title>\n<meta name=\"robots\" content=\"index, follow, max-snippet:-1, max-image-preview:large, max-video-preview:-1\" \/>\n<link rel=\"canonical\" href=\"https:\/\/exaudi.org\/es\/el-papa-pide-rezar-sin-cesar-por-tierra-santa\/\" \/>\n<meta property=\"og:locale\" content=\"es_ES\" \/>\n<meta property=\"og:type\" content=\"article\" \/>\n<meta property=\"og:title\" content=\"El Papa pide rezar sin cesar por Tierra Santa &#8211; Exaudi\" \/>\n<meta property=\"og:description\" content=\"Recibi\u00f3 en audiencia, en la Sala Clementina del palacio apost\u00f3lico, a los miembros del \u201cStudium Biblicum Franciscanum fundado\u201d en Jerusal\u00e9n hace cien a\u00f1os\" \/>\n<meta property=\"og:url\" content=\"https:\/\/exaudi.org\/es\/el-papa-pide-rezar-sin-cesar-por-tierra-santa\/\" \/>\n<meta property=\"og:site_name\" content=\"Exaudi\" \/>\n<meta property=\"article:publisher\" content=\"https:\/\/www.facebook.com\/ExaudiNews\" \/>\n<meta property=\"article:author\" content=\"https:\/\/www.facebook.com\/ExaudiNoticias\/\" \/>\n<meta property=\"article:published_time\" content=\"2024-01-15T12:50:15+00:00\" \/>\n<meta property=\"article:modified_time\" content=\"2024-01-15T12:57:50+00:00\" \/>\n<meta property=\"og:image\" content=\"https:\/\/exaudi.org\/wp-content\/uploads\/2024\/01\/cq5dam.thumbnail.cropped.750.422-7.jpeg\" \/>\n\t<meta property=\"og:image:width\" content=\"750\" \/>\n\t<meta property=\"og:image:height\" content=\"422\" \/>\n\t<meta property=\"og:image:type\" content=\"image\/jpeg\" \/>\n<meta name=\"author\" content=\"Exaudi Redacci\u00f3n\" \/>\n<meta name=\"twitter:card\" content=\"summary_large_image\" \/>\n<meta name=\"twitter:creator\" content=\"@Exaudi_noticias\" \/>\n<meta name=\"twitter:site\" content=\"@Exaudi_News\" \/>\n<meta name=\"twitter:label1\" content=\"Escrito por\" \/>\n\t<meta name=\"twitter:data1\" content=\"Exaudi Redacci\u00f3n\" \/>\n\t<meta name=\"twitter:label2\" content=\"Tiempo de lectura\" \/>\n\t<meta name=\"twitter:data2\" content=\"3 minutos\" \/>\n<script type=\"application\/ld+json\" class=\"yoast-schema-graph\">{\"@context\":\"https:\\\/\\\/schema.org\",\"@graph\":[{\"@type\":\"Article\",\"@id\":\"https:\\\/\\\/exaudi.org\\\/es\\\/el-papa-pide-rezar-sin-cesar-por-tierra-santa\\\/#article\",\"isPartOf\":{\"@id\":\"https:\\\/\\\/exaudi.org\\\/es\\\/el-papa-pide-rezar-sin-cesar-por-tierra-santa\\\/\"},\"author\":{\"name\":\"Exaudi Redacci\u00f3n\",\"@id\":\"https:\\\/\\\/exaudi.org\\\/#\\\/schema\\\/person\\\/f5fc8f063065e38742da7afe15f25df7\"},\"headline\":\"El Papa pide rezar sin cesar por Tierra Santa\",\"datePublished\":\"2024-01-15T12:50:15+00:00\",\"dateModified\":\"2024-01-15T12:57:50+00:00\",\"mainEntityOfPage\":{\"@id\":\"https:\\\/\\\/exaudi.org\\\/es\\\/el-papa-pide-rezar-sin-cesar-por-tierra-santa\\\/\"},\"wordCount\":643,\"image\":{\"@id\":\"https:\\\/\\\/exaudi.org\\\/es\\\/el-papa-pide-rezar-sin-cesar-por-tierra-santa\\\/#primaryimage\"},\"thumbnailUrl\":\"https:\\\/\\\/exaudi.org\\\/wp-content\\\/uploads\\\/2024\\\/01\\\/cq5dam.thumbnail.cropped.750.422-7.jpeg\",\"keywords\":[\"AUDIENCIAS\",\"ESCUELA Y UNIVERSIDAD\",\"guerra\",\"Israel\",\"\u00d3RDENES RELIGIOSAS\",\"Palestina\",\"papa francisco\",\"Pastoral\",\"Pol\u00edtica\",\"Sagrada Escritura\",\"San Francisco\",\"Tierra Santa\",\"Trending\",\"violencia\"],\"articleSection\":[\"Featured News\"],\"inLanguage\":\"es\"},{\"@type\":\"WebPage\",\"@id\":\"https:\\\/\\\/exaudi.org\\\/es\\\/el-papa-pide-rezar-sin-cesar-por-tierra-santa\\\/\",\"url\":\"https:\\\/\\\/exaudi.org\\\/es\\\/el-papa-pide-rezar-sin-cesar-por-tierra-santa\\\/\",\"name\":\"El Papa pide rezar sin cesar por Tierra Santa &#8211; Exaudi\",\"isPartOf\":{\"@id\":\"https:\\\/\\\/exaudi.org\\\/#website\"},\"primaryImageOfPage\":{\"@id\":\"https:\\\/\\\/exaudi.org\\\/es\\\/el-papa-pide-rezar-sin-cesar-por-tierra-santa\\\/#primaryimage\"},\"image\":{\"@id\":\"https:\\\/\\\/exaudi.org\\\/es\\\/el-papa-pide-rezar-sin-cesar-por-tierra-santa\\\/#primaryimage\"},\"thumbnailUrl\":\"https:\\\/\\\/exaudi.org\\\/wp-content\\\/uploads\\\/2024\\\/01\\\/cq5dam.thumbnail.cropped.750.422-7.jpeg\",\"datePublished\":\"2024-01-15T12:50:15+00:00\",\"dateModified\":\"2024-01-15T12:57:50+00:00\",\"author\":{\"@id\":\"https:\\\/\\\/exaudi.org\\\/#\\\/schema\\\/person\\\/f5fc8f063065e38742da7afe15f25df7\"},\"breadcrumb\":{\"@id\":\"https:\\\/\\\/exaudi.org\\\/es\\\/el-papa-pide-rezar-sin-cesar-por-tierra-santa\\\/#breadcrumb\"},\"inLanguage\":\"es\",\"potentialAction\":[{\"@type\":\"ReadAction\",\"target\":[\"https:\\\/\\\/exaudi.org\\\/es\\\/el-papa-pide-rezar-sin-cesar-por-tierra-santa\\\/\"]}]},{\"@type\":\"ImageObject\",\"inLanguage\":\"es\",\"@id\":\"https:\\\/\\\/exaudi.org\\\/es\\\/el-papa-pide-rezar-sin-cesar-por-tierra-santa\\\/#primaryimage\",\"url\":\"https:\\\/\\\/exaudi.org\\\/wp-content\\\/uploads\\\/2024\\\/01\\\/cq5dam.thumbnail.cropped.750.422-7.jpeg\",\"contentUrl\":\"https:\\\/\\\/exaudi.org\\\/wp-content\\\/uploads\\\/2024\\\/01\\\/cq5dam.thumbnail.cropped.750.422-7.jpeg\",\"width\":750,\"height\":422},{\"@type\":\"BreadcrumbList\",\"@id\":\"https:\\\/\\\/exaudi.org\\\/es\\\/el-papa-pide-rezar-sin-cesar-por-tierra-santa\\\/#breadcrumb\",\"itemListElement\":[{\"@type\":\"ListItem\",\"position\":1,\"name\":\"Portada\",\"item\":\"https:\\\/\\\/exaudi.org\\\/es\\\/\"},{\"@type\":\"ListItem\",\"position\":2,\"name\":\"El Papa pide rezar sin cesar por Tierra Santa\"}]},{\"@type\":\"WebSite\",\"@id\":\"https:\\\/\\\/exaudi.org\\\/#website\",\"url\":\"https:\\\/\\\/exaudi.org\\\/\",\"name\":\"Exaudi\",\"description\":\"News\",\"potentialAction\":[{\"@type\":\"SearchAction\",\"target\":{\"@type\":\"EntryPoint\",\"urlTemplate\":\"https:\\\/\\\/exaudi.org\\\/?s={search_term_string}\"},\"query-input\":{\"@type\":\"PropertyValueSpecification\",\"valueRequired\":true,\"valueName\":\"search_term_string\"}}],\"inLanguage\":\"es\"},{\"@type\":\"Person\",\"@id\":\"https:\\\/\\\/exaudi.org\\\/#\\\/schema\\\/person\\\/f5fc8f063065e38742da7afe15f25df7\",\"name\":\"Exaudi Redacci\u00f3n\",\"image\":{\"@type\":\"ImageObject\",\"inLanguage\":\"es\",\"@id\":\"https:\\\/\\\/secure.gravatar.com\\\/avatar\\\/fe0f6a059fb68d9b3e11bc5850dd4899b1c7492091a3cb6dd9b01b56ad828be2?s=96&d=mm&r=g\",\"url\":\"https:\\\/\\\/secure.gravatar.com\\\/avatar\\\/fe0f6a059fb68d9b3e11bc5850dd4899b1c7492091a3cb6dd9b01b56ad828be2?s=96&d=mm&r=g\",\"contentUrl\":\"https:\\\/\\\/secure.gravatar.com\\\/avatar\\\/fe0f6a059fb68d9b3e11bc5850dd4899b1c7492091a3cb6dd9b01b56ad828be2?s=96&d=mm&r=g\",\"caption\":\"Exaudi Redacci\u00f3n\"},\"description\":\"\u00bfQu\u00e9 es Exaudi News? Exaudi News es un medio de comunicaci\u00f3n cat\u00f3lico internacional que informa, forma y transforma, diariamente en espa\u00f1ol, ingl\u00e9s e italiano. A trav\u00e9s de noticias, art\u00edculos de an\u00e1lisis y transmisiones en directo de los eventos del Papa, Exaudi busca fortalecer la unidad de los cristianos y contribuir a la evangelizaci\u00f3n del mundo, siempre guiados por la doctrina social de la Iglesia. Trabajamos para acercar la verdad y los valores cristianos a cada rinc\u00f3n del planeta. \u00a1Ay\u00fadanos a transformar el mundo con Exaudi! En Exaudi creemos que la evangelizaci\u00f3n y la informaci\u00f3n de calidad pueden cambiar vidas. Para continuar con nuestra misi\u00f3n y expandir nuestro alcance, necesitamos tu ayuda. Adem\u00e1s, buscamos personas comprometidas que deseen unirse a nuestro equipo. Con tu apoyo, lograremos llegar a m\u00e1s personas, difundir el mensaje de Cristo y reforzar la unidad de los cristianos. \u00bfTe unes a nuestra misi\u00f3n? Para m\u00e1s informaci\u00f3n sobre c\u00f3mo colaborar, visita Exaudi.org\\\/es o cont\u00e1ctanos directamente: info@exaudi.org Exaudi: Informa, forma y transforma.\",\"sameAs\":[\"https:\\\/\\\/www.facebook.com\\\/ExaudiNoticias\\\/\",\"https:\\\/\\\/www.instagram.com\\\/exaudi_noticias\\\/\",\"https:\\\/\\\/x.com\\\/Exaudi_noticias\",\"https:\\\/\\\/www.youtube.com\\\/@exaudicatholicnews\"],\"url\":\"https:\\\/\\\/exaudi.org\\\/es\\\/author\\\/redaccionexaudi\\\/\"}]}<\/script>\n<!-- \/ Yoast SEO plugin. -->","yoast_head_json":{"title":"El Papa pide rezar sin cesar por Tierra Santa &#8211; Exaudi","robots":{"index":"index","follow":"follow","max-snippet":"max-snippet:-1","max-image-preview":"max-image-preview:large","max-video-preview":"max-video-preview:-1"},"canonical":"https:\/\/exaudi.org\/es\/el-papa-pide-rezar-sin-cesar-por-tierra-santa\/","og_locale":"es_ES","og_type":"article","og_title":"El Papa pide rezar sin cesar por Tierra Santa &#8211; Exaudi","og_description":"Recibi\u00f3 en audiencia, en la Sala Clementina del palacio apost\u00f3lico, a los miembros del \u201cStudium Biblicum Franciscanum fundado\u201d en Jerusal\u00e9n hace cien a\u00f1os","og_url":"https:\/\/exaudi.org\/es\/el-papa-pide-rezar-sin-cesar-por-tierra-santa\/","og_site_name":"Exaudi","article_publisher":"https:\/\/www.facebook.com\/ExaudiNews","article_author":"https:\/\/www.facebook.com\/ExaudiNoticias\/","article_published_time":"2024-01-15T12:50:15+00:00","article_modified_time":"2024-01-15T12:57:50+00:00","og_image":[{"width":750,"height":422,"url":"https:\/\/exaudi.org\/wp-content\/uploads\/2024\/01\/cq5dam.thumbnail.cropped.750.422-7.jpeg","type":"image\/jpeg"}],"author":"Exaudi Redacci\u00f3n","twitter_card":"summary_large_image","twitter_creator":"@Exaudi_noticias","twitter_site":"@Exaudi_News","twitter_misc":{"Escrito por":"Exaudi Redacci\u00f3n","Tiempo de lectura":"3 minutos"},"schema":{"@context":"https:\/\/schema.org","@graph":[{"@type":"Article","@id":"https:\/\/exaudi.org\/es\/el-papa-pide-rezar-sin-cesar-por-tierra-santa\/#article","isPartOf":{"@id":"https:\/\/exaudi.org\/es\/el-papa-pide-rezar-sin-cesar-por-tierra-santa\/"},"author":{"name":"Exaudi Redacci\u00f3n","@id":"https:\/\/exaudi.org\/#\/schema\/person\/f5fc8f063065e38742da7afe15f25df7"},"headline":"El Papa pide rezar sin cesar por Tierra Santa","datePublished":"2024-01-15T12:50:15+00:00","dateModified":"2024-01-15T12:57:50+00:00","mainEntityOfPage":{"@id":"https:\/\/exaudi.org\/es\/el-papa-pide-rezar-sin-cesar-por-tierra-santa\/"},"wordCount":643,"image":{"@id":"https:\/\/exaudi.org\/es\/el-papa-pide-rezar-sin-cesar-por-tierra-santa\/#primaryimage"},"thumbnailUrl":"https:\/\/exaudi.org\/wp-content\/uploads\/2024\/01\/cq5dam.thumbnail.cropped.750.422-7.jpeg","keywords":["AUDIENCIAS","ESCUELA Y UNIVERSIDAD","guerra","Israel","\u00d3RDENES RELIGIOSAS","Palestina","papa francisco","Pastoral","Pol\u00edtica","Sagrada Escritura","San Francisco","Tierra Santa","Trending","violencia"],"articleSection":["Featured News"],"inLanguage":"es"},{"@type":"WebPage","@id":"https:\/\/exaudi.org\/es\/el-papa-pide-rezar-sin-cesar-por-tierra-santa\/","url":"https:\/\/exaudi.org\/es\/el-papa-pide-rezar-sin-cesar-por-tierra-santa\/","name":"El Papa pide rezar sin cesar por Tierra Santa &#8211; Exaudi","isPartOf":{"@id":"https:\/\/exaudi.org\/#website"},"primaryImageOfPage":{"@id":"https:\/\/exaudi.org\/es\/el-papa-pide-rezar-sin-cesar-por-tierra-santa\/#primaryimage"},"image":{"@id":"https:\/\/exaudi.org\/es\/el-papa-pide-rezar-sin-cesar-por-tierra-santa\/#primaryimage"},"thumbnailUrl":"https:\/\/exaudi.org\/wp-content\/uploads\/2024\/01\/cq5dam.thumbnail.cropped.750.422-7.jpeg","datePublished":"2024-01-15T12:50:15+00:00","dateModified":"2024-01-15T12:57:50+00:00","author":{"@id":"https:\/\/exaudi.org\/#\/schema\/person\/f5fc8f063065e38742da7afe15f25df7"},"breadcrumb":{"@id":"https:\/\/exaudi.org\/es\/el-papa-pide-rezar-sin-cesar-por-tierra-santa\/#breadcrumb"},"inLanguage":"es","potentialAction":[{"@type":"ReadAction","target":["https:\/\/exaudi.org\/es\/el-papa-pide-rezar-sin-cesar-por-tierra-santa\/"]}]},{"@type":"ImageObject","inLanguage":"es","@id":"https:\/\/exaudi.org\/es\/el-papa-pide-rezar-sin-cesar-por-tierra-santa\/#primaryimage","url":"https:\/\/exaudi.org\/wp-content\/uploads\/2024\/01\/cq5dam.thumbnail.cropped.750.422-7.jpeg","contentUrl":"https:\/\/exaudi.org\/wp-content\/uploads\/2024\/01\/cq5dam.thumbnail.cropped.750.422-7.jpeg","width":750,"height":422},{"@type":"BreadcrumbList","@id":"https:\/\/exaudi.org\/es\/el-papa-pide-rezar-sin-cesar-por-tierra-santa\/#breadcrumb","itemListElement":[{"@type":"ListItem","position":1,"name":"Portada","item":"https:\/\/exaudi.org\/es\/"},{"@type":"ListItem","position":2,"name":"El Papa pide rezar sin cesar por Tierra Santa"}]},{"@type":"WebSite","@id":"https:\/\/exaudi.org\/#website","url":"https:\/\/exaudi.org\/","name":"Exaudi","description":"News","potentialAction":[{"@type":"SearchAction","target":{"@type":"EntryPoint","urlTemplate":"https:\/\/exaudi.org\/?s={search_term_string}"},"query-input":{"@type":"PropertyValueSpecification","valueRequired":true,"valueName":"search_term_string"}}],"inLanguage":"es"},{"@type":"Person","@id":"https:\/\/exaudi.org\/#\/schema\/person\/f5fc8f063065e38742da7afe15f25df7","name":"Exaudi Redacci\u00f3n","image":{"@type":"ImageObject","inLanguage":"es","@id":"https:\/\/secure.gravatar.com\/avatar\/fe0f6a059fb68d9b3e11bc5850dd4899b1c7492091a3cb6dd9b01b56ad828be2?s=96&d=mm&r=g","url":"https:\/\/secure.gravatar.com\/avatar\/fe0f6a059fb68d9b3e11bc5850dd4899b1c7492091a3cb6dd9b01b56ad828be2?s=96&d=mm&r=g","contentUrl":"https:\/\/secure.gravatar.com\/avatar\/fe0f6a059fb68d9b3e11bc5850dd4899b1c7492091a3cb6dd9b01b56ad828be2?s=96&d=mm&r=g","caption":"Exaudi Redacci\u00f3n"},"description":"\u00bfQu\u00e9 es Exaudi News? Exaudi News es un medio de comunicaci\u00f3n cat\u00f3lico internacional que informa, forma y transforma, diariamente en espa\u00f1ol, ingl\u00e9s e italiano. A trav\u00e9s de noticias, art\u00edculos de an\u00e1lisis y transmisiones en directo de los eventos del Papa, Exaudi busca fortalecer la unidad de los cristianos y contribuir a la evangelizaci\u00f3n del mundo, siempre guiados por la doctrina social de la Iglesia. Trabajamos para acercar la verdad y los valores cristianos a cada rinc\u00f3n del planeta. \u00a1Ay\u00fadanos a transformar el mundo con Exaudi! En Exaudi creemos que la evangelizaci\u00f3n y la informaci\u00f3n de calidad pueden cambiar vidas. Para continuar con nuestra misi\u00f3n y expandir nuestro alcance, necesitamos tu ayuda. Adem\u00e1s, buscamos personas comprometidas que deseen unirse a nuestro equipo. Con tu apoyo, lograremos llegar a m\u00e1s personas, difundir el mensaje de Cristo y reforzar la unidad de los cristianos. \u00bfTe unes a nuestra misi\u00f3n? Para m\u00e1s informaci\u00f3n sobre c\u00f3mo colaborar, visita Exaudi.org\/es o cont\u00e1ctanos directamente: info@exaudi.org Exaudi: Informa, forma y transforma.","sameAs":["https:\/\/www.facebook.com\/ExaudiNoticias\/","https:\/\/www.instagram.com\/exaudi_noticias\/","https:\/\/x.com\/Exaudi_noticias","https:\/\/www.youtube.com\/@exaudicatholicnews"],"url":"https:\/\/exaudi.org\/es\/author\/redaccionexaudi\/"}]}},"jetpack_featured_media_url":"https:\/\/exaudi.org\/wp-content\/uploads\/2024\/01\/cq5dam.thumbnail.cropped.750.422-7.jpeg","jetpack_shortlink":"https:\/\/wp.me\/pgKjF2-nZd","_links":{"self":[{"href":"https:\/\/exaudi.org\/es\/wp-json\/wp\/v2\/posts\/92207","targetHints":{"allow":["GET"]}}],"collection":[{"href":"https:\/\/exaudi.org\/es\/wp-json\/wp\/v2\/posts"}],"about":[{"href":"https:\/\/exaudi.org\/es\/wp-json\/wp\/v2\/types\/post"}],"author":[{"embeddable":true,"href":"https:\/\/exaudi.org\/es\/wp-json\/wp\/v2\/users\/15"}],"replies":[{"embeddable":true,"href":"https:\/\/exaudi.org\/es\/wp-json\/wp\/v2\/comments?post=92207"}],"version-history":[{"count":0,"href":"https:\/\/exaudi.org\/es\/wp-json\/wp\/v2\/posts\/92207\/revisions"}],"wp:featuredmedia":[{"embeddable":true,"href":"https:\/\/exaudi.org\/es\/wp-json\/wp\/v2\/media\/92208"}],"wp:attachment":[{"href":"https:\/\/exaudi.org\/es\/wp-json\/wp\/v2\/media?parent=92207"}],"wp:term":[{"taxonomy":"category","embeddable":true,"href":"https:\/\/exaudi.org\/es\/wp-json\/wp\/v2\/categories?post=92207"},{"taxonomy":"post_tag","embeddable":true,"href":"https:\/\/exaudi.org\/es\/wp-json\/wp\/v2\/tags?post=92207"}],"curies":[{"name":"wp","href":"https:\/\/api.w.org\/{rel}","templated":true}]}}