{"id":92087,"date":"2024-01-13T20:24:40","date_gmt":"2024-01-13T19:24:40","guid":{"rendered":"https:\/\/exaudi.org\/?p=92087"},"modified":"2024-01-13T20:25:01","modified_gmt":"2024-01-13T19:25:01","slug":"el-papa-a-los-sacerdotes-estamos-en-tierra-de-mision","status":"publish","type":"post","link":"https:\/\/exaudi.org\/es\/el-papa-a-los-sacerdotes-estamos-en-tierra-de-mision\/","title":{"rendered":"El Papa a los sacerdotes: Estamos en tierra de misi\u00f3n"},"content":{"rendered":"<audio class=\"wp-audio-shortcode\" id=\"audio-92087-1\" preload=\"none\" style=\"width: 100%;\" controls=\"controls\"><source type=\"audio\/mpeg\" src=\"https:\/\/exaudi.org\/wp-content\/uploads\/2024\/01\/El-Papa-a-los-sacerdotes-Estamos-en-tierra-de-mision.mp3?_=1\" \/><a href=\"https:\/\/exaudi.org\/wp-content\/uploads\/2024\/01\/El-Papa-a-los-sacerdotes-Estamos-en-tierra-de-mision.mp3\">https:\/\/exaudi.org\/wp-content\/uploads\/2024\/01\/El-Papa-a-los-sacerdotes-Estamos-en-tierra-de-mision.mp3<\/a><\/audio>\n<p>Una \u00abtierra de misi\u00f3n\u00bb. As\u00ed defini\u00f3 Francisco a la di\u00f3cesis de Roma en el encuentro, reservado como es tradici\u00f3n, con el clero romano celebrado esta ma\u00f1ana en la Bas\u00edlica de San Juan de Letr\u00e1n. El Papa lleg\u00f3 poco despu\u00e9s de las 9 de la ma\u00f1ana y fue recibido por el cardenal vicario Angelo De Donatis.<\/p>\n<h3><strong>Se reanudan las visitas a las parroquias<\/strong><\/h3>\n<p><img loading=\"lazy\" decoding=\"async\" class=\"alignleft wp-image-92100\" src=\"https:\/\/exaudi.org\/wp-content\/uploads\/2024\/01\/cq5dam.thumbnail.cropped.750.422-6.jpeg\" alt=\"\" width=\"318\" height=\"179\" srcset=\"https:\/\/exaudi.org\/wp-content\/uploads\/2024\/01\/cq5dam.thumbnail.cropped.750.422-6.jpeg 750w, https:\/\/exaudi.org\/wp-content\/uploads\/2024\/01\/cq5dam.thumbnail.cropped.750.422-6-300x169.jpeg 300w, https:\/\/exaudi.org\/wp-content\/uploads\/2024\/01\/cq5dam.thumbnail.cropped.750.422-6-500x281.jpeg 500w, https:\/\/exaudi.org\/wp-content\/uploads\/2024\/01\/cq5dam.thumbnail.cropped.750.422-6-293x165.jpeg 293w, https:\/\/exaudi.org\/wp-content\/uploads\/2024\/01\/cq5dam.thumbnail.cropped.750.422-6-390x219.jpeg 390w\" sizes=\"auto, (max-width: 318px) 100vw, 318px\" \/>Ante las m\u00e1s de 800 personas presentes, entre sacerdotes, diocesanos y religiosos, y di\u00e1conos permanentes en servicio pastoral, el Obispo de Roma lanz\u00f3 un llamamiento a la evangelizaci\u00f3n de toda la comunidad eclesial, anunciando a continuaci\u00f3n que reanudar\u00eda las visitas a las parroquias de la di\u00f3cesis, tras el par\u00f3n impuesto por la pandemia.<\/p>\n<h3><strong>Di\u00e1logo abierto<\/strong><\/h3>\n<p><img loading=\"lazy\" decoding=\"async\" class=\" wp-image-92097 alignright\" src=\"https:\/\/exaudi.org\/wp-content\/uploads\/2024\/01\/cq5dam.thumbnail.cropped.750.422-1-2.jpeg\" alt=\"\" width=\"423\" height=\"238\" srcset=\"https:\/\/exaudi.org\/wp-content\/uploads\/2024\/01\/cq5dam.thumbnail.cropped.750.422-1-2.jpeg 750w, https:\/\/exaudi.org\/wp-content\/uploads\/2024\/01\/cq5dam.thumbnail.cropped.750.422-1-2-300x169.jpeg 300w, https:\/\/exaudi.org\/wp-content\/uploads\/2024\/01\/cq5dam.thumbnail.cropped.750.422-1-2-500x281.jpeg 500w, https:\/\/exaudi.org\/wp-content\/uploads\/2024\/01\/cq5dam.thumbnail.cropped.750.422-1-2-293x165.jpeg 293w, https:\/\/exaudi.org\/wp-content\/uploads\/2024\/01\/cq5dam.thumbnail.cropped.750.422-1-2-390x219.jpeg 390w\" sizes=\"auto, (max-width: 423px) 100vw, 423px\" \/>El encuentro, que dur\u00f3 unas tres horas, informa un comunicado de la di\u00f3cesis de Roma, se desarroll\u00f3 \u00abcon un di\u00e1logo abierto y familiar, en un clima de cordialidad\u00bb.<\/p>\n<p>A la oraci\u00f3n de la hora intermedia sigui\u00f3 el saludo del cardenal y despu\u00e9s el di\u00e1logo entre los sacerdotes y Francisco, que les invit\u00f3 a hacer preguntas libremente, con sinceridad. Hab\u00eda una treintena.<\/p>\n<h3><strong>El testimonio<\/strong><\/h3>\n<p><img loading=\"lazy\" decoding=\"async\" class=\"alignleft wp-image-92103\" src=\"https:\/\/exaudi.org\/wp-content\/uploads\/2024\/01\/cq5dam.thumbnail.cropped.750.422-6-1.jpeg\" alt=\"\" width=\"258\" height=\"145\" srcset=\"https:\/\/exaudi.org\/wp-content\/uploads\/2024\/01\/cq5dam.thumbnail.cropped.750.422-6-1.jpeg 750w, https:\/\/exaudi.org\/wp-content\/uploads\/2024\/01\/cq5dam.thumbnail.cropped.750.422-6-1-300x169.jpeg 300w, https:\/\/exaudi.org\/wp-content\/uploads\/2024\/01\/cq5dam.thumbnail.cropped.750.422-6-1-500x281.jpeg 500w, https:\/\/exaudi.org\/wp-content\/uploads\/2024\/01\/cq5dam.thumbnail.cropped.750.422-6-1-293x165.jpeg 293w, https:\/\/exaudi.org\/wp-content\/uploads\/2024\/01\/cq5dam.thumbnail.cropped.750.422-6-1-390x219.jpeg 390w\" sizes=\"auto, (max-width: 258px) 100vw, 258px\" \/>Francisco habl\u00f3 de la necesidad de la evangelizaci\u00f3n en un contexto pagano, subrayando la importancia del testimonio.<\/p>\n<h3><strong>Bendecir a las personas, no el pecado<\/strong><\/h3>\n<p>A continuaci\u00f3n respondi\u00f3 a las preguntas sobre la bendici\u00f3n de las parejas del mismo sexo, afirmando que no cambia la doctrina sobre el sacramento del matrimonio entre un hombre y una mujer. Se bendice a las personas, no al pecado. A la pregunta de un sacerdote africano, dijo que la cultura de \u00c1frica no acepta estas bendiciones porque hay sensibilidades diferentes y que esto se aclar\u00f3 con el cardenal Ambongo.<\/p>\n<p>Luego dijo que muchos no leen bien los textos de la Iglesia: hace falta saber escuchar, subray\u00f3, recordando que los conflictos hay que gestionarlos pero no ocultarlos.<\/p>\n<h3><strong>Perdonar siempre<\/strong><\/h3>\n<p><img loading=\"lazy\" decoding=\"async\" class=\"alignleft wp-image-92091\" src=\"https:\/\/exaudi.org\/wp-content\/uploads\/2024\/01\/cq5dam.thumbnail.cropped.750.422-4-2.jpeg\" alt=\"\" width=\"338\" height=\"190\" srcset=\"https:\/\/exaudi.org\/wp-content\/uploads\/2024\/01\/cq5dam.thumbnail.cropped.750.422-4-2.jpeg 750w, https:\/\/exaudi.org\/wp-content\/uploads\/2024\/01\/cq5dam.thumbnail.cropped.750.422-4-2-300x169.jpeg 300w, https:\/\/exaudi.org\/wp-content\/uploads\/2024\/01\/cq5dam.thumbnail.cropped.750.422-4-2-500x281.jpeg 500w, https:\/\/exaudi.org\/wp-content\/uploads\/2024\/01\/cq5dam.thumbnail.cropped.750.422-4-2-293x165.jpeg 293w, https:\/\/exaudi.org\/wp-content\/uploads\/2024\/01\/cq5dam.thumbnail.cropped.750.422-4-2-390x219.jpeg 390w\" sizes=\"auto, (max-width: 338px) 100vw, 338px\" \/>A continuaci\u00f3n, el Papa hizo un llamamiento a perdonar siempre: yo perdono siempre, hay que tener siempre misericordia, dijo.<\/p>\n<h3><strong>Homil\u00edas breves<\/strong><\/h3>\n<p>Sobre los di\u00e1conos dijo que deben estar entre la gente, al servicio de los necesitados. Finalmente record\u00f3 que las homil\u00edas deben ser breves, de unos 7\/8 minutos, directas, captando el esp\u00edritu de la Palabra de Dios.<\/p>\n","protected":false},"excerpt":{"rendered":"<p>El Papa Francisco se ha reunido esta ma\u00f1ana con el clero romano en la bas\u00edlica de San Juan de Letr\u00e1n. M\u00e1s de 800 sacerdotes, diocesanos y religiosos, y di\u00e1conos permanentes en servicio pastoral en la di\u00f3cesis de Roma acogieron la invitaci\u00f3n para asistir al encuentro en la catedral, que se desarroll\u00f3 en un di\u00e1logo abierto y familiar, en un clima de cordialidad<\/p>\n","protected":false},"author":15,"featured_media":92088,"comment_status":"closed","ping_status":"closed","sticky":false,"template":"","format":"standard","meta":{"_acf_changed":false,"_crdt_document":"","inline_featured_image":false,"footnotes":""},"categories":[59],"tags":[9841,3179,1595,516,158,794,1533,2718,4953],"class_list":["post-92087","post","type-post","status-publish","format-standard","has-post-thumbnail","hentry","category-featured-news","tag-diacono","tag-diocesis","tag-encuentro","tag-italia","tag-papa-francisco","tag-religiosos","tag-roma-es","tag-sacerdotes","tag-trending-es"],"acf":[],"yoast_head":"<!-- This site is optimized with the Yoast SEO plugin v27.5 - https:\/\/yoast.com\/product\/yoast-seo-wordpress\/ -->\n<title>El Papa a los sacerdotes: Estamos en tierra de misi\u00f3n &#8211; Exaudi<\/title>\n<meta name=\"robots\" content=\"index, follow, max-snippet:-1, max-image-preview:large, max-video-preview:-1\" \/>\n<link rel=\"canonical\" href=\"https:\/\/exaudi.org\/es\/el-papa-a-los-sacerdotes-estamos-en-tierra-de-mision\/\" \/>\n<meta property=\"og:locale\" content=\"es_ES\" \/>\n<meta property=\"og:type\" content=\"article\" \/>\n<meta property=\"og:title\" content=\"El Papa a los sacerdotes: Estamos en tierra de misi\u00f3n &#8211; Exaudi\" \/>\n<meta property=\"og:description\" content=\"El Papa Francisco se ha reunido esta ma\u00f1ana con el clero romano en la bas\u00edlica de San Juan de Letr\u00e1n. M\u00e1s de 800 sacerdotes, diocesanos y religiosos, y di\u00e1conos permanentes en servicio pastoral en la di\u00f3cesis de Roma acogieron la invitaci\u00f3n para asistir al encuentro en la catedral, que se desarroll\u00f3 en un di\u00e1logo abierto y familiar, en un clima de cordialidad\" \/>\n<meta property=\"og:url\" content=\"https:\/\/exaudi.org\/es\/el-papa-a-los-sacerdotes-estamos-en-tierra-de-mision\/\" \/>\n<meta property=\"og:site_name\" content=\"Exaudi\" \/>\n<meta property=\"article:publisher\" content=\"https:\/\/www.facebook.com\/ExaudiNews\" \/>\n<meta property=\"article:author\" content=\"https:\/\/www.facebook.com\/ExaudiNoticias\/\" \/>\n<meta property=\"article:published_time\" content=\"2024-01-13T19:24:40+00:00\" \/>\n<meta property=\"article:modified_time\" content=\"2024-01-13T19:25:01+00:00\" \/>\n<meta property=\"og:image\" content=\"https:\/\/exaudi.org\/wp-content\/uploads\/2024\/01\/cq5dam.thumbnail.cropped.750.422-3-2.jpeg\" \/>\n\t<meta property=\"og:image:width\" content=\"750\" \/>\n\t<meta property=\"og:image:height\" content=\"422\" \/>\n\t<meta property=\"og:image:type\" content=\"image\/jpeg\" \/>\n<meta name=\"author\" content=\"Exaudi Redacci\u00f3n\" \/>\n<meta name=\"twitter:card\" content=\"summary_large_image\" \/>\n<meta name=\"twitter:creator\" content=\"@Exaudi_noticias\" \/>\n<meta name=\"twitter:site\" content=\"@Exaudi_News\" \/>\n<meta name=\"twitter:label1\" content=\"Escrito por\" \/>\n\t<meta name=\"twitter:data1\" content=\"Exaudi Redacci\u00f3n\" \/>\n\t<meta name=\"twitter:label2\" content=\"Tiempo de lectura\" \/>\n\t<meta name=\"twitter:data2\" content=\"2 minutos\" \/>\n<script type=\"application\/ld+json\" class=\"yoast-schema-graph\">{\"@context\":\"https:\\\/\\\/schema.org\",\"@graph\":[{\"@type\":\"Article\",\"@id\":\"https:\\\/\\\/exaudi.org\\\/es\\\/el-papa-a-los-sacerdotes-estamos-en-tierra-de-mision\\\/#article\",\"isPartOf\":{\"@id\":\"https:\\\/\\\/exaudi.org\\\/es\\\/el-papa-a-los-sacerdotes-estamos-en-tierra-de-mision\\\/\"},\"author\":{\"name\":\"Exaudi Redacci\u00f3n\",\"@id\":\"https:\\\/\\\/exaudi.org\\\/#\\\/schema\\\/person\\\/f5fc8f063065e38742da7afe15f25df7\"},\"headline\":\"El Papa a los sacerdotes: Estamos en tierra de misi\u00f3n\",\"datePublished\":\"2024-01-13T19:24:40+00:00\",\"dateModified\":\"2024-01-13T19:25:01+00:00\",\"mainEntityOfPage\":{\"@id\":\"https:\\\/\\\/exaudi.org\\\/es\\\/el-papa-a-los-sacerdotes-estamos-en-tierra-de-mision\\\/\"},\"wordCount\":408,\"image\":{\"@id\":\"https:\\\/\\\/exaudi.org\\\/es\\\/el-papa-a-los-sacerdotes-estamos-en-tierra-de-mision\\\/#primaryimage\"},\"thumbnailUrl\":\"https:\\\/\\\/exaudi.org\\\/wp-content\\\/uploads\\\/2024\\\/01\\\/cq5dam.thumbnail.cropped.750.422-3-2.jpeg\",\"keywords\":[\"Di\u00e1cono\",\"Di\u00f3cesis\",\"Encuentro\",\"Italia\",\"papa francisco\",\"Religiosos\",\"Roma\",\"Sacerdotes\",\"Trending\"],\"articleSection\":[\"Featured News\"],\"inLanguage\":\"es\"},{\"@type\":\"WebPage\",\"@id\":\"https:\\\/\\\/exaudi.org\\\/es\\\/el-papa-a-los-sacerdotes-estamos-en-tierra-de-mision\\\/\",\"url\":\"https:\\\/\\\/exaudi.org\\\/es\\\/el-papa-a-los-sacerdotes-estamos-en-tierra-de-mision\\\/\",\"name\":\"El Papa a los sacerdotes: Estamos en tierra de misi\u00f3n &#8211; Exaudi\",\"isPartOf\":{\"@id\":\"https:\\\/\\\/exaudi.org\\\/#website\"},\"primaryImageOfPage\":{\"@id\":\"https:\\\/\\\/exaudi.org\\\/es\\\/el-papa-a-los-sacerdotes-estamos-en-tierra-de-mision\\\/#primaryimage\"},\"image\":{\"@id\":\"https:\\\/\\\/exaudi.org\\\/es\\\/el-papa-a-los-sacerdotes-estamos-en-tierra-de-mision\\\/#primaryimage\"},\"thumbnailUrl\":\"https:\\\/\\\/exaudi.org\\\/wp-content\\\/uploads\\\/2024\\\/01\\\/cq5dam.thumbnail.cropped.750.422-3-2.jpeg\",\"datePublished\":\"2024-01-13T19:24:40+00:00\",\"dateModified\":\"2024-01-13T19:25:01+00:00\",\"author\":{\"@id\":\"https:\\\/\\\/exaudi.org\\\/#\\\/schema\\\/person\\\/f5fc8f063065e38742da7afe15f25df7\"},\"breadcrumb\":{\"@id\":\"https:\\\/\\\/exaudi.org\\\/es\\\/el-papa-a-los-sacerdotes-estamos-en-tierra-de-mision\\\/#breadcrumb\"},\"inLanguage\":\"es\",\"potentialAction\":[{\"@type\":\"ReadAction\",\"target\":[\"https:\\\/\\\/exaudi.org\\\/es\\\/el-papa-a-los-sacerdotes-estamos-en-tierra-de-mision\\\/\"]}]},{\"@type\":\"ImageObject\",\"inLanguage\":\"es\",\"@id\":\"https:\\\/\\\/exaudi.org\\\/es\\\/el-papa-a-los-sacerdotes-estamos-en-tierra-de-mision\\\/#primaryimage\",\"url\":\"https:\\\/\\\/exaudi.org\\\/wp-content\\\/uploads\\\/2024\\\/01\\\/cq5dam.thumbnail.cropped.750.422-3-2.jpeg\",\"contentUrl\":\"https:\\\/\\\/exaudi.org\\\/wp-content\\\/uploads\\\/2024\\\/01\\\/cq5dam.thumbnail.cropped.750.422-3-2.jpeg\",\"width\":750,\"height\":422},{\"@type\":\"BreadcrumbList\",\"@id\":\"https:\\\/\\\/exaudi.org\\\/es\\\/el-papa-a-los-sacerdotes-estamos-en-tierra-de-mision\\\/#breadcrumb\",\"itemListElement\":[{\"@type\":\"ListItem\",\"position\":1,\"name\":\"Portada\",\"item\":\"https:\\\/\\\/exaudi.org\\\/es\\\/\"},{\"@type\":\"ListItem\",\"position\":2,\"name\":\"El Papa a los sacerdotes: Estamos en tierra de misi\u00f3n\"}]},{\"@type\":\"WebSite\",\"@id\":\"https:\\\/\\\/exaudi.org\\\/#website\",\"url\":\"https:\\\/\\\/exaudi.org\\\/\",\"name\":\"Exaudi\",\"description\":\"News\",\"potentialAction\":[{\"@type\":\"SearchAction\",\"target\":{\"@type\":\"EntryPoint\",\"urlTemplate\":\"https:\\\/\\\/exaudi.org\\\/?s={search_term_string}\"},\"query-input\":{\"@type\":\"PropertyValueSpecification\",\"valueRequired\":true,\"valueName\":\"search_term_string\"}}],\"inLanguage\":\"es\"},{\"@type\":\"Person\",\"@id\":\"https:\\\/\\\/exaudi.org\\\/#\\\/schema\\\/person\\\/f5fc8f063065e38742da7afe15f25df7\",\"name\":\"Exaudi Redacci\u00f3n\",\"image\":{\"@type\":\"ImageObject\",\"inLanguage\":\"es\",\"@id\":\"https:\\\/\\\/secure.gravatar.com\\\/avatar\\\/fe0f6a059fb68d9b3e11bc5850dd4899b1c7492091a3cb6dd9b01b56ad828be2?s=96&d=mm&r=g\",\"url\":\"https:\\\/\\\/secure.gravatar.com\\\/avatar\\\/fe0f6a059fb68d9b3e11bc5850dd4899b1c7492091a3cb6dd9b01b56ad828be2?s=96&d=mm&r=g\",\"contentUrl\":\"https:\\\/\\\/secure.gravatar.com\\\/avatar\\\/fe0f6a059fb68d9b3e11bc5850dd4899b1c7492091a3cb6dd9b01b56ad828be2?s=96&d=mm&r=g\",\"caption\":\"Exaudi Redacci\u00f3n\"},\"description\":\"\u00bfQu\u00e9 es Exaudi News? Exaudi News es un medio de comunicaci\u00f3n cat\u00f3lico internacional que informa, forma y transforma, diariamente en espa\u00f1ol, ingl\u00e9s e italiano. A trav\u00e9s de noticias, art\u00edculos de an\u00e1lisis y transmisiones en directo de los eventos del Papa, Exaudi busca fortalecer la unidad de los cristianos y contribuir a la evangelizaci\u00f3n del mundo, siempre guiados por la doctrina social de la Iglesia. Trabajamos para acercar la verdad y los valores cristianos a cada rinc\u00f3n del planeta. \u00a1Ay\u00fadanos a transformar el mundo con Exaudi! En Exaudi creemos que la evangelizaci\u00f3n y la informaci\u00f3n de calidad pueden cambiar vidas. Para continuar con nuestra misi\u00f3n y expandir nuestro alcance, necesitamos tu ayuda. Adem\u00e1s, buscamos personas comprometidas que deseen unirse a nuestro equipo. Con tu apoyo, lograremos llegar a m\u00e1s personas, difundir el mensaje de Cristo y reforzar la unidad de los cristianos. \u00bfTe unes a nuestra misi\u00f3n? Para m\u00e1s informaci\u00f3n sobre c\u00f3mo colaborar, visita Exaudi.org\\\/es o cont\u00e1ctanos directamente: info@exaudi.org Exaudi: Informa, forma y transforma.\",\"sameAs\":[\"https:\\\/\\\/www.facebook.com\\\/ExaudiNoticias\\\/\",\"https:\\\/\\\/www.instagram.com\\\/exaudi_noticias\\\/\",\"https:\\\/\\\/x.com\\\/Exaudi_noticias\",\"https:\\\/\\\/www.youtube.com\\\/@exaudicatholicnews\"],\"url\":\"https:\\\/\\\/exaudi.org\\\/es\\\/author\\\/redaccionexaudi\\\/\"}]}<\/script>\n<!-- \/ Yoast SEO plugin. -->","yoast_head_json":{"title":"El Papa a los sacerdotes: Estamos en tierra de misi\u00f3n &#8211; Exaudi","robots":{"index":"index","follow":"follow","max-snippet":"max-snippet:-1","max-image-preview":"max-image-preview:large","max-video-preview":"max-video-preview:-1"},"canonical":"https:\/\/exaudi.org\/es\/el-papa-a-los-sacerdotes-estamos-en-tierra-de-mision\/","og_locale":"es_ES","og_type":"article","og_title":"El Papa a los sacerdotes: Estamos en tierra de misi\u00f3n &#8211; Exaudi","og_description":"El Papa Francisco se ha reunido esta ma\u00f1ana con el clero romano en la bas\u00edlica de San Juan de Letr\u00e1n. M\u00e1s de 800 sacerdotes, diocesanos y religiosos, y di\u00e1conos permanentes en servicio pastoral en la di\u00f3cesis de Roma acogieron la invitaci\u00f3n para asistir al encuentro en la catedral, que se desarroll\u00f3 en un di\u00e1logo abierto y familiar, en un clima de cordialidad","og_url":"https:\/\/exaudi.org\/es\/el-papa-a-los-sacerdotes-estamos-en-tierra-de-mision\/","og_site_name":"Exaudi","article_publisher":"https:\/\/www.facebook.com\/ExaudiNews","article_author":"https:\/\/www.facebook.com\/ExaudiNoticias\/","article_published_time":"2024-01-13T19:24:40+00:00","article_modified_time":"2024-01-13T19:25:01+00:00","og_image":[{"width":750,"height":422,"url":"https:\/\/exaudi.org\/wp-content\/uploads\/2024\/01\/cq5dam.thumbnail.cropped.750.422-3-2.jpeg","type":"image\/jpeg"}],"author":"Exaudi Redacci\u00f3n","twitter_card":"summary_large_image","twitter_creator":"@Exaudi_noticias","twitter_site":"@Exaudi_News","twitter_misc":{"Escrito por":"Exaudi Redacci\u00f3n","Tiempo de lectura":"2 minutos"},"schema":{"@context":"https:\/\/schema.org","@graph":[{"@type":"Article","@id":"https:\/\/exaudi.org\/es\/el-papa-a-los-sacerdotes-estamos-en-tierra-de-mision\/#article","isPartOf":{"@id":"https:\/\/exaudi.org\/es\/el-papa-a-los-sacerdotes-estamos-en-tierra-de-mision\/"},"author":{"name":"Exaudi Redacci\u00f3n","@id":"https:\/\/exaudi.org\/#\/schema\/person\/f5fc8f063065e38742da7afe15f25df7"},"headline":"El Papa a los sacerdotes: Estamos en tierra de misi\u00f3n","datePublished":"2024-01-13T19:24:40+00:00","dateModified":"2024-01-13T19:25:01+00:00","mainEntityOfPage":{"@id":"https:\/\/exaudi.org\/es\/el-papa-a-los-sacerdotes-estamos-en-tierra-de-mision\/"},"wordCount":408,"image":{"@id":"https:\/\/exaudi.org\/es\/el-papa-a-los-sacerdotes-estamos-en-tierra-de-mision\/#primaryimage"},"thumbnailUrl":"https:\/\/exaudi.org\/wp-content\/uploads\/2024\/01\/cq5dam.thumbnail.cropped.750.422-3-2.jpeg","keywords":["Di\u00e1cono","Di\u00f3cesis","Encuentro","Italia","papa francisco","Religiosos","Roma","Sacerdotes","Trending"],"articleSection":["Featured News"],"inLanguage":"es"},{"@type":"WebPage","@id":"https:\/\/exaudi.org\/es\/el-papa-a-los-sacerdotes-estamos-en-tierra-de-mision\/","url":"https:\/\/exaudi.org\/es\/el-papa-a-los-sacerdotes-estamos-en-tierra-de-mision\/","name":"El Papa a los sacerdotes: Estamos en tierra de misi\u00f3n &#8211; Exaudi","isPartOf":{"@id":"https:\/\/exaudi.org\/#website"},"primaryImageOfPage":{"@id":"https:\/\/exaudi.org\/es\/el-papa-a-los-sacerdotes-estamos-en-tierra-de-mision\/#primaryimage"},"image":{"@id":"https:\/\/exaudi.org\/es\/el-papa-a-los-sacerdotes-estamos-en-tierra-de-mision\/#primaryimage"},"thumbnailUrl":"https:\/\/exaudi.org\/wp-content\/uploads\/2024\/01\/cq5dam.thumbnail.cropped.750.422-3-2.jpeg","datePublished":"2024-01-13T19:24:40+00:00","dateModified":"2024-01-13T19:25:01+00:00","author":{"@id":"https:\/\/exaudi.org\/#\/schema\/person\/f5fc8f063065e38742da7afe15f25df7"},"breadcrumb":{"@id":"https:\/\/exaudi.org\/es\/el-papa-a-los-sacerdotes-estamos-en-tierra-de-mision\/#breadcrumb"},"inLanguage":"es","potentialAction":[{"@type":"ReadAction","target":["https:\/\/exaudi.org\/es\/el-papa-a-los-sacerdotes-estamos-en-tierra-de-mision\/"]}]},{"@type":"ImageObject","inLanguage":"es","@id":"https:\/\/exaudi.org\/es\/el-papa-a-los-sacerdotes-estamos-en-tierra-de-mision\/#primaryimage","url":"https:\/\/exaudi.org\/wp-content\/uploads\/2024\/01\/cq5dam.thumbnail.cropped.750.422-3-2.jpeg","contentUrl":"https:\/\/exaudi.org\/wp-content\/uploads\/2024\/01\/cq5dam.thumbnail.cropped.750.422-3-2.jpeg","width":750,"height":422},{"@type":"BreadcrumbList","@id":"https:\/\/exaudi.org\/es\/el-papa-a-los-sacerdotes-estamos-en-tierra-de-mision\/#breadcrumb","itemListElement":[{"@type":"ListItem","position":1,"name":"Portada","item":"https:\/\/exaudi.org\/es\/"},{"@type":"ListItem","position":2,"name":"El Papa a los sacerdotes: Estamos en tierra de misi\u00f3n"}]},{"@type":"WebSite","@id":"https:\/\/exaudi.org\/#website","url":"https:\/\/exaudi.org\/","name":"Exaudi","description":"News","potentialAction":[{"@type":"SearchAction","target":{"@type":"EntryPoint","urlTemplate":"https:\/\/exaudi.org\/?s={search_term_string}"},"query-input":{"@type":"PropertyValueSpecification","valueRequired":true,"valueName":"search_term_string"}}],"inLanguage":"es"},{"@type":"Person","@id":"https:\/\/exaudi.org\/#\/schema\/person\/f5fc8f063065e38742da7afe15f25df7","name":"Exaudi Redacci\u00f3n","image":{"@type":"ImageObject","inLanguage":"es","@id":"https:\/\/secure.gravatar.com\/avatar\/fe0f6a059fb68d9b3e11bc5850dd4899b1c7492091a3cb6dd9b01b56ad828be2?s=96&d=mm&r=g","url":"https:\/\/secure.gravatar.com\/avatar\/fe0f6a059fb68d9b3e11bc5850dd4899b1c7492091a3cb6dd9b01b56ad828be2?s=96&d=mm&r=g","contentUrl":"https:\/\/secure.gravatar.com\/avatar\/fe0f6a059fb68d9b3e11bc5850dd4899b1c7492091a3cb6dd9b01b56ad828be2?s=96&d=mm&r=g","caption":"Exaudi Redacci\u00f3n"},"description":"\u00bfQu\u00e9 es Exaudi News? Exaudi News es un medio de comunicaci\u00f3n cat\u00f3lico internacional que informa, forma y transforma, diariamente en espa\u00f1ol, ingl\u00e9s e italiano. A trav\u00e9s de noticias, art\u00edculos de an\u00e1lisis y transmisiones en directo de los eventos del Papa, Exaudi busca fortalecer la unidad de los cristianos y contribuir a la evangelizaci\u00f3n del mundo, siempre guiados por la doctrina social de la Iglesia. Trabajamos para acercar la verdad y los valores cristianos a cada rinc\u00f3n del planeta. \u00a1Ay\u00fadanos a transformar el mundo con Exaudi! En Exaudi creemos que la evangelizaci\u00f3n y la informaci\u00f3n de calidad pueden cambiar vidas. Para continuar con nuestra misi\u00f3n y expandir nuestro alcance, necesitamos tu ayuda. Adem\u00e1s, buscamos personas comprometidas que deseen unirse a nuestro equipo. Con tu apoyo, lograremos llegar a m\u00e1s personas, difundir el mensaje de Cristo y reforzar la unidad de los cristianos. \u00bfTe unes a nuestra misi\u00f3n? Para m\u00e1s informaci\u00f3n sobre c\u00f3mo colaborar, visita Exaudi.org\/es o cont\u00e1ctanos directamente: info@exaudi.org Exaudi: Informa, forma y transforma.","sameAs":["https:\/\/www.facebook.com\/ExaudiNoticias\/","https:\/\/www.instagram.com\/exaudi_noticias\/","https:\/\/x.com\/Exaudi_noticias","https:\/\/www.youtube.com\/@exaudicatholicnews"],"url":"https:\/\/exaudi.org\/es\/author\/redaccionexaudi\/"}]}},"jetpack_featured_media_url":"https:\/\/exaudi.org\/wp-content\/uploads\/2024\/01\/cq5dam.thumbnail.cropped.750.422-3-2.jpeg","jetpack_shortlink":"https:\/\/wp.me\/pgKjF2-nXh","_links":{"self":[{"href":"https:\/\/exaudi.org\/es\/wp-json\/wp\/v2\/posts\/92087","targetHints":{"allow":["GET"]}}],"collection":[{"href":"https:\/\/exaudi.org\/es\/wp-json\/wp\/v2\/posts"}],"about":[{"href":"https:\/\/exaudi.org\/es\/wp-json\/wp\/v2\/types\/post"}],"author":[{"embeddable":true,"href":"https:\/\/exaudi.org\/es\/wp-json\/wp\/v2\/users\/15"}],"replies":[{"embeddable":true,"href":"https:\/\/exaudi.org\/es\/wp-json\/wp\/v2\/comments?post=92087"}],"version-history":[{"count":0,"href":"https:\/\/exaudi.org\/es\/wp-json\/wp\/v2\/posts\/92087\/revisions"}],"wp:featuredmedia":[{"embeddable":true,"href":"https:\/\/exaudi.org\/es\/wp-json\/wp\/v2\/media\/92088"}],"wp:attachment":[{"href":"https:\/\/exaudi.org\/es\/wp-json\/wp\/v2\/media?parent=92087"}],"wp:term":[{"taxonomy":"category","embeddable":true,"href":"https:\/\/exaudi.org\/es\/wp-json\/wp\/v2\/categories?post=92087"},{"taxonomy":"post_tag","embeddable":true,"href":"https:\/\/exaudi.org\/es\/wp-json\/wp\/v2\/tags?post=92087"}],"curies":[{"name":"wp","href":"https:\/\/api.w.org\/{rel}","templated":true}]}}