{"id":92026,"date":"2024-01-14T09:00:05","date_gmt":"2024-01-14T08:00:05","guid":{"rendered":"https:\/\/exaudi.org\/?p=92026"},"modified":"2024-01-13T08:41:44","modified_gmt":"2024-01-13T07:41:44","slug":"vieron-donde-vivia-y-se-quedaron-con-el-comentario-p-jorge-miro","status":"publish","type":"post","link":"https:\/\/exaudi.org\/es\/vieron-donde-vivia-y-se-quedaron-con-el-comentario-p-jorge-miro\/","title":{"rendered":"Vieron d\u00f3nde viv\u00eda y se quedaron con \u00e9l: Comentario P. Jorge Mir\u00f3"},"content":{"rendered":"<p>El P. Jorge Mir\u00f3 comparte con los lectores de Exaudi su comentario sobre el\u00a0<a href=\"https:\/\/www.dominicos.org\/predicacion\/homilia\/14-1-2024\/lecturas\/\" target=\"_blank\" rel=\"noopener\">Evangelio de hoy, domingo 14 de enero de 2024<\/a>, titulado \u201cVieron d\u00f3nde viv\u00eda y se quedaron con \u00e9l\u201d<\/p>\n<p>***<\/p>\n<p>El pasado domingo comenz\u00f3 el tiempo ordinario del A\u00f1o lit\u00fargico. La belleza de este tiempo est\u00e1 en el hecho de que te invita a vivir la vida ordinaria como un camino de santidad, de <em>fe<\/em> y de <em>amistad<\/em> con Jes\u00fas.<\/p>\n<p>En estos primeros domingos, antes de la Cuaresma, vamos a ir descubriendo que ser cristiano no es un moralismo, sino <em>seguir a Jes\u00fas <\/em>y, por tanto, vamos a ir viendo las actitudes fundamentales del disc\u00edpulo, como preparaci\u00f3n para poder escuchar y acoger toda la predicaci\u00f3n de Jes\u00fas.<\/p>\n<p>La Palabra de Dios que proclamamos hoy nos plantea la fe como una <em>llamada<\/em> de Dios que nos ama, y como la <em>respuesta<\/em> del hombre que se abre a Dios, se deja amar por \u00c9l y es transformado por su amor. Toda la vida del hombre es <em>vocaci\u00f3n<\/em>, una <em>llamada<\/em> de Dios y una <em>respuesta<\/em> del hombre: llamada a la vida, llamada a la santidad, llamada a una vocaci\u00f3n-misi\u00f3n concreta, llamada cada d\u00eda a hacer su voluntad. Tal vez por eso, la Iglesia nos invita a comenzar cada d\u00eda la Liturgia de las Horas con el Salmo <em>invitatorio: Ojal\u00e1 escuch\u00e9is hoy la voz del Se\u00f1or, no endurezc\u00e1is vuestro coraz\u00f3n <\/em>(<em>Sal<\/em> 94)<em>.<\/em><\/p>\n<p>Sin embargo, muchas veces vivimos rodeados de inquietudes, de miedos y de ruidos que nos impiden poder escuchar la voz de Dios. Porque Dios sigue llamando, sigue invitando a la fe&#8230;, lo que ocurre es que a veces <em>nos hacemos los sordos.<\/em><\/p>\n<p>Porque vivimos en el mundo de los ruidos. El silencio nos molesta, nos desconcierta, y la Palabra de Dios nos anuncia hoy que a Dios se le escucha en el silencio de un coraz\u00f3n humilde vac\u00edo de ansiedades, autosuficiencias y ego\u00edsmos. Samuel oy\u00f3 la voz del Se\u00f1or en el silencio de la noche: por eso pudo escuchar al Se\u00f1or.<\/p>\n<p>Porque la llamada del Se\u00f1or es suave, y nuestra actitud ha de ser la de estar atentos, la de estar a la escucha, porque \u00c9l es el Se\u00f1or, nosotros los disc\u00edpulos, \u00c9l es el Cordero de Dios que quita el pecado del mundo, el Redentor que nos libera de la esclavitud del pecado.<\/p>\n<p>Los primeros disc\u00edpulos escucharon las palabras de Juan el Bautista que se\u00f1alaba a Jes\u00fas y fueron en pos de \u00c9l. Su respuesta fue el inicio de una <em>nueva vida<\/em>. Tan <em>nueva<\/em>, que \u2013como un signo\u2013 cambia hasta el nombre: <em>Tu eres Sim\u00f3n\u2026 te llamar\u00e1s Cefas, <\/em>Dios contin\u00faa hablando tambi\u00e9n hoy, y su Palabra compromete nuestra forma de vivir.<\/p>\n<p>La respuesta nuestra a la llamada de Dios supone romper con el estilo de vida del mundo para aceptar a Cristo como la luz que ilumine tu vida, tus actitudes, tus obras; y, con esa luz de Cristo en tu coraz\u00f3n, dejar que el Esp\u00edritu Santo construya tu vida como \u00c9l quiere, ir viviendo tu vocaci\u00f3n a la santidad.<\/p>\n<p>El Se\u00f1or te invita a seguirle, a ser <em>santo<\/em>, \u00bfte atreves?<\/p>\n<p>\u00a1Ven, Esp\u00edritu Santo!<\/p>\n","protected":false},"excerpt":{"rendered":"<p>Domingo,14 de enero de 2024<\/p>\n","protected":false},"author":20,"featured_media":92027,"comment_status":"closed","ping_status":"closed","sticky":false,"template":"","format":"standard","meta":{"_acf_changed":false,"_crdt_document":"","inline_featured_image":false,"footnotes":""},"categories":[96,74],"tags":[1087,1372,6281,4953],"class_list":["post-92026","post","type-post","status-publish","format-standard","has-post-thumbnail","hentry","category-espiritualidad","category-iglesia-y-mundo","tag-comentario","tag-evangelio","tag-jorge-miro","tag-trending-es"],"acf":[],"yoast_head":"<!-- This site is optimized with the Yoast SEO plugin v27.4 - https:\/\/yoast.com\/product\/yoast-seo-wordpress\/ -->\n<title>Vieron d\u00f3nde viv\u00eda y se quedaron con \u00e9l: Comentario P. Jorge Mir\u00f3 &#8211; Exaudi<\/title>\n<meta name=\"robots\" content=\"index, follow, max-snippet:-1, max-image-preview:large, max-video-preview:-1\" \/>\n<link rel=\"canonical\" href=\"https:\/\/exaudi.org\/es\/vieron-donde-vivia-y-se-quedaron-con-el-comentario-p-jorge-miro\/\" \/>\n<meta property=\"og:locale\" content=\"es_ES\" \/>\n<meta property=\"og:type\" content=\"article\" \/>\n<meta property=\"og:title\" content=\"Vieron d\u00f3nde viv\u00eda y se quedaron con \u00e9l: Comentario P. Jorge Mir\u00f3 &#8211; Exaudi\" \/>\n<meta property=\"og:description\" content=\"Domingo,14 de enero de 2024\" \/>\n<meta property=\"og:url\" content=\"https:\/\/exaudi.org\/es\/vieron-donde-vivia-y-se-quedaron-con-el-comentario-p-jorge-miro\/\" \/>\n<meta property=\"og:site_name\" content=\"Exaudi\" \/>\n<meta property=\"article:publisher\" content=\"https:\/\/www.facebook.com\/ExaudiNews\" \/>\n<meta property=\"article:published_time\" content=\"2024-01-14T08:00:05+00:00\" \/>\n<meta property=\"og:image\" content=\"https:\/\/exaudi.org\/wp-content\/uploads\/2024\/01\/cathopic_1508449034323333-scaled.jpg\" \/>\n\t<meta property=\"og:image:width\" content=\"2560\" \/>\n\t<meta property=\"og:image:height\" content=\"1714\" \/>\n\t<meta property=\"og:image:type\" content=\"image\/jpeg\" \/>\n<meta name=\"author\" content=\"Jorge Mir\u00f3\" \/>\n<meta name=\"twitter:card\" content=\"summary_large_image\" \/>\n<meta name=\"twitter:creator\" content=\"@Exaudi_News\" \/>\n<meta name=\"twitter:site\" content=\"@Exaudi_News\" \/>\n<meta name=\"twitter:label1\" content=\"Escrito por\" \/>\n\t<meta name=\"twitter:data1\" content=\"Jorge Mir\u00f3\" \/>\n\t<meta name=\"twitter:label2\" content=\"Tiempo de lectura\" \/>\n\t<meta name=\"twitter:data2\" content=\"3 minutos\" \/>\n<script type=\"application\/ld+json\" class=\"yoast-schema-graph\">{\"@context\":\"https:\\\/\\\/schema.org\",\"@graph\":[{\"@type\":\"Article\",\"@id\":\"https:\\\/\\\/exaudi.org\\\/es\\\/vieron-donde-vivia-y-se-quedaron-con-el-comentario-p-jorge-miro\\\/#article\",\"isPartOf\":{\"@id\":\"https:\\\/\\\/exaudi.org\\\/es\\\/vieron-donde-vivia-y-se-quedaron-con-el-comentario-p-jorge-miro\\\/\"},\"author\":{\"name\":\"Jorge Mir\u00f3\",\"@id\":\"https:\\\/\\\/exaudi.org\\\/#\\\/schema\\\/person\\\/a258c56b05e63b2b367bdca29e0ed3e3\"},\"headline\":\"Vieron d\u00f3nde viv\u00eda y se quedaron con \u00e9l: Comentario P. Jorge Mir\u00f3\",\"datePublished\":\"2024-01-14T08:00:05+00:00\",\"mainEntityOfPage\":{\"@id\":\"https:\\\/\\\/exaudi.org\\\/es\\\/vieron-donde-vivia-y-se-quedaron-con-el-comentario-p-jorge-miro\\\/\"},\"wordCount\":565,\"image\":{\"@id\":\"https:\\\/\\\/exaudi.org\\\/es\\\/vieron-donde-vivia-y-se-quedaron-con-el-comentario-p-jorge-miro\\\/#primaryimage\"},\"thumbnailUrl\":\"https:\\\/\\\/exaudi.org\\\/wp-content\\\/uploads\\\/2024\\\/01\\\/cathopic_1508449034323333-scaled.jpg\",\"keywords\":[\"Comentario\",\"Evangelio\",\"Jorge Mir\u00f3\",\"Trending\"],\"articleSection\":[\"Espiritualidad\",\"Iglesia y Mundo\"],\"inLanguage\":\"es\"},{\"@type\":\"WebPage\",\"@id\":\"https:\\\/\\\/exaudi.org\\\/es\\\/vieron-donde-vivia-y-se-quedaron-con-el-comentario-p-jorge-miro\\\/\",\"url\":\"https:\\\/\\\/exaudi.org\\\/es\\\/vieron-donde-vivia-y-se-quedaron-con-el-comentario-p-jorge-miro\\\/\",\"name\":\"Vieron d\u00f3nde viv\u00eda y se quedaron con \u00e9l: Comentario P. Jorge Mir\u00f3 &#8211; Exaudi\",\"isPartOf\":{\"@id\":\"https:\\\/\\\/exaudi.org\\\/#website\"},\"primaryImageOfPage\":{\"@id\":\"https:\\\/\\\/exaudi.org\\\/es\\\/vieron-donde-vivia-y-se-quedaron-con-el-comentario-p-jorge-miro\\\/#primaryimage\"},\"image\":{\"@id\":\"https:\\\/\\\/exaudi.org\\\/es\\\/vieron-donde-vivia-y-se-quedaron-con-el-comentario-p-jorge-miro\\\/#primaryimage\"},\"thumbnailUrl\":\"https:\\\/\\\/exaudi.org\\\/wp-content\\\/uploads\\\/2024\\\/01\\\/cathopic_1508449034323333-scaled.jpg\",\"datePublished\":\"2024-01-14T08:00:05+00:00\",\"author\":{\"@id\":\"https:\\\/\\\/exaudi.org\\\/#\\\/schema\\\/person\\\/a258c56b05e63b2b367bdca29e0ed3e3\"},\"breadcrumb\":{\"@id\":\"https:\\\/\\\/exaudi.org\\\/es\\\/vieron-donde-vivia-y-se-quedaron-con-el-comentario-p-jorge-miro\\\/#breadcrumb\"},\"inLanguage\":\"es\",\"potentialAction\":[{\"@type\":\"ReadAction\",\"target\":[\"https:\\\/\\\/exaudi.org\\\/es\\\/vieron-donde-vivia-y-se-quedaron-con-el-comentario-p-jorge-miro\\\/\"]}]},{\"@type\":\"ImageObject\",\"inLanguage\":\"es\",\"@id\":\"https:\\\/\\\/exaudi.org\\\/es\\\/vieron-donde-vivia-y-se-quedaron-con-el-comentario-p-jorge-miro\\\/#primaryimage\",\"url\":\"https:\\\/\\\/exaudi.org\\\/wp-content\\\/uploads\\\/2024\\\/01\\\/cathopic_1508449034323333-scaled.jpg\",\"contentUrl\":\"https:\\\/\\\/exaudi.org\\\/wp-content\\\/uploads\\\/2024\\\/01\\\/cathopic_1508449034323333-scaled.jpg\",\"width\":2560,\"height\":1714,\"caption\":\"Cathopic\"},{\"@type\":\"BreadcrumbList\",\"@id\":\"https:\\\/\\\/exaudi.org\\\/es\\\/vieron-donde-vivia-y-se-quedaron-con-el-comentario-p-jorge-miro\\\/#breadcrumb\",\"itemListElement\":[{\"@type\":\"ListItem\",\"position\":1,\"name\":\"Portada\",\"item\":\"https:\\\/\\\/exaudi.org\\\/es\\\/\"},{\"@type\":\"ListItem\",\"position\":2,\"name\":\"Vieron d\u00f3nde viv\u00eda y se quedaron con \u00e9l: Comentario P. Jorge Mir\u00f3\"}]},{\"@type\":\"WebSite\",\"@id\":\"https:\\\/\\\/exaudi.org\\\/#website\",\"url\":\"https:\\\/\\\/exaudi.org\\\/\",\"name\":\"Exaudi\",\"description\":\"News\",\"potentialAction\":[{\"@type\":\"SearchAction\",\"target\":{\"@type\":\"EntryPoint\",\"urlTemplate\":\"https:\\\/\\\/exaudi.org\\\/?s={search_term_string}\"},\"query-input\":{\"@type\":\"PropertyValueSpecification\",\"valueRequired\":true,\"valueName\":\"search_term_string\"}}],\"inLanguage\":\"es\"},{\"@type\":\"Person\",\"@id\":\"https:\\\/\\\/exaudi.org\\\/#\\\/schema\\\/person\\\/a258c56b05e63b2b367bdca29e0ed3e3\",\"name\":\"Jorge Mir\u00f3\",\"image\":{\"@type\":\"ImageObject\",\"inLanguage\":\"es\",\"@id\":\"https:\\\/\\\/secure.gravatar.com\\\/avatar\\\/f5ea26c436669b01b7b02124bf13596df002525d6f392707d301543be365bd44?s=96&d=mm&r=g\",\"url\":\"https:\\\/\\\/secure.gravatar.com\\\/avatar\\\/f5ea26c436669b01b7b02124bf13596df002525d6f392707d301543be365bd44?s=96&d=mm&r=g\",\"contentUrl\":\"https:\\\/\\\/secure.gravatar.com\\\/avatar\\\/f5ea26c436669b01b7b02124bf13596df002525d6f392707d301543be365bd44?s=96&d=mm&r=g\",\"caption\":\"Jorge Mir\u00f3\"},\"description\":\"Sacerdote de la archidi\u00f3cesis de Valencia y profesor en la Facultad de Ciencias Jur\u00eddicas, Econ\u00f3micas y Sociales de la Universidad Cat\u00f3lica de Valencia\",\"url\":\"https:\\\/\\\/exaudi.org\\\/es\\\/author\\\/jorgemiro\\\/\"}]}<\/script>\n<!-- \/ Yoast SEO plugin. -->","yoast_head_json":{"title":"Vieron d\u00f3nde viv\u00eda y se quedaron con \u00e9l: Comentario P. Jorge Mir\u00f3 &#8211; Exaudi","robots":{"index":"index","follow":"follow","max-snippet":"max-snippet:-1","max-image-preview":"max-image-preview:large","max-video-preview":"max-video-preview:-1"},"canonical":"https:\/\/exaudi.org\/es\/vieron-donde-vivia-y-se-quedaron-con-el-comentario-p-jorge-miro\/","og_locale":"es_ES","og_type":"article","og_title":"Vieron d\u00f3nde viv\u00eda y se quedaron con \u00e9l: Comentario P. Jorge Mir\u00f3 &#8211; Exaudi","og_description":"Domingo,14 de enero de 2024","og_url":"https:\/\/exaudi.org\/es\/vieron-donde-vivia-y-se-quedaron-con-el-comentario-p-jorge-miro\/","og_site_name":"Exaudi","article_publisher":"https:\/\/www.facebook.com\/ExaudiNews","article_published_time":"2024-01-14T08:00:05+00:00","og_image":[{"width":2560,"height":1714,"url":"https:\/\/exaudi.org\/wp-content\/uploads\/2024\/01\/cathopic_1508449034323333-scaled.jpg","type":"image\/jpeg"}],"author":"Jorge Mir\u00f3","twitter_card":"summary_large_image","twitter_creator":"@Exaudi_News","twitter_site":"@Exaudi_News","twitter_misc":{"Escrito por":"Jorge Mir\u00f3","Tiempo de lectura":"3 minutos"},"schema":{"@context":"https:\/\/schema.org","@graph":[{"@type":"Article","@id":"https:\/\/exaudi.org\/es\/vieron-donde-vivia-y-se-quedaron-con-el-comentario-p-jorge-miro\/#article","isPartOf":{"@id":"https:\/\/exaudi.org\/es\/vieron-donde-vivia-y-se-quedaron-con-el-comentario-p-jorge-miro\/"},"author":{"name":"Jorge Mir\u00f3","@id":"https:\/\/exaudi.org\/#\/schema\/person\/a258c56b05e63b2b367bdca29e0ed3e3"},"headline":"Vieron d\u00f3nde viv\u00eda y se quedaron con \u00e9l: Comentario P. Jorge Mir\u00f3","datePublished":"2024-01-14T08:00:05+00:00","mainEntityOfPage":{"@id":"https:\/\/exaudi.org\/es\/vieron-donde-vivia-y-se-quedaron-con-el-comentario-p-jorge-miro\/"},"wordCount":565,"image":{"@id":"https:\/\/exaudi.org\/es\/vieron-donde-vivia-y-se-quedaron-con-el-comentario-p-jorge-miro\/#primaryimage"},"thumbnailUrl":"https:\/\/exaudi.org\/wp-content\/uploads\/2024\/01\/cathopic_1508449034323333-scaled.jpg","keywords":["Comentario","Evangelio","Jorge Mir\u00f3","Trending"],"articleSection":["Espiritualidad","Iglesia y Mundo"],"inLanguage":"es"},{"@type":"WebPage","@id":"https:\/\/exaudi.org\/es\/vieron-donde-vivia-y-se-quedaron-con-el-comentario-p-jorge-miro\/","url":"https:\/\/exaudi.org\/es\/vieron-donde-vivia-y-se-quedaron-con-el-comentario-p-jorge-miro\/","name":"Vieron d\u00f3nde viv\u00eda y se quedaron con \u00e9l: Comentario P. Jorge Mir\u00f3 &#8211; Exaudi","isPartOf":{"@id":"https:\/\/exaudi.org\/#website"},"primaryImageOfPage":{"@id":"https:\/\/exaudi.org\/es\/vieron-donde-vivia-y-se-quedaron-con-el-comentario-p-jorge-miro\/#primaryimage"},"image":{"@id":"https:\/\/exaudi.org\/es\/vieron-donde-vivia-y-se-quedaron-con-el-comentario-p-jorge-miro\/#primaryimage"},"thumbnailUrl":"https:\/\/exaudi.org\/wp-content\/uploads\/2024\/01\/cathopic_1508449034323333-scaled.jpg","datePublished":"2024-01-14T08:00:05+00:00","author":{"@id":"https:\/\/exaudi.org\/#\/schema\/person\/a258c56b05e63b2b367bdca29e0ed3e3"},"breadcrumb":{"@id":"https:\/\/exaudi.org\/es\/vieron-donde-vivia-y-se-quedaron-con-el-comentario-p-jorge-miro\/#breadcrumb"},"inLanguage":"es","potentialAction":[{"@type":"ReadAction","target":["https:\/\/exaudi.org\/es\/vieron-donde-vivia-y-se-quedaron-con-el-comentario-p-jorge-miro\/"]}]},{"@type":"ImageObject","inLanguage":"es","@id":"https:\/\/exaudi.org\/es\/vieron-donde-vivia-y-se-quedaron-con-el-comentario-p-jorge-miro\/#primaryimage","url":"https:\/\/exaudi.org\/wp-content\/uploads\/2024\/01\/cathopic_1508449034323333-scaled.jpg","contentUrl":"https:\/\/exaudi.org\/wp-content\/uploads\/2024\/01\/cathopic_1508449034323333-scaled.jpg","width":2560,"height":1714,"caption":"Cathopic"},{"@type":"BreadcrumbList","@id":"https:\/\/exaudi.org\/es\/vieron-donde-vivia-y-se-quedaron-con-el-comentario-p-jorge-miro\/#breadcrumb","itemListElement":[{"@type":"ListItem","position":1,"name":"Portada","item":"https:\/\/exaudi.org\/es\/"},{"@type":"ListItem","position":2,"name":"Vieron d\u00f3nde viv\u00eda y se quedaron con \u00e9l: Comentario P. Jorge Mir\u00f3"}]},{"@type":"WebSite","@id":"https:\/\/exaudi.org\/#website","url":"https:\/\/exaudi.org\/","name":"Exaudi","description":"News","potentialAction":[{"@type":"SearchAction","target":{"@type":"EntryPoint","urlTemplate":"https:\/\/exaudi.org\/?s={search_term_string}"},"query-input":{"@type":"PropertyValueSpecification","valueRequired":true,"valueName":"search_term_string"}}],"inLanguage":"es"},{"@type":"Person","@id":"https:\/\/exaudi.org\/#\/schema\/person\/a258c56b05e63b2b367bdca29e0ed3e3","name":"Jorge Mir\u00f3","image":{"@type":"ImageObject","inLanguage":"es","@id":"https:\/\/secure.gravatar.com\/avatar\/f5ea26c436669b01b7b02124bf13596df002525d6f392707d301543be365bd44?s=96&d=mm&r=g","url":"https:\/\/secure.gravatar.com\/avatar\/f5ea26c436669b01b7b02124bf13596df002525d6f392707d301543be365bd44?s=96&d=mm&r=g","contentUrl":"https:\/\/secure.gravatar.com\/avatar\/f5ea26c436669b01b7b02124bf13596df002525d6f392707d301543be365bd44?s=96&d=mm&r=g","caption":"Jorge Mir\u00f3"},"description":"Sacerdote de la archidi\u00f3cesis de Valencia y profesor en la Facultad de Ciencias Jur\u00eddicas, Econ\u00f3micas y Sociales de la Universidad Cat\u00f3lica de Valencia","url":"https:\/\/exaudi.org\/es\/author\/jorgemiro\/"}]}},"jetpack_featured_media_url":"https:\/\/exaudi.org\/wp-content\/uploads\/2024\/01\/cathopic_1508449034323333-scaled.jpg","jetpack_shortlink":"https:\/\/wp.me\/pgKjF2-nWi","_links":{"self":[{"href":"https:\/\/exaudi.org\/es\/wp-json\/wp\/v2\/posts\/92026","targetHints":{"allow":["GET"]}}],"collection":[{"href":"https:\/\/exaudi.org\/es\/wp-json\/wp\/v2\/posts"}],"about":[{"href":"https:\/\/exaudi.org\/es\/wp-json\/wp\/v2\/types\/post"}],"author":[{"embeddable":true,"href":"https:\/\/exaudi.org\/es\/wp-json\/wp\/v2\/users\/20"}],"replies":[{"embeddable":true,"href":"https:\/\/exaudi.org\/es\/wp-json\/wp\/v2\/comments?post=92026"}],"version-history":[{"count":0,"href":"https:\/\/exaudi.org\/es\/wp-json\/wp\/v2\/posts\/92026\/revisions"}],"wp:featuredmedia":[{"embeddable":true,"href":"https:\/\/exaudi.org\/es\/wp-json\/wp\/v2\/media\/92027"}],"wp:attachment":[{"href":"https:\/\/exaudi.org\/es\/wp-json\/wp\/v2\/media?parent=92026"}],"wp:term":[{"taxonomy":"category","embeddable":true,"href":"https:\/\/exaudi.org\/es\/wp-json\/wp\/v2\/categories?post=92026"},{"taxonomy":"post_tag","embeddable":true,"href":"https:\/\/exaudi.org\/es\/wp-json\/wp\/v2\/tags?post=92026"}],"curies":[{"name":"wp","href":"https:\/\/api.w.org\/{rel}","templated":true}]}}