{"id":91634,"date":"2024-01-08T09:39:13","date_gmt":"2024-01-08T08:39:13","guid":{"rendered":"https:\/\/exaudi.org\/?p=91634"},"modified":"2024-01-08T13:22:01","modified_gmt":"2024-01-08T12:22:01","slug":"preparemos-la-familia-para-la-navidad-proxima-2","status":"publish","type":"post","link":"https:\/\/exaudi.org\/es\/preparemos-la-familia-para-la-navidad-proxima-2\/","title":{"rendered":"Preparemos la familia para la Navidad pr\u00f3xima"},"content":{"rendered":"<audio class=\"wp-audio-shortcode\" id=\"audio-91634-1\" preload=\"none\" style=\"width: 100%;\" controls=\"controls\"><source type=\"audio\/mpeg\" src=\"https:\/\/exaudi.org\/wp-content\/uploads\/2024\/01\/Preparemos-la-familia-para-la-Navidad-proxima.mp3?_=1\" \/><a href=\"https:\/\/exaudi.org\/wp-content\/uploads\/2024\/01\/Preparemos-la-familia-para-la-Navidad-proxima.mp3\">https:\/\/exaudi.org\/wp-content\/uploads\/2024\/01\/Preparemos-la-familia-para-la-Navidad-proxima.mp3<\/a><\/audio>\n<p>El sacerdote y psicoterapeuta\u00a0<a href=\"https:\/\/exaudi.org\/es\/author\/alfonsogea\/\" rel=\"noopener\">Alfons Gea<\/a>\u00a0ofrece este art\u00edculo en el que reflexiona sobre preparar la familia para la pr\u00f3xima Navidad.<\/p>\n<p>***<\/p>\n<p>No cabe duda de que la familia es un anhelo permanente. Necesitamos querer a alguien y que nos quieran. Siendo la familia el primer lugar de aprendizaje y vivencia del afecto que alimenta la persona.<\/p>\n<p>De todos es sabido que lo m\u00e1s anhelado y preciado de las coses de nuestro alrededor, es la familia. No solo seg\u00fan las encuestas, sino seg\u00fan los terapeutas que encentran en la familia el origen de las dificultades ps\u00edquicas tanto en el desarrollo c\u00f3mo en la edad adulta.<\/p>\n<p>Navidad supone en muchos casos un poner en escena los conflictos tapados durante el a\u00f1o, las desavenencias hist\u00f3ricas, los malos entendidos, etc., de manera que bastantes respiran ante el final del ciclo navide\u00f1o.<\/p>\n<p>Afortunadamente son muchos tambi\u00e9n los que aprovechan cualquier momento para juntarse y compartir la vida, celebrando el nacimiento de Jes\u00fas.<\/p>\n<p>Proponemos doce pasos, doce meses, para trabajar aspectos de la familia de cara a sanear nuestra relaci\u00f3n familiar.<\/p>\n<p>M\u00e1s que un guion de trabajo son temas para interiorizar d\u00e1ndole el tiempo necesario para transformarnos, realizar la metamorfosis hacia unas relaciones satisfactorias.<\/p>\n<p>Proponemos seguir los meses del a\u00f1o, pero como es obvio se pueden cambiar de orden, o elegir solamente aquellos que nos van a ayudar m\u00e1s a ser familia.<\/p>\n<p>Ah\u00ed van:<\/p>\n<p><strong>Enero<\/strong>. Lo primero es pensar la familia como algo sagrado, d\u00f3nde Dios se hace visible. Es sacramento de Dios en el mundo. Dios es relaci\u00f3n. La uni\u00f3n del hombre y mujer, la maternidad y paternidad son aspectos que exceden al individuo. Ser padre, madre, hijo, abuelo, nieto, excede lo individual. Como un ecosistema qua hay que preservar, as\u00ed es la familia para la sociedad. La mano de Dios la hace sagrada y as\u00ed merece ser protegida y admirada.<\/p>\n<p><strong>Febrero<\/strong>. La familia no la elegimos, a diferencia de los amigos que son elecci\u00f3n nuestra. Esto es algo que se repite a menudo. Los amigos, en cambio pueden variar a lo largo de la vida, o tambi\u00e9n puede variar la relaci\u00f3n con ellos, m\u00e1s intensa o vaporosa con el paso del tiempo. La familia no la elegimos, como Jos\u00e9 y Mar\u00eda no eligieron ser los padres de Jes\u00fas. Les fue dado ser familia como un regalo, un don. La sagrada familia de Nazaret es fruto de la respuesta de Jos\u00e9 y Mar\u00eda al don de Dios. Una respuesta humilde, agradecida y de disponibilidad. Un regalo se debe acoger as\u00ed, para disfrutarlo.<\/p>\n<p><strong>Marzo<\/strong>: La familia es uni\u00f3n en la diversidad. Somos diferentes y nos complementamos y enriquecemos mutuamente. El problema est\u00e1 en hacer de la diversidad una rivalidad. Las diferencias en clave de rivalidad son destructivas. \u00a0En el fondo el celoso es masoquista, busca el dolor de ser inferior reivindicando a los dem\u00e1s la importancia que \u00e9l en el fondo no se da a s\u00ed mismo.<\/p>\n<p><strong>Abril<\/strong>. La uni\u00f3n se forja con el reconocimiento rec\u00edproco Ser alguien para alguien. La primera identidad que recibimos es en la familia. Somos receptores de lo que los otros nos dicen, nos hacen llegar con sus palabras y silencios y a la vez nosotros somos portadores de significado para los dem\u00e1s. Damos identidad. Ineludiblemente estamos unidos a nuestra familia. Elisabeth reconoce en Mar\u00eda la madre de su Se\u00f1or. Mar\u00eda por su parte reconoce en Elisabeth la prima que necesita ayuda. Hay un intercambio de reconocimientos, de identidades.<\/p>\n<p><strong>Mayo<\/strong>. La fe en las posibilidades del otro. Elisabeth felicita a Mar\u00eda por creer. Feliz t\u00fa, que has cre\u00eddo. Y la misma Madre de Jes\u00fas adelanta la hora, cuando le manifiesta a su hijo, la falta de vino en la boda de Can\u00e1. Ella cree y espera de Jes\u00fas el milagro. Ser\u00e1 el primero y nace de la confianza de su madre. La familia es la responsable de forjarnos en la autoestima, en la confianza en nosotros mismos. Creemos en lo posible porque alguien cree en nosotros, d\u00e1ndonos responsabilidades desde ni\u00f1os y fomentando posibilidades de crecimiento.<\/p>\n<p><strong>Junio<\/strong>. Las incomprensiones, las salidas de tono, los conflictos son inevitables. Jes\u00fas se pierde en el templo, era necesario que se encargara de las cosas de su padre. Era su vocaci\u00f3n. Jos\u00e9 y Mar\u00eda no lo entienden. Hay procesos de cambio que duran a\u00f1os. Hay posturas que evolucionan hacia lo contrario de lo que se manifestaba. Romper por no saber esperar es malograr muchas cosas. Mar\u00eda guardaba todas esas cosas en su coraz\u00f3n. El silencio, la oraci\u00f3n y la espera se hacen necesarios para obtener lo que se espera.<\/p>\n<p><strong>Julio<\/strong>. La jerarqu\u00eda es necesaria. Jerarqu\u00eda no es poder sino, servicio de responsabilidad. Alguien tiene que tomar decisiones y responsabilizarse. Jos\u00e9 toma el ni\u00f1o y su madre y huyen a Egipto. Cundo nadie decide se establece la ley del m\u00e1s fuerte. Los tiranos, ni\u00f1os incluidos, si me permiten la broma, nacen de la falta de poder. Se pueden convertir ellos en poder jer\u00e1rquico sin tener la capacidad ni los conocimientos. El dialogo no elimina la responsabilidad de decidir.<\/p>\n<p><strong>Agosto<\/strong>. La obediencia, diferente de la sumisi\u00f3n. Implica trabajar por un proyecto com\u00fan. Poner todas nuestras fuerzas en nuestro proyecto familiar. Lo contrario es la disgregaci\u00f3n de fuerzas y el rompimiento del proyecto en com\u00fan. Jes\u00fas volvi\u00f3 con sus padres y crec\u00eda en obediencia y sabidur\u00eda.<\/p>\n<p><strong>Septiembre<\/strong>. Casi una obligaci\u00f3n es disfrutar juntos, salidas, comidas, estar en casa, etc. En primer lugar, si no gozamos de la vida, aunque sea sacrificada, estamos restando fuerzas para la lucha. Uno padres tan sacrificados y sufrientes transmiten sin querer el mensaje de que la vida es una amargura, y que por tanto da igual trabajar o estudiar. En segundo lugar, cuando re\u00edmos juntos, facilitamos la expresi\u00f3n m\u00e1s natural de lo que somos y nos conocemos mejor y se fortalecen los lazos de uni\u00f3n. Es m\u00e1s f\u00e1cil despu\u00e9s hablar de temas inc\u00f3modos.<\/p>\n<p><strong>Octubre<\/strong>. La familia no es un cercado donde nos recreamos en la autocomplacencia. El deseo de perfecci\u00f3n no puede excluir lo que hay fuera. Formamos parte de la sociedad. Es un bien para la humanidad. Lo que somos repercute en los dem\u00e1s y a la vez formamos parte de otros proyectos m\u00e1s globales como la iglesia o la naci\u00f3n. El aire nuevo vitaliza la estancia. Los pastores fueron a ver el mes\u00edas y lo encontraron, con Mar\u00eda y Jos\u00e9.<\/p>\n<p><strong>Noviembre<\/strong>. El protagonista principal es Dios padre creador. \u00c9l se hace presente en el amor de los esposos bendiciendo su uni\u00f3n. Se manifiesta en el misterio de la vida del hijo que nace. La enfermedad, las dificultades, las alegr\u00edas son diferentes, bajo el prisma de la fe. Dios acompa\u00f1a, sobre todo si le dejamos.<\/p>\n<p><strong>Diciembre<\/strong>. La fuerza, el motor y la renovaci\u00f3n de la familia est\u00e1 en la oraci\u00f3n. Jes\u00fas oraba, recitaba los salmos. Hab\u00eda aprendido en una familia jud\u00eda. Mar\u00eda y Jos\u00e9 hace de su vida un culto al Padre. Jos\u00e9 escucha y obedece al \u00e1ngel en sue\u00f1os. Los tres van descubriendo la voluntad de Dios. Sin la relaci\u00f3n \u00edntima y total con Dios no se entiende la sagrada familia.<\/p>\n<p>Familia sagrada, Mar\u00eda Jes\u00fas, Mar\u00eda y Jos\u00e9, rogad por nosotros.<\/p>\n<p><a href=\"https:\/\/open.spotify.com\/episode\/7lWxgkHFZZhGj35HD0hzSs?si=4d1335d7a17d4b95\" target=\"_blank\" rel=\"noopener\"><strong>Spotify<\/strong><\/a><\/p>\n","protected":false},"excerpt":{"rendered":"<p>Familia sagrada, Mar\u00eda Jes\u00fas, Mar\u00eda y Jos\u00e9, rogad por nosotros<\/p>\n","protected":false},"author":77,"featured_media":91635,"comment_status":"closed","ping_status":"closed","sticky":false,"template":"","format":"standard","meta":{"_acf_changed":false,"_crdt_document":"","inline_featured_image":false,"footnotes":""},"categories":[],"tags":[617,2419,4700,4700,8113],"class_list":{"0":"post-91634","1":"post","2":"type-post","3":"status-publish","4":"format-standard","5":"has-post-thumbnail","6":"hentry","7":"tag-familia","8":"tag-featured","9":"tag-navidad","11":"tag-propositos"},"acf":[],"yoast_head":"<!-- This site is optimized with the Yoast SEO plugin v27.5 - https:\/\/yoast.com\/product\/yoast-seo-wordpress\/ -->\n<title>Preparemos la familia para la Navidad pr\u00f3xima &#8211; Exaudi<\/title>\n<meta name=\"robots\" content=\"index, follow, max-snippet:-1, max-image-preview:large, max-video-preview:-1\" \/>\n<link rel=\"canonical\" href=\"https:\/\/exaudi.org\/es\/preparemos-la-familia-para-la-navidad-proxima-2\/\" \/>\n<meta property=\"og:locale\" content=\"es_ES\" \/>\n<meta property=\"og:type\" content=\"article\" \/>\n<meta property=\"og:title\" content=\"Preparemos la familia para la Navidad pr\u00f3xima &#8211; Exaudi\" \/>\n<meta property=\"og:description\" content=\"Familia sagrada, Mar\u00eda Jes\u00fas, Mar\u00eda y Jos\u00e9, rogad por nosotros\" \/>\n<meta property=\"og:url\" content=\"https:\/\/exaudi.org\/es\/preparemos-la-familia-para-la-navidad-proxima-2\/\" \/>\n<meta property=\"og:site_name\" content=\"Exaudi\" \/>\n<meta property=\"article:publisher\" content=\"https:\/\/www.facebook.com\/ExaudiNews\" \/>\n<meta property=\"article:published_time\" content=\"2024-01-08T08:39:13+00:00\" \/>\n<meta property=\"article:modified_time\" content=\"2024-01-08T12:22:01+00:00\" \/>\n<meta property=\"og:image\" content=\"https:\/\/exaudi.org\/wp-content\/uploads\/2024\/01\/pexels-cottonbro-studio-6276142-scaled-e1704703042886.jpg\" \/>\n\t<meta property=\"og:image:width\" content=\"1706\" \/>\n\t<meta property=\"og:image:height\" content=\"1173\" \/>\n\t<meta property=\"og:image:type\" content=\"image\/jpeg\" \/>\n<meta name=\"author\" content=\"Alfons Gea\" \/>\n<meta name=\"twitter:card\" content=\"summary_large_image\" \/>\n<meta name=\"twitter:creator\" content=\"@Exaudi_News\" \/>\n<meta name=\"twitter:site\" content=\"@Exaudi_News\" \/>\n<meta name=\"twitter:label1\" content=\"Escrito por\" \/>\n\t<meta name=\"twitter:data1\" content=\"Alfons Gea\" \/>\n\t<meta name=\"twitter:label2\" content=\"Tiempo de lectura\" \/>\n\t<meta name=\"twitter:data2\" content=\"6 minutos\" \/>\n<script type=\"application\/ld+json\" class=\"yoast-schema-graph\">{\"@context\":\"https:\\\/\\\/schema.org\",\"@graph\":[{\"@type\":\"Article\",\"@id\":\"https:\\\/\\\/exaudi.org\\\/es\\\/preparemos-la-familia-para-la-navidad-proxima-2\\\/#article\",\"isPartOf\":{\"@id\":\"https:\\\/\\\/exaudi.org\\\/es\\\/preparemos-la-familia-para-la-navidad-proxima-2\\\/\"},\"author\":{\"name\":\"Alfons Gea\",\"@id\":\"https:\\\/\\\/exaudi.org\\\/#\\\/schema\\\/person\\\/ac92bf102c0b53544ebdec5b9d0aed18\"},\"headline\":\"Preparemos la familia para la Navidad pr\u00f3xima\",\"datePublished\":\"2024-01-08T08:39:13+00:00\",\"dateModified\":\"2024-01-08T12:22:01+00:00\",\"mainEntityOfPage\":{\"@id\":\"https:\\\/\\\/exaudi.org\\\/es\\\/preparemos-la-familia-para-la-navidad-proxima-2\\\/\"},\"wordCount\":1288,\"image\":{\"@id\":\"https:\\\/\\\/exaudi.org\\\/es\\\/preparemos-la-familia-para-la-navidad-proxima-2\\\/#primaryimage\"},\"thumbnailUrl\":\"https:\\\/\\\/exaudi.org\\\/wp-content\\\/uploads\\\/2024\\\/01\\\/pexels-cottonbro-studio-6276142-scaled-e1704703042886.jpg\",\"keywords\":[\"Familia\",\"Featured\",\"navidad\",\"navidad\",\"Prop\u00f3sitos\"],\"inLanguage\":\"es\"},{\"@type\":\"WebPage\",\"@id\":\"https:\\\/\\\/exaudi.org\\\/es\\\/preparemos-la-familia-para-la-navidad-proxima-2\\\/\",\"url\":\"https:\\\/\\\/exaudi.org\\\/es\\\/preparemos-la-familia-para-la-navidad-proxima-2\\\/\",\"name\":\"Preparemos la familia para la Navidad pr\u00f3xima &#8211; Exaudi\",\"isPartOf\":{\"@id\":\"https:\\\/\\\/exaudi.org\\\/#website\"},\"primaryImageOfPage\":{\"@id\":\"https:\\\/\\\/exaudi.org\\\/es\\\/preparemos-la-familia-para-la-navidad-proxima-2\\\/#primaryimage\"},\"image\":{\"@id\":\"https:\\\/\\\/exaudi.org\\\/es\\\/preparemos-la-familia-para-la-navidad-proxima-2\\\/#primaryimage\"},\"thumbnailUrl\":\"https:\\\/\\\/exaudi.org\\\/wp-content\\\/uploads\\\/2024\\\/01\\\/pexels-cottonbro-studio-6276142-scaled-e1704703042886.jpg\",\"datePublished\":\"2024-01-08T08:39:13+00:00\",\"dateModified\":\"2024-01-08T12:22:01+00:00\",\"author\":{\"@id\":\"https:\\\/\\\/exaudi.org\\\/#\\\/schema\\\/person\\\/ac92bf102c0b53544ebdec5b9d0aed18\"},\"breadcrumb\":{\"@id\":\"https:\\\/\\\/exaudi.org\\\/es\\\/preparemos-la-familia-para-la-navidad-proxima-2\\\/#breadcrumb\"},\"inLanguage\":\"es\",\"potentialAction\":[{\"@type\":\"ReadAction\",\"target\":[\"https:\\\/\\\/exaudi.org\\\/es\\\/preparemos-la-familia-para-la-navidad-proxima-2\\\/\"]}]},{\"@type\":\"ImageObject\",\"inLanguage\":\"es\",\"@id\":\"https:\\\/\\\/exaudi.org\\\/es\\\/preparemos-la-familia-para-la-navidad-proxima-2\\\/#primaryimage\",\"url\":\"https:\\\/\\\/exaudi.org\\\/wp-content\\\/uploads\\\/2024\\\/01\\\/pexels-cottonbro-studio-6276142-scaled-e1704703042886.jpg\",\"contentUrl\":\"https:\\\/\\\/exaudi.org\\\/wp-content\\\/uploads\\\/2024\\\/01\\\/pexels-cottonbro-studio-6276142-scaled-e1704703042886.jpg\",\"width\":1706,\"height\":1173},{\"@type\":\"BreadcrumbList\",\"@id\":\"https:\\\/\\\/exaudi.org\\\/es\\\/preparemos-la-familia-para-la-navidad-proxima-2\\\/#breadcrumb\",\"itemListElement\":[{\"@type\":\"ListItem\",\"position\":1,\"name\":\"Portada\",\"item\":\"https:\\\/\\\/exaudi.org\\\/es\\\/\"},{\"@type\":\"ListItem\",\"position\":2,\"name\":\"Preparemos la familia para la Navidad pr\u00f3xima\"}]},{\"@type\":\"WebSite\",\"@id\":\"https:\\\/\\\/exaudi.org\\\/#website\",\"url\":\"https:\\\/\\\/exaudi.org\\\/\",\"name\":\"Exaudi\",\"description\":\"News\",\"potentialAction\":[{\"@type\":\"SearchAction\",\"target\":{\"@type\":\"EntryPoint\",\"urlTemplate\":\"https:\\\/\\\/exaudi.org\\\/?s={search_term_string}\"},\"query-input\":{\"@type\":\"PropertyValueSpecification\",\"valueRequired\":true,\"valueName\":\"search_term_string\"}}],\"inLanguage\":\"es\"},{\"@type\":\"Person\",\"@id\":\"https:\\\/\\\/exaudi.org\\\/#\\\/schema\\\/person\\\/ac92bf102c0b53544ebdec5b9d0aed18\",\"name\":\"Alfons Gea\",\"image\":{\"@type\":\"ImageObject\",\"inLanguage\":\"es\",\"@id\":\"https:\\\/\\\/secure.gravatar.com\\\/avatar\\\/24ebf96806e8303525f3910faa8289fe6c8726339b6a79ad483356d520db03c6?s=96&d=mm&r=g\",\"url\":\"https:\\\/\\\/secure.gravatar.com\\\/avatar\\\/24ebf96806e8303525f3910faa8289fe6c8726339b6a79ad483356d520db03c6?s=96&d=mm&r=g\",\"contentUrl\":\"https:\\\/\\\/secure.gravatar.com\\\/avatar\\\/24ebf96806e8303525f3910faa8289fe6c8726339b6a79ad483356d520db03c6?s=96&d=mm&r=g\",\"caption\":\"Alfons Gea\"},\"description\":\"Licenciado en Teolog\u00eda en Facultad de Teolog\u00eda de Barcelona (1988). Diplomado en Magisterio \u2013 profesor EGB. Universidad de Barcelona (1990). Licenciado en Psicopedagogia. Universidad Ram\u00f3n Llull, (1994). Responsable del Servicio de Atenci\u00f3n al Duelo de Funeraria Municipal de Terrassa (2001-2022). Terapeuta en Gabinete Gedi - Psicolog\u00eda aplicada (2022). P\u00e1rroco de St. Viucente de Jonquereas, de Sabadell (2012). Articulista en revistas especializadas y prensa comarcal. Formador en atenci\u00f3n al duelo de profesionales sanitarios y sociosanitarios: Trabajadoras sociales, psic\u00f3logas\\\/os, m\u00e9dicas, enfermer\u00eda, maestras (1995). Ha participado en varios programas de opini\u00f3n y debate de televisiones y radios nacionales. Anteriormente ejerci\u00f3 como asistente espiritual de los hospitales en Terrassa: San L\u00e1zaro, Mutua, y Hospital de Terrassa (1997-2018. Fue p\u00e1rroco de la parroquia Virgen de Montserrat de Terrassa (1997-2013) y responsable de Formaci\u00f3n de la Delegaci\u00f3n de Pastoral de la Salud de la di\u00f3cesis de Barcelona (1995-2005). Delegado episcopal de Pastoral de la salud de la di\u00f3cesis de Terrassa (2005-2012). Coordinador de la Pastoral de la Salud de la Conferencia episcopal catalana. Maestro de EGB, Coordinador de secundaria, subdirector de escuela, jefe de gabinete psicopedag\u00f3gico, fundador y director del Centro Sara \u2013 casa de acogida para enfermos de SIDA, educador en situaciones de riesgo social, Fundador del Taller Solidario \u2013 centro de inserci\u00f3n laboral.\",\"url\":\"https:\\\/\\\/exaudi.org\\\/es\\\/author\\\/alfonsogea\\\/\"}]}<\/script>\n<!-- \/ Yoast SEO plugin. -->","yoast_head_json":{"title":"Preparemos la familia para la Navidad pr\u00f3xima &#8211; Exaudi","robots":{"index":"index","follow":"follow","max-snippet":"max-snippet:-1","max-image-preview":"max-image-preview:large","max-video-preview":"max-video-preview:-1"},"canonical":"https:\/\/exaudi.org\/es\/preparemos-la-familia-para-la-navidad-proxima-2\/","og_locale":"es_ES","og_type":"article","og_title":"Preparemos la familia para la Navidad pr\u00f3xima &#8211; Exaudi","og_description":"Familia sagrada, Mar\u00eda Jes\u00fas, Mar\u00eda y Jos\u00e9, rogad por nosotros","og_url":"https:\/\/exaudi.org\/es\/preparemos-la-familia-para-la-navidad-proxima-2\/","og_site_name":"Exaudi","article_publisher":"https:\/\/www.facebook.com\/ExaudiNews","article_published_time":"2024-01-08T08:39:13+00:00","article_modified_time":"2024-01-08T12:22:01+00:00","og_image":[{"width":1706,"height":1173,"url":"https:\/\/exaudi.org\/wp-content\/uploads\/2024\/01\/pexels-cottonbro-studio-6276142-scaled-e1704703042886.jpg","type":"image\/jpeg"}],"author":"Alfons Gea","twitter_card":"summary_large_image","twitter_creator":"@Exaudi_News","twitter_site":"@Exaudi_News","twitter_misc":{"Escrito por":"Alfons Gea","Tiempo de lectura":"6 minutos"},"schema":{"@context":"https:\/\/schema.org","@graph":[{"@type":"Article","@id":"https:\/\/exaudi.org\/es\/preparemos-la-familia-para-la-navidad-proxima-2\/#article","isPartOf":{"@id":"https:\/\/exaudi.org\/es\/preparemos-la-familia-para-la-navidad-proxima-2\/"},"author":{"name":"Alfons Gea","@id":"https:\/\/exaudi.org\/#\/schema\/person\/ac92bf102c0b53544ebdec5b9d0aed18"},"headline":"Preparemos la familia para la Navidad pr\u00f3xima","datePublished":"2024-01-08T08:39:13+00:00","dateModified":"2024-01-08T12:22:01+00:00","mainEntityOfPage":{"@id":"https:\/\/exaudi.org\/es\/preparemos-la-familia-para-la-navidad-proxima-2\/"},"wordCount":1288,"image":{"@id":"https:\/\/exaudi.org\/es\/preparemos-la-familia-para-la-navidad-proxima-2\/#primaryimage"},"thumbnailUrl":"https:\/\/exaudi.org\/wp-content\/uploads\/2024\/01\/pexels-cottonbro-studio-6276142-scaled-e1704703042886.jpg","keywords":["Familia","Featured","navidad","navidad","Prop\u00f3sitos"],"inLanguage":"es"},{"@type":"WebPage","@id":"https:\/\/exaudi.org\/es\/preparemos-la-familia-para-la-navidad-proxima-2\/","url":"https:\/\/exaudi.org\/es\/preparemos-la-familia-para-la-navidad-proxima-2\/","name":"Preparemos la familia para la Navidad pr\u00f3xima &#8211; Exaudi","isPartOf":{"@id":"https:\/\/exaudi.org\/#website"},"primaryImageOfPage":{"@id":"https:\/\/exaudi.org\/es\/preparemos-la-familia-para-la-navidad-proxima-2\/#primaryimage"},"image":{"@id":"https:\/\/exaudi.org\/es\/preparemos-la-familia-para-la-navidad-proxima-2\/#primaryimage"},"thumbnailUrl":"https:\/\/exaudi.org\/wp-content\/uploads\/2024\/01\/pexels-cottonbro-studio-6276142-scaled-e1704703042886.jpg","datePublished":"2024-01-08T08:39:13+00:00","dateModified":"2024-01-08T12:22:01+00:00","author":{"@id":"https:\/\/exaudi.org\/#\/schema\/person\/ac92bf102c0b53544ebdec5b9d0aed18"},"breadcrumb":{"@id":"https:\/\/exaudi.org\/es\/preparemos-la-familia-para-la-navidad-proxima-2\/#breadcrumb"},"inLanguage":"es","potentialAction":[{"@type":"ReadAction","target":["https:\/\/exaudi.org\/es\/preparemos-la-familia-para-la-navidad-proxima-2\/"]}]},{"@type":"ImageObject","inLanguage":"es","@id":"https:\/\/exaudi.org\/es\/preparemos-la-familia-para-la-navidad-proxima-2\/#primaryimage","url":"https:\/\/exaudi.org\/wp-content\/uploads\/2024\/01\/pexels-cottonbro-studio-6276142-scaled-e1704703042886.jpg","contentUrl":"https:\/\/exaudi.org\/wp-content\/uploads\/2024\/01\/pexels-cottonbro-studio-6276142-scaled-e1704703042886.jpg","width":1706,"height":1173},{"@type":"BreadcrumbList","@id":"https:\/\/exaudi.org\/es\/preparemos-la-familia-para-la-navidad-proxima-2\/#breadcrumb","itemListElement":[{"@type":"ListItem","position":1,"name":"Portada","item":"https:\/\/exaudi.org\/es\/"},{"@type":"ListItem","position":2,"name":"Preparemos la familia para la Navidad pr\u00f3xima"}]},{"@type":"WebSite","@id":"https:\/\/exaudi.org\/#website","url":"https:\/\/exaudi.org\/","name":"Exaudi","description":"News","potentialAction":[{"@type":"SearchAction","target":{"@type":"EntryPoint","urlTemplate":"https:\/\/exaudi.org\/?s={search_term_string}"},"query-input":{"@type":"PropertyValueSpecification","valueRequired":true,"valueName":"search_term_string"}}],"inLanguage":"es"},{"@type":"Person","@id":"https:\/\/exaudi.org\/#\/schema\/person\/ac92bf102c0b53544ebdec5b9d0aed18","name":"Alfons Gea","image":{"@type":"ImageObject","inLanguage":"es","@id":"https:\/\/secure.gravatar.com\/avatar\/24ebf96806e8303525f3910faa8289fe6c8726339b6a79ad483356d520db03c6?s=96&d=mm&r=g","url":"https:\/\/secure.gravatar.com\/avatar\/24ebf96806e8303525f3910faa8289fe6c8726339b6a79ad483356d520db03c6?s=96&d=mm&r=g","contentUrl":"https:\/\/secure.gravatar.com\/avatar\/24ebf96806e8303525f3910faa8289fe6c8726339b6a79ad483356d520db03c6?s=96&d=mm&r=g","caption":"Alfons Gea"},"description":"Licenciado en Teolog\u00eda en Facultad de Teolog\u00eda de Barcelona (1988). Diplomado en Magisterio \u2013 profesor EGB. Universidad de Barcelona (1990). Licenciado en Psicopedagogia. Universidad Ram\u00f3n Llull, (1994). Responsable del Servicio de Atenci\u00f3n al Duelo de Funeraria Municipal de Terrassa (2001-2022). Terapeuta en Gabinete Gedi - Psicolog\u00eda aplicada (2022). P\u00e1rroco de St. Viucente de Jonquereas, de Sabadell (2012). Articulista en revistas especializadas y prensa comarcal. Formador en atenci\u00f3n al duelo de profesionales sanitarios y sociosanitarios: Trabajadoras sociales, psic\u00f3logas\/os, m\u00e9dicas, enfermer\u00eda, maestras (1995). Ha participado en varios programas de opini\u00f3n y debate de televisiones y radios nacionales. Anteriormente ejerci\u00f3 como asistente espiritual de los hospitales en Terrassa: San L\u00e1zaro, Mutua, y Hospital de Terrassa (1997-2018. Fue p\u00e1rroco de la parroquia Virgen de Montserrat de Terrassa (1997-2013) y responsable de Formaci\u00f3n de la Delegaci\u00f3n de Pastoral de la Salud de la di\u00f3cesis de Barcelona (1995-2005). Delegado episcopal de Pastoral de la salud de la di\u00f3cesis de Terrassa (2005-2012). Coordinador de la Pastoral de la Salud de la Conferencia episcopal catalana. Maestro de EGB, Coordinador de secundaria, subdirector de escuela, jefe de gabinete psicopedag\u00f3gico, fundador y director del Centro Sara \u2013 casa de acogida para enfermos de SIDA, educador en situaciones de riesgo social, Fundador del Taller Solidario \u2013 centro de inserci\u00f3n laboral.","url":"https:\/\/exaudi.org\/es\/author\/alfonsogea\/"}]}},"jetpack_featured_media_url":"https:\/\/exaudi.org\/wp-content\/uploads\/2024\/01\/pexels-cottonbro-studio-6276142-scaled-e1704703042886.jpg","jetpack_shortlink":"https:\/\/wp.me\/pgKjF2-nPY","_links":{"self":[{"href":"https:\/\/exaudi.org\/es\/wp-json\/wp\/v2\/posts\/91634","targetHints":{"allow":["GET"]}}],"collection":[{"href":"https:\/\/exaudi.org\/es\/wp-json\/wp\/v2\/posts"}],"about":[{"href":"https:\/\/exaudi.org\/es\/wp-json\/wp\/v2\/types\/post"}],"author":[{"embeddable":true,"href":"https:\/\/exaudi.org\/es\/wp-json\/wp\/v2\/users\/77"}],"replies":[{"embeddable":true,"href":"https:\/\/exaudi.org\/es\/wp-json\/wp\/v2\/comments?post=91634"}],"version-history":[{"count":0,"href":"https:\/\/exaudi.org\/es\/wp-json\/wp\/v2\/posts\/91634\/revisions"}],"wp:featuredmedia":[{"embeddable":true,"href":"https:\/\/exaudi.org\/es\/wp-json\/wp\/v2\/media\/91635"}],"wp:attachment":[{"href":"https:\/\/exaudi.org\/es\/wp-json\/wp\/v2\/media?parent=91634"}],"wp:term":[{"taxonomy":"category","embeddable":true,"href":"https:\/\/exaudi.org\/es\/wp-json\/wp\/v2\/categories?post=91634"},{"taxonomy":"post_tag","embeddable":true,"href":"https:\/\/exaudi.org\/es\/wp-json\/wp\/v2\/tags?post=91634"}],"curies":[{"name":"wp","href":"https:\/\/api.w.org\/{rel}","templated":true}]}}