{"id":91574,"date":"2024-01-07T14:31:12","date_gmt":"2024-01-07T13:31:12","guid":{"rendered":"https:\/\/exaudi.org\/?p=91574"},"modified":"2024-01-07T17:57:54","modified_gmt":"2024-01-07T16:57:54","slug":"el-papa-en-el-bautismo-dios-nos-hace-hijos-suyos-para-siempre","status":"publish","type":"post","link":"https:\/\/exaudi.org\/es\/el-papa-en-el-bautismo-dios-nos-hace-hijos-suyos-para-siempre\/","title":{"rendered":"El Papa: En el bautismo, Dios nos hace hijos suyos para siempre."},"content":{"rendered":"<p>Tras concluir la celebraci\u00f3n de la Santa Misa en la Capilla Sixtina en la Fiesta del Bautismo del Se\u00f1or con el Rito del Bautismo de los Ni\u00f1os, a las 12.00 horas el Santo Padre Francisco se asom\u00f3 a la ventana del estudio del Palacio Apost\u00f3lico Vaticano para recitar el <em>\u00c1ngelus<\/em> con los fieles y peregrinos congregados en la Plaza de San Pedro.<\/p>\n<div class=\"article__subTitle\">Antes del rezo del <em>\u00c1ngelus<\/em>, el Papa subray\u00f3 que en esta fiesta del Bautismo del Se\u00f1or debemos recordar nuestra fecha de bautismo como un cumplea\u00f1os, pues es el d\u00eda en que Dios nos hace hijos suyos para siempre.<\/div>\n<p>Estas fueron las palabras del Papa al introducir la oraci\u00f3n mariana:<\/p>\n<p>***<\/p>\n<h3><strong>Palabras del Papa<\/strong><\/h3>\n<p>Queridos hermanos y hermanas, \u00a1buenos d\u00edas!<\/p>\n<p>Hoy celebramos el Bautismo del Se\u00f1or (cfr.\u00a0<i>Mc\u00a0<\/i>1,7-1). \u00c9ste tuvo lugar en el r\u00edo Jord\u00e1n, donde Juan -llamado por ello \u201cBautista\u201d- realiza un rito de purificaci\u00f3n que expresa el compromiso de abandonar el pecado y convertirse. El pueblo acude a bautizarse con humildad, con sinceridad, y -como dice la liturgia- \u201ccon el alma y los pies desnudos\u201d; Jes\u00fas tambi\u00e9n va, inaugurando su ministerio: de este modo, muestra que quiere estar cerca de los pecadores, que ha venido por ellos, por todos nosotros, que somos pecadores.<\/p>\n<p>Y, precisamente ese d\u00eda, suceden algunos hechos extraordinarios. Juan el Bautista dice algo ins\u00f3lito, reconociendo p\u00fablicamente en Jes\u00fas, aparentemente igual a todos los dem\u00e1s, uno \u00abm\u00e1s fuerte\u00bb (v. 7) que \u00e9l, que \u00abbautizar\u00e1 con el Esp\u00edritu Santo\u00bb (v. 8). Luego se abren los cielos, el Esp\u00edritu Santo desciende sobre Jes\u00fas como una paloma (cfr. v. 10) y desde lo alto la voz del Padre proclama: \u00abT\u00fa eres mi Hijo amado: en ti me complazco\u00bb (v. 11).<\/p>\n<p>Todo esto, por una parte, nos revela que Jes\u00fas es el Hijo de Dios; y, por otra, nos habla de nuestro bautismo, que nos ha hecho tambi\u00e9n a nosotros hijos de Dios, porque el bautismo nos hace hijos de Dios.<\/p>\n<p>En el bautismo, Dios entra en nosotros, purifica, sana nuestro coraz\u00f3n, nos hace hijos suyos para siempre, su pueblo, su familia, herederos del Para\u00edso (cfr.\u00a0<i>Catecismo de la Iglesia Cat\u00f3lica<\/i>, n.1279). Y Dios se hace \u00edntimo a nosotros y ya no se va. Por eso es importante recordar el d\u00eda de nuestro bautismo, y tambi\u00e9n conocer su fecha. Yo os pregunto a todos vosotros, cada uno que lo piense: \u00bfrecuerdas la fecha de tu bautismo? Si no la recuerdas, cuando regreses a casa preg\u00fantala para no olvidarla nunca, porque es un nuevo cumplea\u00f1os, porque con tu bautismo naciste a la vida de la gracia. Demos gracias al Se\u00f1or por el bautismo. D\u00e9mosle gracias tambi\u00e9n por nuestros padres, que nos llevaron a la pila bautismal, por quien nos administr\u00f3 el sacramento, por el padrino, por la madrina, por la comunidad en la que lo recibimos. Festejar el propio bautismo: es un nuevo cumplea\u00f1os.<\/p>\n<p>Y podemos preguntarnos: \u00bfsoy consciente del inmenso don que llevo en m\u00ed por el bautismo? \u00bfReconozco en mi vida la luz de la presencia de Dios, que me ve como su hijo amado, como su hija amada?<\/p>\n<p>Y ahora, en memoria de nuestro bautismo, acojamos la presencia de Dios en nuestro interior. Podemos hacerlo con la se\u00f1al de la cruz, que traza en nosotros el recuerdo de la gracia de Dios, que nos ama y desea estar con nosotros. La se\u00f1al de la cruz nos recuerda esto. Hag\u00e1mosla juntos:\u00a0<i>En el nombre del Padre y del Hijo y del Esp\u00edritu Santo.<\/i><\/p>\n<p>Y no olvid\u00e9is la fecha del bautismo, que es un cumplea\u00f1os. Que Mar\u00eda, templo del Esp\u00edritu, nos ayude a celebrar y acoger las maravillas que el Se\u00f1or obra en nosotros.<\/p>\n<p>________________________<\/p>\n<p><b>Despu\u00e9s del \u00c1ngelus:<\/b><\/p>\n<p>Queridos hermanos y hermanas:<\/p>\n<p>en la fiesta de hoy del Bautismo del Se\u00f1or, he bautizado a algunos reci\u00e9n nacidos. Oremos por ellos y por sus familias. Extiendo esta oraci\u00f3n a todos los ni\u00f1os que en estos d\u00edas recibir\u00e1n el santo bautismo.<\/p>\n<p>Hoy, las comunidades eclesiales de Oriente que siguen el calendario juliano celebran la santa Navidad. Con esp\u00edritu de jubilosa fraternidad, les deseo que el nacimiento del Se\u00f1or Jes\u00fas las colme de luz, de caridad y de paz.<\/p>\n<p>Os invito a que os un\u00e1is a mi oraci\u00f3n por la liberaci\u00f3n, sin condiciones, de todas las personas secuestradas actualmente en Colombia. Este gesto, que es un deber ante Dios, favorecer\u00e1 tambi\u00e9n un clima de reconciliaci\u00f3n y de paz en el pa\u00eds.<\/p>\n<p>Estoy muy cerca espiritualmente de las poblaciones de la Rep\u00fablica Democr\u00e1tica del Congo afectadas por las inundaciones de los \u00faltimos d\u00edas. Y, por favor, sigamos rezando por la paz: por la paz en Ucrania, en Palestina, en Israel y en el mundo entero.<\/p>\n<p>Y os saludo a todos vosotros, peregrinos procedentes de Italia y de muchos lugares del mundo, especialmente a los chicos de la parroquia del\u00a0<i>Santissimo Crocifisso<\/i>\u00a0de Roma, al grupo\u00a0<i>scout<\/i>\u00a0\u201cMilano 35\u201d y a la asociaci\u00f3n\u00a0<i>Totus tuus<\/i>\u00a0de Potenza.<\/p>\n<p>Os deseo a todos una bella fiesta. Y, por favor, no os olvid\u00e9is de rezar por m\u00ed. Buen almuerzo y \u00a1hasta la vista!<\/p>\n<p><iframe loading=\"lazy\" title=\"\u00c1ngelus - 07 enero 2024 - Papa Francisco\" width=\"500\" height=\"281\" src=\"https:\/\/www.youtube.com\/embed\/2EHw9f2YUzw?feature=oembed\" frameborder=\"0\" allow=\"accelerometer; autoplay; clipboard-write; encrypted-media; gyroscope; picture-in-picture; web-share\" referrerpolicy=\"strict-origin-when-cross-origin\" allowfullscreen><\/iframe><\/p>\n","protected":false},"excerpt":{"rendered":"<p>Palabras del Santo Padre en el \u00c1ngelus<\/p>\n","protected":false},"author":15,"featured_media":91601,"comment_status":"closed","ping_status":"closed","sticky":false,"template":"","format":"standard","meta":{"_acf_changed":false,"_crdt_document":"","inline_featured_image":false,"footnotes":""},"categories":[70,68],"tags":[11905,2419],"class_list":["post-91574","post","type-post","status-publish","format-standard","has-post-thumbnail","hentry","category-angelus-es","category-leon-xiv","tag-angelus-7-enero-2024","tag-featured"],"acf":[],"yoast_head":"<!-- This site is optimized with the Yoast SEO plugin v27.5 - https:\/\/yoast.com\/product\/yoast-seo-wordpress\/ -->\n<title>El Papa: En el bautismo, Dios nos hace hijos suyos para siempre. &#8211; Exaudi<\/title>\n<meta name=\"robots\" content=\"index, follow, max-snippet:-1, max-image-preview:large, max-video-preview:-1\" \/>\n<link rel=\"canonical\" href=\"https:\/\/exaudi.org\/es\/in-baptism-god-makes-us-his-children-forever\/\" \/>\n<meta property=\"og:locale\" content=\"es_ES\" \/>\n<meta property=\"og:type\" content=\"article\" \/>\n<meta property=\"og:title\" content=\"El Papa: En el bautismo, Dios nos hace hijos suyos para siempre. &#8211; Exaudi\" \/>\n<meta property=\"og:description\" content=\"Palabras del Santo Padre en el \u00c1ngelus\" \/>\n<meta property=\"og:url\" content=\"https:\/\/exaudi.org\/in-baptism-god-makes-us-his-children-forever\/\" \/>\n<meta property=\"og:site_name\" content=\"Exaudi\" \/>\n<meta property=\"article:publisher\" content=\"https:\/\/www.facebook.com\/ExaudiNews\" \/>\n<meta property=\"article:author\" content=\"https:\/\/www.facebook.com\/ExaudiNoticias\/\" \/>\n<meta property=\"article:published_time\" content=\"2024-01-07T13:31:12+00:00\" \/>\n<meta property=\"article:modified_time\" content=\"2024-01-07T16:57:54+00:00\" \/>\n<meta property=\"og:image\" content=\"https:\/\/exaudi.org\/wp-content\/uploads\/2024\/01\/Snapinsta.app_416092875_762732829224814_3966211899695604123_n_1080.jpg\" \/>\n\t<meta property=\"og:image:width\" content=\"1080\" \/>\n\t<meta property=\"og:image:height\" content=\"1080\" \/>\n\t<meta property=\"og:image:type\" content=\"image\/jpeg\" \/>\n<meta name=\"author\" content=\"Exaudi Redacci\u00f3n\" \/>\n<meta name=\"twitter:card\" content=\"summary_large_image\" \/>\n<meta name=\"twitter:creator\" content=\"@Exaudi_noticias\" \/>\n<meta name=\"twitter:site\" content=\"@Exaudi_News\" \/>\n<meta name=\"twitter:label1\" content=\"Escrito por\" \/>\n\t<meta name=\"twitter:data1\" content=\"Exaudi Redacci\u00f3n\" \/>\n\t<meta name=\"twitter:label2\" content=\"Tiempo de lectura\" \/>\n\t<meta name=\"twitter:data2\" content=\"5 minutos\" \/>\n<script type=\"application\/ld+json\" class=\"yoast-schema-graph\">{\"@context\":\"https:\\\/\\\/schema.org\",\"@graph\":[{\"@type\":\"Article\",\"@id\":\"https:\\\/\\\/exaudi.org\\\/in-baptism-god-makes-us-his-children-forever\\\/#article\",\"isPartOf\":{\"@id\":\"https:\\\/\\\/exaudi.org\\\/in-baptism-god-makes-us-his-children-forever\\\/\"},\"author\":{\"name\":\"Exaudi Redacci\u00f3n\",\"@id\":\"https:\\\/\\\/exaudi.org\\\/#\\\/schema\\\/person\\\/f5fc8f063065e38742da7afe15f25df7\"},\"headline\":\"El Papa: En el bautismo, Dios nos hace hijos suyos para siempre.\",\"datePublished\":\"2024-01-07T13:31:12+00:00\",\"dateModified\":\"2024-01-07T16:57:54+00:00\",\"mainEntityOfPage\":{\"@id\":\"https:\\\/\\\/exaudi.org\\\/in-baptism-god-makes-us-his-children-forever\\\/\"},\"wordCount\":918,\"image\":{\"@id\":\"https:\\\/\\\/exaudi.org\\\/in-baptism-god-makes-us-his-children-forever\\\/#primaryimage\"},\"thumbnailUrl\":\"https:\\\/\\\/exaudi.org\\\/wp-content\\\/uploads\\\/2024\\\/01\\\/Snapinsta.app_416092875_762732829224814_3966211899695604123_n_1080.jpg\",\"keywords\":[\"\u00c1ngelus 7 enero 2024\",\"Featured\"],\"articleSection\":[\"\u00c1ngelus\",\"Le\u00f3n XIV\"],\"inLanguage\":\"es\"},{\"@type\":\"WebPage\",\"@id\":\"https:\\\/\\\/exaudi.org\\\/in-baptism-god-makes-us-his-children-forever\\\/\",\"url\":\"https:\\\/\\\/exaudi.org\\\/in-baptism-god-makes-us-his-children-forever\\\/\",\"name\":\"El Papa: En el bautismo, Dios nos hace hijos suyos para siempre. &#8211; Exaudi\",\"isPartOf\":{\"@id\":\"https:\\\/\\\/exaudi.org\\\/#website\"},\"primaryImageOfPage\":{\"@id\":\"https:\\\/\\\/exaudi.org\\\/in-baptism-god-makes-us-his-children-forever\\\/#primaryimage\"},\"image\":{\"@id\":\"https:\\\/\\\/exaudi.org\\\/in-baptism-god-makes-us-his-children-forever\\\/#primaryimage\"},\"thumbnailUrl\":\"https:\\\/\\\/exaudi.org\\\/wp-content\\\/uploads\\\/2024\\\/01\\\/Snapinsta.app_416092875_762732829224814_3966211899695604123_n_1080.jpg\",\"datePublished\":\"2024-01-07T13:31:12+00:00\",\"dateModified\":\"2024-01-07T16:57:54+00:00\",\"author\":{\"@id\":\"https:\\\/\\\/exaudi.org\\\/#\\\/schema\\\/person\\\/f5fc8f063065e38742da7afe15f25df7\"},\"breadcrumb\":{\"@id\":\"https:\\\/\\\/exaudi.org\\\/in-baptism-god-makes-us-his-children-forever\\\/#breadcrumb\"},\"inLanguage\":\"es\",\"potentialAction\":[{\"@type\":\"ReadAction\",\"target\":[\"https:\\\/\\\/exaudi.org\\\/in-baptism-god-makes-us-his-children-forever\\\/\"]}]},{\"@type\":\"ImageObject\",\"inLanguage\":\"es\",\"@id\":\"https:\\\/\\\/exaudi.org\\\/in-baptism-god-makes-us-his-children-forever\\\/#primaryimage\",\"url\":\"https:\\\/\\\/exaudi.org\\\/wp-content\\\/uploads\\\/2024\\\/01\\\/Snapinsta.app_416092875_762732829224814_3966211899695604123_n_1080.jpg\",\"contentUrl\":\"https:\\\/\\\/exaudi.org\\\/wp-content\\\/uploads\\\/2024\\\/01\\\/Snapinsta.app_416092875_762732829224814_3966211899695604123_n_1080.jpg\",\"width\":1080,\"height\":1080},{\"@type\":\"BreadcrumbList\",\"@id\":\"https:\\\/\\\/exaudi.org\\\/in-baptism-god-makes-us-his-children-forever\\\/#breadcrumb\",\"itemListElement\":[{\"@type\":\"ListItem\",\"position\":1,\"name\":\"Portada\",\"item\":\"https:\\\/\\\/exaudi.org\\\/es\\\/\"},{\"@type\":\"ListItem\",\"position\":2,\"name\":\"El Papa: En el bautismo, Dios nos hace hijos suyos para siempre.\"}]},{\"@type\":\"WebSite\",\"@id\":\"https:\\\/\\\/exaudi.org\\\/#website\",\"url\":\"https:\\\/\\\/exaudi.org\\\/\",\"name\":\"Exaudi\",\"description\":\"News\",\"potentialAction\":[{\"@type\":\"SearchAction\",\"target\":{\"@type\":\"EntryPoint\",\"urlTemplate\":\"https:\\\/\\\/exaudi.org\\\/?s={search_term_string}\"},\"query-input\":{\"@type\":\"PropertyValueSpecification\",\"valueRequired\":true,\"valueName\":\"search_term_string\"}}],\"inLanguage\":\"es\"},{\"@type\":\"Person\",\"@id\":\"https:\\\/\\\/exaudi.org\\\/#\\\/schema\\\/person\\\/f5fc8f063065e38742da7afe15f25df7\",\"name\":\"Exaudi Redacci\u00f3n\",\"image\":{\"@type\":\"ImageObject\",\"inLanguage\":\"es\",\"@id\":\"https:\\\/\\\/secure.gravatar.com\\\/avatar\\\/fe0f6a059fb68d9b3e11bc5850dd4899b1c7492091a3cb6dd9b01b56ad828be2?s=96&d=mm&r=g\",\"url\":\"https:\\\/\\\/secure.gravatar.com\\\/avatar\\\/fe0f6a059fb68d9b3e11bc5850dd4899b1c7492091a3cb6dd9b01b56ad828be2?s=96&d=mm&r=g\",\"contentUrl\":\"https:\\\/\\\/secure.gravatar.com\\\/avatar\\\/fe0f6a059fb68d9b3e11bc5850dd4899b1c7492091a3cb6dd9b01b56ad828be2?s=96&d=mm&r=g\",\"caption\":\"Exaudi Redacci\u00f3n\"},\"description\":\"\u00bfQu\u00e9 es Exaudi News? Exaudi News es un medio de comunicaci\u00f3n cat\u00f3lico internacional que informa, forma y transforma, diariamente en espa\u00f1ol, ingl\u00e9s e italiano. A trav\u00e9s de noticias, art\u00edculos de an\u00e1lisis y transmisiones en directo de los eventos del Papa, Exaudi busca fortalecer la unidad de los cristianos y contribuir a la evangelizaci\u00f3n del mundo, siempre guiados por la doctrina social de la Iglesia. Trabajamos para acercar la verdad y los valores cristianos a cada rinc\u00f3n del planeta. \u00a1Ay\u00fadanos a transformar el mundo con Exaudi! En Exaudi creemos que la evangelizaci\u00f3n y la informaci\u00f3n de calidad pueden cambiar vidas. Para continuar con nuestra misi\u00f3n y expandir nuestro alcance, necesitamos tu ayuda. Adem\u00e1s, buscamos personas comprometidas que deseen unirse a nuestro equipo. Con tu apoyo, lograremos llegar a m\u00e1s personas, difundir el mensaje de Cristo y reforzar la unidad de los cristianos. \u00bfTe unes a nuestra misi\u00f3n? Para m\u00e1s informaci\u00f3n sobre c\u00f3mo colaborar, visita Exaudi.org\\\/es o cont\u00e1ctanos directamente: info@exaudi.org Exaudi: Informa, forma y transforma.\",\"sameAs\":[\"https:\\\/\\\/www.facebook.com\\\/ExaudiNoticias\\\/\",\"https:\\\/\\\/www.instagram.com\\\/exaudi_noticias\\\/\",\"https:\\\/\\\/x.com\\\/Exaudi_noticias\",\"https:\\\/\\\/www.youtube.com\\\/@exaudicatholicnews\"],\"url\":\"https:\\\/\\\/exaudi.org\\\/es\\\/author\\\/redaccionexaudi\\\/\"}]}<\/script>\n<!-- \/ Yoast SEO plugin. -->","yoast_head_json":{"title":"El Papa: En el bautismo, Dios nos hace hijos suyos para siempre. &#8211; Exaudi","robots":{"index":"index","follow":"follow","max-snippet":"max-snippet:-1","max-image-preview":"max-image-preview:large","max-video-preview":"max-video-preview:-1"},"canonical":"https:\/\/exaudi.org\/es\/in-baptism-god-makes-us-his-children-forever\/","og_locale":"es_ES","og_type":"article","og_title":"El Papa: En el bautismo, Dios nos hace hijos suyos para siempre. &#8211; Exaudi","og_description":"Palabras del Santo Padre en el \u00c1ngelus","og_url":"https:\/\/exaudi.org\/in-baptism-god-makes-us-his-children-forever\/","og_site_name":"Exaudi","article_publisher":"https:\/\/www.facebook.com\/ExaudiNews","article_author":"https:\/\/www.facebook.com\/ExaudiNoticias\/","article_published_time":"2024-01-07T13:31:12+00:00","article_modified_time":"2024-01-07T16:57:54+00:00","og_image":[{"width":1080,"height":1080,"url":"https:\/\/exaudi.org\/wp-content\/uploads\/2024\/01\/Snapinsta.app_416092875_762732829224814_3966211899695604123_n_1080.jpg","type":"image\/jpeg"}],"author":"Exaudi Redacci\u00f3n","twitter_card":"summary_large_image","twitter_creator":"@Exaudi_noticias","twitter_site":"@Exaudi_News","twitter_misc":{"Escrito por":"Exaudi Redacci\u00f3n","Tiempo de lectura":"5 minutos"},"schema":{"@context":"https:\/\/schema.org","@graph":[{"@type":"Article","@id":"https:\/\/exaudi.org\/in-baptism-god-makes-us-his-children-forever\/#article","isPartOf":{"@id":"https:\/\/exaudi.org\/in-baptism-god-makes-us-his-children-forever\/"},"author":{"name":"Exaudi Redacci\u00f3n","@id":"https:\/\/exaudi.org\/#\/schema\/person\/f5fc8f063065e38742da7afe15f25df7"},"headline":"El Papa: En el bautismo, Dios nos hace hijos suyos para siempre.","datePublished":"2024-01-07T13:31:12+00:00","dateModified":"2024-01-07T16:57:54+00:00","mainEntityOfPage":{"@id":"https:\/\/exaudi.org\/in-baptism-god-makes-us-his-children-forever\/"},"wordCount":918,"image":{"@id":"https:\/\/exaudi.org\/in-baptism-god-makes-us-his-children-forever\/#primaryimage"},"thumbnailUrl":"https:\/\/exaudi.org\/wp-content\/uploads\/2024\/01\/Snapinsta.app_416092875_762732829224814_3966211899695604123_n_1080.jpg","keywords":["\u00c1ngelus 7 enero 2024","Featured"],"articleSection":["\u00c1ngelus","Le\u00f3n XIV"],"inLanguage":"es"},{"@type":"WebPage","@id":"https:\/\/exaudi.org\/in-baptism-god-makes-us-his-children-forever\/","url":"https:\/\/exaudi.org\/in-baptism-god-makes-us-his-children-forever\/","name":"El Papa: En el bautismo, Dios nos hace hijos suyos para siempre. &#8211; Exaudi","isPartOf":{"@id":"https:\/\/exaudi.org\/#website"},"primaryImageOfPage":{"@id":"https:\/\/exaudi.org\/in-baptism-god-makes-us-his-children-forever\/#primaryimage"},"image":{"@id":"https:\/\/exaudi.org\/in-baptism-god-makes-us-his-children-forever\/#primaryimage"},"thumbnailUrl":"https:\/\/exaudi.org\/wp-content\/uploads\/2024\/01\/Snapinsta.app_416092875_762732829224814_3966211899695604123_n_1080.jpg","datePublished":"2024-01-07T13:31:12+00:00","dateModified":"2024-01-07T16:57:54+00:00","author":{"@id":"https:\/\/exaudi.org\/#\/schema\/person\/f5fc8f063065e38742da7afe15f25df7"},"breadcrumb":{"@id":"https:\/\/exaudi.org\/in-baptism-god-makes-us-his-children-forever\/#breadcrumb"},"inLanguage":"es","potentialAction":[{"@type":"ReadAction","target":["https:\/\/exaudi.org\/in-baptism-god-makes-us-his-children-forever\/"]}]},{"@type":"ImageObject","inLanguage":"es","@id":"https:\/\/exaudi.org\/in-baptism-god-makes-us-his-children-forever\/#primaryimage","url":"https:\/\/exaudi.org\/wp-content\/uploads\/2024\/01\/Snapinsta.app_416092875_762732829224814_3966211899695604123_n_1080.jpg","contentUrl":"https:\/\/exaudi.org\/wp-content\/uploads\/2024\/01\/Snapinsta.app_416092875_762732829224814_3966211899695604123_n_1080.jpg","width":1080,"height":1080},{"@type":"BreadcrumbList","@id":"https:\/\/exaudi.org\/in-baptism-god-makes-us-his-children-forever\/#breadcrumb","itemListElement":[{"@type":"ListItem","position":1,"name":"Portada","item":"https:\/\/exaudi.org\/es\/"},{"@type":"ListItem","position":2,"name":"El Papa: En el bautismo, Dios nos hace hijos suyos para siempre."}]},{"@type":"WebSite","@id":"https:\/\/exaudi.org\/#website","url":"https:\/\/exaudi.org\/","name":"Exaudi","description":"News","potentialAction":[{"@type":"SearchAction","target":{"@type":"EntryPoint","urlTemplate":"https:\/\/exaudi.org\/?s={search_term_string}"},"query-input":{"@type":"PropertyValueSpecification","valueRequired":true,"valueName":"search_term_string"}}],"inLanguage":"es"},{"@type":"Person","@id":"https:\/\/exaudi.org\/#\/schema\/person\/f5fc8f063065e38742da7afe15f25df7","name":"Exaudi Redacci\u00f3n","image":{"@type":"ImageObject","inLanguage":"es","@id":"https:\/\/secure.gravatar.com\/avatar\/fe0f6a059fb68d9b3e11bc5850dd4899b1c7492091a3cb6dd9b01b56ad828be2?s=96&d=mm&r=g","url":"https:\/\/secure.gravatar.com\/avatar\/fe0f6a059fb68d9b3e11bc5850dd4899b1c7492091a3cb6dd9b01b56ad828be2?s=96&d=mm&r=g","contentUrl":"https:\/\/secure.gravatar.com\/avatar\/fe0f6a059fb68d9b3e11bc5850dd4899b1c7492091a3cb6dd9b01b56ad828be2?s=96&d=mm&r=g","caption":"Exaudi Redacci\u00f3n"},"description":"\u00bfQu\u00e9 es Exaudi News? Exaudi News es un medio de comunicaci\u00f3n cat\u00f3lico internacional que informa, forma y transforma, diariamente en espa\u00f1ol, ingl\u00e9s e italiano. A trav\u00e9s de noticias, art\u00edculos de an\u00e1lisis y transmisiones en directo de los eventos del Papa, Exaudi busca fortalecer la unidad de los cristianos y contribuir a la evangelizaci\u00f3n del mundo, siempre guiados por la doctrina social de la Iglesia. Trabajamos para acercar la verdad y los valores cristianos a cada rinc\u00f3n del planeta. \u00a1Ay\u00fadanos a transformar el mundo con Exaudi! En Exaudi creemos que la evangelizaci\u00f3n y la informaci\u00f3n de calidad pueden cambiar vidas. Para continuar con nuestra misi\u00f3n y expandir nuestro alcance, necesitamos tu ayuda. Adem\u00e1s, buscamos personas comprometidas que deseen unirse a nuestro equipo. Con tu apoyo, lograremos llegar a m\u00e1s personas, difundir el mensaje de Cristo y reforzar la unidad de los cristianos. \u00bfTe unes a nuestra misi\u00f3n? Para m\u00e1s informaci\u00f3n sobre c\u00f3mo colaborar, visita Exaudi.org\/es o cont\u00e1ctanos directamente: info@exaudi.org Exaudi: Informa, forma y transforma.","sameAs":["https:\/\/www.facebook.com\/ExaudiNoticias\/","https:\/\/www.instagram.com\/exaudi_noticias\/","https:\/\/x.com\/Exaudi_noticias","https:\/\/www.youtube.com\/@exaudicatholicnews"],"url":"https:\/\/exaudi.org\/es\/author\/redaccionexaudi\/"}]}},"jetpack_featured_media_url":"https:\/\/exaudi.org\/wp-content\/uploads\/2024\/01\/Snapinsta.app_416092875_762732829224814_3966211899695604123_n_1080.jpg","jetpack_shortlink":"https:\/\/wp.me\/pgKjF2-nP0","_links":{"self":[{"href":"https:\/\/exaudi.org\/es\/wp-json\/wp\/v2\/posts\/91574","targetHints":{"allow":["GET"]}}],"collection":[{"href":"https:\/\/exaudi.org\/es\/wp-json\/wp\/v2\/posts"}],"about":[{"href":"https:\/\/exaudi.org\/es\/wp-json\/wp\/v2\/types\/post"}],"author":[{"embeddable":true,"href":"https:\/\/exaudi.org\/es\/wp-json\/wp\/v2\/users\/15"}],"replies":[{"embeddable":true,"href":"https:\/\/exaudi.org\/es\/wp-json\/wp\/v2\/comments?post=91574"}],"version-history":[{"count":0,"href":"https:\/\/exaudi.org\/es\/wp-json\/wp\/v2\/posts\/91574\/revisions"}],"wp:featuredmedia":[{"embeddable":true,"href":"https:\/\/exaudi.org\/es\/wp-json\/wp\/v2\/media\/91601"}],"wp:attachment":[{"href":"https:\/\/exaudi.org\/es\/wp-json\/wp\/v2\/media?parent=91574"}],"wp:term":[{"taxonomy":"category","embeddable":true,"href":"https:\/\/exaudi.org\/es\/wp-json\/wp\/v2\/categories?post=91574"},{"taxonomy":"post_tag","embeddable":true,"href":"https:\/\/exaudi.org\/es\/wp-json\/wp\/v2\/tags?post=91574"}],"curies":[{"name":"wp","href":"https:\/\/api.w.org\/{rel}","templated":true}]}}