{"id":91404,"date":"2024-01-03T13:53:44","date_gmt":"2024-01-03T12:53:44","guid":{"rendered":"https:\/\/exaudi.org\/?p=91404"},"modified":"2024-01-03T14:01:29","modified_gmt":"2024-01-03T13:01:29","slug":"senor-no-te-alejes-de-mi-jesus-esta-a-nuestro-lado-para-ayudarnos-a-levantarnos","status":"publish","type":"post","link":"https:\/\/exaudi.org\/es\/senor-no-te-alejes-de-mi-jesus-esta-a-nuestro-lado-para-ayudarnos-a-levantarnos\/","title":{"rendered":"\u00abSe\u00f1or, no te alejes de m\u00ed\u00bb Jes\u00fas est\u00e1 a nuestro lado para ayudarnos a levantarnos"},"content":{"rendered":"<p>La audiencia general de esta mi\u00e9rcoles, 3 de enero de 2024, se ha celebrado a las 9.00 horas en el Aula Pablo VI, donde el Santo Padre Francisco se ha reunido con grupos de peregrinos y fieles de Italia y de todo el mundo.<\/p>\n<p>En su discurso en italiano, el Papa, continuando el nuevo ciclo de catequesis sobre \u00abLos vicios y las virtudes\u00bb, centr\u00f3 su reflexi\u00f3n en el tema <em>El combate\u00a0espiritual<\/em> (Lectura: <em>Mt<\/em> 3, 13-15).<\/p>\n<p>Tras resumir su catequesis en las distintas lenguas, el Santo Padre dirigi\u00f3 expresiones especiales de saludo a los fieles presentes.<\/p>\n<p>La Audiencia General concluy\u00f3 con el rezo del Pater Noster y la Bendici\u00f3n Apost\u00f3lica.<\/p>\n<p>A continuaci\u00f3n, sigue el texto completo de la catequesis del Papa en la audiencia general.<\/p>\n<p>***<\/p>\n<h3><strong>Catequesis. Vicios y virtudes. 2. El combate espiritual.<\/strong><\/h3>\n<p><i>Queridos hermanos y hermanas, \u00a1buenos d\u00edas!<\/i><\/p>\n<p><a href=\"https:\/\/www.vatican.va\/content\/francesco\/es\/audiences\/2023\/documents\/20231227-udienza-generale.html\">La semana pasada<\/a>\u00a0entramos en el tema de los vicios y las virtudes. Este nos llama a la lucha espiritual del cristiano. De hecho, la vida espiritual del cristiano no es pacifica, linear y sin desaf\u00edos, al contrario, la vida cristiana exige un continuo combate: el combate cristiano para conservar la fe, para enriquecer los dones de la fe en nosotros. No es casualidad que la primera unci\u00f3n que cada cristiano recibe en el sacramento del bautismo &#8211; la unci\u00f3n catecumenal &#8211; sea sin perfume y anuncie simb\u00f3licamente que la vida es una lucha. De hecho, en la antig\u00fcedad, los luchadores se ung\u00edan completamente antes de la competici\u00f3n, tanto para tonificar sus m\u00fasculos, como para hacer sus cuerpos escurridizos a las garras del adversario. La unci\u00f3n de los catec\u00famenos pone inmediatamente en claro que al cristiano no se salva de la lucha, que un cristiano debe luchar: su existencia, como la de todos los dem\u00e1s, tendr\u00e1 tambi\u00e9n que bajar a la arena, porque la vida es una sucesi\u00f3n de pruebas y tentaciones.<\/p>\n<p>Un famoso dicho atribuido a Abba Antonio, el primer gran padre del monacato, dice as\u00ed: \u00abQuita la tentaci\u00f3n y nadie se salvar\u00e1\u00bb. Los santos no son hombres que se han librado de la tentaci\u00f3n, sino personas bien conscientes de que en la vida aparecen repetidamente las seducciones del mal, que hay que desenmascarar y rechazar. Todos nosotros tenemos experiencia de esto, todos: que te sale un mal pensamiento, que te vienen ganas de hacer esto o de hablar mal del otro&#8230; Todos, todos tenemos tentaciones, y tenemos que luchar para no caer en esas tentaciones. Si alguno de ustedes no tiene tentaciones, que lo diga, \u00a1porque ser\u00eda algo extraordinario! Todos tenemos tentaciones, y todos tenemos que aprender a comportarnos en esas situaciones.<\/p>\n<p>Hay muchas personas que se \u201cautoabsuelven\u201d, que piensan que \u00abest\u00e1n bien\u00bb, \u00aben lo correcto\u00bb &#8211; \u00abNo, yo estoy bien, soy bueno, soy buena, no tengo estos problemas\u00bb. Pero ninguno de nosotros est\u00e1 bien; si alguien se siente que est\u00e1 bien, est\u00e1 so\u00f1ando; cada uno de nosotros tiene tantas cosas que arreglar, y tambi\u00e9n tiene que vigilar. Y a veces sucede que vamos al Sacramento de la Reconciliaci\u00f3n y decimos, con sinceridad: \u201cPadre, no me acuerdo, no s\u00e9 si tengo pecados\u2026\u201d. Pero eso es falta de conocimiento de lo que pasa en el coraz\u00f3n. Todos somos pecadores, todos. Y un poco de examen de conciencia, una peque\u00f1a introspecci\u00f3n nos har\u00e1 bien. De lo contrario, corremos el riesgo de vivir en tinieblas, porque ya nos hemos acostumbrados a la oscuridad, y ya no sabemos distinguir el bien del mal. Isaac de N\u00ednive dec\u00eda que, en la Iglesia, el que conoce sus pecados y los llora es m\u00e1s grande que el que resucita a un muerto. Todos debemos pedir a Dios la gracia de reconocernos pobres pecadores, necesitados de conversi\u00f3n, conservando en el coraz\u00f3n la confianza de que ning\u00fan pecado es demasiado grande para la infinita misericordia de Dios Padre. Esta es la lecci\u00f3n inaugural que nos da Jes\u00fas. Lo vemos en las primeras p\u00e1ginas de los Evangelios, en primer lugar, cuando se nos habla del bautismo del Mes\u00edas en las aguas del r\u00edo Jord\u00e1n. El episodio tiene algo de desconcertante: \u00bfpor qu\u00e9 Jes\u00fas se somete a un rito tan purificador? \u00a1\u00c9l es Dios, es perfecto! \u00bfDe qu\u00e9 pecado debe arrepentirse Jes\u00fas? \u00a1De ninguno! Incluso el Bautista se escandaliza, hasta el punto de que el texto dice: \u00abJuan quer\u00eda imped\u00edrselo, diciendo: \u201cYo necesito ser bautizado por ti, \u00bfy t\u00fa vienes a m\u00ed?\u201d (<i>Mt<\/i>\u00a03,15). Pero Jes\u00fas es un Mes\u00edas muy distinto de como Juan lo hab\u00eda presentado y la gente se lo imaginaba: no encarna al Dios airado, y no convoca para el juicio, sino que, al contrario, se pone en fila con los pecadores. \u00bfC\u00f3mo es eso? S\u00ed, Jes\u00fas nos acompa\u00f1a, a todos nosotros, pecadores. \u00c9l no es un pecador, pero est\u00e1 entre nosotros. Y esto es algo hermoso. \u00ab\u00a1Padre, tengo tantos pecados!\u00bb. &#8211; \u00abPero Jes\u00fas est\u00e1 contigo: habla de ellos, \u00c9l te ayudar\u00e1 a salir de ellos\u00bb. Jes\u00fas nunca nos deja solos, \u00a1nunca! Piensa bien en esto. \u00ab\u00a1Oh Padre, he cometido algunos pecados graves!\u00bb. &#8211; \u00abPero Jes\u00fas te comprende y va contigo: comprende tu pecado y lo perdona\u00bb. \u00a1Nunca olvides esto! En los peores momentos, en los momentos en que resbalamos en los pecados, Jes\u00fas est\u00e1 a nuestro lado para ayudarnos a levantarnos. Esto da consolaci\u00f3n. No debemos perder esta certeza: Jes\u00fas est\u00e1 a nuestro lado para ayudarnos, para protegernos, incluso para levantarnos despu\u00e9s del pecado. \u00abPero, Padre, \u00bfes verdad que Jes\u00fas lo perdona todo?\u00bb. &#8211; \u00abTodo. \u00c9l vino a perdonar, a salvar. S\u00f3lo que Jes\u00fas quiere tu coraz\u00f3n abierto\u00bb. \u00c9l nunca se olvida de perdonar: somos nosotros, tantas veces, los que perdemos la capacidad de pedir perd\u00f3n.<\/p>\n<p>Retomemos esta capacidad de pedir perd\u00f3n. Cada uno de nosotros tiene muchas cosas por las que pedir perd\u00f3n: cada uno lo piense en su interior, y hoy hable con Jes\u00fas de ello. Cu\u00e9ntale esto a Jes\u00fas: \u00abSe\u00f1or, yo no s\u00e9 si esto es verdad o no, pero estoy seguro de que T\u00fa no te alejas de m\u00ed. Estoy seguro de que T\u00fa me perdonas. Se\u00f1or, soy un pecador, una pecadora, pero por favor no te alejes\u00bb. Esta ser\u00eda hoy una hermosa oraci\u00f3n a Jes\u00fas: \u00abSe\u00f1or, no te alejes de m\u00ed\u00bb.<\/p>\n<p>E inmediatamente despu\u00e9s del episodio del bautismo, los Evangelios relatan que Jes\u00fas se retira al desierto, donde fue tentado por Satan\u00e1s. Tambi\u00e9n en este caso surge la pregunta: \u00bfpor qu\u00e9 raz\u00f3n el Hijo de Dios debe conocer la tentaci\u00f3n? Tambi\u00e9n aqu\u00ed Jes\u00fas se muestra solidario con nuestra fr\u00e1gil naturaleza humana y se convierte en nuestro gran\u00a0<i>exemplum<\/i>: las tentaciones que atraviesa y que supera en medio de las \u00e1ridas piedras del desierto son la primera ense\u00f1anza que imparte a nuestra vida de disc\u00edpulos. \u00c9l experiment\u00f3 lo que nosotros tambi\u00e9n debemos prepararnos siempre para afrontar: la vida est\u00e1 hecha de desaf\u00edos, pruebas, encrucijadas, visiones opuestas, seducciones ocultas, voces contradictorias. Algunas voces son incluso persuasivas, tanto que Satan\u00e1s tent\u00f3 a Jes\u00fas recurriendo a las palabras de la Escritura. Es necesario custodiar la claridad interior para elegir el camino que conduce verdaderamente a la felicidad, y luego esforzarse para no pararse en el camino.<\/p>\n<p>Recordemos que siempre estamos divididos y luchamos entre extremos opuestos: el orgullo desaf\u00eda a la humildad; el odio se opone a la caridad; la tristeza impide la verdadera alegr\u00eda del Esp\u00edritu; el endurecimiento del coraz\u00f3n rechaza la misericordia. Los cristianos caminamos constantemente sobre estas crestas. Por eso es importante reflexionar sobre los vicios y las virtudes: nos ayuda a superar la cultura nihilista en la que los contornos entre el bien y el mal permanecen borrosos y, al mismo tiempo, nos recuerda que el ser humano, a diferencia de cualquier otra criatura, siempre puede trascenderse a s\u00ed mismo, abri\u00e9ndose a Dios y caminando hacia la santidad.<\/p>\n<p>El combate espiritual, entonces, nos conduce a mirar desde cerca aquellos vicios que nos encadenan y a caminar, con la gracia de Dios, hacia aquellas virtudes que pueden florecer en nosotros, llevando la primavera del Esp\u00edritu a nuestra vida.<\/p>\n<p>____________<\/p>\n<p><b>Saludos<\/b><\/p>\n<p>Saludo cordialmente a los peregrinos de lengua espa\u00f1ola. Hoy\u00a0recordamos la fiesta del Santo Nombre de Jes\u00fas. Pidamos al Se\u00f1or luz para mantenernos en el camino del bien y su gracia para perseverar en \u00e9l, sin temer los desaf\u00edos y las pruebas. Que Dios los bendiga y la Virgen santa los cuide. Muchas gracias.<\/p>\n<p>______________<\/p>\n<p><b>Resumen le\u00eddo en espa\u00f1ol por el Santo Padre\u00a0<\/b><\/p>\n<p>Queridos hermanos y hermanas:<\/p>\n<p>En esta segunda catequesis sobre las virtudes y los vicios, meditamos sobre el combate esoiritual. Toda nuestra vida es una lucha, marcada por los contrastes y las tentaciones, que son necesarias para avanzar en el camino de la virtud, pues nos pone de frente a la realidad de nuestra peque\u00f1ez.<\/p>\n<p>Quien considera que ya ha conseguido cierto grado de perfecci\u00f3n, que no necesita de conversi\u00f3n,\u00a0que no necesita confesarse,\u00a0o que no vale la pena el esfuerzo,\u00a0vive en la luna, vive en la obscuridad y no distingue el bien del mal. Por el contrario, debemos pedir a Jes\u00fas que nos d\u00e9 la capacidad y la fuerza de confrontarnos con nuestra debilidad, la valent\u00eda de abandonarnos a su misericordia y la sensatez de no bajar la guardia en este esfuerzo. El enemigo est\u00e1 al acecho y hay que estar alerta para no dejarse enga\u00f1ar.<\/p>\n<p><iframe loading=\"lazy\" title=\"Audiencia General - 03 enero 2023 - Papa Francisco\" width=\"500\" height=\"281\" src=\"https:\/\/www.youtube.com\/embed\/3AicufKe4jI?feature=oembed\" frameborder=\"0\" allow=\"accelerometer; autoplay; clipboard-write; encrypted-media; gyroscope; picture-in-picture; web-share\" referrerpolicy=\"strict-origin-when-cross-origin\" allowfullscreen><\/iframe><\/p>\n","protected":false},"excerpt":{"rendered":"<p>Audiencia General<\/p>\n","protected":false},"author":15,"featured_media":91405,"comment_status":"closed","ping_status":"closed","sticky":false,"template":"","format":"standard","meta":{"_acf_changed":false,"_crdt_document":"","inline_featured_image":false,"footnotes":""},"categories":[112,68],"tags":[179,11854,2419],"class_list":["post-91404","post","type-post","status-publish","format-standard","has-post-thumbnail","hentry","category-audiencia-general","category-leon-xiv","tag-audiencia-general","tag-el-combate-espiritual","tag-featured"],"acf":[],"yoast_head":"<!-- This site is optimized with the Yoast SEO plugin v27.5 - https:\/\/yoast.com\/product\/yoast-seo-wordpress\/ -->\n<title>&quot;Se\u00f1or, no te alejes de m\u00ed&quot; Jes\u00fas est\u00e1 a nuestro lado para ayudarnos a levantarnos &#8211; Exaudi<\/title>\n<meta name=\"robots\" content=\"index, follow, max-snippet:-1, max-image-preview:large, max-video-preview:-1\" \/>\n<link rel=\"canonical\" href=\"https:\/\/exaudi.org\/es\/senor-no-te-alejes-de-mi-jesus-esta-a-nuestro-lado-para-ayudarnos-a-levantarnos\/\" \/>\n<meta property=\"og:locale\" content=\"es_ES\" \/>\n<meta property=\"og:type\" content=\"article\" \/>\n<meta property=\"og:title\" content=\"&quot;Se\u00f1or, no te alejes de m\u00ed&quot; Jes\u00fas est\u00e1 a nuestro lado para ayudarnos a levantarnos &#8211; Exaudi\" \/>\n<meta property=\"og:description\" content=\"Audiencia General\" \/>\n<meta property=\"og:url\" content=\"https:\/\/exaudi.org\/es\/senor-no-te-alejes-de-mi-jesus-esta-a-nuestro-lado-para-ayudarnos-a-levantarnos\/\" \/>\n<meta property=\"og:site_name\" content=\"Exaudi\" \/>\n<meta property=\"article:publisher\" content=\"https:\/\/www.facebook.com\/ExaudiNews\" \/>\n<meta property=\"article:author\" content=\"https:\/\/www.facebook.com\/ExaudiNoticias\/\" \/>\n<meta property=\"article:published_time\" content=\"2024-01-03T12:53:44+00:00\" \/>\n<meta property=\"article:modified_time\" content=\"2024-01-03T13:01:29+00:00\" \/>\n<meta property=\"og:image\" content=\"https:\/\/exaudi.org\/wp-content\/uploads\/2024\/01\/cq5dam.web_.800.800-21.jpeg\" \/>\n\t<meta property=\"og:image:width\" content=\"800\" \/>\n\t<meta property=\"og:image:height\" content=\"533\" \/>\n\t<meta property=\"og:image:type\" content=\"image\/jpeg\" \/>\n<meta name=\"author\" content=\"Exaudi Redacci\u00f3n\" \/>\n<meta name=\"twitter:card\" content=\"summary_large_image\" \/>\n<meta name=\"twitter:creator\" content=\"@Exaudi_noticias\" \/>\n<meta name=\"twitter:site\" content=\"@Exaudi_News\" \/>\n<meta name=\"twitter:label1\" content=\"Escrito por\" \/>\n\t<meta name=\"twitter:data1\" content=\"Exaudi Redacci\u00f3n\" \/>\n\t<meta name=\"twitter:label2\" content=\"Tiempo de lectura\" \/>\n\t<meta name=\"twitter:data2\" content=\"8 minutos\" \/>\n<script type=\"application\/ld+json\" class=\"yoast-schema-graph\">{\"@context\":\"https:\\\/\\\/schema.org\",\"@graph\":[{\"@type\":\"Article\",\"@id\":\"https:\\\/\\\/exaudi.org\\\/es\\\/senor-no-te-alejes-de-mi-jesus-esta-a-nuestro-lado-para-ayudarnos-a-levantarnos\\\/#article\",\"isPartOf\":{\"@id\":\"https:\\\/\\\/exaudi.org\\\/es\\\/senor-no-te-alejes-de-mi-jesus-esta-a-nuestro-lado-para-ayudarnos-a-levantarnos\\\/\"},\"author\":{\"name\":\"Exaudi Redacci\u00f3n\",\"@id\":\"https:\\\/\\\/exaudi.org\\\/#\\\/schema\\\/person\\\/f5fc8f063065e38742da7afe15f25df7\"},\"headline\":\"\u00abSe\u00f1or, no te alejes de m\u00ed\u00bb Jes\u00fas est\u00e1 a nuestro lado para ayudarnos a levantarnos\",\"datePublished\":\"2024-01-03T12:53:44+00:00\",\"dateModified\":\"2024-01-03T13:01:29+00:00\",\"mainEntityOfPage\":{\"@id\":\"https:\\\/\\\/exaudi.org\\\/es\\\/senor-no-te-alejes-de-mi-jesus-esta-a-nuestro-lado-para-ayudarnos-a-levantarnos\\\/\"},\"wordCount\":1653,\"image\":{\"@id\":\"https:\\\/\\\/exaudi.org\\\/es\\\/senor-no-te-alejes-de-mi-jesus-esta-a-nuestro-lado-para-ayudarnos-a-levantarnos\\\/#primaryimage\"},\"thumbnailUrl\":\"https:\\\/\\\/exaudi.org\\\/wp-content\\\/uploads\\\/2024\\\/01\\\/cq5dam.web_.800.800-21.jpeg\",\"keywords\":[\"audiencia general\",\"El Combate Espiritual\",\"Featured\"],\"articleSection\":[\"Audiencia General\",\"Le\u00f3n XIV\"],\"inLanguage\":\"es\"},{\"@type\":\"WebPage\",\"@id\":\"https:\\\/\\\/exaudi.org\\\/es\\\/senor-no-te-alejes-de-mi-jesus-esta-a-nuestro-lado-para-ayudarnos-a-levantarnos\\\/\",\"url\":\"https:\\\/\\\/exaudi.org\\\/es\\\/senor-no-te-alejes-de-mi-jesus-esta-a-nuestro-lado-para-ayudarnos-a-levantarnos\\\/\",\"name\":\"\\\"Se\u00f1or, no te alejes de m\u00ed\\\" Jes\u00fas est\u00e1 a nuestro lado para ayudarnos a levantarnos &#8211; Exaudi\",\"isPartOf\":{\"@id\":\"https:\\\/\\\/exaudi.org\\\/#website\"},\"primaryImageOfPage\":{\"@id\":\"https:\\\/\\\/exaudi.org\\\/es\\\/senor-no-te-alejes-de-mi-jesus-esta-a-nuestro-lado-para-ayudarnos-a-levantarnos\\\/#primaryimage\"},\"image\":{\"@id\":\"https:\\\/\\\/exaudi.org\\\/es\\\/senor-no-te-alejes-de-mi-jesus-esta-a-nuestro-lado-para-ayudarnos-a-levantarnos\\\/#primaryimage\"},\"thumbnailUrl\":\"https:\\\/\\\/exaudi.org\\\/wp-content\\\/uploads\\\/2024\\\/01\\\/cq5dam.web_.800.800-21.jpeg\",\"datePublished\":\"2024-01-03T12:53:44+00:00\",\"dateModified\":\"2024-01-03T13:01:29+00:00\",\"author\":{\"@id\":\"https:\\\/\\\/exaudi.org\\\/#\\\/schema\\\/person\\\/f5fc8f063065e38742da7afe15f25df7\"},\"breadcrumb\":{\"@id\":\"https:\\\/\\\/exaudi.org\\\/es\\\/senor-no-te-alejes-de-mi-jesus-esta-a-nuestro-lado-para-ayudarnos-a-levantarnos\\\/#breadcrumb\"},\"inLanguage\":\"es\",\"potentialAction\":[{\"@type\":\"ReadAction\",\"target\":[\"https:\\\/\\\/exaudi.org\\\/es\\\/senor-no-te-alejes-de-mi-jesus-esta-a-nuestro-lado-para-ayudarnos-a-levantarnos\\\/\"]}]},{\"@type\":\"ImageObject\",\"inLanguage\":\"es\",\"@id\":\"https:\\\/\\\/exaudi.org\\\/es\\\/senor-no-te-alejes-de-mi-jesus-esta-a-nuestro-lado-para-ayudarnos-a-levantarnos\\\/#primaryimage\",\"url\":\"https:\\\/\\\/exaudi.org\\\/wp-content\\\/uploads\\\/2024\\\/01\\\/cq5dam.web_.800.800-21.jpeg\",\"contentUrl\":\"https:\\\/\\\/exaudi.org\\\/wp-content\\\/uploads\\\/2024\\\/01\\\/cq5dam.web_.800.800-21.jpeg\",\"width\":800,\"height\":533},{\"@type\":\"BreadcrumbList\",\"@id\":\"https:\\\/\\\/exaudi.org\\\/es\\\/senor-no-te-alejes-de-mi-jesus-esta-a-nuestro-lado-para-ayudarnos-a-levantarnos\\\/#breadcrumb\",\"itemListElement\":[{\"@type\":\"ListItem\",\"position\":1,\"name\":\"Portada\",\"item\":\"https:\\\/\\\/exaudi.org\\\/es\\\/\"},{\"@type\":\"ListItem\",\"position\":2,\"name\":\"\u00abSe\u00f1or, no te alejes de m\u00ed\u00bb Jes\u00fas est\u00e1 a nuestro lado para ayudarnos a levantarnos\"}]},{\"@type\":\"WebSite\",\"@id\":\"https:\\\/\\\/exaudi.org\\\/#website\",\"url\":\"https:\\\/\\\/exaudi.org\\\/\",\"name\":\"Exaudi\",\"description\":\"News\",\"potentialAction\":[{\"@type\":\"SearchAction\",\"target\":{\"@type\":\"EntryPoint\",\"urlTemplate\":\"https:\\\/\\\/exaudi.org\\\/?s={search_term_string}\"},\"query-input\":{\"@type\":\"PropertyValueSpecification\",\"valueRequired\":true,\"valueName\":\"search_term_string\"}}],\"inLanguage\":\"es\"},{\"@type\":\"Person\",\"@id\":\"https:\\\/\\\/exaudi.org\\\/#\\\/schema\\\/person\\\/f5fc8f063065e38742da7afe15f25df7\",\"name\":\"Exaudi Redacci\u00f3n\",\"image\":{\"@type\":\"ImageObject\",\"inLanguage\":\"es\",\"@id\":\"https:\\\/\\\/secure.gravatar.com\\\/avatar\\\/fe0f6a059fb68d9b3e11bc5850dd4899b1c7492091a3cb6dd9b01b56ad828be2?s=96&d=mm&r=g\",\"url\":\"https:\\\/\\\/secure.gravatar.com\\\/avatar\\\/fe0f6a059fb68d9b3e11bc5850dd4899b1c7492091a3cb6dd9b01b56ad828be2?s=96&d=mm&r=g\",\"contentUrl\":\"https:\\\/\\\/secure.gravatar.com\\\/avatar\\\/fe0f6a059fb68d9b3e11bc5850dd4899b1c7492091a3cb6dd9b01b56ad828be2?s=96&d=mm&r=g\",\"caption\":\"Exaudi Redacci\u00f3n\"},\"description\":\"\u00bfQu\u00e9 es Exaudi News? Exaudi News es un medio de comunicaci\u00f3n cat\u00f3lico internacional que informa, forma y transforma, diariamente en espa\u00f1ol, ingl\u00e9s e italiano. A trav\u00e9s de noticias, art\u00edculos de an\u00e1lisis y transmisiones en directo de los eventos del Papa, Exaudi busca fortalecer la unidad de los cristianos y contribuir a la evangelizaci\u00f3n del mundo, siempre guiados por la doctrina social de la Iglesia. Trabajamos para acercar la verdad y los valores cristianos a cada rinc\u00f3n del planeta. \u00a1Ay\u00fadanos a transformar el mundo con Exaudi! En Exaudi creemos que la evangelizaci\u00f3n y la informaci\u00f3n de calidad pueden cambiar vidas. Para continuar con nuestra misi\u00f3n y expandir nuestro alcance, necesitamos tu ayuda. Adem\u00e1s, buscamos personas comprometidas que deseen unirse a nuestro equipo. Con tu apoyo, lograremos llegar a m\u00e1s personas, difundir el mensaje de Cristo y reforzar la unidad de los cristianos. \u00bfTe unes a nuestra misi\u00f3n? Para m\u00e1s informaci\u00f3n sobre c\u00f3mo colaborar, visita Exaudi.org\\\/es o cont\u00e1ctanos directamente: info@exaudi.org Exaudi: Informa, forma y transforma.\",\"sameAs\":[\"https:\\\/\\\/www.facebook.com\\\/ExaudiNoticias\\\/\",\"https:\\\/\\\/www.instagram.com\\\/exaudi_noticias\\\/\",\"https:\\\/\\\/x.com\\\/Exaudi_noticias\",\"https:\\\/\\\/www.youtube.com\\\/@exaudicatholicnews\"],\"url\":\"https:\\\/\\\/exaudi.org\\\/es\\\/author\\\/redaccionexaudi\\\/\"}]}<\/script>\n<!-- \/ Yoast SEO plugin. -->","yoast_head_json":{"title":"\"Se\u00f1or, no te alejes de m\u00ed\" Jes\u00fas est\u00e1 a nuestro lado para ayudarnos a levantarnos &#8211; Exaudi","robots":{"index":"index","follow":"follow","max-snippet":"max-snippet:-1","max-image-preview":"max-image-preview:large","max-video-preview":"max-video-preview:-1"},"canonical":"https:\/\/exaudi.org\/es\/senor-no-te-alejes-de-mi-jesus-esta-a-nuestro-lado-para-ayudarnos-a-levantarnos\/","og_locale":"es_ES","og_type":"article","og_title":"\"Se\u00f1or, no te alejes de m\u00ed\" Jes\u00fas est\u00e1 a nuestro lado para ayudarnos a levantarnos &#8211; Exaudi","og_description":"Audiencia General","og_url":"https:\/\/exaudi.org\/es\/senor-no-te-alejes-de-mi-jesus-esta-a-nuestro-lado-para-ayudarnos-a-levantarnos\/","og_site_name":"Exaudi","article_publisher":"https:\/\/www.facebook.com\/ExaudiNews","article_author":"https:\/\/www.facebook.com\/ExaudiNoticias\/","article_published_time":"2024-01-03T12:53:44+00:00","article_modified_time":"2024-01-03T13:01:29+00:00","og_image":[{"width":800,"height":533,"url":"https:\/\/exaudi.org\/wp-content\/uploads\/2024\/01\/cq5dam.web_.800.800-21.jpeg","type":"image\/jpeg"}],"author":"Exaudi Redacci\u00f3n","twitter_card":"summary_large_image","twitter_creator":"@Exaudi_noticias","twitter_site":"@Exaudi_News","twitter_misc":{"Escrito por":"Exaudi Redacci\u00f3n","Tiempo de lectura":"8 minutos"},"schema":{"@context":"https:\/\/schema.org","@graph":[{"@type":"Article","@id":"https:\/\/exaudi.org\/es\/senor-no-te-alejes-de-mi-jesus-esta-a-nuestro-lado-para-ayudarnos-a-levantarnos\/#article","isPartOf":{"@id":"https:\/\/exaudi.org\/es\/senor-no-te-alejes-de-mi-jesus-esta-a-nuestro-lado-para-ayudarnos-a-levantarnos\/"},"author":{"name":"Exaudi Redacci\u00f3n","@id":"https:\/\/exaudi.org\/#\/schema\/person\/f5fc8f063065e38742da7afe15f25df7"},"headline":"\u00abSe\u00f1or, no te alejes de m\u00ed\u00bb Jes\u00fas est\u00e1 a nuestro lado para ayudarnos a levantarnos","datePublished":"2024-01-03T12:53:44+00:00","dateModified":"2024-01-03T13:01:29+00:00","mainEntityOfPage":{"@id":"https:\/\/exaudi.org\/es\/senor-no-te-alejes-de-mi-jesus-esta-a-nuestro-lado-para-ayudarnos-a-levantarnos\/"},"wordCount":1653,"image":{"@id":"https:\/\/exaudi.org\/es\/senor-no-te-alejes-de-mi-jesus-esta-a-nuestro-lado-para-ayudarnos-a-levantarnos\/#primaryimage"},"thumbnailUrl":"https:\/\/exaudi.org\/wp-content\/uploads\/2024\/01\/cq5dam.web_.800.800-21.jpeg","keywords":["audiencia general","El Combate Espiritual","Featured"],"articleSection":["Audiencia General","Le\u00f3n XIV"],"inLanguage":"es"},{"@type":"WebPage","@id":"https:\/\/exaudi.org\/es\/senor-no-te-alejes-de-mi-jesus-esta-a-nuestro-lado-para-ayudarnos-a-levantarnos\/","url":"https:\/\/exaudi.org\/es\/senor-no-te-alejes-de-mi-jesus-esta-a-nuestro-lado-para-ayudarnos-a-levantarnos\/","name":"\"Se\u00f1or, no te alejes de m\u00ed\" Jes\u00fas est\u00e1 a nuestro lado para ayudarnos a levantarnos &#8211; Exaudi","isPartOf":{"@id":"https:\/\/exaudi.org\/#website"},"primaryImageOfPage":{"@id":"https:\/\/exaudi.org\/es\/senor-no-te-alejes-de-mi-jesus-esta-a-nuestro-lado-para-ayudarnos-a-levantarnos\/#primaryimage"},"image":{"@id":"https:\/\/exaudi.org\/es\/senor-no-te-alejes-de-mi-jesus-esta-a-nuestro-lado-para-ayudarnos-a-levantarnos\/#primaryimage"},"thumbnailUrl":"https:\/\/exaudi.org\/wp-content\/uploads\/2024\/01\/cq5dam.web_.800.800-21.jpeg","datePublished":"2024-01-03T12:53:44+00:00","dateModified":"2024-01-03T13:01:29+00:00","author":{"@id":"https:\/\/exaudi.org\/#\/schema\/person\/f5fc8f063065e38742da7afe15f25df7"},"breadcrumb":{"@id":"https:\/\/exaudi.org\/es\/senor-no-te-alejes-de-mi-jesus-esta-a-nuestro-lado-para-ayudarnos-a-levantarnos\/#breadcrumb"},"inLanguage":"es","potentialAction":[{"@type":"ReadAction","target":["https:\/\/exaudi.org\/es\/senor-no-te-alejes-de-mi-jesus-esta-a-nuestro-lado-para-ayudarnos-a-levantarnos\/"]}]},{"@type":"ImageObject","inLanguage":"es","@id":"https:\/\/exaudi.org\/es\/senor-no-te-alejes-de-mi-jesus-esta-a-nuestro-lado-para-ayudarnos-a-levantarnos\/#primaryimage","url":"https:\/\/exaudi.org\/wp-content\/uploads\/2024\/01\/cq5dam.web_.800.800-21.jpeg","contentUrl":"https:\/\/exaudi.org\/wp-content\/uploads\/2024\/01\/cq5dam.web_.800.800-21.jpeg","width":800,"height":533},{"@type":"BreadcrumbList","@id":"https:\/\/exaudi.org\/es\/senor-no-te-alejes-de-mi-jesus-esta-a-nuestro-lado-para-ayudarnos-a-levantarnos\/#breadcrumb","itemListElement":[{"@type":"ListItem","position":1,"name":"Portada","item":"https:\/\/exaudi.org\/es\/"},{"@type":"ListItem","position":2,"name":"\u00abSe\u00f1or, no te alejes de m\u00ed\u00bb Jes\u00fas est\u00e1 a nuestro lado para ayudarnos a levantarnos"}]},{"@type":"WebSite","@id":"https:\/\/exaudi.org\/#website","url":"https:\/\/exaudi.org\/","name":"Exaudi","description":"News","potentialAction":[{"@type":"SearchAction","target":{"@type":"EntryPoint","urlTemplate":"https:\/\/exaudi.org\/?s={search_term_string}"},"query-input":{"@type":"PropertyValueSpecification","valueRequired":true,"valueName":"search_term_string"}}],"inLanguage":"es"},{"@type":"Person","@id":"https:\/\/exaudi.org\/#\/schema\/person\/f5fc8f063065e38742da7afe15f25df7","name":"Exaudi Redacci\u00f3n","image":{"@type":"ImageObject","inLanguage":"es","@id":"https:\/\/secure.gravatar.com\/avatar\/fe0f6a059fb68d9b3e11bc5850dd4899b1c7492091a3cb6dd9b01b56ad828be2?s=96&d=mm&r=g","url":"https:\/\/secure.gravatar.com\/avatar\/fe0f6a059fb68d9b3e11bc5850dd4899b1c7492091a3cb6dd9b01b56ad828be2?s=96&d=mm&r=g","contentUrl":"https:\/\/secure.gravatar.com\/avatar\/fe0f6a059fb68d9b3e11bc5850dd4899b1c7492091a3cb6dd9b01b56ad828be2?s=96&d=mm&r=g","caption":"Exaudi Redacci\u00f3n"},"description":"\u00bfQu\u00e9 es Exaudi News? Exaudi News es un medio de comunicaci\u00f3n cat\u00f3lico internacional que informa, forma y transforma, diariamente en espa\u00f1ol, ingl\u00e9s e italiano. A trav\u00e9s de noticias, art\u00edculos de an\u00e1lisis y transmisiones en directo de los eventos del Papa, Exaudi busca fortalecer la unidad de los cristianos y contribuir a la evangelizaci\u00f3n del mundo, siempre guiados por la doctrina social de la Iglesia. Trabajamos para acercar la verdad y los valores cristianos a cada rinc\u00f3n del planeta. \u00a1Ay\u00fadanos a transformar el mundo con Exaudi! En Exaudi creemos que la evangelizaci\u00f3n y la informaci\u00f3n de calidad pueden cambiar vidas. Para continuar con nuestra misi\u00f3n y expandir nuestro alcance, necesitamos tu ayuda. Adem\u00e1s, buscamos personas comprometidas que deseen unirse a nuestro equipo. Con tu apoyo, lograremos llegar a m\u00e1s personas, difundir el mensaje de Cristo y reforzar la unidad de los cristianos. \u00bfTe unes a nuestra misi\u00f3n? Para m\u00e1s informaci\u00f3n sobre c\u00f3mo colaborar, visita Exaudi.org\/es o cont\u00e1ctanos directamente: info@exaudi.org Exaudi: Informa, forma y transforma.","sameAs":["https:\/\/www.facebook.com\/ExaudiNoticias\/","https:\/\/www.instagram.com\/exaudi_noticias\/","https:\/\/x.com\/Exaudi_noticias","https:\/\/www.youtube.com\/@exaudicatholicnews"],"url":"https:\/\/exaudi.org\/es\/author\/redaccionexaudi\/"}]}},"jetpack_featured_media_url":"https:\/\/exaudi.org\/wp-content\/uploads\/2024\/01\/cq5dam.web_.800.800-21.jpeg","jetpack_shortlink":"https:\/\/wp.me\/pgKjF2-nMg","_links":{"self":[{"href":"https:\/\/exaudi.org\/es\/wp-json\/wp\/v2\/posts\/91404","targetHints":{"allow":["GET"]}}],"collection":[{"href":"https:\/\/exaudi.org\/es\/wp-json\/wp\/v2\/posts"}],"about":[{"href":"https:\/\/exaudi.org\/es\/wp-json\/wp\/v2\/types\/post"}],"author":[{"embeddable":true,"href":"https:\/\/exaudi.org\/es\/wp-json\/wp\/v2\/users\/15"}],"replies":[{"embeddable":true,"href":"https:\/\/exaudi.org\/es\/wp-json\/wp\/v2\/comments?post=91404"}],"version-history":[{"count":0,"href":"https:\/\/exaudi.org\/es\/wp-json\/wp\/v2\/posts\/91404\/revisions"}],"wp:featuredmedia":[{"embeddable":true,"href":"https:\/\/exaudi.org\/es\/wp-json\/wp\/v2\/media\/91405"}],"wp:attachment":[{"href":"https:\/\/exaudi.org\/es\/wp-json\/wp\/v2\/media?parent=91404"}],"wp:term":[{"taxonomy":"category","embeddable":true,"href":"https:\/\/exaudi.org\/es\/wp-json\/wp\/v2\/categories?post=91404"},{"taxonomy":"post_tag","embeddable":true,"href":"https:\/\/exaudi.org\/es\/wp-json\/wp\/v2\/tags?post=91404"}],"curies":[{"name":"wp","href":"https:\/\/api.w.org\/{rel}","templated":true}]}}