{"id":91397,"date":"2024-01-03T09:04:50","date_gmt":"2024-01-03T08:04:50","guid":{"rendered":"https:\/\/exaudi.org\/?p=91397"},"modified":"2024-01-03T09:55:27","modified_gmt":"2024-01-03T08:55:27","slug":"el-papa-hay-que-alegrarse-de-vivir-la-diversidad-de-carismas-en-la-iglesia","status":"publish","type":"post","link":"https:\/\/exaudi.org\/es\/el-papa-hay-que-alegrarse-de-vivir-la-diversidad-de-carismas-en-la-iglesia\/","title":{"rendered":"El Papa: Hay que alegrarse de vivir la diversidad de carismas en la Iglesia"},"content":{"rendered":"<audio class=\"wp-audio-shortcode\" id=\"audio-91397-1\" preload=\"none\" style=\"width: 100%;\" controls=\"controls\"><source type=\"audio\/mpeg\" src=\"https:\/\/exaudi.org\/wp-content\/uploads\/2024\/01\/SaveTube.io-Por-el-don-de-la-diversidad-en-la-Iglesia-\u2013-El-Video-del-Papa-1-\u2013-Enero-2024-128-kbps.mp3?_=1\" \/><a href=\"https:\/\/exaudi.org\/wp-content\/uploads\/2024\/01\/SaveTube.io-Por-el-don-de-la-diversidad-en-la-Iglesia-\u2013-El-Video-del-Papa-1-\u2013-Enero-2024-128-kbps.mp3\">https:\/\/exaudi.org\/wp-content\/uploads\/2024\/01\/SaveTube.io-Por-el-don-de-la-diversidad-en-la-Iglesia-\u2013-El-Video-del-Papa-1-\u2013-Enero-2024-128-kbps.mp3<\/a><\/audio>\n<p>\u201cNo hay que tenerle miedo a la diversidad de carismas en la Iglesia. Al contrario, hay que alegrarse de vivir esta diversidad\u201d: con estas palabras el Papa Francisco inicia el video mensaje dirigido a toda la Iglesia, a trav\u00e9s de la Red Mundial de Oraci\u00f3n del Papa, con su intenci\u00f3n de oraci\u00f3n para el primer mes del 2024.<\/p>\n<p>Ya en las primeras comunidades cristianas, diversidad y unidad estaban muy presentes y en una tensi\u00f3n que debe resolverse en un plano superior. M\u00e1s a\u00fan. Para avanzar por el camino de la fe necesitamos tambi\u00e9n el di\u00e1logo ecum\u00e9nico con los hermanos y hermanas de otras confesiones y comunidades cristianas.<\/p>\n<p>En el Video del Papa, Francisco se\u00f1ala que la diversidad no es \u201calgo que confunde o que molesta\u201d sino \u201cun regalo que Dios hace a la comunidad cristiana para que crezca como un solo cuerpo, el cuerpo de Cristo\u201d.<\/p>\n<h3><strong>Con el Esp\u00edritu, la diversidad nunca es causa de conflicto<\/strong><\/h3>\n<p>Cita como ejemplo a las Iglesias Orientales que \u201ctienen unas tradiciones propias, unos ritos lit\u00fargicos caracter\u00edsticos, pero mantienen la unidad de la fe. La refuerzan, no la dividen\u201d. Y a continuaci\u00f3n, remarca:<\/p>\n<p>Si nos guiamos por el Esp\u00edritu Santo, la riqueza, la variedad, la diversidad nunca provocan un conflicto. El Esp\u00edritu nos recuerda que ante todo somos hijos amados de Dios. Todos iguales en el amor de Dios y todos diferentes.<\/p>\n<h3><strong>La riqueza del don de la diversidad<\/strong><\/h3>\n<p>Finalmente, el Santo Padre invita a orar \u201cal Esp\u00edritu Santo para que nos ayude a reconocer el don de los diferentes carismas dentro de las comunidades cristianas y a descubrir la riqueza de las diferentes tradiciones rituales dentro de la Iglesia Cat\u00f3lica\u201d.<\/p>\n<h3><strong>Unidos ante la cruz<\/strong><\/h3>\n<p>El hilo conductor del Video del Papa de este mes es la cruz, s\u00edmbolo de unidad y diversidad: una cruz que aparece en puertas, en monta\u00f1as, en iglesias, para mostrar la riqueza de las distintas comunidades cristianas, precisamente en sus diferencias. La cruz es \u00abel madero en el que Dios escribi\u00f3 su Evangelio\u201d, escribi\u00f3 la poetisa Alda Merini; es mucho m\u00e1s que un objeto de devoci\u00f3n, en definitiva, es el misterio de amor ante el que se encuentran todos los cristianos, m\u00e1s all\u00e1 de su confesi\u00f3n, tradici\u00f3n y rito.<\/p>\n<p>Por ello, el Video del Papa termina con la imagen de una enorme cruz formada por miles de cristianos de diversas procedencias, retomando metaf\u00f3ricamente el llamamiento del Santo Padre para que \u201cla comunidad cristiana crezca como un solo cuerpo, el cuerpo de Cristo\u201d.<\/p>\n<p>En el hemisferio norte, el mes de enero est\u00e1 marcado por la Semana de Oraci\u00f3n por la Unidad de los Cristianos, que en este a\u00f1o se celebra sobre el tema \u201cAmar\u00e1s al Se\u00f1or tu Dios&#8230; y a tu pr\u00f3jimo como a ti mismo\u201d (Lucas 10, 27).<\/p>\n<p><iframe loading=\"lazy\" title=\"Por el don de la diversidad en la Iglesia \u2013 El Video del Papa 1 \u2013 Enero 2024\" width=\"500\" height=\"281\" src=\"https:\/\/www.youtube.com\/embed\/dUaJb0mDBuU?feature=oembed\" frameborder=\"0\" allow=\"accelerometer; autoplay; clipboard-write; encrypted-media; gyroscope; picture-in-picture; web-share\" referrerpolicy=\"strict-origin-when-cross-origin\" allowfullscreen><\/iframe><\/p>\n","protected":false},"excerpt":{"rendered":"<p>El Papa Francisco propone a los fieles rezar para reconocer la variedad de carismas dentro de la Iglesia como un \u00abdon de Dios\u00bb y no como un \u00abmotivo de conflicto\u00bb.<\/p>\n","protected":false},"author":15,"featured_media":91398,"comment_status":"closed","ping_status":"closed","sticky":false,"template":"","format":"standard","meta":{"_acf_changed":false,"_crdt_document":"","inline_featured_image":false,"footnotes":""},"categories":[68],"tags":[9426,11853,9315,158,4953],"class_list":["post-91397","post","type-post","status-publish","format-standard","has-post-thumbnail","hentry","category-leon-xiv","tag-el-video-del-papa","tag-enero","tag-intencion","tag-papa-francisco","tag-trending-es"],"acf":[],"yoast_head":"<!-- This site is optimized with the Yoast SEO plugin v27.5 - https:\/\/yoast.com\/product\/yoast-seo-wordpress\/ -->\n<title>El Papa: Hay que alegrarse de vivir la diversidad de carismas en la Iglesia &#8211; Exaudi<\/title>\n<meta name=\"robots\" content=\"index, follow, max-snippet:-1, max-image-preview:large, max-video-preview:-1\" \/>\n<link rel=\"canonical\" href=\"https:\/\/exaudi.org\/es\/el-papa-hay-que-alegrarse-de-vivir-la-diversidad-de-carismas-en-la-iglesia\/\" \/>\n<meta property=\"og:locale\" content=\"es_ES\" \/>\n<meta property=\"og:type\" content=\"article\" \/>\n<meta property=\"og:title\" content=\"El Papa: Hay que alegrarse de vivir la diversidad de carismas en la Iglesia &#8211; Exaudi\" \/>\n<meta property=\"og:description\" content=\"El Papa Francisco propone a los fieles rezar para reconocer la variedad de carismas dentro de la Iglesia como un &quot;don de Dios&quot; y no como un &quot;motivo de conflicto&quot;.\" \/>\n<meta property=\"og:url\" content=\"https:\/\/exaudi.org\/es\/el-papa-hay-que-alegrarse-de-vivir-la-diversidad-de-carismas-en-la-iglesia\/\" \/>\n<meta property=\"og:site_name\" content=\"Exaudi\" \/>\n<meta property=\"article:publisher\" content=\"https:\/\/www.facebook.com\/ExaudiNews\" \/>\n<meta property=\"article:author\" content=\"https:\/\/www.facebook.com\/ExaudiNoticias\/\" \/>\n<meta property=\"article:published_time\" content=\"2024-01-03T08:04:50+00:00\" \/>\n<meta property=\"article:modified_time\" content=\"2024-01-03T08:55:27+00:00\" \/>\n<meta property=\"og:image\" content=\"https:\/\/exaudi.org\/wp-content\/uploads\/2024\/01\/Official-Image-TPV-1-2024-ES-Por-el-don-de-la-diversidad-en-la-Iglesia-2667x1500-1-1024x576.png\" \/>\n\t<meta property=\"og:image:width\" content=\"1024\" \/>\n\t<meta property=\"og:image:height\" content=\"576\" \/>\n\t<meta property=\"og:image:type\" content=\"image\/png\" \/>\n<meta name=\"author\" content=\"Exaudi Redacci\u00f3n\" \/>\n<meta name=\"twitter:card\" content=\"summary_large_image\" \/>\n<meta name=\"twitter:creator\" content=\"@Exaudi_noticias\" \/>\n<meta name=\"twitter:site\" content=\"@Exaudi_News\" \/>\n<meta name=\"twitter:label1\" content=\"Escrito por\" \/>\n\t<meta name=\"twitter:data1\" content=\"Exaudi Redacci\u00f3n\" \/>\n\t<meta name=\"twitter:label2\" content=\"Tiempo de lectura\" \/>\n\t<meta name=\"twitter:data2\" content=\"3 minutos\" \/>\n<script type=\"application\/ld+json\" class=\"yoast-schema-graph\">{\"@context\":\"https:\\\/\\\/schema.org\",\"@graph\":[{\"@type\":\"Article\",\"@id\":\"https:\\\/\\\/exaudi.org\\\/es\\\/el-papa-hay-que-alegrarse-de-vivir-la-diversidad-de-carismas-en-la-iglesia\\\/#article\",\"isPartOf\":{\"@id\":\"https:\\\/\\\/exaudi.org\\\/es\\\/el-papa-hay-que-alegrarse-de-vivir-la-diversidad-de-carismas-en-la-iglesia\\\/\"},\"author\":{\"name\":\"Exaudi Redacci\u00f3n\",\"@id\":\"https:\\\/\\\/exaudi.org\\\/#\\\/schema\\\/person\\\/f5fc8f063065e38742da7afe15f25df7\"},\"headline\":\"El Papa: Hay que alegrarse de vivir la diversidad de carismas en la Iglesia\",\"datePublished\":\"2024-01-03T08:04:50+00:00\",\"dateModified\":\"2024-01-03T08:55:27+00:00\",\"mainEntityOfPage\":{\"@id\":\"https:\\\/\\\/exaudi.org\\\/es\\\/el-papa-hay-que-alegrarse-de-vivir-la-diversidad-de-carismas-en-la-iglesia\\\/\"},\"wordCount\":522,\"image\":{\"@id\":\"https:\\\/\\\/exaudi.org\\\/es\\\/el-papa-hay-que-alegrarse-de-vivir-la-diversidad-de-carismas-en-la-iglesia\\\/#primaryimage\"},\"thumbnailUrl\":\"https:\\\/\\\/exaudi.org\\\/wp-content\\\/uploads\\\/2024\\\/01\\\/Official-Image-TPV-1-2024-ES-Por-el-don-de-la-diversidad-en-la-Iglesia-2667x1500-1.png\",\"keywords\":[\"El video del Papa\",\"Enero\",\"Intenci\u00f3n\",\"papa francisco\",\"Trending\"],\"articleSection\":[\"Le\u00f3n XIV\"],\"inLanguage\":\"es\"},{\"@type\":\"WebPage\",\"@id\":\"https:\\\/\\\/exaudi.org\\\/es\\\/el-papa-hay-que-alegrarse-de-vivir-la-diversidad-de-carismas-en-la-iglesia\\\/\",\"url\":\"https:\\\/\\\/exaudi.org\\\/es\\\/el-papa-hay-que-alegrarse-de-vivir-la-diversidad-de-carismas-en-la-iglesia\\\/\",\"name\":\"El Papa: Hay que alegrarse de vivir la diversidad de carismas en la Iglesia &#8211; Exaudi\",\"isPartOf\":{\"@id\":\"https:\\\/\\\/exaudi.org\\\/#website\"},\"primaryImageOfPage\":{\"@id\":\"https:\\\/\\\/exaudi.org\\\/es\\\/el-papa-hay-que-alegrarse-de-vivir-la-diversidad-de-carismas-en-la-iglesia\\\/#primaryimage\"},\"image\":{\"@id\":\"https:\\\/\\\/exaudi.org\\\/es\\\/el-papa-hay-que-alegrarse-de-vivir-la-diversidad-de-carismas-en-la-iglesia\\\/#primaryimage\"},\"thumbnailUrl\":\"https:\\\/\\\/exaudi.org\\\/wp-content\\\/uploads\\\/2024\\\/01\\\/Official-Image-TPV-1-2024-ES-Por-el-don-de-la-diversidad-en-la-Iglesia-2667x1500-1.png\",\"datePublished\":\"2024-01-03T08:04:50+00:00\",\"dateModified\":\"2024-01-03T08:55:27+00:00\",\"author\":{\"@id\":\"https:\\\/\\\/exaudi.org\\\/#\\\/schema\\\/person\\\/f5fc8f063065e38742da7afe15f25df7\"},\"breadcrumb\":{\"@id\":\"https:\\\/\\\/exaudi.org\\\/es\\\/el-papa-hay-que-alegrarse-de-vivir-la-diversidad-de-carismas-en-la-iglesia\\\/#breadcrumb\"},\"inLanguage\":\"es\",\"potentialAction\":[{\"@type\":\"ReadAction\",\"target\":[\"https:\\\/\\\/exaudi.org\\\/es\\\/el-papa-hay-que-alegrarse-de-vivir-la-diversidad-de-carismas-en-la-iglesia\\\/\"]}]},{\"@type\":\"ImageObject\",\"inLanguage\":\"es\",\"@id\":\"https:\\\/\\\/exaudi.org\\\/es\\\/el-papa-hay-que-alegrarse-de-vivir-la-diversidad-de-carismas-en-la-iglesia\\\/#primaryimage\",\"url\":\"https:\\\/\\\/exaudi.org\\\/wp-content\\\/uploads\\\/2024\\\/01\\\/Official-Image-TPV-1-2024-ES-Por-el-don-de-la-diversidad-en-la-Iglesia-2667x1500-1.png\",\"contentUrl\":\"https:\\\/\\\/exaudi.org\\\/wp-content\\\/uploads\\\/2024\\\/01\\\/Official-Image-TPV-1-2024-ES-Por-el-don-de-la-diversidad-en-la-Iglesia-2667x1500-1.png\",\"width\":2560,\"height\":1440},{\"@type\":\"BreadcrumbList\",\"@id\":\"https:\\\/\\\/exaudi.org\\\/es\\\/el-papa-hay-que-alegrarse-de-vivir-la-diversidad-de-carismas-en-la-iglesia\\\/#breadcrumb\",\"itemListElement\":[{\"@type\":\"ListItem\",\"position\":1,\"name\":\"Portada\",\"item\":\"https:\\\/\\\/exaudi.org\\\/es\\\/\"},{\"@type\":\"ListItem\",\"position\":2,\"name\":\"El Papa: Hay que alegrarse de vivir la diversidad de carismas en la Iglesia\"}]},{\"@type\":\"WebSite\",\"@id\":\"https:\\\/\\\/exaudi.org\\\/#website\",\"url\":\"https:\\\/\\\/exaudi.org\\\/\",\"name\":\"Exaudi\",\"description\":\"News\",\"potentialAction\":[{\"@type\":\"SearchAction\",\"target\":{\"@type\":\"EntryPoint\",\"urlTemplate\":\"https:\\\/\\\/exaudi.org\\\/?s={search_term_string}\"},\"query-input\":{\"@type\":\"PropertyValueSpecification\",\"valueRequired\":true,\"valueName\":\"search_term_string\"}}],\"inLanguage\":\"es\"},{\"@type\":\"Person\",\"@id\":\"https:\\\/\\\/exaudi.org\\\/#\\\/schema\\\/person\\\/f5fc8f063065e38742da7afe15f25df7\",\"name\":\"Exaudi Redacci\u00f3n\",\"image\":{\"@type\":\"ImageObject\",\"inLanguage\":\"es\",\"@id\":\"https:\\\/\\\/secure.gravatar.com\\\/avatar\\\/fe0f6a059fb68d9b3e11bc5850dd4899b1c7492091a3cb6dd9b01b56ad828be2?s=96&d=mm&r=g\",\"url\":\"https:\\\/\\\/secure.gravatar.com\\\/avatar\\\/fe0f6a059fb68d9b3e11bc5850dd4899b1c7492091a3cb6dd9b01b56ad828be2?s=96&d=mm&r=g\",\"contentUrl\":\"https:\\\/\\\/secure.gravatar.com\\\/avatar\\\/fe0f6a059fb68d9b3e11bc5850dd4899b1c7492091a3cb6dd9b01b56ad828be2?s=96&d=mm&r=g\",\"caption\":\"Exaudi Redacci\u00f3n\"},\"description\":\"\u00bfQu\u00e9 es Exaudi News? Exaudi News es un medio de comunicaci\u00f3n cat\u00f3lico internacional que informa, forma y transforma, diariamente en espa\u00f1ol, ingl\u00e9s e italiano. A trav\u00e9s de noticias, art\u00edculos de an\u00e1lisis y transmisiones en directo de los eventos del Papa, Exaudi busca fortalecer la unidad de los cristianos y contribuir a la evangelizaci\u00f3n del mundo, siempre guiados por la doctrina social de la Iglesia. Trabajamos para acercar la verdad y los valores cristianos a cada rinc\u00f3n del planeta. \u00a1Ay\u00fadanos a transformar el mundo con Exaudi! En Exaudi creemos que la evangelizaci\u00f3n y la informaci\u00f3n de calidad pueden cambiar vidas. Para continuar con nuestra misi\u00f3n y expandir nuestro alcance, necesitamos tu ayuda. Adem\u00e1s, buscamos personas comprometidas que deseen unirse a nuestro equipo. Con tu apoyo, lograremos llegar a m\u00e1s personas, difundir el mensaje de Cristo y reforzar la unidad de los cristianos. \u00bfTe unes a nuestra misi\u00f3n? Para m\u00e1s informaci\u00f3n sobre c\u00f3mo colaborar, visita Exaudi.org\\\/es o cont\u00e1ctanos directamente: info@exaudi.org Exaudi: Informa, forma y transforma.\",\"sameAs\":[\"https:\\\/\\\/www.facebook.com\\\/ExaudiNoticias\\\/\",\"https:\\\/\\\/www.instagram.com\\\/exaudi_noticias\\\/\",\"https:\\\/\\\/x.com\\\/Exaudi_noticias\",\"https:\\\/\\\/www.youtube.com\\\/@exaudicatholicnews\"],\"url\":\"https:\\\/\\\/exaudi.org\\\/es\\\/author\\\/redaccionexaudi\\\/\"}]}<\/script>\n<!-- \/ Yoast SEO plugin. -->","yoast_head_json":{"title":"El Papa: Hay que alegrarse de vivir la diversidad de carismas en la Iglesia &#8211; Exaudi","robots":{"index":"index","follow":"follow","max-snippet":"max-snippet:-1","max-image-preview":"max-image-preview:large","max-video-preview":"max-video-preview:-1"},"canonical":"https:\/\/exaudi.org\/es\/el-papa-hay-que-alegrarse-de-vivir-la-diversidad-de-carismas-en-la-iglesia\/","og_locale":"es_ES","og_type":"article","og_title":"El Papa: Hay que alegrarse de vivir la diversidad de carismas en la Iglesia &#8211; Exaudi","og_description":"El Papa Francisco propone a los fieles rezar para reconocer la variedad de carismas dentro de la Iglesia como un \"don de Dios\" y no como un \"motivo de conflicto\".","og_url":"https:\/\/exaudi.org\/es\/el-papa-hay-que-alegrarse-de-vivir-la-diversidad-de-carismas-en-la-iglesia\/","og_site_name":"Exaudi","article_publisher":"https:\/\/www.facebook.com\/ExaudiNews","article_author":"https:\/\/www.facebook.com\/ExaudiNoticias\/","article_published_time":"2024-01-03T08:04:50+00:00","article_modified_time":"2024-01-03T08:55:27+00:00","og_image":[{"width":1024,"height":576,"url":"https:\/\/exaudi.org\/wp-content\/uploads\/2024\/01\/Official-Image-TPV-1-2024-ES-Por-el-don-de-la-diversidad-en-la-Iglesia-2667x1500-1-1024x576.png","type":"image\/png"}],"author":"Exaudi Redacci\u00f3n","twitter_card":"summary_large_image","twitter_creator":"@Exaudi_noticias","twitter_site":"@Exaudi_News","twitter_misc":{"Escrito por":"Exaudi Redacci\u00f3n","Tiempo de lectura":"3 minutos"},"schema":{"@context":"https:\/\/schema.org","@graph":[{"@type":"Article","@id":"https:\/\/exaudi.org\/es\/el-papa-hay-que-alegrarse-de-vivir-la-diversidad-de-carismas-en-la-iglesia\/#article","isPartOf":{"@id":"https:\/\/exaudi.org\/es\/el-papa-hay-que-alegrarse-de-vivir-la-diversidad-de-carismas-en-la-iglesia\/"},"author":{"name":"Exaudi Redacci\u00f3n","@id":"https:\/\/exaudi.org\/#\/schema\/person\/f5fc8f063065e38742da7afe15f25df7"},"headline":"El Papa: Hay que alegrarse de vivir la diversidad de carismas en la Iglesia","datePublished":"2024-01-03T08:04:50+00:00","dateModified":"2024-01-03T08:55:27+00:00","mainEntityOfPage":{"@id":"https:\/\/exaudi.org\/es\/el-papa-hay-que-alegrarse-de-vivir-la-diversidad-de-carismas-en-la-iglesia\/"},"wordCount":522,"image":{"@id":"https:\/\/exaudi.org\/es\/el-papa-hay-que-alegrarse-de-vivir-la-diversidad-de-carismas-en-la-iglesia\/#primaryimage"},"thumbnailUrl":"https:\/\/exaudi.org\/wp-content\/uploads\/2024\/01\/Official-Image-TPV-1-2024-ES-Por-el-don-de-la-diversidad-en-la-Iglesia-2667x1500-1.png","keywords":["El video del Papa","Enero","Intenci\u00f3n","papa francisco","Trending"],"articleSection":["Le\u00f3n XIV"],"inLanguage":"es"},{"@type":"WebPage","@id":"https:\/\/exaudi.org\/es\/el-papa-hay-que-alegrarse-de-vivir-la-diversidad-de-carismas-en-la-iglesia\/","url":"https:\/\/exaudi.org\/es\/el-papa-hay-que-alegrarse-de-vivir-la-diversidad-de-carismas-en-la-iglesia\/","name":"El Papa: Hay que alegrarse de vivir la diversidad de carismas en la Iglesia &#8211; Exaudi","isPartOf":{"@id":"https:\/\/exaudi.org\/#website"},"primaryImageOfPage":{"@id":"https:\/\/exaudi.org\/es\/el-papa-hay-que-alegrarse-de-vivir-la-diversidad-de-carismas-en-la-iglesia\/#primaryimage"},"image":{"@id":"https:\/\/exaudi.org\/es\/el-papa-hay-que-alegrarse-de-vivir-la-diversidad-de-carismas-en-la-iglesia\/#primaryimage"},"thumbnailUrl":"https:\/\/exaudi.org\/wp-content\/uploads\/2024\/01\/Official-Image-TPV-1-2024-ES-Por-el-don-de-la-diversidad-en-la-Iglesia-2667x1500-1.png","datePublished":"2024-01-03T08:04:50+00:00","dateModified":"2024-01-03T08:55:27+00:00","author":{"@id":"https:\/\/exaudi.org\/#\/schema\/person\/f5fc8f063065e38742da7afe15f25df7"},"breadcrumb":{"@id":"https:\/\/exaudi.org\/es\/el-papa-hay-que-alegrarse-de-vivir-la-diversidad-de-carismas-en-la-iglesia\/#breadcrumb"},"inLanguage":"es","potentialAction":[{"@type":"ReadAction","target":["https:\/\/exaudi.org\/es\/el-papa-hay-que-alegrarse-de-vivir-la-diversidad-de-carismas-en-la-iglesia\/"]}]},{"@type":"ImageObject","inLanguage":"es","@id":"https:\/\/exaudi.org\/es\/el-papa-hay-que-alegrarse-de-vivir-la-diversidad-de-carismas-en-la-iglesia\/#primaryimage","url":"https:\/\/exaudi.org\/wp-content\/uploads\/2024\/01\/Official-Image-TPV-1-2024-ES-Por-el-don-de-la-diversidad-en-la-Iglesia-2667x1500-1.png","contentUrl":"https:\/\/exaudi.org\/wp-content\/uploads\/2024\/01\/Official-Image-TPV-1-2024-ES-Por-el-don-de-la-diversidad-en-la-Iglesia-2667x1500-1.png","width":2560,"height":1440},{"@type":"BreadcrumbList","@id":"https:\/\/exaudi.org\/es\/el-papa-hay-que-alegrarse-de-vivir-la-diversidad-de-carismas-en-la-iglesia\/#breadcrumb","itemListElement":[{"@type":"ListItem","position":1,"name":"Portada","item":"https:\/\/exaudi.org\/es\/"},{"@type":"ListItem","position":2,"name":"El Papa: Hay que alegrarse de vivir la diversidad de carismas en la Iglesia"}]},{"@type":"WebSite","@id":"https:\/\/exaudi.org\/#website","url":"https:\/\/exaudi.org\/","name":"Exaudi","description":"News","potentialAction":[{"@type":"SearchAction","target":{"@type":"EntryPoint","urlTemplate":"https:\/\/exaudi.org\/?s={search_term_string}"},"query-input":{"@type":"PropertyValueSpecification","valueRequired":true,"valueName":"search_term_string"}}],"inLanguage":"es"},{"@type":"Person","@id":"https:\/\/exaudi.org\/#\/schema\/person\/f5fc8f063065e38742da7afe15f25df7","name":"Exaudi Redacci\u00f3n","image":{"@type":"ImageObject","inLanguage":"es","@id":"https:\/\/secure.gravatar.com\/avatar\/fe0f6a059fb68d9b3e11bc5850dd4899b1c7492091a3cb6dd9b01b56ad828be2?s=96&d=mm&r=g","url":"https:\/\/secure.gravatar.com\/avatar\/fe0f6a059fb68d9b3e11bc5850dd4899b1c7492091a3cb6dd9b01b56ad828be2?s=96&d=mm&r=g","contentUrl":"https:\/\/secure.gravatar.com\/avatar\/fe0f6a059fb68d9b3e11bc5850dd4899b1c7492091a3cb6dd9b01b56ad828be2?s=96&d=mm&r=g","caption":"Exaudi Redacci\u00f3n"},"description":"\u00bfQu\u00e9 es Exaudi News? Exaudi News es un medio de comunicaci\u00f3n cat\u00f3lico internacional que informa, forma y transforma, diariamente en espa\u00f1ol, ingl\u00e9s e italiano. A trav\u00e9s de noticias, art\u00edculos de an\u00e1lisis y transmisiones en directo de los eventos del Papa, Exaudi busca fortalecer la unidad de los cristianos y contribuir a la evangelizaci\u00f3n del mundo, siempre guiados por la doctrina social de la Iglesia. Trabajamos para acercar la verdad y los valores cristianos a cada rinc\u00f3n del planeta. \u00a1Ay\u00fadanos a transformar el mundo con Exaudi! En Exaudi creemos que la evangelizaci\u00f3n y la informaci\u00f3n de calidad pueden cambiar vidas. Para continuar con nuestra misi\u00f3n y expandir nuestro alcance, necesitamos tu ayuda. Adem\u00e1s, buscamos personas comprometidas que deseen unirse a nuestro equipo. Con tu apoyo, lograremos llegar a m\u00e1s personas, difundir el mensaje de Cristo y reforzar la unidad de los cristianos. \u00bfTe unes a nuestra misi\u00f3n? Para m\u00e1s informaci\u00f3n sobre c\u00f3mo colaborar, visita Exaudi.org\/es o cont\u00e1ctanos directamente: info@exaudi.org Exaudi: Informa, forma y transforma.","sameAs":["https:\/\/www.facebook.com\/ExaudiNoticias\/","https:\/\/www.instagram.com\/exaudi_noticias\/","https:\/\/x.com\/Exaudi_noticias","https:\/\/www.youtube.com\/@exaudicatholicnews"],"url":"https:\/\/exaudi.org\/es\/author\/redaccionexaudi\/"}]}},"jetpack_featured_media_url":"https:\/\/exaudi.org\/wp-content\/uploads\/2024\/01\/Official-Image-TPV-1-2024-ES-Por-el-don-de-la-diversidad-en-la-Iglesia-2667x1500-1.png","jetpack_shortlink":"https:\/\/wp.me\/pgKjF2-nM9","_links":{"self":[{"href":"https:\/\/exaudi.org\/es\/wp-json\/wp\/v2\/posts\/91397","targetHints":{"allow":["GET"]}}],"collection":[{"href":"https:\/\/exaudi.org\/es\/wp-json\/wp\/v2\/posts"}],"about":[{"href":"https:\/\/exaudi.org\/es\/wp-json\/wp\/v2\/types\/post"}],"author":[{"embeddable":true,"href":"https:\/\/exaudi.org\/es\/wp-json\/wp\/v2\/users\/15"}],"replies":[{"embeddable":true,"href":"https:\/\/exaudi.org\/es\/wp-json\/wp\/v2\/comments?post=91397"}],"version-history":[{"count":0,"href":"https:\/\/exaudi.org\/es\/wp-json\/wp\/v2\/posts\/91397\/revisions"}],"wp:featuredmedia":[{"embeddable":true,"href":"https:\/\/exaudi.org\/es\/wp-json\/wp\/v2\/media\/91398"}],"wp:attachment":[{"href":"https:\/\/exaudi.org\/es\/wp-json\/wp\/v2\/media?parent=91397"}],"wp:term":[{"taxonomy":"category","embeddable":true,"href":"https:\/\/exaudi.org\/es\/wp-json\/wp\/v2\/categories?post=91397"},{"taxonomy":"post_tag","embeddable":true,"href":"https:\/\/exaudi.org\/es\/wp-json\/wp\/v2\/tags?post=91397"}],"curies":[{"name":"wp","href":"https:\/\/api.w.org\/{rel}","templated":true}]}}