{"id":91339,"date":"2023-12-31T14:53:38","date_gmt":"2023-12-31T13:53:38","guid":{"rendered":"https:\/\/exaudi.org\/?p=91339"},"modified":"2024-01-01T15:36:02","modified_gmt":"2024-01-01T14:36:02","slug":"federico-lombardi-benedicto-xvi-maestro-y-testigo-de-la-fe","status":"publish","type":"post","link":"https:\/\/exaudi.org\/es\/federico-lombardi-benedicto-xvi-maestro-y-testigo-de-la-fe\/","title":{"rendered":"Federico Lombardi: Benedicto XVI, maestro y testigo de la fe"},"content":{"rendered":"<p>Un a\u00f1o despu\u00e9s de la partida de Benedicto XVI, el tema sobre el que es justo y natural razonar es su legado. \u00bfSe trata de una figura que debe confiarse principalmente a los maestros de la lectura del pasado, o de una figura que sigue interpel\u00e1ndonos a todos, hoy, precisamente en este tiempo dram\u00e1tico que vivimos?<\/p>\n<p>Que es un maestro de la fe est\u00e1 fuera de toda duda. No nos cansaremos nunca de releer su Introducci\u00f3n al cristianismo y su Trilog\u00eda sobre Jes\u00fas de Nazaret; los te\u00f3logos podr\u00e1n escarbar durante mucho tiempo en su Opera Omnia, de la que seguir\u00e1n extrayendo sugerencias y orientaciones para su reflexi\u00f3n e investigaci\u00f3n.<\/p>\n<p>Que es tambi\u00e9n un testigo eminente de la vida en la fe -y de la fe cristiana en la vida eterna- lo tienen tambi\u00e9n muy claro quienes le han escuchado en sus homil\u00edas y en su magisterio espiritual, as\u00ed como quienes han podido conocerle de cerca, siguiendo su largo camino interior hacia el encuentro con Dios.<\/p>\n<p>Sin embargo, lo que quisiera observar ahora es que J. Ratzinger sigue siendo un valioso compa\u00f1ero tambi\u00e9n para quienes viven con participaci\u00f3n y pasi\u00f3n la historia y la vida humana en esta tierra, con todos los dram\u00e1ticos interrogantes que conlleva hoy.<\/p>\n<p>No podemos ocultar que el curso de nuestro mundo en muchos aspectos parece -y est\u00e1- \u00abfuera de control\u00bb. La crisis ecol\u00f3gica, la continua manifestaci\u00f3n de riesgos y desarrollos dram\u00e1ticos en el uso de la tecnolog\u00eda, la comunicaci\u00f3n, las aplicaciones de la llamada inteligencia artificial y, en fin, las reivindicaciones de derechos contradictorios y la convulsi\u00f3n de la convivencia internacional, con la proliferaci\u00f3n cada vez m\u00e1s amenazadora de las guerras&#8230; Como muy bien ha puesto de relieve el Prof. Francesc Torralba al recibir el Premio Ratzinger el pasado 30 de noviembre, Benedicto XVI ha abordado en profundidad las razones de la crisis de nuestra \u00e9poca, y ha propuesto a la cultura contempor\u00e1nea, no rechazar la raz\u00f3n moderna, sino ampliar sus horizontes, devolviendo espacio a la raz\u00f3n \u00e9tica y a la racionalidad de la fe.<\/p>\n<p>La perspectiva de J. Ratzinger, ante los fracasos de la raz\u00f3n humana, no fue, pues, negarla o limitarla, sino ampliarla, invitarla a buscar con valent\u00eda no s\u00f3lo c\u00f3mo funciona el mundo, sino tambi\u00e9n por qu\u00e9 existe y cu\u00e1l es el lugar del hombre en el cosmos y el sentido de su aventura.<\/p>\n<p>No se puede negar que esta perspectiva, que es en cierto sentido una propuesta de di\u00e1logo con la cultura contempor\u00e1nea, ha sido a menudo recibida con frialdad o a veces rechazada. El matem\u00e1tico Odifreddi, que se profesa ateo y a menudo adopta posiciones provocadoras, pero que de hecho intent\u00f3 dialogar con Ratzinger, recibiendo de \u00e9l una atenci\u00f3n extraordinaria y respetuosa en los a\u00f1os posteriores a su dimisi\u00f3n, calific\u00f3 el pontificado de Benedicto XVI de \u00abtr\u00e1gico\u00bb precisamente por este aspecto: su propuesta cultural y su apertura, por un lado, y la falta de respuesta de los \u00abhombres de cultura\u00bb, por otro.\u00a0 Personalmente, no estoy de acuerdo, porque creo que Benedicto XVI no fue tan ingenuo como para esperar una r\u00e1pida respuesta favorable. Por el contrario, considero que la propuesta de Benedicto XVI es clarividente, conserva toda su validez y representa tambi\u00e9n para el futuro una v\u00eda de di\u00e1logo entre la ciencia y la fe, y m\u00e1s en general entre la cultura moderna y la fe, sobre la base de una profunda confianza en la raz\u00f3n humana. Mejor a\u00fan, que sea una v\u00eda elevada para el compromiso cristiano en el mundo contempor\u00e1neo, que no puede sustraerse a la fatiga de la reflexi\u00f3n sobre las causas de los problemas y a la b\u00fasqueda de un consenso basado en la verdad, y no en la precaria convergencia contingente de intereses y utilidades.<\/p>\n<p>En la visi\u00f3n cristiana de Benedicto XVI, la ampliaci\u00f3n de la raz\u00f3n llega a abarcar la l\u00f3gica del amor, que se expresa en la l\u00f3gica de la gratuidad y se traduce en fraternidad, solidaridad y reconciliaci\u00f3n. La verdad y el amor se manifiestan plenamente en la encarnaci\u00f3n del\u00a0<i>Logos<\/i>, el Verbo de Dios.<\/p>\n<p><i><a href=\"https:\/\/www.vatican.va\/content\/benedict-xvi\/es\/encyclicals\/documents\/hf_ben-xvi_enc_20051225_deus-caritas-est.html\" target=\"_blank\" rel=\"external noopener\">Deus caritas est<\/a><\/i>,\u00a0<i><a href=\"https:\/\/www.vatican.va\/content\/benedict-xvi\/es\/encyclicals\/documents\/hf_ben-xvi_enc_20090629_caritas-in-veritate.html\" target=\"_blank\" rel=\"external noopener\">Caritas in veritate<\/a><\/i>,\u00a0<i><a href=\"https:\/\/www.vatican.va\/content\/francesco\/es\/encyclicals\/documents\/papa-francesco_20150524_enciclica-laudato-si.html\" target=\"_blank\" rel=\"external noopener\">Laudato si<\/a><\/i>&#8216;,\u00a0<i><a href=\"https:\/\/www.vatican.va\/content\/francesco\/es\/encyclicals\/documents\/papa-francesco_20201003_enciclica-fratelli-tutti.html\" target=\"_blank\" rel=\"external noopener\">Fratelli tutti<\/a><\/i>&#8230; Las principales palabras de los dos \u00faltimos pontificados se suceden con continuidad y coherencia. El compromiso de la Iglesia y de los cristianos y su responsabilidad en el destino de la historia humana en el mundo requieren tanto la raz\u00f3n como el amor, unidos en la luz que ofrece la fe. Los gestos concretos de caridad, a los que Francisco nos llama continuamente, piden ser insertados en el marco luminoso y coherente de la visi\u00f3n de la Iglesia como comuni\u00f3n, en camino en nuestro tiempo hacia el encuentro con Dios.<\/p>\n<p>Hablando del Concilio Vaticano II en una carta -importante y para m\u00ed sorprendente- escrita tres meses antes de su muerte con ocasi\u00f3n de un Simposio organizado por la Fundaci\u00f3n Ratzinger con la\u00a0<a href=\"https:\/\/www.vaticannews.va\/es\/vaticano\/news\/2022-10\/benedicto-xvi-concilio-vaticano-carta-ratzinger-steubenville.html\" target=\"_blank\" rel=\"noopener\">Universidad Franciscana de Steubenville<\/a>, J. Ratzinger afirmaba con decisi\u00f3n que el Concilio hab\u00eda resultado \u00abno s\u00f3lo sensato, sino necesario\u00bb y prosegu\u00eda: \u00abPor primera vez ha surgido en su radicalidad la cuesti\u00f3n de una teolog\u00eda de las religiones. Tambi\u00e9n el problema de la relaci\u00f3n de la fe con el mundo de la raz\u00f3n pura. Ambas cuestiones no hab\u00edan sido previstas\u00bb. As\u00ed pues, al principio parec\u00eda que el Concilio amenazaba a la Iglesia, pero \u00abentretanto se fue haciendo patente la necesidad de reformular la cuesti\u00f3n de la naturaleza y la misi\u00f3n de la Iglesia. De este modo va surgiendo lentamente la fuerza positiva del Concilio&#8230; En el Vaticano II la cuesti\u00f3n de la Iglesia en el mundo se ha convertido finalmente en la cuesti\u00f3n central\u00bb.<\/p>\n<p>El \u00faltimo Papa que particip\u00f3 en todo el Concilio y lo vivi\u00f3 desde dentro nos deja as\u00ed un testimonio de su perenne actualidad, y nos anima a seguir desarrollando sin miedo sus g\u00e9rmenes y consecuencias, reformulando la misi\u00f3n misma de la Iglesia en el mundo, comprometiendo a la raz\u00f3n y a la fe a trabajar juntas por el bien y la salvaci\u00f3n de la humanidad y del mundo. La mirada se vuelve hacia el futuro con esperanza. El servicio de Benedicto XVI contin\u00faa en el movimiento m\u00e1s profundo de la Iglesia del Se\u00f1or, guiada por Francisco y sus sucesores.<\/p>\n","protected":false},"excerpt":{"rendered":"<p>En la visi\u00f3n cristiana de Benedicto XVI, la ampliaci\u00f3n de la raz\u00f3n llega a abarcar la l\u00f3gica del amor, que se expresa en la l\u00f3gica de la gratuidad y se traduce en fraternidad, solidaridad y reconciliaci\u00f3n<\/p>\n","protected":false},"author":15,"featured_media":91340,"comment_status":"closed","ping_status":"closed","sticky":false,"template":"","format":"standard","meta":{"_acf_changed":false,"_crdt_document":"","inline_featured_image":false,"footnotes":""},"categories":[132],"tags":[1772,515,11844,449,4953,1817],"class_list":["post-91339","post","type-post","status-publish","format-standard","has-post-thumbnail","hentry","category-vaticano-es","tag-aniversario","tag-benedicto-xvi","tag-federico-lombardi","tag-iglesia-catolica","tag-trending-es","tag-vatican-news"],"acf":[],"yoast_head":"<!-- This site is optimized with the Yoast SEO plugin v27.4 - https:\/\/yoast.com\/product\/yoast-seo-wordpress\/ -->\n<title>Federico Lombardi: Benedicto XVI, maestro y testigo de la fe &#8211; Exaudi<\/title>\n<meta name=\"robots\" content=\"index, follow, max-snippet:-1, max-image-preview:large, max-video-preview:-1\" \/>\n<link rel=\"canonical\" href=\"https:\/\/exaudi.org\/es\/federico-lombardi-benedicto-xvi-maestro-y-testigo-de-la-fe\/\" \/>\n<meta property=\"og:locale\" content=\"es_ES\" \/>\n<meta property=\"og:type\" content=\"article\" \/>\n<meta property=\"og:title\" content=\"Federico Lombardi: Benedicto XVI, maestro y testigo de la fe &#8211; Exaudi\" \/>\n<meta property=\"og:description\" content=\"En la visi\u00f3n cristiana de Benedicto XVI, la ampliaci\u00f3n de la raz\u00f3n llega a abarcar la l\u00f3gica del amor, que se expresa en la l\u00f3gica de la gratuidad y se traduce en fraternidad, solidaridad y reconciliaci\u00f3n\" \/>\n<meta property=\"og:url\" content=\"https:\/\/exaudi.org\/es\/federico-lombardi-benedicto-xvi-maestro-y-testigo-de-la-fe\/\" \/>\n<meta property=\"og:site_name\" content=\"Exaudi\" \/>\n<meta property=\"article:publisher\" content=\"https:\/\/www.facebook.com\/ExaudiNews\" \/>\n<meta property=\"article:author\" content=\"https:\/\/www.facebook.com\/ExaudiNoticias\/\" \/>\n<meta property=\"article:published_time\" content=\"2023-12-31T13:53:38+00:00\" \/>\n<meta property=\"article:modified_time\" content=\"2024-01-01T14:36:02+00:00\" \/>\n<meta property=\"og:image\" content=\"https:\/\/exaudi.org\/wp-content\/uploads\/2024\/01\/cq5dam.thumbnail.cropped.750.422.jpeg\" \/>\n\t<meta property=\"og:image:width\" content=\"750\" \/>\n\t<meta property=\"og:image:height\" content=\"422\" \/>\n\t<meta property=\"og:image:type\" content=\"image\/jpeg\" \/>\n<meta name=\"author\" content=\"Exaudi Redacci\u00f3n\" \/>\n<meta name=\"twitter:card\" content=\"summary_large_image\" \/>\n<meta name=\"twitter:creator\" content=\"@Exaudi_noticias\" \/>\n<meta name=\"twitter:site\" content=\"@Exaudi_News\" \/>\n<meta name=\"twitter:label1\" content=\"Escrito por\" \/>\n\t<meta name=\"twitter:data1\" content=\"Exaudi Redacci\u00f3n\" \/>\n\t<meta name=\"twitter:label2\" content=\"Tiempo de lectura\" \/>\n\t<meta name=\"twitter:data2\" content=\"6 minutos\" \/>\n<script type=\"application\/ld+json\" class=\"yoast-schema-graph\">{\"@context\":\"https:\\\/\\\/schema.org\",\"@graph\":[{\"@type\":\"Article\",\"@id\":\"https:\\\/\\\/exaudi.org\\\/es\\\/federico-lombardi-benedicto-xvi-maestro-y-testigo-de-la-fe\\\/#article\",\"isPartOf\":{\"@id\":\"https:\\\/\\\/exaudi.org\\\/es\\\/federico-lombardi-benedicto-xvi-maestro-y-testigo-de-la-fe\\\/\"},\"author\":{\"name\":\"Exaudi Redacci\u00f3n\",\"@id\":\"https:\\\/\\\/exaudi.org\\\/#\\\/schema\\\/person\\\/f5fc8f063065e38742da7afe15f25df7\"},\"headline\":\"Federico Lombardi: Benedicto XVI, maestro y testigo de la fe\",\"datePublished\":\"2023-12-31T13:53:38+00:00\",\"dateModified\":\"2024-01-01T14:36:02+00:00\",\"mainEntityOfPage\":{\"@id\":\"https:\\\/\\\/exaudi.org\\\/es\\\/federico-lombardi-benedicto-xvi-maestro-y-testigo-de-la-fe\\\/\"},\"wordCount\":1125,\"image\":{\"@id\":\"https:\\\/\\\/exaudi.org\\\/es\\\/federico-lombardi-benedicto-xvi-maestro-y-testigo-de-la-fe\\\/#primaryimage\"},\"thumbnailUrl\":\"https:\\\/\\\/exaudi.org\\\/wp-content\\\/uploads\\\/2024\\\/01\\\/cq5dam.thumbnail.cropped.750.422.jpeg\",\"keywords\":[\"Aniversario\",\"Benedicto XVI\",\"Federico Lombardi\",\"Iglesia cat\u00f3lica\",\"Trending\",\"Vatican News\"],\"articleSection\":[\"Vaticano\"],\"inLanguage\":\"es\"},{\"@type\":\"WebPage\",\"@id\":\"https:\\\/\\\/exaudi.org\\\/es\\\/federico-lombardi-benedicto-xvi-maestro-y-testigo-de-la-fe\\\/\",\"url\":\"https:\\\/\\\/exaudi.org\\\/es\\\/federico-lombardi-benedicto-xvi-maestro-y-testigo-de-la-fe\\\/\",\"name\":\"Federico Lombardi: Benedicto XVI, maestro y testigo de la fe &#8211; Exaudi\",\"isPartOf\":{\"@id\":\"https:\\\/\\\/exaudi.org\\\/#website\"},\"primaryImageOfPage\":{\"@id\":\"https:\\\/\\\/exaudi.org\\\/es\\\/federico-lombardi-benedicto-xvi-maestro-y-testigo-de-la-fe\\\/#primaryimage\"},\"image\":{\"@id\":\"https:\\\/\\\/exaudi.org\\\/es\\\/federico-lombardi-benedicto-xvi-maestro-y-testigo-de-la-fe\\\/#primaryimage\"},\"thumbnailUrl\":\"https:\\\/\\\/exaudi.org\\\/wp-content\\\/uploads\\\/2024\\\/01\\\/cq5dam.thumbnail.cropped.750.422.jpeg\",\"datePublished\":\"2023-12-31T13:53:38+00:00\",\"dateModified\":\"2024-01-01T14:36:02+00:00\",\"author\":{\"@id\":\"https:\\\/\\\/exaudi.org\\\/#\\\/schema\\\/person\\\/f5fc8f063065e38742da7afe15f25df7\"},\"breadcrumb\":{\"@id\":\"https:\\\/\\\/exaudi.org\\\/es\\\/federico-lombardi-benedicto-xvi-maestro-y-testigo-de-la-fe\\\/#breadcrumb\"},\"inLanguage\":\"es\",\"potentialAction\":[{\"@type\":\"ReadAction\",\"target\":[\"https:\\\/\\\/exaudi.org\\\/es\\\/federico-lombardi-benedicto-xvi-maestro-y-testigo-de-la-fe\\\/\"]}]},{\"@type\":\"ImageObject\",\"inLanguage\":\"es\",\"@id\":\"https:\\\/\\\/exaudi.org\\\/es\\\/federico-lombardi-benedicto-xvi-maestro-y-testigo-de-la-fe\\\/#primaryimage\",\"url\":\"https:\\\/\\\/exaudi.org\\\/wp-content\\\/uploads\\\/2024\\\/01\\\/cq5dam.thumbnail.cropped.750.422.jpeg\",\"contentUrl\":\"https:\\\/\\\/exaudi.org\\\/wp-content\\\/uploads\\\/2024\\\/01\\\/cq5dam.thumbnail.cropped.750.422.jpeg\",\"width\":750,\"height\":422},{\"@type\":\"BreadcrumbList\",\"@id\":\"https:\\\/\\\/exaudi.org\\\/es\\\/federico-lombardi-benedicto-xvi-maestro-y-testigo-de-la-fe\\\/#breadcrumb\",\"itemListElement\":[{\"@type\":\"ListItem\",\"position\":1,\"name\":\"Portada\",\"item\":\"https:\\\/\\\/exaudi.org\\\/es\\\/\"},{\"@type\":\"ListItem\",\"position\":2,\"name\":\"Federico Lombardi: Benedicto XVI, maestro y testigo de la fe\"}]},{\"@type\":\"WebSite\",\"@id\":\"https:\\\/\\\/exaudi.org\\\/#website\",\"url\":\"https:\\\/\\\/exaudi.org\\\/\",\"name\":\"Exaudi\",\"description\":\"News\",\"potentialAction\":[{\"@type\":\"SearchAction\",\"target\":{\"@type\":\"EntryPoint\",\"urlTemplate\":\"https:\\\/\\\/exaudi.org\\\/?s={search_term_string}\"},\"query-input\":{\"@type\":\"PropertyValueSpecification\",\"valueRequired\":true,\"valueName\":\"search_term_string\"}}],\"inLanguage\":\"es\"},{\"@type\":\"Person\",\"@id\":\"https:\\\/\\\/exaudi.org\\\/#\\\/schema\\\/person\\\/f5fc8f063065e38742da7afe15f25df7\",\"name\":\"Exaudi Redacci\u00f3n\",\"image\":{\"@type\":\"ImageObject\",\"inLanguage\":\"es\",\"@id\":\"https:\\\/\\\/secure.gravatar.com\\\/avatar\\\/fe0f6a059fb68d9b3e11bc5850dd4899b1c7492091a3cb6dd9b01b56ad828be2?s=96&d=mm&r=g\",\"url\":\"https:\\\/\\\/secure.gravatar.com\\\/avatar\\\/fe0f6a059fb68d9b3e11bc5850dd4899b1c7492091a3cb6dd9b01b56ad828be2?s=96&d=mm&r=g\",\"contentUrl\":\"https:\\\/\\\/secure.gravatar.com\\\/avatar\\\/fe0f6a059fb68d9b3e11bc5850dd4899b1c7492091a3cb6dd9b01b56ad828be2?s=96&d=mm&r=g\",\"caption\":\"Exaudi Redacci\u00f3n\"},\"description\":\"\u00bfQu\u00e9 es Exaudi News? Exaudi News es un medio de comunicaci\u00f3n cat\u00f3lico internacional que informa, forma y transforma, diariamente en espa\u00f1ol, ingl\u00e9s e italiano. A trav\u00e9s de noticias, art\u00edculos de an\u00e1lisis y transmisiones en directo de los eventos del Papa, Exaudi busca fortalecer la unidad de los cristianos y contribuir a la evangelizaci\u00f3n del mundo, siempre guiados por la doctrina social de la Iglesia. Trabajamos para acercar la verdad y los valores cristianos a cada rinc\u00f3n del planeta. \u00a1Ay\u00fadanos a transformar el mundo con Exaudi! En Exaudi creemos que la evangelizaci\u00f3n y la informaci\u00f3n de calidad pueden cambiar vidas. Para continuar con nuestra misi\u00f3n y expandir nuestro alcance, necesitamos tu ayuda. Adem\u00e1s, buscamos personas comprometidas que deseen unirse a nuestro equipo. Con tu apoyo, lograremos llegar a m\u00e1s personas, difundir el mensaje de Cristo y reforzar la unidad de los cristianos. \u00bfTe unes a nuestra misi\u00f3n? Para m\u00e1s informaci\u00f3n sobre c\u00f3mo colaborar, visita Exaudi.org\\\/es o cont\u00e1ctanos directamente: info@exaudi.org Exaudi: Informa, forma y transforma.\",\"sameAs\":[\"https:\\\/\\\/www.facebook.com\\\/ExaudiNoticias\\\/\",\"https:\\\/\\\/www.instagram.com\\\/exaudi_noticias\\\/\",\"https:\\\/\\\/x.com\\\/Exaudi_noticias\",\"https:\\\/\\\/www.youtube.com\\\/@exaudicatholicnews\"],\"url\":\"https:\\\/\\\/exaudi.org\\\/es\\\/author\\\/redaccionexaudi\\\/\"}]}<\/script>\n<!-- \/ Yoast SEO plugin. -->","yoast_head_json":{"title":"Federico Lombardi: Benedicto XVI, maestro y testigo de la fe &#8211; Exaudi","robots":{"index":"index","follow":"follow","max-snippet":"max-snippet:-1","max-image-preview":"max-image-preview:large","max-video-preview":"max-video-preview:-1"},"canonical":"https:\/\/exaudi.org\/es\/federico-lombardi-benedicto-xvi-maestro-y-testigo-de-la-fe\/","og_locale":"es_ES","og_type":"article","og_title":"Federico Lombardi: Benedicto XVI, maestro y testigo de la fe &#8211; Exaudi","og_description":"En la visi\u00f3n cristiana de Benedicto XVI, la ampliaci\u00f3n de la raz\u00f3n llega a abarcar la l\u00f3gica del amor, que se expresa en la l\u00f3gica de la gratuidad y se traduce en fraternidad, solidaridad y reconciliaci\u00f3n","og_url":"https:\/\/exaudi.org\/es\/federico-lombardi-benedicto-xvi-maestro-y-testigo-de-la-fe\/","og_site_name":"Exaudi","article_publisher":"https:\/\/www.facebook.com\/ExaudiNews","article_author":"https:\/\/www.facebook.com\/ExaudiNoticias\/","article_published_time":"2023-12-31T13:53:38+00:00","article_modified_time":"2024-01-01T14:36:02+00:00","og_image":[{"width":750,"height":422,"url":"https:\/\/exaudi.org\/wp-content\/uploads\/2024\/01\/cq5dam.thumbnail.cropped.750.422.jpeg","type":"image\/jpeg"}],"author":"Exaudi Redacci\u00f3n","twitter_card":"summary_large_image","twitter_creator":"@Exaudi_noticias","twitter_site":"@Exaudi_News","twitter_misc":{"Escrito por":"Exaudi Redacci\u00f3n","Tiempo de lectura":"6 minutos"},"schema":{"@context":"https:\/\/schema.org","@graph":[{"@type":"Article","@id":"https:\/\/exaudi.org\/es\/federico-lombardi-benedicto-xvi-maestro-y-testigo-de-la-fe\/#article","isPartOf":{"@id":"https:\/\/exaudi.org\/es\/federico-lombardi-benedicto-xvi-maestro-y-testigo-de-la-fe\/"},"author":{"name":"Exaudi Redacci\u00f3n","@id":"https:\/\/exaudi.org\/#\/schema\/person\/f5fc8f063065e38742da7afe15f25df7"},"headline":"Federico Lombardi: Benedicto XVI, maestro y testigo de la fe","datePublished":"2023-12-31T13:53:38+00:00","dateModified":"2024-01-01T14:36:02+00:00","mainEntityOfPage":{"@id":"https:\/\/exaudi.org\/es\/federico-lombardi-benedicto-xvi-maestro-y-testigo-de-la-fe\/"},"wordCount":1125,"image":{"@id":"https:\/\/exaudi.org\/es\/federico-lombardi-benedicto-xvi-maestro-y-testigo-de-la-fe\/#primaryimage"},"thumbnailUrl":"https:\/\/exaudi.org\/wp-content\/uploads\/2024\/01\/cq5dam.thumbnail.cropped.750.422.jpeg","keywords":["Aniversario","Benedicto XVI","Federico Lombardi","Iglesia cat\u00f3lica","Trending","Vatican News"],"articleSection":["Vaticano"],"inLanguage":"es"},{"@type":"WebPage","@id":"https:\/\/exaudi.org\/es\/federico-lombardi-benedicto-xvi-maestro-y-testigo-de-la-fe\/","url":"https:\/\/exaudi.org\/es\/federico-lombardi-benedicto-xvi-maestro-y-testigo-de-la-fe\/","name":"Federico Lombardi: Benedicto XVI, maestro y testigo de la fe &#8211; Exaudi","isPartOf":{"@id":"https:\/\/exaudi.org\/#website"},"primaryImageOfPage":{"@id":"https:\/\/exaudi.org\/es\/federico-lombardi-benedicto-xvi-maestro-y-testigo-de-la-fe\/#primaryimage"},"image":{"@id":"https:\/\/exaudi.org\/es\/federico-lombardi-benedicto-xvi-maestro-y-testigo-de-la-fe\/#primaryimage"},"thumbnailUrl":"https:\/\/exaudi.org\/wp-content\/uploads\/2024\/01\/cq5dam.thumbnail.cropped.750.422.jpeg","datePublished":"2023-12-31T13:53:38+00:00","dateModified":"2024-01-01T14:36:02+00:00","author":{"@id":"https:\/\/exaudi.org\/#\/schema\/person\/f5fc8f063065e38742da7afe15f25df7"},"breadcrumb":{"@id":"https:\/\/exaudi.org\/es\/federico-lombardi-benedicto-xvi-maestro-y-testigo-de-la-fe\/#breadcrumb"},"inLanguage":"es","potentialAction":[{"@type":"ReadAction","target":["https:\/\/exaudi.org\/es\/federico-lombardi-benedicto-xvi-maestro-y-testigo-de-la-fe\/"]}]},{"@type":"ImageObject","inLanguage":"es","@id":"https:\/\/exaudi.org\/es\/federico-lombardi-benedicto-xvi-maestro-y-testigo-de-la-fe\/#primaryimage","url":"https:\/\/exaudi.org\/wp-content\/uploads\/2024\/01\/cq5dam.thumbnail.cropped.750.422.jpeg","contentUrl":"https:\/\/exaudi.org\/wp-content\/uploads\/2024\/01\/cq5dam.thumbnail.cropped.750.422.jpeg","width":750,"height":422},{"@type":"BreadcrumbList","@id":"https:\/\/exaudi.org\/es\/federico-lombardi-benedicto-xvi-maestro-y-testigo-de-la-fe\/#breadcrumb","itemListElement":[{"@type":"ListItem","position":1,"name":"Portada","item":"https:\/\/exaudi.org\/es\/"},{"@type":"ListItem","position":2,"name":"Federico Lombardi: Benedicto XVI, maestro y testigo de la fe"}]},{"@type":"WebSite","@id":"https:\/\/exaudi.org\/#website","url":"https:\/\/exaudi.org\/","name":"Exaudi","description":"News","potentialAction":[{"@type":"SearchAction","target":{"@type":"EntryPoint","urlTemplate":"https:\/\/exaudi.org\/?s={search_term_string}"},"query-input":{"@type":"PropertyValueSpecification","valueRequired":true,"valueName":"search_term_string"}}],"inLanguage":"es"},{"@type":"Person","@id":"https:\/\/exaudi.org\/#\/schema\/person\/f5fc8f063065e38742da7afe15f25df7","name":"Exaudi Redacci\u00f3n","image":{"@type":"ImageObject","inLanguage":"es","@id":"https:\/\/secure.gravatar.com\/avatar\/fe0f6a059fb68d9b3e11bc5850dd4899b1c7492091a3cb6dd9b01b56ad828be2?s=96&d=mm&r=g","url":"https:\/\/secure.gravatar.com\/avatar\/fe0f6a059fb68d9b3e11bc5850dd4899b1c7492091a3cb6dd9b01b56ad828be2?s=96&d=mm&r=g","contentUrl":"https:\/\/secure.gravatar.com\/avatar\/fe0f6a059fb68d9b3e11bc5850dd4899b1c7492091a3cb6dd9b01b56ad828be2?s=96&d=mm&r=g","caption":"Exaudi Redacci\u00f3n"},"description":"\u00bfQu\u00e9 es Exaudi News? Exaudi News es un medio de comunicaci\u00f3n cat\u00f3lico internacional que informa, forma y transforma, diariamente en espa\u00f1ol, ingl\u00e9s e italiano. A trav\u00e9s de noticias, art\u00edculos de an\u00e1lisis y transmisiones en directo de los eventos del Papa, Exaudi busca fortalecer la unidad de los cristianos y contribuir a la evangelizaci\u00f3n del mundo, siempre guiados por la doctrina social de la Iglesia. Trabajamos para acercar la verdad y los valores cristianos a cada rinc\u00f3n del planeta. \u00a1Ay\u00fadanos a transformar el mundo con Exaudi! En Exaudi creemos que la evangelizaci\u00f3n y la informaci\u00f3n de calidad pueden cambiar vidas. Para continuar con nuestra misi\u00f3n y expandir nuestro alcance, necesitamos tu ayuda. Adem\u00e1s, buscamos personas comprometidas que deseen unirse a nuestro equipo. Con tu apoyo, lograremos llegar a m\u00e1s personas, difundir el mensaje de Cristo y reforzar la unidad de los cristianos. \u00bfTe unes a nuestra misi\u00f3n? Para m\u00e1s informaci\u00f3n sobre c\u00f3mo colaborar, visita Exaudi.org\/es o cont\u00e1ctanos directamente: info@exaudi.org Exaudi: Informa, forma y transforma.","sameAs":["https:\/\/www.facebook.com\/ExaudiNoticias\/","https:\/\/www.instagram.com\/exaudi_noticias\/","https:\/\/x.com\/Exaudi_noticias","https:\/\/www.youtube.com\/@exaudicatholicnews"],"url":"https:\/\/exaudi.org\/es\/author\/redaccionexaudi\/"}]}},"jetpack_featured_media_url":"https:\/\/exaudi.org\/wp-content\/uploads\/2024\/01\/cq5dam.thumbnail.cropped.750.422.jpeg","jetpack_shortlink":"https:\/\/wp.me\/pgKjF2-nLd","_links":{"self":[{"href":"https:\/\/exaudi.org\/es\/wp-json\/wp\/v2\/posts\/91339","targetHints":{"allow":["GET"]}}],"collection":[{"href":"https:\/\/exaudi.org\/es\/wp-json\/wp\/v2\/posts"}],"about":[{"href":"https:\/\/exaudi.org\/es\/wp-json\/wp\/v2\/types\/post"}],"author":[{"embeddable":true,"href":"https:\/\/exaudi.org\/es\/wp-json\/wp\/v2\/users\/15"}],"replies":[{"embeddable":true,"href":"https:\/\/exaudi.org\/es\/wp-json\/wp\/v2\/comments?post=91339"}],"version-history":[{"count":0,"href":"https:\/\/exaudi.org\/es\/wp-json\/wp\/v2\/posts\/91339\/revisions"}],"wp:featuredmedia":[{"embeddable":true,"href":"https:\/\/exaudi.org\/es\/wp-json\/wp\/v2\/media\/91340"}],"wp:attachment":[{"href":"https:\/\/exaudi.org\/es\/wp-json\/wp\/v2\/media?parent=91339"}],"wp:term":[{"taxonomy":"category","embeddable":true,"href":"https:\/\/exaudi.org\/es\/wp-json\/wp\/v2\/categories?post=91339"},{"taxonomy":"post_tag","embeddable":true,"href":"https:\/\/exaudi.org\/es\/wp-json\/wp\/v2\/tags?post=91339"}],"curies":[{"name":"wp","href":"https:\/\/api.w.org\/{rel}","templated":true}]}}