{"id":91321,"date":"2023-12-31T18:08:08","date_gmt":"2023-12-31T17:08:08","guid":{"rendered":"https:\/\/exaudi.org\/?p=91321"},"modified":"2023-12-31T18:45:31","modified_gmt":"2023-12-31T17:45:31","slug":"el-papa-distinguir-lo-bueno-que-hay-en-nuestras-vidas-y-en-las-de-quienes-nos-rodean","status":"publish","type":"post","link":"https:\/\/exaudi.org\/es\/el-papa-distinguir-lo-bueno-que-hay-en-nuestras-vidas-y-en-las-de-quienes-nos-rodean\/","title":{"rendered":"El Papa: Distinguir lo bueno que hay en nuestras vidas y en las de quienes nos rodean"},"content":{"rendered":"<p>A las 12 del mediod\u00eda de este domingo, 31 de diciembre de 2023, el Santo Padre Francisco se asom\u00f3 a la ventana del estudio del Palacio Apost\u00f3lico Vaticano para recitar el <em>\u00c1ngelus, en la fiesta de la Sagrada Familia, <\/em>con los fieles y peregrinos congregados en la Plaza de San Pedro.<\/p>\n<div class=\"article__subTitle\">El Papa habl\u00f3 sobre el asombro de Jos\u00e9 y Mar\u00eda por las cosas que se dec\u00edan sobre Jes\u00fas: \u00abLa capacidad de asombro es un secreto para llevarse bien en familia\u00bb. Llam\u00f3 a ser capaces de distinguir lo bueno que hay en nuestras vidas y en las de quienes nos rodean.<\/div>\n<p>Estas fueron las palabras del Papa al introducir la oraci\u00f3n mariana:<\/p>\n<p>***<\/p>\n<h3><strong>Palabras del Papa<\/strong><\/h3>\n<p>Queridos hermanos y hermanas, \u00a1buenos d\u00edas!<\/p>\n<p>Hoy celebramos la fiesta de la Sagrada Familia de Jes\u00fas, Mar\u00eda y Jos\u00e9. El Evangelio nos los muestra en el templo de Jerusal\u00e9n, para la presentaci\u00f3n del Ni\u00f1o al Se\u00f1or (cf. <em>Lc<\/em> 2, 22-40).<\/p>\n<p>Ella llega al templo y all\u00ed lleva como ofrenda la m\u00e1s humilde y sencilla de las ofrendas, testimonio de su pobreza. Finalmente, Mar\u00eda recibe una profec\u00eda: \u00abUna espada te atravesar\u00e1 el alma\u00bb (v. 35). Llegan en la pobreza y parten cargados de sufrimiento. Es sorprendente: \u00a1c\u00f3mo es posible que la Familia de Jes\u00fas, la \u00fanica familia de la historia que puede presumir de la presencia de Dios en la carne, en lugar de ser rica sea pobre! En lugar de ser facilitada, \u00a1parece obstaculizada! En vez de estar libre de fatigas, \u00a1est\u00e1 inmersa en grandes dolores!<\/p>\n<p>\u00bfQu\u00e9 dice esto a nuestras familias, este modo de vivir, la historia de la Sagrada Familia, pobre, impedida, con grandes dolores? Nos dice algo muy hermoso: Dios, a quien a menudo imaginamos m\u00e1s all\u00e1 de los problemas, vino a habitar nuestra vida con sus problemas. Nos salv\u00f3 as\u00ed: no vino como un adulto, sino como un ni\u00f1o muy peque\u00f1o; vivi\u00f3 en una familia, hijo de una madre y de un padre; pas\u00f3 all\u00ed la mayor parte de su tiempo, creciendo, aprendiendo, en una vida hecha de cotidianidad, ocultamiento y silencio. Y no evit\u00f3 las dificultades, al contrario, eligi\u00f3 una familia, una familia \u00abexperimentada en el sufrimiento\u00bb, y dice a nuestras familias: \u00abSi os encontr\u00e1is en dificultades, s\u00e9 lo que sent\u00eds, lo he experimentado: mi madre, mi padre y yo lo hemos experimentado para dec\u00edrselo tambi\u00e9n a vuestra familia: \u00a1no est\u00e1is solos!<\/p>\n<p>Jos\u00e9 y Mar\u00eda \u00abestaban asombrados de las cosas que se dec\u00edan de Jes\u00fas\u00bb (cf. Lc 2,33), porque no pensaban que el anciano Sime\u00f3n y la profetisa Ana dijeran esas cosas. Estaban asombrados. Y hoy quiero detenerme en esto: en la capacidad de asombro. La capacidad de asombro es un secreto para llevarse bien en la familia. No acostumbrarse a lo ordinario de las cosas. Saber, en primer lugar, asombrarse de Dios, que nos acompa\u00f1a. Y despu\u00e9s, asombrarse en familia. Creo que es bueno en la pareja saber asombrarse del c\u00f3nyuge, por ejemplo tom\u00e1ndole de la mano y mir\u00e1ndole a los ojos por la noche unos instantes, con ternura: el asombro te lleva a la ternura, siempre. La ternura en el matrimonio es hermosa. Y luego maravillarse ante el milagro de la vida, de los ni\u00f1os, encontrar tiempo para jugar con ellos y escucharlos. Os pregunto, padres y madres: \u00bfencontr\u00e1is tiempo para jugar con vuestros hijos? \u00bfPara pasearlos? Ayer o\u00ed a alguien hablar por tel\u00e9fono y le pregunt\u00e9: \u00ab\u00bfD\u00f3nde est\u00e1s?\u00bb &#8211; \u00abEstoy en la plaza, he sacado a pasear a mis hijos\u00bb. Esa es la hermosa paternidad y maternidad. Y luego, maravillarse de la sabidur\u00eda de los abuelos. Tantas veces, sacamos a los abuelos de la vida. No, los abuelos son fuentes de sabidur\u00eda. Aprendemos a maravillarnos de la sabidur\u00eda de los abuelos, de su historia. Abuelos que devuelven la vida a lo esencial. Y a maravillarse, en fin, de la propia historia de amor -cada uno tenemos la nuestra: el Se\u00f1or nos ha hecho caminar en el amor-, a maravillarse de eso. Nuestra vida tiene ciertamente sus aspectos negativos, pero maravillarse tambi\u00e9n de la bondad de Dios de caminar con nosotros, aunque seamos tan inexpertos.<\/p>\n<p>Que Mar\u00eda, Reina de la familia, nos ayude a asombrarnos: pidamos hoy la gracia del asombro. Que la Virgen nos ayude a asombrarnos cada d\u00eda del bien y a saber ense\u00f1ar a los dem\u00e1s la belleza del asombro.<\/p>\n<p>_________________________<\/p>\n<p>Francisco, en sus saludos tras el \u00faltimo <em>\u00c1ngelus<\/em> de 2023, vuelve a hablar del sufrimiento de quienes viven en pa\u00edses devastados por la violencia: \u00abQuienes tienen inter\u00e9s en estos conflictos deben escuchar la voz de la conciencia\u00bb. Su pensamiento se dirige despu\u00e9s a Benedicto XVI un a\u00f1o despu\u00e9s de su muerte, \u00abpara \u00e9l mucho afecto y gratitud\u00bb, y a la familia \u00abc\u00e9lula fundamental de la sociedad a defender y sostener\u00bb.<\/p>\n<p><strong>Despu\u00e9s del \u00c1ngelus<\/strong><\/p>\n<p>Queridos hermanos y hermanas<\/p>\n<p>Lamentablemente, la celebraci\u00f3n de la Navidad en Nigeria ha estado marcada por graves actos de violencia en el estado de Plateau, con numerosas v\u00edctimas. Rezo por ellas y por sus familias. \u00a1Que Dios libre a Nigeria de estos horrores! Y rezo tambi\u00e9n por los que perdieron la vida en la explosi\u00f3n del cami\u00f3n cisterna en Liberia.<\/p>\n<p>Sigamos rezando por los pueblos que sufren a causa de las guerras: el atormentado pueblo ucraniano, los pueblos palestino e israel\u00ed, el pueblo sudan\u00e9s y muchos otros. Al final de un a\u00f1o, tengamos la valent\u00eda de preguntarnos: \u00bfcu\u00e1ntas vidas humanas se han roto a causa de los conflictos armados? \u00bfCu\u00e1ntos muertos? \u00bfY cu\u00e1nta destrucci\u00f3n, cu\u00e1nto sufrimiento, cu\u00e1nta pobreza? Quienes tienen intereses en estos conflictos, escuchen la voz de la conciencia. \u00a1Y no olvidemos a los atormentados Rohingya!<\/p>\n<p>Hace un a\u00f1o, el Papa Benedicto XVI termin\u00f3 su viaje terrenal, despu\u00e9s de haber servido a la Iglesia con amor y sabidur\u00eda. Sentimos por \u00e9l tanto afecto, tanta gratitud, tanta admiraci\u00f3n. Desde el Cielo bend\u00edcenos y acomp\u00e1\u00f1anos. \u00a1Un aplauso para Benedicto XVI!<\/p>\n<p>Saludo a todos los romanos, peregrinos, grupos parroquiales, asociaciones y j\u00f3venes. Hoy dirijo un saludo especial a las familias aqu\u00ed presentes y a las que est\u00e1n conectadas a trav\u00e9s de la televisi\u00f3n y otros medios de comunicaci\u00f3n. No olvidemos que la familia es la c\u00e9lula fundamental de la sociedad: \u00a1hay que defenderla y sostenerla siempre!<\/p>\n<p>Saludo a la selecci\u00f3n italiana masculina sub-18 de voleibol; y saludo a los figurantes del Pesebre viviente de Marcellano, en Umbr\u00eda.<\/p>\n<p>Y os deseo a todos un buen domingo. Una bendici\u00f3n para vuestras familias. Y tambi\u00e9n os deseo un final de a\u00f1o lleno de paz. Por favor, no olvid\u00e9is rezar por m\u00ed. Buen provecho y \u00a1adi\u00f3s!<\/p>\n<p><iframe loading=\"lazy\" title=\"\u00c1ngelus - 31 diciembre 2023 - Papa Francisco\" width=\"500\" height=\"281\" src=\"https:\/\/www.youtube.com\/embed\/wNwB5AHiyL4?feature=oembed\" frameborder=\"0\" allow=\"accelerometer; autoplay; clipboard-write; encrypted-media; gyroscope; picture-in-picture; web-share\" referrerpolicy=\"strict-origin-when-cross-origin\" allowfullscreen><\/iframe><\/p>\n","protected":false},"excerpt":{"rendered":"<p>Palabras del Santo Padre en el \u00c1ngelus<\/p>\n","protected":false},"author":15,"featured_media":91317,"comment_status":"closed","ping_status":"closed","sticky":false,"template":"","format":"standard","meta":{"_acf_changed":false,"_crdt_document":"","inline_featured_image":false,"footnotes":""},"categories":[70,68],"tags":[11842,4953],"class_list":["post-91321","post","type-post","status-publish","format-standard","has-post-thumbnail","hentry","category-angelus-es","category-leon-xiv","tag-angelus-31-diciembre-2023","tag-trending-es"],"acf":[],"yoast_head":"<!-- This site is optimized with the Yoast SEO plugin v27.4 - https:\/\/yoast.com\/product\/yoast-seo-wordpress\/ -->\n<title>El Papa: Distinguir lo bueno que hay en nuestras vidas y en las de quienes nos rodean &#8211; Exaudi<\/title>\n<meta name=\"robots\" content=\"index, follow, max-snippet:-1, max-image-preview:large, max-video-preview:-1\" \/>\n<link rel=\"canonical\" href=\"https:\/\/exaudi.org\/es\/el-papa-distinguir-lo-bueno-que-hay-en-nuestras-vidas-y-en-las-de-quienes-nos-rodean\/\" \/>\n<meta property=\"og:locale\" content=\"es_ES\" \/>\n<meta property=\"og:type\" content=\"article\" \/>\n<meta property=\"og:title\" content=\"El Papa: Distinguir lo bueno que hay en nuestras vidas y en las de quienes nos rodean &#8211; Exaudi\" \/>\n<meta property=\"og:description\" content=\"Palabras del Santo Padre en el \u00c1ngelus\" \/>\n<meta property=\"og:url\" content=\"https:\/\/exaudi.org\/es\/el-papa-distinguir-lo-bueno-que-hay-en-nuestras-vidas-y-en-las-de-quienes-nos-rodean\/\" \/>\n<meta property=\"og:site_name\" content=\"Exaudi\" \/>\n<meta property=\"article:publisher\" content=\"https:\/\/www.facebook.com\/ExaudiNews\" \/>\n<meta property=\"article:author\" content=\"https:\/\/www.facebook.com\/ExaudiNoticias\/\" \/>\n<meta property=\"article:published_time\" content=\"2023-12-31T17:08:08+00:00\" \/>\n<meta property=\"article:modified_time\" content=\"2023-12-31T17:45:31+00:00\" \/>\n<meta property=\"og:image\" content=\"https:\/\/exaudi.org\/wp-content\/uploads\/2023\/12\/cq5dam.web_.800.800-9.jpeg\" \/>\n\t<meta property=\"og:image:width\" content=\"800\" \/>\n\t<meta property=\"og:image:height\" content=\"533\" \/>\n\t<meta property=\"og:image:type\" content=\"image\/jpeg\" \/>\n<meta name=\"author\" content=\"Exaudi Redacci\u00f3n\" \/>\n<meta name=\"twitter:card\" content=\"summary_large_image\" \/>\n<meta name=\"twitter:creator\" content=\"@Exaudi_noticias\" \/>\n<meta name=\"twitter:site\" content=\"@Exaudi_News\" \/>\n<meta name=\"twitter:label1\" content=\"Escrito por\" \/>\n\t<meta name=\"twitter:data1\" content=\"Exaudi Redacci\u00f3n\" \/>\n\t<meta name=\"twitter:label2\" content=\"Tiempo de lectura\" \/>\n\t<meta name=\"twitter:data2\" content=\"6 minutos\" \/>\n<script type=\"application\/ld+json\" class=\"yoast-schema-graph\">{\"@context\":\"https:\\\/\\\/schema.org\",\"@graph\":[{\"@type\":\"Article\",\"@id\":\"https:\\\/\\\/exaudi.org\\\/es\\\/el-papa-distinguir-lo-bueno-que-hay-en-nuestras-vidas-y-en-las-de-quienes-nos-rodean\\\/#article\",\"isPartOf\":{\"@id\":\"https:\\\/\\\/exaudi.org\\\/es\\\/el-papa-distinguir-lo-bueno-que-hay-en-nuestras-vidas-y-en-las-de-quienes-nos-rodean\\\/\"},\"author\":{\"name\":\"Exaudi Redacci\u00f3n\",\"@id\":\"https:\\\/\\\/exaudi.org\\\/#\\\/schema\\\/person\\\/f5fc8f063065e38742da7afe15f25df7\"},\"headline\":\"El Papa: Distinguir lo bueno que hay en nuestras vidas y en las de quienes nos rodean\",\"datePublished\":\"2023-12-31T17:08:08+00:00\",\"dateModified\":\"2023-12-31T17:45:31+00:00\",\"mainEntityOfPage\":{\"@id\":\"https:\\\/\\\/exaudi.org\\\/es\\\/el-papa-distinguir-lo-bueno-que-hay-en-nuestras-vidas-y-en-las-de-quienes-nos-rodean\\\/\"},\"wordCount\":1185,\"image\":{\"@id\":\"https:\\\/\\\/exaudi.org\\\/es\\\/el-papa-distinguir-lo-bueno-que-hay-en-nuestras-vidas-y-en-las-de-quienes-nos-rodean\\\/#primaryimage\"},\"thumbnailUrl\":\"https:\\\/\\\/exaudi.org\\\/wp-content\\\/uploads\\\/2023\\\/12\\\/cq5dam.web_.800.800-9.jpeg\",\"keywords\":[\"\u00c1ngelus 31 diciembre 2023\",\"Trending\"],\"articleSection\":[\"\u00c1ngelus\",\"Le\u00f3n XIV\"],\"inLanguage\":\"es\"},{\"@type\":\"WebPage\",\"@id\":\"https:\\\/\\\/exaudi.org\\\/es\\\/el-papa-distinguir-lo-bueno-que-hay-en-nuestras-vidas-y-en-las-de-quienes-nos-rodean\\\/\",\"url\":\"https:\\\/\\\/exaudi.org\\\/es\\\/el-papa-distinguir-lo-bueno-que-hay-en-nuestras-vidas-y-en-las-de-quienes-nos-rodean\\\/\",\"name\":\"El Papa: Distinguir lo bueno que hay en nuestras vidas y en las de quienes nos rodean &#8211; Exaudi\",\"isPartOf\":{\"@id\":\"https:\\\/\\\/exaudi.org\\\/#website\"},\"primaryImageOfPage\":{\"@id\":\"https:\\\/\\\/exaudi.org\\\/es\\\/el-papa-distinguir-lo-bueno-que-hay-en-nuestras-vidas-y-en-las-de-quienes-nos-rodean\\\/#primaryimage\"},\"image\":{\"@id\":\"https:\\\/\\\/exaudi.org\\\/es\\\/el-papa-distinguir-lo-bueno-que-hay-en-nuestras-vidas-y-en-las-de-quienes-nos-rodean\\\/#primaryimage\"},\"thumbnailUrl\":\"https:\\\/\\\/exaudi.org\\\/wp-content\\\/uploads\\\/2023\\\/12\\\/cq5dam.web_.800.800-9.jpeg\",\"datePublished\":\"2023-12-31T17:08:08+00:00\",\"dateModified\":\"2023-12-31T17:45:31+00:00\",\"author\":{\"@id\":\"https:\\\/\\\/exaudi.org\\\/#\\\/schema\\\/person\\\/f5fc8f063065e38742da7afe15f25df7\"},\"breadcrumb\":{\"@id\":\"https:\\\/\\\/exaudi.org\\\/es\\\/el-papa-distinguir-lo-bueno-que-hay-en-nuestras-vidas-y-en-las-de-quienes-nos-rodean\\\/#breadcrumb\"},\"inLanguage\":\"es\",\"potentialAction\":[{\"@type\":\"ReadAction\",\"target\":[\"https:\\\/\\\/exaudi.org\\\/es\\\/el-papa-distinguir-lo-bueno-que-hay-en-nuestras-vidas-y-en-las-de-quienes-nos-rodean\\\/\"]}]},{\"@type\":\"ImageObject\",\"inLanguage\":\"es\",\"@id\":\"https:\\\/\\\/exaudi.org\\\/es\\\/el-papa-distinguir-lo-bueno-que-hay-en-nuestras-vidas-y-en-las-de-quienes-nos-rodean\\\/#primaryimage\",\"url\":\"https:\\\/\\\/exaudi.org\\\/wp-content\\\/uploads\\\/2023\\\/12\\\/cq5dam.web_.800.800-9.jpeg\",\"contentUrl\":\"https:\\\/\\\/exaudi.org\\\/wp-content\\\/uploads\\\/2023\\\/12\\\/cq5dam.web_.800.800-9.jpeg\",\"width\":800,\"height\":533,\"caption\":\"Vatican Media\"},{\"@type\":\"BreadcrumbList\",\"@id\":\"https:\\\/\\\/exaudi.org\\\/es\\\/el-papa-distinguir-lo-bueno-que-hay-en-nuestras-vidas-y-en-las-de-quienes-nos-rodean\\\/#breadcrumb\",\"itemListElement\":[{\"@type\":\"ListItem\",\"position\":1,\"name\":\"Portada\",\"item\":\"https:\\\/\\\/exaudi.org\\\/es\\\/\"},{\"@type\":\"ListItem\",\"position\":2,\"name\":\"El Papa: Distinguir lo bueno que hay en nuestras vidas y en las de quienes nos rodean\"}]},{\"@type\":\"WebSite\",\"@id\":\"https:\\\/\\\/exaudi.org\\\/#website\",\"url\":\"https:\\\/\\\/exaudi.org\\\/\",\"name\":\"Exaudi\",\"description\":\"News\",\"potentialAction\":[{\"@type\":\"SearchAction\",\"target\":{\"@type\":\"EntryPoint\",\"urlTemplate\":\"https:\\\/\\\/exaudi.org\\\/?s={search_term_string}\"},\"query-input\":{\"@type\":\"PropertyValueSpecification\",\"valueRequired\":true,\"valueName\":\"search_term_string\"}}],\"inLanguage\":\"es\"},{\"@type\":\"Person\",\"@id\":\"https:\\\/\\\/exaudi.org\\\/#\\\/schema\\\/person\\\/f5fc8f063065e38742da7afe15f25df7\",\"name\":\"Exaudi Redacci\u00f3n\",\"image\":{\"@type\":\"ImageObject\",\"inLanguage\":\"es\",\"@id\":\"https:\\\/\\\/secure.gravatar.com\\\/avatar\\\/fe0f6a059fb68d9b3e11bc5850dd4899b1c7492091a3cb6dd9b01b56ad828be2?s=96&d=mm&r=g\",\"url\":\"https:\\\/\\\/secure.gravatar.com\\\/avatar\\\/fe0f6a059fb68d9b3e11bc5850dd4899b1c7492091a3cb6dd9b01b56ad828be2?s=96&d=mm&r=g\",\"contentUrl\":\"https:\\\/\\\/secure.gravatar.com\\\/avatar\\\/fe0f6a059fb68d9b3e11bc5850dd4899b1c7492091a3cb6dd9b01b56ad828be2?s=96&d=mm&r=g\",\"caption\":\"Exaudi Redacci\u00f3n\"},\"description\":\"\u00bfQu\u00e9 es Exaudi News? Exaudi News es un medio de comunicaci\u00f3n cat\u00f3lico internacional que informa, forma y transforma, diariamente en espa\u00f1ol, ingl\u00e9s e italiano. A trav\u00e9s de noticias, art\u00edculos de an\u00e1lisis y transmisiones en directo de los eventos del Papa, Exaudi busca fortalecer la unidad de los cristianos y contribuir a la evangelizaci\u00f3n del mundo, siempre guiados por la doctrina social de la Iglesia. Trabajamos para acercar la verdad y los valores cristianos a cada rinc\u00f3n del planeta. \u00a1Ay\u00fadanos a transformar el mundo con Exaudi! En Exaudi creemos que la evangelizaci\u00f3n y la informaci\u00f3n de calidad pueden cambiar vidas. Para continuar con nuestra misi\u00f3n y expandir nuestro alcance, necesitamos tu ayuda. Adem\u00e1s, buscamos personas comprometidas que deseen unirse a nuestro equipo. Con tu apoyo, lograremos llegar a m\u00e1s personas, difundir el mensaje de Cristo y reforzar la unidad de los cristianos. \u00bfTe unes a nuestra misi\u00f3n? Para m\u00e1s informaci\u00f3n sobre c\u00f3mo colaborar, visita Exaudi.org\\\/es o cont\u00e1ctanos directamente: info@exaudi.org Exaudi: Informa, forma y transforma.\",\"sameAs\":[\"https:\\\/\\\/www.facebook.com\\\/ExaudiNoticias\\\/\",\"https:\\\/\\\/www.instagram.com\\\/exaudi_noticias\\\/\",\"https:\\\/\\\/x.com\\\/Exaudi_noticias\",\"https:\\\/\\\/www.youtube.com\\\/@exaudicatholicnews\"],\"url\":\"https:\\\/\\\/exaudi.org\\\/es\\\/author\\\/redaccionexaudi\\\/\"}]}<\/script>\n<!-- \/ Yoast SEO plugin. -->","yoast_head_json":{"title":"El Papa: Distinguir lo bueno que hay en nuestras vidas y en las de quienes nos rodean &#8211; Exaudi","robots":{"index":"index","follow":"follow","max-snippet":"max-snippet:-1","max-image-preview":"max-image-preview:large","max-video-preview":"max-video-preview:-1"},"canonical":"https:\/\/exaudi.org\/es\/el-papa-distinguir-lo-bueno-que-hay-en-nuestras-vidas-y-en-las-de-quienes-nos-rodean\/","og_locale":"es_ES","og_type":"article","og_title":"El Papa: Distinguir lo bueno que hay en nuestras vidas y en las de quienes nos rodean &#8211; Exaudi","og_description":"Palabras del Santo Padre en el \u00c1ngelus","og_url":"https:\/\/exaudi.org\/es\/el-papa-distinguir-lo-bueno-que-hay-en-nuestras-vidas-y-en-las-de-quienes-nos-rodean\/","og_site_name":"Exaudi","article_publisher":"https:\/\/www.facebook.com\/ExaudiNews","article_author":"https:\/\/www.facebook.com\/ExaudiNoticias\/","article_published_time":"2023-12-31T17:08:08+00:00","article_modified_time":"2023-12-31T17:45:31+00:00","og_image":[{"width":800,"height":533,"url":"https:\/\/exaudi.org\/wp-content\/uploads\/2023\/12\/cq5dam.web_.800.800-9.jpeg","type":"image\/jpeg"}],"author":"Exaudi Redacci\u00f3n","twitter_card":"summary_large_image","twitter_creator":"@Exaudi_noticias","twitter_site":"@Exaudi_News","twitter_misc":{"Escrito por":"Exaudi Redacci\u00f3n","Tiempo de lectura":"6 minutos"},"schema":{"@context":"https:\/\/schema.org","@graph":[{"@type":"Article","@id":"https:\/\/exaudi.org\/es\/el-papa-distinguir-lo-bueno-que-hay-en-nuestras-vidas-y-en-las-de-quienes-nos-rodean\/#article","isPartOf":{"@id":"https:\/\/exaudi.org\/es\/el-papa-distinguir-lo-bueno-que-hay-en-nuestras-vidas-y-en-las-de-quienes-nos-rodean\/"},"author":{"name":"Exaudi Redacci\u00f3n","@id":"https:\/\/exaudi.org\/#\/schema\/person\/f5fc8f063065e38742da7afe15f25df7"},"headline":"El Papa: Distinguir lo bueno que hay en nuestras vidas y en las de quienes nos rodean","datePublished":"2023-12-31T17:08:08+00:00","dateModified":"2023-12-31T17:45:31+00:00","mainEntityOfPage":{"@id":"https:\/\/exaudi.org\/es\/el-papa-distinguir-lo-bueno-que-hay-en-nuestras-vidas-y-en-las-de-quienes-nos-rodean\/"},"wordCount":1185,"image":{"@id":"https:\/\/exaudi.org\/es\/el-papa-distinguir-lo-bueno-que-hay-en-nuestras-vidas-y-en-las-de-quienes-nos-rodean\/#primaryimage"},"thumbnailUrl":"https:\/\/exaudi.org\/wp-content\/uploads\/2023\/12\/cq5dam.web_.800.800-9.jpeg","keywords":["\u00c1ngelus 31 diciembre 2023","Trending"],"articleSection":["\u00c1ngelus","Le\u00f3n XIV"],"inLanguage":"es"},{"@type":"WebPage","@id":"https:\/\/exaudi.org\/es\/el-papa-distinguir-lo-bueno-que-hay-en-nuestras-vidas-y-en-las-de-quienes-nos-rodean\/","url":"https:\/\/exaudi.org\/es\/el-papa-distinguir-lo-bueno-que-hay-en-nuestras-vidas-y-en-las-de-quienes-nos-rodean\/","name":"El Papa: Distinguir lo bueno que hay en nuestras vidas y en las de quienes nos rodean &#8211; Exaudi","isPartOf":{"@id":"https:\/\/exaudi.org\/#website"},"primaryImageOfPage":{"@id":"https:\/\/exaudi.org\/es\/el-papa-distinguir-lo-bueno-que-hay-en-nuestras-vidas-y-en-las-de-quienes-nos-rodean\/#primaryimage"},"image":{"@id":"https:\/\/exaudi.org\/es\/el-papa-distinguir-lo-bueno-que-hay-en-nuestras-vidas-y-en-las-de-quienes-nos-rodean\/#primaryimage"},"thumbnailUrl":"https:\/\/exaudi.org\/wp-content\/uploads\/2023\/12\/cq5dam.web_.800.800-9.jpeg","datePublished":"2023-12-31T17:08:08+00:00","dateModified":"2023-12-31T17:45:31+00:00","author":{"@id":"https:\/\/exaudi.org\/#\/schema\/person\/f5fc8f063065e38742da7afe15f25df7"},"breadcrumb":{"@id":"https:\/\/exaudi.org\/es\/el-papa-distinguir-lo-bueno-que-hay-en-nuestras-vidas-y-en-las-de-quienes-nos-rodean\/#breadcrumb"},"inLanguage":"es","potentialAction":[{"@type":"ReadAction","target":["https:\/\/exaudi.org\/es\/el-papa-distinguir-lo-bueno-que-hay-en-nuestras-vidas-y-en-las-de-quienes-nos-rodean\/"]}]},{"@type":"ImageObject","inLanguage":"es","@id":"https:\/\/exaudi.org\/es\/el-papa-distinguir-lo-bueno-que-hay-en-nuestras-vidas-y-en-las-de-quienes-nos-rodean\/#primaryimage","url":"https:\/\/exaudi.org\/wp-content\/uploads\/2023\/12\/cq5dam.web_.800.800-9.jpeg","contentUrl":"https:\/\/exaudi.org\/wp-content\/uploads\/2023\/12\/cq5dam.web_.800.800-9.jpeg","width":800,"height":533,"caption":"Vatican Media"},{"@type":"BreadcrumbList","@id":"https:\/\/exaudi.org\/es\/el-papa-distinguir-lo-bueno-que-hay-en-nuestras-vidas-y-en-las-de-quienes-nos-rodean\/#breadcrumb","itemListElement":[{"@type":"ListItem","position":1,"name":"Portada","item":"https:\/\/exaudi.org\/es\/"},{"@type":"ListItem","position":2,"name":"El Papa: Distinguir lo bueno que hay en nuestras vidas y en las de quienes nos rodean"}]},{"@type":"WebSite","@id":"https:\/\/exaudi.org\/#website","url":"https:\/\/exaudi.org\/","name":"Exaudi","description":"News","potentialAction":[{"@type":"SearchAction","target":{"@type":"EntryPoint","urlTemplate":"https:\/\/exaudi.org\/?s={search_term_string}"},"query-input":{"@type":"PropertyValueSpecification","valueRequired":true,"valueName":"search_term_string"}}],"inLanguage":"es"},{"@type":"Person","@id":"https:\/\/exaudi.org\/#\/schema\/person\/f5fc8f063065e38742da7afe15f25df7","name":"Exaudi Redacci\u00f3n","image":{"@type":"ImageObject","inLanguage":"es","@id":"https:\/\/secure.gravatar.com\/avatar\/fe0f6a059fb68d9b3e11bc5850dd4899b1c7492091a3cb6dd9b01b56ad828be2?s=96&d=mm&r=g","url":"https:\/\/secure.gravatar.com\/avatar\/fe0f6a059fb68d9b3e11bc5850dd4899b1c7492091a3cb6dd9b01b56ad828be2?s=96&d=mm&r=g","contentUrl":"https:\/\/secure.gravatar.com\/avatar\/fe0f6a059fb68d9b3e11bc5850dd4899b1c7492091a3cb6dd9b01b56ad828be2?s=96&d=mm&r=g","caption":"Exaudi Redacci\u00f3n"},"description":"\u00bfQu\u00e9 es Exaudi News? Exaudi News es un medio de comunicaci\u00f3n cat\u00f3lico internacional que informa, forma y transforma, diariamente en espa\u00f1ol, ingl\u00e9s e italiano. A trav\u00e9s de noticias, art\u00edculos de an\u00e1lisis y transmisiones en directo de los eventos del Papa, Exaudi busca fortalecer la unidad de los cristianos y contribuir a la evangelizaci\u00f3n del mundo, siempre guiados por la doctrina social de la Iglesia. Trabajamos para acercar la verdad y los valores cristianos a cada rinc\u00f3n del planeta. \u00a1Ay\u00fadanos a transformar el mundo con Exaudi! En Exaudi creemos que la evangelizaci\u00f3n y la informaci\u00f3n de calidad pueden cambiar vidas. Para continuar con nuestra misi\u00f3n y expandir nuestro alcance, necesitamos tu ayuda. Adem\u00e1s, buscamos personas comprometidas que deseen unirse a nuestro equipo. Con tu apoyo, lograremos llegar a m\u00e1s personas, difundir el mensaje de Cristo y reforzar la unidad de los cristianos. \u00bfTe unes a nuestra misi\u00f3n? Para m\u00e1s informaci\u00f3n sobre c\u00f3mo colaborar, visita Exaudi.org\/es o cont\u00e1ctanos directamente: info@exaudi.org Exaudi: Informa, forma y transforma.","sameAs":["https:\/\/www.facebook.com\/ExaudiNoticias\/","https:\/\/www.instagram.com\/exaudi_noticias\/","https:\/\/x.com\/Exaudi_noticias","https:\/\/www.youtube.com\/@exaudicatholicnews"],"url":"https:\/\/exaudi.org\/es\/author\/redaccionexaudi\/"}]}},"jetpack_featured_media_url":"https:\/\/exaudi.org\/wp-content\/uploads\/2023\/12\/cq5dam.web_.800.800-9.jpeg","jetpack_shortlink":"https:\/\/wp.me\/pgKjF2-nKV","_links":{"self":[{"href":"https:\/\/exaudi.org\/es\/wp-json\/wp\/v2\/posts\/91321","targetHints":{"allow":["GET"]}}],"collection":[{"href":"https:\/\/exaudi.org\/es\/wp-json\/wp\/v2\/posts"}],"about":[{"href":"https:\/\/exaudi.org\/es\/wp-json\/wp\/v2\/types\/post"}],"author":[{"embeddable":true,"href":"https:\/\/exaudi.org\/es\/wp-json\/wp\/v2\/users\/15"}],"replies":[{"embeddable":true,"href":"https:\/\/exaudi.org\/es\/wp-json\/wp\/v2\/comments?post=91321"}],"version-history":[{"count":0,"href":"https:\/\/exaudi.org\/es\/wp-json\/wp\/v2\/posts\/91321\/revisions"}],"wp:featuredmedia":[{"embeddable":true,"href":"https:\/\/exaudi.org\/es\/wp-json\/wp\/v2\/media\/91317"}],"wp:attachment":[{"href":"https:\/\/exaudi.org\/es\/wp-json\/wp\/v2\/media?parent=91321"}],"wp:term":[{"taxonomy":"category","embeddable":true,"href":"https:\/\/exaudi.org\/es\/wp-json\/wp\/v2\/categories?post=91321"},{"taxonomy":"post_tag","embeddable":true,"href":"https:\/\/exaudi.org\/es\/wp-json\/wp\/v2\/tags?post=91321"}],"curies":[{"name":"wp","href":"https:\/\/api.w.org\/{rel}","templated":true}]}}