{"id":91238,"date":"2023-12-30T09:05:13","date_gmt":"2023-12-30T08:05:13","guid":{"rendered":"https:\/\/exaudi.org\/?p=91238"},"modified":"2023-12-30T11:17:00","modified_gmt":"2023-12-30T10:17:00","slug":"el-papa-francisco-caminando-juntos","status":"publish","type":"post","link":"https:\/\/exaudi.org\/es\/el-papa-francisco-caminando-juntos\/","title":{"rendered":"El Papa Francisco \u201cCaminando Juntos\u201d"},"content":{"rendered":"<div class=\"block-da-1 block-da block-da-post_before_content clearfix\">\n<div class=\"subscribe-block\"><\/div>\n<p>Publicamos a continuaci\u00f3n el Mensaje enviado por el Santo Padre Francisco, firmado por el Cardenal Secretario de Estado Pietro Parolin, con motivo del 46\u00ba Encuentro Europeo de J\u00f3venes organizado por la Comunidad de Taiz\u00e9 en Ljubljana (Eslovenia) del 28 de diciembre de 2023 al 1 de enero de 2024:<\/p>\n<p>***<\/p>\n<\/div>\n<div class=\"entry-content body-color clearfix link-color-wrap progresson\">\n<h3><strong>Mensaje<\/strong><\/h3>\n<div class=\"testo\">\n<div class=\"text parbase vaticanrichtext\">\n<p><i>Queridos j\u00f3venes<\/i>\u00a0,<\/p>\n<p>Su Santidad el Papa Francisco os env\u00eda su saludo con motivo del 46\u00ba Encuentro Europeo organizado por la Comunidad de Taiz\u00e9 sobre el tema \u201cCaminando juntos\u201d.\u00a0Expresa tambi\u00e9n su cercan\u00eda a todos vosotros, que est\u00e1is implicados a diferentes niveles en la vida de la Iglesia y de vuestras diferentes naciones.<\/p>\n<p>Las recientes Jornadas Mundiales de la Juventud os han permitido vivir, como Iglesia y como comunidad, la hermosa experiencia de la amistad con Dios y con los dem\u00e1s.\u00a0\u00a1Vosotros sois el hoy de Dios, el hoy de la Iglesia!\u00a0La Iglesia os necesita para ser plenamente ella misma.\u00a0Como Iglesia, sois el Cuerpo del Se\u00f1or Resucitado presente en el mundo.<\/p>\n<p>Queridos amigos, vivimos en un mundo lleno de ruido, donde el valor del silencio y de la escucha son sofocados.\u00a0En este contexto, os invito a redescubrir la dimensi\u00f3n m\u00e1s profunda de la escucha.\u00a0Escuchar es un acto de amor.\u00a0Est\u00e1 en el coraz\u00f3n de la confianza.\u00a0Sin escuchar, poco puede crecer o desarrollarse.\u00a0La escucha permite darle al otro el espacio necesario para existir.\u00a0A menudo tenemos la impresi\u00f3n de que quienes gritan m\u00e1s fuerte son dignos de ser escuchados.\u00a0Lamentablemente, hoy la violencia gana cada vez m\u00e1s terreno.\u00a0Vivimos en una \u00e9poca dif\u00edcil, con conflictos y guerras en todo el mundo, porque ya nadie escucha.\u00a0Os insto a atreveros a construir un mundo diferente, un mundo de escucha, de di\u00e1logo y de apertura, a \u201cse\u00f1alar ideales distintos a los de este mundo, testimoniando la belleza de la generosidad, el servicio, la pureza, la perseverancia, el perd\u00f3n, la fidelidad a nuestro la vocaci\u00f3n personal, la oraci\u00f3n, la b\u00fasqueda de la justicia y del bien com\u00fan, el amor a los pobres y la amistad social\u201d (\u00a0<i><a href=\"https:\/\/www.vatican.va\/content\/francesco\/en\/apost_exhortations\/documents\/papa-francesco_esortazione-ap_20190325_christus-vivit.html#36\">Christus vivit<\/a><\/i>\u00a0, 36).<\/p>\n<p>Uno de los desaf\u00edos que deb\u00e9is afrontar es el de caminar juntos, para trabajar por la transformaci\u00f3n cualitativa de la vida en nuestras sociedades.\u00a0Caminar juntos significa cerrar el camino a la marginaci\u00f3n, el aislamiento, la exclusi\u00f3n y el rechazo de una categor\u00eda de personas.\u00a0Os convert\u00eds en constructores de puentes entre pueblos, culturas y religiones, para un mundo estable y abierto.\u00a0Debemos comprometernos a vivir como nuestro Maestro y Se\u00f1or Jes\u00fas que no excluy\u00f3 a nadie de su camino.\u00a0Reconoci\u00f3 la presencia de Dios en quienes estaban al margen de la sociedad, e incluso en quienes no pertenec\u00edan a su pueblo.<\/p>\n<div class=\"testo\">\n<div class=\"text parbase vaticanrichtext\">\n<p>Frente a los desaf\u00edos actuales y a nuestra propia fragilidad, algunas personas a veces se sienten \u201csin hogar\u201d.\u00a0Cuando afrontamos juntos estos desaf\u00edos, pueden haber experiencias de belleza, de trascendencia, que nos ayuden a descubrir la chispa que nos haga empezar de nuevo con nueva vitalidad.\u00a0Queridos j\u00f3venes, el Santo Padre cuenta con vosotros y conf\u00eda en vosotros, la Iglesia conf\u00eda en vosotros.\u00a0A trav\u00e9s de tus palabras y acciones, env\u00eda un mensaje poderoso a nuestro mundo, que rechaza a los vulnerables.\u00a0Hagan realidad sus sue\u00f1os de amor, justicia y paz, empezando por ustedes mismos.\u00a0Vive en el presente.\u00a0No sacrifiques tu preciosa juventud en el altar de los placeres superficiales.\u00a0No os dej\u00e9is robar vuestros sue\u00f1os y ayudad a \u201cconstruir una sociedad digna de ese nombre\u201d (\u00a0<i><a href=\"https:\/\/www.vatican.va\/content\/francesco\/en\/encyclicals\/documents\/papa-francesco_20201003_enciclica-fratelli-tutti.html#71\">Fratelli tutti<\/a><\/i>\u00a0, 71).<\/p>\n<p>Encomendando a cada uno de vosotros y a vuestras familias al Se\u00f1or, por intercesi\u00f3n de la Virgen Mar\u00eda, el Papa Francisco os concede de todo coraz\u00f3n su bendici\u00f3n apost\u00f3lica.\u00a0Les pide que oren por \u00e9l.<\/p>\n<p>Cardenal Pietro Parolin<br \/>\n<i>Secretario de Estado de Su Santidad<\/i><\/p>\n<p><i>__________________________________<\/i><\/p>\n<p><i><a href=\"https:\/\/press.vatican.va\/content\/salastampa\/en\/bollettino\/pubblico\/2023\/12\/28\/231228a.html\">Bolet\u00edn de la Oficina de Prensa de la Santa Sede<\/a><\/i>\u00a0, 28 de diciembre de 2023<\/p>\n<div class=\"clearfix\"><\/div>\n<\/div>\n<div class=\"content parsys\"><\/div>\n<\/div>\n<p>&nbsp;<\/p>\n<\/div>\n<\/div>\n<\/div>\n","protected":false},"excerpt":{"rendered":"<p>Eslovenia: 46\u00ba Encuentro Europeo de la Juventud organizado por la Comunidad de Taiz\u00e9<\/p>\n","protected":false},"author":15,"featured_media":91227,"comment_status":"closed","ping_status":"closed","sticky":false,"template":"","format":"standard","meta":{"_acf_changed":false,"_crdt_document":"","inline_featured_image":false,"footnotes":""},"categories":[68,118],"tags":[11830,5807,1242,5385,4953],"class_list":["post-91238","post","type-post","status-publish","format-standard","has-post-thumbnail","hentry","category-leon-xiv","category-mensajes","tag-encuentro-europeo","tag-eslovenia","tag-juventud","tag-taize","tag-trending-es"],"acf":[],"yoast_head":"<!-- This site is optimized with the Yoast SEO plugin v27.5 - https:\/\/yoast.com\/product\/yoast-seo-wordpress\/ -->\n<title>El Papa Francisco \u201cCaminando Juntos\u201d &#8211; Exaudi<\/title>\n<meta name=\"robots\" content=\"index, follow, max-snippet:-1, max-image-preview:large, max-video-preview:-1\" \/>\n<link rel=\"canonical\" href=\"https:\/\/exaudi.org\/es\/el-papa-francisco-caminando-juntos\/\" \/>\n<meta property=\"og:locale\" content=\"es_ES\" \/>\n<meta property=\"og:type\" content=\"article\" \/>\n<meta property=\"og:title\" content=\"El Papa Francisco \u201cCaminando Juntos\u201d &#8211; Exaudi\" \/>\n<meta property=\"og:description\" content=\"Eslovenia: 46\u00ba Encuentro Europeo de la Juventud organizado por la Comunidad de Taiz\u00e9\" \/>\n<meta property=\"og:url\" content=\"https:\/\/exaudi.org\/es\/el-papa-francisco-caminando-juntos\/\" \/>\n<meta property=\"og:site_name\" content=\"Exaudi\" \/>\n<meta property=\"article:publisher\" content=\"https:\/\/www.facebook.com\/ExaudiNews\" \/>\n<meta property=\"article:author\" content=\"https:\/\/www.facebook.com\/ExaudiNoticias\/\" \/>\n<meta property=\"article:published_time\" content=\"2023-12-30T08:05:13+00:00\" \/>\n<meta property=\"article:modified_time\" content=\"2023-12-30T10:17:00+00:00\" \/>\n<meta property=\"og:image\" content=\"https:\/\/exaudi.org\/wp-content\/uploads\/2023\/12\/cq5dam.thumbnail.cropped.750.422-14.jpeg\" \/>\n\t<meta property=\"og:image:width\" content=\"750\" \/>\n\t<meta property=\"og:image:height\" content=\"422\" \/>\n\t<meta property=\"og:image:type\" content=\"image\/jpeg\" \/>\n<meta name=\"author\" content=\"Exaudi Redacci\u00f3n\" \/>\n<meta name=\"twitter:card\" content=\"summary_large_image\" \/>\n<meta name=\"twitter:creator\" content=\"@Exaudi_noticias\" \/>\n<meta name=\"twitter:site\" content=\"@Exaudi_News\" \/>\n<meta name=\"twitter:label1\" content=\"Escrito por\" \/>\n\t<meta name=\"twitter:data1\" content=\"Exaudi Redacci\u00f3n\" \/>\n\t<meta name=\"twitter:label2\" content=\"Tiempo de lectura\" \/>\n\t<meta name=\"twitter:data2\" content=\"3 minutos\" \/>\n<script type=\"application\/ld+json\" class=\"yoast-schema-graph\">{\"@context\":\"https:\\\/\\\/schema.org\",\"@graph\":[{\"@type\":\"Article\",\"@id\":\"https:\\\/\\\/exaudi.org\\\/es\\\/el-papa-francisco-caminando-juntos\\\/#article\",\"isPartOf\":{\"@id\":\"https:\\\/\\\/exaudi.org\\\/es\\\/el-papa-francisco-caminando-juntos\\\/\"},\"author\":{\"name\":\"Exaudi Redacci\u00f3n\",\"@id\":\"https:\\\/\\\/exaudi.org\\\/#\\\/schema\\\/person\\\/f5fc8f063065e38742da7afe15f25df7\"},\"headline\":\"El Papa Francisco \u201cCaminando Juntos\u201d\",\"datePublished\":\"2023-12-30T08:05:13+00:00\",\"dateModified\":\"2023-12-30T10:17:00+00:00\",\"mainEntityOfPage\":{\"@id\":\"https:\\\/\\\/exaudi.org\\\/es\\\/el-papa-francisco-caminando-juntos\\\/\"},\"wordCount\":677,\"image\":{\"@id\":\"https:\\\/\\\/exaudi.org\\\/es\\\/el-papa-francisco-caminando-juntos\\\/#primaryimage\"},\"thumbnailUrl\":\"https:\\\/\\\/exaudi.org\\\/wp-content\\\/uploads\\\/2023\\\/12\\\/cq5dam.thumbnail.cropped.750.422-14.jpeg\",\"keywords\":[\"Encuentro Europeo\",\"Eslovenia\",\"Juventud\",\"Taiz\u00e9\",\"Trending\"],\"articleSection\":[\"Le\u00f3n XIV\",\"Mensajes\"],\"inLanguage\":\"es\"},{\"@type\":\"WebPage\",\"@id\":\"https:\\\/\\\/exaudi.org\\\/es\\\/el-papa-francisco-caminando-juntos\\\/\",\"url\":\"https:\\\/\\\/exaudi.org\\\/es\\\/el-papa-francisco-caminando-juntos\\\/\",\"name\":\"El Papa Francisco \u201cCaminando Juntos\u201d &#8211; Exaudi\",\"isPartOf\":{\"@id\":\"https:\\\/\\\/exaudi.org\\\/#website\"},\"primaryImageOfPage\":{\"@id\":\"https:\\\/\\\/exaudi.org\\\/es\\\/el-papa-francisco-caminando-juntos\\\/#primaryimage\"},\"image\":{\"@id\":\"https:\\\/\\\/exaudi.org\\\/es\\\/el-papa-francisco-caminando-juntos\\\/#primaryimage\"},\"thumbnailUrl\":\"https:\\\/\\\/exaudi.org\\\/wp-content\\\/uploads\\\/2023\\\/12\\\/cq5dam.thumbnail.cropped.750.422-14.jpeg\",\"datePublished\":\"2023-12-30T08:05:13+00:00\",\"dateModified\":\"2023-12-30T10:17:00+00:00\",\"author\":{\"@id\":\"https:\\\/\\\/exaudi.org\\\/#\\\/schema\\\/person\\\/f5fc8f063065e38742da7afe15f25df7\"},\"breadcrumb\":{\"@id\":\"https:\\\/\\\/exaudi.org\\\/es\\\/el-papa-francisco-caminando-juntos\\\/#breadcrumb\"},\"inLanguage\":\"es\",\"potentialAction\":[{\"@type\":\"ReadAction\",\"target\":[\"https:\\\/\\\/exaudi.org\\\/es\\\/el-papa-francisco-caminando-juntos\\\/\"]}]},{\"@type\":\"ImageObject\",\"inLanguage\":\"es\",\"@id\":\"https:\\\/\\\/exaudi.org\\\/es\\\/el-papa-francisco-caminando-juntos\\\/#primaryimage\",\"url\":\"https:\\\/\\\/exaudi.org\\\/wp-content\\\/uploads\\\/2023\\\/12\\\/cq5dam.thumbnail.cropped.750.422-14.jpeg\",\"contentUrl\":\"https:\\\/\\\/exaudi.org\\\/wp-content\\\/uploads\\\/2023\\\/12\\\/cq5dam.thumbnail.cropped.750.422-14.jpeg\",\"width\":750,\"height\":422,\"caption\":\"Vatican News -\"},{\"@type\":\"BreadcrumbList\",\"@id\":\"https:\\\/\\\/exaudi.org\\\/es\\\/el-papa-francisco-caminando-juntos\\\/#breadcrumb\",\"itemListElement\":[{\"@type\":\"ListItem\",\"position\":1,\"name\":\"Portada\",\"item\":\"https:\\\/\\\/exaudi.org\\\/es\\\/\"},{\"@type\":\"ListItem\",\"position\":2,\"name\":\"El Papa Francisco \u201cCaminando Juntos\u201d\"}]},{\"@type\":\"WebSite\",\"@id\":\"https:\\\/\\\/exaudi.org\\\/#website\",\"url\":\"https:\\\/\\\/exaudi.org\\\/\",\"name\":\"Exaudi\",\"description\":\"News\",\"potentialAction\":[{\"@type\":\"SearchAction\",\"target\":{\"@type\":\"EntryPoint\",\"urlTemplate\":\"https:\\\/\\\/exaudi.org\\\/?s={search_term_string}\"},\"query-input\":{\"@type\":\"PropertyValueSpecification\",\"valueRequired\":true,\"valueName\":\"search_term_string\"}}],\"inLanguage\":\"es\"},{\"@type\":\"Person\",\"@id\":\"https:\\\/\\\/exaudi.org\\\/#\\\/schema\\\/person\\\/f5fc8f063065e38742da7afe15f25df7\",\"name\":\"Exaudi Redacci\u00f3n\",\"image\":{\"@type\":\"ImageObject\",\"inLanguage\":\"es\",\"@id\":\"https:\\\/\\\/secure.gravatar.com\\\/avatar\\\/fe0f6a059fb68d9b3e11bc5850dd4899b1c7492091a3cb6dd9b01b56ad828be2?s=96&d=mm&r=g\",\"url\":\"https:\\\/\\\/secure.gravatar.com\\\/avatar\\\/fe0f6a059fb68d9b3e11bc5850dd4899b1c7492091a3cb6dd9b01b56ad828be2?s=96&d=mm&r=g\",\"contentUrl\":\"https:\\\/\\\/secure.gravatar.com\\\/avatar\\\/fe0f6a059fb68d9b3e11bc5850dd4899b1c7492091a3cb6dd9b01b56ad828be2?s=96&d=mm&r=g\",\"caption\":\"Exaudi Redacci\u00f3n\"},\"description\":\"\u00bfQu\u00e9 es Exaudi News? Exaudi News es un medio de comunicaci\u00f3n cat\u00f3lico internacional que informa, forma y transforma, diariamente en espa\u00f1ol, ingl\u00e9s e italiano. A trav\u00e9s de noticias, art\u00edculos de an\u00e1lisis y transmisiones en directo de los eventos del Papa, Exaudi busca fortalecer la unidad de los cristianos y contribuir a la evangelizaci\u00f3n del mundo, siempre guiados por la doctrina social de la Iglesia. Trabajamos para acercar la verdad y los valores cristianos a cada rinc\u00f3n del planeta. \u00a1Ay\u00fadanos a transformar el mundo con Exaudi! En Exaudi creemos que la evangelizaci\u00f3n y la informaci\u00f3n de calidad pueden cambiar vidas. Para continuar con nuestra misi\u00f3n y expandir nuestro alcance, necesitamos tu ayuda. Adem\u00e1s, buscamos personas comprometidas que deseen unirse a nuestro equipo. Con tu apoyo, lograremos llegar a m\u00e1s personas, difundir el mensaje de Cristo y reforzar la unidad de los cristianos. \u00bfTe unes a nuestra misi\u00f3n? Para m\u00e1s informaci\u00f3n sobre c\u00f3mo colaborar, visita Exaudi.org\\\/es o cont\u00e1ctanos directamente: info@exaudi.org Exaudi: Informa, forma y transforma.\",\"sameAs\":[\"https:\\\/\\\/www.facebook.com\\\/ExaudiNoticias\\\/\",\"https:\\\/\\\/www.instagram.com\\\/exaudi_noticias\\\/\",\"https:\\\/\\\/x.com\\\/Exaudi_noticias\",\"https:\\\/\\\/www.youtube.com\\\/@exaudicatholicnews\"],\"url\":\"https:\\\/\\\/exaudi.org\\\/es\\\/author\\\/redaccionexaudi\\\/\"}]}<\/script>\n<!-- \/ Yoast SEO plugin. -->","yoast_head_json":{"title":"El Papa Francisco \u201cCaminando Juntos\u201d &#8211; Exaudi","robots":{"index":"index","follow":"follow","max-snippet":"max-snippet:-1","max-image-preview":"max-image-preview:large","max-video-preview":"max-video-preview:-1"},"canonical":"https:\/\/exaudi.org\/es\/el-papa-francisco-caminando-juntos\/","og_locale":"es_ES","og_type":"article","og_title":"El Papa Francisco \u201cCaminando Juntos\u201d &#8211; Exaudi","og_description":"Eslovenia: 46\u00ba Encuentro Europeo de la Juventud organizado por la Comunidad de Taiz\u00e9","og_url":"https:\/\/exaudi.org\/es\/el-papa-francisco-caminando-juntos\/","og_site_name":"Exaudi","article_publisher":"https:\/\/www.facebook.com\/ExaudiNews","article_author":"https:\/\/www.facebook.com\/ExaudiNoticias\/","article_published_time":"2023-12-30T08:05:13+00:00","article_modified_time":"2023-12-30T10:17:00+00:00","og_image":[{"width":750,"height":422,"url":"https:\/\/exaudi.org\/wp-content\/uploads\/2023\/12\/cq5dam.thumbnail.cropped.750.422-14.jpeg","type":"image\/jpeg"}],"author":"Exaudi Redacci\u00f3n","twitter_card":"summary_large_image","twitter_creator":"@Exaudi_noticias","twitter_site":"@Exaudi_News","twitter_misc":{"Escrito por":"Exaudi Redacci\u00f3n","Tiempo de lectura":"3 minutos"},"schema":{"@context":"https:\/\/schema.org","@graph":[{"@type":"Article","@id":"https:\/\/exaudi.org\/es\/el-papa-francisco-caminando-juntos\/#article","isPartOf":{"@id":"https:\/\/exaudi.org\/es\/el-papa-francisco-caminando-juntos\/"},"author":{"name":"Exaudi Redacci\u00f3n","@id":"https:\/\/exaudi.org\/#\/schema\/person\/f5fc8f063065e38742da7afe15f25df7"},"headline":"El Papa Francisco \u201cCaminando Juntos\u201d","datePublished":"2023-12-30T08:05:13+00:00","dateModified":"2023-12-30T10:17:00+00:00","mainEntityOfPage":{"@id":"https:\/\/exaudi.org\/es\/el-papa-francisco-caminando-juntos\/"},"wordCount":677,"image":{"@id":"https:\/\/exaudi.org\/es\/el-papa-francisco-caminando-juntos\/#primaryimage"},"thumbnailUrl":"https:\/\/exaudi.org\/wp-content\/uploads\/2023\/12\/cq5dam.thumbnail.cropped.750.422-14.jpeg","keywords":["Encuentro Europeo","Eslovenia","Juventud","Taiz\u00e9","Trending"],"articleSection":["Le\u00f3n XIV","Mensajes"],"inLanguage":"es"},{"@type":"WebPage","@id":"https:\/\/exaudi.org\/es\/el-papa-francisco-caminando-juntos\/","url":"https:\/\/exaudi.org\/es\/el-papa-francisco-caminando-juntos\/","name":"El Papa Francisco \u201cCaminando Juntos\u201d &#8211; Exaudi","isPartOf":{"@id":"https:\/\/exaudi.org\/#website"},"primaryImageOfPage":{"@id":"https:\/\/exaudi.org\/es\/el-papa-francisco-caminando-juntos\/#primaryimage"},"image":{"@id":"https:\/\/exaudi.org\/es\/el-papa-francisco-caminando-juntos\/#primaryimage"},"thumbnailUrl":"https:\/\/exaudi.org\/wp-content\/uploads\/2023\/12\/cq5dam.thumbnail.cropped.750.422-14.jpeg","datePublished":"2023-12-30T08:05:13+00:00","dateModified":"2023-12-30T10:17:00+00:00","author":{"@id":"https:\/\/exaudi.org\/#\/schema\/person\/f5fc8f063065e38742da7afe15f25df7"},"breadcrumb":{"@id":"https:\/\/exaudi.org\/es\/el-papa-francisco-caminando-juntos\/#breadcrumb"},"inLanguage":"es","potentialAction":[{"@type":"ReadAction","target":["https:\/\/exaudi.org\/es\/el-papa-francisco-caminando-juntos\/"]}]},{"@type":"ImageObject","inLanguage":"es","@id":"https:\/\/exaudi.org\/es\/el-papa-francisco-caminando-juntos\/#primaryimage","url":"https:\/\/exaudi.org\/wp-content\/uploads\/2023\/12\/cq5dam.thumbnail.cropped.750.422-14.jpeg","contentUrl":"https:\/\/exaudi.org\/wp-content\/uploads\/2023\/12\/cq5dam.thumbnail.cropped.750.422-14.jpeg","width":750,"height":422,"caption":"Vatican News -"},{"@type":"BreadcrumbList","@id":"https:\/\/exaudi.org\/es\/el-papa-francisco-caminando-juntos\/#breadcrumb","itemListElement":[{"@type":"ListItem","position":1,"name":"Portada","item":"https:\/\/exaudi.org\/es\/"},{"@type":"ListItem","position":2,"name":"El Papa Francisco \u201cCaminando Juntos\u201d"}]},{"@type":"WebSite","@id":"https:\/\/exaudi.org\/#website","url":"https:\/\/exaudi.org\/","name":"Exaudi","description":"News","potentialAction":[{"@type":"SearchAction","target":{"@type":"EntryPoint","urlTemplate":"https:\/\/exaudi.org\/?s={search_term_string}"},"query-input":{"@type":"PropertyValueSpecification","valueRequired":true,"valueName":"search_term_string"}}],"inLanguage":"es"},{"@type":"Person","@id":"https:\/\/exaudi.org\/#\/schema\/person\/f5fc8f063065e38742da7afe15f25df7","name":"Exaudi Redacci\u00f3n","image":{"@type":"ImageObject","inLanguage":"es","@id":"https:\/\/secure.gravatar.com\/avatar\/fe0f6a059fb68d9b3e11bc5850dd4899b1c7492091a3cb6dd9b01b56ad828be2?s=96&d=mm&r=g","url":"https:\/\/secure.gravatar.com\/avatar\/fe0f6a059fb68d9b3e11bc5850dd4899b1c7492091a3cb6dd9b01b56ad828be2?s=96&d=mm&r=g","contentUrl":"https:\/\/secure.gravatar.com\/avatar\/fe0f6a059fb68d9b3e11bc5850dd4899b1c7492091a3cb6dd9b01b56ad828be2?s=96&d=mm&r=g","caption":"Exaudi Redacci\u00f3n"},"description":"\u00bfQu\u00e9 es Exaudi News? Exaudi News es un medio de comunicaci\u00f3n cat\u00f3lico internacional que informa, forma y transforma, diariamente en espa\u00f1ol, ingl\u00e9s e italiano. A trav\u00e9s de noticias, art\u00edculos de an\u00e1lisis y transmisiones en directo de los eventos del Papa, Exaudi busca fortalecer la unidad de los cristianos y contribuir a la evangelizaci\u00f3n del mundo, siempre guiados por la doctrina social de la Iglesia. Trabajamos para acercar la verdad y los valores cristianos a cada rinc\u00f3n del planeta. \u00a1Ay\u00fadanos a transformar el mundo con Exaudi! En Exaudi creemos que la evangelizaci\u00f3n y la informaci\u00f3n de calidad pueden cambiar vidas. Para continuar con nuestra misi\u00f3n y expandir nuestro alcance, necesitamos tu ayuda. Adem\u00e1s, buscamos personas comprometidas que deseen unirse a nuestro equipo. Con tu apoyo, lograremos llegar a m\u00e1s personas, difundir el mensaje de Cristo y reforzar la unidad de los cristianos. \u00bfTe unes a nuestra misi\u00f3n? Para m\u00e1s informaci\u00f3n sobre c\u00f3mo colaborar, visita Exaudi.org\/es o cont\u00e1ctanos directamente: info@exaudi.org Exaudi: Informa, forma y transforma.","sameAs":["https:\/\/www.facebook.com\/ExaudiNoticias\/","https:\/\/www.instagram.com\/exaudi_noticias\/","https:\/\/x.com\/Exaudi_noticias","https:\/\/www.youtube.com\/@exaudicatholicnews"],"url":"https:\/\/exaudi.org\/es\/author\/redaccionexaudi\/"}]}},"jetpack_featured_media_url":"https:\/\/exaudi.org\/wp-content\/uploads\/2023\/12\/cq5dam.thumbnail.cropped.750.422-14.jpeg","jetpack_shortlink":"https:\/\/wp.me\/pgKjF2-nJA","_links":{"self":[{"href":"https:\/\/exaudi.org\/es\/wp-json\/wp\/v2\/posts\/91238","targetHints":{"allow":["GET"]}}],"collection":[{"href":"https:\/\/exaudi.org\/es\/wp-json\/wp\/v2\/posts"}],"about":[{"href":"https:\/\/exaudi.org\/es\/wp-json\/wp\/v2\/types\/post"}],"author":[{"embeddable":true,"href":"https:\/\/exaudi.org\/es\/wp-json\/wp\/v2\/users\/15"}],"replies":[{"embeddable":true,"href":"https:\/\/exaudi.org\/es\/wp-json\/wp\/v2\/comments?post=91238"}],"version-history":[{"count":0,"href":"https:\/\/exaudi.org\/es\/wp-json\/wp\/v2\/posts\/91238\/revisions"}],"wp:featuredmedia":[{"embeddable":true,"href":"https:\/\/exaudi.org\/es\/wp-json\/wp\/v2\/media\/91227"}],"wp:attachment":[{"href":"https:\/\/exaudi.org\/es\/wp-json\/wp\/v2\/media?parent=91238"}],"wp:term":[{"taxonomy":"category","embeddable":true,"href":"https:\/\/exaudi.org\/es\/wp-json\/wp\/v2\/categories?post=91238"},{"taxonomy":"post_tag","embeddable":true,"href":"https:\/\/exaudi.org\/es\/wp-json\/wp\/v2\/tags?post=91238"}],"curies":[{"name":"wp","href":"https:\/\/api.w.org\/{rel}","templated":true}]}}