{"id":91181,"date":"2023-12-27T15:14:37","date_gmt":"2023-12-27T14:14:37","guid":{"rendered":"https:\/\/exaudi.org\/?p=91181"},"modified":"2023-12-27T15:14:37","modified_gmt":"2023-12-27T14:14:37","slug":"con-el-diablo-no-se-discute-nunca-jesus-nunca-dialogo-con-el-diablo-lo-expulso","status":"publish","type":"post","link":"https:\/\/exaudi.org\/es\/con-el-diablo-no-se-discute-nunca-jesus-nunca-dialogo-con-el-diablo-lo-expulso\/","title":{"rendered":"Con el diablo no se discute. \u00a1Nunca!, Jes\u00fas nunca dialog\u00f3 con el diablo; lo expuls\u00f3"},"content":{"rendered":"<p>La audiencia general de esta ma\u00f1ana, 27 de diciembre de 2023, se ha celebrado a las 9.00 horas en el Aula Pablo VI, donde el Santo Padre Francisco se ha reunido con grupos de peregrinos y fieles de Italia y de todo el mundo.<\/p>\n<p>En su discurso en italiano, el Papa, iniciando un nuevo ciclo de catequesis sobre \u00abLos Vicios y las Virtudes\u00bb, centr\u00f3 su reflexi\u00f3n en el tema Introducci\u00f3n: custodiar el coraz\u00f3n (Lectura: Mc 7,14-15.21).<\/p>\n<p>El punto de partida para esta reflexi\u00f3n es precisamente el libro del G\u00e9nesis donde se describe \u00abla din\u00e1mica del mal y de la tentaci\u00f3n\u00bb a trav\u00e9s del encuentro de nuestros antepasados, Ad\u00e1n y Eva, con la serpiente, s\u00edmbolo del mal. La serpiente es \u00abun animal insidioso\u00bb, dice el Papa, puede camuflarse f\u00e1cilmente y por eso es \u00abpeligrosa\u00bb.<\/p>\n<p>La Audiencia General concluy\u00f3 con el rezo del <em>Pater Noster<\/em> y la Bendici\u00f3n Apost\u00f3lica.<\/p>\n<p>A continuaci\u00f3n, sigue el texto completo de la catequesis del Papa en la audiencia general.<\/p>\n<p>***<\/p>\n<p><b>Catequesis. Vicios y virtudes. 1.\u00a0<i>Introducci\u00f3n: custodiar el coraz\u00f3n<\/i><\/b><\/p>\n<p><i>Queridos hermanos y hermanas, \u00a1buenos d\u00edas!<\/i><\/p>\n<p>Hoy quisiera introducir un ciclo de catequesis sobre el tema de los vicios y las virtudes. Y podemos comenzar por el inicio mismo de la Biblia, donde el libro del G\u00e9nesis, a trav\u00e9s del relato de los progenitores, presenta la din\u00e1mica del mal y de la tentaci\u00f3n. Pensemos en el para\u00edso terrenal. En el cuadro id\u00edlico que representa el Jard\u00edn del Ed\u00e9n, aparece un personaje que se convierte en el s\u00edmbolo de la tentaci\u00f3n: la serpiente, este personaje seductor. La serpiente es un animal insidioso: se mueve lentamente, desliz\u00e1ndose por el suelo, y a veces ni siquiera se nota su presencia &#8211; es silencioso -, porque consigue mimetizarse bien con su entorno y, sobre todo, esto es peligroso.<\/p>\n<p>Cuando inicia su di\u00e1logo con Ad\u00e1n y Eva, demuestra que tambi\u00e9n es un refinado dial\u00e9ctico. Comienza como se hace en los malos chismes, con una pregunta maliciosa: \u00ab\u00bfEs verdad que Dios dijo: \u00bfNo comer\u00e1s de ning\u00fan \u00e1rbol del jard\u00edn?\u00bb (<em>Gn<\/em> 3,1). La frase es falsa: Dios ofreci\u00f3 realmente al hombre y a la mujer todos los frutos del jard\u00edn, excepto los de un \u00e1rbol concreto: el \u00e1rbol de la ciencia del bien y del mal. Esta prohibici\u00f3n no pretende prohibir al hombre el uso de la raz\u00f3n, como a veces se malinterpreta, sino que es una medida de sabidur\u00eda. Como si dijera: reconoce el l\u00edmite, no te sientas due\u00f1o de todo, porque el orgullo es el principio de todos los males.\u00a0Y as\u00ed la historia, nos dice que, Dios coloca a los progenitores como se\u00f1ores y guardianes de la creaci\u00f3n, pero quiere preservarlos de la presunci\u00f3n de omnipotencia, de hacerse due\u00f1os del bien y del mal, que es una tentaci\u00f3n. Una mala tentaci\u00f3n a\u00fana hora. Este es el escollo m\u00e1s peligroso para el coraz\u00f3n humano.<\/p>\n<p>Como sabemos, Ad\u00e1n y Eva fueron incapaces de resistir la tentaci\u00f3n de la serpiente. La idea de un Dios no tan bueno, que quer\u00eda mantenerlos sometidos, se col\u00f3 en sus mentes: de ah\u00ed el colapso de todo.<\/p>\n<p>Con estos relatos, la Biblia nos explica que el mal no comienza en el hombre de forma estrepitosa, cuando un acto ya se ha manifestado, pero el mal comienza mucho antes,\u00a0<i>cuando uno comienza a entretenerse con \u00e9l<\/i>, a adormecerlo con la imaginaci\u00f3n, pensamientos, acabando siendo atrapados por sus halagos.\u00a0El asesinato de Abel no comenz\u00f3 con una piedra arrojada, sino con el rencor que Ca\u00edn guardaba perversamente, convirti\u00e9ndolo en un monstruo en su interior. Tambi\u00e9n en este caso, de nada sirven los consejos de Dios.<\/p>\n<p>Con el diablo, queridos hermanos y hermanas, no se discute. \u00a1Nunca! No se debe discutir nunca. Jes\u00fas nunca dialog\u00f3 con el diablo; lo expuls\u00f3. Y en el desierto, durante las tentaciones, no respondi\u00f3 con el di\u00e1logo; simplemente respondi\u00f3 con las palabras de la Sagrada Escritura, con la Palabra de Dios. Est\u00e9n atentos: el diablo es un seductor.\u00a0\u00a0 Nunca dialogar con \u00e9l, porque \u00e9l es el m\u00e1s astuto que todos nosotros y nos la har\u00e1 pagar. Cuando llegue la tentaci\u00f3n, nunca dialogues. Cerrar la puerta, cerrar la ventana, cerrar el coraz\u00f3n<b>.\u00a0<\/b>Y as\u00ed, nos defendemos contra esta seducci\u00f3n, porque el diablo es inteligente. Intent\u00f3 tentar Jes\u00fas con<b>\u00a0<\/b>citas b\u00edblicas, present\u00e1ndose como gran te\u00f3logo. Est\u00e9n atentos. Con el diablo no debemos conversar, y con la tentaci\u00f3n no debemos dialogar. La tentaci\u00f3n llega: cerremos la puerta, guardemos el coraz\u00f3n.<\/p>\n<p>Uno debe ser el guardi\u00e1n de su propio coraz\u00f3n.\u00a0Y por esta raz\u00f3n no dialogamos con el diablo. Esta es la recomendaci\u00f3n &#8211; custodiar el coraz\u00f3n &#8211; que encontramos en varios padres, los santos. Y debemos pedir esta gracia de aprender a guardar el coraz\u00f3n. Es una sabidur\u00eda saber custodiar el coraz\u00f3n. Que el Se\u00f1or nos ayude en esta tarea. Quien guarda su coraz\u00f3n, guarda un tesoro. Hermanos y hermanas, aprendamos a custodiar el coraz\u00f3n.<\/p>\n<p>________________<\/p>\n<p><b>Resumen<\/b><\/p>\n<p>Queridos hermanos y hermanas:<\/p>\n<p>Hoy Comenzamos un nuevo ciclo de catequesis, dedicado al tema de los vicios y las virtudes. Como punto de partida nos situamos en el libro del G\u00e9nesis, donde se presenta, de diversa manera, la din\u00e1mica del mal y de la tentaci\u00f3n. En el relato de Ad\u00e1n y Eva, por ejemplo, vemos c\u00f3mo Dios quiere preservar a la humanidad de la presunci\u00f3n de omnipotencia, de querer ser como dioses. En cambio, ellos sucumben a la tentaci\u00f3n, no reconocen sus propios l\u00edmites, la soberbia entra en sus corazones y rompen la armon\u00eda con Dios, y el mal es el mismo castigo.<\/p>\n<p>Con estos relatos, la Biblia nos ense\u00f1a que no hay que detenerse a dialogar con el diablo \u2015con el diablo nunca se dialoga, nunca\u2015, a veces podemos pensar que lo podemos vencer. El demonio act\u00faa muchas veces bajo apariencia de bien. Por eso, en nuestra vida cristiana es fundamental discernir si nuestros pensamientos y deseos provienen de Dios o, por el contrario, del adversario. Para ello es necesario que permanezcamos siempre vigilantes y, sobre todo, custodiando el coraz\u00f3n.<\/p>\n<p>__________________<\/p>\n<p><b>Saludos<\/b><\/p>\n<p>Saludo cordialmente a los peregrinos de lengua espa\u00f1ola. En particular, al coro de los ni\u00f1os cantores de Zulia, provenientes de Venezuela. En estos d\u00edas de Navidad, pidamos la intercesi\u00f3n de san Jos\u00e9, Custodio de Jes\u00fas y Mar\u00eda, para que nos ense\u00f1e a cuidar el coraz\u00f3n y a estar atentos a todo lo que pueda alejarnos del Se\u00f1or. Que Dios los bendiga y que la Virgen los cuide. Muchas gracias.<\/p>\n<p><iframe loading=\"lazy\" title=\"Audiencia General - 27 diciembre 2023 - Papa Francisco\" width=\"500\" height=\"281\" src=\"https:\/\/www.youtube.com\/embed\/OC36G3HwsOk?feature=oembed\" frameborder=\"0\" allow=\"accelerometer; autoplay; clipboard-write; encrypted-media; gyroscope; picture-in-picture; web-share\" referrerpolicy=\"strict-origin-when-cross-origin\" allowfullscreen><\/iframe><\/p>\n<p>&nbsp;<\/p>\n","protected":false},"excerpt":{"rendered":"<p>Audiencia General<\/p>\n","protected":false},"author":15,"featured_media":91182,"comment_status":"closed","ping_status":"closed","sticky":false,"template":"","format":"standard","meta":{"_acf_changed":false,"_crdt_document":"","inline_featured_image":false,"footnotes":""},"categories":[112,68],"tags":[179,11817,2419,158,11816],"class_list":["post-91181","post","type-post","status-publish","format-standard","has-post-thumbnail","hentry","category-audiencia-general","category-leon-xiv","tag-audiencia-general","tag-custodiar-el-corazon","tag-featured","tag-papa-francisco","tag-vicios-y-virtudes"],"acf":[],"yoast_head":"<!-- This site is optimized with the Yoast SEO plugin v27.4 - https:\/\/yoast.com\/product\/yoast-seo-wordpress\/ -->\n<title>Con el diablo no se discute. \u00a1Nunca!, Jes\u00fas nunca dialog\u00f3 con el diablo; lo expuls\u00f3 &#8211; Exaudi<\/title>\n<meta name=\"robots\" content=\"index, follow, max-snippet:-1, max-image-preview:large, max-video-preview:-1\" \/>\n<link rel=\"canonical\" href=\"https:\/\/exaudi.org\/es\/con-el-diablo-no-se-discute-nunca-jesus-nunca-dialogo-con-el-diablo-lo-expulso\/\" \/>\n<meta property=\"og:locale\" content=\"es_ES\" \/>\n<meta property=\"og:type\" content=\"article\" \/>\n<meta property=\"og:title\" content=\"Con el diablo no se discute. \u00a1Nunca!, Jes\u00fas nunca dialog\u00f3 con el diablo; lo expuls\u00f3 &#8211; Exaudi\" \/>\n<meta property=\"og:description\" content=\"Audiencia General\" \/>\n<meta property=\"og:url\" content=\"https:\/\/exaudi.org\/es\/con-el-diablo-no-se-discute-nunca-jesus-nunca-dialogo-con-el-diablo-lo-expulso\/\" \/>\n<meta property=\"og:site_name\" content=\"Exaudi\" \/>\n<meta property=\"article:publisher\" content=\"https:\/\/www.facebook.com\/ExaudiNews\" \/>\n<meta property=\"article:author\" content=\"https:\/\/www.facebook.com\/ExaudiNoticias\/\" \/>\n<meta property=\"article:published_time\" content=\"2023-12-27T14:14:37+00:00\" \/>\n<meta property=\"og:image\" content=\"https:\/\/exaudi.org\/wp-content\/uploads\/2023\/12\/cq5dam.web_.800.800-17.jpeg\" \/>\n\t<meta property=\"og:image:width\" content=\"800\" \/>\n\t<meta property=\"og:image:height\" content=\"533\" \/>\n\t<meta property=\"og:image:type\" content=\"image\/jpeg\" \/>\n<meta name=\"author\" content=\"Exaudi Redacci\u00f3n\" \/>\n<meta name=\"twitter:card\" content=\"summary_large_image\" \/>\n<meta name=\"twitter:creator\" content=\"@Exaudi_noticias\" \/>\n<meta name=\"twitter:site\" content=\"@Exaudi_News\" \/>\n<meta name=\"twitter:label1\" content=\"Escrito por\" \/>\n\t<meta name=\"twitter:data1\" content=\"Exaudi Redacci\u00f3n\" \/>\n\t<meta name=\"twitter:label2\" content=\"Tiempo de lectura\" \/>\n\t<meta name=\"twitter:data2\" content=\"6 minutos\" \/>\n<script type=\"application\/ld+json\" class=\"yoast-schema-graph\">{\"@context\":\"https:\\\/\\\/schema.org\",\"@graph\":[{\"@type\":\"Article\",\"@id\":\"https:\\\/\\\/exaudi.org\\\/es\\\/con-el-diablo-no-se-discute-nunca-jesus-nunca-dialogo-con-el-diablo-lo-expulso\\\/#article\",\"isPartOf\":{\"@id\":\"https:\\\/\\\/exaudi.org\\\/es\\\/con-el-diablo-no-se-discute-nunca-jesus-nunca-dialogo-con-el-diablo-lo-expulso\\\/\"},\"author\":{\"name\":\"Exaudi Redacci\u00f3n\",\"@id\":\"https:\\\/\\\/exaudi.org\\\/#\\\/schema\\\/person\\\/f5fc8f063065e38742da7afe15f25df7\"},\"headline\":\"Con el diablo no se discute. \u00a1Nunca!, Jes\u00fas nunca dialog\u00f3 con el diablo; lo expuls\u00f3\",\"datePublished\":\"2023-12-27T14:14:37+00:00\",\"mainEntityOfPage\":{\"@id\":\"https:\\\/\\\/exaudi.org\\\/es\\\/con-el-diablo-no-se-discute-nunca-jesus-nunca-dialogo-con-el-diablo-lo-expulso\\\/\"},\"wordCount\":1182,\"image\":{\"@id\":\"https:\\\/\\\/exaudi.org\\\/es\\\/con-el-diablo-no-se-discute-nunca-jesus-nunca-dialogo-con-el-diablo-lo-expulso\\\/#primaryimage\"},\"thumbnailUrl\":\"https:\\\/\\\/exaudi.org\\\/wp-content\\\/uploads\\\/2023\\\/12\\\/cq5dam.web_.800.800-17.jpeg\",\"keywords\":[\"audiencia general\",\"Custodiar el coraz\u00f3n\",\"Featured\",\"papa francisco\",\"Vicios y virtudes.\"],\"articleSection\":[\"Audiencia General\",\"Le\u00f3n XIV\"],\"inLanguage\":\"es\"},{\"@type\":\"WebPage\",\"@id\":\"https:\\\/\\\/exaudi.org\\\/es\\\/con-el-diablo-no-se-discute-nunca-jesus-nunca-dialogo-con-el-diablo-lo-expulso\\\/\",\"url\":\"https:\\\/\\\/exaudi.org\\\/es\\\/con-el-diablo-no-se-discute-nunca-jesus-nunca-dialogo-con-el-diablo-lo-expulso\\\/\",\"name\":\"Con el diablo no se discute. \u00a1Nunca!, Jes\u00fas nunca dialog\u00f3 con el diablo; lo expuls\u00f3 &#8211; Exaudi\",\"isPartOf\":{\"@id\":\"https:\\\/\\\/exaudi.org\\\/#website\"},\"primaryImageOfPage\":{\"@id\":\"https:\\\/\\\/exaudi.org\\\/es\\\/con-el-diablo-no-se-discute-nunca-jesus-nunca-dialogo-con-el-diablo-lo-expulso\\\/#primaryimage\"},\"image\":{\"@id\":\"https:\\\/\\\/exaudi.org\\\/es\\\/con-el-diablo-no-se-discute-nunca-jesus-nunca-dialogo-con-el-diablo-lo-expulso\\\/#primaryimage\"},\"thumbnailUrl\":\"https:\\\/\\\/exaudi.org\\\/wp-content\\\/uploads\\\/2023\\\/12\\\/cq5dam.web_.800.800-17.jpeg\",\"datePublished\":\"2023-12-27T14:14:37+00:00\",\"author\":{\"@id\":\"https:\\\/\\\/exaudi.org\\\/#\\\/schema\\\/person\\\/f5fc8f063065e38742da7afe15f25df7\"},\"breadcrumb\":{\"@id\":\"https:\\\/\\\/exaudi.org\\\/es\\\/con-el-diablo-no-se-discute-nunca-jesus-nunca-dialogo-con-el-diablo-lo-expulso\\\/#breadcrumb\"},\"inLanguage\":\"es\",\"potentialAction\":[{\"@type\":\"ReadAction\",\"target\":[\"https:\\\/\\\/exaudi.org\\\/es\\\/con-el-diablo-no-se-discute-nunca-jesus-nunca-dialogo-con-el-diablo-lo-expulso\\\/\"]}]},{\"@type\":\"ImageObject\",\"inLanguage\":\"es\",\"@id\":\"https:\\\/\\\/exaudi.org\\\/es\\\/con-el-diablo-no-se-discute-nunca-jesus-nunca-dialogo-con-el-diablo-lo-expulso\\\/#primaryimage\",\"url\":\"https:\\\/\\\/exaudi.org\\\/wp-content\\\/uploads\\\/2023\\\/12\\\/cq5dam.web_.800.800-17.jpeg\",\"contentUrl\":\"https:\\\/\\\/exaudi.org\\\/wp-content\\\/uploads\\\/2023\\\/12\\\/cq5dam.web_.800.800-17.jpeg\",\"width\":800,\"height\":533},{\"@type\":\"BreadcrumbList\",\"@id\":\"https:\\\/\\\/exaudi.org\\\/es\\\/con-el-diablo-no-se-discute-nunca-jesus-nunca-dialogo-con-el-diablo-lo-expulso\\\/#breadcrumb\",\"itemListElement\":[{\"@type\":\"ListItem\",\"position\":1,\"name\":\"Portada\",\"item\":\"https:\\\/\\\/exaudi.org\\\/es\\\/\"},{\"@type\":\"ListItem\",\"position\":2,\"name\":\"Con el diablo no se discute. \u00a1Nunca!, Jes\u00fas nunca dialog\u00f3 con el diablo; lo expuls\u00f3\"}]},{\"@type\":\"WebSite\",\"@id\":\"https:\\\/\\\/exaudi.org\\\/#website\",\"url\":\"https:\\\/\\\/exaudi.org\\\/\",\"name\":\"Exaudi\",\"description\":\"News\",\"potentialAction\":[{\"@type\":\"SearchAction\",\"target\":{\"@type\":\"EntryPoint\",\"urlTemplate\":\"https:\\\/\\\/exaudi.org\\\/?s={search_term_string}\"},\"query-input\":{\"@type\":\"PropertyValueSpecification\",\"valueRequired\":true,\"valueName\":\"search_term_string\"}}],\"inLanguage\":\"es\"},{\"@type\":\"Person\",\"@id\":\"https:\\\/\\\/exaudi.org\\\/#\\\/schema\\\/person\\\/f5fc8f063065e38742da7afe15f25df7\",\"name\":\"Exaudi Redacci\u00f3n\",\"image\":{\"@type\":\"ImageObject\",\"inLanguage\":\"es\",\"@id\":\"https:\\\/\\\/secure.gravatar.com\\\/avatar\\\/fe0f6a059fb68d9b3e11bc5850dd4899b1c7492091a3cb6dd9b01b56ad828be2?s=96&d=mm&r=g\",\"url\":\"https:\\\/\\\/secure.gravatar.com\\\/avatar\\\/fe0f6a059fb68d9b3e11bc5850dd4899b1c7492091a3cb6dd9b01b56ad828be2?s=96&d=mm&r=g\",\"contentUrl\":\"https:\\\/\\\/secure.gravatar.com\\\/avatar\\\/fe0f6a059fb68d9b3e11bc5850dd4899b1c7492091a3cb6dd9b01b56ad828be2?s=96&d=mm&r=g\",\"caption\":\"Exaudi Redacci\u00f3n\"},\"description\":\"\u00bfQu\u00e9 es Exaudi News? Exaudi News es un medio de comunicaci\u00f3n cat\u00f3lico internacional que informa, forma y transforma, diariamente en espa\u00f1ol, ingl\u00e9s e italiano. A trav\u00e9s de noticias, art\u00edculos de an\u00e1lisis y transmisiones en directo de los eventos del Papa, Exaudi busca fortalecer la unidad de los cristianos y contribuir a la evangelizaci\u00f3n del mundo, siempre guiados por la doctrina social de la Iglesia. Trabajamos para acercar la verdad y los valores cristianos a cada rinc\u00f3n del planeta. \u00a1Ay\u00fadanos a transformar el mundo con Exaudi! En Exaudi creemos que la evangelizaci\u00f3n y la informaci\u00f3n de calidad pueden cambiar vidas. Para continuar con nuestra misi\u00f3n y expandir nuestro alcance, necesitamos tu ayuda. Adem\u00e1s, buscamos personas comprometidas que deseen unirse a nuestro equipo. Con tu apoyo, lograremos llegar a m\u00e1s personas, difundir el mensaje de Cristo y reforzar la unidad de los cristianos. \u00bfTe unes a nuestra misi\u00f3n? Para m\u00e1s informaci\u00f3n sobre c\u00f3mo colaborar, visita Exaudi.org\\\/es o cont\u00e1ctanos directamente: info@exaudi.org Exaudi: Informa, forma y transforma.\",\"sameAs\":[\"https:\\\/\\\/www.facebook.com\\\/ExaudiNoticias\\\/\",\"https:\\\/\\\/www.instagram.com\\\/exaudi_noticias\\\/\",\"https:\\\/\\\/x.com\\\/Exaudi_noticias\",\"https:\\\/\\\/www.youtube.com\\\/@exaudicatholicnews\"],\"url\":\"https:\\\/\\\/exaudi.org\\\/es\\\/author\\\/redaccionexaudi\\\/\"}]}<\/script>\n<!-- \/ Yoast SEO plugin. -->","yoast_head_json":{"title":"Con el diablo no se discute. \u00a1Nunca!, Jes\u00fas nunca dialog\u00f3 con el diablo; lo expuls\u00f3 &#8211; Exaudi","robots":{"index":"index","follow":"follow","max-snippet":"max-snippet:-1","max-image-preview":"max-image-preview:large","max-video-preview":"max-video-preview:-1"},"canonical":"https:\/\/exaudi.org\/es\/con-el-diablo-no-se-discute-nunca-jesus-nunca-dialogo-con-el-diablo-lo-expulso\/","og_locale":"es_ES","og_type":"article","og_title":"Con el diablo no se discute. \u00a1Nunca!, Jes\u00fas nunca dialog\u00f3 con el diablo; lo expuls\u00f3 &#8211; Exaudi","og_description":"Audiencia General","og_url":"https:\/\/exaudi.org\/es\/con-el-diablo-no-se-discute-nunca-jesus-nunca-dialogo-con-el-diablo-lo-expulso\/","og_site_name":"Exaudi","article_publisher":"https:\/\/www.facebook.com\/ExaudiNews","article_author":"https:\/\/www.facebook.com\/ExaudiNoticias\/","article_published_time":"2023-12-27T14:14:37+00:00","og_image":[{"width":800,"height":533,"url":"https:\/\/exaudi.org\/wp-content\/uploads\/2023\/12\/cq5dam.web_.800.800-17.jpeg","type":"image\/jpeg"}],"author":"Exaudi Redacci\u00f3n","twitter_card":"summary_large_image","twitter_creator":"@Exaudi_noticias","twitter_site":"@Exaudi_News","twitter_misc":{"Escrito por":"Exaudi Redacci\u00f3n","Tiempo de lectura":"6 minutos"},"schema":{"@context":"https:\/\/schema.org","@graph":[{"@type":"Article","@id":"https:\/\/exaudi.org\/es\/con-el-diablo-no-se-discute-nunca-jesus-nunca-dialogo-con-el-diablo-lo-expulso\/#article","isPartOf":{"@id":"https:\/\/exaudi.org\/es\/con-el-diablo-no-se-discute-nunca-jesus-nunca-dialogo-con-el-diablo-lo-expulso\/"},"author":{"name":"Exaudi Redacci\u00f3n","@id":"https:\/\/exaudi.org\/#\/schema\/person\/f5fc8f063065e38742da7afe15f25df7"},"headline":"Con el diablo no se discute. \u00a1Nunca!, Jes\u00fas nunca dialog\u00f3 con el diablo; lo expuls\u00f3","datePublished":"2023-12-27T14:14:37+00:00","mainEntityOfPage":{"@id":"https:\/\/exaudi.org\/es\/con-el-diablo-no-se-discute-nunca-jesus-nunca-dialogo-con-el-diablo-lo-expulso\/"},"wordCount":1182,"image":{"@id":"https:\/\/exaudi.org\/es\/con-el-diablo-no-se-discute-nunca-jesus-nunca-dialogo-con-el-diablo-lo-expulso\/#primaryimage"},"thumbnailUrl":"https:\/\/exaudi.org\/wp-content\/uploads\/2023\/12\/cq5dam.web_.800.800-17.jpeg","keywords":["audiencia general","Custodiar el coraz\u00f3n","Featured","papa francisco","Vicios y virtudes."],"articleSection":["Audiencia General","Le\u00f3n XIV"],"inLanguage":"es"},{"@type":"WebPage","@id":"https:\/\/exaudi.org\/es\/con-el-diablo-no-se-discute-nunca-jesus-nunca-dialogo-con-el-diablo-lo-expulso\/","url":"https:\/\/exaudi.org\/es\/con-el-diablo-no-se-discute-nunca-jesus-nunca-dialogo-con-el-diablo-lo-expulso\/","name":"Con el diablo no se discute. \u00a1Nunca!, Jes\u00fas nunca dialog\u00f3 con el diablo; lo expuls\u00f3 &#8211; Exaudi","isPartOf":{"@id":"https:\/\/exaudi.org\/#website"},"primaryImageOfPage":{"@id":"https:\/\/exaudi.org\/es\/con-el-diablo-no-se-discute-nunca-jesus-nunca-dialogo-con-el-diablo-lo-expulso\/#primaryimage"},"image":{"@id":"https:\/\/exaudi.org\/es\/con-el-diablo-no-se-discute-nunca-jesus-nunca-dialogo-con-el-diablo-lo-expulso\/#primaryimage"},"thumbnailUrl":"https:\/\/exaudi.org\/wp-content\/uploads\/2023\/12\/cq5dam.web_.800.800-17.jpeg","datePublished":"2023-12-27T14:14:37+00:00","author":{"@id":"https:\/\/exaudi.org\/#\/schema\/person\/f5fc8f063065e38742da7afe15f25df7"},"breadcrumb":{"@id":"https:\/\/exaudi.org\/es\/con-el-diablo-no-se-discute-nunca-jesus-nunca-dialogo-con-el-diablo-lo-expulso\/#breadcrumb"},"inLanguage":"es","potentialAction":[{"@type":"ReadAction","target":["https:\/\/exaudi.org\/es\/con-el-diablo-no-se-discute-nunca-jesus-nunca-dialogo-con-el-diablo-lo-expulso\/"]}]},{"@type":"ImageObject","inLanguage":"es","@id":"https:\/\/exaudi.org\/es\/con-el-diablo-no-se-discute-nunca-jesus-nunca-dialogo-con-el-diablo-lo-expulso\/#primaryimage","url":"https:\/\/exaudi.org\/wp-content\/uploads\/2023\/12\/cq5dam.web_.800.800-17.jpeg","contentUrl":"https:\/\/exaudi.org\/wp-content\/uploads\/2023\/12\/cq5dam.web_.800.800-17.jpeg","width":800,"height":533},{"@type":"BreadcrumbList","@id":"https:\/\/exaudi.org\/es\/con-el-diablo-no-se-discute-nunca-jesus-nunca-dialogo-con-el-diablo-lo-expulso\/#breadcrumb","itemListElement":[{"@type":"ListItem","position":1,"name":"Portada","item":"https:\/\/exaudi.org\/es\/"},{"@type":"ListItem","position":2,"name":"Con el diablo no se discute. \u00a1Nunca!, Jes\u00fas nunca dialog\u00f3 con el diablo; lo expuls\u00f3"}]},{"@type":"WebSite","@id":"https:\/\/exaudi.org\/#website","url":"https:\/\/exaudi.org\/","name":"Exaudi","description":"News","potentialAction":[{"@type":"SearchAction","target":{"@type":"EntryPoint","urlTemplate":"https:\/\/exaudi.org\/?s={search_term_string}"},"query-input":{"@type":"PropertyValueSpecification","valueRequired":true,"valueName":"search_term_string"}}],"inLanguage":"es"},{"@type":"Person","@id":"https:\/\/exaudi.org\/#\/schema\/person\/f5fc8f063065e38742da7afe15f25df7","name":"Exaudi Redacci\u00f3n","image":{"@type":"ImageObject","inLanguage":"es","@id":"https:\/\/secure.gravatar.com\/avatar\/fe0f6a059fb68d9b3e11bc5850dd4899b1c7492091a3cb6dd9b01b56ad828be2?s=96&d=mm&r=g","url":"https:\/\/secure.gravatar.com\/avatar\/fe0f6a059fb68d9b3e11bc5850dd4899b1c7492091a3cb6dd9b01b56ad828be2?s=96&d=mm&r=g","contentUrl":"https:\/\/secure.gravatar.com\/avatar\/fe0f6a059fb68d9b3e11bc5850dd4899b1c7492091a3cb6dd9b01b56ad828be2?s=96&d=mm&r=g","caption":"Exaudi Redacci\u00f3n"},"description":"\u00bfQu\u00e9 es Exaudi News? Exaudi News es un medio de comunicaci\u00f3n cat\u00f3lico internacional que informa, forma y transforma, diariamente en espa\u00f1ol, ingl\u00e9s e italiano. A trav\u00e9s de noticias, art\u00edculos de an\u00e1lisis y transmisiones en directo de los eventos del Papa, Exaudi busca fortalecer la unidad de los cristianos y contribuir a la evangelizaci\u00f3n del mundo, siempre guiados por la doctrina social de la Iglesia. Trabajamos para acercar la verdad y los valores cristianos a cada rinc\u00f3n del planeta. \u00a1Ay\u00fadanos a transformar el mundo con Exaudi! En Exaudi creemos que la evangelizaci\u00f3n y la informaci\u00f3n de calidad pueden cambiar vidas. Para continuar con nuestra misi\u00f3n y expandir nuestro alcance, necesitamos tu ayuda. Adem\u00e1s, buscamos personas comprometidas que deseen unirse a nuestro equipo. Con tu apoyo, lograremos llegar a m\u00e1s personas, difundir el mensaje de Cristo y reforzar la unidad de los cristianos. \u00bfTe unes a nuestra misi\u00f3n? Para m\u00e1s informaci\u00f3n sobre c\u00f3mo colaborar, visita Exaudi.org\/es o cont\u00e1ctanos directamente: info@exaudi.org Exaudi: Informa, forma y transforma.","sameAs":["https:\/\/www.facebook.com\/ExaudiNoticias\/","https:\/\/www.instagram.com\/exaudi_noticias\/","https:\/\/x.com\/Exaudi_noticias","https:\/\/www.youtube.com\/@exaudicatholicnews"],"url":"https:\/\/exaudi.org\/es\/author\/redaccionexaudi\/"}]}},"jetpack_featured_media_url":"https:\/\/exaudi.org\/wp-content\/uploads\/2023\/12\/cq5dam.web_.800.800-17.jpeg","jetpack_shortlink":"https:\/\/wp.me\/pgKjF2-nIF","_links":{"self":[{"href":"https:\/\/exaudi.org\/es\/wp-json\/wp\/v2\/posts\/91181","targetHints":{"allow":["GET"]}}],"collection":[{"href":"https:\/\/exaudi.org\/es\/wp-json\/wp\/v2\/posts"}],"about":[{"href":"https:\/\/exaudi.org\/es\/wp-json\/wp\/v2\/types\/post"}],"author":[{"embeddable":true,"href":"https:\/\/exaudi.org\/es\/wp-json\/wp\/v2\/users\/15"}],"replies":[{"embeddable":true,"href":"https:\/\/exaudi.org\/es\/wp-json\/wp\/v2\/comments?post=91181"}],"version-history":[{"count":0,"href":"https:\/\/exaudi.org\/es\/wp-json\/wp\/v2\/posts\/91181\/revisions"}],"wp:featuredmedia":[{"embeddable":true,"href":"https:\/\/exaudi.org\/es\/wp-json\/wp\/v2\/media\/91182"}],"wp:attachment":[{"href":"https:\/\/exaudi.org\/es\/wp-json\/wp\/v2\/media?parent=91181"}],"wp:term":[{"taxonomy":"category","embeddable":true,"href":"https:\/\/exaudi.org\/es\/wp-json\/wp\/v2\/categories?post=91181"},{"taxonomy":"post_tag","embeddable":true,"href":"https:\/\/exaudi.org\/es\/wp-json\/wp\/v2\/tags?post=91181"}],"curies":[{"name":"wp","href":"https:\/\/api.w.org\/{rel}","templated":true}]}}