{"id":91145,"date":"2023-12-26T15:31:37","date_gmt":"2023-12-26T14:31:37","guid":{"rendered":"https:\/\/exaudi.org\/?p=91145"},"modified":"2023-12-27T15:16:41","modified_gmt":"2023-12-27T14:16:41","slug":"su-sacrificio-siembra-una-semilla-la-sangre-de-los-martires-semilla-de-cristianos","status":"publish","type":"post","link":"https:\/\/exaudi.org\/es\/su-sacrificio-siembra-una-semilla-la-sangre-de-los-martires-semilla-de-cristianos\/","title":{"rendered":"Su sacrificio siembra una semilla, la sangre de los m\u00e1rtires semilla de cristianos\u201d"},"content":{"rendered":"<div class=\"testo\">\n<div class=\"text parbase vaticanrichtext\">\n<p>En el d\u00eda en el que la Iglesia cat\u00f3lica celebra la fiesta del primer m\u00e1rtir San Esteban, el Pont\u00edfice recuerda a los miles de personas que son perseguidas en el mundo por testimoniar a Jes\u00fas: \u201cHoy, dos mil a\u00f1os despu\u00e9s, sigue habiendo quienes sufren y mueren por dar testimonio de Jes\u00fas, mientras el mundo se r\u00ede de ellos y predica otra cosa\u201d.<\/p>\n<p>Estas son las palabras del Papa al introducir la oraci\u00f3n mariana:<\/p>\n<p>***<\/p>\n<h3><strong>Palabras del Papa<\/strong><\/h3>\n<p>\u00a1Queridos hermanos y hermanas, buenos d\u00edas!<\/p>\n<p>Hoy, inmediatamente despu\u00e9s de Navidad, celebramos la fiesta de San Esteban, el primer m\u00e1rtir. Y encontramos el relato de su martirio en los Hechos de los Ap\u00f3stoles (cf. cap\u00edtulos 6-7), que lo describen como un hombre de buena reputaci\u00f3n, que serv\u00eda en los comedores y administraba la caridad (cf. 6,3). Y precisamente por esta integridad generosa, no puede dejar de dar testimonio de lo que le es m\u00e1s preciado: testimoniar la fe en Jes\u00fas, lo que provoca la ira de sus adversarios, que lo matan apedre\u00e1ndolo sin piedad. Y todo sucede ante un joven, Saulo, celoso perseguidor de los cristianos, que act\u00faa como \u00abgarante\u00bb de la ejecuci\u00f3n (cf. 7,58).<\/p>\n<p>Pensemos un momento en esta escena: Saulo y Esteban, el perseguidor y el perseguido. Entre ellos parece haber un muro impenetrable, tan duro como el fundamentalismo del joven fariseo y como las piedras arrojadas al condenado a muerte. Sin embargo, m\u00e1s all\u00e1 de las apariencias, hay algo m\u00e1s fuerte que los une: a trav\u00e9s del testimonio de Esteban, de hecho, el Se\u00f1or ya est\u00e1 preparando en el coraz\u00f3n de Saulo, sin que \u00e9l lo sepa, la conversi\u00f3n que lo llevar\u00e1 a ser un gran ap\u00f3stol. Esteban, su servicio, su oraci\u00f3n y la fe que proclama, su valent\u00eda y especialmente su perd\u00f3n a punto de morir, no son en vano. Se dec\u00eda, en los tiempos de las persecuciones -y a\u00fan hoy es justo decirlo- la sangre de los m\u00e1rtires semilla de cristianos\u201d. Parecen terminar en la nada, pero en realidad su sacrificio siembra una semilla que, a contracorriente de las piedras, se planta, de manera oculta, en el pecho de su peor rival.<\/p>\n<p>Hoy, dos mil a\u00f1os despu\u00e9s, vemos tristemente que la persecuci\u00f3n contin\u00faa: hay persecuci\u00f3n de cristianos&#8230; sigue habiendo -y son muchos- quienes sufren y mueren por dar testimonio de Jes\u00fas, como tambi\u00e9n hay quienes son penalizados a diversos niveles por comportarse de forma coherente con el Evangelio, y quienes luchan cada d\u00eda por mantenerse fieles, sin aspavientos, a sus buenos deberes, mientras el mundo se r\u00ede de ellos y predica otra cosa. Estos hermanos y hermanas tambi\u00e9n pueden parecer fracasados, pero hoy vemos que no es as\u00ed. De hecho, ahora como entonces, la semilla de sus sacrificios, que parec\u00eda morir, brota y da fruto, porque Dios, a trav\u00e9s de ellos, sigue obrando maravillas (cf. Hch 18,9-10), para cambiar los corazones y salvar a los hombres.<\/p>\n<p>Pregunt\u00e9monos, pues: \u00bfme intereso y rezo por quienes, en diversas partes del mundo, siguen sufriendo y muriendo por la fe? Tantos que son asesinados por la fe. Y a mi vez, \u00bfintento dar testimonio del Evangelio con coherencia, mansedumbre y confianza? \u00bfCreo que la semilla del bien dar\u00e1 fruto aunque no vea resultados inmediatos?<\/p>\n<p>Mar\u00eda, Reina de los m\u00e1rtires, ay\u00fadanos a dar testimonio de Jes\u00fas.<\/p>\n<p>_____________________<\/p>\n<p><b>Despu\u00e9s del \u00c1ngelus<\/b><\/p>\n<p>Queridos hermanos y hermanas,<\/p>\n<p>renuevo a todos ustedes el deseo de paz y de bien que brota de la Navidad del Se\u00f1or. Y aprovecho la ocasi\u00f3n para dar las gracias a cuantos me han enviado mensajes de buenos deseos desde Roma y desde tantas partes del mundo. \u00a1Gracias, sobre todo, por sus oraciones! \u00a1Y sigan rezando por el Papa! Es necesario.<\/p>\n<p>En el signo del testimonio de San Esteban, me siento cercano a las comunidades cristianas que sufren discriminaci\u00f3n y las exhorto a perseverar en la caridad hacia todos, luchando pac\u00edficamente por la justicia y la libertad religiosa.<\/p>\n<p>A la intercesi\u00f3n del primer M\u00e1rtir conf\u00edo tambi\u00e9n la invocaci\u00f3n de la paz por parte de los pueblos devastados por la guerra. Los medios de comunicaci\u00f3n nos muestran lo que produce la guerra: hemos visto Siria, vemos Gaza. Pensamos en la atormentada Ucrania. Un desierto de muerte. \u00bfEs esto lo que se quiere? Los pueblos quieren la paz. Recemos por la paz. Luchemos por la paz.<\/p>\n<p>Dirijo mi saludo a ustedes, romanos y peregrinos, familias, grupos parroquiales, comunidades religiosas, asociaciones. Los invito a detenerse ante el gran Pesebre de la plaza de San Pedro, inspirado en el que San Francisco realiz\u00f3 en Greccio hace ochocientos a\u00f1os. Al contemplar las estatuas, ver\u00e1n en sus rostros y actitudes un rasgo com\u00fan: el asombro. Ver\u00e1s un asombro que se convierte en adoraci\u00f3n. Dej\u00e9monos impresionar por el asombro ante el nacimiento del Se\u00f1or. Deseo que custodien esto en ustedes: el asombro que se convierte en adoraci\u00f3n.<\/p>\n<p>Y gracias a todos, a los j\u00f3venes de la Inmaculada, \u00a1y a tantos que est\u00e1n aqu\u00ed delante!<\/p>\n<p>\u00a1Buena fiestas a todos! Y, por favor, no olvid\u00e9is rezar por m\u00ed. Buen provecho y hasta pronto.<\/p>\n<div class=\"clearfix\"><\/div>\n<\/div>\n<div class=\"content parsys\"><\/div>\n<\/div>\n<hr \/>\n","protected":false},"excerpt":{"rendered":"<p>Palabras del Santo Padre en el \u00c1ngelus<\/p>\n","protected":false},"author":15,"featured_media":89894,"comment_status":"closed","ping_status":"closed","sticky":false,"template":"","format":"standard","meta":{"_acf_changed":false,"_crdt_document":"","inline_featured_image":false,"footnotes":""},"categories":[70,68],"tags":[11808,4953],"class_list":["post-91145","post","type-post","status-publish","format-standard","has-post-thumbnail","hentry","category-angelus-es","category-leon-xiv","tag-angelus-26-diciembre-2023","tag-trending-es"],"acf":[],"yoast_head":"<!-- This site is optimized with the Yoast SEO plugin v27.5 - https:\/\/yoast.com\/product\/yoast-seo-wordpress\/ -->\n<title>Su sacrificio siembra una semilla, la sangre de los m\u00e1rtires semilla de cristianos\u201d &#8211; Exaudi<\/title>\n<meta name=\"robots\" content=\"index, follow, max-snippet:-1, max-image-preview:large, max-video-preview:-1\" \/>\n<link rel=\"canonical\" href=\"https:\/\/exaudi.org\/es\/his-sacrifice-sows-a-seed-the-blood-of-martyrs-the-seed-of-christians\/\" \/>\n<meta property=\"og:locale\" content=\"es_ES\" \/>\n<meta property=\"og:type\" content=\"article\" \/>\n<meta property=\"og:title\" content=\"Su sacrificio siembra una semilla, la sangre de los m\u00e1rtires semilla de cristianos\u201d &#8211; Exaudi\" \/>\n<meta property=\"og:description\" content=\"Palabras del Santo Padre en el \u00c1ngelus\" \/>\n<meta property=\"og:url\" content=\"https:\/\/exaudi.org\/his-sacrifice-sows-a-seed-the-blood-of-martyrs-the-seed-of-christians\/\" \/>\n<meta property=\"og:site_name\" content=\"Exaudi\" \/>\n<meta property=\"article:publisher\" content=\"https:\/\/www.facebook.com\/ExaudiNews\" \/>\n<meta property=\"article:author\" content=\"https:\/\/www.facebook.com\/ExaudiNoticias\/\" \/>\n<meta property=\"article:published_time\" content=\"2023-12-26T14:31:37+00:00\" \/>\n<meta property=\"article:modified_time\" content=\"2023-12-27T14:16:41+00:00\" \/>\n<meta property=\"og:image\" content=\"https:\/\/exaudi.org\/wp-content\/uploads\/2023\/12\/cq5dam.web_.800.800-2.jpeg\" \/>\n\t<meta property=\"og:image:width\" content=\"800\" \/>\n\t<meta property=\"og:image:height\" content=\"533\" \/>\n\t<meta property=\"og:image:type\" content=\"image\/jpeg\" \/>\n<meta name=\"author\" content=\"Exaudi Redacci\u00f3n\" \/>\n<meta name=\"twitter:card\" content=\"summary_large_image\" \/>\n<meta name=\"twitter:creator\" content=\"@Exaudi_noticias\" \/>\n<meta name=\"twitter:site\" content=\"@Exaudi_News\" \/>\n<meta name=\"twitter:label1\" content=\"Escrito por\" \/>\n\t<meta name=\"twitter:data1\" content=\"Exaudi Redacci\u00f3n\" \/>\n\t<meta name=\"twitter:label2\" content=\"Tiempo de lectura\" \/>\n\t<meta name=\"twitter:data2\" content=\"5 minutos\" \/>\n<script type=\"application\/ld+json\" class=\"yoast-schema-graph\">{\"@context\":\"https:\\\/\\\/schema.org\",\"@graph\":[{\"@type\":\"Article\",\"@id\":\"https:\\\/\\\/exaudi.org\\\/his-sacrifice-sows-a-seed-the-blood-of-martyrs-the-seed-of-christians\\\/#article\",\"isPartOf\":{\"@id\":\"https:\\\/\\\/exaudi.org\\\/his-sacrifice-sows-a-seed-the-blood-of-martyrs-the-seed-of-christians\\\/\"},\"author\":{\"name\":\"Exaudi Redacci\u00f3n\",\"@id\":\"https:\\\/\\\/exaudi.org\\\/#\\\/schema\\\/person\\\/f5fc8f063065e38742da7afe15f25df7\"},\"headline\":\"Su sacrificio siembra una semilla, la sangre de los m\u00e1rtires semilla de cristianos\u201d\",\"datePublished\":\"2023-12-26T14:31:37+00:00\",\"dateModified\":\"2023-12-27T14:16:41+00:00\",\"mainEntityOfPage\":{\"@id\":\"https:\\\/\\\/exaudi.org\\\/his-sacrifice-sows-a-seed-the-blood-of-martyrs-the-seed-of-christians\\\/\"},\"wordCount\":915,\"image\":{\"@id\":\"https:\\\/\\\/exaudi.org\\\/his-sacrifice-sows-a-seed-the-blood-of-martyrs-the-seed-of-christians\\\/#primaryimage\"},\"thumbnailUrl\":\"https:\\\/\\\/exaudi.org\\\/wp-content\\\/uploads\\\/2023\\\/12\\\/cq5dam.web_.800.800-2.jpeg\",\"keywords\":[\"\u00c1ngelus 26 diciembre 2023\",\"Trending\"],\"articleSection\":[\"\u00c1ngelus\",\"Le\u00f3n XIV\"],\"inLanguage\":\"es\"},{\"@type\":\"WebPage\",\"@id\":\"https:\\\/\\\/exaudi.org\\\/his-sacrifice-sows-a-seed-the-blood-of-martyrs-the-seed-of-christians\\\/\",\"url\":\"https:\\\/\\\/exaudi.org\\\/his-sacrifice-sows-a-seed-the-blood-of-martyrs-the-seed-of-christians\\\/\",\"name\":\"Su sacrificio siembra una semilla, la sangre de los m\u00e1rtires semilla de cristianos\u201d &#8211; Exaudi\",\"isPartOf\":{\"@id\":\"https:\\\/\\\/exaudi.org\\\/#website\"},\"primaryImageOfPage\":{\"@id\":\"https:\\\/\\\/exaudi.org\\\/his-sacrifice-sows-a-seed-the-blood-of-martyrs-the-seed-of-christians\\\/#primaryimage\"},\"image\":{\"@id\":\"https:\\\/\\\/exaudi.org\\\/his-sacrifice-sows-a-seed-the-blood-of-martyrs-the-seed-of-christians\\\/#primaryimage\"},\"thumbnailUrl\":\"https:\\\/\\\/exaudi.org\\\/wp-content\\\/uploads\\\/2023\\\/12\\\/cq5dam.web_.800.800-2.jpeg\",\"datePublished\":\"2023-12-26T14:31:37+00:00\",\"dateModified\":\"2023-12-27T14:16:41+00:00\",\"author\":{\"@id\":\"https:\\\/\\\/exaudi.org\\\/#\\\/schema\\\/person\\\/f5fc8f063065e38742da7afe15f25df7\"},\"breadcrumb\":{\"@id\":\"https:\\\/\\\/exaudi.org\\\/his-sacrifice-sows-a-seed-the-blood-of-martyrs-the-seed-of-christians\\\/#breadcrumb\"},\"inLanguage\":\"es\",\"potentialAction\":[{\"@type\":\"ReadAction\",\"target\":[\"https:\\\/\\\/exaudi.org\\\/his-sacrifice-sows-a-seed-the-blood-of-martyrs-the-seed-of-christians\\\/\"]}]},{\"@type\":\"ImageObject\",\"inLanguage\":\"es\",\"@id\":\"https:\\\/\\\/exaudi.org\\\/his-sacrifice-sows-a-seed-the-blood-of-martyrs-the-seed-of-christians\\\/#primaryimage\",\"url\":\"https:\\\/\\\/exaudi.org\\\/wp-content\\\/uploads\\\/2023\\\/12\\\/cq5dam.web_.800.800-2.jpeg\",\"contentUrl\":\"https:\\\/\\\/exaudi.org\\\/wp-content\\\/uploads\\\/2023\\\/12\\\/cq5dam.web_.800.800-2.jpeg\",\"width\":800,\"height\":533,\"caption\":\"Vatican Media\"},{\"@type\":\"BreadcrumbList\",\"@id\":\"https:\\\/\\\/exaudi.org\\\/his-sacrifice-sows-a-seed-the-blood-of-martyrs-the-seed-of-christians\\\/#breadcrumb\",\"itemListElement\":[{\"@type\":\"ListItem\",\"position\":1,\"name\":\"Portada\",\"item\":\"https:\\\/\\\/exaudi.org\\\/es\\\/\"},{\"@type\":\"ListItem\",\"position\":2,\"name\":\"Su sacrificio siembra una semilla, la sangre de los m\u00e1rtires semilla de cristianos\u201d\"}]},{\"@type\":\"WebSite\",\"@id\":\"https:\\\/\\\/exaudi.org\\\/#website\",\"url\":\"https:\\\/\\\/exaudi.org\\\/\",\"name\":\"Exaudi\",\"description\":\"News\",\"potentialAction\":[{\"@type\":\"SearchAction\",\"target\":{\"@type\":\"EntryPoint\",\"urlTemplate\":\"https:\\\/\\\/exaudi.org\\\/?s={search_term_string}\"},\"query-input\":{\"@type\":\"PropertyValueSpecification\",\"valueRequired\":true,\"valueName\":\"search_term_string\"}}],\"inLanguage\":\"es\"},{\"@type\":\"Person\",\"@id\":\"https:\\\/\\\/exaudi.org\\\/#\\\/schema\\\/person\\\/f5fc8f063065e38742da7afe15f25df7\",\"name\":\"Exaudi Redacci\u00f3n\",\"image\":{\"@type\":\"ImageObject\",\"inLanguage\":\"es\",\"@id\":\"https:\\\/\\\/secure.gravatar.com\\\/avatar\\\/fe0f6a059fb68d9b3e11bc5850dd4899b1c7492091a3cb6dd9b01b56ad828be2?s=96&d=mm&r=g\",\"url\":\"https:\\\/\\\/secure.gravatar.com\\\/avatar\\\/fe0f6a059fb68d9b3e11bc5850dd4899b1c7492091a3cb6dd9b01b56ad828be2?s=96&d=mm&r=g\",\"contentUrl\":\"https:\\\/\\\/secure.gravatar.com\\\/avatar\\\/fe0f6a059fb68d9b3e11bc5850dd4899b1c7492091a3cb6dd9b01b56ad828be2?s=96&d=mm&r=g\",\"caption\":\"Exaudi Redacci\u00f3n\"},\"description\":\"\u00bfQu\u00e9 es Exaudi News? Exaudi News es un medio de comunicaci\u00f3n cat\u00f3lico internacional que informa, forma y transforma, diariamente en espa\u00f1ol, ingl\u00e9s e italiano. A trav\u00e9s de noticias, art\u00edculos de an\u00e1lisis y transmisiones en directo de los eventos del Papa, Exaudi busca fortalecer la unidad de los cristianos y contribuir a la evangelizaci\u00f3n del mundo, siempre guiados por la doctrina social de la Iglesia. Trabajamos para acercar la verdad y los valores cristianos a cada rinc\u00f3n del planeta. \u00a1Ay\u00fadanos a transformar el mundo con Exaudi! En Exaudi creemos que la evangelizaci\u00f3n y la informaci\u00f3n de calidad pueden cambiar vidas. Para continuar con nuestra misi\u00f3n y expandir nuestro alcance, necesitamos tu ayuda. Adem\u00e1s, buscamos personas comprometidas que deseen unirse a nuestro equipo. Con tu apoyo, lograremos llegar a m\u00e1s personas, difundir el mensaje de Cristo y reforzar la unidad de los cristianos. \u00bfTe unes a nuestra misi\u00f3n? Para m\u00e1s informaci\u00f3n sobre c\u00f3mo colaborar, visita Exaudi.org\\\/es o cont\u00e1ctanos directamente: info@exaudi.org Exaudi: Informa, forma y transforma.\",\"sameAs\":[\"https:\\\/\\\/www.facebook.com\\\/ExaudiNoticias\\\/\",\"https:\\\/\\\/www.instagram.com\\\/exaudi_noticias\\\/\",\"https:\\\/\\\/x.com\\\/Exaudi_noticias\",\"https:\\\/\\\/www.youtube.com\\\/@exaudicatholicnews\"],\"url\":\"https:\\\/\\\/exaudi.org\\\/es\\\/author\\\/redaccionexaudi\\\/\"}]}<\/script>\n<!-- \/ Yoast SEO plugin. -->","yoast_head_json":{"title":"Su sacrificio siembra una semilla, la sangre de los m\u00e1rtires semilla de cristianos\u201d &#8211; Exaudi","robots":{"index":"index","follow":"follow","max-snippet":"max-snippet:-1","max-image-preview":"max-image-preview:large","max-video-preview":"max-video-preview:-1"},"canonical":"https:\/\/exaudi.org\/es\/his-sacrifice-sows-a-seed-the-blood-of-martyrs-the-seed-of-christians\/","og_locale":"es_ES","og_type":"article","og_title":"Su sacrificio siembra una semilla, la sangre de los m\u00e1rtires semilla de cristianos\u201d &#8211; Exaudi","og_description":"Palabras del Santo Padre en el \u00c1ngelus","og_url":"https:\/\/exaudi.org\/his-sacrifice-sows-a-seed-the-blood-of-martyrs-the-seed-of-christians\/","og_site_name":"Exaudi","article_publisher":"https:\/\/www.facebook.com\/ExaudiNews","article_author":"https:\/\/www.facebook.com\/ExaudiNoticias\/","article_published_time":"2023-12-26T14:31:37+00:00","article_modified_time":"2023-12-27T14:16:41+00:00","og_image":[{"width":800,"height":533,"url":"https:\/\/exaudi.org\/wp-content\/uploads\/2023\/12\/cq5dam.web_.800.800-2.jpeg","type":"image\/jpeg"}],"author":"Exaudi Redacci\u00f3n","twitter_card":"summary_large_image","twitter_creator":"@Exaudi_noticias","twitter_site":"@Exaudi_News","twitter_misc":{"Escrito por":"Exaudi Redacci\u00f3n","Tiempo de lectura":"5 minutos"},"schema":{"@context":"https:\/\/schema.org","@graph":[{"@type":"Article","@id":"https:\/\/exaudi.org\/his-sacrifice-sows-a-seed-the-blood-of-martyrs-the-seed-of-christians\/#article","isPartOf":{"@id":"https:\/\/exaudi.org\/his-sacrifice-sows-a-seed-the-blood-of-martyrs-the-seed-of-christians\/"},"author":{"name":"Exaudi Redacci\u00f3n","@id":"https:\/\/exaudi.org\/#\/schema\/person\/f5fc8f063065e38742da7afe15f25df7"},"headline":"Su sacrificio siembra una semilla, la sangre de los m\u00e1rtires semilla de cristianos\u201d","datePublished":"2023-12-26T14:31:37+00:00","dateModified":"2023-12-27T14:16:41+00:00","mainEntityOfPage":{"@id":"https:\/\/exaudi.org\/his-sacrifice-sows-a-seed-the-blood-of-martyrs-the-seed-of-christians\/"},"wordCount":915,"image":{"@id":"https:\/\/exaudi.org\/his-sacrifice-sows-a-seed-the-blood-of-martyrs-the-seed-of-christians\/#primaryimage"},"thumbnailUrl":"https:\/\/exaudi.org\/wp-content\/uploads\/2023\/12\/cq5dam.web_.800.800-2.jpeg","keywords":["\u00c1ngelus 26 diciembre 2023","Trending"],"articleSection":["\u00c1ngelus","Le\u00f3n XIV"],"inLanguage":"es"},{"@type":"WebPage","@id":"https:\/\/exaudi.org\/his-sacrifice-sows-a-seed-the-blood-of-martyrs-the-seed-of-christians\/","url":"https:\/\/exaudi.org\/his-sacrifice-sows-a-seed-the-blood-of-martyrs-the-seed-of-christians\/","name":"Su sacrificio siembra una semilla, la sangre de los m\u00e1rtires semilla de cristianos\u201d &#8211; Exaudi","isPartOf":{"@id":"https:\/\/exaudi.org\/#website"},"primaryImageOfPage":{"@id":"https:\/\/exaudi.org\/his-sacrifice-sows-a-seed-the-blood-of-martyrs-the-seed-of-christians\/#primaryimage"},"image":{"@id":"https:\/\/exaudi.org\/his-sacrifice-sows-a-seed-the-blood-of-martyrs-the-seed-of-christians\/#primaryimage"},"thumbnailUrl":"https:\/\/exaudi.org\/wp-content\/uploads\/2023\/12\/cq5dam.web_.800.800-2.jpeg","datePublished":"2023-12-26T14:31:37+00:00","dateModified":"2023-12-27T14:16:41+00:00","author":{"@id":"https:\/\/exaudi.org\/#\/schema\/person\/f5fc8f063065e38742da7afe15f25df7"},"breadcrumb":{"@id":"https:\/\/exaudi.org\/his-sacrifice-sows-a-seed-the-blood-of-martyrs-the-seed-of-christians\/#breadcrumb"},"inLanguage":"es","potentialAction":[{"@type":"ReadAction","target":["https:\/\/exaudi.org\/his-sacrifice-sows-a-seed-the-blood-of-martyrs-the-seed-of-christians\/"]}]},{"@type":"ImageObject","inLanguage":"es","@id":"https:\/\/exaudi.org\/his-sacrifice-sows-a-seed-the-blood-of-martyrs-the-seed-of-christians\/#primaryimage","url":"https:\/\/exaudi.org\/wp-content\/uploads\/2023\/12\/cq5dam.web_.800.800-2.jpeg","contentUrl":"https:\/\/exaudi.org\/wp-content\/uploads\/2023\/12\/cq5dam.web_.800.800-2.jpeg","width":800,"height":533,"caption":"Vatican Media"},{"@type":"BreadcrumbList","@id":"https:\/\/exaudi.org\/his-sacrifice-sows-a-seed-the-blood-of-martyrs-the-seed-of-christians\/#breadcrumb","itemListElement":[{"@type":"ListItem","position":1,"name":"Portada","item":"https:\/\/exaudi.org\/es\/"},{"@type":"ListItem","position":2,"name":"Su sacrificio siembra una semilla, la sangre de los m\u00e1rtires semilla de cristianos\u201d"}]},{"@type":"WebSite","@id":"https:\/\/exaudi.org\/#website","url":"https:\/\/exaudi.org\/","name":"Exaudi","description":"News","potentialAction":[{"@type":"SearchAction","target":{"@type":"EntryPoint","urlTemplate":"https:\/\/exaudi.org\/?s={search_term_string}"},"query-input":{"@type":"PropertyValueSpecification","valueRequired":true,"valueName":"search_term_string"}}],"inLanguage":"es"},{"@type":"Person","@id":"https:\/\/exaudi.org\/#\/schema\/person\/f5fc8f063065e38742da7afe15f25df7","name":"Exaudi Redacci\u00f3n","image":{"@type":"ImageObject","inLanguage":"es","@id":"https:\/\/secure.gravatar.com\/avatar\/fe0f6a059fb68d9b3e11bc5850dd4899b1c7492091a3cb6dd9b01b56ad828be2?s=96&d=mm&r=g","url":"https:\/\/secure.gravatar.com\/avatar\/fe0f6a059fb68d9b3e11bc5850dd4899b1c7492091a3cb6dd9b01b56ad828be2?s=96&d=mm&r=g","contentUrl":"https:\/\/secure.gravatar.com\/avatar\/fe0f6a059fb68d9b3e11bc5850dd4899b1c7492091a3cb6dd9b01b56ad828be2?s=96&d=mm&r=g","caption":"Exaudi Redacci\u00f3n"},"description":"\u00bfQu\u00e9 es Exaudi News? Exaudi News es un medio de comunicaci\u00f3n cat\u00f3lico internacional que informa, forma y transforma, diariamente en espa\u00f1ol, ingl\u00e9s e italiano. A trav\u00e9s de noticias, art\u00edculos de an\u00e1lisis y transmisiones en directo de los eventos del Papa, Exaudi busca fortalecer la unidad de los cristianos y contribuir a la evangelizaci\u00f3n del mundo, siempre guiados por la doctrina social de la Iglesia. Trabajamos para acercar la verdad y los valores cristianos a cada rinc\u00f3n del planeta. \u00a1Ay\u00fadanos a transformar el mundo con Exaudi! En Exaudi creemos que la evangelizaci\u00f3n y la informaci\u00f3n de calidad pueden cambiar vidas. Para continuar con nuestra misi\u00f3n y expandir nuestro alcance, necesitamos tu ayuda. Adem\u00e1s, buscamos personas comprometidas que deseen unirse a nuestro equipo. Con tu apoyo, lograremos llegar a m\u00e1s personas, difundir el mensaje de Cristo y reforzar la unidad de los cristianos. \u00bfTe unes a nuestra misi\u00f3n? Para m\u00e1s informaci\u00f3n sobre c\u00f3mo colaborar, visita Exaudi.org\/es o cont\u00e1ctanos directamente: info@exaudi.org Exaudi: Informa, forma y transforma.","sameAs":["https:\/\/www.facebook.com\/ExaudiNoticias\/","https:\/\/www.instagram.com\/exaudi_noticias\/","https:\/\/x.com\/Exaudi_noticias","https:\/\/www.youtube.com\/@exaudicatholicnews"],"url":"https:\/\/exaudi.org\/es\/author\/redaccionexaudi\/"}]}},"jetpack_featured_media_url":"https:\/\/exaudi.org\/wp-content\/uploads\/2023\/12\/cq5dam.web_.800.800-2.jpeg","jetpack_shortlink":"https:\/\/wp.me\/pgKjF2-nI5","_links":{"self":[{"href":"https:\/\/exaudi.org\/es\/wp-json\/wp\/v2\/posts\/91145","targetHints":{"allow":["GET"]}}],"collection":[{"href":"https:\/\/exaudi.org\/es\/wp-json\/wp\/v2\/posts"}],"about":[{"href":"https:\/\/exaudi.org\/es\/wp-json\/wp\/v2\/types\/post"}],"author":[{"embeddable":true,"href":"https:\/\/exaudi.org\/es\/wp-json\/wp\/v2\/users\/15"}],"replies":[{"embeddable":true,"href":"https:\/\/exaudi.org\/es\/wp-json\/wp\/v2\/comments?post=91145"}],"version-history":[{"count":0,"href":"https:\/\/exaudi.org\/es\/wp-json\/wp\/v2\/posts\/91145\/revisions"}],"wp:featuredmedia":[{"embeddable":true,"href":"https:\/\/exaudi.org\/es\/wp-json\/wp\/v2\/media\/89894"}],"wp:attachment":[{"href":"https:\/\/exaudi.org\/es\/wp-json\/wp\/v2\/media?parent=91145"}],"wp:term":[{"taxonomy":"category","embeddable":true,"href":"https:\/\/exaudi.org\/es\/wp-json\/wp\/v2\/categories?post=91145"},{"taxonomy":"post_tag","embeddable":true,"href":"https:\/\/exaudi.org\/es\/wp-json\/wp\/v2\/tags?post=91145"}],"curies":[{"name":"wp","href":"https:\/\/api.w.org\/{rel}","templated":true}]}}