{"id":91067,"date":"2023-12-23T10:36:27","date_gmt":"2023-12-23T09:36:27","guid":{"rendered":"https:\/\/exaudi.org\/?p=91067"},"modified":"2023-12-23T10:40:47","modified_gmt":"2023-12-23T09:40:47","slug":"reflexion-de-mons-enrique-diaz-proclamare-sin-cesar-la-misericordia-del-senor","status":"publish","type":"post","link":"https:\/\/exaudi.org\/es\/reflexion-de-mons-enrique-diaz-proclamare-sin-cesar-la-misericordia-del-senor\/","title":{"rendered":"Reflexi\u00f3n de Mons. Enrique D\u00edaz: \u201cProclamar\u00e9 sin cesar la misericordia del Se\u00f1or\u201d"},"content":{"rendered":"<audio class=\"wp-audio-shortcode\" id=\"audio-91067-1\" preload=\"none\" style=\"width: 100%;\" controls=\"controls\"><source type=\"audio\/mpeg\" src=\"https:\/\/exaudi.org\/wp-content\/uploads\/2023\/12\/24-Diciembre.mp3?_=1\" \/><a href=\"https:\/\/exaudi.org\/wp-content\/uploads\/2023\/12\/24-Diciembre.mp3\">https:\/\/exaudi.org\/wp-content\/uploads\/2023\/12\/24-Diciembre.mp3<\/a><\/audio>\n<p>Mons. Enrique D\u00edaz D\u00edaz comparte con los lectores de Exaudi su reflexi\u00f3n sobre el<a href=\"https:\/\/www.dominicos.org\/predicacion\/homilia\/24-12-2023\/lecturas\/\" target=\"_blank\" rel=\"noopener\">\u00a0Evangelio de este Domingo 24 de diciembre de 2023<\/a>, titulado: \u201cProclamar\u00e9 sin cesar la misericordia del Se\u00f1or\u201d<\/p>\n<p>***<\/p>\n<p>II Samuel 7, 1-5. 8-12. 14. 16: \u201cEl reino de David permanecer\u00e1 para siempre en presencia del Se\u00f1or\u201d<\/p>\n<p>Salmo 88: \u201cProclamar\u00e9 sin cesar la misericordia del Se\u00f1or\u201d<\/p>\n<p>Romanos 16, 25-27: Se ha revelado el misterio oculto durante siglos\u201d<\/p>\n<p>San Lucas 1, 26-38: \u201cConcebir\u00e1s y dar\u00e1s a luz un hijo\u201d<\/p>\n<p>Cada d\u00eda es m\u00e1s dif\u00edcil conseguir \u201cuna casita\u201d. Los precios por las nubes, los salarios raqu\u00edticos,<br \/>\npeque\u00f1isimas habitaciones y poco presupuesto. Ahora imaginemos que esa casa es nada menos<br \/>\nque para el Mes\u00edas esperado, para el Rey de cielos y tierra, para el Todopoderoso, para El que<br \/>\ntiene en sus manos el destino de los tiempos\u2026 No nos asustemos y conozcamos sus exigencias.<br \/>\nSan Lucas nos manifesta los deseos y las expectativas de este \u201cenviado\u201d que est\u00e1 por llegar. Lo<br \/>\nhace a su estilo y con formas literarias que buscan no tanto la historia sino presentar a un<br \/>\npersonaje extraordinario. As\u00ed nos introdujo tambi\u00e9n en la vida de Juan el Bautista. Primeramente<br \/>\ndestaca el lugar. Mientras que para el Bautista nos coloca en la solemnidad del Santuario, entre los<br \/>\ninciensos y las ofrendas, para el Mes\u00edas escoge Nazaret, ahora reconocida por todos, pero en aquel<br \/>\ntiempo totalmente desconocida, jam\u00e1s nombrada en el Antiguo Testamento, considerada como<br \/>\nuna regi\u00f3n pagana, no est\u00e1 ligada a ninguna promesa o expectativa mesi\u00e1nica. Si acaso como lugar<br \/>\ncercano al paso entre poblaciones importantes y en una regi\u00f3n mezclada de razas dedicadas al<br \/>\ncomercio y expuestas a todos los paganismos. \u00bfQu\u00e9 nos querr\u00e1 decir? No s\u00e9, quiz\u00e1s que la<br \/>\nsalvaci\u00f3n llega desde los lugares humildes, ignorados, sencillos y no tanto desde los lujos o las<br \/>\ngrandes instituciones de Israel.<\/p>\n<p>El Anuncio del Bautista nos causaba ya cierto desconcierto porque el \u00c1ngel es enviado a dos<br \/>\nancianos est\u00e9riles, con todo lo que esto provoca entre las malas lenguas vecinas, considerados no<br \/>\npropiamente fuertes para educar y sostener a un profeta. Pero al menos ten\u00edamos la justificaci\u00f3n<br \/>\nde que Zacar\u00edas y su esposa eran personas rectas, irreprochables y que segu\u00edan en todo la ley del<br \/>\nSe\u00f1or, y los dos considerados descendientes de tribus ilustres de Israel. Pero para el Mes\u00edas al<br \/>\npresentarnos a Mar\u00eda, no nos dice nada de sus antepasados, y si alg\u00fan m\u00e9rito de buena familia<br \/>\ntiene es ser la prometida de Jos\u00e9, \u00e9l s\u00ed que es descendiente de la estirpe David. No se nos habla<br \/>\nnada de observancia de leyes pero ciertamente a Jos\u00e9 lo presenta como un hombre justo. \u00a1Pero<br \/>\nJos\u00e9 no estaba a la hora del anuncio! As\u00ed que, siguiendo nuestra comparaci\u00f3n, mientras Isabel ya<br \/>\nhab\u00eda perdido toda esperanza de tener un hijo, Mar\u00eda no estaba preparada y ni por asomo<br \/>\nesperaba en aquel momento tener un hijo. As\u00ed nos encontramos con una jovencita, sin blasones<br \/>\nimportantes de familia, sin t\u00edtulos ni reconocimientos, como una clara representante de los<br \/>\n\u201cpobres de Israel\u201d, que era muy fiel a Dios pero que no ten\u00eda ninguna relevancia social.<\/p>\n<p>A la hora del anuncio las reacciones son muy distintas. Mientras Zacar\u00edas se llena de temor, se<br \/>\nmuestra incr\u00e9dulo, pide pruebas y nunca da su consentimiento, Mar\u00eda es muy claro que se<br \/>\nsobresalta y hasta se preocupa al sentirse alabada, pide explicaciones porque no sabe c\u00f3mo puede<br \/>\nser eso, pero al final se pone como esclava y como fiel servidora de la palabra del Se\u00f1or. Dos<br \/>\npersonajes contrastantes, dos actitudes contrastantes y dos resultados contrastantes: mientras<br \/>\nZacar\u00edas permanece mudo por su incredulidad, Mar\u00eda engendra la Palabra, con rapidez la lleva a<br \/>\nlas monta\u00f1as y se transforma en anunciadora del Todopoderoso.<\/p>\n<p>Los d\u00edas ya se acercan y Jes\u00fas busca casa donde nacer. No son muchas sus exigencias en cuanto a<br \/>\ncomodidades y riquezas, solamente pide corazones sencillos, compartidos y desapegados de lujos, de riquezas, de honores y de ambiciones. Nosotros podemos ahora escuchar esa solicitud de<br \/>\nJes\u00fas: \u201cBusco casita\u201d, y apresurarnos a responder con la generosidad de Mar\u00eda, con un s\u00ed seguro y<br \/>\nconfiado, con un \u201cf\u00edat\u201d que compromete y dispone, con un \u201cyo soy la esclava del Se\u00f1or, h\u00e1gase en<br \/>\nm\u00ed seg\u00fan tu palabra\u201d, confiando en un amor mucho m\u00e1s grande que el nuestro.<\/p>\n<p>No temamos, tambi\u00e9n para cada uno de nosotros son las palabras de Gabriel: \u201cAl\u00e9grate. El Se\u00f1or<br \/>\nest\u00e1 contigo\u201d. Claro que a nosotros no nos puede decir que estamos llenos de gracia, porque<br \/>\nnuestros delitos nos abruman y nuestras miserias saltan a la vista. Pero el Se\u00f1or es tan generoso<br \/>\nque a pesar de nuestras miserias tambi\u00e9n nos escoge para pesebre, cueva, o casita, donde pueda<br \/>\nnacer el Salvador. No importan las apariencias externas, lo importante es la limpieza interior y la<br \/>\napertura de coraz\u00f3n para recibir a Jes\u00fas. No olvidemos que con Jes\u00fas llegan tambi\u00e9n los pastores,<br \/>\nlos pecadores, los enfermos, los despreciados\u2026 entonces, s\u00ed exige una puerta grande y noble para<br \/>\naceptar a todos como hermanos. No podemos poner a la entrada el consabido: \u201cNos reservamos<br \/>\nel derecho de admisi\u00f3n\u201d, porque Jes\u00fas, como buen mexicano, llega acompa\u00f1ado de todos sus<br \/>\nhermanos, sin hacer distinciones para todo el que acepte su invitaci\u00f3n. Rompe esos abismos que<br \/>\nse abren entre pobres y ricos. Destruye las barreras que separan. Ya sabemos su estilo: escoge a<br \/>\nlos peque\u00f1os, no le importa el ruido ni el llanto de los ni\u00f1os y para todos es como un pan, \u00bfc\u00f3mo<br \/>\nun pan? \u00a1Para todos se vuelve alimento, luz y vida! As\u00ed, que si de verdad queremos ofrecer nuestro<br \/>\ncoraz\u00f3n como casa, prepar\u00e9monos para las consecuencias porque tendremos que vivir al estilo de<br \/>\nJes\u00fas y pasar una Navidad bajo sus condiciones, pero si no estamos dispuestos a todos estos<br \/>\nriesgos, \u00bfpor qu\u00e9, entonces, nos seguimos llamando cristianos?<\/p>\n<p>Es \u00faltimo d\u00eda de este Adviento y el contemplar tan cerca el nacimiento de Jes\u00fas nos obliga<br \/>\npreguntarnos: \u00bfC\u00f3mo voy a acoger a Dios-Ni\u00f1o que se hace presencia viva y concreta en medio de<br \/>\nnosotros? \u00bfC\u00f3mo voy a vivir y c\u00f3mo voy a expresar a este Dios ternura que se acerca hasta<br \/>\nconvertirse en uno de nosotros? \u00bfC\u00f3mo voy a dar calor y compa\u00f1\u00eda al reci\u00e9n nacido en mi coraz\u00f3n<br \/>\ny en mi casa?<\/p>\n<p><em>Se\u00f1or, por el anuncio de tu \u00c1ngel has dado a conocer a Mar\u00eda tu amoroso designio de<\/em><br \/>\n<em>salvaci\u00f3n y la has hecho part\u00edcipe de la Encarnaci\u00f3n, conc\u00e9denos abrir nuestro coraz\u00f3n y<\/em><br \/>\n<em>convertirnos, por medio de tu Esp\u00edritu, en casa y portal donde nazca Jes\u00fas y sean<\/em><br \/>\n<em>bienvenidos todos los hombres porque son nuestro hermanos. Am\u00e9n.<\/em><\/p>\n","protected":false},"excerpt":{"rendered":"<p>Cuarto Domingo de Adviento<\/p>\n","protected":false},"author":25,"featured_media":91068,"comment_status":"closed","ping_status":"closed","sticky":false,"template":"","format":"standard","meta":{"_acf_changed":false,"_crdt_document":"","inline_featured_image":false,"footnotes":""},"categories":[96,74],"tags":[1087,5654,1372,4953],"class_list":["post-91067","post","type-post","status-publish","format-standard","has-post-thumbnail","hentry","category-espiritualidad","category-iglesia-y-mundo","tag-comentario","tag-enrique-diaz","tag-evangelio","tag-trending-es"],"acf":[],"yoast_head":"<!-- This site is optimized with the Yoast SEO plugin v27.5 - https:\/\/yoast.com\/product\/yoast-seo-wordpress\/ -->\n<title>Reflexi\u00f3n de Mons. Enrique D\u00edaz: \u201cProclamar\u00e9 sin cesar la misericordia del Se\u00f1or\u201d &#8211; Exaudi<\/title>\n<meta name=\"robots\" content=\"index, follow, max-snippet:-1, max-image-preview:large, max-video-preview:-1\" \/>\n<link rel=\"canonical\" href=\"https:\/\/exaudi.org\/es\/reflexion-de-mons-enrique-diaz-proclamare-sin-cesar-la-misericordia-del-senor\/\" \/>\n<meta property=\"og:locale\" content=\"es_ES\" \/>\n<meta property=\"og:type\" content=\"article\" \/>\n<meta property=\"og:title\" content=\"Reflexi\u00f3n de Mons. Enrique D\u00edaz: \u201cProclamar\u00e9 sin cesar la misericordia del Se\u00f1or\u201d &#8211; Exaudi\" \/>\n<meta property=\"og:description\" content=\"Cuarto Domingo de Adviento\" \/>\n<meta property=\"og:url\" content=\"https:\/\/exaudi.org\/es\/reflexion-de-mons-enrique-diaz-proclamare-sin-cesar-la-misericordia-del-senor\/\" \/>\n<meta property=\"og:site_name\" content=\"Exaudi\" \/>\n<meta property=\"article:publisher\" content=\"https:\/\/www.facebook.com\/ExaudiNews\" \/>\n<meta property=\"article:published_time\" content=\"2023-12-23T09:36:27+00:00\" \/>\n<meta property=\"article:modified_time\" content=\"2023-12-23T09:40:47+00:00\" \/>\n<meta property=\"og:image\" content=\"https:\/\/exaudi.org\/wp-content\/uploads\/2023\/12\/ranyelpaula-1609474281533-cathopic-1-scaled.jpg\" \/>\n\t<meta property=\"og:image:width\" content=\"1708\" \/>\n\t<meta property=\"og:image:height\" content=\"2560\" \/>\n\t<meta property=\"og:image:type\" content=\"image\/jpeg\" \/>\n<meta name=\"author\" content=\"Enrique D\u00edaz\" \/>\n<meta name=\"twitter:card\" content=\"summary_large_image\" \/>\n<meta name=\"twitter:creator\" content=\"@Exaudi_News\" \/>\n<meta name=\"twitter:site\" content=\"@Exaudi_News\" \/>\n<meta name=\"twitter:label1\" content=\"Escrito por\" \/>\n\t<meta name=\"twitter:data1\" content=\"Enrique D\u00edaz\" \/>\n\t<meta name=\"twitter:label2\" content=\"Tiempo de lectura\" \/>\n\t<meta name=\"twitter:data2\" content=\"6 minutos\" \/>\n<script type=\"application\/ld+json\" class=\"yoast-schema-graph\">{\"@context\":\"https:\\\/\\\/schema.org\",\"@graph\":[{\"@type\":\"Article\",\"@id\":\"https:\\\/\\\/exaudi.org\\\/es\\\/reflexion-de-mons-enrique-diaz-proclamare-sin-cesar-la-misericordia-del-senor\\\/#article\",\"isPartOf\":{\"@id\":\"https:\\\/\\\/exaudi.org\\\/es\\\/reflexion-de-mons-enrique-diaz-proclamare-sin-cesar-la-misericordia-del-senor\\\/\"},\"author\":{\"name\":\"Enrique D\u00edaz\",\"@id\":\"https:\\\/\\\/exaudi.org\\\/#\\\/schema\\\/person\\\/c02ffbd10830fa375f6882f7dcf1844d\"},\"headline\":\"Reflexi\u00f3n de Mons. Enrique D\u00edaz: \u201cProclamar\u00e9 sin cesar la misericordia del Se\u00f1or\u201d\",\"datePublished\":\"2023-12-23T09:36:27+00:00\",\"dateModified\":\"2023-12-23T09:40:47+00:00\",\"mainEntityOfPage\":{\"@id\":\"https:\\\/\\\/exaudi.org\\\/es\\\/reflexion-de-mons-enrique-diaz-proclamare-sin-cesar-la-misericordia-del-senor\\\/\"},\"wordCount\":1195,\"image\":{\"@id\":\"https:\\\/\\\/exaudi.org\\\/es\\\/reflexion-de-mons-enrique-diaz-proclamare-sin-cesar-la-misericordia-del-senor\\\/#primaryimage\"},\"thumbnailUrl\":\"https:\\\/\\\/exaudi.org\\\/wp-content\\\/uploads\\\/2023\\\/12\\\/ranyelpaula-1609474281533-cathopic-1-scaled.jpg\",\"keywords\":[\"Comentario\",\"Enrique D\u00edaz\",\"Evangelio\",\"Trending\"],\"articleSection\":[\"Espiritualidad\",\"Iglesia y Mundo\"],\"inLanguage\":\"es\"},{\"@type\":\"WebPage\",\"@id\":\"https:\\\/\\\/exaudi.org\\\/es\\\/reflexion-de-mons-enrique-diaz-proclamare-sin-cesar-la-misericordia-del-senor\\\/\",\"url\":\"https:\\\/\\\/exaudi.org\\\/es\\\/reflexion-de-mons-enrique-diaz-proclamare-sin-cesar-la-misericordia-del-senor\\\/\",\"name\":\"Reflexi\u00f3n de Mons. Enrique D\u00edaz: \u201cProclamar\u00e9 sin cesar la misericordia del Se\u00f1or\u201d &#8211; Exaudi\",\"isPartOf\":{\"@id\":\"https:\\\/\\\/exaudi.org\\\/#website\"},\"primaryImageOfPage\":{\"@id\":\"https:\\\/\\\/exaudi.org\\\/es\\\/reflexion-de-mons-enrique-diaz-proclamare-sin-cesar-la-misericordia-del-senor\\\/#primaryimage\"},\"image\":{\"@id\":\"https:\\\/\\\/exaudi.org\\\/es\\\/reflexion-de-mons-enrique-diaz-proclamare-sin-cesar-la-misericordia-del-senor\\\/#primaryimage\"},\"thumbnailUrl\":\"https:\\\/\\\/exaudi.org\\\/wp-content\\\/uploads\\\/2023\\\/12\\\/ranyelpaula-1609474281533-cathopic-1-scaled.jpg\",\"datePublished\":\"2023-12-23T09:36:27+00:00\",\"dateModified\":\"2023-12-23T09:40:47+00:00\",\"author\":{\"@id\":\"https:\\\/\\\/exaudi.org\\\/#\\\/schema\\\/person\\\/c02ffbd10830fa375f6882f7dcf1844d\"},\"breadcrumb\":{\"@id\":\"https:\\\/\\\/exaudi.org\\\/es\\\/reflexion-de-mons-enrique-diaz-proclamare-sin-cesar-la-misericordia-del-senor\\\/#breadcrumb\"},\"inLanguage\":\"es\",\"potentialAction\":[{\"@type\":\"ReadAction\",\"target\":[\"https:\\\/\\\/exaudi.org\\\/es\\\/reflexion-de-mons-enrique-diaz-proclamare-sin-cesar-la-misericordia-del-senor\\\/\"]}]},{\"@type\":\"ImageObject\",\"inLanguage\":\"es\",\"@id\":\"https:\\\/\\\/exaudi.org\\\/es\\\/reflexion-de-mons-enrique-diaz-proclamare-sin-cesar-la-misericordia-del-senor\\\/#primaryimage\",\"url\":\"https:\\\/\\\/exaudi.org\\\/wp-content\\\/uploads\\\/2023\\\/12\\\/ranyelpaula-1609474281533-cathopic-1-scaled.jpg\",\"contentUrl\":\"https:\\\/\\\/exaudi.org\\\/wp-content\\\/uploads\\\/2023\\\/12\\\/ranyelpaula-1609474281533-cathopic-1-scaled.jpg\",\"width\":1708,\"height\":2560,\"caption\":\"Cathopic\"},{\"@type\":\"BreadcrumbList\",\"@id\":\"https:\\\/\\\/exaudi.org\\\/es\\\/reflexion-de-mons-enrique-diaz-proclamare-sin-cesar-la-misericordia-del-senor\\\/#breadcrumb\",\"itemListElement\":[{\"@type\":\"ListItem\",\"position\":1,\"name\":\"Portada\",\"item\":\"https:\\\/\\\/exaudi.org\\\/es\\\/\"},{\"@type\":\"ListItem\",\"position\":2,\"name\":\"Reflexi\u00f3n de Mons. Enrique D\u00edaz: \u201cProclamar\u00e9 sin cesar la misericordia del Se\u00f1or\u201d\"}]},{\"@type\":\"WebSite\",\"@id\":\"https:\\\/\\\/exaudi.org\\\/#website\",\"url\":\"https:\\\/\\\/exaudi.org\\\/\",\"name\":\"Exaudi\",\"description\":\"News\",\"potentialAction\":[{\"@type\":\"SearchAction\",\"target\":{\"@type\":\"EntryPoint\",\"urlTemplate\":\"https:\\\/\\\/exaudi.org\\\/?s={search_term_string}\"},\"query-input\":{\"@type\":\"PropertyValueSpecification\",\"valueRequired\":true,\"valueName\":\"search_term_string\"}}],\"inLanguage\":\"es\"},{\"@type\":\"Person\",\"@id\":\"https:\\\/\\\/exaudi.org\\\/#\\\/schema\\\/person\\\/c02ffbd10830fa375f6882f7dcf1844d\",\"name\":\"Enrique D\u00edaz\",\"image\":{\"@type\":\"ImageObject\",\"inLanguage\":\"es\",\"@id\":\"https:\\\/\\\/secure.gravatar.com\\\/avatar\\\/7ca10be5325a95d04b74082d68ba605aa69611eb0f68f47096cb1bc349873284?s=96&d=mm&r=g\",\"url\":\"https:\\\/\\\/secure.gravatar.com\\\/avatar\\\/7ca10be5325a95d04b74082d68ba605aa69611eb0f68f47096cb1bc349873284?s=96&d=mm&r=g\",\"contentUrl\":\"https:\\\/\\\/secure.gravatar.com\\\/avatar\\\/7ca10be5325a95d04b74082d68ba605aa69611eb0f68f47096cb1bc349873284?s=96&d=mm&r=g\",\"caption\":\"Enrique D\u00edaz\"},\"description\":\"Naci\u00f3 en Huandacareo, Michoac\u00e1n, M\u00e9xico, en 1952. Realiz\u00f3 sus estudios de Filosof\u00eda y Teolog\u00eda en el Seminario de Morelia. Ordenado di\u00e1cono el 22 de mayo de 1977, y presb\u00edtero el 23 de octubre del mismo a\u00f1o. Obtuvo la Licenciatura en Sagrada Escritura en el Pontificio Instituto B\u00edblico en Roma. Ha desarrollado m\u00faltiples encargos pastorales como el de capell\u00e1n de la rector\u00eda de las Tres Aves Mar\u00edas; responsable de la Pastoral B\u00edblica Diocesana y director de la Escuela B\u00edblica en Morelia; maestro de Biblia en el Seminario Conciliar de Morelia, p\u00e1rroco de la Parroquia de Nuestra Se\u00f1ora de Guadalupe, Col. Guadalupe, Morelia; o vicario episcopal para la Zona de Nuestra Se\u00f1ora de la Luz, P\u00e1tzcuaro. Ordenado obispo auxiliar de san Crist\u00f3bal de las Casas en 2003. En la Conferencia Episcopal form\u00f3 parte de las Comisiones de Biblia, Diaconado y Ministerios Laicales. Fue responsable de las Dimensiones de Ministerios Laicales, de Educaci\u00f3n y Cultura. Ha participado en encuentros latinoamericanos y mundiales sobre el Diaconado Permanente. Actualmente es el responsable de la Dimensi\u00f3n de Pastoral de la Cultura. Particip\u00f3 como Miembro del S\u00ednodo de Obispos sobre la Palabra de Dios en la Vida y Misi\u00f3n de la Iglesia en Roma, en 2008. Recibi\u00f3 el nombramiento de obispo coadjutor de San Crist\u00f3bal de las Casas en 2014. Nombrado II obispo de Irapuato el d\u00eda 11 de marzo, tom\u00f3 posesi\u00f3n el 19 de Mayo. Colabora en varias revistas y publicaciones sobre todo con la reflexi\u00f3n diaria y dominical tanto en audio como escrita.\",\"url\":\"https:\\\/\\\/exaudi.org\\\/es\\\/author\\\/enriquediaz\\\/\"}]}<\/script>\n<!-- \/ Yoast SEO plugin. -->","yoast_head_json":{"title":"Reflexi\u00f3n de Mons. Enrique D\u00edaz: \u201cProclamar\u00e9 sin cesar la misericordia del Se\u00f1or\u201d &#8211; Exaudi","robots":{"index":"index","follow":"follow","max-snippet":"max-snippet:-1","max-image-preview":"max-image-preview:large","max-video-preview":"max-video-preview:-1"},"canonical":"https:\/\/exaudi.org\/es\/reflexion-de-mons-enrique-diaz-proclamare-sin-cesar-la-misericordia-del-senor\/","og_locale":"es_ES","og_type":"article","og_title":"Reflexi\u00f3n de Mons. Enrique D\u00edaz: \u201cProclamar\u00e9 sin cesar la misericordia del Se\u00f1or\u201d &#8211; Exaudi","og_description":"Cuarto Domingo de Adviento","og_url":"https:\/\/exaudi.org\/es\/reflexion-de-mons-enrique-diaz-proclamare-sin-cesar-la-misericordia-del-senor\/","og_site_name":"Exaudi","article_publisher":"https:\/\/www.facebook.com\/ExaudiNews","article_published_time":"2023-12-23T09:36:27+00:00","article_modified_time":"2023-12-23T09:40:47+00:00","og_image":[{"width":1708,"height":2560,"url":"https:\/\/exaudi.org\/wp-content\/uploads\/2023\/12\/ranyelpaula-1609474281533-cathopic-1-scaled.jpg","type":"image\/jpeg"}],"author":"Enrique D\u00edaz","twitter_card":"summary_large_image","twitter_creator":"@Exaudi_News","twitter_site":"@Exaudi_News","twitter_misc":{"Escrito por":"Enrique D\u00edaz","Tiempo de lectura":"6 minutos"},"schema":{"@context":"https:\/\/schema.org","@graph":[{"@type":"Article","@id":"https:\/\/exaudi.org\/es\/reflexion-de-mons-enrique-diaz-proclamare-sin-cesar-la-misericordia-del-senor\/#article","isPartOf":{"@id":"https:\/\/exaudi.org\/es\/reflexion-de-mons-enrique-diaz-proclamare-sin-cesar-la-misericordia-del-senor\/"},"author":{"name":"Enrique D\u00edaz","@id":"https:\/\/exaudi.org\/#\/schema\/person\/c02ffbd10830fa375f6882f7dcf1844d"},"headline":"Reflexi\u00f3n de Mons. Enrique D\u00edaz: \u201cProclamar\u00e9 sin cesar la misericordia del Se\u00f1or\u201d","datePublished":"2023-12-23T09:36:27+00:00","dateModified":"2023-12-23T09:40:47+00:00","mainEntityOfPage":{"@id":"https:\/\/exaudi.org\/es\/reflexion-de-mons-enrique-diaz-proclamare-sin-cesar-la-misericordia-del-senor\/"},"wordCount":1195,"image":{"@id":"https:\/\/exaudi.org\/es\/reflexion-de-mons-enrique-diaz-proclamare-sin-cesar-la-misericordia-del-senor\/#primaryimage"},"thumbnailUrl":"https:\/\/exaudi.org\/wp-content\/uploads\/2023\/12\/ranyelpaula-1609474281533-cathopic-1-scaled.jpg","keywords":["Comentario","Enrique D\u00edaz","Evangelio","Trending"],"articleSection":["Espiritualidad","Iglesia y Mundo"],"inLanguage":"es"},{"@type":"WebPage","@id":"https:\/\/exaudi.org\/es\/reflexion-de-mons-enrique-diaz-proclamare-sin-cesar-la-misericordia-del-senor\/","url":"https:\/\/exaudi.org\/es\/reflexion-de-mons-enrique-diaz-proclamare-sin-cesar-la-misericordia-del-senor\/","name":"Reflexi\u00f3n de Mons. Enrique D\u00edaz: \u201cProclamar\u00e9 sin cesar la misericordia del Se\u00f1or\u201d &#8211; Exaudi","isPartOf":{"@id":"https:\/\/exaudi.org\/#website"},"primaryImageOfPage":{"@id":"https:\/\/exaudi.org\/es\/reflexion-de-mons-enrique-diaz-proclamare-sin-cesar-la-misericordia-del-senor\/#primaryimage"},"image":{"@id":"https:\/\/exaudi.org\/es\/reflexion-de-mons-enrique-diaz-proclamare-sin-cesar-la-misericordia-del-senor\/#primaryimage"},"thumbnailUrl":"https:\/\/exaudi.org\/wp-content\/uploads\/2023\/12\/ranyelpaula-1609474281533-cathopic-1-scaled.jpg","datePublished":"2023-12-23T09:36:27+00:00","dateModified":"2023-12-23T09:40:47+00:00","author":{"@id":"https:\/\/exaudi.org\/#\/schema\/person\/c02ffbd10830fa375f6882f7dcf1844d"},"breadcrumb":{"@id":"https:\/\/exaudi.org\/es\/reflexion-de-mons-enrique-diaz-proclamare-sin-cesar-la-misericordia-del-senor\/#breadcrumb"},"inLanguage":"es","potentialAction":[{"@type":"ReadAction","target":["https:\/\/exaudi.org\/es\/reflexion-de-mons-enrique-diaz-proclamare-sin-cesar-la-misericordia-del-senor\/"]}]},{"@type":"ImageObject","inLanguage":"es","@id":"https:\/\/exaudi.org\/es\/reflexion-de-mons-enrique-diaz-proclamare-sin-cesar-la-misericordia-del-senor\/#primaryimage","url":"https:\/\/exaudi.org\/wp-content\/uploads\/2023\/12\/ranyelpaula-1609474281533-cathopic-1-scaled.jpg","contentUrl":"https:\/\/exaudi.org\/wp-content\/uploads\/2023\/12\/ranyelpaula-1609474281533-cathopic-1-scaled.jpg","width":1708,"height":2560,"caption":"Cathopic"},{"@type":"BreadcrumbList","@id":"https:\/\/exaudi.org\/es\/reflexion-de-mons-enrique-diaz-proclamare-sin-cesar-la-misericordia-del-senor\/#breadcrumb","itemListElement":[{"@type":"ListItem","position":1,"name":"Portada","item":"https:\/\/exaudi.org\/es\/"},{"@type":"ListItem","position":2,"name":"Reflexi\u00f3n de Mons. Enrique D\u00edaz: \u201cProclamar\u00e9 sin cesar la misericordia del Se\u00f1or\u201d"}]},{"@type":"WebSite","@id":"https:\/\/exaudi.org\/#website","url":"https:\/\/exaudi.org\/","name":"Exaudi","description":"News","potentialAction":[{"@type":"SearchAction","target":{"@type":"EntryPoint","urlTemplate":"https:\/\/exaudi.org\/?s={search_term_string}"},"query-input":{"@type":"PropertyValueSpecification","valueRequired":true,"valueName":"search_term_string"}}],"inLanguage":"es"},{"@type":"Person","@id":"https:\/\/exaudi.org\/#\/schema\/person\/c02ffbd10830fa375f6882f7dcf1844d","name":"Enrique D\u00edaz","image":{"@type":"ImageObject","inLanguage":"es","@id":"https:\/\/secure.gravatar.com\/avatar\/7ca10be5325a95d04b74082d68ba605aa69611eb0f68f47096cb1bc349873284?s=96&d=mm&r=g","url":"https:\/\/secure.gravatar.com\/avatar\/7ca10be5325a95d04b74082d68ba605aa69611eb0f68f47096cb1bc349873284?s=96&d=mm&r=g","contentUrl":"https:\/\/secure.gravatar.com\/avatar\/7ca10be5325a95d04b74082d68ba605aa69611eb0f68f47096cb1bc349873284?s=96&d=mm&r=g","caption":"Enrique D\u00edaz"},"description":"Naci\u00f3 en Huandacareo, Michoac\u00e1n, M\u00e9xico, en 1952. Realiz\u00f3 sus estudios de Filosof\u00eda y Teolog\u00eda en el Seminario de Morelia. Ordenado di\u00e1cono el 22 de mayo de 1977, y presb\u00edtero el 23 de octubre del mismo a\u00f1o. Obtuvo la Licenciatura en Sagrada Escritura en el Pontificio Instituto B\u00edblico en Roma. Ha desarrollado m\u00faltiples encargos pastorales como el de capell\u00e1n de la rector\u00eda de las Tres Aves Mar\u00edas; responsable de la Pastoral B\u00edblica Diocesana y director de la Escuela B\u00edblica en Morelia; maestro de Biblia en el Seminario Conciliar de Morelia, p\u00e1rroco de la Parroquia de Nuestra Se\u00f1ora de Guadalupe, Col. Guadalupe, Morelia; o vicario episcopal para la Zona de Nuestra Se\u00f1ora de la Luz, P\u00e1tzcuaro. Ordenado obispo auxiliar de san Crist\u00f3bal de las Casas en 2003. En la Conferencia Episcopal form\u00f3 parte de las Comisiones de Biblia, Diaconado y Ministerios Laicales. Fue responsable de las Dimensiones de Ministerios Laicales, de Educaci\u00f3n y Cultura. Ha participado en encuentros latinoamericanos y mundiales sobre el Diaconado Permanente. Actualmente es el responsable de la Dimensi\u00f3n de Pastoral de la Cultura. Particip\u00f3 como Miembro del S\u00ednodo de Obispos sobre la Palabra de Dios en la Vida y Misi\u00f3n de la Iglesia en Roma, en 2008. Recibi\u00f3 el nombramiento de obispo coadjutor de San Crist\u00f3bal de las Casas en 2014. Nombrado II obispo de Irapuato el d\u00eda 11 de marzo, tom\u00f3 posesi\u00f3n el 19 de Mayo. Colabora en varias revistas y publicaciones sobre todo con la reflexi\u00f3n diaria y dominical tanto en audio como escrita.","url":"https:\/\/exaudi.org\/es\/author\/enriquediaz\/"}]}},"jetpack_featured_media_url":"https:\/\/exaudi.org\/wp-content\/uploads\/2023\/12\/ranyelpaula-1609474281533-cathopic-1-scaled.jpg","jetpack_shortlink":"https:\/\/wp.me\/pgKjF2-nGP","_links":{"self":[{"href":"https:\/\/exaudi.org\/es\/wp-json\/wp\/v2\/posts\/91067","targetHints":{"allow":["GET"]}}],"collection":[{"href":"https:\/\/exaudi.org\/es\/wp-json\/wp\/v2\/posts"}],"about":[{"href":"https:\/\/exaudi.org\/es\/wp-json\/wp\/v2\/types\/post"}],"author":[{"embeddable":true,"href":"https:\/\/exaudi.org\/es\/wp-json\/wp\/v2\/users\/25"}],"replies":[{"embeddable":true,"href":"https:\/\/exaudi.org\/es\/wp-json\/wp\/v2\/comments?post=91067"}],"version-history":[{"count":0,"href":"https:\/\/exaudi.org\/es\/wp-json\/wp\/v2\/posts\/91067\/revisions"}],"wp:featuredmedia":[{"embeddable":true,"href":"https:\/\/exaudi.org\/es\/wp-json\/wp\/v2\/media\/91068"}],"wp:attachment":[{"href":"https:\/\/exaudi.org\/es\/wp-json\/wp\/v2\/media?parent=91067"}],"wp:term":[{"taxonomy":"category","embeddable":true,"href":"https:\/\/exaudi.org\/es\/wp-json\/wp\/v2\/categories?post=91067"},{"taxonomy":"post_tag","embeddable":true,"href":"https:\/\/exaudi.org\/es\/wp-json\/wp\/v2\/tags?post=91067"}],"curies":[{"name":"wp","href":"https:\/\/api.w.org\/{rel}","templated":true}]}}