{"id":910,"date":"2021-01-27T15:41:08","date_gmt":"2021-01-27T15:41:08","guid":{"rendered":"https:\/\/exaudi.org\/?p=910"},"modified":"2021-03-12T15:56:05","modified_gmt":"2021-03-12T14:56:05","slug":"himno-jmj-lisboa-2023","status":"publish","type":"post","link":"https:\/\/exaudi.org\/es\/himno-jmj-lisboa-2023\/","title":{"rendered":"Presentaci\u00f3n del himno de la JMJ Lisboa 2023"},"content":{"rendered":"<p>El himno oficial de la <a href=\"https:\/\/lisboa2023.org\/es\/\" target=\"_blank\" rel=\"noopener noreferrer\">Jornada Mundial de la Juventud Lisboa<\/a> (JMJ) 2023, titulado <em>H\u00e1 Pressa no Ar<\/em>, ha sido presentado el mi\u00e9rcoles 27 de enero de 2021, inform\u00f3 la Oficina de Prensa de la Santa Sede a trav\u00e9s de un comunicado.<\/p>\n<p><em>H\u00e1 Pressa no Ar<\/em> fue escrita por Jo\u00e3o Paulo Vaz, sacerdote, y musicalizada por Pedro Ferreira, profesor y m\u00fasico, ambos de la di\u00f3cesis de Coimbra, en el centro de Portugal. Los arreglos son del m\u00fasico Carlos Garc\u00eda.<\/p>\n<p>El tema fue grabado en dos versiones: en portugu\u00e9s y en la versi\u00f3n internacional en cinco idiomas (portugu\u00e9s, ingl\u00e9s, espa\u00f1ol, franc\u00e9s e italiano).<\/p>\n<p>Al cantar este himno, se invita a los j\u00f3venes de todo el mundo a identificarse con Mar\u00eda, disponi\u00e9ndose al servicio, a la misi\u00f3n y a transformar el mundo. La letra evoca tambi\u00e9n lo que es la fiesta de la JMJ y la alegr\u00eda que se centra en la relaci\u00f3n con Dios.<\/p>\n<h5><strong>Concurso<\/strong><\/h5>\n<p>La canci\u00f3n oficial de la JMJ Lisboa 2023 se eligi\u00f3 a trav\u00e9s de un concurso a nivel nacional, abierto a la participaci\u00f3n de adultos portugueses. El Comit\u00e9 Organizador Local (COL) recibi\u00f3 m\u00e1s de cien solicitudes, las cuales fueron analizadas por un jurado compuesto por profesionales de la m\u00fasica y las artes.<\/p>\n<p>Como principales requisitos para participar en el concurso, se pidi\u00f3 a los participantes que se inspiraran en el lema de la JMJ 2023 (definido por el Papa Francisco) y en los objetivos de la JMJ, entre los que destaca la evangelizaci\u00f3n. Adem\u00e1s, se les pidi\u00f3 inspirarse en la cultura portuguesa.<\/p>\n<p>En el proceso de producci\u00f3n en estudio (que tuvo lugar en 2020) participaron j\u00f3venes de todo el pa\u00eds, algunos de los cuales participantes en la competici\u00f3n, que, a pesar de no haber sido seleccionados, formaron parte del coro de la grabaci\u00f3n final.<\/p>\n<h5><strong>Una canci\u00f3n para unir<\/strong><\/h5>\n<p>La melod\u00eda naci\u00f3 antes que la letra, nos dicen los autores. Pedro Ferreira, de 41 a\u00f1os, compuso en una \u201cpeque\u00f1a habitaci\u00f3n en solitario al piano\u201d, una melod\u00eda \u201cpensada para congregar, para unir a una comunidad\u201d.<\/p>\n<p>Junto con otros amigos de la\u00a0<em>Banda da Par\u00f3quia<\/em>, grupo musical al que pertenece, le pidi\u00f3 al padre Jo\u00e3o Paulo Vaz que escribiera la letra. \u201cSin alterar la melod\u00eda en absoluto, y con la guitarra en la mano me puse a escribir, tal y como suelo hacer\u201d, recuerda el sacerdote de 51 a\u00f1os.<\/p>\n<p>\u201cEl lema de la nueva jornada en Lisboa [&#8216;Mar\u00eda se levant\u00f3 y parti\u00f3 sin demora&#8217; (Lc 1,39)] me llev\u00f3 a revisar mi relaci\u00f3n con mi Madre, y as\u00ed el proceso creativo de la letra se convirti\u00f3 en un momento de oraci\u00f3n muy profundo para m\u00ed\u201d, comparte Jo\u00e3o Paulo Vaz.<\/p>\n<p>En cuanto al estilo, la convocatoria ped\u00eda \u201cuna m\u00fasica popular, alegre, juvenil, f\u00e1cil de aprender y de traducir y adaptar\u201d. Los arreglos musicales de <em>H\u00e1 Pressa no Ar<\/em> son del m\u00fasico Carlos Garc\u00eda.<\/p>\n<p>\u201cAl escuchar el tema, Carlos acaba apropi\u00e1ndose de la melod\u00eda y en un trabajo notable -no toca la estructura ni la forma &#8211; la enriquece de una manera \u00fanica\u201d, subraya el creador de la melod\u00eda, Pedro Ferreira, fundador del grupo portugu\u00e9s\u00a0<em>Anaquim<\/em>, entre otros proyectos musicales.<\/p>\n<h5><strong>Letra, audio y videos<\/strong><\/h5>\n<p>\u201cH\u00e1 Pressa no Ar\u201d invita a los j\u00f3venes a identificarse con Mar\u00eda<\/p>\n<p>Todos van a o\u00edr nuestra voz<em>, \/ Todos v\u00e3o ouvir a nossa voz,<\/em><\/p>\n<p>Levantemos los brazos, hay prisa en el aire<em>. \/ Levantemos os bra\u00e7os, h\u00e1 pressa no ar.<\/em><\/p>\n<p>Jes\u00fas vive y no nos deja solos:<em> \/ Jesus vive e n\u00e3o nos deixa s\u00f3s:<\/em><\/p>\n<p>No dejaremos de amar<em>. \/ N\u00e3o mais deixaremos de amar<\/em><\/p>\n<p>(Traducci\u00f3n literal del estribillo del himno <em>H\u00e1 Pressa no Ar<\/em>)<\/p>\n<p>Audio: <a href=\"https:\/\/we.tl\/t-s0yjlXGQiu\" target=\"_blank\" rel=\"noopener noreferrer\">https:\/\/we.tl\/t-s0yjlXGQiu<\/a><\/p>\n<p>Video (versi\u00f3n en portugu\u00e9s)\u00a0<a href=\"https:\/\/we.tl\/t-aEk4bUqarZ\" target=\"_blank\" rel=\"noopener noreferrer\">https:\/\/we.tl\/t-aEk4bUqarZ<\/a><\/p>\n<p>Video (versi\u00f3n internacional)\u00a0<a href=\"https:\/\/we.tl\/t-WBI3VC3Puh\" target=\"_blank\" rel=\"noopener noreferrer\">https:\/\/we.tl\/t-WBI3VC3Puh<\/a><\/p>\n<p>Fotos de los autores de la m\u00fasica, letra y arreglos\u00a0<a href=\"https:\/\/we.tl\/t-oVNBvRaWVY\" target=\"_blank\" rel=\"noopener noreferrer\">https:\/\/we.tl\/t-oVNBvRaWVY<\/a><\/p>\n","protected":false},"excerpt":{"rendered":"<p>Titulado &#8216;H\u00e1 Pressa no Ar&#8217;<\/p>\n","protected":false},"author":15,"featured_media":914,"comment_status":"closed","ping_status":"closed","sticky":false,"template":"","format":"standard","meta":{"_acf_changed":false,"_crdt_document":"","inline_featured_image":false,"footnotes":""},"categories":[154],"tags":[],"class_list":["post-910","post","type-post","status-publish","format-standard","has-post-thumbnail","hentry","category-jmj"],"acf":[],"yoast_head":"<!-- This site is optimized with the Yoast SEO plugin v27.5 - https:\/\/yoast.com\/product\/yoast-seo-wordpress\/ -->\n<title>Presentaci\u00f3n del himno de la JMJ Lisboa 2023 &#8211; Exaudi<\/title>\n<meta name=\"description\" content=\"El himno oficial de la Jornada Mundial de la Juventud (JMJ) Lisboa 2023, H\u00e1 Pressa no Ar, fue presentado el 27 de enero de 2020\" \/>\n<meta name=\"robots\" content=\"index, follow, max-snippet:-1, max-image-preview:large, max-video-preview:-1\" \/>\n<link rel=\"canonical\" href=\"https:\/\/exaudi.org\/es\/himno-jmj-lisboa-2023\/\" \/>\n<meta property=\"og:locale\" content=\"es_ES\" \/>\n<meta property=\"og:type\" content=\"article\" \/>\n<meta property=\"og:title\" content=\"Presentaci\u00f3n del himno de la JMJ Lisboa 2023 &#8211; Exaudi\" \/>\n<meta property=\"og:description\" content=\"El himno oficial de la Jornada Mundial de la Juventud (JMJ) Lisboa 2023, H\u00e1 Pressa no Ar, fue presentado el 27 de enero de 2020\" \/>\n<meta property=\"og:url\" content=\"https:\/\/exaudi.org\/es\/himno-jmj-lisboa-2023\/\" \/>\n<meta property=\"og:site_name\" content=\"Exaudi\" \/>\n<meta property=\"article:publisher\" content=\"https:\/\/www.facebook.com\/ExaudiNews\" \/>\n<meta property=\"article:author\" content=\"https:\/\/www.facebook.com\/ExaudiNoticias\/\" \/>\n<meta property=\"article:published_time\" content=\"2021-01-27T15:41:08+00:00\" \/>\n<meta property=\"article:modified_time\" content=\"2021-03-12T14:56:05+00:00\" \/>\n<meta property=\"og:image\" content=\"https:\/\/exaudi.org\/wp-content\/uploads\/2021\/02\/Jovenes-portugueses.jpg\" \/>\n\t<meta property=\"og:image:width\" content=\"1968\" \/>\n\t<meta property=\"og:image:height\" content=\"1312\" \/>\n\t<meta property=\"og:image:type\" content=\"image\/jpeg\" \/>\n<meta name=\"author\" content=\"Exaudi Redacci\u00f3n\" \/>\n<meta name=\"twitter:card\" content=\"summary_large_image\" \/>\n<meta name=\"twitter:creator\" content=\"@Exaudi_noticias\" \/>\n<meta name=\"twitter:site\" content=\"@Exaudi_News\" \/>\n<meta name=\"twitter:label1\" content=\"Escrito por\" \/>\n\t<meta name=\"twitter:data1\" content=\"Exaudi Redacci\u00f3n\" \/>\n\t<meta name=\"twitter:label2\" content=\"Tiempo de lectura\" \/>\n\t<meta name=\"twitter:data2\" content=\"3 minutos\" \/>\n<script type=\"application\/ld+json\" class=\"yoast-schema-graph\">{\"@context\":\"https:\\\/\\\/schema.org\",\"@graph\":[{\"@type\":\"Article\",\"@id\":\"https:\\\/\\\/exaudi.org\\\/es\\\/himno-jmj-lisboa-2023\\\/#article\",\"isPartOf\":{\"@id\":\"https:\\\/\\\/exaudi.org\\\/es\\\/himno-jmj-lisboa-2023\\\/\"},\"author\":{\"name\":\"Exaudi Redacci\u00f3n\",\"@id\":\"https:\\\/\\\/exaudi.org\\\/#\\\/schema\\\/person\\\/f5fc8f063065e38742da7afe15f25df7\"},\"headline\":\"Presentaci\u00f3n del himno de la JMJ Lisboa 2023\",\"datePublished\":\"2021-01-27T15:41:08+00:00\",\"dateModified\":\"2021-03-12T14:56:05+00:00\",\"mainEntityOfPage\":{\"@id\":\"https:\\\/\\\/exaudi.org\\\/es\\\/himno-jmj-lisboa-2023\\\/\"},\"wordCount\":699,\"image\":{\"@id\":\"https:\\\/\\\/exaudi.org\\\/es\\\/himno-jmj-lisboa-2023\\\/#primaryimage\"},\"thumbnailUrl\":\"https:\\\/\\\/exaudi.org\\\/wp-content\\\/uploads\\\/2021\\\/02\\\/Jovenes-portugueses.jpg\",\"articleSection\":[\"JMJ\"],\"inLanguage\":\"es\"},{\"@type\":\"WebPage\",\"@id\":\"https:\\\/\\\/exaudi.org\\\/es\\\/himno-jmj-lisboa-2023\\\/\",\"url\":\"https:\\\/\\\/exaudi.org\\\/es\\\/himno-jmj-lisboa-2023\\\/\",\"name\":\"Presentaci\u00f3n del himno de la JMJ Lisboa 2023 &#8211; Exaudi\",\"isPartOf\":{\"@id\":\"https:\\\/\\\/exaudi.org\\\/#website\"},\"primaryImageOfPage\":{\"@id\":\"https:\\\/\\\/exaudi.org\\\/es\\\/himno-jmj-lisboa-2023\\\/#primaryimage\"},\"image\":{\"@id\":\"https:\\\/\\\/exaudi.org\\\/es\\\/himno-jmj-lisboa-2023\\\/#primaryimage\"},\"thumbnailUrl\":\"https:\\\/\\\/exaudi.org\\\/wp-content\\\/uploads\\\/2021\\\/02\\\/Jovenes-portugueses.jpg\",\"datePublished\":\"2021-01-27T15:41:08+00:00\",\"dateModified\":\"2021-03-12T14:56:05+00:00\",\"author\":{\"@id\":\"https:\\\/\\\/exaudi.org\\\/#\\\/schema\\\/person\\\/f5fc8f063065e38742da7afe15f25df7\"},\"description\":\"El himno oficial de la Jornada Mundial de la Juventud (JMJ) Lisboa 2023, H\u00e1 Pressa no Ar, fue presentado el 27 de enero de 2020\",\"breadcrumb\":{\"@id\":\"https:\\\/\\\/exaudi.org\\\/es\\\/himno-jmj-lisboa-2023\\\/#breadcrumb\"},\"inLanguage\":\"es\",\"potentialAction\":[{\"@type\":\"ReadAction\",\"target\":[\"https:\\\/\\\/exaudi.org\\\/es\\\/himno-jmj-lisboa-2023\\\/\"]}]},{\"@type\":\"ImageObject\",\"inLanguage\":\"es\",\"@id\":\"https:\\\/\\\/exaudi.org\\\/es\\\/himno-jmj-lisboa-2023\\\/#primaryimage\",\"url\":\"https:\\\/\\\/exaudi.org\\\/wp-content\\\/uploads\\\/2021\\\/02\\\/Jovenes-portugueses.jpg\",\"contentUrl\":\"https:\\\/\\\/exaudi.org\\\/wp-content\\\/uploads\\\/2021\\\/02\\\/Jovenes-portugueses.jpg\",\"width\":1968,\"height\":1312,\"caption\":\"J\u00f3venes portugueses \u00a9 Facebook JMJ Lisboa 2023\"},{\"@type\":\"BreadcrumbList\",\"@id\":\"https:\\\/\\\/exaudi.org\\\/es\\\/himno-jmj-lisboa-2023\\\/#breadcrumb\",\"itemListElement\":[{\"@type\":\"ListItem\",\"position\":1,\"name\":\"Portada\",\"item\":\"https:\\\/\\\/exaudi.org\\\/es\\\/\"},{\"@type\":\"ListItem\",\"position\":2,\"name\":\"Presentaci\u00f3n del himno de la JMJ Lisboa 2023\"}]},{\"@type\":\"WebSite\",\"@id\":\"https:\\\/\\\/exaudi.org\\\/#website\",\"url\":\"https:\\\/\\\/exaudi.org\\\/\",\"name\":\"Exaudi\",\"description\":\"News\",\"potentialAction\":[{\"@type\":\"SearchAction\",\"target\":{\"@type\":\"EntryPoint\",\"urlTemplate\":\"https:\\\/\\\/exaudi.org\\\/?s={search_term_string}\"},\"query-input\":{\"@type\":\"PropertyValueSpecification\",\"valueRequired\":true,\"valueName\":\"search_term_string\"}}],\"inLanguage\":\"es\"},{\"@type\":\"Person\",\"@id\":\"https:\\\/\\\/exaudi.org\\\/#\\\/schema\\\/person\\\/f5fc8f063065e38742da7afe15f25df7\",\"name\":\"Exaudi Redacci\u00f3n\",\"image\":{\"@type\":\"ImageObject\",\"inLanguage\":\"es\",\"@id\":\"https:\\\/\\\/secure.gravatar.com\\\/avatar\\\/fe0f6a059fb68d9b3e11bc5850dd4899b1c7492091a3cb6dd9b01b56ad828be2?s=96&d=mm&r=g\",\"url\":\"https:\\\/\\\/secure.gravatar.com\\\/avatar\\\/fe0f6a059fb68d9b3e11bc5850dd4899b1c7492091a3cb6dd9b01b56ad828be2?s=96&d=mm&r=g\",\"contentUrl\":\"https:\\\/\\\/secure.gravatar.com\\\/avatar\\\/fe0f6a059fb68d9b3e11bc5850dd4899b1c7492091a3cb6dd9b01b56ad828be2?s=96&d=mm&r=g\",\"caption\":\"Exaudi Redacci\u00f3n\"},\"description\":\"\u00bfQu\u00e9 es Exaudi News? Exaudi News es un medio de comunicaci\u00f3n cat\u00f3lico internacional que informa, forma y transforma, diariamente en espa\u00f1ol, ingl\u00e9s e italiano. A trav\u00e9s de noticias, art\u00edculos de an\u00e1lisis y transmisiones en directo de los eventos del Papa, Exaudi busca fortalecer la unidad de los cristianos y contribuir a la evangelizaci\u00f3n del mundo, siempre guiados por la doctrina social de la Iglesia. Trabajamos para acercar la verdad y los valores cristianos a cada rinc\u00f3n del planeta. \u00a1Ay\u00fadanos a transformar el mundo con Exaudi! En Exaudi creemos que la evangelizaci\u00f3n y la informaci\u00f3n de calidad pueden cambiar vidas. Para continuar con nuestra misi\u00f3n y expandir nuestro alcance, necesitamos tu ayuda. Adem\u00e1s, buscamos personas comprometidas que deseen unirse a nuestro equipo. Con tu apoyo, lograremos llegar a m\u00e1s personas, difundir el mensaje de Cristo y reforzar la unidad de los cristianos. \u00bfTe unes a nuestra misi\u00f3n? Para m\u00e1s informaci\u00f3n sobre c\u00f3mo colaborar, visita Exaudi.org\\\/es o cont\u00e1ctanos directamente: info@exaudi.org Exaudi: Informa, forma y transforma.\",\"sameAs\":[\"https:\\\/\\\/www.facebook.com\\\/ExaudiNoticias\\\/\",\"https:\\\/\\\/www.instagram.com\\\/exaudi_noticias\\\/\",\"https:\\\/\\\/x.com\\\/Exaudi_noticias\",\"https:\\\/\\\/www.youtube.com\\\/@exaudicatholicnews\"],\"url\":\"https:\\\/\\\/exaudi.org\\\/es\\\/author\\\/redaccionexaudi\\\/\"}]}<\/script>\n<!-- \/ Yoast SEO plugin. -->","yoast_head_json":{"title":"Presentaci\u00f3n del himno de la JMJ Lisboa 2023 &#8211; Exaudi","description":"El himno oficial de la Jornada Mundial de la Juventud (JMJ) Lisboa 2023, H\u00e1 Pressa no Ar, fue presentado el 27 de enero de 2020","robots":{"index":"index","follow":"follow","max-snippet":"max-snippet:-1","max-image-preview":"max-image-preview:large","max-video-preview":"max-video-preview:-1"},"canonical":"https:\/\/exaudi.org\/es\/himno-jmj-lisboa-2023\/","og_locale":"es_ES","og_type":"article","og_title":"Presentaci\u00f3n del himno de la JMJ Lisboa 2023 &#8211; Exaudi","og_description":"El himno oficial de la Jornada Mundial de la Juventud (JMJ) Lisboa 2023, H\u00e1 Pressa no Ar, fue presentado el 27 de enero de 2020","og_url":"https:\/\/exaudi.org\/es\/himno-jmj-lisboa-2023\/","og_site_name":"Exaudi","article_publisher":"https:\/\/www.facebook.com\/ExaudiNews","article_author":"https:\/\/www.facebook.com\/ExaudiNoticias\/","article_published_time":"2021-01-27T15:41:08+00:00","article_modified_time":"2021-03-12T14:56:05+00:00","og_image":[{"width":1968,"height":1312,"url":"https:\/\/exaudi.org\/wp-content\/uploads\/2021\/02\/Jovenes-portugueses.jpg","type":"image\/jpeg"}],"author":"Exaudi Redacci\u00f3n","twitter_card":"summary_large_image","twitter_creator":"@Exaudi_noticias","twitter_site":"@Exaudi_News","twitter_misc":{"Escrito por":"Exaudi Redacci\u00f3n","Tiempo de lectura":"3 minutos"},"schema":{"@context":"https:\/\/schema.org","@graph":[{"@type":"Article","@id":"https:\/\/exaudi.org\/es\/himno-jmj-lisboa-2023\/#article","isPartOf":{"@id":"https:\/\/exaudi.org\/es\/himno-jmj-lisboa-2023\/"},"author":{"name":"Exaudi Redacci\u00f3n","@id":"https:\/\/exaudi.org\/#\/schema\/person\/f5fc8f063065e38742da7afe15f25df7"},"headline":"Presentaci\u00f3n del himno de la JMJ Lisboa 2023","datePublished":"2021-01-27T15:41:08+00:00","dateModified":"2021-03-12T14:56:05+00:00","mainEntityOfPage":{"@id":"https:\/\/exaudi.org\/es\/himno-jmj-lisboa-2023\/"},"wordCount":699,"image":{"@id":"https:\/\/exaudi.org\/es\/himno-jmj-lisboa-2023\/#primaryimage"},"thumbnailUrl":"https:\/\/exaudi.org\/wp-content\/uploads\/2021\/02\/Jovenes-portugueses.jpg","articleSection":["JMJ"],"inLanguage":"es"},{"@type":"WebPage","@id":"https:\/\/exaudi.org\/es\/himno-jmj-lisboa-2023\/","url":"https:\/\/exaudi.org\/es\/himno-jmj-lisboa-2023\/","name":"Presentaci\u00f3n del himno de la JMJ Lisboa 2023 &#8211; Exaudi","isPartOf":{"@id":"https:\/\/exaudi.org\/#website"},"primaryImageOfPage":{"@id":"https:\/\/exaudi.org\/es\/himno-jmj-lisboa-2023\/#primaryimage"},"image":{"@id":"https:\/\/exaudi.org\/es\/himno-jmj-lisboa-2023\/#primaryimage"},"thumbnailUrl":"https:\/\/exaudi.org\/wp-content\/uploads\/2021\/02\/Jovenes-portugueses.jpg","datePublished":"2021-01-27T15:41:08+00:00","dateModified":"2021-03-12T14:56:05+00:00","author":{"@id":"https:\/\/exaudi.org\/#\/schema\/person\/f5fc8f063065e38742da7afe15f25df7"},"description":"El himno oficial de la Jornada Mundial de la Juventud (JMJ) Lisboa 2023, H\u00e1 Pressa no Ar, fue presentado el 27 de enero de 2020","breadcrumb":{"@id":"https:\/\/exaudi.org\/es\/himno-jmj-lisboa-2023\/#breadcrumb"},"inLanguage":"es","potentialAction":[{"@type":"ReadAction","target":["https:\/\/exaudi.org\/es\/himno-jmj-lisboa-2023\/"]}]},{"@type":"ImageObject","inLanguage":"es","@id":"https:\/\/exaudi.org\/es\/himno-jmj-lisboa-2023\/#primaryimage","url":"https:\/\/exaudi.org\/wp-content\/uploads\/2021\/02\/Jovenes-portugueses.jpg","contentUrl":"https:\/\/exaudi.org\/wp-content\/uploads\/2021\/02\/Jovenes-portugueses.jpg","width":1968,"height":1312,"caption":"J\u00f3venes portugueses \u00a9 Facebook JMJ Lisboa 2023"},{"@type":"BreadcrumbList","@id":"https:\/\/exaudi.org\/es\/himno-jmj-lisboa-2023\/#breadcrumb","itemListElement":[{"@type":"ListItem","position":1,"name":"Portada","item":"https:\/\/exaudi.org\/es\/"},{"@type":"ListItem","position":2,"name":"Presentaci\u00f3n del himno de la JMJ Lisboa 2023"}]},{"@type":"WebSite","@id":"https:\/\/exaudi.org\/#website","url":"https:\/\/exaudi.org\/","name":"Exaudi","description":"News","potentialAction":[{"@type":"SearchAction","target":{"@type":"EntryPoint","urlTemplate":"https:\/\/exaudi.org\/?s={search_term_string}"},"query-input":{"@type":"PropertyValueSpecification","valueRequired":true,"valueName":"search_term_string"}}],"inLanguage":"es"},{"@type":"Person","@id":"https:\/\/exaudi.org\/#\/schema\/person\/f5fc8f063065e38742da7afe15f25df7","name":"Exaudi Redacci\u00f3n","image":{"@type":"ImageObject","inLanguage":"es","@id":"https:\/\/secure.gravatar.com\/avatar\/fe0f6a059fb68d9b3e11bc5850dd4899b1c7492091a3cb6dd9b01b56ad828be2?s=96&d=mm&r=g","url":"https:\/\/secure.gravatar.com\/avatar\/fe0f6a059fb68d9b3e11bc5850dd4899b1c7492091a3cb6dd9b01b56ad828be2?s=96&d=mm&r=g","contentUrl":"https:\/\/secure.gravatar.com\/avatar\/fe0f6a059fb68d9b3e11bc5850dd4899b1c7492091a3cb6dd9b01b56ad828be2?s=96&d=mm&r=g","caption":"Exaudi Redacci\u00f3n"},"description":"\u00bfQu\u00e9 es Exaudi News? Exaudi News es un medio de comunicaci\u00f3n cat\u00f3lico internacional que informa, forma y transforma, diariamente en espa\u00f1ol, ingl\u00e9s e italiano. A trav\u00e9s de noticias, art\u00edculos de an\u00e1lisis y transmisiones en directo de los eventos del Papa, Exaudi busca fortalecer la unidad de los cristianos y contribuir a la evangelizaci\u00f3n del mundo, siempre guiados por la doctrina social de la Iglesia. Trabajamos para acercar la verdad y los valores cristianos a cada rinc\u00f3n del planeta. \u00a1Ay\u00fadanos a transformar el mundo con Exaudi! En Exaudi creemos que la evangelizaci\u00f3n y la informaci\u00f3n de calidad pueden cambiar vidas. Para continuar con nuestra misi\u00f3n y expandir nuestro alcance, necesitamos tu ayuda. Adem\u00e1s, buscamos personas comprometidas que deseen unirse a nuestro equipo. Con tu apoyo, lograremos llegar a m\u00e1s personas, difundir el mensaje de Cristo y reforzar la unidad de los cristianos. \u00bfTe unes a nuestra misi\u00f3n? Para m\u00e1s informaci\u00f3n sobre c\u00f3mo colaborar, visita Exaudi.org\/es o cont\u00e1ctanos directamente: info@exaudi.org Exaudi: Informa, forma y transforma.","sameAs":["https:\/\/www.facebook.com\/ExaudiNoticias\/","https:\/\/www.instagram.com\/exaudi_noticias\/","https:\/\/x.com\/Exaudi_noticias","https:\/\/www.youtube.com\/@exaudicatholicnews"],"url":"https:\/\/exaudi.org\/es\/author\/redaccionexaudi\/"}]}},"jetpack_featured_media_url":"https:\/\/exaudi.org\/wp-content\/uploads\/2021\/02\/Jovenes-portugueses.jpg","jetpack_shortlink":"https:\/\/wp.me\/pgKjF2-eG","_links":{"self":[{"href":"https:\/\/exaudi.org\/es\/wp-json\/wp\/v2\/posts\/910","targetHints":{"allow":["GET"]}}],"collection":[{"href":"https:\/\/exaudi.org\/es\/wp-json\/wp\/v2\/posts"}],"about":[{"href":"https:\/\/exaudi.org\/es\/wp-json\/wp\/v2\/types\/post"}],"author":[{"embeddable":true,"href":"https:\/\/exaudi.org\/es\/wp-json\/wp\/v2\/users\/15"}],"replies":[{"embeddable":true,"href":"https:\/\/exaudi.org\/es\/wp-json\/wp\/v2\/comments?post=910"}],"version-history":[{"count":0,"href":"https:\/\/exaudi.org\/es\/wp-json\/wp\/v2\/posts\/910\/revisions"}],"wp:featuredmedia":[{"embeddable":true,"href":"https:\/\/exaudi.org\/es\/wp-json\/wp\/v2\/media\/914"}],"wp:attachment":[{"href":"https:\/\/exaudi.org\/es\/wp-json\/wp\/v2\/media?parent=910"}],"wp:term":[{"taxonomy":"category","embeddable":true,"href":"https:\/\/exaudi.org\/es\/wp-json\/wp\/v2\/categories?post=910"},{"taxonomy":"post_tag","embeddable":true,"href":"https:\/\/exaudi.org\/es\/wp-json\/wp\/v2\/tags?post=910"}],"curies":[{"name":"wp","href":"https:\/\/api.w.org\/{rel}","templated":true}]}}