{"id":90983,"date":"2023-12-21T10:00:30","date_gmt":"2023-12-21T09:00:30","guid":{"rendered":"https:\/\/exaudi.org\/?p=90983"},"modified":"2023-12-21T13:59:56","modified_gmt":"2023-12-21T12:59:56","slug":"papa-francisco-quiero-desearles-el-estilo-de-dios-a-ustedes","status":"publish","type":"post","link":"https:\/\/exaudi.org\/es\/papa-francisco-quiero-desearles-el-estilo-de-dios-a-ustedes\/","title":{"rendered":"Papa Francisco: \u00abQuiero desearles el estilo de Dios a ustedes\u00bb"},"content":{"rendered":"<audio class=\"wp-audio-shortcode\" id=\"audio-90983-1\" preload=\"none\" style=\"width: 100%;\" controls=\"controls\"><source type=\"audio\/mpeg\" src=\"https:\/\/exaudi.org\/wp-content\/uploads\/2023\/12\/Quiero-desearles-el-estilo-de-Dios.mp3?_=1\" \/><a href=\"https:\/\/exaudi.org\/wp-content\/uploads\/2023\/12\/Quiero-desearles-el-estilo-de-Dios.mp3\">https:\/\/exaudi.org\/wp-content\/uploads\/2023\/12\/Quiero-desearles-el-estilo-de-Dios.mp3<\/a><\/audio>\n<p>\u201cLes deseo que est\u00e9n atentos, en sus casas y en sus familias, a las peque\u00f1as cosas de cada d\u00eda, a los peque\u00f1os gestos de gratitud, a la consideraci\u00f3n del cuidado. Mirando el pesebre podemos imaginar la preocupaci\u00f3n, la ternura de Mar\u00eda y Jos\u00e9 por el Ni\u00f1o que ha nacido\u201d, lo dijo el Papa Francisco en su discurso a los empleados que prestan servicio en la Santa Sede y a sus familiares, a quienes recibi\u00f3 en audiencia con ocasi\u00f3n de las felicitaciones navide\u00f1as, este jueves 21 de diciembre, en el Aula Pablo VI del Vaticano.<\/p>\n<h3><b>El estilo de Dios: El ocultamiento y la peque\u00f1ez<\/b><\/h3>\n<p>Al agradecer a los empleados del Vaticano y del Vicariato de Roma, con sus respectivas familias, por el servicio que prestan a la Iglesia y a la sociedad, el Santo Padre se\u00f1al\u00f3 que, al contemplar juntos el Misterio del nacimiento de Jes\u00fas, es hermoso poder captar el estilo de Dios, que no es grandioso ni ruidoso sino, al contrario, es el estilo del ocultamiento y de la peque\u00f1ez.<\/p>\n<p><i>\u201cDos palabras importantes: ocultamiento y peque\u00f1ez. Estos nos transmiten el rasgo manso de Dios, que no viene a nosotros para aterrorizarnos con su grandeza ni para imponerse con su magnificencia, sino que se hace presente de la manera m\u00e1s com\u00fan posible, haci\u00e9ndose uno de nosotros\u201d.<\/i><\/p>\n<h3><b>Dios se esconde en la peque\u00f1ez de un Ni\u00f1o que nace<\/b><\/h3>\n<p><img loading=\"lazy\" decoding=\"async\" class=\"alignleft size-full wp-image-90987\" src=\"https:\/\/exaudi.org\/wp-content\/uploads\/2023\/12\/Snapinsta.app_412542161_1352992122766708_31673529822216061_n_1080.jpg\" alt=\"\" width=\"720\" height=\"720\" srcset=\"https:\/\/exaudi.org\/wp-content\/uploads\/2023\/12\/Snapinsta.app_412542161_1352992122766708_31673529822216061_n_1080.jpg 720w, https:\/\/exaudi.org\/wp-content\/uploads\/2023\/12\/Snapinsta.app_412542161_1352992122766708_31673529822216061_n_1080-300x300.jpg 300w, https:\/\/exaudi.org\/wp-content\/uploads\/2023\/12\/Snapinsta.app_412542161_1352992122766708_31673529822216061_n_1080-100x100.jpg?crop=1 100w, https:\/\/exaudi.org\/wp-content\/uploads\/2023\/12\/Snapinsta.app_412542161_1352992122766708_31673529822216061_n_1080-500x500.jpg 500w, https:\/\/exaudi.org\/wp-content\/uploads\/2023\/12\/Snapinsta.app_412542161_1352992122766708_31673529822216061_n_1080-293x293.jpg 293w, https:\/\/exaudi.org\/wp-content\/uploads\/2023\/12\/Snapinsta.app_412542161_1352992122766708_31673529822216061_n_1080-390x390.jpg 390w, https:\/\/exaudi.org\/wp-content\/uploads\/2023\/12\/Snapinsta.app_412542161_1352992122766708_31673529822216061_n_1080-585x585.jpg 585w\" sizes=\"auto, (max-width: 720px) 100vw, 720px\" \/>Y al explicar estos dos elementos del estilo de Dios, el ocultamiento y la peque\u00f1ez, el Papa Francisco dijo que, Dios se esconde en la peque\u00f1ez de un Ni\u00f1o que nace, en una pareja de esposos \u2013 Mar\u00eda y Jos\u00e9 \u2013 que no est\u00e1n en el centro de la atenci\u00f3n, en la pobreza de un establo porque no hab\u00eda lugar para ellos en la posada.<\/p>\n<p><i>\u201cEstos son los rasgos distintivos del Hijo de Dios, que luego se presenta al mundo como una peque\u00f1a semilla que muere escondida en la tierra para dar fruto. \u00c9l es el Dios de los peque\u00f1os, el Dios de los \u00faltimos y, con \u00c9l, todos nosotros aprendemos el camino a seguir para entrar en el Reino de Dios: no una religiosidad aparente y artificial, sino el hacerse peque\u00f1os como ni\u00f1os\u201d.<\/i><\/p>\n<h3><b>El bien crece sin hacer ruido<\/b><\/h3>\n<p>En este sentido, el Santo Padre dijo a los empleados del Vaticano que, ellos conocen bien estas dos palabras. Su trabajo aqu\u00ed en el Vaticano, indic\u00f3 el Pont\u00edfice, se desarrolla generalmente en el silencio cotidiano, realizando a menudo cosas que pueden parecer insignificantes y que, en cambio, contribuyen a ofrecer un servicio a la Iglesia y a la sociedad.<\/p>\n<p><i>\u201cLes agradezco por esto y espero que puedan continuar su trabajo con esp\u00edritu de gratitud, con serenidad y con humildad, y dando justamente ah\u00ed, en las relaciones con sus colegas, un testimonio cristiano. Incluso aqu\u00ed, es m\u00e1s, en primer lugar, aqu\u00ed, hay necesidad, \u00bfverdad?, de este testimonio cristiano. Miren el ocultamiento y la peque\u00f1ez de Jes\u00fas en la gruta; miren la sencillez del pesebre que han hecho en casa; y t\u00e9nganlo por seguro que el bien, incluso cuando est\u00e1 oculto e invisible, crece sin hacer ruido\u201d.<\/i><\/p>\n<div>\n<div class=\"article__embed article__embed--border embed_style\">\n<blockquote><p>\u201cEl bien crece sin hacer ruido, se multiplica inesperadamente y esparce aroma de alegr\u00eda. No olviden esto: el bien crece sin hacer ruido y da esa paz, esa alegr\u00eda del coraz\u00f3n, que est\u00e1n hermoso\u201d<\/p><\/blockquote>\n<\/div>\n<\/div>\n<h3><b>No ponerse en vitrina y hacer el bien en silencio<\/b><\/h3>\n<p>Y al dirigirse a los hijos y familiares de los empleados de la Santa Sede, el Obispo de Roma les record\u00f3 que, hoy vivimos en una \u00e9poca que a veces parece obsesionada con la apariencia, todo el mundo busca ponerse en la vitrina.<\/p>\n<p><i>\u201cEs el tiempo del maquillaje: todos se maquillan, no solo la cara, pero tambi\u00e9n se maquillan el alma y esto es feo, y tratan de ponerse en la vitrina. Aparecer, especialmente a trav\u00e9s de las llamadas redes sociales. Es un poco como querer preciosas copas de cristal sin preocuparse que si el vino es bueno. El buen vino no se bebe en un vaso com\u00fan. Pero en la familia las apariencias y las m\u00e1scaras no cuentan \u2013 en la familia se sabe todo \u2013 o en todo caso duran poco; lo que importa es que no falte el buen vino del amor, de la ternura y de la compasi\u00f3n mutua\u201d.<\/i><\/p>\n<h3><b>Vivir el amor en los peque\u00f1os gestos cotidianos<\/b><\/h3>\n<p><img loading=\"lazy\" decoding=\"async\" class=\"size-full wp-image-90990 alignright\" src=\"https:\/\/exaudi.org\/wp-content\/uploads\/2023\/12\/Snapinsta.app_412489541_1338097247067974_6258103970441555788_n_1080.jpg\" alt=\"\" width=\"720\" height=\"720\" srcset=\"https:\/\/exaudi.org\/wp-content\/uploads\/2023\/12\/Snapinsta.app_412489541_1338097247067974_6258103970441555788_n_1080.jpg 720w, https:\/\/exaudi.org\/wp-content\/uploads\/2023\/12\/Snapinsta.app_412489541_1338097247067974_6258103970441555788_n_1080-300x300.jpg 300w, https:\/\/exaudi.org\/wp-content\/uploads\/2023\/12\/Snapinsta.app_412489541_1338097247067974_6258103970441555788_n_1080-100x100.jpg?crop=1 100w, https:\/\/exaudi.org\/wp-content\/uploads\/2023\/12\/Snapinsta.app_412489541_1338097247067974_6258103970441555788_n_1080-500x500.jpg 500w, https:\/\/exaudi.org\/wp-content\/uploads\/2023\/12\/Snapinsta.app_412489541_1338097247067974_6258103970441555788_n_1080-293x293.jpg 293w, https:\/\/exaudi.org\/wp-content\/uploads\/2023\/12\/Snapinsta.app_412489541_1338097247067974_6258103970441555788_n_1080-390x390.jpg 390w, https:\/\/exaudi.org\/wp-content\/uploads\/2023\/12\/Snapinsta.app_412489541_1338097247067974_6258103970441555788_n_1080-585x585.jpg 585w\" sizes=\"auto, (max-width: 720px) 100vw, 720px\" \/>Antes de despedirse, el Papa Francisco record\u00f3 a todos los presentes en el Aula Pablo VI del Vaticano que, el estilo de Dios es la cercan\u00eda, la compasi\u00f3n y la ternura. E invit\u00f3 a vivir el amor en el ocultamiento y en la peque\u00f1ez de los gestos cotidianos, en la atenci\u00f3n que sabemos intercambiar en el trabajo y en el hogar.<\/p>\n<p><i>\u201cQueridos hermanos y hermanas, les manifiesto mis mejores deseos para una Santa Navidad. Es un deseo que extiendo tambi\u00e9n a sus ni\u00f1os y a los j\u00f3venes, a sus familiares, a los ancianos que conviven con ustedes, especialmente a sus seres queridos que est\u00e1n enfermos. Hermanos y hermanas, abramos nuestro coraz\u00f3n a la alegr\u00eda: \u00a1el Se\u00f1or viene entre nosotros! \u00a1Feliz Navidad a todos! Y por favor recen por m\u00ed\u201d.<\/i><\/p>\n","protected":false},"excerpt":{"rendered":"<p>El Santo Padre recibi\u00f3 en audiencia al personal que presta servicio en la Santa Sede y sus familiares, con ocasi\u00f3n de los saludos navide\u00f1os<\/p>\n","protected":false},"author":15,"featured_media":90984,"comment_status":"closed","ping_status":"closed","sticky":false,"template":"","format":"standard","meta":{"_acf_changed":false,"_crdt_document":"","inline_featured_image":false,"footnotes":""},"categories":[124,68],"tags":[9343,617,4700,158,1891,2008,4953,272],"class_list":["post-90983","post","type-post","status-publish","format-standard","has-post-thumbnail","hentry","category-discursos","category-leon-xiv","tag-audiencias","tag-familia","tag-navidad","tag-papa-francisco","tag-santa-sede","tag-trabajo","tag-trending-es","tag-vaticano-es"],"acf":[],"yoast_head":"<!-- This site is optimized with the Yoast SEO plugin v27.5 - https:\/\/yoast.com\/product\/yoast-seo-wordpress\/ -->\n<title>Papa Francisco: &quot;Quiero desearles el estilo de Dios a ustedes&quot; &#8211; Exaudi<\/title>\n<meta name=\"robots\" content=\"index, follow, max-snippet:-1, max-image-preview:large, max-video-preview:-1\" \/>\n<link rel=\"canonical\" href=\"https:\/\/exaudi.org\/es\/papa-francisco-quiero-desearles-el-estilo-de-dios-a-ustedes\/\" \/>\n<meta property=\"og:locale\" content=\"es_ES\" \/>\n<meta property=\"og:type\" content=\"article\" \/>\n<meta property=\"og:title\" content=\"Papa Francisco: &quot;Quiero desearles el estilo de Dios a ustedes&quot; &#8211; Exaudi\" \/>\n<meta property=\"og:description\" content=\"El Santo Padre recibi\u00f3 en audiencia al personal que presta servicio en la Santa Sede y sus familiares, con ocasi\u00f3n de los saludos navide\u00f1os\" \/>\n<meta property=\"og:url\" content=\"https:\/\/exaudi.org\/es\/papa-francisco-quiero-desearles-el-estilo-de-dios-a-ustedes\/\" \/>\n<meta property=\"og:site_name\" content=\"Exaudi\" \/>\n<meta property=\"article:publisher\" content=\"https:\/\/www.facebook.com\/ExaudiNews\" \/>\n<meta property=\"article:author\" content=\"https:\/\/www.facebook.com\/ExaudiNoticias\/\" \/>\n<meta property=\"article:published_time\" content=\"2023-12-21T09:00:30+00:00\" \/>\n<meta property=\"article:modified_time\" content=\"2023-12-21T12:59:56+00:00\" \/>\n<meta property=\"og:image\" content=\"https:\/\/exaudi.org\/wp-content\/uploads\/2023\/12\/Snapinsta.app_412096237_763362161969485_3860232909727401245_n_1080.jpg\" \/>\n\t<meta property=\"og:image:width\" content=\"720\" \/>\n\t<meta property=\"og:image:height\" content=\"720\" \/>\n\t<meta property=\"og:image:type\" content=\"image\/jpeg\" \/>\n<meta name=\"author\" content=\"Exaudi Redacci\u00f3n\" \/>\n<meta name=\"twitter:card\" content=\"summary_large_image\" \/>\n<meta name=\"twitter:creator\" content=\"@Exaudi_noticias\" \/>\n<meta name=\"twitter:site\" content=\"@Exaudi_News\" \/>\n<meta name=\"twitter:label1\" content=\"Escrito por\" \/>\n\t<meta name=\"twitter:data1\" content=\"Exaudi Redacci\u00f3n\" \/>\n\t<meta name=\"twitter:label2\" content=\"Tiempo de lectura\" \/>\n\t<meta name=\"twitter:data2\" content=\"5 minutos\" \/>\n<script type=\"application\/ld+json\" class=\"yoast-schema-graph\">{\"@context\":\"https:\\\/\\\/schema.org\",\"@graph\":[{\"@type\":\"Article\",\"@id\":\"https:\\\/\\\/exaudi.org\\\/es\\\/papa-francisco-quiero-desearles-el-estilo-de-dios-a-ustedes\\\/#article\",\"isPartOf\":{\"@id\":\"https:\\\/\\\/exaudi.org\\\/es\\\/papa-francisco-quiero-desearles-el-estilo-de-dios-a-ustedes\\\/\"},\"author\":{\"name\":\"Exaudi Redacci\u00f3n\",\"@id\":\"https:\\\/\\\/exaudi.org\\\/#\\\/schema\\\/person\\\/f5fc8f063065e38742da7afe15f25df7\"},\"headline\":\"Papa Francisco: \u00abQuiero desearles el estilo de Dios a ustedes\u00bb\",\"datePublished\":\"2023-12-21T09:00:30+00:00\",\"dateModified\":\"2023-12-21T12:59:56+00:00\",\"mainEntityOfPage\":{\"@id\":\"https:\\\/\\\/exaudi.org\\\/es\\\/papa-francisco-quiero-desearles-el-estilo-de-dios-a-ustedes\\\/\"},\"wordCount\":919,\"image\":{\"@id\":\"https:\\\/\\\/exaudi.org\\\/es\\\/papa-francisco-quiero-desearles-el-estilo-de-dios-a-ustedes\\\/#primaryimage\"},\"thumbnailUrl\":\"https:\\\/\\\/exaudi.org\\\/wp-content\\\/uploads\\\/2023\\\/12\\\/Snapinsta.app_412096237_763362161969485_3860232909727401245_n_1080.jpg\",\"keywords\":[\"AUDIENCIAS\",\"Familia\",\"navidad\",\"papa francisco\",\"Santa Sede\",\"Trabajo\",\"Trending\",\"Vaticano\"],\"articleSection\":[\"Discursos\",\"Le\u00f3n XIV\"],\"inLanguage\":\"es\"},{\"@type\":\"WebPage\",\"@id\":\"https:\\\/\\\/exaudi.org\\\/es\\\/papa-francisco-quiero-desearles-el-estilo-de-dios-a-ustedes\\\/\",\"url\":\"https:\\\/\\\/exaudi.org\\\/es\\\/papa-francisco-quiero-desearles-el-estilo-de-dios-a-ustedes\\\/\",\"name\":\"Papa Francisco: \\\"Quiero desearles el estilo de Dios a ustedes\\\" &#8211; Exaudi\",\"isPartOf\":{\"@id\":\"https:\\\/\\\/exaudi.org\\\/#website\"},\"primaryImageOfPage\":{\"@id\":\"https:\\\/\\\/exaudi.org\\\/es\\\/papa-francisco-quiero-desearles-el-estilo-de-dios-a-ustedes\\\/#primaryimage\"},\"image\":{\"@id\":\"https:\\\/\\\/exaudi.org\\\/es\\\/papa-francisco-quiero-desearles-el-estilo-de-dios-a-ustedes\\\/#primaryimage\"},\"thumbnailUrl\":\"https:\\\/\\\/exaudi.org\\\/wp-content\\\/uploads\\\/2023\\\/12\\\/Snapinsta.app_412096237_763362161969485_3860232909727401245_n_1080.jpg\",\"datePublished\":\"2023-12-21T09:00:30+00:00\",\"dateModified\":\"2023-12-21T12:59:56+00:00\",\"author\":{\"@id\":\"https:\\\/\\\/exaudi.org\\\/#\\\/schema\\\/person\\\/f5fc8f063065e38742da7afe15f25df7\"},\"breadcrumb\":{\"@id\":\"https:\\\/\\\/exaudi.org\\\/es\\\/papa-francisco-quiero-desearles-el-estilo-de-dios-a-ustedes\\\/#breadcrumb\"},\"inLanguage\":\"es\",\"potentialAction\":[{\"@type\":\"ReadAction\",\"target\":[\"https:\\\/\\\/exaudi.org\\\/es\\\/papa-francisco-quiero-desearles-el-estilo-de-dios-a-ustedes\\\/\"]}]},{\"@type\":\"ImageObject\",\"inLanguage\":\"es\",\"@id\":\"https:\\\/\\\/exaudi.org\\\/es\\\/papa-francisco-quiero-desearles-el-estilo-de-dios-a-ustedes\\\/#primaryimage\",\"url\":\"https:\\\/\\\/exaudi.org\\\/wp-content\\\/uploads\\\/2023\\\/12\\\/Snapinsta.app_412096237_763362161969485_3860232909727401245_n_1080.jpg\",\"contentUrl\":\"https:\\\/\\\/exaudi.org\\\/wp-content\\\/uploads\\\/2023\\\/12\\\/Snapinsta.app_412096237_763362161969485_3860232909727401245_n_1080.jpg\",\"width\":720,\"height\":720},{\"@type\":\"BreadcrumbList\",\"@id\":\"https:\\\/\\\/exaudi.org\\\/es\\\/papa-francisco-quiero-desearles-el-estilo-de-dios-a-ustedes\\\/#breadcrumb\",\"itemListElement\":[{\"@type\":\"ListItem\",\"position\":1,\"name\":\"Portada\",\"item\":\"https:\\\/\\\/exaudi.org\\\/es\\\/\"},{\"@type\":\"ListItem\",\"position\":2,\"name\":\"Papa Francisco: \u00abQuiero desearles el estilo de Dios a ustedes\u00bb\"}]},{\"@type\":\"WebSite\",\"@id\":\"https:\\\/\\\/exaudi.org\\\/#website\",\"url\":\"https:\\\/\\\/exaudi.org\\\/\",\"name\":\"Exaudi\",\"description\":\"News\",\"potentialAction\":[{\"@type\":\"SearchAction\",\"target\":{\"@type\":\"EntryPoint\",\"urlTemplate\":\"https:\\\/\\\/exaudi.org\\\/?s={search_term_string}\"},\"query-input\":{\"@type\":\"PropertyValueSpecification\",\"valueRequired\":true,\"valueName\":\"search_term_string\"}}],\"inLanguage\":\"es\"},{\"@type\":\"Person\",\"@id\":\"https:\\\/\\\/exaudi.org\\\/#\\\/schema\\\/person\\\/f5fc8f063065e38742da7afe15f25df7\",\"name\":\"Exaudi Redacci\u00f3n\",\"image\":{\"@type\":\"ImageObject\",\"inLanguage\":\"es\",\"@id\":\"https:\\\/\\\/secure.gravatar.com\\\/avatar\\\/fe0f6a059fb68d9b3e11bc5850dd4899b1c7492091a3cb6dd9b01b56ad828be2?s=96&d=mm&r=g\",\"url\":\"https:\\\/\\\/secure.gravatar.com\\\/avatar\\\/fe0f6a059fb68d9b3e11bc5850dd4899b1c7492091a3cb6dd9b01b56ad828be2?s=96&d=mm&r=g\",\"contentUrl\":\"https:\\\/\\\/secure.gravatar.com\\\/avatar\\\/fe0f6a059fb68d9b3e11bc5850dd4899b1c7492091a3cb6dd9b01b56ad828be2?s=96&d=mm&r=g\",\"caption\":\"Exaudi Redacci\u00f3n\"},\"description\":\"\u00bfQu\u00e9 es Exaudi News? Exaudi News es un medio de comunicaci\u00f3n cat\u00f3lico internacional que informa, forma y transforma, diariamente en espa\u00f1ol, ingl\u00e9s e italiano. A trav\u00e9s de noticias, art\u00edculos de an\u00e1lisis y transmisiones en directo de los eventos del Papa, Exaudi busca fortalecer la unidad de los cristianos y contribuir a la evangelizaci\u00f3n del mundo, siempre guiados por la doctrina social de la Iglesia. Trabajamos para acercar la verdad y los valores cristianos a cada rinc\u00f3n del planeta. \u00a1Ay\u00fadanos a transformar el mundo con Exaudi! En Exaudi creemos que la evangelizaci\u00f3n y la informaci\u00f3n de calidad pueden cambiar vidas. Para continuar con nuestra misi\u00f3n y expandir nuestro alcance, necesitamos tu ayuda. Adem\u00e1s, buscamos personas comprometidas que deseen unirse a nuestro equipo. Con tu apoyo, lograremos llegar a m\u00e1s personas, difundir el mensaje de Cristo y reforzar la unidad de los cristianos. \u00bfTe unes a nuestra misi\u00f3n? Para m\u00e1s informaci\u00f3n sobre c\u00f3mo colaborar, visita Exaudi.org\\\/es o cont\u00e1ctanos directamente: info@exaudi.org Exaudi: Informa, forma y transforma.\",\"sameAs\":[\"https:\\\/\\\/www.facebook.com\\\/ExaudiNoticias\\\/\",\"https:\\\/\\\/www.instagram.com\\\/exaudi_noticias\\\/\",\"https:\\\/\\\/x.com\\\/Exaudi_noticias\",\"https:\\\/\\\/www.youtube.com\\\/@exaudicatholicnews\"],\"url\":\"https:\\\/\\\/exaudi.org\\\/es\\\/author\\\/redaccionexaudi\\\/\"}]}<\/script>\n<!-- \/ Yoast SEO plugin. -->","yoast_head_json":{"title":"Papa Francisco: \"Quiero desearles el estilo de Dios a ustedes\" &#8211; Exaudi","robots":{"index":"index","follow":"follow","max-snippet":"max-snippet:-1","max-image-preview":"max-image-preview:large","max-video-preview":"max-video-preview:-1"},"canonical":"https:\/\/exaudi.org\/es\/papa-francisco-quiero-desearles-el-estilo-de-dios-a-ustedes\/","og_locale":"es_ES","og_type":"article","og_title":"Papa Francisco: \"Quiero desearles el estilo de Dios a ustedes\" &#8211; Exaudi","og_description":"El Santo Padre recibi\u00f3 en audiencia al personal que presta servicio en la Santa Sede y sus familiares, con ocasi\u00f3n de los saludos navide\u00f1os","og_url":"https:\/\/exaudi.org\/es\/papa-francisco-quiero-desearles-el-estilo-de-dios-a-ustedes\/","og_site_name":"Exaudi","article_publisher":"https:\/\/www.facebook.com\/ExaudiNews","article_author":"https:\/\/www.facebook.com\/ExaudiNoticias\/","article_published_time":"2023-12-21T09:00:30+00:00","article_modified_time":"2023-12-21T12:59:56+00:00","og_image":[{"width":720,"height":720,"url":"https:\/\/exaudi.org\/wp-content\/uploads\/2023\/12\/Snapinsta.app_412096237_763362161969485_3860232909727401245_n_1080.jpg","type":"image\/jpeg"}],"author":"Exaudi Redacci\u00f3n","twitter_card":"summary_large_image","twitter_creator":"@Exaudi_noticias","twitter_site":"@Exaudi_News","twitter_misc":{"Escrito por":"Exaudi Redacci\u00f3n","Tiempo de lectura":"5 minutos"},"schema":{"@context":"https:\/\/schema.org","@graph":[{"@type":"Article","@id":"https:\/\/exaudi.org\/es\/papa-francisco-quiero-desearles-el-estilo-de-dios-a-ustedes\/#article","isPartOf":{"@id":"https:\/\/exaudi.org\/es\/papa-francisco-quiero-desearles-el-estilo-de-dios-a-ustedes\/"},"author":{"name":"Exaudi Redacci\u00f3n","@id":"https:\/\/exaudi.org\/#\/schema\/person\/f5fc8f063065e38742da7afe15f25df7"},"headline":"Papa Francisco: \u00abQuiero desearles el estilo de Dios a ustedes\u00bb","datePublished":"2023-12-21T09:00:30+00:00","dateModified":"2023-12-21T12:59:56+00:00","mainEntityOfPage":{"@id":"https:\/\/exaudi.org\/es\/papa-francisco-quiero-desearles-el-estilo-de-dios-a-ustedes\/"},"wordCount":919,"image":{"@id":"https:\/\/exaudi.org\/es\/papa-francisco-quiero-desearles-el-estilo-de-dios-a-ustedes\/#primaryimage"},"thumbnailUrl":"https:\/\/exaudi.org\/wp-content\/uploads\/2023\/12\/Snapinsta.app_412096237_763362161969485_3860232909727401245_n_1080.jpg","keywords":["AUDIENCIAS","Familia","navidad","papa francisco","Santa Sede","Trabajo","Trending","Vaticano"],"articleSection":["Discursos","Le\u00f3n XIV"],"inLanguage":"es"},{"@type":"WebPage","@id":"https:\/\/exaudi.org\/es\/papa-francisco-quiero-desearles-el-estilo-de-dios-a-ustedes\/","url":"https:\/\/exaudi.org\/es\/papa-francisco-quiero-desearles-el-estilo-de-dios-a-ustedes\/","name":"Papa Francisco: \"Quiero desearles el estilo de Dios a ustedes\" &#8211; Exaudi","isPartOf":{"@id":"https:\/\/exaudi.org\/#website"},"primaryImageOfPage":{"@id":"https:\/\/exaudi.org\/es\/papa-francisco-quiero-desearles-el-estilo-de-dios-a-ustedes\/#primaryimage"},"image":{"@id":"https:\/\/exaudi.org\/es\/papa-francisco-quiero-desearles-el-estilo-de-dios-a-ustedes\/#primaryimage"},"thumbnailUrl":"https:\/\/exaudi.org\/wp-content\/uploads\/2023\/12\/Snapinsta.app_412096237_763362161969485_3860232909727401245_n_1080.jpg","datePublished":"2023-12-21T09:00:30+00:00","dateModified":"2023-12-21T12:59:56+00:00","author":{"@id":"https:\/\/exaudi.org\/#\/schema\/person\/f5fc8f063065e38742da7afe15f25df7"},"breadcrumb":{"@id":"https:\/\/exaudi.org\/es\/papa-francisco-quiero-desearles-el-estilo-de-dios-a-ustedes\/#breadcrumb"},"inLanguage":"es","potentialAction":[{"@type":"ReadAction","target":["https:\/\/exaudi.org\/es\/papa-francisco-quiero-desearles-el-estilo-de-dios-a-ustedes\/"]}]},{"@type":"ImageObject","inLanguage":"es","@id":"https:\/\/exaudi.org\/es\/papa-francisco-quiero-desearles-el-estilo-de-dios-a-ustedes\/#primaryimage","url":"https:\/\/exaudi.org\/wp-content\/uploads\/2023\/12\/Snapinsta.app_412096237_763362161969485_3860232909727401245_n_1080.jpg","contentUrl":"https:\/\/exaudi.org\/wp-content\/uploads\/2023\/12\/Snapinsta.app_412096237_763362161969485_3860232909727401245_n_1080.jpg","width":720,"height":720},{"@type":"BreadcrumbList","@id":"https:\/\/exaudi.org\/es\/papa-francisco-quiero-desearles-el-estilo-de-dios-a-ustedes\/#breadcrumb","itemListElement":[{"@type":"ListItem","position":1,"name":"Portada","item":"https:\/\/exaudi.org\/es\/"},{"@type":"ListItem","position":2,"name":"Papa Francisco: \u00abQuiero desearles el estilo de Dios a ustedes\u00bb"}]},{"@type":"WebSite","@id":"https:\/\/exaudi.org\/#website","url":"https:\/\/exaudi.org\/","name":"Exaudi","description":"News","potentialAction":[{"@type":"SearchAction","target":{"@type":"EntryPoint","urlTemplate":"https:\/\/exaudi.org\/?s={search_term_string}"},"query-input":{"@type":"PropertyValueSpecification","valueRequired":true,"valueName":"search_term_string"}}],"inLanguage":"es"},{"@type":"Person","@id":"https:\/\/exaudi.org\/#\/schema\/person\/f5fc8f063065e38742da7afe15f25df7","name":"Exaudi Redacci\u00f3n","image":{"@type":"ImageObject","inLanguage":"es","@id":"https:\/\/secure.gravatar.com\/avatar\/fe0f6a059fb68d9b3e11bc5850dd4899b1c7492091a3cb6dd9b01b56ad828be2?s=96&d=mm&r=g","url":"https:\/\/secure.gravatar.com\/avatar\/fe0f6a059fb68d9b3e11bc5850dd4899b1c7492091a3cb6dd9b01b56ad828be2?s=96&d=mm&r=g","contentUrl":"https:\/\/secure.gravatar.com\/avatar\/fe0f6a059fb68d9b3e11bc5850dd4899b1c7492091a3cb6dd9b01b56ad828be2?s=96&d=mm&r=g","caption":"Exaudi Redacci\u00f3n"},"description":"\u00bfQu\u00e9 es Exaudi News? Exaudi News es un medio de comunicaci\u00f3n cat\u00f3lico internacional que informa, forma y transforma, diariamente en espa\u00f1ol, ingl\u00e9s e italiano. A trav\u00e9s de noticias, art\u00edculos de an\u00e1lisis y transmisiones en directo de los eventos del Papa, Exaudi busca fortalecer la unidad de los cristianos y contribuir a la evangelizaci\u00f3n del mundo, siempre guiados por la doctrina social de la Iglesia. Trabajamos para acercar la verdad y los valores cristianos a cada rinc\u00f3n del planeta. \u00a1Ay\u00fadanos a transformar el mundo con Exaudi! En Exaudi creemos que la evangelizaci\u00f3n y la informaci\u00f3n de calidad pueden cambiar vidas. Para continuar con nuestra misi\u00f3n y expandir nuestro alcance, necesitamos tu ayuda. Adem\u00e1s, buscamos personas comprometidas que deseen unirse a nuestro equipo. Con tu apoyo, lograremos llegar a m\u00e1s personas, difundir el mensaje de Cristo y reforzar la unidad de los cristianos. \u00bfTe unes a nuestra misi\u00f3n? Para m\u00e1s informaci\u00f3n sobre c\u00f3mo colaborar, visita Exaudi.org\/es o cont\u00e1ctanos directamente: info@exaudi.org Exaudi: Informa, forma y transforma.","sameAs":["https:\/\/www.facebook.com\/ExaudiNoticias\/","https:\/\/www.instagram.com\/exaudi_noticias\/","https:\/\/x.com\/Exaudi_noticias","https:\/\/www.youtube.com\/@exaudicatholicnews"],"url":"https:\/\/exaudi.org\/es\/author\/redaccionexaudi\/"}]}},"jetpack_featured_media_url":"https:\/\/exaudi.org\/wp-content\/uploads\/2023\/12\/Snapinsta.app_412096237_763362161969485_3860232909727401245_n_1080.jpg","jetpack_shortlink":"https:\/\/wp.me\/pgKjF2-nFt","_links":{"self":[{"href":"https:\/\/exaudi.org\/es\/wp-json\/wp\/v2\/posts\/90983","targetHints":{"allow":["GET"]}}],"collection":[{"href":"https:\/\/exaudi.org\/es\/wp-json\/wp\/v2\/posts"}],"about":[{"href":"https:\/\/exaudi.org\/es\/wp-json\/wp\/v2\/types\/post"}],"author":[{"embeddable":true,"href":"https:\/\/exaudi.org\/es\/wp-json\/wp\/v2\/users\/15"}],"replies":[{"embeddable":true,"href":"https:\/\/exaudi.org\/es\/wp-json\/wp\/v2\/comments?post=90983"}],"version-history":[{"count":0,"href":"https:\/\/exaudi.org\/es\/wp-json\/wp\/v2\/posts\/90983\/revisions"}],"wp:featuredmedia":[{"embeddable":true,"href":"https:\/\/exaudi.org\/es\/wp-json\/wp\/v2\/media\/90984"}],"wp:attachment":[{"href":"https:\/\/exaudi.org\/es\/wp-json\/wp\/v2\/media?parent=90983"}],"wp:term":[{"taxonomy":"category","embeddable":true,"href":"https:\/\/exaudi.org\/es\/wp-json\/wp\/v2\/categories?post=90983"},{"taxonomy":"post_tag","embeddable":true,"href":"https:\/\/exaudi.org\/es\/wp-json\/wp\/v2\/tags?post=90983"}],"curies":[{"name":"wp","href":"https:\/\/api.w.org\/{rel}","templated":true}]}}