{"id":90975,"date":"2023-12-21T11:39:48","date_gmt":"2023-12-21T10:39:48","guid":{"rendered":"https:\/\/exaudi.org\/?p=90975"},"modified":"2023-12-21T12:04:12","modified_gmt":"2023-12-21T11:04:12","slug":"papa-francisco-solo-quien-ama-camina-hacia-la-verdad","status":"publish","type":"post","link":"https:\/\/exaudi.org\/es\/papa-francisco-solo-quien-ama-camina-hacia-la-verdad\/","title":{"rendered":"Papa Francisco: \u00abS\u00f3lo quien ama camina hacia la verdad\u00bb"},"content":{"rendered":"<audio class=\"wp-audio-shortcode\" id=\"audio-90975-1\" preload=\"none\" style=\"width: 100%;\" controls=\"controls\"><source type=\"audio\/mpeg\" src=\"https:\/\/exaudi.org\/wp-content\/uploads\/2023\/12\/Solo-quien-ama-camina-hacia-la-verdad.mp3?_=1\" \/><a href=\"https:\/\/exaudi.org\/wp-content\/uploads\/2023\/12\/Solo-quien-ama-camina-hacia-la-verdad.mp3\">https:\/\/exaudi.org\/wp-content\/uploads\/2023\/12\/Solo-quien-ama-camina-hacia-la-verdad.mp3<\/a><\/audio>\n<p><strong>Escuchar, discernir y Caminar.<\/strong><\/p>\n<p>En un tiempo todav\u00eda marcado tristemente por la violencia de la guerra, el cambio clim\u00e1tico, la pobreza y el hambre necesitamos escuchar y recibir siempre el anuncio de que \u201cDios viene, Dios est\u00e1 aqu\u00ed, en medio de nosotros\u201d: fueron las palabras del Papa al recibir esta ma\u00f1ana a los miembros de la Curia Romana con motivo de las felicitaciones navide\u00f1as.<\/p>\n<p>Es reconfortante descubrir que incluso en estos \u201clugares\u201d de dolor, Dios se hace presente en el pesebre, y se hace presente seg\u00fan el estilo que le es propio, con cercan\u00eda, compasi\u00f3n y ternura, a\u00f1adi\u00f3 el Pont\u00edfice, e indic\u00f3 tres verbos para el camino de fe y para el servicio que se realiza en la Curia romana:\u00a0<i>Escuchar, discernir, caminar<\/i>.<\/p>\n<h3><b>Escuchar \u201cde rodillas\u201d<\/b><\/h3>\n<p>En primer lugar, Mar\u00eda, que nos recuerda la<i>\u00a0escucha<\/i>. La joven de Nazaret, prest\u00f3 o\u00eddos al anuncio del \u00c1ngel y abri\u00f3 su coraz\u00f3n al plan de Dios.<\/p>\n<p>Escuchar, en efecto, es un verbo b\u00edblico que no se refiere s\u00f3lo a o\u00edr, sino que implica la participaci\u00f3n del coraz\u00f3n y, por tanto, de la vida misma. Y esta es la escucha de la Virgen Mar\u00eda, que acoge el anuncio del \u00c1ngel con total apertura. Mar\u00eda comprende que es destinataria de un don inestimable y, de \u201crodillas\u201d, es decir, con humildad y estupor, se pone a la escucha, explic\u00f3 Francisco.<\/p>\n<p><i>Escuchar \u201cde rodillas\u201d es la mejor manera para escuchar de verdad, porque significa que no nos colocamos frente al otro en la posici\u00f3n de quien cree ya lo sabe todo, de quien ya ha interpretado las cosas aun antes de escucharlas, de quien mira por encima del hombro, sino que, por el contrario, nos abrimos al misterio del otro, dispuestos a recibir humildemente lo que quiera entregarnos.<\/i><\/p>\n<p>A veces, &#8211; a\u00f1adi\u00f3 el Papa &#8211; inclusive cuando nos comunicamos entre nosotros, corremos el riesgo de ser como lobos rapaces.<\/p>\n<h3><b>Recuperar el esp\u00edritu contemplativo<\/b><\/h3>\n<p>En cambio, la escucha requiere silencio interior, pero tambi\u00e9n un espacio de silencio entre la escucha y la respuesta, indica. Y todo esto lo aprendemos en la oraci\u00f3n. De ah\u00ed su invitaci\u00f3n:<\/p>\n<p><i>Aprendamos la contemplaci\u00f3n en la oraci\u00f3n, arrodillados ante el Se\u00f1or, pero no s\u00f3lo con las piernas, sino con el coraz\u00f3n.<\/i><\/p>\n<p>Yambi\u00e9n en la Curia es necesario aprender el arte de escuchar, se\u00f1ala el Santo Padre, invitando a \u201credescubrir el valor de las relaciones, y tratar de despojarlas de formalismos, para animarlas con esp\u00edritu evang\u00e9lico, ante todo escuch\u00e1ndonos rec\u00edprocamente. Con el coraz\u00f3n y de rodillas. Escuch\u00e9monos m\u00e1s, sin prejuicios, con apertura y sinceridad; con el coraz\u00f3n, de rodillas.<\/p>\n<h3><b>El coraje del discernimiento<\/b><\/h3>\n<p>La escucha rec\u00edproca ayuda a vivir\u00a0<i>el discernimiento<\/i>\u00a0como m\u00e9todo de nuestro actuar. Y aqu\u00ed el Papa se refieri\u00f3 a la figura de Juan el Bautista.<\/p>\n<p>Francisco recuerd\u00f3 que cuando Jes\u00fas llega \u201cno era como \u00e9l se lo esperaba\u201d y, por eso, incluso \u201cel Precursor deb\u00eda convertirse a la novedad del Reino, deb\u00eda tener la humildad y el valor para discernir\u201d.<\/p>\n<p>As\u00ed pues, a\u00f1adi\u00f3, \u201cpara todos nosotros es importante el discernimiento, ese arte de la vida espiritual que nos despoja de la pretensi\u00f3n de saberlo ya todo, del riesgo de pensar que es suficiente aplicar las reglas, de la tentaci\u00f3n de proceder, incluso en la vida de la Curia, repitiendo simplemente esquemas, sin considerar que el Misterio de Dios nos supera siempre y que la vida de las personas y la realidad que nos rodea son y siguen siendo siempre superiores a las ideas y a las teor\u00edas\u201d.<\/p>\n<p><i>El discernimiento debe ayudarnos, tambi\u00e9n en el trabajo de la Curia, a ser d\u00f3ciles al Esp\u00edritu Santo, a ser capaces de elegir orientaciones y tomar decisiones no seg\u00fan criterios mundanos, o simplemente aplicando reglamentos, sino seg\u00fan el Evangelio.<\/i><\/p>\n<h3><b>Caminar, una cuesti\u00f3n de amor<\/b><\/h3>\n<p>Por \u00faltimo, la tercera palabra:\u00a0<i>caminar<\/i>. Y aqu\u00ed el pensamiento del Pont\u00edfice se dirige naturalmente a los Magos, que nos recuerdan la importancia de caminar.<\/p>\n<p>La alegr\u00eda del Evangelio, cuando la acogemos de verdad, desencadena en nosotros el movimiento del seguimiento, que provoca un verdadero \u00e9xodo de nosotros mismos y nos pone en camino hacia el encuentro con el Se\u00f1or y hacia la plenitud de la vida.<\/p>\n<p>\u00abLa fe cristiana &#8211; record\u00e9moslo &#8211; no quiere confirmar nuestras seguridades, ni hacer que nos instalemos en f\u00e1ciles certezas religiosas, o regalarnos respuestas r\u00e1pidas a los complejos problemas de la vida. Al contrario, cuando Dios llama, siempre nos pone en camino\u00bb.<\/p>\n<p><i>Tambi\u00e9n en el servicio aqu\u00ed en la Curia es importante permanecer en camino, no dejar de buscar y profundizar en la verdad, superando la tentaci\u00f3n de permanecer paralizados y de \u201claberintear\u201d dentro de nuestros cercados y temores. \u00a0<\/i><\/p>\n<p>Los miedos, las rigideces y la repetici\u00f3n de esquemas \u2013 prosigui\u00f3 el Papa &#8211; \u00a0generan inmovilidad, que tiene la aparente ventaja de no crear problemas\u00a0<i>-quieta non movere<\/i>-, nos llevan a vagar ociosamente en nuestros laberintos, perjudicando el servicio que estamos llamados a ofrecer a la Iglesia y al mundo entero. \u201cPermanezcamos vigilantes contra el fijismo de la ideolog\u00eda que, a menudo, bajo la apariencia de buenas intenciones, nos separa de la realidad y nos impide caminar\u201d, exhort\u00f3.<\/p>\n<p>\u201cCuando el servicio que realizamos corre el riesgo de aplanarse, de \u2018laberintear\u2019 en la rigidez o en la mediocridad, cuando nos encontramos enmara\u00f1ados en las redes de la burocracia y del \u201csalir del paso\u201d, acord\u00e9monos de mirar hacia lo alto, de recomenzar desde Dios\u201d.<\/p>\n<p><i>Hace falta valor para caminar, para avanzar m\u00e1s all\u00e1. Es una cuesti\u00f3n de amor.<\/i><\/p>\n<p>Para Francisco, \u201cla dificultad, hoy, consiste en transmitir la pasi\u00f3n a quienes hace tiempo la perdieron. Sesenta a\u00f1os despu\u00e9s del Concilio, seguimos debatiendo sobre la divisi\u00f3n entre \u2018progresistas\u2019 y \u2018conservadores\u2019, mientras que la diferencia central est\u00e1 entre \u2018enamorados\u2019 y \u2018acostumbrados\u2019. Esta es la diferencia. Y s\u00f3lo caminan los que aman\u201d.<\/p>\n<h3><b>El valor del trabajo \u00aben silencio\u00bb<\/b><\/h3>\n<p>Antes de concluir su discurso, el Papa Francisco agradeci\u00f3 a los cardenales por su trabajo y dedicaci\u00f3n, \u201csobre todo por el trabajo realizado en el silencio\u201d y los invit\u00f3 a cultivar la escucha del coraz\u00f3n, \u201cponi\u00e9ndonos as\u00ed al servicio del Se\u00f1or\u201d y a practicar le discernimiento, \u201cpara ser una Iglesia que busca interpretar los signos de la historia con la luz del Evangelio\u201d.<\/p>\n<p><i>Que el Se\u00f1or Jes\u00fas, Verbo Encarnado, nos conceda la gracia de la alegr\u00eda en el servicio humilde y generoso. Y, por favor, no perdamos el sentido del humor. Mis mejores deseos de una santa Navidad para ustedes, y tambi\u00e9n para sus seres queridos. Y, delante del bel\u00e9n, hagan una oraci\u00f3n por m\u00ed.<\/i><\/p>\n<p><iframe loading=\"lazy\" title=\"Saludos Navide\u00f1os a la Curia Romana. Audiencia - 21 diciembre 2023 - Papa Francisco\" width=\"500\" height=\"281\" src=\"https:\/\/www.youtube.com\/embed\/b93I-m-5tc0?feature=oembed\" frameborder=\"0\" allow=\"accelerometer; autoplay; clipboard-write; encrypted-media; gyroscope; picture-in-picture; web-share\" referrerpolicy=\"strict-origin-when-cross-origin\" allowfullscreen><\/iframe><\/p>\n","protected":false},"excerpt":{"rendered":"<p>En el saludo navide\u00f1o a la Curia Romana, Francisco destac\u00f3 que la dificultad, hoy, consiste en transmitir la pasi\u00f3n a quienes hace tiempo la perdieron. S\u00f3lo caminan los que aman<\/p>\n","protected":false},"author":15,"featured_media":90976,"comment_status":"closed","ping_status":"closed","sticky":false,"template":"","format":"standard","meta":{"_acf_changed":false,"_crdt_document":"","inline_featured_image":false,"footnotes":""},"categories":[68],"tags":[9343,5598,2419,4700,158],"class_list":["post-90975","post","type-post","status-publish","format-standard","has-post-thumbnail","hentry","category-leon-xiv","tag-audiencias","tag-curia-romana-es","tag-featured","tag-navidad","tag-papa-francisco"],"acf":[],"yoast_head":"<!-- This site is optimized with the Yoast SEO plugin v27.4 - https:\/\/yoast.com\/product\/yoast-seo-wordpress\/ -->\n<title>Papa Francisco: &quot;S\u00f3lo quien ama camina hacia la verdad&quot; &#8211; Exaudi<\/title>\n<meta name=\"robots\" content=\"index, follow, max-snippet:-1, max-image-preview:large, max-video-preview:-1\" \/>\n<link rel=\"canonical\" href=\"https:\/\/exaudi.org\/es\/papa-francisco-solo-quien-ama-camina-hacia-la-verdad\/\" \/>\n<meta property=\"og:locale\" content=\"es_ES\" \/>\n<meta property=\"og:type\" content=\"article\" \/>\n<meta property=\"og:title\" content=\"Papa Francisco: &quot;S\u00f3lo quien ama camina hacia la verdad&quot; &#8211; Exaudi\" \/>\n<meta property=\"og:description\" content=\"En el saludo navide\u00f1o a la Curia Romana, Francisco destac\u00f3 que la dificultad, hoy, consiste en transmitir la pasi\u00f3n a quienes hace tiempo la perdieron. S\u00f3lo caminan los que aman\" \/>\n<meta property=\"og:url\" content=\"https:\/\/exaudi.org\/es\/papa-francisco-solo-quien-ama-camina-hacia-la-verdad\/\" \/>\n<meta property=\"og:site_name\" content=\"Exaudi\" \/>\n<meta property=\"article:publisher\" content=\"https:\/\/www.facebook.com\/ExaudiNews\" \/>\n<meta property=\"article:author\" content=\"https:\/\/www.facebook.com\/ExaudiNoticias\/\" \/>\n<meta property=\"article:published_time\" content=\"2023-12-21T10:39:48+00:00\" \/>\n<meta property=\"article:modified_time\" content=\"2023-12-21T11:04:12+00:00\" \/>\n<meta property=\"og:image\" content=\"https:\/\/exaudi.org\/wp-content\/uploads\/2023\/12\/Snapinsta.app_412342870_382326734163074_3146563061701476556_n_1080.jpg\" \/>\n\t<meta property=\"og:image:width\" content=\"720\" \/>\n\t<meta property=\"og:image:height\" content=\"720\" \/>\n\t<meta property=\"og:image:type\" content=\"image\/jpeg\" \/>\n<meta name=\"author\" content=\"Exaudi Redacci\u00f3n\" \/>\n<meta name=\"twitter:card\" content=\"summary_large_image\" \/>\n<meta name=\"twitter:creator\" content=\"@Exaudi_noticias\" \/>\n<meta name=\"twitter:site\" content=\"@Exaudi_News\" \/>\n<meta name=\"twitter:label1\" content=\"Escrito por\" \/>\n\t<meta name=\"twitter:data1\" content=\"Exaudi Redacci\u00f3n\" \/>\n\t<meta name=\"twitter:label2\" content=\"Tiempo de lectura\" \/>\n\t<meta name=\"twitter:data2\" content=\"6 minutos\" \/>\n<script type=\"application\/ld+json\" class=\"yoast-schema-graph\">{\"@context\":\"https:\\\/\\\/schema.org\",\"@graph\":[{\"@type\":\"Article\",\"@id\":\"https:\\\/\\\/exaudi.org\\\/es\\\/papa-francisco-solo-quien-ama-camina-hacia-la-verdad\\\/#article\",\"isPartOf\":{\"@id\":\"https:\\\/\\\/exaudi.org\\\/es\\\/papa-francisco-solo-quien-ama-camina-hacia-la-verdad\\\/\"},\"author\":{\"name\":\"Exaudi Redacci\u00f3n\",\"@id\":\"https:\\\/\\\/exaudi.org\\\/#\\\/schema\\\/person\\\/f5fc8f063065e38742da7afe15f25df7\"},\"headline\":\"Papa Francisco: \u00abS\u00f3lo quien ama camina hacia la verdad\u00bb\",\"datePublished\":\"2023-12-21T10:39:48+00:00\",\"dateModified\":\"2023-12-21T11:04:12+00:00\",\"mainEntityOfPage\":{\"@id\":\"https:\\\/\\\/exaudi.org\\\/es\\\/papa-francisco-solo-quien-ama-camina-hacia-la-verdad\\\/\"},\"wordCount\":1181,\"image\":{\"@id\":\"https:\\\/\\\/exaudi.org\\\/es\\\/papa-francisco-solo-quien-ama-camina-hacia-la-verdad\\\/#primaryimage\"},\"thumbnailUrl\":\"https:\\\/\\\/exaudi.org\\\/wp-content\\\/uploads\\\/2023\\\/12\\\/Snapinsta.app_412342870_382326734163074_3146563061701476556_n_1080.jpg\",\"keywords\":[\"AUDIENCIAS\",\"curia romana\",\"Featured\",\"navidad\",\"papa francisco\"],\"articleSection\":[\"Le\u00f3n XIV\"],\"inLanguage\":\"es\"},{\"@type\":\"WebPage\",\"@id\":\"https:\\\/\\\/exaudi.org\\\/es\\\/papa-francisco-solo-quien-ama-camina-hacia-la-verdad\\\/\",\"url\":\"https:\\\/\\\/exaudi.org\\\/es\\\/papa-francisco-solo-quien-ama-camina-hacia-la-verdad\\\/\",\"name\":\"Papa Francisco: \\\"S\u00f3lo quien ama camina hacia la verdad\\\" &#8211; Exaudi\",\"isPartOf\":{\"@id\":\"https:\\\/\\\/exaudi.org\\\/#website\"},\"primaryImageOfPage\":{\"@id\":\"https:\\\/\\\/exaudi.org\\\/es\\\/papa-francisco-solo-quien-ama-camina-hacia-la-verdad\\\/#primaryimage\"},\"image\":{\"@id\":\"https:\\\/\\\/exaudi.org\\\/es\\\/papa-francisco-solo-quien-ama-camina-hacia-la-verdad\\\/#primaryimage\"},\"thumbnailUrl\":\"https:\\\/\\\/exaudi.org\\\/wp-content\\\/uploads\\\/2023\\\/12\\\/Snapinsta.app_412342870_382326734163074_3146563061701476556_n_1080.jpg\",\"datePublished\":\"2023-12-21T10:39:48+00:00\",\"dateModified\":\"2023-12-21T11:04:12+00:00\",\"author\":{\"@id\":\"https:\\\/\\\/exaudi.org\\\/#\\\/schema\\\/person\\\/f5fc8f063065e38742da7afe15f25df7\"},\"breadcrumb\":{\"@id\":\"https:\\\/\\\/exaudi.org\\\/es\\\/papa-francisco-solo-quien-ama-camina-hacia-la-verdad\\\/#breadcrumb\"},\"inLanguage\":\"es\",\"potentialAction\":[{\"@type\":\"ReadAction\",\"target\":[\"https:\\\/\\\/exaudi.org\\\/es\\\/papa-francisco-solo-quien-ama-camina-hacia-la-verdad\\\/\"]}]},{\"@type\":\"ImageObject\",\"inLanguage\":\"es\",\"@id\":\"https:\\\/\\\/exaudi.org\\\/es\\\/papa-francisco-solo-quien-ama-camina-hacia-la-verdad\\\/#primaryimage\",\"url\":\"https:\\\/\\\/exaudi.org\\\/wp-content\\\/uploads\\\/2023\\\/12\\\/Snapinsta.app_412342870_382326734163074_3146563061701476556_n_1080.jpg\",\"contentUrl\":\"https:\\\/\\\/exaudi.org\\\/wp-content\\\/uploads\\\/2023\\\/12\\\/Snapinsta.app_412342870_382326734163074_3146563061701476556_n_1080.jpg\",\"width\":720,\"height\":720},{\"@type\":\"BreadcrumbList\",\"@id\":\"https:\\\/\\\/exaudi.org\\\/es\\\/papa-francisco-solo-quien-ama-camina-hacia-la-verdad\\\/#breadcrumb\",\"itemListElement\":[{\"@type\":\"ListItem\",\"position\":1,\"name\":\"Portada\",\"item\":\"https:\\\/\\\/exaudi.org\\\/es\\\/\"},{\"@type\":\"ListItem\",\"position\":2,\"name\":\"Papa Francisco: \u00abS\u00f3lo quien ama camina hacia la verdad\u00bb\"}]},{\"@type\":\"WebSite\",\"@id\":\"https:\\\/\\\/exaudi.org\\\/#website\",\"url\":\"https:\\\/\\\/exaudi.org\\\/\",\"name\":\"Exaudi\",\"description\":\"News\",\"potentialAction\":[{\"@type\":\"SearchAction\",\"target\":{\"@type\":\"EntryPoint\",\"urlTemplate\":\"https:\\\/\\\/exaudi.org\\\/?s={search_term_string}\"},\"query-input\":{\"@type\":\"PropertyValueSpecification\",\"valueRequired\":true,\"valueName\":\"search_term_string\"}}],\"inLanguage\":\"es\"},{\"@type\":\"Person\",\"@id\":\"https:\\\/\\\/exaudi.org\\\/#\\\/schema\\\/person\\\/f5fc8f063065e38742da7afe15f25df7\",\"name\":\"Exaudi Redacci\u00f3n\",\"image\":{\"@type\":\"ImageObject\",\"inLanguage\":\"es\",\"@id\":\"https:\\\/\\\/secure.gravatar.com\\\/avatar\\\/fe0f6a059fb68d9b3e11bc5850dd4899b1c7492091a3cb6dd9b01b56ad828be2?s=96&d=mm&r=g\",\"url\":\"https:\\\/\\\/secure.gravatar.com\\\/avatar\\\/fe0f6a059fb68d9b3e11bc5850dd4899b1c7492091a3cb6dd9b01b56ad828be2?s=96&d=mm&r=g\",\"contentUrl\":\"https:\\\/\\\/secure.gravatar.com\\\/avatar\\\/fe0f6a059fb68d9b3e11bc5850dd4899b1c7492091a3cb6dd9b01b56ad828be2?s=96&d=mm&r=g\",\"caption\":\"Exaudi Redacci\u00f3n\"},\"description\":\"\u00bfQu\u00e9 es Exaudi News? Exaudi News es un medio de comunicaci\u00f3n cat\u00f3lico internacional que informa, forma y transforma, diariamente en espa\u00f1ol, ingl\u00e9s e italiano. A trav\u00e9s de noticias, art\u00edculos de an\u00e1lisis y transmisiones en directo de los eventos del Papa, Exaudi busca fortalecer la unidad de los cristianos y contribuir a la evangelizaci\u00f3n del mundo, siempre guiados por la doctrina social de la Iglesia. Trabajamos para acercar la verdad y los valores cristianos a cada rinc\u00f3n del planeta. \u00a1Ay\u00fadanos a transformar el mundo con Exaudi! En Exaudi creemos que la evangelizaci\u00f3n y la informaci\u00f3n de calidad pueden cambiar vidas. Para continuar con nuestra misi\u00f3n y expandir nuestro alcance, necesitamos tu ayuda. Adem\u00e1s, buscamos personas comprometidas que deseen unirse a nuestro equipo. Con tu apoyo, lograremos llegar a m\u00e1s personas, difundir el mensaje de Cristo y reforzar la unidad de los cristianos. \u00bfTe unes a nuestra misi\u00f3n? Para m\u00e1s informaci\u00f3n sobre c\u00f3mo colaborar, visita Exaudi.org\\\/es o cont\u00e1ctanos directamente: info@exaudi.org Exaudi: Informa, forma y transforma.\",\"sameAs\":[\"https:\\\/\\\/www.facebook.com\\\/ExaudiNoticias\\\/\",\"https:\\\/\\\/www.instagram.com\\\/exaudi_noticias\\\/\",\"https:\\\/\\\/x.com\\\/Exaudi_noticias\",\"https:\\\/\\\/www.youtube.com\\\/@exaudicatholicnews\"],\"url\":\"https:\\\/\\\/exaudi.org\\\/es\\\/author\\\/redaccionexaudi\\\/\"}]}<\/script>\n<!-- \/ Yoast SEO plugin. -->","yoast_head_json":{"title":"Papa Francisco: \"S\u00f3lo quien ama camina hacia la verdad\" &#8211; Exaudi","robots":{"index":"index","follow":"follow","max-snippet":"max-snippet:-1","max-image-preview":"max-image-preview:large","max-video-preview":"max-video-preview:-1"},"canonical":"https:\/\/exaudi.org\/es\/papa-francisco-solo-quien-ama-camina-hacia-la-verdad\/","og_locale":"es_ES","og_type":"article","og_title":"Papa Francisco: \"S\u00f3lo quien ama camina hacia la verdad\" &#8211; Exaudi","og_description":"En el saludo navide\u00f1o a la Curia Romana, Francisco destac\u00f3 que la dificultad, hoy, consiste en transmitir la pasi\u00f3n a quienes hace tiempo la perdieron. S\u00f3lo caminan los que aman","og_url":"https:\/\/exaudi.org\/es\/papa-francisco-solo-quien-ama-camina-hacia-la-verdad\/","og_site_name":"Exaudi","article_publisher":"https:\/\/www.facebook.com\/ExaudiNews","article_author":"https:\/\/www.facebook.com\/ExaudiNoticias\/","article_published_time":"2023-12-21T10:39:48+00:00","article_modified_time":"2023-12-21T11:04:12+00:00","og_image":[{"width":720,"height":720,"url":"https:\/\/exaudi.org\/wp-content\/uploads\/2023\/12\/Snapinsta.app_412342870_382326734163074_3146563061701476556_n_1080.jpg","type":"image\/jpeg"}],"author":"Exaudi Redacci\u00f3n","twitter_card":"summary_large_image","twitter_creator":"@Exaudi_noticias","twitter_site":"@Exaudi_News","twitter_misc":{"Escrito por":"Exaudi Redacci\u00f3n","Tiempo de lectura":"6 minutos"},"schema":{"@context":"https:\/\/schema.org","@graph":[{"@type":"Article","@id":"https:\/\/exaudi.org\/es\/papa-francisco-solo-quien-ama-camina-hacia-la-verdad\/#article","isPartOf":{"@id":"https:\/\/exaudi.org\/es\/papa-francisco-solo-quien-ama-camina-hacia-la-verdad\/"},"author":{"name":"Exaudi Redacci\u00f3n","@id":"https:\/\/exaudi.org\/#\/schema\/person\/f5fc8f063065e38742da7afe15f25df7"},"headline":"Papa Francisco: \u00abS\u00f3lo quien ama camina hacia la verdad\u00bb","datePublished":"2023-12-21T10:39:48+00:00","dateModified":"2023-12-21T11:04:12+00:00","mainEntityOfPage":{"@id":"https:\/\/exaudi.org\/es\/papa-francisco-solo-quien-ama-camina-hacia-la-verdad\/"},"wordCount":1181,"image":{"@id":"https:\/\/exaudi.org\/es\/papa-francisco-solo-quien-ama-camina-hacia-la-verdad\/#primaryimage"},"thumbnailUrl":"https:\/\/exaudi.org\/wp-content\/uploads\/2023\/12\/Snapinsta.app_412342870_382326734163074_3146563061701476556_n_1080.jpg","keywords":["AUDIENCIAS","curia romana","Featured","navidad","papa francisco"],"articleSection":["Le\u00f3n XIV"],"inLanguage":"es"},{"@type":"WebPage","@id":"https:\/\/exaudi.org\/es\/papa-francisco-solo-quien-ama-camina-hacia-la-verdad\/","url":"https:\/\/exaudi.org\/es\/papa-francisco-solo-quien-ama-camina-hacia-la-verdad\/","name":"Papa Francisco: \"S\u00f3lo quien ama camina hacia la verdad\" &#8211; Exaudi","isPartOf":{"@id":"https:\/\/exaudi.org\/#website"},"primaryImageOfPage":{"@id":"https:\/\/exaudi.org\/es\/papa-francisco-solo-quien-ama-camina-hacia-la-verdad\/#primaryimage"},"image":{"@id":"https:\/\/exaudi.org\/es\/papa-francisco-solo-quien-ama-camina-hacia-la-verdad\/#primaryimage"},"thumbnailUrl":"https:\/\/exaudi.org\/wp-content\/uploads\/2023\/12\/Snapinsta.app_412342870_382326734163074_3146563061701476556_n_1080.jpg","datePublished":"2023-12-21T10:39:48+00:00","dateModified":"2023-12-21T11:04:12+00:00","author":{"@id":"https:\/\/exaudi.org\/#\/schema\/person\/f5fc8f063065e38742da7afe15f25df7"},"breadcrumb":{"@id":"https:\/\/exaudi.org\/es\/papa-francisco-solo-quien-ama-camina-hacia-la-verdad\/#breadcrumb"},"inLanguage":"es","potentialAction":[{"@type":"ReadAction","target":["https:\/\/exaudi.org\/es\/papa-francisco-solo-quien-ama-camina-hacia-la-verdad\/"]}]},{"@type":"ImageObject","inLanguage":"es","@id":"https:\/\/exaudi.org\/es\/papa-francisco-solo-quien-ama-camina-hacia-la-verdad\/#primaryimage","url":"https:\/\/exaudi.org\/wp-content\/uploads\/2023\/12\/Snapinsta.app_412342870_382326734163074_3146563061701476556_n_1080.jpg","contentUrl":"https:\/\/exaudi.org\/wp-content\/uploads\/2023\/12\/Snapinsta.app_412342870_382326734163074_3146563061701476556_n_1080.jpg","width":720,"height":720},{"@type":"BreadcrumbList","@id":"https:\/\/exaudi.org\/es\/papa-francisco-solo-quien-ama-camina-hacia-la-verdad\/#breadcrumb","itemListElement":[{"@type":"ListItem","position":1,"name":"Portada","item":"https:\/\/exaudi.org\/es\/"},{"@type":"ListItem","position":2,"name":"Papa Francisco: \u00abS\u00f3lo quien ama camina hacia la verdad\u00bb"}]},{"@type":"WebSite","@id":"https:\/\/exaudi.org\/#website","url":"https:\/\/exaudi.org\/","name":"Exaudi","description":"News","potentialAction":[{"@type":"SearchAction","target":{"@type":"EntryPoint","urlTemplate":"https:\/\/exaudi.org\/?s={search_term_string}"},"query-input":{"@type":"PropertyValueSpecification","valueRequired":true,"valueName":"search_term_string"}}],"inLanguage":"es"},{"@type":"Person","@id":"https:\/\/exaudi.org\/#\/schema\/person\/f5fc8f063065e38742da7afe15f25df7","name":"Exaudi Redacci\u00f3n","image":{"@type":"ImageObject","inLanguage":"es","@id":"https:\/\/secure.gravatar.com\/avatar\/fe0f6a059fb68d9b3e11bc5850dd4899b1c7492091a3cb6dd9b01b56ad828be2?s=96&d=mm&r=g","url":"https:\/\/secure.gravatar.com\/avatar\/fe0f6a059fb68d9b3e11bc5850dd4899b1c7492091a3cb6dd9b01b56ad828be2?s=96&d=mm&r=g","contentUrl":"https:\/\/secure.gravatar.com\/avatar\/fe0f6a059fb68d9b3e11bc5850dd4899b1c7492091a3cb6dd9b01b56ad828be2?s=96&d=mm&r=g","caption":"Exaudi Redacci\u00f3n"},"description":"\u00bfQu\u00e9 es Exaudi News? Exaudi News es un medio de comunicaci\u00f3n cat\u00f3lico internacional que informa, forma y transforma, diariamente en espa\u00f1ol, ingl\u00e9s e italiano. A trav\u00e9s de noticias, art\u00edculos de an\u00e1lisis y transmisiones en directo de los eventos del Papa, Exaudi busca fortalecer la unidad de los cristianos y contribuir a la evangelizaci\u00f3n del mundo, siempre guiados por la doctrina social de la Iglesia. Trabajamos para acercar la verdad y los valores cristianos a cada rinc\u00f3n del planeta. \u00a1Ay\u00fadanos a transformar el mundo con Exaudi! En Exaudi creemos que la evangelizaci\u00f3n y la informaci\u00f3n de calidad pueden cambiar vidas. Para continuar con nuestra misi\u00f3n y expandir nuestro alcance, necesitamos tu ayuda. Adem\u00e1s, buscamos personas comprometidas que deseen unirse a nuestro equipo. Con tu apoyo, lograremos llegar a m\u00e1s personas, difundir el mensaje de Cristo y reforzar la unidad de los cristianos. \u00bfTe unes a nuestra misi\u00f3n? Para m\u00e1s informaci\u00f3n sobre c\u00f3mo colaborar, visita Exaudi.org\/es o cont\u00e1ctanos directamente: info@exaudi.org Exaudi: Informa, forma y transforma.","sameAs":["https:\/\/www.facebook.com\/ExaudiNoticias\/","https:\/\/www.instagram.com\/exaudi_noticias\/","https:\/\/x.com\/Exaudi_noticias","https:\/\/www.youtube.com\/@exaudicatholicnews"],"url":"https:\/\/exaudi.org\/es\/author\/redaccionexaudi\/"}]}},"jetpack_featured_media_url":"https:\/\/exaudi.org\/wp-content\/uploads\/2023\/12\/Snapinsta.app_412342870_382326734163074_3146563061701476556_n_1080.jpg","jetpack_shortlink":"https:\/\/wp.me\/pgKjF2-nFl","_links":{"self":[{"href":"https:\/\/exaudi.org\/es\/wp-json\/wp\/v2\/posts\/90975","targetHints":{"allow":["GET"]}}],"collection":[{"href":"https:\/\/exaudi.org\/es\/wp-json\/wp\/v2\/posts"}],"about":[{"href":"https:\/\/exaudi.org\/es\/wp-json\/wp\/v2\/types\/post"}],"author":[{"embeddable":true,"href":"https:\/\/exaudi.org\/es\/wp-json\/wp\/v2\/users\/15"}],"replies":[{"embeddable":true,"href":"https:\/\/exaudi.org\/es\/wp-json\/wp\/v2\/comments?post=90975"}],"version-history":[{"count":0,"href":"https:\/\/exaudi.org\/es\/wp-json\/wp\/v2\/posts\/90975\/revisions"}],"wp:featuredmedia":[{"embeddable":true,"href":"https:\/\/exaudi.org\/es\/wp-json\/wp\/v2\/media\/90976"}],"wp:attachment":[{"href":"https:\/\/exaudi.org\/es\/wp-json\/wp\/v2\/media?parent=90975"}],"wp:term":[{"taxonomy":"category","embeddable":true,"href":"https:\/\/exaudi.org\/es\/wp-json\/wp\/v2\/categories?post=90975"},{"taxonomy":"post_tag","embeddable":true,"href":"https:\/\/exaudi.org\/es\/wp-json\/wp\/v2\/tags?post=90975"}],"curies":[{"name":"wp","href":"https:\/\/api.w.org\/{rel}","templated":true}]}}