{"id":90871,"date":"2023-12-21T09:30:16","date_gmt":"2023-12-21T08:30:16","guid":{"rendered":"https:\/\/exaudi.org\/?p=90871"},"modified":"2023-12-21T09:39:15","modified_gmt":"2023-12-21T08:39:15","slug":"sin-papa-o-sin-tablet-que-es-peor","status":"publish","type":"post","link":"https:\/\/exaudi.org\/es\/sin-papa-o-sin-tablet-que-es-peor\/","title":{"rendered":"Sin pap\u00e1 o sin tablet, \u00bfQu\u00e9 es peor?"},"content":{"rendered":"<audio class=\"wp-audio-shortcode\" id=\"audio-90871-1\" preload=\"none\" style=\"width: 100%;\" controls=\"controls\"><source type=\"audio\/mpeg\" src=\"https:\/\/exaudi.org\/wp-content\/uploads\/2023\/12\/Sin-Papa-o-sin-tablet.mp3?_=1\" \/><a href=\"https:\/\/exaudi.org\/wp-content\/uploads\/2023\/12\/Sin-Papa-o-sin-tablet.mp3\">https:\/\/exaudi.org\/wp-content\/uploads\/2023\/12\/Sin-Papa-o-sin-tablet.mp3<\/a><\/audio>\n<p>No existe en este momento ninguna labor honesta, generosa y abnegada que sea m\u00e1s denostada, criticada o menospreciada que la de ser padres.<\/p>\n<p>Los padres somos criticados por psic\u00f3logos, psiquiatras, profesores, \u201ceducadores\u201d, periodistas, presentadores de televisi\u00f3n y radio y vecinos en general.<\/p>\n<p>\u00bfPor qu\u00e9? Eso habr\u00eda que pregunt\u00e1rselo a ellos. Supongo que todo comenz\u00f3 hace algo m\u00e1s de cien a\u00f1os, cuando Sigmund Freud comenz\u00f3 a publicar su obra, culpando a los padres de las patolog\u00edas de sus pacientes. Y puede que tuviera raz\u00f3n, al fin y al cabo viv\u00eda en Austria en la \u00e9poca Victoriana, en un momento en que las relaciones entre padres e hijos, hombres y mujeres y entre esposos se establec\u00edan de acuerdo a costumbres y reglas no escritas muy distintas (y muy distantes) de aquellas con las que hemos crecido nosotros y, sin duda, de las costumbres y formas de relaci\u00f3n que hoy imperan.<\/p>\n<p>Quiz\u00e1s la educaci\u00f3n que caracterizaba a la Europa de finales del siglo XIX y comienzos del XX, pudiera facilitar la aparici\u00f3n de ciertas patolog\u00edas, pero sin duda no es ese el estilo educativo que hoy practicamos.<\/p>\n<p>Lo que s\u00ed ha quedado en nuestra sociedad es el h\u00e1bito de culpabilizar a los padres de los problemas de sus hijos. Sin duda ninguna la frase que m\u00e1s he o\u00eddo a profesores, psic\u00f3logos, psicopedagogos y directores de colegio, cuando he ido a interesarme por la evoluci\u00f3n de un ni\u00f1o ha sido: \u201cel problema de este ni\u00f1o son sus padres\u201d.<\/p>\n<p>La labor de los padres no s\u00f3lo es criticada de manera habitual, sino que hoy en d\u00eda es claramente menospreciada y se considera perfectamente prescindible. \u00bfExagero?. Les propongo que hagan un peque\u00f1o ensayo. La prueba que les voy a proponer consta de dos partes, y la explicaci\u00f3n ser\u00e1 algo prolija, les ruego que me sigan.<\/p>\n<p>Primera parte: La pr\u00f3xima vez que tenga ocasi\u00f3n plantee la siguiente situaci\u00f3n a un grupo de amigos: cuente que su hermano, o su prima o un amigo, da igual, ha decidido tener un hijo a pesar de estar soltero y sin compromiso. Ya ha cumplido treinta a\u00f1os, ya tiene una buena posici\u00f3n laboral y cree que ha llegado el momento de tener un hijo, pero al no estar ni casado o casada, ni convivir con nadie, ni tener una relaci\u00f3n estable con otra persona ha decidido tenerlo solo, bien adoptando, o bien, si es mujer, por fecundaci\u00f3n\u00a0<em>in vitro<\/em>\u00a0o sencillamente, buscando alguien con quien tener una relaci\u00f3n sexual completa en una fecha en la que sea f\u00e9rtil para quedarse embarazada.<\/p>\n<p>Existen diferentes variables que van a influir en las opiniones que recoja sobre esta historia:<\/p>\n<p>En primer lugar, naturalmente, est\u00e1 c\u00f3mo plantea usted la historia. Si usted la plantea permitiendo que bien el tono o bien las palabras que utiliza denoten que est\u00e1 a favor o en contra de la decisi\u00f3n de \u201csu amigo\u201d, es muy posible que influya en la respuesta, as\u00ed que le recomendamos que intente mantener un tono neutro y que cuide que sus palabras no incluyan juicios de valor, as\u00ed facilitar\u00e1 que sus amigos expresen lo que piensan sin temor a contrariarle a usted, que es qui\u00e9n ha contado la historia.<\/p>\n<p>En segundo lugar es muy probable que las opiniones sean distintas si el protagonista de la historia es hombre o mujer. Para comprobarlo puede hacer este peque\u00f1o ensayo en diferentes c\u00edrculos, cambiando de protagonista. Habitualmente recibe una opini\u00f3n mucho m\u00e1s positiva cuando contamos que es una mujer quien ha decidido tener un hijo soltera. La mujeres, se asume, tienen ese instinto maternal, esa necesidad biol\u00f3gica de ser madres, e incluso este instinto les dota de unas habilidades naturales para ejercer de madres que les facilita la tarea. Por el contrario si es un hombre el que ha decidido tener un hijo soltero la historia parece ser menos cre\u00edble, menos natural. Es probable que haya incluso quien piense que ese sujeto que quiere tener un hijo \u00e9l solo es homosexual. Extraiga usted de esos comentarios sus propias conclusiones.<\/p>\n<p>En tercer lugar es probable que las opiniones tambi\u00e9n sean distintas si plantea esta situaci\u00f3n exclusivamente a un grupo de hombres o exclusivamente a un grupo de mujeres. La situaci\u00f3n ideal es en la que en el grupo hay tanto hombres como mujeres, normalmente los de puntos de vista son mucho m\u00e1s variados y enriquecen mucho la conversaci\u00f3n. Extraiga usted de este hecho sus propias conclusiones.<\/p>\n<p>Y sin duda un aspecto que influir\u00e1 significativamente en las opiniones que tengan sus amigos sobre el hecho que una persona haya decidido tener un hijo estando soltero, ser\u00e1 el medio escogido para ser padre o madre. Naturalmente si es hombre s\u00f3lo podr\u00e1 optar por la adopci\u00f3n, ya que la opci\u00f3n denominada \u201cvientre de alquiler\u201d no es legal en Espa\u00f1a, pero si el protagonista de su historia es una mujer podr\u00eda optar por adoptar, o por quedarse embarazada a trav\u00e9s de la fecundaci\u00f3n\u00a0<em>in vitro<\/em>, o podr\u00eda estudiar su ciclo menstrual para as\u00ed mantener relaciones sexuales completas con un hombre durante el periodo f\u00e9rtil y as\u00ed quedarse embarazada de manera natural. El hombre (el donante como se le llama en los \u201cbancos de semen\u201d) no tendr\u00eda por qu\u00e9 saber que estaba siendo utilizado concebir un hijo (e incluso es probable que prefiriera no saberlo). Si plantea esta \u00faltima situaci\u00f3n a un grupo de hombres, que su amiga va a buscar a alguien para poder mantener relaciones sexuales y quedarse embarazada, ver\u00e1 como no tarda alguno de ellos en ofrecerse voluntario. Extraiga usted de ese comentario sus propias conclusiones.<\/p>\n<p>Pero al margen del \u201cvoluntarismo\u201d de algunos hombres por dejar embarazada a una mujer sin asumir la responsabilidad que ello conlleva, f\u00edjese en las opiniones que despierta la decisi\u00f3n de \u201csu amigo\u201d (o \u201camiga\u201d).<\/p>\n<p>Las opiniones que reciba pueden variar desde el rechazo completo a que nadie tenga hijos estando soltero, independientemente de que sea adoptado o concebido por otra v\u00eda, hasta la opini\u00f3n de que es una idea maravillosa, que denota \u201cvalent\u00eda\u201d y provoca admiraci\u00f3n. En cualquier caso hoy en d\u00eda no es extra\u00f1o conocer a alguna persona soltera que ha adoptado a uno o varios ni\u00f1os, mucho menos extra\u00f1o es hablar de \u201cfamilias monoparentales\u201d. Esta situaci\u00f3n est\u00e1 siendo aceptada en nuestra sociedad sin excesivas dificultades.<\/p>\n<p>Hasta aqu\u00ed la primera parte de nuestra peque\u00f1a investigaci\u00f3n. La segunda parte es m\u00e1s sencilla. El\u00a0<em>modus operandi<\/em>\u00a0es el mismo, plantee en una conversaci\u00f3n con amigos que\u00a0<u>usted<\/u>\u00a0ha decidido eliminar todas las televisiones y pantallas (<em>tablets<\/em>) de su casa; indique que ha pensado, junto con su c\u00f3nyuge (o usted sola si es madre soltera) que no quiere que sus hijos est\u00e9n expuestos diariamente a las pantallas, m\u00e1s all\u00e1 de lo necesario para los estudios o el trabajo. Apunte que naturalmente no le importa que la vean de vez en cuando, si van a casa de amigos o de los abuelos, pero que prefiere que en su casa no haya pantallas, ni televisiones ni\u00a0<em>tablets<\/em>. A continuaci\u00f3n recl\u00ednese y escuche atentamente. Por mi experiencia le dir\u00e9 que es probable que oiga opiniones poco ponderadas, incluso alguien eleve el tono de voz. Ser\u00e1 muy poco probable que oiga que su decisi\u00f3n es \u201cvaliente\u201d y en cambio es f\u00e1cil que alguien diga que sus hijos \u00abvan a salir raritos\u201d. En mi experiencia ha ocurrido siempre que lo he planteado.<\/p>\n<p>El resultado m\u00e1s frecuente de nuestro peque\u00f1o ensayo es que una gran parte de las personas que forman nuestra sociedad consideran que tener un hijo siendo soltero o soltera es una decisi\u00f3n \u201cvaliente\u201d, que crecer sin padre o sin madre no afectar\u00e1 significativamente al desarrollo del ni\u00f1o, ni a sus relaciones con los dem\u00e1s, y sin embargo crecer sin televisi\u00f3n y sin\u00a0<em>tablet<\/em>\u00a0har\u00e1 que el ni\u00f1o crezca \u201csiendo rarito\u201d, que alterar\u00e1 su desarrollo y que tendr\u00e1 dificultades en las relaciones sociales. Extraiga usted sus propias conclusiones, y perm\u00edtame que exprese las m\u00eda.<\/p>\n<p>La conclusi\u00f3n es que, en opini\u00f3n de muchas personas, en una casa, en un hogar, puede faltar sin ning\u00fan problema el padre o la madre, pero bajo ning\u00fan concepto debe faltar la televisi\u00f3n y las\u00a0<em>tablets<\/em>, ya que conllevar\u00eda graves riesgos para el desarrollo normal del ni\u00f1o.<\/p>\n<p>Si efectivamente, tal y como muchas personas afirman, no existe ninguna carencia ni ning\u00fan problema por que un ni\u00f1o crezca sin padre o sin madre, y da igual crecer en una familia monoparental o en una familia formada por un padre y una madre, entonces la labor de uno de los dos, del padre o de la madre, es absolutamente prescindible.<\/p>\n<p>La sociedad actual propone que los padres o las madres no hacemos ninguna falta. Basta con que haya uno de los dos, tal y c\u00f3mo dec\u00edamos al comienzo de este razonamiento: el padre (o la madre) es prescindible, sobra. Esto es grave. M\u00e1s a\u00fan. Es muy grave. (Y si le molesta mi opini\u00f3n cambie de blog, pero perm\u00edtame ejercer mi libertad de pensamiento y de expresi\u00f3n).<\/p>\n<p>Esta es la situaci\u00f3n de la sociedad actual. No s\u00f3lo considera en gran medida que los padres somos los culpables de los problemas, e incluso de las patolog\u00edas mentales que puedan sufrir nuestros hijos, sino que, adem\u00e1s, somos prescindibles.<\/p>\n<p>Ahora, querido lector, piense en t\u00e9rminos personales, piense en usted mismo. \u00bfQui\u00e9n es usted?, \u00bfc\u00f3mo ha llegado a ser qui\u00e9n es?. \u00bfQu\u00e9 influencia ha tenido en usted y en qui\u00e9n es, su padre y su madre? \u00bfSer\u00eda usted el mismo si hubiera crecido sin su madre o su padre? \u00bfDe cu\u00e1l de los dos podr\u00eda haber prescindido, sin que hubiera tenido la m\u00e1s m\u00ednima influencia en usted?<\/p>\n<p>Quiz\u00e1s usted ha crecido siendo hu\u00e9rfano de padre o de madre, o, sencillamente, es usted hijo de una madre o de un padre soltero. \u00bfCree que hubiera sido distinto, hubiera crecido en un entorno distinto, si hubiera tenido a su madre o a su padre junto usted?<\/p>\n<p>Por otro lado, si usted ya es madre o padre, \u00bfcree que sus hijos crecer\u00edan igual sin usted?. Si prescindi\u00e9ramos de usted y sus hijos crecieran \u00fanicamente con su c\u00f3nyuge, \u00bfcrecer\u00edan exactamente igual?.<\/p>\n<p>Esto es lo que la sociedad actual est\u00e1 gritando: usted o su c\u00f3nyuge son prescindibles. Reflexione pausadamente sobre esta idea y extraiga usted sus propias conclusiones.<\/p>\n<p><a href=\"https:\/\/open.spotify.com\/episode\/3Nr4KLJNwgQVdVtxzpNlbR?si=3bef5f6053664f93\" target=\"_blank\" rel=\"noopener\"><strong>Spotify<\/strong><\/a><\/p>\n","protected":false},"excerpt":{"rendered":"<p>No existe en este momento ninguna labor honesta, generosa y abnegada que sea m\u00e1s denostada, criticada o menospreciada que la de ser padres. Los padres somos criticados por psic\u00f3logos, psiquiatras, profesores, \u201ceducadores\u201d, periodistas, presentadores de televisi\u00f3n y radio y vecinos en general. \u00bfPor qu\u00e9? Eso habr\u00eda que pregunt\u00e1rselo a ellos. Supongo que todo comenz\u00f3 hace [&hellip;]<\/p>\n","protected":false},"author":113,"featured_media":90872,"comment_status":"closed","ping_status":"closed","sticky":false,"template":"","format":"standard","meta":{"_acf_changed":false,"_crdt_document":"","inline_featured_image":false,"footnotes":""},"categories":[130],"tags":[1854,617,7164,7284,11783,4953],"class_list":["post-90871","post","type-post","status-publish","format-standard","has-post-thumbnail","hentry","category-voces","tag-educacion","tag-familia","tag-persona-3","tag-sociedad","tag-tecnologia-2","tag-trending-es"],"acf":[],"yoast_head":"<!-- This site is optimized with the Yoast SEO plugin v27.4 - https:\/\/yoast.com\/product\/yoast-seo-wordpress\/ -->\n<title>Sin pap\u00e1 o sin tablet, \u00bfQu\u00e9 es peor? &#8211; Exaudi<\/title>\n<meta name=\"robots\" content=\"index, follow, max-snippet:-1, max-image-preview:large, max-video-preview:-1\" \/>\n<link rel=\"canonical\" href=\"https:\/\/exaudi.org\/es\/sin-papa-o-sin-tablet-que-es-peor\/\" \/>\n<meta property=\"og:locale\" content=\"es_ES\" \/>\n<meta property=\"og:type\" content=\"article\" \/>\n<meta property=\"og:title\" content=\"Sin pap\u00e1 o sin tablet, \u00bfQu\u00e9 es peor? &#8211; Exaudi\" \/>\n<meta property=\"og:description\" content=\"No existe en este momento ninguna labor honesta, generosa y abnegada que sea m\u00e1s denostada, criticada o menospreciada que la de ser padres. Los padres somos criticados por psic\u00f3logos, psiquiatras, profesores, \u201ceducadores\u201d, periodistas, presentadores de televisi\u00f3n y radio y vecinos en general. \u00bfPor qu\u00e9? Eso habr\u00eda que pregunt\u00e1rselo a ellos. Supongo que todo comenz\u00f3 hace [&hellip;]\" \/>\n<meta property=\"og:url\" content=\"https:\/\/exaudi.org\/es\/sin-papa-o-sin-tablet-que-es-peor\/\" \/>\n<meta property=\"og:site_name\" content=\"Exaudi\" \/>\n<meta property=\"article:publisher\" content=\"https:\/\/www.facebook.com\/ExaudiNews\" \/>\n<meta property=\"article:published_time\" content=\"2023-12-21T08:30:16+00:00\" \/>\n<meta property=\"article:modified_time\" content=\"2023-12-21T08:39:15+00:00\" \/>\n<meta property=\"og:image\" content=\"https:\/\/exaudi.org\/wp-content\/uploads\/2023\/12\/pexels-kampus-production-7414064-scaled.jpg\" \/>\n\t<meta property=\"og:image:width\" content=\"2560\" \/>\n\t<meta property=\"og:image:height\" content=\"1707\" \/>\n\t<meta property=\"og:image:type\" content=\"image\/jpeg\" \/>\n<meta name=\"author\" content=\"Nacho Calder\u00f3n Castro\" \/>\n<meta name=\"twitter:card\" content=\"summary_large_image\" \/>\n<meta name=\"twitter:creator\" content=\"@Exaudi_News\" \/>\n<meta name=\"twitter:site\" content=\"@Exaudi_News\" \/>\n<meta name=\"twitter:label1\" content=\"Escrito por\" \/>\n\t<meta name=\"twitter:data1\" content=\"Nacho Calder\u00f3n Castro\" \/>\n\t<meta name=\"twitter:label2\" content=\"Tiempo de lectura\" \/>\n\t<meta name=\"twitter:data2\" content=\"9 minutos\" \/>\n<script type=\"application\/ld+json\" class=\"yoast-schema-graph\">{\"@context\":\"https:\\\/\\\/schema.org\",\"@graph\":[{\"@type\":\"Article\",\"@id\":\"https:\\\/\\\/exaudi.org\\\/es\\\/sin-papa-o-sin-tablet-que-es-peor\\\/#article\",\"isPartOf\":{\"@id\":\"https:\\\/\\\/exaudi.org\\\/es\\\/sin-papa-o-sin-tablet-que-es-peor\\\/\"},\"author\":{\"name\":\"Nacho Calder\u00f3n Castro\",\"@id\":\"https:\\\/\\\/exaudi.org\\\/#\\\/schema\\\/person\\\/81a36269482bc7d6a5a3ab8317a57a2f\"},\"headline\":\"Sin pap\u00e1 o sin tablet, \u00bfQu\u00e9 es peor?\",\"datePublished\":\"2023-12-21T08:30:16+00:00\",\"dateModified\":\"2023-12-21T08:39:15+00:00\",\"mainEntityOfPage\":{\"@id\":\"https:\\\/\\\/exaudi.org\\\/es\\\/sin-papa-o-sin-tablet-que-es-peor\\\/\"},\"wordCount\":1838,\"image\":{\"@id\":\"https:\\\/\\\/exaudi.org\\\/es\\\/sin-papa-o-sin-tablet-que-es-peor\\\/#primaryimage\"},\"thumbnailUrl\":\"https:\\\/\\\/exaudi.org\\\/wp-content\\\/uploads\\\/2023\\\/12\\\/pexels-kampus-production-7414064-scaled.jpg\",\"keywords\":[\"Educaci\u00f3n\",\"Familia\",\"Persona\",\"Sociedad\",\"Tecnolog\u00eda\",\"Trending\"],\"articleSection\":[\"Voces\"],\"inLanguage\":\"es\"},{\"@type\":\"WebPage\",\"@id\":\"https:\\\/\\\/exaudi.org\\\/es\\\/sin-papa-o-sin-tablet-que-es-peor\\\/\",\"url\":\"https:\\\/\\\/exaudi.org\\\/es\\\/sin-papa-o-sin-tablet-que-es-peor\\\/\",\"name\":\"Sin pap\u00e1 o sin tablet, \u00bfQu\u00e9 es peor? &#8211; Exaudi\",\"isPartOf\":{\"@id\":\"https:\\\/\\\/exaudi.org\\\/#website\"},\"primaryImageOfPage\":{\"@id\":\"https:\\\/\\\/exaudi.org\\\/es\\\/sin-papa-o-sin-tablet-que-es-peor\\\/#primaryimage\"},\"image\":{\"@id\":\"https:\\\/\\\/exaudi.org\\\/es\\\/sin-papa-o-sin-tablet-que-es-peor\\\/#primaryimage\"},\"thumbnailUrl\":\"https:\\\/\\\/exaudi.org\\\/wp-content\\\/uploads\\\/2023\\\/12\\\/pexels-kampus-production-7414064-scaled.jpg\",\"datePublished\":\"2023-12-21T08:30:16+00:00\",\"dateModified\":\"2023-12-21T08:39:15+00:00\",\"author\":{\"@id\":\"https:\\\/\\\/exaudi.org\\\/#\\\/schema\\\/person\\\/81a36269482bc7d6a5a3ab8317a57a2f\"},\"breadcrumb\":{\"@id\":\"https:\\\/\\\/exaudi.org\\\/es\\\/sin-papa-o-sin-tablet-que-es-peor\\\/#breadcrumb\"},\"inLanguage\":\"es\",\"potentialAction\":[{\"@type\":\"ReadAction\",\"target\":[\"https:\\\/\\\/exaudi.org\\\/es\\\/sin-papa-o-sin-tablet-que-es-peor\\\/\"]}]},{\"@type\":\"ImageObject\",\"inLanguage\":\"es\",\"@id\":\"https:\\\/\\\/exaudi.org\\\/es\\\/sin-papa-o-sin-tablet-que-es-peor\\\/#primaryimage\",\"url\":\"https:\\\/\\\/exaudi.org\\\/wp-content\\\/uploads\\\/2023\\\/12\\\/pexels-kampus-production-7414064-scaled.jpg\",\"contentUrl\":\"https:\\\/\\\/exaudi.org\\\/wp-content\\\/uploads\\\/2023\\\/12\\\/pexels-kampus-production-7414064-scaled.jpg\",\"width\":2560,\"height\":1707},{\"@type\":\"BreadcrumbList\",\"@id\":\"https:\\\/\\\/exaudi.org\\\/es\\\/sin-papa-o-sin-tablet-que-es-peor\\\/#breadcrumb\",\"itemListElement\":[{\"@type\":\"ListItem\",\"position\":1,\"name\":\"Portada\",\"item\":\"https:\\\/\\\/exaudi.org\\\/es\\\/\"},{\"@type\":\"ListItem\",\"position\":2,\"name\":\"Sin pap\u00e1 o sin tablet, \u00bfQu\u00e9 es peor?\"}]},{\"@type\":\"WebSite\",\"@id\":\"https:\\\/\\\/exaudi.org\\\/#website\",\"url\":\"https:\\\/\\\/exaudi.org\\\/\",\"name\":\"Exaudi\",\"description\":\"News\",\"potentialAction\":[{\"@type\":\"SearchAction\",\"target\":{\"@type\":\"EntryPoint\",\"urlTemplate\":\"https:\\\/\\\/exaudi.org\\\/?s={search_term_string}\"},\"query-input\":{\"@type\":\"PropertyValueSpecification\",\"valueRequired\":true,\"valueName\":\"search_term_string\"}}],\"inLanguage\":\"es\"},{\"@type\":\"Person\",\"@id\":\"https:\\\/\\\/exaudi.org\\\/#\\\/schema\\\/person\\\/81a36269482bc7d6a5a3ab8317a57a2f\",\"name\":\"Nacho Calder\u00f3n Castro\",\"image\":{\"@type\":\"ImageObject\",\"inLanguage\":\"es\",\"@id\":\"https:\\\/\\\/secure.gravatar.com\\\/avatar\\\/9a83221fb83e62554f576fc80e7b576f2b3f5ebbb98b6adcdf828c6895c6c906?s=96&d=mm&r=g\",\"url\":\"https:\\\/\\\/secure.gravatar.com\\\/avatar\\\/9a83221fb83e62554f576fc80e7b576f2b3f5ebbb98b6adcdf828c6895c6c906?s=96&d=mm&r=g\",\"contentUrl\":\"https:\\\/\\\/secure.gravatar.com\\\/avatar\\\/9a83221fb83e62554f576fc80e7b576f2b3f5ebbb98b6adcdf828c6895c6c906?s=96&d=mm&r=g\",\"caption\":\"Nacho Calder\u00f3n Castro\"},\"description\":\"Nacho es el fundador y director del Instituto de Neuropsicolog\u00eda y Psicopedagog\u00eda Aplicadas (INPA) en Madrid, Espa\u00f1a y forma parte del equipo de Neurological Rehabilitation International Consultants, dirigiendo su centro en Laredo, Texas, tareas que compatibiliza impartiendo conferencias en centros de ense\u00f1anza, desde jardines de infancia hasta universidades. Ha sido colaborador con con el programa de radio La Ma\u00f1ana de COPE, dirigido por Javi Nieves durante los cursos 2012 \u2013 2014 y es profesor del Instituto de Estudios Familiares \u2013 IDEFA. En el a\u00f1o 2013 fue llamado por el Dr. Unruh para continuar su labor en Estados Unidos. Para realizar tal tarea y en reconocimiento a su trayectoria profesional, el gobierno de aquel pa\u00eds le ha concedido el visado 01, otorgado a personas con \u201chabilidades extraordinarias\u201d. Desde mayo de 2017 Nacho ha trasladado esta consulta a Pachuca, en el estado de Hidalgo, en M\u00e9xico, y de ese modo trabaja junto con Iliana Guevara Rivera, con quien comparte una trayectoria profesional desde noviembre de 1992. Nacho Calder\u00f3n atiende por tanto a pacientes en M\u00e9xico a lo largo de tres meses al a\u00f1o \u2013 febrero, junio y octubre -, dedicando ocho meses a la atenci\u00f3n de pacientes en Espa\u00f1a. Licenciado en Psicolog\u00eda, comenz\u00f3 su labor profesional en los Institutos para el Logro del Potencial Humano en Filadelfia, junto con Glenn, Janet y Douglas Doman, donde estuvo durante dos a\u00f1os completos. Durante este periodo atendi\u00f3 a familias en Filadelfia, Fauglia (Italia) y Tokio (Jap\u00f3n). A su regreso a Espa\u00f1a en 1995, fue co-fundador de la asociaci\u00f3n Institutos Fay para la Estimulaci\u00f3n Multisensorial. Nacho trajo el primer Audiokinetron (para el tratamiento B\u00e8rard) que hubo en nuestro pa\u00eds. En 1997 comenz\u00f3 su formaci\u00f3n como evaluador con el m\u00e9todo IRLEN, tras su paso por el IRLEN Center de Helen Irlen en California, se convirti\u00f3 en 1999 en el responsable de dicho m\u00e9todo en la pen\u00ednsula. En el curso de 1997-98, complet\u00f3 su formaci\u00f3n en reflejos primitivos de la mano de Peter Blythe y Sally Goddar. M\u00e1s tarde continuar\u00eda su formaci\u00f3n junto con Kjelt Johansen, Harald Blomberg y Beatriz y Sonia Padovan. Ha sido instructor KUMON durante m\u00e1s de 10 a\u00f1os y ha dado conferencias en B\u00e9lgica, Italia, Alemania y Reino Unido. Nacho ha sido profesor en el Master de dise\u00f1o infantil en espacio y producto del Instituto Europeo de dise\u00f1o y en la actualidad compagina toda su labor cl\u00ednica con la formaci\u00f3n en el Master para la formaci\u00f3n del profesorado de la Universidad Rey Juan Carlos.\",\"sameAs\":[\"https:\\\/\\\/inpa.info\\\/\"],\"url\":\"https:\\\/\\\/exaudi.org\\\/es\\\/author\\\/nacho-calderon-castro\\\/\"}]}<\/script>\n<!-- \/ Yoast SEO plugin. -->","yoast_head_json":{"title":"Sin pap\u00e1 o sin tablet, \u00bfQu\u00e9 es peor? &#8211; Exaudi","robots":{"index":"index","follow":"follow","max-snippet":"max-snippet:-1","max-image-preview":"max-image-preview:large","max-video-preview":"max-video-preview:-1"},"canonical":"https:\/\/exaudi.org\/es\/sin-papa-o-sin-tablet-que-es-peor\/","og_locale":"es_ES","og_type":"article","og_title":"Sin pap\u00e1 o sin tablet, \u00bfQu\u00e9 es peor? &#8211; Exaudi","og_description":"No existe en este momento ninguna labor honesta, generosa y abnegada que sea m\u00e1s denostada, criticada o menospreciada que la de ser padres. Los padres somos criticados por psic\u00f3logos, psiquiatras, profesores, \u201ceducadores\u201d, periodistas, presentadores de televisi\u00f3n y radio y vecinos en general. \u00bfPor qu\u00e9? Eso habr\u00eda que pregunt\u00e1rselo a ellos. Supongo que todo comenz\u00f3 hace [&hellip;]","og_url":"https:\/\/exaudi.org\/es\/sin-papa-o-sin-tablet-que-es-peor\/","og_site_name":"Exaudi","article_publisher":"https:\/\/www.facebook.com\/ExaudiNews","article_published_time":"2023-12-21T08:30:16+00:00","article_modified_time":"2023-12-21T08:39:15+00:00","og_image":[{"width":2560,"height":1707,"url":"https:\/\/exaudi.org\/wp-content\/uploads\/2023\/12\/pexels-kampus-production-7414064-scaled.jpg","type":"image\/jpeg"}],"author":"Nacho Calder\u00f3n Castro","twitter_card":"summary_large_image","twitter_creator":"@Exaudi_News","twitter_site":"@Exaudi_News","twitter_misc":{"Escrito por":"Nacho Calder\u00f3n Castro","Tiempo de lectura":"9 minutos"},"schema":{"@context":"https:\/\/schema.org","@graph":[{"@type":"Article","@id":"https:\/\/exaudi.org\/es\/sin-papa-o-sin-tablet-que-es-peor\/#article","isPartOf":{"@id":"https:\/\/exaudi.org\/es\/sin-papa-o-sin-tablet-que-es-peor\/"},"author":{"name":"Nacho Calder\u00f3n Castro","@id":"https:\/\/exaudi.org\/#\/schema\/person\/81a36269482bc7d6a5a3ab8317a57a2f"},"headline":"Sin pap\u00e1 o sin tablet, \u00bfQu\u00e9 es peor?","datePublished":"2023-12-21T08:30:16+00:00","dateModified":"2023-12-21T08:39:15+00:00","mainEntityOfPage":{"@id":"https:\/\/exaudi.org\/es\/sin-papa-o-sin-tablet-que-es-peor\/"},"wordCount":1838,"image":{"@id":"https:\/\/exaudi.org\/es\/sin-papa-o-sin-tablet-que-es-peor\/#primaryimage"},"thumbnailUrl":"https:\/\/exaudi.org\/wp-content\/uploads\/2023\/12\/pexels-kampus-production-7414064-scaled.jpg","keywords":["Educaci\u00f3n","Familia","Persona","Sociedad","Tecnolog\u00eda","Trending"],"articleSection":["Voces"],"inLanguage":"es"},{"@type":"WebPage","@id":"https:\/\/exaudi.org\/es\/sin-papa-o-sin-tablet-que-es-peor\/","url":"https:\/\/exaudi.org\/es\/sin-papa-o-sin-tablet-que-es-peor\/","name":"Sin pap\u00e1 o sin tablet, \u00bfQu\u00e9 es peor? &#8211; Exaudi","isPartOf":{"@id":"https:\/\/exaudi.org\/#website"},"primaryImageOfPage":{"@id":"https:\/\/exaudi.org\/es\/sin-papa-o-sin-tablet-que-es-peor\/#primaryimage"},"image":{"@id":"https:\/\/exaudi.org\/es\/sin-papa-o-sin-tablet-que-es-peor\/#primaryimage"},"thumbnailUrl":"https:\/\/exaudi.org\/wp-content\/uploads\/2023\/12\/pexels-kampus-production-7414064-scaled.jpg","datePublished":"2023-12-21T08:30:16+00:00","dateModified":"2023-12-21T08:39:15+00:00","author":{"@id":"https:\/\/exaudi.org\/#\/schema\/person\/81a36269482bc7d6a5a3ab8317a57a2f"},"breadcrumb":{"@id":"https:\/\/exaudi.org\/es\/sin-papa-o-sin-tablet-que-es-peor\/#breadcrumb"},"inLanguage":"es","potentialAction":[{"@type":"ReadAction","target":["https:\/\/exaudi.org\/es\/sin-papa-o-sin-tablet-que-es-peor\/"]}]},{"@type":"ImageObject","inLanguage":"es","@id":"https:\/\/exaudi.org\/es\/sin-papa-o-sin-tablet-que-es-peor\/#primaryimage","url":"https:\/\/exaudi.org\/wp-content\/uploads\/2023\/12\/pexels-kampus-production-7414064-scaled.jpg","contentUrl":"https:\/\/exaudi.org\/wp-content\/uploads\/2023\/12\/pexels-kampus-production-7414064-scaled.jpg","width":2560,"height":1707},{"@type":"BreadcrumbList","@id":"https:\/\/exaudi.org\/es\/sin-papa-o-sin-tablet-que-es-peor\/#breadcrumb","itemListElement":[{"@type":"ListItem","position":1,"name":"Portada","item":"https:\/\/exaudi.org\/es\/"},{"@type":"ListItem","position":2,"name":"Sin pap\u00e1 o sin tablet, \u00bfQu\u00e9 es peor?"}]},{"@type":"WebSite","@id":"https:\/\/exaudi.org\/#website","url":"https:\/\/exaudi.org\/","name":"Exaudi","description":"News","potentialAction":[{"@type":"SearchAction","target":{"@type":"EntryPoint","urlTemplate":"https:\/\/exaudi.org\/?s={search_term_string}"},"query-input":{"@type":"PropertyValueSpecification","valueRequired":true,"valueName":"search_term_string"}}],"inLanguage":"es"},{"@type":"Person","@id":"https:\/\/exaudi.org\/#\/schema\/person\/81a36269482bc7d6a5a3ab8317a57a2f","name":"Nacho Calder\u00f3n Castro","image":{"@type":"ImageObject","inLanguage":"es","@id":"https:\/\/secure.gravatar.com\/avatar\/9a83221fb83e62554f576fc80e7b576f2b3f5ebbb98b6adcdf828c6895c6c906?s=96&d=mm&r=g","url":"https:\/\/secure.gravatar.com\/avatar\/9a83221fb83e62554f576fc80e7b576f2b3f5ebbb98b6adcdf828c6895c6c906?s=96&d=mm&r=g","contentUrl":"https:\/\/secure.gravatar.com\/avatar\/9a83221fb83e62554f576fc80e7b576f2b3f5ebbb98b6adcdf828c6895c6c906?s=96&d=mm&r=g","caption":"Nacho Calder\u00f3n Castro"},"description":"Nacho es el fundador y director del Instituto de Neuropsicolog\u00eda y Psicopedagog\u00eda Aplicadas (INPA) en Madrid, Espa\u00f1a y forma parte del equipo de Neurological Rehabilitation International Consultants, dirigiendo su centro en Laredo, Texas, tareas que compatibiliza impartiendo conferencias en centros de ense\u00f1anza, desde jardines de infancia hasta universidades. Ha sido colaborador con con el programa de radio La Ma\u00f1ana de COPE, dirigido por Javi Nieves durante los cursos 2012 \u2013 2014 y es profesor del Instituto de Estudios Familiares \u2013 IDEFA. En el a\u00f1o 2013 fue llamado por el Dr. Unruh para continuar su labor en Estados Unidos. Para realizar tal tarea y en reconocimiento a su trayectoria profesional, el gobierno de aquel pa\u00eds le ha concedido el visado 01, otorgado a personas con \u201chabilidades extraordinarias\u201d. Desde mayo de 2017 Nacho ha trasladado esta consulta a Pachuca, en el estado de Hidalgo, en M\u00e9xico, y de ese modo trabaja junto con Iliana Guevara Rivera, con quien comparte una trayectoria profesional desde noviembre de 1992. Nacho Calder\u00f3n atiende por tanto a pacientes en M\u00e9xico a lo largo de tres meses al a\u00f1o \u2013 febrero, junio y octubre -, dedicando ocho meses a la atenci\u00f3n de pacientes en Espa\u00f1a. Licenciado en Psicolog\u00eda, comenz\u00f3 su labor profesional en los Institutos para el Logro del Potencial Humano en Filadelfia, junto con Glenn, Janet y Douglas Doman, donde estuvo durante dos a\u00f1os completos. Durante este periodo atendi\u00f3 a familias en Filadelfia, Fauglia (Italia) y Tokio (Jap\u00f3n). A su regreso a Espa\u00f1a en 1995, fue co-fundador de la asociaci\u00f3n Institutos Fay para la Estimulaci\u00f3n Multisensorial. Nacho trajo el primer Audiokinetron (para el tratamiento B\u00e8rard) que hubo en nuestro pa\u00eds. En 1997 comenz\u00f3 su formaci\u00f3n como evaluador con el m\u00e9todo IRLEN, tras su paso por el IRLEN Center de Helen Irlen en California, se convirti\u00f3 en 1999 en el responsable de dicho m\u00e9todo en la pen\u00ednsula. En el curso de 1997-98, complet\u00f3 su formaci\u00f3n en reflejos primitivos de la mano de Peter Blythe y Sally Goddar. M\u00e1s tarde continuar\u00eda su formaci\u00f3n junto con Kjelt Johansen, Harald Blomberg y Beatriz y Sonia Padovan. Ha sido instructor KUMON durante m\u00e1s de 10 a\u00f1os y ha dado conferencias en B\u00e9lgica, Italia, Alemania y Reino Unido. Nacho ha sido profesor en el Master de dise\u00f1o infantil en espacio y producto del Instituto Europeo de dise\u00f1o y en la actualidad compagina toda su labor cl\u00ednica con la formaci\u00f3n en el Master para la formaci\u00f3n del profesorado de la Universidad Rey Juan Carlos.","sameAs":["https:\/\/inpa.info\/"],"url":"https:\/\/exaudi.org\/es\/author\/nacho-calderon-castro\/"}]}},"jetpack_featured_media_url":"https:\/\/exaudi.org\/wp-content\/uploads\/2023\/12\/pexels-kampus-production-7414064-scaled.jpg","jetpack_shortlink":"https:\/\/wp.me\/pgKjF2-nDF","_links":{"self":[{"href":"https:\/\/exaudi.org\/es\/wp-json\/wp\/v2\/posts\/90871","targetHints":{"allow":["GET"]}}],"collection":[{"href":"https:\/\/exaudi.org\/es\/wp-json\/wp\/v2\/posts"}],"about":[{"href":"https:\/\/exaudi.org\/es\/wp-json\/wp\/v2\/types\/post"}],"author":[{"embeddable":true,"href":"https:\/\/exaudi.org\/es\/wp-json\/wp\/v2\/users\/113"}],"replies":[{"embeddable":true,"href":"https:\/\/exaudi.org\/es\/wp-json\/wp\/v2\/comments?post=90871"}],"version-history":[{"count":0,"href":"https:\/\/exaudi.org\/es\/wp-json\/wp\/v2\/posts\/90871\/revisions"}],"wp:featuredmedia":[{"embeddable":true,"href":"https:\/\/exaudi.org\/es\/wp-json\/wp\/v2\/media\/90872"}],"wp:attachment":[{"href":"https:\/\/exaudi.org\/es\/wp-json\/wp\/v2\/media?parent=90871"}],"wp:term":[{"taxonomy":"category","embeddable":true,"href":"https:\/\/exaudi.org\/es\/wp-json\/wp\/v2\/categories?post=90871"},{"taxonomy":"post_tag","embeddable":true,"href":"https:\/\/exaudi.org\/es\/wp-json\/wp\/v2\/tags?post=90871"}],"curies":[{"name":"wp","href":"https:\/\/api.w.org\/{rel}","templated":true}]}}