{"id":90816,"date":"2023-12-20T15:06:08","date_gmt":"2023-12-20T14:06:08","guid":{"rendered":"https:\/\/exaudi.org\/?p=90816"},"modified":"2023-12-20T15:09:58","modified_gmt":"2023-12-20T14:09:58","slug":"francisco-a-traves-del-pesebre-salir-de-la-voragine-consumista-y-superficia-para-adentrarnos-en-lo-esencial-y-percibir-la-cercania-de-dios","status":"publish","type":"post","link":"https:\/\/exaudi.org\/es\/francisco-a-traves-del-pesebre-salir-de-la-voragine-consumista-y-superficia-para-adentrarnos-en-lo-esencial-y-percibir-la-cercania-de-dios\/","title":{"rendered":"El Papa: \u00abAnte el pesebre volvemos a lo esencial, las personas antes que las cosas\u00bb"},"content":{"rendered":"<audio class=\"wp-audio-shortcode\" id=\"audio-90816-1\" preload=\"none\" style=\"width: 100%;\" controls=\"controls\"><source type=\"audio\/mpeg\" src=\"https:\/\/exaudi.org\/wp-content\/uploads\/2023\/12\/Ante-el-pesebre-volvemos-a-lo-esencial-las-personas-antes-que-las-cosas.mp3?_=1\" \/><a href=\"https:\/\/exaudi.org\/wp-content\/uploads\/2023\/12\/Ante-el-pesebre-volvemos-a-lo-esencial-las-personas-antes-que-las-cosas.mp3\">https:\/\/exaudi.org\/wp-content\/uploads\/2023\/12\/Ante-el-pesebre-volvemos-a-lo-esencial-las-personas-antes-que-las-cosas.mp3<\/a><\/audio>\n<p>\u201cLas personas antes que las cosas\u201d es lo que la Navidad deber\u00eda suscitar en nuestras vidas. Personas sencillas que como en el pesebre se postran ante la extrema humildad del Se\u00f1or, en una pobre gruta de Bel\u00e9n. Esta es la prioridad para el Papa, que hoy en su catequesis de la Audiencia General de este mi\u00e9rcoles, habl\u00f3 ante la numerosa platea de fieles y peregrinos presentes en el Aula Pablo VI, sobre el verdadero significado de la Navidad y de c\u00f3mo, a trav\u00e9s del pesebre, salir de la vor\u00e1gine consumista y superficial, para adentrarnos en lo esencial y percibir la cercan\u00eda de Dios de manera concreta.<\/p>\n<p>A continuaci\u00f3n, sigue el texto completo de la catequesis del Papa en la audiencia general.<\/p>\n<p>***<\/p>\n<p><b>Catequesis<i>. El bel\u00e9n de Greccio, escuela de sobriedad y de alegr\u00eda<\/i><\/b><\/p>\n<p>Queridos hermanos y hermanas, \u00a1buenos d\u00edas!<\/p>\n<p>Hace 800 a\u00f1os, en la Navidad de 1223, san Francisco cre\u00f3 el bel\u00e9n viviente de Greccio. Ahora que el bel\u00e9n se prepara o se completa en las casas y en muchos otros lugares, es bueno que redescubramos sus or\u00edgenes.<\/p>\n<p>\u00bfC\u00f3mo surgi\u00f3 el bel\u00e9n? \u00bfCu\u00e1l era la intenci\u00f3n de San Francisco? Dijo: \u00abQuisiera representar al Ni\u00f1o nacido en Bel\u00e9n, y de alguna manera ver con los ojos del cuerpo las penurias en que se encontr\u00f3 por falta de las cosas necesarias para un ni\u00f1o, c\u00f3mo fue acostado en un pesebre y c\u00f3mo yaci\u00f3 sobre el heno entre el buey y el asno\u00bb (Tom\u00e1s de Celano, Vita prima, XXX, 84: FF 468). Francisco no quiere crear una bella obra de arte, sino suscitar, a trav\u00e9s del pesebre, el asombro por la extrema humildad del Se\u00f1or, por las privaciones que sufri\u00f3, por amor a nosotros, en la pobre gruta de Bel\u00e9n. De hecho, el bi\u00f3grafo del Santo de As\u00eds se\u00f1ala: \u00abEn esa conmovedora escena resplandece la sencillez evang\u00e9lica, se alaba la pobreza, se recomienda la humildad. Greccio se ha convertido como en un nuevo Bel\u00e9n\u00bb (ib\u00edd., 85). He subrayado una palabra: asombro. Y esto es importante. Si los cristianos miramos el bel\u00e9n como algo bello, como algo hist\u00f3rico, incluso religioso, y rezamos, esto no basta. Ante el misterio de la encarnaci\u00f3n del Verbo, ante el nacimiento de Jes\u00fas, necesitamos esta actitud religiosa de asombro. Si yo ante los misterios no llego a este asombro, mi fe es simplemente superficial; una fe \u00abde ordenador\u00bb. No lo olvid\u00e9is.<\/p>\n<p><img loading=\"lazy\" decoding=\"async\" class=\"alignright size-medium wp-image-90821\" src=\"https:\/\/exaudi.org\/wp-content\/uploads\/2023\/12\/AG-57-300x300.jpg\" alt=\"\" width=\"300\" height=\"300\" srcset=\"https:\/\/exaudi.org\/wp-content\/uploads\/2023\/12\/AG-57-300x300.jpg 300w, https:\/\/exaudi.org\/wp-content\/uploads\/2023\/12\/AG-57-100x100.jpg?crop=1 100w, https:\/\/exaudi.org\/wp-content\/uploads\/2023\/12\/AG-57-500x500.jpg 500w, https:\/\/exaudi.org\/wp-content\/uploads\/2023\/12\/AG-57-293x293.jpg 293w, https:\/\/exaudi.org\/wp-content\/uploads\/2023\/12\/AG-57-390x390.jpg 390w, https:\/\/exaudi.org\/wp-content\/uploads\/2023\/12\/AG-57-585x585.jpg 585w, https:\/\/exaudi.org\/wp-content\/uploads\/2023\/12\/AG-57.jpg 720w\" sizes=\"auto, (max-width: 300px) 100vw, 300px\" \/>Y una caracter\u00edstica del bel\u00e9n es que naci\u00f3 como escuela de sobriedad. Y esto tiene mucho que decirnos. Hoy, en efecto, el riesgo de perder lo que cuenta en la vida es grande, y parad\u00f3jicamente aumenta precisamente en Navidad -cambia la mentalidad de la Navidad-: inmersos en un consumismo que corroe su sentido. El consumismo de la Navidad. Es cierto, quieres hacer regalos, est\u00e1 bien, es una forma, pero ese frenes\u00ed por ir de compras, eso llama la atenci\u00f3n hacia otro lado y no hay esa sobriedad de la Navidad. Fij\u00e9monos en el bel\u00e9n: ese asombro ante el bel\u00e9n. A veces no hay espacio interior para el asombro, sino s\u00f3lo para organizar fiestas, para hacer comilonas.<\/p>\n<p>Y el bel\u00e9n fue creado para devolvernos a lo que importa: a Dios que viene a habitar entre nosotros. Por eso es importante mirar el pesebre, porque nos ayuda a comprender lo que importa y tambi\u00e9n las relaciones sociales de Jes\u00fas en aquel momento, la familia Jos\u00e9 y Mar\u00eda, y los seres queridos, los pastores. Las personas antes que las cosas. Y tantas veces anteponemos las cosas a las personas. Esto no funciona.<\/p>\n<p>Pero el bel\u00e9n de Greccio, adem\u00e1s de la sobriedad que muestra, tambi\u00e9n habla de alegr\u00eda, porque la alegr\u00eda es una cosa distinta de la diversi\u00f3n. Pero divertirse no es malo si se hace por buenos caminos; no es malo, es algo humano. Pero la alegr\u00eda es a\u00fan m\u00e1s profunda, m\u00e1s humana. Y a veces existe la tentaci\u00f3n de divertirse sin alegr\u00eda; de divertirse haciendo ruido, pero la alegr\u00eda no est\u00e1 ah\u00ed. Es un poco como la figura del payaso, que r\u00ede, hace re\u00edr, pero el coraz\u00f3n est\u00e1 triste. La alegr\u00eda es la ra\u00edz de la buena diversi\u00f3n navide\u00f1a. Y sobre la alegr\u00eda, la cr\u00f3nica dice: \u00ab\u00a1Y llega el d\u00eda de la alegr\u00eda, el tiempo del regocijo! [&#8230;] Francisco [&#8230;] est\u00e1 radiante [&#8230;]. La gente acudi\u00f3 en masa y se regocij\u00f3 con una alegr\u00eda que nunca antes hab\u00edan probado [&#8230;]. Todos volvieron a sus casas llenos de una alegr\u00eda inefable\u00bb (Vita prima, XXX, 85-86: FF 469-470). La sobriedad, el asombro, te llevan a la alegr\u00eda, a la alegr\u00eda verdadera, no a la artificial.<\/p>\n<p>Pero \u00bfde d\u00f3nde procede esta alegr\u00eda navide\u00f1a? Ciertamente no de haber tra\u00eddo regalos a casa o de haber vivido suntuosas celebraciones. No, era la alegr\u00eda que desborda del coraz\u00f3n cuando se toca con la mano la cercan\u00eda de Jes\u00fas, la ternura de Dios, que no deja solo, sino que con-suela. Cercan\u00eda, ternura y compasi\u00f3n, \u00e9stas son las tres actitudes de Dios. Y mirando el bel\u00e9n, rezando ante el bel\u00e9n, podemos sentir estas cosas del Se\u00f1or, que nos ayudan en nuestra vida cotidiana.<\/p>\n<p>Queridos hermanos y hermanas, el bel\u00e9n es como un peque\u00f1o pozo del que extraer la cercan\u00eda de Dios, fuente de esperanza y de alegr\u00eda. El bel\u00e9n es como un Evangelio vivo, un Evangelio dom\u00e9stico. Es como el pozo de la Biblia, es el lugar del encuentro, donde llevar a Jes\u00fas, como hicieron los pastores de Bel\u00e9n y la gente de Greccio, las expectativas y preocupaciones de la vida. Llevar a Jes\u00fas las expectativas y preocupaciones de la vida. Si, ante el pesebre, confiamos a Jes\u00fas todo lo que apreciamos, tambi\u00e9n nosotros experimentaremos \u00abuna alegr\u00eda muy grande\u00bb (Mt 2, 10), una alegr\u00eda que viene precisamente de la contemplaci\u00f3n, del esp\u00edritu de asombro con el que voy a contemplar estos misterios. Vayamos ante el pesebre. Que todos miren y que el coraz\u00f3n sienta algo.<\/p>\n<p>____________________________________<\/p>\n<h3><b>Catequesis.\u00a0<\/b><\/h3>\n<p><b><i>El bel\u00e9n de Greccio, escuela de sobriedad y de alegr\u00eda<\/i><\/b><\/p>\n<p><i>Queridos hermanos y hermanas:<\/i><\/p>\n<p>En esta Navidad de 2023 se cumplen 800 a\u00f1os del pesebre viviente que san Francisco de As\u00eds realiz\u00f3 en la localidad italiana de Greccio. Su intenci\u00f3n fue representar la escena del nacimiento de Jes\u00fas, pudiendo revivir as\u00ed, por medio de los sentidos, la sencillez evang\u00e9lica, la pobreza y la humildad de la Sagrada Familia en la gruta de Bel\u00e9n. Y aqu\u00ed nacieron los pesebres vivientes.<\/p>\n<p>Durante estos d\u00edas, cercanos a las fiestas navide\u00f1as, podemos correr el riesgo de descuidar lo esencial, distra\u00eddos por las numerosas ofertas del consumismo y el bienestar mundano. En este contexto, los personajes del bel\u00e9n nos muestran c\u00f3mo celebrar verdaderamente la Navidad: con sobriedad y alegr\u00eda evang\u00e9lica. Contemplemos el pesebre, y eso, hag\u00e1moslo en familia, en comunidad, esto nos ayuda a centrarnos en lo m\u00e1s importante de nuestra vida: la relaci\u00f3n con Dios, con los dem\u00e1s y con la creaci\u00f3n; y as\u00ed, cultivemos en nuestros ambientes un clima de armon\u00eda, de gozo y de paz.<\/p>\n<p>__________________<\/p>\n<h3><strong>Llamamiento<\/strong><\/h3>\n<p>Dirijo mi pensamiento a las v\u00edctimas y a los heridos causados por el devastador terremoto que sacudi\u00f3 el pasado lunes las provincias chinas de Gansu y Qinghai. Me acerco con afecto y oraci\u00f3n a las personas que sufren, animo a los servicios de socorro e invoco sobre todos la bendici\u00f3n del Todopoderoso, para que les traiga consuelo y alivio en su dolor.<\/p>\n<p>____________________________________<\/p>\n<h3><b>Saludos<\/b><\/h3>\n<p>Saludo cordialmente a los peregrinos de lengua espa\u00f1ola. En estos \u00faltimos d\u00edas del Adviento, los invito a prepararse para recibir al Ni\u00f1o Jes\u00fas con alegr\u00eda y sencillez de coraz\u00f3n, por medio de la oraci\u00f3n, la participaci\u00f3n en los sacramentos y las obras de caridad. Que Dios los bendiga y la Virgen Santa los cuide. Muchas gracias.<\/p>\n<p><iframe loading=\"lazy\" title=\"Audiencia General - 22 diciembre 2023 - Papa Francisco\" width=\"500\" height=\"281\" src=\"https:\/\/www.youtube.com\/embed\/K1QbIN5HAI4?feature=oembed\" frameborder=\"0\" allow=\"accelerometer; autoplay; clipboard-write; encrypted-media; gyroscope; picture-in-picture; web-share\" referrerpolicy=\"strict-origin-when-cross-origin\" allowfullscreen><\/iframe><\/p>\n","protected":false},"excerpt":{"rendered":"<p>Audiencia General<\/p>\n","protected":false},"author":15,"featured_media":90818,"comment_status":"closed","ping_status":"closed","sticky":false,"template":"","format":"standard","meta":{"_acf_changed":false,"_crdt_document":"","inline_featured_image":false,"footnotes":""},"categories":[112,68],"tags":[179,2419],"class_list":["post-90816","post","type-post","status-publish","format-standard","has-post-thumbnail","hentry","category-audiencia-general","category-leon-xiv","tag-audiencia-general","tag-featured"],"acf":[],"yoast_head":"<!-- This site is optimized with the Yoast SEO plugin v27.5 - https:\/\/yoast.com\/product\/yoast-seo-wordpress\/ -->\n<title>El Papa: &quot;Ante el pesebre volvemos a lo esencial, las personas antes que las cosas&quot; &#8211; Exaudi<\/title>\n<meta name=\"robots\" content=\"index, follow, max-snippet:-1, max-image-preview:large, max-video-preview:-1\" \/>\n<link rel=\"canonical\" href=\"https:\/\/exaudi.org\/es\/in-front-of-the-nativity-scene-we-return-to-the-essential-people-before-things\/\" \/>\n<meta property=\"og:locale\" content=\"es_ES\" \/>\n<meta property=\"og:type\" content=\"article\" \/>\n<meta property=\"og:title\" content=\"El Papa: &quot;Ante el pesebre volvemos a lo esencial, las personas antes que las cosas&quot; &#8211; Exaudi\" \/>\n<meta property=\"og:description\" content=\"Audiencia General\" \/>\n<meta property=\"og:url\" content=\"https:\/\/exaudi.org\/in-front-of-the-nativity-scene-we-return-to-the-essential-people-before-things\/\" \/>\n<meta property=\"og:site_name\" content=\"Exaudi\" \/>\n<meta property=\"article:publisher\" content=\"https:\/\/www.facebook.com\/ExaudiNews\" \/>\n<meta property=\"article:author\" content=\"https:\/\/www.facebook.com\/ExaudiNoticias\/\" \/>\n<meta property=\"article:published_time\" content=\"2023-12-20T14:06:08+00:00\" \/>\n<meta property=\"article:modified_time\" content=\"2023-12-20T14:09:58+00:00\" \/>\n<meta property=\"og:image\" content=\"https:\/\/exaudi.org\/wp-content\/uploads\/2023\/12\/AG-55-e1703079770211.jpg\" \/>\n\t<meta property=\"og:image:width\" content=\"720\" \/>\n\t<meta property=\"og:image:height\" content=\"475\" \/>\n\t<meta property=\"og:image:type\" content=\"image\/jpeg\" \/>\n<meta name=\"author\" content=\"Exaudi Redacci\u00f3n\" \/>\n<meta name=\"twitter:card\" content=\"summary_large_image\" \/>\n<meta name=\"twitter:creator\" content=\"@Exaudi_noticias\" \/>\n<meta name=\"twitter:site\" content=\"@Exaudi_News\" \/>\n<meta name=\"twitter:label1\" content=\"Escrito por\" \/>\n\t<meta name=\"twitter:data1\" content=\"Exaudi Redacci\u00f3n\" \/>\n\t<meta name=\"twitter:label2\" content=\"Tiempo de lectura\" \/>\n\t<meta name=\"twitter:data2\" content=\"7 minutos\" \/>\n<script type=\"application\/ld+json\" class=\"yoast-schema-graph\">{\"@context\":\"https:\\\/\\\/schema.org\",\"@graph\":[{\"@type\":\"Article\",\"@id\":\"https:\\\/\\\/exaudi.org\\\/in-front-of-the-nativity-scene-we-return-to-the-essential-people-before-things\\\/#article\",\"isPartOf\":{\"@id\":\"https:\\\/\\\/exaudi.org\\\/in-front-of-the-nativity-scene-we-return-to-the-essential-people-before-things\\\/\"},\"author\":{\"name\":\"Exaudi Redacci\u00f3n\",\"@id\":\"https:\\\/\\\/exaudi.org\\\/#\\\/schema\\\/person\\\/f5fc8f063065e38742da7afe15f25df7\"},\"headline\":\"El Papa: \u00abAnte el pesebre volvemos a lo esencial, las personas antes que las cosas\u00bb\",\"datePublished\":\"2023-12-20T14:06:08+00:00\",\"dateModified\":\"2023-12-20T14:09:58+00:00\",\"mainEntityOfPage\":{\"@id\":\"https:\\\/\\\/exaudi.org\\\/in-front-of-the-nativity-scene-we-return-to-the-essential-people-before-things\\\/\"},\"wordCount\":1423,\"image\":{\"@id\":\"https:\\\/\\\/exaudi.org\\\/in-front-of-the-nativity-scene-we-return-to-the-essential-people-before-things\\\/#primaryimage\"},\"thumbnailUrl\":\"https:\\\/\\\/exaudi.org\\\/wp-content\\\/uploads\\\/2023\\\/12\\\/AG-55-e1703079770211.jpg\",\"keywords\":[\"audiencia general\",\"Featured\"],\"articleSection\":[\"Audiencia General\",\"Le\u00f3n XIV\"],\"inLanguage\":\"es\"},{\"@type\":\"WebPage\",\"@id\":\"https:\\\/\\\/exaudi.org\\\/in-front-of-the-nativity-scene-we-return-to-the-essential-people-before-things\\\/\",\"url\":\"https:\\\/\\\/exaudi.org\\\/in-front-of-the-nativity-scene-we-return-to-the-essential-people-before-things\\\/\",\"name\":\"El Papa: \\\"Ante el pesebre volvemos a lo esencial, las personas antes que las cosas\\\" &#8211; Exaudi\",\"isPartOf\":{\"@id\":\"https:\\\/\\\/exaudi.org\\\/#website\"},\"primaryImageOfPage\":{\"@id\":\"https:\\\/\\\/exaudi.org\\\/in-front-of-the-nativity-scene-we-return-to-the-essential-people-before-things\\\/#primaryimage\"},\"image\":{\"@id\":\"https:\\\/\\\/exaudi.org\\\/in-front-of-the-nativity-scene-we-return-to-the-essential-people-before-things\\\/#primaryimage\"},\"thumbnailUrl\":\"https:\\\/\\\/exaudi.org\\\/wp-content\\\/uploads\\\/2023\\\/12\\\/AG-55-e1703079770211.jpg\",\"datePublished\":\"2023-12-20T14:06:08+00:00\",\"dateModified\":\"2023-12-20T14:09:58+00:00\",\"author\":{\"@id\":\"https:\\\/\\\/exaudi.org\\\/#\\\/schema\\\/person\\\/f5fc8f063065e38742da7afe15f25df7\"},\"breadcrumb\":{\"@id\":\"https:\\\/\\\/exaudi.org\\\/in-front-of-the-nativity-scene-we-return-to-the-essential-people-before-things\\\/#breadcrumb\"},\"inLanguage\":\"es\",\"potentialAction\":[{\"@type\":\"ReadAction\",\"target\":[\"https:\\\/\\\/exaudi.org\\\/in-front-of-the-nativity-scene-we-return-to-the-essential-people-before-things\\\/\"]}]},{\"@type\":\"ImageObject\",\"inLanguage\":\"es\",\"@id\":\"https:\\\/\\\/exaudi.org\\\/in-front-of-the-nativity-scene-we-return-to-the-essential-people-before-things\\\/#primaryimage\",\"url\":\"https:\\\/\\\/exaudi.org\\\/wp-content\\\/uploads\\\/2023\\\/12\\\/AG-55-e1703079770211.jpg\",\"contentUrl\":\"https:\\\/\\\/exaudi.org\\\/wp-content\\\/uploads\\\/2023\\\/12\\\/AG-55-e1703079770211.jpg\",\"width\":720,\"height\":475},{\"@type\":\"BreadcrumbList\",\"@id\":\"https:\\\/\\\/exaudi.org\\\/in-front-of-the-nativity-scene-we-return-to-the-essential-people-before-things\\\/#breadcrumb\",\"itemListElement\":[{\"@type\":\"ListItem\",\"position\":1,\"name\":\"Portada\",\"item\":\"https:\\\/\\\/exaudi.org\\\/es\\\/\"},{\"@type\":\"ListItem\",\"position\":2,\"name\":\"El Papa: &#8220;Ante el pesebre volvemos a lo esencial, las personas antes que las cosas&#8221;\"}]},{\"@type\":\"WebSite\",\"@id\":\"https:\\\/\\\/exaudi.org\\\/#website\",\"url\":\"https:\\\/\\\/exaudi.org\\\/\",\"name\":\"Exaudi\",\"description\":\"News\",\"potentialAction\":[{\"@type\":\"SearchAction\",\"target\":{\"@type\":\"EntryPoint\",\"urlTemplate\":\"https:\\\/\\\/exaudi.org\\\/?s={search_term_string}\"},\"query-input\":{\"@type\":\"PropertyValueSpecification\",\"valueRequired\":true,\"valueName\":\"search_term_string\"}}],\"inLanguage\":\"es\"},{\"@type\":\"Person\",\"@id\":\"https:\\\/\\\/exaudi.org\\\/#\\\/schema\\\/person\\\/f5fc8f063065e38742da7afe15f25df7\",\"name\":\"Exaudi Redacci\u00f3n\",\"image\":{\"@type\":\"ImageObject\",\"inLanguage\":\"es\",\"@id\":\"https:\\\/\\\/secure.gravatar.com\\\/avatar\\\/fe0f6a059fb68d9b3e11bc5850dd4899b1c7492091a3cb6dd9b01b56ad828be2?s=96&d=mm&r=g\",\"url\":\"https:\\\/\\\/secure.gravatar.com\\\/avatar\\\/fe0f6a059fb68d9b3e11bc5850dd4899b1c7492091a3cb6dd9b01b56ad828be2?s=96&d=mm&r=g\",\"contentUrl\":\"https:\\\/\\\/secure.gravatar.com\\\/avatar\\\/fe0f6a059fb68d9b3e11bc5850dd4899b1c7492091a3cb6dd9b01b56ad828be2?s=96&d=mm&r=g\",\"caption\":\"Exaudi Redacci\u00f3n\"},\"description\":\"\u00bfQu\u00e9 es Exaudi News? Exaudi News es un medio de comunicaci\u00f3n cat\u00f3lico internacional que informa, forma y transforma, diariamente en espa\u00f1ol, ingl\u00e9s e italiano. A trav\u00e9s de noticias, art\u00edculos de an\u00e1lisis y transmisiones en directo de los eventos del Papa, Exaudi busca fortalecer la unidad de los cristianos y contribuir a la evangelizaci\u00f3n del mundo, siempre guiados por la doctrina social de la Iglesia. Trabajamos para acercar la verdad y los valores cristianos a cada rinc\u00f3n del planeta. \u00a1Ay\u00fadanos a transformar el mundo con Exaudi! En Exaudi creemos que la evangelizaci\u00f3n y la informaci\u00f3n de calidad pueden cambiar vidas. Para continuar con nuestra misi\u00f3n y expandir nuestro alcance, necesitamos tu ayuda. Adem\u00e1s, buscamos personas comprometidas que deseen unirse a nuestro equipo. Con tu apoyo, lograremos llegar a m\u00e1s personas, difundir el mensaje de Cristo y reforzar la unidad de los cristianos. \u00bfTe unes a nuestra misi\u00f3n? Para m\u00e1s informaci\u00f3n sobre c\u00f3mo colaborar, visita Exaudi.org\\\/es o cont\u00e1ctanos directamente: info@exaudi.org Exaudi: Informa, forma y transforma.\",\"sameAs\":[\"https:\\\/\\\/www.facebook.com\\\/ExaudiNoticias\\\/\",\"https:\\\/\\\/www.instagram.com\\\/exaudi_noticias\\\/\",\"https:\\\/\\\/x.com\\\/Exaudi_noticias\",\"https:\\\/\\\/www.youtube.com\\\/@exaudicatholicnews\"],\"url\":\"https:\\\/\\\/exaudi.org\\\/es\\\/author\\\/redaccionexaudi\\\/\"}]}<\/script>\n<!-- \/ Yoast SEO plugin. -->","yoast_head_json":{"title":"El Papa: \"Ante el pesebre volvemos a lo esencial, las personas antes que las cosas\" &#8211; Exaudi","robots":{"index":"index","follow":"follow","max-snippet":"max-snippet:-1","max-image-preview":"max-image-preview:large","max-video-preview":"max-video-preview:-1"},"canonical":"https:\/\/exaudi.org\/es\/in-front-of-the-nativity-scene-we-return-to-the-essential-people-before-things\/","og_locale":"es_ES","og_type":"article","og_title":"El Papa: \"Ante el pesebre volvemos a lo esencial, las personas antes que las cosas\" &#8211; Exaudi","og_description":"Audiencia General","og_url":"https:\/\/exaudi.org\/in-front-of-the-nativity-scene-we-return-to-the-essential-people-before-things\/","og_site_name":"Exaudi","article_publisher":"https:\/\/www.facebook.com\/ExaudiNews","article_author":"https:\/\/www.facebook.com\/ExaudiNoticias\/","article_published_time":"2023-12-20T14:06:08+00:00","article_modified_time":"2023-12-20T14:09:58+00:00","og_image":[{"width":720,"height":475,"url":"https:\/\/exaudi.org\/wp-content\/uploads\/2023\/12\/AG-55-e1703079770211.jpg","type":"image\/jpeg"}],"author":"Exaudi Redacci\u00f3n","twitter_card":"summary_large_image","twitter_creator":"@Exaudi_noticias","twitter_site":"@Exaudi_News","twitter_misc":{"Escrito por":"Exaudi Redacci\u00f3n","Tiempo de lectura":"7 minutos"},"schema":{"@context":"https:\/\/schema.org","@graph":[{"@type":"Article","@id":"https:\/\/exaudi.org\/in-front-of-the-nativity-scene-we-return-to-the-essential-people-before-things\/#article","isPartOf":{"@id":"https:\/\/exaudi.org\/in-front-of-the-nativity-scene-we-return-to-the-essential-people-before-things\/"},"author":{"name":"Exaudi Redacci\u00f3n","@id":"https:\/\/exaudi.org\/#\/schema\/person\/f5fc8f063065e38742da7afe15f25df7"},"headline":"El Papa: \u00abAnte el pesebre volvemos a lo esencial, las personas antes que las cosas\u00bb","datePublished":"2023-12-20T14:06:08+00:00","dateModified":"2023-12-20T14:09:58+00:00","mainEntityOfPage":{"@id":"https:\/\/exaudi.org\/in-front-of-the-nativity-scene-we-return-to-the-essential-people-before-things\/"},"wordCount":1423,"image":{"@id":"https:\/\/exaudi.org\/in-front-of-the-nativity-scene-we-return-to-the-essential-people-before-things\/#primaryimage"},"thumbnailUrl":"https:\/\/exaudi.org\/wp-content\/uploads\/2023\/12\/AG-55-e1703079770211.jpg","keywords":["audiencia general","Featured"],"articleSection":["Audiencia General","Le\u00f3n XIV"],"inLanguage":"es"},{"@type":"WebPage","@id":"https:\/\/exaudi.org\/in-front-of-the-nativity-scene-we-return-to-the-essential-people-before-things\/","url":"https:\/\/exaudi.org\/in-front-of-the-nativity-scene-we-return-to-the-essential-people-before-things\/","name":"El Papa: \"Ante el pesebre volvemos a lo esencial, las personas antes que las cosas\" &#8211; Exaudi","isPartOf":{"@id":"https:\/\/exaudi.org\/#website"},"primaryImageOfPage":{"@id":"https:\/\/exaudi.org\/in-front-of-the-nativity-scene-we-return-to-the-essential-people-before-things\/#primaryimage"},"image":{"@id":"https:\/\/exaudi.org\/in-front-of-the-nativity-scene-we-return-to-the-essential-people-before-things\/#primaryimage"},"thumbnailUrl":"https:\/\/exaudi.org\/wp-content\/uploads\/2023\/12\/AG-55-e1703079770211.jpg","datePublished":"2023-12-20T14:06:08+00:00","dateModified":"2023-12-20T14:09:58+00:00","author":{"@id":"https:\/\/exaudi.org\/#\/schema\/person\/f5fc8f063065e38742da7afe15f25df7"},"breadcrumb":{"@id":"https:\/\/exaudi.org\/in-front-of-the-nativity-scene-we-return-to-the-essential-people-before-things\/#breadcrumb"},"inLanguage":"es","potentialAction":[{"@type":"ReadAction","target":["https:\/\/exaudi.org\/in-front-of-the-nativity-scene-we-return-to-the-essential-people-before-things\/"]}]},{"@type":"ImageObject","inLanguage":"es","@id":"https:\/\/exaudi.org\/in-front-of-the-nativity-scene-we-return-to-the-essential-people-before-things\/#primaryimage","url":"https:\/\/exaudi.org\/wp-content\/uploads\/2023\/12\/AG-55-e1703079770211.jpg","contentUrl":"https:\/\/exaudi.org\/wp-content\/uploads\/2023\/12\/AG-55-e1703079770211.jpg","width":720,"height":475},{"@type":"BreadcrumbList","@id":"https:\/\/exaudi.org\/in-front-of-the-nativity-scene-we-return-to-the-essential-people-before-things\/#breadcrumb","itemListElement":[{"@type":"ListItem","position":1,"name":"Portada","item":"https:\/\/exaudi.org\/es\/"},{"@type":"ListItem","position":2,"name":"El Papa: &#8220;Ante el pesebre volvemos a lo esencial, las personas antes que las cosas&#8221;"}]},{"@type":"WebSite","@id":"https:\/\/exaudi.org\/#website","url":"https:\/\/exaudi.org\/","name":"Exaudi","description":"News","potentialAction":[{"@type":"SearchAction","target":{"@type":"EntryPoint","urlTemplate":"https:\/\/exaudi.org\/?s={search_term_string}"},"query-input":{"@type":"PropertyValueSpecification","valueRequired":true,"valueName":"search_term_string"}}],"inLanguage":"es"},{"@type":"Person","@id":"https:\/\/exaudi.org\/#\/schema\/person\/f5fc8f063065e38742da7afe15f25df7","name":"Exaudi Redacci\u00f3n","image":{"@type":"ImageObject","inLanguage":"es","@id":"https:\/\/secure.gravatar.com\/avatar\/fe0f6a059fb68d9b3e11bc5850dd4899b1c7492091a3cb6dd9b01b56ad828be2?s=96&d=mm&r=g","url":"https:\/\/secure.gravatar.com\/avatar\/fe0f6a059fb68d9b3e11bc5850dd4899b1c7492091a3cb6dd9b01b56ad828be2?s=96&d=mm&r=g","contentUrl":"https:\/\/secure.gravatar.com\/avatar\/fe0f6a059fb68d9b3e11bc5850dd4899b1c7492091a3cb6dd9b01b56ad828be2?s=96&d=mm&r=g","caption":"Exaudi Redacci\u00f3n"},"description":"\u00bfQu\u00e9 es Exaudi News? Exaudi News es un medio de comunicaci\u00f3n cat\u00f3lico internacional que informa, forma y transforma, diariamente en espa\u00f1ol, ingl\u00e9s e italiano. A trav\u00e9s de noticias, art\u00edculos de an\u00e1lisis y transmisiones en directo de los eventos del Papa, Exaudi busca fortalecer la unidad de los cristianos y contribuir a la evangelizaci\u00f3n del mundo, siempre guiados por la doctrina social de la Iglesia. Trabajamos para acercar la verdad y los valores cristianos a cada rinc\u00f3n del planeta. \u00a1Ay\u00fadanos a transformar el mundo con Exaudi! En Exaudi creemos que la evangelizaci\u00f3n y la informaci\u00f3n de calidad pueden cambiar vidas. Para continuar con nuestra misi\u00f3n y expandir nuestro alcance, necesitamos tu ayuda. Adem\u00e1s, buscamos personas comprometidas que deseen unirse a nuestro equipo. Con tu apoyo, lograremos llegar a m\u00e1s personas, difundir el mensaje de Cristo y reforzar la unidad de los cristianos. \u00bfTe unes a nuestra misi\u00f3n? Para m\u00e1s informaci\u00f3n sobre c\u00f3mo colaborar, visita Exaudi.org\/es o cont\u00e1ctanos directamente: info@exaudi.org Exaudi: Informa, forma y transforma.","sameAs":["https:\/\/www.facebook.com\/ExaudiNoticias\/","https:\/\/www.instagram.com\/exaudi_noticias\/","https:\/\/x.com\/Exaudi_noticias","https:\/\/www.youtube.com\/@exaudicatholicnews"],"url":"https:\/\/exaudi.org\/es\/author\/redaccionexaudi\/"}]}},"jetpack_featured_media_url":"https:\/\/exaudi.org\/wp-content\/uploads\/2023\/12\/AG-55-e1703079770211.jpg","jetpack_shortlink":"https:\/\/wp.me\/pgKjF2-nCM","_links":{"self":[{"href":"https:\/\/exaudi.org\/es\/wp-json\/wp\/v2\/posts\/90816","targetHints":{"allow":["GET"]}}],"collection":[{"href":"https:\/\/exaudi.org\/es\/wp-json\/wp\/v2\/posts"}],"about":[{"href":"https:\/\/exaudi.org\/es\/wp-json\/wp\/v2\/types\/post"}],"author":[{"embeddable":true,"href":"https:\/\/exaudi.org\/es\/wp-json\/wp\/v2\/users\/15"}],"replies":[{"embeddable":true,"href":"https:\/\/exaudi.org\/es\/wp-json\/wp\/v2\/comments?post=90816"}],"version-history":[{"count":0,"href":"https:\/\/exaudi.org\/es\/wp-json\/wp\/v2\/posts\/90816\/revisions"}],"wp:featuredmedia":[{"embeddable":true,"href":"https:\/\/exaudi.org\/es\/wp-json\/wp\/v2\/media\/90818"}],"wp:attachment":[{"href":"https:\/\/exaudi.org\/es\/wp-json\/wp\/v2\/media?parent=90816"}],"wp:term":[{"taxonomy":"category","embeddable":true,"href":"https:\/\/exaudi.org\/es\/wp-json\/wp\/v2\/categories?post=90816"},{"taxonomy":"post_tag","embeddable":true,"href":"https:\/\/exaudi.org\/es\/wp-json\/wp\/v2\/tags?post=90816"}],"curies":[{"name":"wp","href":"https:\/\/api.w.org\/{rel}","templated":true}]}}