{"id":90583,"date":"2025-12-25T08:00:07","date_gmt":"2025-12-25T07:00:07","guid":{"rendered":"https:\/\/exaudi.org\/?p=90583"},"modified":"2025-12-22T18:34:33","modified_gmt":"2025-12-22T17:34:33","slug":"el-sentido-de-la-navidad","status":"publish","type":"post","link":"https:\/\/exaudi.org\/es\/el-sentido-de-la-navidad\/","title":{"rendered":"El sentido de la Navidad"},"content":{"rendered":"<p>Llega la Navidad, y un a\u00f1o m\u00e1s vuelve a asaltarme la misma pregunta que desde hace muchos a\u00f1os me ronda por estas fechas, \u00bfQu\u00e9 celebran los que no creen en Navidad?.<\/p>\n<p>Qu\u00e9 es la Navidad lo sabemos todos, cristianos, musulmanes, ateos o cualquiera. Es el nacimiento de Dios hecho ni\u00f1o en Bel\u00e9n. Lo creas o no.<\/p>\n<p>Porqu\u00e9 naci\u00f3 Dios tambi\u00e9n lo sabe cualquiera. Se encarn\u00f3 por amor a los hombres. A todos y cada unos de los que han existido y existir\u00e1n. Dios es Amor y naciendo dio ser a su esencia.<\/p>\n<p>La cuesti\u00f3n no es por qu\u00e9 sino para qu\u00e9. \u00bfPara qu\u00e9 naci\u00f3 Dios? Y aqu\u00ed es donde no alcanzo a entender la celebraci\u00f3n de los que no se creen la Navidad. El Evangelio dice \u00abHoy os ha nacido en la ciudad de David, el Salvador, que es Cristo, el Se\u00f1or\u00bb \u00a0(Lucas, 1,11). Jes\u00fas, el ni\u00f1o Dios, ha nacido para salvarnos.<\/p>\n<p>\u00ab\u00bfSalvarnos? \u00bfde qu\u00e9 tiene que salvarnos?\u00bb Hoy en d\u00eda el ser humano considera que no necesita ser salvado de nada. Los \u00fanicos pecados vigentes son las conductas que aparecen tipificadas en el c\u00f3digo penal, y gracias a Dios, son pocos los que roban, los que matan, los que violan y los que maltratan. Nosotros no estamos entre ellos, as\u00ed que no necesitamos ser salvados de nada. M\u00e1s a\u00fan, nosotros ayudamos a todo el que podemos, y hacemos el bien all\u00e1 donde vamos.<\/p>\n<p>Pero si Dios no ha venido a salvarnos a todos, solo \u00aba los malos\u00bb, \u00bfa qu\u00e9 tanta alegr\u00eda? \u00a1Qu\u00e9 se alegren los malos, yo no!<\/p>\n<p>Pues no s\u00e9 ustedes, pero yo estoy que no quepo dentro de mi porque Dios ha nacido y ha venido al mundo a salvarme. A mi en persona. Y mi alegr\u00eda es mayor porque tambi\u00e9n ha venido a salvar a toda mi familia. Lo cierto es que no cometemos delito alguno y nos esforzamos por ser lo mejor que podemos, pero que quieren que les diga, al menos yo tengo un orgullo que no me cabe en el cuerpo. Y de vez en cuando me entra una envidia que no veas. Y hay ciertos personajes (algunos no los conozco m\u00e1s que en la tele), pero es que no los trago oiga.<\/p>\n<p>Y que quieren que les diga, pero eso de \u00abAmar\u00e1s a Dios con toda tu mente, con todo tu alma y con todo tu coraz\u00f3n\u00bb \u2026 yo lo intento (a veces), pero menos mal que Dios me conoce y se dio cuenta de que o enviaba a su Hijo, o yo, as\u00ed, por mi cuenta \u2026 como que no.<\/p>\n<p>En fin, que Feliz Navidad a todos, a los que saben que tienen que ser salvados, pues enhorabuena, que Dios ha nacido por nosotros, y a los que no lo creen as\u00ed pues nada, que celebren la Navidad, al menos tambi\u00e9n por nosotros, que si no llega a ser porque Dios ha nacido para salvarnos \u00bfpara qu\u00e9 la Navidad?<\/p>\n","protected":false},"excerpt":{"rendered":"<p>\u00bfPara qu\u00e9 naci\u00f3 Dios?<\/p>\n","protected":false},"author":113,"featured_media":90584,"comment_status":"closed","ping_status":"closed","sticky":false,"template":"","format":"standard","meta":{"_acf_changed":false,"_crdt_document":"","inline_featured_image":false,"footnotes":""},"categories":[130],"tags":[11701,4700,7219,58880],"class_list":["post-90583","post","type-post","status-publish","format-standard","has-post-thumbnail","hentry","category-voces","tag-nacimiento-de-dios","tag-navidad","tag-sentido","tag-trending-es-151"],"acf":[],"yoast_head":"<!-- This site is optimized with the Yoast SEO plugin v27.4 - https:\/\/yoast.com\/product\/yoast-seo-wordpress\/ -->\n<title>El sentido de la Navidad &#8211; Exaudi<\/title>\n<meta name=\"robots\" content=\"index, follow, max-snippet:-1, max-image-preview:large, max-video-preview:-1\" \/>\n<link rel=\"canonical\" href=\"https:\/\/exaudi.org\/es\/the-meaning-of-christmas\/\" \/>\n<meta property=\"og:locale\" content=\"es_ES\" \/>\n<meta property=\"og:type\" content=\"article\" \/>\n<meta property=\"og:title\" content=\"El sentido de la Navidad &#8211; Exaudi\" \/>\n<meta property=\"og:description\" content=\"\u00bfPara qu\u00e9 naci\u00f3 Dios?\" \/>\n<meta property=\"og:url\" content=\"https:\/\/exaudi.org\/the-meaning-of-christmas\/\" \/>\n<meta property=\"og:site_name\" content=\"Exaudi\" \/>\n<meta property=\"article:publisher\" content=\"https:\/\/www.facebook.com\/ExaudiNews\" \/>\n<meta property=\"article:published_time\" content=\"2025-12-25T07:00:07+00:00\" \/>\n<meta property=\"og:image\" content=\"https:\/\/exaudi.org\/wp-content\/uploads\/2023\/12\/pexels-engin-akyurt-3368246-scaled.jpg\" \/>\n\t<meta property=\"og:image:width\" content=\"2560\" \/>\n\t<meta property=\"og:image:height\" content=\"1707\" \/>\n\t<meta property=\"og:image:type\" content=\"image\/jpeg\" \/>\n<meta name=\"author\" content=\"Nacho Calder\u00f3n Castro\" \/>\n<meta name=\"twitter:card\" content=\"summary_large_image\" \/>\n<meta name=\"twitter:creator\" content=\"@Exaudi_News\" \/>\n<meta name=\"twitter:site\" content=\"@Exaudi_News\" \/>\n<meta name=\"twitter:label1\" content=\"Escrito por\" \/>\n\t<meta name=\"twitter:data1\" content=\"Nacho Calder\u00f3n Castro\" \/>\n\t<meta name=\"twitter:label2\" content=\"Tiempo de lectura\" \/>\n\t<meta name=\"twitter:data2\" content=\"3 minutos\" \/>\n<script type=\"application\/ld+json\" class=\"yoast-schema-graph\">{\"@context\":\"https:\\\/\\\/schema.org\",\"@graph\":[{\"@type\":\"Article\",\"@id\":\"https:\\\/\\\/exaudi.org\\\/the-meaning-of-christmas\\\/#article\",\"isPartOf\":{\"@id\":\"https:\\\/\\\/exaudi.org\\\/the-meaning-of-christmas\\\/\"},\"author\":{\"name\":\"Nacho Calder\u00f3n Castro\",\"@id\":\"https:\\\/\\\/exaudi.org\\\/#\\\/schema\\\/person\\\/81a36269482bc7d6a5a3ab8317a57a2f\"},\"headline\":\"El sentido de la Navidad\",\"datePublished\":\"2025-12-25T07:00:07+00:00\",\"mainEntityOfPage\":{\"@id\":\"https:\\\/\\\/exaudi.org\\\/the-meaning-of-christmas\\\/\"},\"wordCount\":513,\"image\":{\"@id\":\"https:\\\/\\\/exaudi.org\\\/the-meaning-of-christmas\\\/#primaryimage\"},\"thumbnailUrl\":\"https:\\\/\\\/exaudi.org\\\/wp-content\\\/uploads\\\/2023\\\/12\\\/pexels-engin-akyurt-3368246-scaled.jpg\",\"keywords\":[\"Nacimiento de Dios\",\"navidad\",\"Sentido\",\"Trending\"],\"articleSection\":[\"Voces\"],\"inLanguage\":\"es\"},{\"@type\":\"WebPage\",\"@id\":\"https:\\\/\\\/exaudi.org\\\/the-meaning-of-christmas\\\/\",\"url\":\"https:\\\/\\\/exaudi.org\\\/the-meaning-of-christmas\\\/\",\"name\":\"El sentido de la Navidad &#8211; Exaudi\",\"isPartOf\":{\"@id\":\"https:\\\/\\\/exaudi.org\\\/#website\"},\"primaryImageOfPage\":{\"@id\":\"https:\\\/\\\/exaudi.org\\\/the-meaning-of-christmas\\\/#primaryimage\"},\"image\":{\"@id\":\"https:\\\/\\\/exaudi.org\\\/the-meaning-of-christmas\\\/#primaryimage\"},\"thumbnailUrl\":\"https:\\\/\\\/exaudi.org\\\/wp-content\\\/uploads\\\/2023\\\/12\\\/pexels-engin-akyurt-3368246-scaled.jpg\",\"datePublished\":\"2025-12-25T07:00:07+00:00\",\"author\":{\"@id\":\"https:\\\/\\\/exaudi.org\\\/#\\\/schema\\\/person\\\/81a36269482bc7d6a5a3ab8317a57a2f\"},\"breadcrumb\":{\"@id\":\"https:\\\/\\\/exaudi.org\\\/the-meaning-of-christmas\\\/#breadcrumb\"},\"inLanguage\":\"es\",\"potentialAction\":[{\"@type\":\"ReadAction\",\"target\":[\"https:\\\/\\\/exaudi.org\\\/the-meaning-of-christmas\\\/\"]}]},{\"@type\":\"ImageObject\",\"inLanguage\":\"es\",\"@id\":\"https:\\\/\\\/exaudi.org\\\/the-meaning-of-christmas\\\/#primaryimage\",\"url\":\"https:\\\/\\\/exaudi.org\\\/wp-content\\\/uploads\\\/2023\\\/12\\\/pexels-engin-akyurt-3368246-scaled.jpg\",\"contentUrl\":\"https:\\\/\\\/exaudi.org\\\/wp-content\\\/uploads\\\/2023\\\/12\\\/pexels-engin-akyurt-3368246-scaled.jpg\",\"width\":2560,\"height\":1707},{\"@type\":\"BreadcrumbList\",\"@id\":\"https:\\\/\\\/exaudi.org\\\/the-meaning-of-christmas\\\/#breadcrumb\",\"itemListElement\":[{\"@type\":\"ListItem\",\"position\":1,\"name\":\"Portada\",\"item\":\"https:\\\/\\\/exaudi.org\\\/es\\\/\"},{\"@type\":\"ListItem\",\"position\":2,\"name\":\"El sentido de la Navidad\"}]},{\"@type\":\"WebSite\",\"@id\":\"https:\\\/\\\/exaudi.org\\\/#website\",\"url\":\"https:\\\/\\\/exaudi.org\\\/\",\"name\":\"Exaudi\",\"description\":\"News\",\"potentialAction\":[{\"@type\":\"SearchAction\",\"target\":{\"@type\":\"EntryPoint\",\"urlTemplate\":\"https:\\\/\\\/exaudi.org\\\/?s={search_term_string}\"},\"query-input\":{\"@type\":\"PropertyValueSpecification\",\"valueRequired\":true,\"valueName\":\"search_term_string\"}}],\"inLanguage\":\"es\"},{\"@type\":\"Person\",\"@id\":\"https:\\\/\\\/exaudi.org\\\/#\\\/schema\\\/person\\\/81a36269482bc7d6a5a3ab8317a57a2f\",\"name\":\"Nacho Calder\u00f3n Castro\",\"image\":{\"@type\":\"ImageObject\",\"inLanguage\":\"es\",\"@id\":\"https:\\\/\\\/secure.gravatar.com\\\/avatar\\\/9a83221fb83e62554f576fc80e7b576f2b3f5ebbb98b6adcdf828c6895c6c906?s=96&d=mm&r=g\",\"url\":\"https:\\\/\\\/secure.gravatar.com\\\/avatar\\\/9a83221fb83e62554f576fc80e7b576f2b3f5ebbb98b6adcdf828c6895c6c906?s=96&d=mm&r=g\",\"contentUrl\":\"https:\\\/\\\/secure.gravatar.com\\\/avatar\\\/9a83221fb83e62554f576fc80e7b576f2b3f5ebbb98b6adcdf828c6895c6c906?s=96&d=mm&r=g\",\"caption\":\"Nacho Calder\u00f3n Castro\"},\"description\":\"Nacho es el fundador y director del Instituto de Neuropsicolog\u00eda y Psicopedagog\u00eda Aplicadas (INPA) en Madrid, Espa\u00f1a y forma parte del equipo de Neurological Rehabilitation International Consultants, dirigiendo su centro en Laredo, Texas, tareas que compatibiliza impartiendo conferencias en centros de ense\u00f1anza, desde jardines de infancia hasta universidades. Ha sido colaborador con con el programa de radio La Ma\u00f1ana de COPE, dirigido por Javi Nieves durante los cursos 2012 \u2013 2014 y es profesor del Instituto de Estudios Familiares \u2013 IDEFA. En el a\u00f1o 2013 fue llamado por el Dr. Unruh para continuar su labor en Estados Unidos. Para realizar tal tarea y en reconocimiento a su trayectoria profesional, el gobierno de aquel pa\u00eds le ha concedido el visado 01, otorgado a personas con \u201chabilidades extraordinarias\u201d. Desde mayo de 2017 Nacho ha trasladado esta consulta a Pachuca, en el estado de Hidalgo, en M\u00e9xico, y de ese modo trabaja junto con Iliana Guevara Rivera, con quien comparte una trayectoria profesional desde noviembre de 1992. Nacho Calder\u00f3n atiende por tanto a pacientes en M\u00e9xico a lo largo de tres meses al a\u00f1o \u2013 febrero, junio y octubre -, dedicando ocho meses a la atenci\u00f3n de pacientes en Espa\u00f1a. Licenciado en Psicolog\u00eda, comenz\u00f3 su labor profesional en los Institutos para el Logro del Potencial Humano en Filadelfia, junto con Glenn, Janet y Douglas Doman, donde estuvo durante dos a\u00f1os completos. Durante este periodo atendi\u00f3 a familias en Filadelfia, Fauglia (Italia) y Tokio (Jap\u00f3n). A su regreso a Espa\u00f1a en 1995, fue co-fundador de la asociaci\u00f3n Institutos Fay para la Estimulaci\u00f3n Multisensorial. Nacho trajo el primer Audiokinetron (para el tratamiento B\u00e8rard) que hubo en nuestro pa\u00eds. En 1997 comenz\u00f3 su formaci\u00f3n como evaluador con el m\u00e9todo IRLEN, tras su paso por el IRLEN Center de Helen Irlen en California, se convirti\u00f3 en 1999 en el responsable de dicho m\u00e9todo en la pen\u00ednsula. En el curso de 1997-98, complet\u00f3 su formaci\u00f3n en reflejos primitivos de la mano de Peter Blythe y Sally Goddar. M\u00e1s tarde continuar\u00eda su formaci\u00f3n junto con Kjelt Johansen, Harald Blomberg y Beatriz y Sonia Padovan. Ha sido instructor KUMON durante m\u00e1s de 10 a\u00f1os y ha dado conferencias en B\u00e9lgica, Italia, Alemania y Reino Unido. Nacho ha sido profesor en el Master de dise\u00f1o infantil en espacio y producto del Instituto Europeo de dise\u00f1o y en la actualidad compagina toda su labor cl\u00ednica con la formaci\u00f3n en el Master para la formaci\u00f3n del profesorado de la Universidad Rey Juan Carlos.\",\"sameAs\":[\"https:\\\/\\\/inpa.info\\\/\"],\"url\":\"https:\\\/\\\/exaudi.org\\\/es\\\/author\\\/nacho-calderon-castro\\\/\"}]}<\/script>\n<!-- \/ Yoast SEO plugin. -->","yoast_head_json":{"title":"El sentido de la Navidad &#8211; Exaudi","robots":{"index":"index","follow":"follow","max-snippet":"max-snippet:-1","max-image-preview":"max-image-preview:large","max-video-preview":"max-video-preview:-1"},"canonical":"https:\/\/exaudi.org\/es\/the-meaning-of-christmas\/","og_locale":"es_ES","og_type":"article","og_title":"El sentido de la Navidad &#8211; Exaudi","og_description":"\u00bfPara qu\u00e9 naci\u00f3 Dios?","og_url":"https:\/\/exaudi.org\/the-meaning-of-christmas\/","og_site_name":"Exaudi","article_publisher":"https:\/\/www.facebook.com\/ExaudiNews","article_published_time":"2025-12-25T07:00:07+00:00","og_image":[{"width":2560,"height":1707,"url":"https:\/\/exaudi.org\/wp-content\/uploads\/2023\/12\/pexels-engin-akyurt-3368246-scaled.jpg","type":"image\/jpeg"}],"author":"Nacho Calder\u00f3n Castro","twitter_card":"summary_large_image","twitter_creator":"@Exaudi_News","twitter_site":"@Exaudi_News","twitter_misc":{"Escrito por":"Nacho Calder\u00f3n Castro","Tiempo de lectura":"3 minutos"},"schema":{"@context":"https:\/\/schema.org","@graph":[{"@type":"Article","@id":"https:\/\/exaudi.org\/the-meaning-of-christmas\/#article","isPartOf":{"@id":"https:\/\/exaudi.org\/the-meaning-of-christmas\/"},"author":{"name":"Nacho Calder\u00f3n Castro","@id":"https:\/\/exaudi.org\/#\/schema\/person\/81a36269482bc7d6a5a3ab8317a57a2f"},"headline":"El sentido de la Navidad","datePublished":"2025-12-25T07:00:07+00:00","mainEntityOfPage":{"@id":"https:\/\/exaudi.org\/the-meaning-of-christmas\/"},"wordCount":513,"image":{"@id":"https:\/\/exaudi.org\/the-meaning-of-christmas\/#primaryimage"},"thumbnailUrl":"https:\/\/exaudi.org\/wp-content\/uploads\/2023\/12\/pexels-engin-akyurt-3368246-scaled.jpg","keywords":["Nacimiento de Dios","navidad","Sentido","Trending"],"articleSection":["Voces"],"inLanguage":"es"},{"@type":"WebPage","@id":"https:\/\/exaudi.org\/the-meaning-of-christmas\/","url":"https:\/\/exaudi.org\/the-meaning-of-christmas\/","name":"El sentido de la Navidad &#8211; Exaudi","isPartOf":{"@id":"https:\/\/exaudi.org\/#website"},"primaryImageOfPage":{"@id":"https:\/\/exaudi.org\/the-meaning-of-christmas\/#primaryimage"},"image":{"@id":"https:\/\/exaudi.org\/the-meaning-of-christmas\/#primaryimage"},"thumbnailUrl":"https:\/\/exaudi.org\/wp-content\/uploads\/2023\/12\/pexels-engin-akyurt-3368246-scaled.jpg","datePublished":"2025-12-25T07:00:07+00:00","author":{"@id":"https:\/\/exaudi.org\/#\/schema\/person\/81a36269482bc7d6a5a3ab8317a57a2f"},"breadcrumb":{"@id":"https:\/\/exaudi.org\/the-meaning-of-christmas\/#breadcrumb"},"inLanguage":"es","potentialAction":[{"@type":"ReadAction","target":["https:\/\/exaudi.org\/the-meaning-of-christmas\/"]}]},{"@type":"ImageObject","inLanguage":"es","@id":"https:\/\/exaudi.org\/the-meaning-of-christmas\/#primaryimage","url":"https:\/\/exaudi.org\/wp-content\/uploads\/2023\/12\/pexels-engin-akyurt-3368246-scaled.jpg","contentUrl":"https:\/\/exaudi.org\/wp-content\/uploads\/2023\/12\/pexels-engin-akyurt-3368246-scaled.jpg","width":2560,"height":1707},{"@type":"BreadcrumbList","@id":"https:\/\/exaudi.org\/the-meaning-of-christmas\/#breadcrumb","itemListElement":[{"@type":"ListItem","position":1,"name":"Portada","item":"https:\/\/exaudi.org\/es\/"},{"@type":"ListItem","position":2,"name":"El sentido de la Navidad"}]},{"@type":"WebSite","@id":"https:\/\/exaudi.org\/#website","url":"https:\/\/exaudi.org\/","name":"Exaudi","description":"News","potentialAction":[{"@type":"SearchAction","target":{"@type":"EntryPoint","urlTemplate":"https:\/\/exaudi.org\/?s={search_term_string}"},"query-input":{"@type":"PropertyValueSpecification","valueRequired":true,"valueName":"search_term_string"}}],"inLanguage":"es"},{"@type":"Person","@id":"https:\/\/exaudi.org\/#\/schema\/person\/81a36269482bc7d6a5a3ab8317a57a2f","name":"Nacho Calder\u00f3n Castro","image":{"@type":"ImageObject","inLanguage":"es","@id":"https:\/\/secure.gravatar.com\/avatar\/9a83221fb83e62554f576fc80e7b576f2b3f5ebbb98b6adcdf828c6895c6c906?s=96&d=mm&r=g","url":"https:\/\/secure.gravatar.com\/avatar\/9a83221fb83e62554f576fc80e7b576f2b3f5ebbb98b6adcdf828c6895c6c906?s=96&d=mm&r=g","contentUrl":"https:\/\/secure.gravatar.com\/avatar\/9a83221fb83e62554f576fc80e7b576f2b3f5ebbb98b6adcdf828c6895c6c906?s=96&d=mm&r=g","caption":"Nacho Calder\u00f3n Castro"},"description":"Nacho es el fundador y director del Instituto de Neuropsicolog\u00eda y Psicopedagog\u00eda Aplicadas (INPA) en Madrid, Espa\u00f1a y forma parte del equipo de Neurological Rehabilitation International Consultants, dirigiendo su centro en Laredo, Texas, tareas que compatibiliza impartiendo conferencias en centros de ense\u00f1anza, desde jardines de infancia hasta universidades. Ha sido colaborador con con el programa de radio La Ma\u00f1ana de COPE, dirigido por Javi Nieves durante los cursos 2012 \u2013 2014 y es profesor del Instituto de Estudios Familiares \u2013 IDEFA. En el a\u00f1o 2013 fue llamado por el Dr. Unruh para continuar su labor en Estados Unidos. Para realizar tal tarea y en reconocimiento a su trayectoria profesional, el gobierno de aquel pa\u00eds le ha concedido el visado 01, otorgado a personas con \u201chabilidades extraordinarias\u201d. Desde mayo de 2017 Nacho ha trasladado esta consulta a Pachuca, en el estado de Hidalgo, en M\u00e9xico, y de ese modo trabaja junto con Iliana Guevara Rivera, con quien comparte una trayectoria profesional desde noviembre de 1992. Nacho Calder\u00f3n atiende por tanto a pacientes en M\u00e9xico a lo largo de tres meses al a\u00f1o \u2013 febrero, junio y octubre -, dedicando ocho meses a la atenci\u00f3n de pacientes en Espa\u00f1a. Licenciado en Psicolog\u00eda, comenz\u00f3 su labor profesional en los Institutos para el Logro del Potencial Humano en Filadelfia, junto con Glenn, Janet y Douglas Doman, donde estuvo durante dos a\u00f1os completos. Durante este periodo atendi\u00f3 a familias en Filadelfia, Fauglia (Italia) y Tokio (Jap\u00f3n). A su regreso a Espa\u00f1a en 1995, fue co-fundador de la asociaci\u00f3n Institutos Fay para la Estimulaci\u00f3n Multisensorial. Nacho trajo el primer Audiokinetron (para el tratamiento B\u00e8rard) que hubo en nuestro pa\u00eds. En 1997 comenz\u00f3 su formaci\u00f3n como evaluador con el m\u00e9todo IRLEN, tras su paso por el IRLEN Center de Helen Irlen en California, se convirti\u00f3 en 1999 en el responsable de dicho m\u00e9todo en la pen\u00ednsula. En el curso de 1997-98, complet\u00f3 su formaci\u00f3n en reflejos primitivos de la mano de Peter Blythe y Sally Goddar. M\u00e1s tarde continuar\u00eda su formaci\u00f3n junto con Kjelt Johansen, Harald Blomberg y Beatriz y Sonia Padovan. Ha sido instructor KUMON durante m\u00e1s de 10 a\u00f1os y ha dado conferencias en B\u00e9lgica, Italia, Alemania y Reino Unido. Nacho ha sido profesor en el Master de dise\u00f1o infantil en espacio y producto del Instituto Europeo de dise\u00f1o y en la actualidad compagina toda su labor cl\u00ednica con la formaci\u00f3n en el Master para la formaci\u00f3n del profesorado de la Universidad Rey Juan Carlos.","sameAs":["https:\/\/inpa.info\/"],"url":"https:\/\/exaudi.org\/es\/author\/nacho-calderon-castro\/"}]}},"jetpack_featured_media_url":"https:\/\/exaudi.org\/wp-content\/uploads\/2023\/12\/pexels-engin-akyurt-3368246-scaled.jpg","jetpack_shortlink":"https:\/\/wp.me\/pgKjF2-nz1","_links":{"self":[{"href":"https:\/\/exaudi.org\/es\/wp-json\/wp\/v2\/posts\/90583","targetHints":{"allow":["GET"]}}],"collection":[{"href":"https:\/\/exaudi.org\/es\/wp-json\/wp\/v2\/posts"}],"about":[{"href":"https:\/\/exaudi.org\/es\/wp-json\/wp\/v2\/types\/post"}],"author":[{"embeddable":true,"href":"https:\/\/exaudi.org\/es\/wp-json\/wp\/v2\/users\/113"}],"replies":[{"embeddable":true,"href":"https:\/\/exaudi.org\/es\/wp-json\/wp\/v2\/comments?post=90583"}],"version-history":[{"count":2,"href":"https:\/\/exaudi.org\/es\/wp-json\/wp\/v2\/posts\/90583\/revisions"}],"predecessor-version":[{"id":151460,"href":"https:\/\/exaudi.org\/es\/wp-json\/wp\/v2\/posts\/90583\/revisions\/151460"}],"wp:featuredmedia":[{"embeddable":true,"href":"https:\/\/exaudi.org\/es\/wp-json\/wp\/v2\/media\/90584"}],"wp:attachment":[{"href":"https:\/\/exaudi.org\/es\/wp-json\/wp\/v2\/media?parent=90583"}],"wp:term":[{"taxonomy":"category","embeddable":true,"href":"https:\/\/exaudi.org\/es\/wp-json\/wp\/v2\/categories?post=90583"},{"taxonomy":"post_tag","embeddable":true,"href":"https:\/\/exaudi.org\/es\/wp-json\/wp\/v2\/tags?post=90583"}],"curies":[{"name":"wp","href":"https:\/\/api.w.org\/{rel}","templated":true}]}}