{"id":90569,"date":"2023-12-18T08:50:12","date_gmt":"2023-12-18T07:50:12","guid":{"rendered":"https:\/\/exaudi.org\/?p=90569"},"modified":"2023-12-18T09:25:47","modified_gmt":"2023-12-18T08:25:47","slug":"el-sentido-de-la-cultura","status":"publish","type":"post","link":"https:\/\/exaudi.org\/es\/el-sentido-de-la-cultura\/","title":{"rendered":"El sentido de la cultura"},"content":{"rendered":"<audio class=\"wp-audio-shortcode\" id=\"audio-90569-1\" preload=\"none\" style=\"width: 100%;\" controls=\"controls\"><source type=\"audio\/mpeg\" src=\"https:\/\/exaudi.org\/wp-content\/uploads\/2023\/12\/El-sentido-de-la-cultura.mp3?_=1\" \/><a href=\"https:\/\/exaudi.org\/wp-content\/uploads\/2023\/12\/El-sentido-de-la-cultura.mp3\">https:\/\/exaudi.org\/wp-content\/uploads\/2023\/12\/El-sentido-de-la-cultura.mp3<\/a><\/audio>\n<p data-adtags-visited=\"true\">La cultura, dec\u00eda el profesor Leonardo Polo, es\u00a0<em>continuatio naturae<\/em>\u00a0(continuaci\u00f3n de la naturaleza). En t\u00e9rminos que me resultan atendibles, la cultura no se opone a la naturaleza, la contin\u00faa; tampoco es una pr\u00f3tesis agregada a la naturaleza, es desarrollo de ella. De alguna manera es vida agregada a la vida recibida. Como la misma narrativa humana, tiene un principio, una plataforma, expresi\u00f3n de los radicales de la condici\u00f3n humana y desde los cuales el ser humano -con todas sus capacidades- despliega un sinf\u00edn de creaciones art\u00edsticas, literarias, monumentales, idiosincr\u00e1ticas; unas m\u00e1s permanentes que otras.<\/p>\n<p data-adtags-visited=\"true\">Con entusiasmo le\u00ed el libro de Antonio Monegal <em>Como el aire que respiramos. El sentido de la cultura\u00a0<\/em>(Acantilado, 2022). Es un texto escrito por un experto profesor universitario en la materia. Dialoga con autores y posiciones diversas sobre lo que se dice -y se sigue diciendo- de la cultura y de su sentido. El ensayo es prolijo en materias vinculadas a la cultura: mestizaje, identidad, nacionalismo, cosmopolitismo, globalizaci\u00f3n, diferencia, g\u00e9nero, pol\u00edtica. Defiende a la cultura por s\u00ed misma y no s\u00f3lo por razones utilitaristas o econ\u00f3micas; es el mismo aire que respiramos. Monegal toma postura en este di\u00e1logo decant\u00e1ndose por una visi\u00f3n amplia de la cultura, sin constre\u00f1irla a los momentos altos o estelares de sus expresiones. \u201cLa cultura, afirma, es algo que hacemos entre todos, como la pol\u00edtica es algo que hacemos entre todos y no algo de lo que son responsables un pu\u00f1ado de profesionales\u201d (p. 151). Con esta amplitud de miras tan generosa me animo a disentir en algunos aspectos de su propuesta.<\/p>\n<p data-adtags-visited=\"true\">Encuentro un tono de sospecha en su propuesta sobre las manifestaciones culturales: intereses dominantes, capitalismo, racismo. Da por sentado que sobre el g\u00e9nero ya est\u00e1 todo definido por la posici\u00f3n de J. Butler. Asunto a\u00fan abierto y presente en el debate cultural. Una visi\u00f3n de cultura fluyente: pasar, pasar y resbalar. Adem\u00e1s, hay un gran ausente en la visi\u00f3n de cultura de Monegal: la cultura religiosa. S\u00f3lo de pasada alude a la religi\u00f3n para endosarle las guerras y muertes. Situaci\u00f3n cierta en algunas latitudes, pero que no agota la riqueza cultural que ha quedado impresa en la historia de muchos pa\u00edses latinoamericanos como el Per\u00fa, sin descartar la misma Europa. No entender\u00edamos la riqueza cultural milenaria de nuestro pa\u00eds sin los grandes horizontes culturales andinos y el aporte del barroco religioso peruano: un patrimonio cultural tangible e intangible que convive en una gran s\u00edntesis viviente como lo dec\u00eda V\u00edctor Andr\u00e9s Belaunde. Sin negar los reduccionismos que, incluso, entre nosotros existen, nuestra riqueza cultural -en todos sus \u00e1mbitos- sabe convivir con lo diferente de cada regi\u00f3n en actitud abierta y acogedora, sin el \u00e1nimo crispado que me parece percibir en el ensayo de nuestro autor.<\/p>\n<p data-adtags-visited=\"true\">Me quedo, pues, con la idea de que la cultura es una continuaci\u00f3n de la naturaleza, que perfecciona, enriquece al ser humano. No todo pasa, tambi\u00e9n hay vida humana objetivada que queda. Hay expresiones culturales que humanizan, como las hay que deshumanizan o deterioran la convivencia. Cultura buena, cultura bella a la altura de la condici\u00f3n humana.<\/p>\n<p data-adtags-visited=\"true\"><em><strong><a href=\"https:\/\/open.spotify.com\/episode\/4FZi7NZFxw3xiX4dbW2dkK?si=17af261ac6684536\" target=\"_blank\" rel=\"noopener\">Spotify<\/a><\/strong><\/em><\/p>\n","protected":false},"excerpt":{"rendered":"<p>La cultura es una continuaci\u00f3n de la naturaleza, que perfecciona, enriquece al ser humano<\/p>\n","protected":false},"author":109,"featured_media":90570,"comment_status":"closed","ping_status":"closed","sticky":false,"template":"","format":"standard","meta":{"_acf_changed":false,"_crdt_document":"","inline_featured_image":false,"footnotes":""},"categories":[130],"tags":[3679,11700,11699,1992,4953],"class_list":["post-90569","post","type-post","status-publish","format-standard","has-post-thumbnail","hentry","category-voces","tag-cultura-es","tag-cultura-peruana","tag-monegal","tag-religion","tag-trending-es"],"acf":[],"yoast_head":"<!-- This site is optimized with the Yoast SEO plugin v27.5 - https:\/\/yoast.com\/product\/yoast-seo-wordpress\/ -->\n<title>El sentido de la cultura &#8211; Exaudi<\/title>\n<meta name=\"robots\" content=\"index, follow, max-snippet:-1, max-image-preview:large, max-video-preview:-1\" \/>\n<link rel=\"canonical\" href=\"https:\/\/exaudi.org\/es\/el-sentido-de-la-cultura\/\" \/>\n<meta property=\"og:locale\" content=\"es_ES\" \/>\n<meta property=\"og:type\" content=\"article\" \/>\n<meta property=\"og:title\" content=\"El sentido de la cultura &#8211; Exaudi\" \/>\n<meta property=\"og:description\" content=\"La cultura es una continuaci\u00f3n de la naturaleza, que perfecciona, enriquece al ser humano\" \/>\n<meta property=\"og:url\" content=\"https:\/\/exaudi.org\/es\/el-sentido-de-la-cultura\/\" \/>\n<meta property=\"og:site_name\" content=\"Exaudi\" \/>\n<meta property=\"article:publisher\" content=\"https:\/\/www.facebook.com\/ExaudiNews\" \/>\n<meta property=\"article:published_time\" content=\"2023-12-18T07:50:12+00:00\" \/>\n<meta property=\"article:modified_time\" content=\"2023-12-18T08:25:47+00:00\" \/>\n<meta property=\"og:image\" content=\"https:\/\/exaudi.org\/wp-content\/uploads\/2023\/12\/pexels-pixabay-207732-scaled.jpg\" \/>\n\t<meta property=\"og:image:width\" content=\"2560\" \/>\n\t<meta property=\"og:image:height\" content=\"2560\" \/>\n\t<meta property=\"og:image:type\" content=\"image\/jpeg\" \/>\n<meta name=\"author\" content=\"Francisco Bobadilla\" \/>\n<meta name=\"twitter:card\" content=\"summary_large_image\" \/>\n<meta name=\"twitter:creator\" content=\"@Exaudi_News\" \/>\n<meta name=\"twitter:site\" content=\"@Exaudi_News\" \/>\n<meta name=\"twitter:label1\" content=\"Escrito por\" \/>\n\t<meta name=\"twitter:data1\" content=\"Francisco Bobadilla\" \/>\n\t<meta name=\"twitter:label2\" content=\"Tiempo de lectura\" \/>\n\t<meta name=\"twitter:data2\" content=\"3 minutos\" \/>\n<script type=\"application\/ld+json\" class=\"yoast-schema-graph\">{\"@context\":\"https:\\\/\\\/schema.org\",\"@graph\":[{\"@type\":\"Article\",\"@id\":\"https:\\\/\\\/exaudi.org\\\/es\\\/el-sentido-de-la-cultura\\\/#article\",\"isPartOf\":{\"@id\":\"https:\\\/\\\/exaudi.org\\\/es\\\/el-sentido-de-la-cultura\\\/\"},\"author\":{\"name\":\"Francisco Bobadilla\",\"@id\":\"https:\\\/\\\/exaudi.org\\\/#\\\/schema\\\/person\\\/f2d4ad1e1e2bb7dad42a623b75b7166b\"},\"headline\":\"El sentido de la cultura\",\"datePublished\":\"2023-12-18T07:50:12+00:00\",\"dateModified\":\"2023-12-18T08:25:47+00:00\",\"mainEntityOfPage\":{\"@id\":\"https:\\\/\\\/exaudi.org\\\/es\\\/el-sentido-de-la-cultura\\\/\"},\"wordCount\":569,\"image\":{\"@id\":\"https:\\\/\\\/exaudi.org\\\/es\\\/el-sentido-de-la-cultura\\\/#primaryimage\"},\"thumbnailUrl\":\"https:\\\/\\\/exaudi.org\\\/wp-content\\\/uploads\\\/2023\\\/12\\\/pexels-pixabay-207732-scaled.jpg\",\"keywords\":[\"cultura\",\"Cultura peruana\",\"Monegal\",\"Religi\u00f3n\",\"Trending\"],\"articleSection\":[\"Voces\"],\"inLanguage\":\"es\"},{\"@type\":\"WebPage\",\"@id\":\"https:\\\/\\\/exaudi.org\\\/es\\\/el-sentido-de-la-cultura\\\/\",\"url\":\"https:\\\/\\\/exaudi.org\\\/es\\\/el-sentido-de-la-cultura\\\/\",\"name\":\"El sentido de la cultura &#8211; Exaudi\",\"isPartOf\":{\"@id\":\"https:\\\/\\\/exaudi.org\\\/#website\"},\"primaryImageOfPage\":{\"@id\":\"https:\\\/\\\/exaudi.org\\\/es\\\/el-sentido-de-la-cultura\\\/#primaryimage\"},\"image\":{\"@id\":\"https:\\\/\\\/exaudi.org\\\/es\\\/el-sentido-de-la-cultura\\\/#primaryimage\"},\"thumbnailUrl\":\"https:\\\/\\\/exaudi.org\\\/wp-content\\\/uploads\\\/2023\\\/12\\\/pexels-pixabay-207732-scaled.jpg\",\"datePublished\":\"2023-12-18T07:50:12+00:00\",\"dateModified\":\"2023-12-18T08:25:47+00:00\",\"author\":{\"@id\":\"https:\\\/\\\/exaudi.org\\\/#\\\/schema\\\/person\\\/f2d4ad1e1e2bb7dad42a623b75b7166b\"},\"breadcrumb\":{\"@id\":\"https:\\\/\\\/exaudi.org\\\/es\\\/el-sentido-de-la-cultura\\\/#breadcrumb\"},\"inLanguage\":\"es\",\"potentialAction\":[{\"@type\":\"ReadAction\",\"target\":[\"https:\\\/\\\/exaudi.org\\\/es\\\/el-sentido-de-la-cultura\\\/\"]}]},{\"@type\":\"ImageObject\",\"inLanguage\":\"es\",\"@id\":\"https:\\\/\\\/exaudi.org\\\/es\\\/el-sentido-de-la-cultura\\\/#primaryimage\",\"url\":\"https:\\\/\\\/exaudi.org\\\/wp-content\\\/uploads\\\/2023\\\/12\\\/pexels-pixabay-207732-scaled.jpg\",\"contentUrl\":\"https:\\\/\\\/exaudi.org\\\/wp-content\\\/uploads\\\/2023\\\/12\\\/pexels-pixabay-207732-scaled.jpg\",\"width\":2560,\"height\":2560},{\"@type\":\"BreadcrumbList\",\"@id\":\"https:\\\/\\\/exaudi.org\\\/es\\\/el-sentido-de-la-cultura\\\/#breadcrumb\",\"itemListElement\":[{\"@type\":\"ListItem\",\"position\":1,\"name\":\"Portada\",\"item\":\"https:\\\/\\\/exaudi.org\\\/es\\\/\"},{\"@type\":\"ListItem\",\"position\":2,\"name\":\"El sentido de la cultura\"}]},{\"@type\":\"WebSite\",\"@id\":\"https:\\\/\\\/exaudi.org\\\/#website\",\"url\":\"https:\\\/\\\/exaudi.org\\\/\",\"name\":\"Exaudi\",\"description\":\"News\",\"potentialAction\":[{\"@type\":\"SearchAction\",\"target\":{\"@type\":\"EntryPoint\",\"urlTemplate\":\"https:\\\/\\\/exaudi.org\\\/?s={search_term_string}\"},\"query-input\":{\"@type\":\"PropertyValueSpecification\",\"valueRequired\":true,\"valueName\":\"search_term_string\"}}],\"inLanguage\":\"es\"},{\"@type\":\"Person\",\"@id\":\"https:\\\/\\\/exaudi.org\\\/#\\\/schema\\\/person\\\/f2d4ad1e1e2bb7dad42a623b75b7166b\",\"name\":\"Francisco Bobadilla\",\"image\":{\"@type\":\"ImageObject\",\"inLanguage\":\"es\",\"@id\":\"https:\\\/\\\/secure.gravatar.com\\\/avatar\\\/8d65d74eeda045f5ef133a25b739fed12768ab871a0ddb2772cf98408d61ee37?s=96&d=mm&r=g\",\"url\":\"https:\\\/\\\/secure.gravatar.com\\\/avatar\\\/8d65d74eeda045f5ef133a25b739fed12768ab871a0ddb2772cf98408d61ee37?s=96&d=mm&r=g\",\"contentUrl\":\"https:\\\/\\\/secure.gravatar.com\\\/avatar\\\/8d65d74eeda045f5ef133a25b739fed12768ab871a0ddb2772cf98408d61ee37?s=96&d=mm&r=g\",\"caption\":\"Francisco Bobadilla\"},\"description\":\"Francisco Bobadilla es profesor principal de la Universidad de Piura, donde dicta clases para el pre-grado y posgrado. Interesado en las Humanidades y en la dimensi\u00f3n \u00e9tica de la conducta humana. Lector habitual, de cuyas lecturas se nutre en gran parte este blog. Es autor, entre otros, de los libros \u201cPasi\u00f3n por la Excelencia\u201d, \u201cEmpresas con alma\u201d, \u00abProgreso econ\u00f3mico y desarrollo humano\u00bb, \u00abEl C\u00f3digo da Vinci: de la ficci\u00f3n a la realidad\u00bb; \u00abLa disponibilidad de los derechos de la personalidad\u00bb. Abogado y Master en Derecho Civil por la PUCP, doctor en Derecho por la Universidad de Zaragoza; Licenciado en Ciencias de la Informaci\u00f3n por la Universidad de Piura. Sus temas: pensamiento pol\u00edtico y social, \u00e9tica y cultura, derechos de la persona.\",\"sameAs\":[\"https:\\\/\\\/tertuliaabierta.wordpress.com\\\/\"],\"url\":\"https:\\\/\\\/exaudi.org\\\/es\\\/author\\\/francisco-bobadilla\\\/\"}]}<\/script>\n<!-- \/ Yoast SEO plugin. -->","yoast_head_json":{"title":"El sentido de la cultura &#8211; Exaudi","robots":{"index":"index","follow":"follow","max-snippet":"max-snippet:-1","max-image-preview":"max-image-preview:large","max-video-preview":"max-video-preview:-1"},"canonical":"https:\/\/exaudi.org\/es\/el-sentido-de-la-cultura\/","og_locale":"es_ES","og_type":"article","og_title":"El sentido de la cultura &#8211; Exaudi","og_description":"La cultura es una continuaci\u00f3n de la naturaleza, que perfecciona, enriquece al ser humano","og_url":"https:\/\/exaudi.org\/es\/el-sentido-de-la-cultura\/","og_site_name":"Exaudi","article_publisher":"https:\/\/www.facebook.com\/ExaudiNews","article_published_time":"2023-12-18T07:50:12+00:00","article_modified_time":"2023-12-18T08:25:47+00:00","og_image":[{"width":2560,"height":2560,"url":"https:\/\/exaudi.org\/wp-content\/uploads\/2023\/12\/pexels-pixabay-207732-scaled.jpg","type":"image\/jpeg"}],"author":"Francisco Bobadilla","twitter_card":"summary_large_image","twitter_creator":"@Exaudi_News","twitter_site":"@Exaudi_News","twitter_misc":{"Escrito por":"Francisco Bobadilla","Tiempo de lectura":"3 minutos"},"schema":{"@context":"https:\/\/schema.org","@graph":[{"@type":"Article","@id":"https:\/\/exaudi.org\/es\/el-sentido-de-la-cultura\/#article","isPartOf":{"@id":"https:\/\/exaudi.org\/es\/el-sentido-de-la-cultura\/"},"author":{"name":"Francisco Bobadilla","@id":"https:\/\/exaudi.org\/#\/schema\/person\/f2d4ad1e1e2bb7dad42a623b75b7166b"},"headline":"El sentido de la cultura","datePublished":"2023-12-18T07:50:12+00:00","dateModified":"2023-12-18T08:25:47+00:00","mainEntityOfPage":{"@id":"https:\/\/exaudi.org\/es\/el-sentido-de-la-cultura\/"},"wordCount":569,"image":{"@id":"https:\/\/exaudi.org\/es\/el-sentido-de-la-cultura\/#primaryimage"},"thumbnailUrl":"https:\/\/exaudi.org\/wp-content\/uploads\/2023\/12\/pexels-pixabay-207732-scaled.jpg","keywords":["cultura","Cultura peruana","Monegal","Religi\u00f3n","Trending"],"articleSection":["Voces"],"inLanguage":"es"},{"@type":"WebPage","@id":"https:\/\/exaudi.org\/es\/el-sentido-de-la-cultura\/","url":"https:\/\/exaudi.org\/es\/el-sentido-de-la-cultura\/","name":"El sentido de la cultura &#8211; Exaudi","isPartOf":{"@id":"https:\/\/exaudi.org\/#website"},"primaryImageOfPage":{"@id":"https:\/\/exaudi.org\/es\/el-sentido-de-la-cultura\/#primaryimage"},"image":{"@id":"https:\/\/exaudi.org\/es\/el-sentido-de-la-cultura\/#primaryimage"},"thumbnailUrl":"https:\/\/exaudi.org\/wp-content\/uploads\/2023\/12\/pexels-pixabay-207732-scaled.jpg","datePublished":"2023-12-18T07:50:12+00:00","dateModified":"2023-12-18T08:25:47+00:00","author":{"@id":"https:\/\/exaudi.org\/#\/schema\/person\/f2d4ad1e1e2bb7dad42a623b75b7166b"},"breadcrumb":{"@id":"https:\/\/exaudi.org\/es\/el-sentido-de-la-cultura\/#breadcrumb"},"inLanguage":"es","potentialAction":[{"@type":"ReadAction","target":["https:\/\/exaudi.org\/es\/el-sentido-de-la-cultura\/"]}]},{"@type":"ImageObject","inLanguage":"es","@id":"https:\/\/exaudi.org\/es\/el-sentido-de-la-cultura\/#primaryimage","url":"https:\/\/exaudi.org\/wp-content\/uploads\/2023\/12\/pexels-pixabay-207732-scaled.jpg","contentUrl":"https:\/\/exaudi.org\/wp-content\/uploads\/2023\/12\/pexels-pixabay-207732-scaled.jpg","width":2560,"height":2560},{"@type":"BreadcrumbList","@id":"https:\/\/exaudi.org\/es\/el-sentido-de-la-cultura\/#breadcrumb","itemListElement":[{"@type":"ListItem","position":1,"name":"Portada","item":"https:\/\/exaudi.org\/es\/"},{"@type":"ListItem","position":2,"name":"El sentido de la cultura"}]},{"@type":"WebSite","@id":"https:\/\/exaudi.org\/#website","url":"https:\/\/exaudi.org\/","name":"Exaudi","description":"News","potentialAction":[{"@type":"SearchAction","target":{"@type":"EntryPoint","urlTemplate":"https:\/\/exaudi.org\/?s={search_term_string}"},"query-input":{"@type":"PropertyValueSpecification","valueRequired":true,"valueName":"search_term_string"}}],"inLanguage":"es"},{"@type":"Person","@id":"https:\/\/exaudi.org\/#\/schema\/person\/f2d4ad1e1e2bb7dad42a623b75b7166b","name":"Francisco Bobadilla","image":{"@type":"ImageObject","inLanguage":"es","@id":"https:\/\/secure.gravatar.com\/avatar\/8d65d74eeda045f5ef133a25b739fed12768ab871a0ddb2772cf98408d61ee37?s=96&d=mm&r=g","url":"https:\/\/secure.gravatar.com\/avatar\/8d65d74eeda045f5ef133a25b739fed12768ab871a0ddb2772cf98408d61ee37?s=96&d=mm&r=g","contentUrl":"https:\/\/secure.gravatar.com\/avatar\/8d65d74eeda045f5ef133a25b739fed12768ab871a0ddb2772cf98408d61ee37?s=96&d=mm&r=g","caption":"Francisco Bobadilla"},"description":"Francisco Bobadilla es profesor principal de la Universidad de Piura, donde dicta clases para el pre-grado y posgrado. Interesado en las Humanidades y en la dimensi\u00f3n \u00e9tica de la conducta humana. Lector habitual, de cuyas lecturas se nutre en gran parte este blog. Es autor, entre otros, de los libros \u201cPasi\u00f3n por la Excelencia\u201d, \u201cEmpresas con alma\u201d, \u00abProgreso econ\u00f3mico y desarrollo humano\u00bb, \u00abEl C\u00f3digo da Vinci: de la ficci\u00f3n a la realidad\u00bb; \u00abLa disponibilidad de los derechos de la personalidad\u00bb. Abogado y Master en Derecho Civil por la PUCP, doctor en Derecho por la Universidad de Zaragoza; Licenciado en Ciencias de la Informaci\u00f3n por la Universidad de Piura. Sus temas: pensamiento pol\u00edtico y social, \u00e9tica y cultura, derechos de la persona.","sameAs":["https:\/\/tertuliaabierta.wordpress.com\/"],"url":"https:\/\/exaudi.org\/es\/author\/francisco-bobadilla\/"}]}},"jetpack_featured_media_url":"https:\/\/exaudi.org\/wp-content\/uploads\/2023\/12\/pexels-pixabay-207732-scaled.jpg","jetpack_shortlink":"https:\/\/wp.me\/pgKjF2-nyN","_links":{"self":[{"href":"https:\/\/exaudi.org\/es\/wp-json\/wp\/v2\/posts\/90569","targetHints":{"allow":["GET"]}}],"collection":[{"href":"https:\/\/exaudi.org\/es\/wp-json\/wp\/v2\/posts"}],"about":[{"href":"https:\/\/exaudi.org\/es\/wp-json\/wp\/v2\/types\/post"}],"author":[{"embeddable":true,"href":"https:\/\/exaudi.org\/es\/wp-json\/wp\/v2\/users\/109"}],"replies":[{"embeddable":true,"href":"https:\/\/exaudi.org\/es\/wp-json\/wp\/v2\/comments?post=90569"}],"version-history":[{"count":0,"href":"https:\/\/exaudi.org\/es\/wp-json\/wp\/v2\/posts\/90569\/revisions"}],"wp:featuredmedia":[{"embeddable":true,"href":"https:\/\/exaudi.org\/es\/wp-json\/wp\/v2\/media\/90570"}],"wp:attachment":[{"href":"https:\/\/exaudi.org\/es\/wp-json\/wp\/v2\/media?parent=90569"}],"wp:term":[{"taxonomy":"category","embeddable":true,"href":"https:\/\/exaudi.org\/es\/wp-json\/wp\/v2\/categories?post=90569"},{"taxonomy":"post_tag","embeddable":true,"href":"https:\/\/exaudi.org\/es\/wp-json\/wp\/v2\/tags?post=90569"}],"curies":[{"name":"wp","href":"https:\/\/api.w.org\/{rel}","templated":true}]}}