{"id":90502,"date":"2023-12-17T10:39:37","date_gmt":"2023-12-17T09:39:37","guid":{"rendered":"https:\/\/exaudi.org\/?p=90502"},"modified":"2023-12-17T10:39:37","modified_gmt":"2023-12-17T09:39:37","slug":"en-medio-de-vosotros-hay-uno-que-no-conoceis-comentario-p-jorge-miro","status":"publish","type":"post","link":"https:\/\/exaudi.org\/es\/en-medio-de-vosotros-hay-uno-que-no-conoceis-comentario-p-jorge-miro\/","title":{"rendered":"En medio de vosotros hay uno que no conoc\u00e9is: Comentario P. Jorge Mir\u00f3"},"content":{"rendered":"<p>El P. Jorge Mir\u00f3 comparte con los lectores de Exaudi su comentario sobre el\u00a0<a href=\"https:\/\/www.dominicos.org\/predicacion\/homilia\/17-12-2023\/lecturas\/\" target=\"_blank\" rel=\"noopener\">Evangelio de hoy, domingo 17 de diciembre de 2023<\/a>, titulado \u201cEn medio de vosotros hay uno que no conoc\u00e9is\u201d<\/p>\n<p>***<\/p>\n<p>La Palabra de Dios que proclamamos hoy nos invita a vivir <em>alegremente<\/em> en el Se\u00f1or. Si el Se\u00f1or est\u00e1 cerca, su proximidad no debe ser motivo de indiferencia ni de tristeza, sino de alegr\u00eda. Porque viene el Se\u00f1or, el Amigo, el Esposo. La primera lectura nos da las claves.<\/p>\n<p>Viene a <em>dar la buena noticia a los que sufren, para vendar los corazones desgarrados, para proclamar la amnist\u00eda a los cautivos, y a los prisioneros la libertad, para proclamar el a\u00f1o de gracia del Se\u00f1or<\/em>.<\/p>\n<p>Por eso, <em>desbordo de gozo con el Se\u00f1or, y me alegro con mi Dios: porque me ha vestido un traje de gala y me ha envuelto en un manto de triunfo, como novio que se pone la corona, o novia que se adorna con sus joyas<\/em>.<\/p>\n<p>Viene a ti, a tu coraz\u00f3n, a tu vida. Viene a curar tus heridas, a cargar con tus pecados, a decirte que te ama gratuitamente, tal y como eres; a decirte que no dejar\u00e1 de amarte nunca y que te regala una vida nueva.<\/p>\n<p>Y esta es la verdadera alegr\u00eda: tener la certeza de la fidelidad y del amor de Dios, la certeza de que no hay nada ni nadie que pueda separarnos del amor de Dios manifestado en Cristo Jes\u00fas.<\/p>\n<p>La verdadera alegr\u00eda es uno de los frutos del Esp\u00edritu Santo: se halla en la experiencia del amor y de la misericordia de Dios, en vivir la presencia de Dios en la vida. S\u00f3lo Dios puede darnos la verdadera alegr\u00eda y la plena felicidad.<\/p>\n<p>La alegr\u00eda cristiana no es un estado de \u00e1nimo ef\u00edmero, ingenuo e inconsciente que olvide los sufrimientos del mundo, sino que nace precisamente del encuentro con el amor de Dios que les da sentido y los convierte, con su gracia misteriosa en fuente de salvaci\u00f3n y de vida.<\/p>\n<p>Juan Bautista es el hombre que ha sido enviado por Dios delante de la luz. Su funci\u00f3n es ser testigo de la luz. Debe vivir en la humildad, debe ocultarse para no hacer sombra a la luz. Como testigo, toda su vida, toda su actividad se orienta a descubrir a la Luz, a preparar el camino a Cristo, Luz del mundo.<\/p>\n<p>Tambi\u00e9n nosotros estamos llamados a ser testigos de la luz, a ser testigos de Cristo. Por eso, san Pablo invita a los cristianos a vivir la vocaci\u00f3n a la santidad (que es la mejor manera de ser buenos testigos).<\/p>\n<p>Para ello, san Pablo nos indica cuatro actitudes fundamentales en la vida del cristiano: la <em>alegr\u00eda<\/em> de saberse amados por Dios y que nada ni nadie nos puede quitar este amor; la <em>oraci\u00f3n constante<\/em>, porque deseamos siempre estar con Dios, vivir su presencia en nuestra vida; la <em>acci\u00f3n de gracias<\/em>, porque la respuesta al Amor no puede ser otra que la gratitud, el agradecimiento generoso; y <em>no apagar el Esp\u00edritu<\/em>, porque \u00c9l es el que nos gu\u00eda hasta la verdad plena y el que realiza en nosotros la obra de la santificaci\u00f3n.<\/p>\n<p>\u00bfC\u00f3mo est\u00e1 tu vida? \u00bfEres feliz? \u00bfTienes en tu coraz\u00f3n la verdadera alegr\u00eda? El Se\u00f1or te llama. \u00c9l quiere tu felicidad, el ilumina tus pasos, te muestra el camino de la vida. \u00a1No tengas miedo! \u00a1Cristo no quita nada, lo da todo! \u00a1Vive la <em>vida nueva<\/em> de Jesucristo\u2026 y encontrar\u00e1s la Vida!<\/p>\n<p>\u00a1Ven Esp\u00edritu Santo!<\/p>\n","protected":false},"excerpt":{"rendered":"<p>Domingo, 17 de diciembre de 2023<\/p>\n","protected":false},"author":20,"featured_media":90503,"comment_status":"closed","ping_status":"closed","sticky":false,"template":"","format":"standard","meta":{"_acf_changed":false,"_crdt_document":"","inline_featured_image":false,"footnotes":""},"categories":[96,74],"tags":[1087,1372,11685,6281,4953],"class_list":["post-90502","post","type-post","status-publish","format-standard","has-post-thumbnail","hentry","category-espiritualidad","category-iglesia-y-mundo","tag-comentario","tag-evangelio","tag-iv-domingo-adviento","tag-jorge-miro","tag-trending-es"],"acf":[],"yoast_head":"<!-- This site is optimized with the Yoast SEO plugin v27.4 - https:\/\/yoast.com\/product\/yoast-seo-wordpress\/ -->\n<title>En medio de vosotros hay uno que no conoc\u00e9is: Comentario P. Jorge Mir\u00f3 &#8211; Exaudi<\/title>\n<meta name=\"robots\" content=\"index, follow, max-snippet:-1, max-image-preview:large, max-video-preview:-1\" \/>\n<link rel=\"canonical\" href=\"https:\/\/exaudi.org\/es\/en-medio-de-vosotros-hay-uno-que-no-conoceis-comentario-p-jorge-miro\/\" \/>\n<meta property=\"og:locale\" content=\"es_ES\" \/>\n<meta property=\"og:type\" content=\"article\" \/>\n<meta property=\"og:title\" content=\"En medio de vosotros hay uno que no conoc\u00e9is: Comentario P. Jorge Mir\u00f3 &#8211; Exaudi\" \/>\n<meta property=\"og:description\" content=\"Domingo, 17 de diciembre de 2023\" \/>\n<meta property=\"og:url\" content=\"https:\/\/exaudi.org\/es\/en-medio-de-vosotros-hay-uno-que-no-conoceis-comentario-p-jorge-miro\/\" \/>\n<meta property=\"og:site_name\" content=\"Exaudi\" \/>\n<meta property=\"article:publisher\" content=\"https:\/\/www.facebook.com\/ExaudiNews\" \/>\n<meta property=\"article:published_time\" content=\"2023-12-17T09:39:37+00:00\" \/>\n<meta property=\"og:image\" content=\"https:\/\/exaudi.org\/wp-content\/uploads\/2023\/12\/lauramoralesphoto-1594844004809-cathopic-scaled.jpg\" \/>\n\t<meta property=\"og:image:width\" content=\"2560\" \/>\n\t<meta property=\"og:image:height\" content=\"1707\" \/>\n\t<meta property=\"og:image:type\" content=\"image\/jpeg\" \/>\n<meta name=\"author\" content=\"Jorge Mir\u00f3\" \/>\n<meta name=\"twitter:card\" content=\"summary_large_image\" \/>\n<meta name=\"twitter:creator\" content=\"@Exaudi_News\" \/>\n<meta name=\"twitter:site\" content=\"@Exaudi_News\" \/>\n<meta name=\"twitter:label1\" content=\"Escrito por\" \/>\n\t<meta name=\"twitter:data1\" content=\"Jorge Mir\u00f3\" \/>\n\t<meta name=\"twitter:label2\" content=\"Tiempo de lectura\" \/>\n\t<meta name=\"twitter:data2\" content=\"3 minutos\" \/>\n<script type=\"application\/ld+json\" class=\"yoast-schema-graph\">{\"@context\":\"https:\\\/\\\/schema.org\",\"@graph\":[{\"@type\":\"Article\",\"@id\":\"https:\\\/\\\/exaudi.org\\\/es\\\/en-medio-de-vosotros-hay-uno-que-no-conoceis-comentario-p-jorge-miro\\\/#article\",\"isPartOf\":{\"@id\":\"https:\\\/\\\/exaudi.org\\\/es\\\/en-medio-de-vosotros-hay-uno-que-no-conoceis-comentario-p-jorge-miro\\\/\"},\"author\":{\"name\":\"Jorge Mir\u00f3\",\"@id\":\"https:\\\/\\\/exaudi.org\\\/#\\\/schema\\\/person\\\/a258c56b05e63b2b367bdca29e0ed3e3\"},\"headline\":\"En medio de vosotros hay uno que no conoc\u00e9is: Comentario P. Jorge Mir\u00f3\",\"datePublished\":\"2023-12-17T09:39:37+00:00\",\"mainEntityOfPage\":{\"@id\":\"https:\\\/\\\/exaudi.org\\\/es\\\/en-medio-de-vosotros-hay-uno-que-no-conoceis-comentario-p-jorge-miro\\\/\"},\"wordCount\":630,\"image\":{\"@id\":\"https:\\\/\\\/exaudi.org\\\/es\\\/en-medio-de-vosotros-hay-uno-que-no-conoceis-comentario-p-jorge-miro\\\/#primaryimage\"},\"thumbnailUrl\":\"https:\\\/\\\/exaudi.org\\\/wp-content\\\/uploads\\\/2023\\\/12\\\/lauramoralesphoto-1594844004809-cathopic-scaled.jpg\",\"keywords\":[\"Comentario\",\"Evangelio\",\"IV Domingo Adviento\",\"Jorge Mir\u00f3\",\"Trending\"],\"articleSection\":[\"Espiritualidad\",\"Iglesia y Mundo\"],\"inLanguage\":\"es\"},{\"@type\":\"WebPage\",\"@id\":\"https:\\\/\\\/exaudi.org\\\/es\\\/en-medio-de-vosotros-hay-uno-que-no-conoceis-comentario-p-jorge-miro\\\/\",\"url\":\"https:\\\/\\\/exaudi.org\\\/es\\\/en-medio-de-vosotros-hay-uno-que-no-conoceis-comentario-p-jorge-miro\\\/\",\"name\":\"En medio de vosotros hay uno que no conoc\u00e9is: Comentario P. Jorge Mir\u00f3 &#8211; Exaudi\",\"isPartOf\":{\"@id\":\"https:\\\/\\\/exaudi.org\\\/#website\"},\"primaryImageOfPage\":{\"@id\":\"https:\\\/\\\/exaudi.org\\\/es\\\/en-medio-de-vosotros-hay-uno-que-no-conoceis-comentario-p-jorge-miro\\\/#primaryimage\"},\"image\":{\"@id\":\"https:\\\/\\\/exaudi.org\\\/es\\\/en-medio-de-vosotros-hay-uno-que-no-conoceis-comentario-p-jorge-miro\\\/#primaryimage\"},\"thumbnailUrl\":\"https:\\\/\\\/exaudi.org\\\/wp-content\\\/uploads\\\/2023\\\/12\\\/lauramoralesphoto-1594844004809-cathopic-scaled.jpg\",\"datePublished\":\"2023-12-17T09:39:37+00:00\",\"author\":{\"@id\":\"https:\\\/\\\/exaudi.org\\\/#\\\/schema\\\/person\\\/a258c56b05e63b2b367bdca29e0ed3e3\"},\"breadcrumb\":{\"@id\":\"https:\\\/\\\/exaudi.org\\\/es\\\/en-medio-de-vosotros-hay-uno-que-no-conoceis-comentario-p-jorge-miro\\\/#breadcrumb\"},\"inLanguage\":\"es\",\"potentialAction\":[{\"@type\":\"ReadAction\",\"target\":[\"https:\\\/\\\/exaudi.org\\\/es\\\/en-medio-de-vosotros-hay-uno-que-no-conoceis-comentario-p-jorge-miro\\\/\"]}]},{\"@type\":\"ImageObject\",\"inLanguage\":\"es\",\"@id\":\"https:\\\/\\\/exaudi.org\\\/es\\\/en-medio-de-vosotros-hay-uno-que-no-conoceis-comentario-p-jorge-miro\\\/#primaryimage\",\"url\":\"https:\\\/\\\/exaudi.org\\\/wp-content\\\/uploads\\\/2023\\\/12\\\/lauramoralesphoto-1594844004809-cathopic-scaled.jpg\",\"contentUrl\":\"https:\\\/\\\/exaudi.org\\\/wp-content\\\/uploads\\\/2023\\\/12\\\/lauramoralesphoto-1594844004809-cathopic-scaled.jpg\",\"width\":2560,\"height\":1707,\"caption\":\"Cathopic\"},{\"@type\":\"BreadcrumbList\",\"@id\":\"https:\\\/\\\/exaudi.org\\\/es\\\/en-medio-de-vosotros-hay-uno-que-no-conoceis-comentario-p-jorge-miro\\\/#breadcrumb\",\"itemListElement\":[{\"@type\":\"ListItem\",\"position\":1,\"name\":\"Portada\",\"item\":\"https:\\\/\\\/exaudi.org\\\/es\\\/\"},{\"@type\":\"ListItem\",\"position\":2,\"name\":\"En medio de vosotros hay uno que no conoc\u00e9is: Comentario P. Jorge Mir\u00f3\"}]},{\"@type\":\"WebSite\",\"@id\":\"https:\\\/\\\/exaudi.org\\\/#website\",\"url\":\"https:\\\/\\\/exaudi.org\\\/\",\"name\":\"Exaudi\",\"description\":\"News\",\"potentialAction\":[{\"@type\":\"SearchAction\",\"target\":{\"@type\":\"EntryPoint\",\"urlTemplate\":\"https:\\\/\\\/exaudi.org\\\/?s={search_term_string}\"},\"query-input\":{\"@type\":\"PropertyValueSpecification\",\"valueRequired\":true,\"valueName\":\"search_term_string\"}}],\"inLanguage\":\"es\"},{\"@type\":\"Person\",\"@id\":\"https:\\\/\\\/exaudi.org\\\/#\\\/schema\\\/person\\\/a258c56b05e63b2b367bdca29e0ed3e3\",\"name\":\"Jorge Mir\u00f3\",\"image\":{\"@type\":\"ImageObject\",\"inLanguage\":\"es\",\"@id\":\"https:\\\/\\\/secure.gravatar.com\\\/avatar\\\/f5ea26c436669b01b7b02124bf13596df002525d6f392707d301543be365bd44?s=96&d=mm&r=g\",\"url\":\"https:\\\/\\\/secure.gravatar.com\\\/avatar\\\/f5ea26c436669b01b7b02124bf13596df002525d6f392707d301543be365bd44?s=96&d=mm&r=g\",\"contentUrl\":\"https:\\\/\\\/secure.gravatar.com\\\/avatar\\\/f5ea26c436669b01b7b02124bf13596df002525d6f392707d301543be365bd44?s=96&d=mm&r=g\",\"caption\":\"Jorge Mir\u00f3\"},\"description\":\"Sacerdote de la archidi\u00f3cesis de Valencia y profesor en la Facultad de Ciencias Jur\u00eddicas, Econ\u00f3micas y Sociales de la Universidad Cat\u00f3lica de Valencia\",\"url\":\"https:\\\/\\\/exaudi.org\\\/es\\\/author\\\/jorgemiro\\\/\"}]}<\/script>\n<!-- \/ Yoast SEO plugin. -->","yoast_head_json":{"title":"En medio de vosotros hay uno que no conoc\u00e9is: Comentario P. Jorge Mir\u00f3 &#8211; Exaudi","robots":{"index":"index","follow":"follow","max-snippet":"max-snippet:-1","max-image-preview":"max-image-preview:large","max-video-preview":"max-video-preview:-1"},"canonical":"https:\/\/exaudi.org\/es\/en-medio-de-vosotros-hay-uno-que-no-conoceis-comentario-p-jorge-miro\/","og_locale":"es_ES","og_type":"article","og_title":"En medio de vosotros hay uno que no conoc\u00e9is: Comentario P. Jorge Mir\u00f3 &#8211; Exaudi","og_description":"Domingo, 17 de diciembre de 2023","og_url":"https:\/\/exaudi.org\/es\/en-medio-de-vosotros-hay-uno-que-no-conoceis-comentario-p-jorge-miro\/","og_site_name":"Exaudi","article_publisher":"https:\/\/www.facebook.com\/ExaudiNews","article_published_time":"2023-12-17T09:39:37+00:00","og_image":[{"width":2560,"height":1707,"url":"https:\/\/exaudi.org\/wp-content\/uploads\/2023\/12\/lauramoralesphoto-1594844004809-cathopic-scaled.jpg","type":"image\/jpeg"}],"author":"Jorge Mir\u00f3","twitter_card":"summary_large_image","twitter_creator":"@Exaudi_News","twitter_site":"@Exaudi_News","twitter_misc":{"Escrito por":"Jorge Mir\u00f3","Tiempo de lectura":"3 minutos"},"schema":{"@context":"https:\/\/schema.org","@graph":[{"@type":"Article","@id":"https:\/\/exaudi.org\/es\/en-medio-de-vosotros-hay-uno-que-no-conoceis-comentario-p-jorge-miro\/#article","isPartOf":{"@id":"https:\/\/exaudi.org\/es\/en-medio-de-vosotros-hay-uno-que-no-conoceis-comentario-p-jorge-miro\/"},"author":{"name":"Jorge Mir\u00f3","@id":"https:\/\/exaudi.org\/#\/schema\/person\/a258c56b05e63b2b367bdca29e0ed3e3"},"headline":"En medio de vosotros hay uno que no conoc\u00e9is: Comentario P. Jorge Mir\u00f3","datePublished":"2023-12-17T09:39:37+00:00","mainEntityOfPage":{"@id":"https:\/\/exaudi.org\/es\/en-medio-de-vosotros-hay-uno-que-no-conoceis-comentario-p-jorge-miro\/"},"wordCount":630,"image":{"@id":"https:\/\/exaudi.org\/es\/en-medio-de-vosotros-hay-uno-que-no-conoceis-comentario-p-jorge-miro\/#primaryimage"},"thumbnailUrl":"https:\/\/exaudi.org\/wp-content\/uploads\/2023\/12\/lauramoralesphoto-1594844004809-cathopic-scaled.jpg","keywords":["Comentario","Evangelio","IV Domingo Adviento","Jorge Mir\u00f3","Trending"],"articleSection":["Espiritualidad","Iglesia y Mundo"],"inLanguage":"es"},{"@type":"WebPage","@id":"https:\/\/exaudi.org\/es\/en-medio-de-vosotros-hay-uno-que-no-conoceis-comentario-p-jorge-miro\/","url":"https:\/\/exaudi.org\/es\/en-medio-de-vosotros-hay-uno-que-no-conoceis-comentario-p-jorge-miro\/","name":"En medio de vosotros hay uno que no conoc\u00e9is: Comentario P. Jorge Mir\u00f3 &#8211; Exaudi","isPartOf":{"@id":"https:\/\/exaudi.org\/#website"},"primaryImageOfPage":{"@id":"https:\/\/exaudi.org\/es\/en-medio-de-vosotros-hay-uno-que-no-conoceis-comentario-p-jorge-miro\/#primaryimage"},"image":{"@id":"https:\/\/exaudi.org\/es\/en-medio-de-vosotros-hay-uno-que-no-conoceis-comentario-p-jorge-miro\/#primaryimage"},"thumbnailUrl":"https:\/\/exaudi.org\/wp-content\/uploads\/2023\/12\/lauramoralesphoto-1594844004809-cathopic-scaled.jpg","datePublished":"2023-12-17T09:39:37+00:00","author":{"@id":"https:\/\/exaudi.org\/#\/schema\/person\/a258c56b05e63b2b367bdca29e0ed3e3"},"breadcrumb":{"@id":"https:\/\/exaudi.org\/es\/en-medio-de-vosotros-hay-uno-que-no-conoceis-comentario-p-jorge-miro\/#breadcrumb"},"inLanguage":"es","potentialAction":[{"@type":"ReadAction","target":["https:\/\/exaudi.org\/es\/en-medio-de-vosotros-hay-uno-que-no-conoceis-comentario-p-jorge-miro\/"]}]},{"@type":"ImageObject","inLanguage":"es","@id":"https:\/\/exaudi.org\/es\/en-medio-de-vosotros-hay-uno-que-no-conoceis-comentario-p-jorge-miro\/#primaryimage","url":"https:\/\/exaudi.org\/wp-content\/uploads\/2023\/12\/lauramoralesphoto-1594844004809-cathopic-scaled.jpg","contentUrl":"https:\/\/exaudi.org\/wp-content\/uploads\/2023\/12\/lauramoralesphoto-1594844004809-cathopic-scaled.jpg","width":2560,"height":1707,"caption":"Cathopic"},{"@type":"BreadcrumbList","@id":"https:\/\/exaudi.org\/es\/en-medio-de-vosotros-hay-uno-que-no-conoceis-comentario-p-jorge-miro\/#breadcrumb","itemListElement":[{"@type":"ListItem","position":1,"name":"Portada","item":"https:\/\/exaudi.org\/es\/"},{"@type":"ListItem","position":2,"name":"En medio de vosotros hay uno que no conoc\u00e9is: Comentario P. Jorge Mir\u00f3"}]},{"@type":"WebSite","@id":"https:\/\/exaudi.org\/#website","url":"https:\/\/exaudi.org\/","name":"Exaudi","description":"News","potentialAction":[{"@type":"SearchAction","target":{"@type":"EntryPoint","urlTemplate":"https:\/\/exaudi.org\/?s={search_term_string}"},"query-input":{"@type":"PropertyValueSpecification","valueRequired":true,"valueName":"search_term_string"}}],"inLanguage":"es"},{"@type":"Person","@id":"https:\/\/exaudi.org\/#\/schema\/person\/a258c56b05e63b2b367bdca29e0ed3e3","name":"Jorge Mir\u00f3","image":{"@type":"ImageObject","inLanguage":"es","@id":"https:\/\/secure.gravatar.com\/avatar\/f5ea26c436669b01b7b02124bf13596df002525d6f392707d301543be365bd44?s=96&d=mm&r=g","url":"https:\/\/secure.gravatar.com\/avatar\/f5ea26c436669b01b7b02124bf13596df002525d6f392707d301543be365bd44?s=96&d=mm&r=g","contentUrl":"https:\/\/secure.gravatar.com\/avatar\/f5ea26c436669b01b7b02124bf13596df002525d6f392707d301543be365bd44?s=96&d=mm&r=g","caption":"Jorge Mir\u00f3"},"description":"Sacerdote de la archidi\u00f3cesis de Valencia y profesor en la Facultad de Ciencias Jur\u00eddicas, Econ\u00f3micas y Sociales de la Universidad Cat\u00f3lica de Valencia","url":"https:\/\/exaudi.org\/es\/author\/jorgemiro\/"}]}},"jetpack_featured_media_url":"https:\/\/exaudi.org\/wp-content\/uploads\/2023\/12\/lauramoralesphoto-1594844004809-cathopic-scaled.jpg","jetpack_shortlink":"https:\/\/wp.me\/pgKjF2-nxI","_links":{"self":[{"href":"https:\/\/exaudi.org\/es\/wp-json\/wp\/v2\/posts\/90502","targetHints":{"allow":["GET"]}}],"collection":[{"href":"https:\/\/exaudi.org\/es\/wp-json\/wp\/v2\/posts"}],"about":[{"href":"https:\/\/exaudi.org\/es\/wp-json\/wp\/v2\/types\/post"}],"author":[{"embeddable":true,"href":"https:\/\/exaudi.org\/es\/wp-json\/wp\/v2\/users\/20"}],"replies":[{"embeddable":true,"href":"https:\/\/exaudi.org\/es\/wp-json\/wp\/v2\/comments?post=90502"}],"version-history":[{"count":0,"href":"https:\/\/exaudi.org\/es\/wp-json\/wp\/v2\/posts\/90502\/revisions"}],"wp:featuredmedia":[{"embeddable":true,"href":"https:\/\/exaudi.org\/es\/wp-json\/wp\/v2\/media\/90503"}],"wp:attachment":[{"href":"https:\/\/exaudi.org\/es\/wp-json\/wp\/v2\/media?parent=90502"}],"wp:term":[{"taxonomy":"category","embeddable":true,"href":"https:\/\/exaudi.org\/es\/wp-json\/wp\/v2\/categories?post=90502"},{"taxonomy":"post_tag","embeddable":true,"href":"https:\/\/exaudi.org\/es\/wp-json\/wp\/v2\/tags?post=90502"}],"curies":[{"name":"wp","href":"https:\/\/api.w.org\/{rel}","templated":true}]}}