{"id":90473,"date":"2023-12-15T19:09:32","date_gmt":"2023-12-15T18:09:32","guid":{"rendered":"https:\/\/exaudi.org\/?p=90473"},"modified":"2023-12-15T19:10:14","modified_gmt":"2023-12-15T18:10:14","slug":"visiones-de-monsenor-cesar-franco-martinez-obispo-de-segovia-espana-ganadora-del-xliii-premio-mundial-fernando-rielo-de-poesia-mistica","status":"publish","type":"post","link":"https:\/\/exaudi.org\/es\/visiones-de-monsenor-cesar-franco-martinez-obispo-de-segovia-espana-ganadora-del-xliii-premio-mundial-fernando-rielo-de-poesia-mistica\/","title":{"rendered":"Visiones, de Monse\u00f1or C\u00e9sar Franco Mart\u00ednez, Obispo de Segovia, ESPA\u00d1A, ganadora del XLIII Premio Mundial Fernando Rielo de Poes\u00eda M\u00edstica"},"content":{"rendered":"<p>El Jurado, presidido por el Presidente de la Fundaci\u00f3n Fernando Rielo, ha decidido, por unanimidad, otorgar el galard\u00f3n del XLIII\u00ba Premio Mundial Fernando Rielo de Poes\u00eda M\u00edstica al poemario Visiones, de Monse\u00f1or C\u00e9sar Augusto Franco Mart\u00ednez, actual obispo de Segovia. El Premio est\u00e1 dotado con 7.000 \u20ac, la edici\u00f3n de la obra y una medalla conmemorativa. La obra ha sido seleccionada de entre 268 poemarios procedentes de 22 pa\u00edses.<\/p>\n<p>El acto estaba presidido por el Gran Canciller de la Universidad Pontificia de Salamanca, y Obispo de Ciudad Rodrigo-Salamanca, y el Presidente de la Fundaci\u00f3n Fernando Rielo, padre Lu\u00eds Casas\u00fas.<\/p>\n<p>A decir del Jurado, en Visiones \u00ab(\u2026) Hay un sereno fluir en camino purificativo hacia la luz que Dios es. Esa luz puede ser la que peregrina con el poeta en su camino viador, o la que, prof\u00e9ticamente, conf\u00eda alcanzar en el amanecer definitivo de la parus\u00eda: \u201cNo me dejes ser pasto de la nada, \/ polvo olvidado en el hond\u00f3n del Hades, \/ mortal despojo del sepulcro cierto. \/ Hi\u00e9reme con tu amor, dime verdades, \/ y d\u00e9jame la herida al descubierto \/ ungida con tu luz enamorada\u201d.\u00bb<\/p>\n<p><em><strong>C\u00e9sar Augusto Franco Mart\u00edne<\/strong><\/em>z (Pi\u00f1uecar, Madrid, 1948). Es alumno diplomado en Sagrada Escritura por L\u00b4 \u00c9cole Biblique et Arch\u00e9ologique de Jerusal\u00e9n, donde realiz\u00f3 estudios sobre Cristolog\u00eda y Eucarist\u00eda. Es doctor en Teolog\u00eda por la Universidad Comillas de Madrid con una tesis sobre la persona de Jes\u00fas en la Carta a los Hebreos.<\/p>\n<p>Ha ejercido diversos cargos pastorales en parroquias, y como profesor de la Facultad san D\u00e1maso de Madrid. Ha sido Consiliario de la Asociaci\u00f3n Cat\u00f3lica de los Propagandistas de 1996 a 2011. Coordinador general de la Jornada Mundial de Juventud (Madrid, 2011).<\/p>\n<p>En 1996 el Papa San Juan Pablo II lo nombra Obispo titular de Ursona y auxiliar de Madrid. En la Conferencia Episcopal Espa\u00f1ola ha desempe\u00f1ado diversos cargos de responsabilidad.<\/p>\n<p>Desde el 12 de noviembre de 2014 es Obispo de Segovia.<\/p>\n","protected":false},"excerpt":{"rendered":"<p>La proclamaci\u00f3n de la obra ganadora ha tenido lugar en acto p\u00fablico desarrollado en el Aula Magna de la Universidad Pontificia de Salamanca, el viernes 15 de diciembre, organizado conjuntamente por la Fundaci\u00f3n Fernando Rielo y la C\u00e1tedra Fernando Rielo de esta misma Universidad<\/p>\n","protected":false},"author":15,"featured_media":90474,"comment_status":"closed","ping_status":"closed","sticky":false,"template":"","format":"standard","meta":{"_acf_changed":false,"_crdt_document":"","inline_featured_image":false,"footnotes":""},"categories":[74],"tags":[],"class_list":["post-90473","post","type-post","status-publish","format-standard","has-post-thumbnail","hentry","category-iglesia-y-mundo"],"acf":[],"yoast_head":"<!-- This site is optimized with the Yoast SEO plugin v27.5 - https:\/\/yoast.com\/product\/yoast-seo-wordpress\/ -->\n<title>Visiones, de Monse\u00f1or C\u00e9sar Franco Mart\u00ednez, Obispo de Segovia, ESPA\u00d1A, ganadora del XLIII Premio Mundial Fernando Rielo de Poes\u00eda M\u00edstica &#8211; Exaudi<\/title>\n<meta name=\"robots\" content=\"index, follow, max-snippet:-1, max-image-preview:large, max-video-preview:-1\" \/>\n<link rel=\"canonical\" href=\"https:\/\/exaudi.org\/es\/visiones-de-monsenor-cesar-franco-martinez-obispo-de-segovia-espana-ganadora-del-xliii-premio-mundial-fernando-rielo-de-poesia-mistica\/\" \/>\n<meta property=\"og:locale\" content=\"es_ES\" \/>\n<meta property=\"og:type\" content=\"article\" \/>\n<meta property=\"og:title\" content=\"Visiones, de Monse\u00f1or C\u00e9sar Franco Mart\u00ednez, Obispo de Segovia, ESPA\u00d1A, ganadora del XLIII Premio Mundial Fernando Rielo de Poes\u00eda M\u00edstica &#8211; Exaudi\" \/>\n<meta property=\"og:description\" content=\"La proclamaci\u00f3n de la obra ganadora ha tenido lugar en acto p\u00fablico desarrollado en el Aula Magna de la Universidad Pontificia de Salamanca, el viernes 15 de diciembre, organizado conjuntamente por la Fundaci\u00f3n Fernando Rielo y la C\u00e1tedra Fernando Rielo de esta misma Universidad\" \/>\n<meta property=\"og:url\" content=\"https:\/\/exaudi.org\/es\/visiones-de-monsenor-cesar-franco-martinez-obispo-de-segovia-espana-ganadora-del-xliii-premio-mundial-fernando-rielo-de-poesia-mistica\/\" \/>\n<meta property=\"og:site_name\" content=\"Exaudi\" \/>\n<meta property=\"article:publisher\" content=\"https:\/\/www.facebook.com\/ExaudiNews\" \/>\n<meta property=\"article:author\" content=\"https:\/\/www.facebook.com\/ExaudiNoticias\/\" \/>\n<meta property=\"article:published_time\" content=\"2023-12-15T18:09:32+00:00\" \/>\n<meta property=\"article:modified_time\" content=\"2023-12-15T18:10:14+00:00\" \/>\n<meta property=\"og:image\" content=\"https:\/\/exaudi.org\/wp-content\/uploads\/2023\/12\/6d6a1d23-f456-42d3-b6bc-460c31b8e1e8.jpg\" \/>\n\t<meta property=\"og:image:width\" content=\"242\" \/>\n\t<meta property=\"og:image:height\" content=\"300\" \/>\n\t<meta property=\"og:image:type\" content=\"image\/jpeg\" \/>\n<meta name=\"author\" content=\"Exaudi Redacci\u00f3n\" \/>\n<meta name=\"twitter:card\" content=\"summary_large_image\" \/>\n<meta name=\"twitter:creator\" content=\"@Exaudi_noticias\" \/>\n<meta name=\"twitter:site\" content=\"@Exaudi_News\" \/>\n<meta name=\"twitter:label1\" content=\"Escrito por\" \/>\n\t<meta name=\"twitter:data1\" content=\"Exaudi Redacci\u00f3n\" \/>\n\t<meta name=\"twitter:label2\" content=\"Tiempo de lectura\" \/>\n\t<meta name=\"twitter:data2\" content=\"2 minutos\" \/>\n<script type=\"application\/ld+json\" class=\"yoast-schema-graph\">{\"@context\":\"https:\\\/\\\/schema.org\",\"@graph\":[{\"@type\":\"Article\",\"@id\":\"https:\\\/\\\/exaudi.org\\\/es\\\/visiones-de-monsenor-cesar-franco-martinez-obispo-de-segovia-espana-ganadora-del-xliii-premio-mundial-fernando-rielo-de-poesia-mistica\\\/#article\",\"isPartOf\":{\"@id\":\"https:\\\/\\\/exaudi.org\\\/es\\\/visiones-de-monsenor-cesar-franco-martinez-obispo-de-segovia-espana-ganadora-del-xliii-premio-mundial-fernando-rielo-de-poesia-mistica\\\/\"},\"author\":{\"name\":\"Exaudi Redacci\u00f3n\",\"@id\":\"https:\\\/\\\/exaudi.org\\\/#\\\/schema\\\/person\\\/f5fc8f063065e38742da7afe15f25df7\"},\"headline\":\"Visiones, de Monse\u00f1or C\u00e9sar Franco Mart\u00ednez, Obispo de Segovia, ESPA\u00d1A, ganadora del XLIII Premio Mundial Fernando Rielo de Poes\u00eda M\u00edstica\",\"datePublished\":\"2023-12-15T18:09:32+00:00\",\"dateModified\":\"2023-12-15T18:10:14+00:00\",\"mainEntityOfPage\":{\"@id\":\"https:\\\/\\\/exaudi.org\\\/es\\\/visiones-de-monsenor-cesar-franco-martinez-obispo-de-segovia-espana-ganadora-del-xliii-premio-mundial-fernando-rielo-de-poesia-mistica\\\/\"},\"wordCount\":363,\"image\":{\"@id\":\"https:\\\/\\\/exaudi.org\\\/es\\\/visiones-de-monsenor-cesar-franco-martinez-obispo-de-segovia-espana-ganadora-del-xliii-premio-mundial-fernando-rielo-de-poesia-mistica\\\/#primaryimage\"},\"thumbnailUrl\":\"https:\\\/\\\/exaudi.org\\\/wp-content\\\/uploads\\\/2023\\\/12\\\/6d6a1d23-f456-42d3-b6bc-460c31b8e1e8.jpg\",\"articleSection\":[\"Iglesia y Mundo\"],\"inLanguage\":\"es\"},{\"@type\":\"WebPage\",\"@id\":\"https:\\\/\\\/exaudi.org\\\/es\\\/visiones-de-monsenor-cesar-franco-martinez-obispo-de-segovia-espana-ganadora-del-xliii-premio-mundial-fernando-rielo-de-poesia-mistica\\\/\",\"url\":\"https:\\\/\\\/exaudi.org\\\/es\\\/visiones-de-monsenor-cesar-franco-martinez-obispo-de-segovia-espana-ganadora-del-xliii-premio-mundial-fernando-rielo-de-poesia-mistica\\\/\",\"name\":\"Visiones, de Monse\u00f1or C\u00e9sar Franco Mart\u00ednez, Obispo de Segovia, ESPA\u00d1A, ganadora del XLIII Premio Mundial Fernando Rielo de Poes\u00eda M\u00edstica &#8211; Exaudi\",\"isPartOf\":{\"@id\":\"https:\\\/\\\/exaudi.org\\\/#website\"},\"primaryImageOfPage\":{\"@id\":\"https:\\\/\\\/exaudi.org\\\/es\\\/visiones-de-monsenor-cesar-franco-martinez-obispo-de-segovia-espana-ganadora-del-xliii-premio-mundial-fernando-rielo-de-poesia-mistica\\\/#primaryimage\"},\"image\":{\"@id\":\"https:\\\/\\\/exaudi.org\\\/es\\\/visiones-de-monsenor-cesar-franco-martinez-obispo-de-segovia-espana-ganadora-del-xliii-premio-mundial-fernando-rielo-de-poesia-mistica\\\/#primaryimage\"},\"thumbnailUrl\":\"https:\\\/\\\/exaudi.org\\\/wp-content\\\/uploads\\\/2023\\\/12\\\/6d6a1d23-f456-42d3-b6bc-460c31b8e1e8.jpg\",\"datePublished\":\"2023-12-15T18:09:32+00:00\",\"dateModified\":\"2023-12-15T18:10:14+00:00\",\"author\":{\"@id\":\"https:\\\/\\\/exaudi.org\\\/#\\\/schema\\\/person\\\/f5fc8f063065e38742da7afe15f25df7\"},\"breadcrumb\":{\"@id\":\"https:\\\/\\\/exaudi.org\\\/es\\\/visiones-de-monsenor-cesar-franco-martinez-obispo-de-segovia-espana-ganadora-del-xliii-premio-mundial-fernando-rielo-de-poesia-mistica\\\/#breadcrumb\"},\"inLanguage\":\"es\",\"potentialAction\":[{\"@type\":\"ReadAction\",\"target\":[\"https:\\\/\\\/exaudi.org\\\/es\\\/visiones-de-monsenor-cesar-franco-martinez-obispo-de-segovia-espana-ganadora-del-xliii-premio-mundial-fernando-rielo-de-poesia-mistica\\\/\"]}]},{\"@type\":\"ImageObject\",\"inLanguage\":\"es\",\"@id\":\"https:\\\/\\\/exaudi.org\\\/es\\\/visiones-de-monsenor-cesar-franco-martinez-obispo-de-segovia-espana-ganadora-del-xliii-premio-mundial-fernando-rielo-de-poesia-mistica\\\/#primaryimage\",\"url\":\"https:\\\/\\\/exaudi.org\\\/wp-content\\\/uploads\\\/2023\\\/12\\\/6d6a1d23-f456-42d3-b6bc-460c31b8e1e8.jpg\",\"contentUrl\":\"https:\\\/\\\/exaudi.org\\\/wp-content\\\/uploads\\\/2023\\\/12\\\/6d6a1d23-f456-42d3-b6bc-460c31b8e1e8.jpg\",\"width\":242,\"height\":300},{\"@type\":\"BreadcrumbList\",\"@id\":\"https:\\\/\\\/exaudi.org\\\/es\\\/visiones-de-monsenor-cesar-franco-martinez-obispo-de-segovia-espana-ganadora-del-xliii-premio-mundial-fernando-rielo-de-poesia-mistica\\\/#breadcrumb\",\"itemListElement\":[{\"@type\":\"ListItem\",\"position\":1,\"name\":\"Portada\",\"item\":\"https:\\\/\\\/exaudi.org\\\/es\\\/\"},{\"@type\":\"ListItem\",\"position\":2,\"name\":\"Visiones, de Monse\u00f1or C\u00e9sar Franco Mart\u00ednez, Obispo de Segovia, ESPA\u00d1A, ganadora del XLIII Premio Mundial Fernando Rielo de Poes\u00eda M\u00edstica\"}]},{\"@type\":\"WebSite\",\"@id\":\"https:\\\/\\\/exaudi.org\\\/#website\",\"url\":\"https:\\\/\\\/exaudi.org\\\/\",\"name\":\"Exaudi\",\"description\":\"News\",\"potentialAction\":[{\"@type\":\"SearchAction\",\"target\":{\"@type\":\"EntryPoint\",\"urlTemplate\":\"https:\\\/\\\/exaudi.org\\\/?s={search_term_string}\"},\"query-input\":{\"@type\":\"PropertyValueSpecification\",\"valueRequired\":true,\"valueName\":\"search_term_string\"}}],\"inLanguage\":\"es\"},{\"@type\":\"Person\",\"@id\":\"https:\\\/\\\/exaudi.org\\\/#\\\/schema\\\/person\\\/f5fc8f063065e38742da7afe15f25df7\",\"name\":\"Exaudi Redacci\u00f3n\",\"image\":{\"@type\":\"ImageObject\",\"inLanguage\":\"es\",\"@id\":\"https:\\\/\\\/secure.gravatar.com\\\/avatar\\\/fe0f6a059fb68d9b3e11bc5850dd4899b1c7492091a3cb6dd9b01b56ad828be2?s=96&d=mm&r=g\",\"url\":\"https:\\\/\\\/secure.gravatar.com\\\/avatar\\\/fe0f6a059fb68d9b3e11bc5850dd4899b1c7492091a3cb6dd9b01b56ad828be2?s=96&d=mm&r=g\",\"contentUrl\":\"https:\\\/\\\/secure.gravatar.com\\\/avatar\\\/fe0f6a059fb68d9b3e11bc5850dd4899b1c7492091a3cb6dd9b01b56ad828be2?s=96&d=mm&r=g\",\"caption\":\"Exaudi Redacci\u00f3n\"},\"description\":\"\u00bfQu\u00e9 es Exaudi News? Exaudi News es un medio de comunicaci\u00f3n cat\u00f3lico internacional que informa, forma y transforma, diariamente en espa\u00f1ol, ingl\u00e9s e italiano. A trav\u00e9s de noticias, art\u00edculos de an\u00e1lisis y transmisiones en directo de los eventos del Papa, Exaudi busca fortalecer la unidad de los cristianos y contribuir a la evangelizaci\u00f3n del mundo, siempre guiados por la doctrina social de la Iglesia. Trabajamos para acercar la verdad y los valores cristianos a cada rinc\u00f3n del planeta. \u00a1Ay\u00fadanos a transformar el mundo con Exaudi! En Exaudi creemos que la evangelizaci\u00f3n y la informaci\u00f3n de calidad pueden cambiar vidas. Para continuar con nuestra misi\u00f3n y expandir nuestro alcance, necesitamos tu ayuda. Adem\u00e1s, buscamos personas comprometidas que deseen unirse a nuestro equipo. Con tu apoyo, lograremos llegar a m\u00e1s personas, difundir el mensaje de Cristo y reforzar la unidad de los cristianos. \u00bfTe unes a nuestra misi\u00f3n? Para m\u00e1s informaci\u00f3n sobre c\u00f3mo colaborar, visita Exaudi.org\\\/es o cont\u00e1ctanos directamente: info@exaudi.org Exaudi: Informa, forma y transforma.\",\"sameAs\":[\"https:\\\/\\\/www.facebook.com\\\/ExaudiNoticias\\\/\",\"https:\\\/\\\/www.instagram.com\\\/exaudi_noticias\\\/\",\"https:\\\/\\\/x.com\\\/Exaudi_noticias\",\"https:\\\/\\\/www.youtube.com\\\/@exaudicatholicnews\"],\"url\":\"https:\\\/\\\/exaudi.org\\\/es\\\/author\\\/redaccionexaudi\\\/\"}]}<\/script>\n<!-- \/ Yoast SEO plugin. -->","yoast_head_json":{"title":"Visiones, de Monse\u00f1or C\u00e9sar Franco Mart\u00ednez, Obispo de Segovia, ESPA\u00d1A, ganadora del XLIII Premio Mundial Fernando Rielo de Poes\u00eda M\u00edstica &#8211; Exaudi","robots":{"index":"index","follow":"follow","max-snippet":"max-snippet:-1","max-image-preview":"max-image-preview:large","max-video-preview":"max-video-preview:-1"},"canonical":"https:\/\/exaudi.org\/es\/visiones-de-monsenor-cesar-franco-martinez-obispo-de-segovia-espana-ganadora-del-xliii-premio-mundial-fernando-rielo-de-poesia-mistica\/","og_locale":"es_ES","og_type":"article","og_title":"Visiones, de Monse\u00f1or C\u00e9sar Franco Mart\u00ednez, Obispo de Segovia, ESPA\u00d1A, ganadora del XLIII Premio Mundial Fernando Rielo de Poes\u00eda M\u00edstica &#8211; Exaudi","og_description":"La proclamaci\u00f3n de la obra ganadora ha tenido lugar en acto p\u00fablico desarrollado en el Aula Magna de la Universidad Pontificia de Salamanca, el viernes 15 de diciembre, organizado conjuntamente por la Fundaci\u00f3n Fernando Rielo y la C\u00e1tedra Fernando Rielo de esta misma Universidad","og_url":"https:\/\/exaudi.org\/es\/visiones-de-monsenor-cesar-franco-martinez-obispo-de-segovia-espana-ganadora-del-xliii-premio-mundial-fernando-rielo-de-poesia-mistica\/","og_site_name":"Exaudi","article_publisher":"https:\/\/www.facebook.com\/ExaudiNews","article_author":"https:\/\/www.facebook.com\/ExaudiNoticias\/","article_published_time":"2023-12-15T18:09:32+00:00","article_modified_time":"2023-12-15T18:10:14+00:00","og_image":[{"width":242,"height":300,"url":"https:\/\/exaudi.org\/wp-content\/uploads\/2023\/12\/6d6a1d23-f456-42d3-b6bc-460c31b8e1e8.jpg","type":"image\/jpeg"}],"author":"Exaudi Redacci\u00f3n","twitter_card":"summary_large_image","twitter_creator":"@Exaudi_noticias","twitter_site":"@Exaudi_News","twitter_misc":{"Escrito por":"Exaudi Redacci\u00f3n","Tiempo de lectura":"2 minutos"},"schema":{"@context":"https:\/\/schema.org","@graph":[{"@type":"Article","@id":"https:\/\/exaudi.org\/es\/visiones-de-monsenor-cesar-franco-martinez-obispo-de-segovia-espana-ganadora-del-xliii-premio-mundial-fernando-rielo-de-poesia-mistica\/#article","isPartOf":{"@id":"https:\/\/exaudi.org\/es\/visiones-de-monsenor-cesar-franco-martinez-obispo-de-segovia-espana-ganadora-del-xliii-premio-mundial-fernando-rielo-de-poesia-mistica\/"},"author":{"name":"Exaudi Redacci\u00f3n","@id":"https:\/\/exaudi.org\/#\/schema\/person\/f5fc8f063065e38742da7afe15f25df7"},"headline":"Visiones, de Monse\u00f1or C\u00e9sar Franco Mart\u00ednez, Obispo de Segovia, ESPA\u00d1A, ganadora del XLIII Premio Mundial Fernando Rielo de Poes\u00eda M\u00edstica","datePublished":"2023-12-15T18:09:32+00:00","dateModified":"2023-12-15T18:10:14+00:00","mainEntityOfPage":{"@id":"https:\/\/exaudi.org\/es\/visiones-de-monsenor-cesar-franco-martinez-obispo-de-segovia-espana-ganadora-del-xliii-premio-mundial-fernando-rielo-de-poesia-mistica\/"},"wordCount":363,"image":{"@id":"https:\/\/exaudi.org\/es\/visiones-de-monsenor-cesar-franco-martinez-obispo-de-segovia-espana-ganadora-del-xliii-premio-mundial-fernando-rielo-de-poesia-mistica\/#primaryimage"},"thumbnailUrl":"https:\/\/exaudi.org\/wp-content\/uploads\/2023\/12\/6d6a1d23-f456-42d3-b6bc-460c31b8e1e8.jpg","articleSection":["Iglesia y Mundo"],"inLanguage":"es"},{"@type":"WebPage","@id":"https:\/\/exaudi.org\/es\/visiones-de-monsenor-cesar-franco-martinez-obispo-de-segovia-espana-ganadora-del-xliii-premio-mundial-fernando-rielo-de-poesia-mistica\/","url":"https:\/\/exaudi.org\/es\/visiones-de-monsenor-cesar-franco-martinez-obispo-de-segovia-espana-ganadora-del-xliii-premio-mundial-fernando-rielo-de-poesia-mistica\/","name":"Visiones, de Monse\u00f1or C\u00e9sar Franco Mart\u00ednez, Obispo de Segovia, ESPA\u00d1A, ganadora del XLIII Premio Mundial Fernando Rielo de Poes\u00eda M\u00edstica &#8211; Exaudi","isPartOf":{"@id":"https:\/\/exaudi.org\/#website"},"primaryImageOfPage":{"@id":"https:\/\/exaudi.org\/es\/visiones-de-monsenor-cesar-franco-martinez-obispo-de-segovia-espana-ganadora-del-xliii-premio-mundial-fernando-rielo-de-poesia-mistica\/#primaryimage"},"image":{"@id":"https:\/\/exaudi.org\/es\/visiones-de-monsenor-cesar-franco-martinez-obispo-de-segovia-espana-ganadora-del-xliii-premio-mundial-fernando-rielo-de-poesia-mistica\/#primaryimage"},"thumbnailUrl":"https:\/\/exaudi.org\/wp-content\/uploads\/2023\/12\/6d6a1d23-f456-42d3-b6bc-460c31b8e1e8.jpg","datePublished":"2023-12-15T18:09:32+00:00","dateModified":"2023-12-15T18:10:14+00:00","author":{"@id":"https:\/\/exaudi.org\/#\/schema\/person\/f5fc8f063065e38742da7afe15f25df7"},"breadcrumb":{"@id":"https:\/\/exaudi.org\/es\/visiones-de-monsenor-cesar-franco-martinez-obispo-de-segovia-espana-ganadora-del-xliii-premio-mundial-fernando-rielo-de-poesia-mistica\/#breadcrumb"},"inLanguage":"es","potentialAction":[{"@type":"ReadAction","target":["https:\/\/exaudi.org\/es\/visiones-de-monsenor-cesar-franco-martinez-obispo-de-segovia-espana-ganadora-del-xliii-premio-mundial-fernando-rielo-de-poesia-mistica\/"]}]},{"@type":"ImageObject","inLanguage":"es","@id":"https:\/\/exaudi.org\/es\/visiones-de-monsenor-cesar-franco-martinez-obispo-de-segovia-espana-ganadora-del-xliii-premio-mundial-fernando-rielo-de-poesia-mistica\/#primaryimage","url":"https:\/\/exaudi.org\/wp-content\/uploads\/2023\/12\/6d6a1d23-f456-42d3-b6bc-460c31b8e1e8.jpg","contentUrl":"https:\/\/exaudi.org\/wp-content\/uploads\/2023\/12\/6d6a1d23-f456-42d3-b6bc-460c31b8e1e8.jpg","width":242,"height":300},{"@type":"BreadcrumbList","@id":"https:\/\/exaudi.org\/es\/visiones-de-monsenor-cesar-franco-martinez-obispo-de-segovia-espana-ganadora-del-xliii-premio-mundial-fernando-rielo-de-poesia-mistica\/#breadcrumb","itemListElement":[{"@type":"ListItem","position":1,"name":"Portada","item":"https:\/\/exaudi.org\/es\/"},{"@type":"ListItem","position":2,"name":"Visiones, de Monse\u00f1or C\u00e9sar Franco Mart\u00ednez, Obispo de Segovia, ESPA\u00d1A, ganadora del XLIII Premio Mundial Fernando Rielo de Poes\u00eda M\u00edstica"}]},{"@type":"WebSite","@id":"https:\/\/exaudi.org\/#website","url":"https:\/\/exaudi.org\/","name":"Exaudi","description":"News","potentialAction":[{"@type":"SearchAction","target":{"@type":"EntryPoint","urlTemplate":"https:\/\/exaudi.org\/?s={search_term_string}"},"query-input":{"@type":"PropertyValueSpecification","valueRequired":true,"valueName":"search_term_string"}}],"inLanguage":"es"},{"@type":"Person","@id":"https:\/\/exaudi.org\/#\/schema\/person\/f5fc8f063065e38742da7afe15f25df7","name":"Exaudi Redacci\u00f3n","image":{"@type":"ImageObject","inLanguage":"es","@id":"https:\/\/secure.gravatar.com\/avatar\/fe0f6a059fb68d9b3e11bc5850dd4899b1c7492091a3cb6dd9b01b56ad828be2?s=96&d=mm&r=g","url":"https:\/\/secure.gravatar.com\/avatar\/fe0f6a059fb68d9b3e11bc5850dd4899b1c7492091a3cb6dd9b01b56ad828be2?s=96&d=mm&r=g","contentUrl":"https:\/\/secure.gravatar.com\/avatar\/fe0f6a059fb68d9b3e11bc5850dd4899b1c7492091a3cb6dd9b01b56ad828be2?s=96&d=mm&r=g","caption":"Exaudi Redacci\u00f3n"},"description":"\u00bfQu\u00e9 es Exaudi News? Exaudi News es un medio de comunicaci\u00f3n cat\u00f3lico internacional que informa, forma y transforma, diariamente en espa\u00f1ol, ingl\u00e9s e italiano. A trav\u00e9s de noticias, art\u00edculos de an\u00e1lisis y transmisiones en directo de los eventos del Papa, Exaudi busca fortalecer la unidad de los cristianos y contribuir a la evangelizaci\u00f3n del mundo, siempre guiados por la doctrina social de la Iglesia. Trabajamos para acercar la verdad y los valores cristianos a cada rinc\u00f3n del planeta. \u00a1Ay\u00fadanos a transformar el mundo con Exaudi! En Exaudi creemos que la evangelizaci\u00f3n y la informaci\u00f3n de calidad pueden cambiar vidas. Para continuar con nuestra misi\u00f3n y expandir nuestro alcance, necesitamos tu ayuda. Adem\u00e1s, buscamos personas comprometidas que deseen unirse a nuestro equipo. Con tu apoyo, lograremos llegar a m\u00e1s personas, difundir el mensaje de Cristo y reforzar la unidad de los cristianos. \u00bfTe unes a nuestra misi\u00f3n? Para m\u00e1s informaci\u00f3n sobre c\u00f3mo colaborar, visita Exaudi.org\/es o cont\u00e1ctanos directamente: info@exaudi.org Exaudi: Informa, forma y transforma.","sameAs":["https:\/\/www.facebook.com\/ExaudiNoticias\/","https:\/\/www.instagram.com\/exaudi_noticias\/","https:\/\/x.com\/Exaudi_noticias","https:\/\/www.youtube.com\/@exaudicatholicnews"],"url":"https:\/\/exaudi.org\/es\/author\/redaccionexaudi\/"}]}},"jetpack_featured_media_url":"https:\/\/exaudi.org\/wp-content\/uploads\/2023\/12\/6d6a1d23-f456-42d3-b6bc-460c31b8e1e8.jpg","jetpack_shortlink":"https:\/\/wp.me\/pgKjF2-nxf","_links":{"self":[{"href":"https:\/\/exaudi.org\/es\/wp-json\/wp\/v2\/posts\/90473","targetHints":{"allow":["GET"]}}],"collection":[{"href":"https:\/\/exaudi.org\/es\/wp-json\/wp\/v2\/posts"}],"about":[{"href":"https:\/\/exaudi.org\/es\/wp-json\/wp\/v2\/types\/post"}],"author":[{"embeddable":true,"href":"https:\/\/exaudi.org\/es\/wp-json\/wp\/v2\/users\/15"}],"replies":[{"embeddable":true,"href":"https:\/\/exaudi.org\/es\/wp-json\/wp\/v2\/comments?post=90473"}],"version-history":[{"count":0,"href":"https:\/\/exaudi.org\/es\/wp-json\/wp\/v2\/posts\/90473\/revisions"}],"wp:featuredmedia":[{"embeddable":true,"href":"https:\/\/exaudi.org\/es\/wp-json\/wp\/v2\/media\/90474"}],"wp:attachment":[{"href":"https:\/\/exaudi.org\/es\/wp-json\/wp\/v2\/media?parent=90473"}],"wp:term":[{"taxonomy":"category","embeddable":true,"href":"https:\/\/exaudi.org\/es\/wp-json\/wp\/v2\/categories?post=90473"},{"taxonomy":"post_tag","embeddable":true,"href":"https:\/\/exaudi.org\/es\/wp-json\/wp\/v2\/tags?post=90473"}],"curies":[{"name":"wp","href":"https:\/\/api.w.org\/{rel}","templated":true}]}}