{"id":90452,"date":"2023-12-15T08:57:43","date_gmt":"2023-12-15T07:57:43","guid":{"rendered":"https:\/\/exaudi.org\/?p=90452"},"modified":"2023-12-15T09:01:26","modified_gmt":"2023-12-15T08:01:26","slug":"justicia-y-solidaridad-bioetica-una-asignatura-pendiente","status":"publish","type":"post","link":"https:\/\/exaudi.org\/es\/justicia-y-solidaridad-bioetica-una-asignatura-pendiente\/","title":{"rendered":"Justicia y solidaridad bio\u00e9tica: una asignatura pendiente"},"content":{"rendered":"<audio class=\"wp-audio-shortcode\" id=\"audio-90452-1\" preload=\"none\" style=\"width: 100%;\" controls=\"controls\"><source type=\"audio\/mpeg\" src=\"https:\/\/exaudi.org\/wp-content\/uploads\/2023\/12\/Justicia-y-solidaridad-bioetica-una-asignatura-pendiente.mp3?_=1\" \/><a href=\"https:\/\/exaudi.org\/wp-content\/uploads\/2023\/12\/Justicia-y-solidaridad-bioetica-una-asignatura-pendiente.mp3\">https:\/\/exaudi.org\/wp-content\/uploads\/2023\/12\/Justicia-y-solidaridad-bioetica-una-asignatura-pendiente.mp3<\/a><\/audio>\n<p>La gesti\u00f3n de los recursos disponibles por parte de los organismos responsables en la atenci\u00f3n de las necesidades de sus ciudadanos constituye un excelente indicador de la calidad de un gobierno, de su contribuci\u00f3n al bien com\u00fan y al progreso de la civilizaci\u00f3n.<\/p>\n<p>Por ello merecen ser analizados algunos datos reveladores sobre la calidad de esta distribuci\u00f3n justa y equitativa.<\/p>\n<p>En primer lugar, hemos conocido recientemente el rechazo del actual gobierno de Espa\u00f1a hacia la tramitaci\u00f3n de la conocida como\u00a0<strong><a href=\"https:\/\/www.congreso.es\/public_oficiales\/L14\/CONG\/BOCG\/B\/BOCG-14-B-205-1.PDF\" target=\"_blank\" rel=\"noopener\">\u201cLey de la Esclerosis Lateral Amiotr\u00f3fica (ELA)\u201d<\/a><\/strong>, aprobada en la C\u00e1mara del Congreso de los Diputados desde el 8 de marzo de 2022, que ha sido deliberadamente postergada en su tramitaci\u00f3n, aduciendo problemas presupuestarios.<\/p>\n<p>Los pacientes con ELA son grandes dependientes que terminan sufriendo una par\u00e1lisis generalizada que requiere de atenci\u00f3n continua y especializada, medios sofisticados de asistencia m\u00e9dica y personal entrenado.<\/p>\n<p>Tambi\u00e9n son grandes dependientes, de sus madres en este caso, los\u00a0<strong><a href=\"https:\/\/www.observatoriobioetica.org\/2017\/04\/estatuto-biologico-del-embrion-humano-3\/15982\" target=\"_blank\" rel=\"noopener\">embriones<\/a><\/strong>, fetos y neonatos que deber\u00edan asegurar en la descendencia el necesario relevo generacional que permita la supervivencia de nuestra civilizaci\u00f3n. Tampoco ellos son destinatarios de las ayudas necesarias: las ayudas de 20 millones de euros destinadas a mujeres embarazadas -manifiestamente insuficientes para promover la deprimida natalidad en Espa\u00f1a- se ven ampliamente superadas por los 40 millones que la Administraci\u00f3n dedica a subvencionar el aborto en nuestro pa\u00eds. Seg\u00fan datos de la Fundaci\u00f3n Red Madre, 8 de cada 10 mujeres que se planteaban abortar seguir\u00edan con su embarazo si recibieran la ayuda que necesitan. Y esta necesidad no es solo econ\u00f3mica sino tambi\u00e9n psicol\u00f3gica, sanitaria y de promoci\u00f3n social.<\/p>\n<p>Pero hay m\u00e1s. En Espa\u00f1a mueren cada a\u00f1o 75000 personas con sufrimiento intenso, perfectamente evitable, porque no tienen acceso a los cuidados paliativos, seg\u00fan afirma el\u00a0<strong><a href=\"https:\/\/www.observatoriobioetica.org\/2021\/09\/jornada-eutanasia-y-cuidados-paliativos-muerte-digna-o-vida-digna-cuidados-frente-a-eutanasia\/36717\" target=\"_blank\" rel=\"noopener\">Dr. Marcos G\u00f3mez<\/a><\/strong>, anestesi\u00f3logo y uno de los m\u00e1ximos referentes a nivel mundial en medicina paliativa. Pero esta atenci\u00f3n paliativa requiere recursos importantes, materiales y humanos, que deben proporcionarse durante periodos de tiempo a veces prolongados.<\/p>\n<p>La\u00a0<strong><a href=\"https:\/\/www.observatoriobioetica.org\/2019\/05\/frente-a-la-eutanasia-proponen-la-creacion-de-estructuras-sociales-que-ayuden-a-la-persona-ante-el-final-de-la-vida-30519fbclidiwar3-nptlb15ackdye1pvd0c09l7nzv_nlgbsajxdatkmk1t3a_3ckhror48\/30515\" target=\"_blank\" rel=\"noopener\">atenci\u00f3n paliativa<\/a><\/strong>\u00a0sigue sin estar disponible en Espa\u00f1a para la mayor\u00eda de los pacientes que la requieren, grave carencia que no parece preocupar mucho a nuestros gobernantes, que s\u00ed se han precipitado a aprobar una Ley de Eutanasia que termina antes con las vidas de los sufrientes y ahorra muchos recursos al Estado en comparaci\u00f3n con la provisi\u00f3n de los cuidados paliativos. Por unos cientos de euros puede matarse a un paciente, cifra despreciable con la que requerir\u00eda su cuidado y atenci\u00f3n en el tiempo de su enfermedad.<\/p>\n<p>Los grandes dependientes, enfermos de ELA, embriones, fetos, neonatos o ni\u00f1os, pacientes incurables, y las personas que soportan sobre sus espaldas el peso de su cuidado, incluidas las gestantes, los familiares, los asistentes y sanitarios, parecen representar para el Estado un gasto evitable. No producen y s\u00ed consumen.<\/p>\n<p>Su desatenci\u00f3n o directa eliminaci\u00f3n \u2013<strong><a href=\"https:\/\/www.observatoriobioetica.org\/2021\/12\/la-eutanasia-una-puerta-abierta-muy-dificil-de-cerrar\/37516\" target=\"_blank\" rel=\"noopener\">eutanasia<\/a>\u00a0<\/strong>o aborto- parece suponer un importante ahorro para las arcas p\u00fablicas, que pueden destinar estos recursos a otros fines espurios relacionados con posiciones ideol\u00f3gicas o de sostenimiento del poder.<\/p>\n<p>Parafraseando a\u00a0<strong><a href=\"https:\/\/www.observatoriobioetica.org\/2016\/04\/fundacion-jerome-lejeune-en-espana-y-sindrome-de-down\/13266\" target=\"_blank\" rel=\"noopener\">J\u00e9r\u00f4me Lejeune<\/a><\/strong>, nuestra civilizaci\u00f3n est\u00e1 enferma, y el s\u00edntoma principal de su enfermedad es el modo en que trata a sus miembros m\u00e1s d\u00e9biles.<\/p>\n<p><em><strong>Julio Tudela &#8211;\u00a0Observatorio de Bio\u00e9tica &#8211;\u00a0Instituto Ciencias de la Vida &#8211;\u00a0Universidad Cat\u00f3lica de Valencia<\/strong><\/em><\/p>\n","protected":false},"excerpt":{"rendered":"<p>La gesti\u00f3n de los recursos disponibles por parte de los organismos responsables en la atenci\u00f3n de las necesidades de sus ciudadanos constituye un excelente indicador de la calidad de un gobierno, de su contribuci\u00f3n al bien com\u00fan y al progreso de la civilizaci\u00f3n. Por ello merecen ser analizados algunos datos reveladores sobre la calidad de [&hellip;]<\/p>\n","protected":false},"author":87,"featured_media":90453,"comment_status":"closed","ping_status":"closed","sticky":false,"template":"","format":"standard","meta":{"_acf_changed":false,"_crdt_document":"","inline_featured_image":false,"footnotes":""},"categories":[130],"tags":[728,11651,6860,611,10786,3997,11650,11652,726,4953],"class_list":["post-90452","post","type-post","status-publish","format-standard","has-post-thumbnail","hentry","category-voces","tag-bioetica","tag-ela","tag-embriones","tag-eutanasia","tag-jerome-lejeune","tag-justicia","tag-marcos-gomez","tag-paliativos","tag-solidaridad","tag-trending-es"],"acf":[],"yoast_head":"<!-- This site is optimized with the Yoast SEO plugin v27.5 - https:\/\/yoast.com\/product\/yoast-seo-wordpress\/ -->\n<title>Justicia y solidaridad bio\u00e9tica: una asignatura pendiente &#8211; Exaudi<\/title>\n<meta name=\"robots\" content=\"index, follow, max-snippet:-1, max-image-preview:large, max-video-preview:-1\" \/>\n<link rel=\"canonical\" href=\"https:\/\/exaudi.org\/es\/justicia-y-solidaridad-bioetica-una-asignatura-pendiente\/\" \/>\n<meta property=\"og:locale\" content=\"es_ES\" \/>\n<meta property=\"og:type\" content=\"article\" \/>\n<meta property=\"og:title\" content=\"Justicia y solidaridad bio\u00e9tica: una asignatura pendiente &#8211; Exaudi\" \/>\n<meta property=\"og:description\" content=\"La gesti\u00f3n de los recursos disponibles por parte de los organismos responsables en la atenci\u00f3n de las necesidades de sus ciudadanos constituye un excelente indicador de la calidad de un gobierno, de su contribuci\u00f3n al bien com\u00fan y al progreso de la civilizaci\u00f3n. Por ello merecen ser analizados algunos datos reveladores sobre la calidad de [&hellip;]\" \/>\n<meta property=\"og:url\" content=\"https:\/\/exaudi.org\/es\/justicia-y-solidaridad-bioetica-una-asignatura-pendiente\/\" \/>\n<meta property=\"og:site_name\" content=\"Exaudi\" \/>\n<meta property=\"article:publisher\" content=\"https:\/\/www.facebook.com\/ExaudiNews\" \/>\n<meta property=\"article:author\" content=\"https:\/\/www.facebook.com\/observatoriodebioetica\/\" \/>\n<meta property=\"article:published_time\" content=\"2023-12-15T07:57:43+00:00\" \/>\n<meta property=\"article:modified_time\" content=\"2023-12-15T08:01:26+00:00\" \/>\n<meta property=\"og:image\" content=\"https:\/\/exaudi.org\/wp-content\/uploads\/2023\/12\/pexels-pavel-danilyuk-8112195-scaled-e1702627053529.jpg\" \/>\n\t<meta property=\"og:image:width\" content=\"1709\" \/>\n\t<meta property=\"og:image:height\" content=\"1070\" \/>\n\t<meta property=\"og:image:type\" content=\"image\/jpeg\" \/>\n<meta name=\"author\" content=\"Observatorio de Bio\u00e9tica UCV\" \/>\n<meta name=\"twitter:card\" content=\"summary_large_image\" \/>\n<meta name=\"twitter:creator\" content=\"@obioetica\" \/>\n<meta name=\"twitter:site\" content=\"@Exaudi_News\" \/>\n<meta name=\"twitter:label1\" content=\"Escrito por\" \/>\n\t<meta name=\"twitter:data1\" content=\"Observatorio de Bio\u00e9tica UCV\" \/>\n\t<meta name=\"twitter:label2\" content=\"Tiempo de lectura\" \/>\n\t<meta name=\"twitter:data2\" content=\"3 minutos\" \/>\n<script type=\"application\/ld+json\" class=\"yoast-schema-graph\">{\"@context\":\"https:\\\/\\\/schema.org\",\"@graph\":[{\"@type\":\"Article\",\"@id\":\"https:\\\/\\\/exaudi.org\\\/es\\\/justicia-y-solidaridad-bioetica-una-asignatura-pendiente\\\/#article\",\"isPartOf\":{\"@id\":\"https:\\\/\\\/exaudi.org\\\/es\\\/justicia-y-solidaridad-bioetica-una-asignatura-pendiente\\\/\"},\"author\":{\"name\":\"Observatorio de Bio\u00e9tica UCV\",\"@id\":\"https:\\\/\\\/exaudi.org\\\/#\\\/schema\\\/person\\\/05d1c06e56ecb5490e9bff0d27026595\"},\"headline\":\"Justicia y solidaridad bio\u00e9tica: una asignatura pendiente\",\"datePublished\":\"2023-12-15T07:57:43+00:00\",\"dateModified\":\"2023-12-15T08:01:26+00:00\",\"mainEntityOfPage\":{\"@id\":\"https:\\\/\\\/exaudi.org\\\/es\\\/justicia-y-solidaridad-bioetica-una-asignatura-pendiente\\\/\"},\"wordCount\":605,\"image\":{\"@id\":\"https:\\\/\\\/exaudi.org\\\/es\\\/justicia-y-solidaridad-bioetica-una-asignatura-pendiente\\\/#primaryimage\"},\"thumbnailUrl\":\"https:\\\/\\\/exaudi.org\\\/wp-content\\\/uploads\\\/2023\\\/12\\\/pexels-pavel-danilyuk-8112195-scaled-e1702627053529.jpg\",\"keywords\":[\"Bio\u00e9tica\",\"ELA\",\"Embriones\",\"Eutanasia\",\"J\u00e9r\u00f4me Lejeune\",\"Justicia\",\"Marcos G\u00f3mez\",\"Paliativos\",\"solidaridad\",\"Trending\"],\"articleSection\":[\"Voces\"],\"inLanguage\":\"es\"},{\"@type\":\"WebPage\",\"@id\":\"https:\\\/\\\/exaudi.org\\\/es\\\/justicia-y-solidaridad-bioetica-una-asignatura-pendiente\\\/\",\"url\":\"https:\\\/\\\/exaudi.org\\\/es\\\/justicia-y-solidaridad-bioetica-una-asignatura-pendiente\\\/\",\"name\":\"Justicia y solidaridad bio\u00e9tica: una asignatura pendiente &#8211; Exaudi\",\"isPartOf\":{\"@id\":\"https:\\\/\\\/exaudi.org\\\/#website\"},\"primaryImageOfPage\":{\"@id\":\"https:\\\/\\\/exaudi.org\\\/es\\\/justicia-y-solidaridad-bioetica-una-asignatura-pendiente\\\/#primaryimage\"},\"image\":{\"@id\":\"https:\\\/\\\/exaudi.org\\\/es\\\/justicia-y-solidaridad-bioetica-una-asignatura-pendiente\\\/#primaryimage\"},\"thumbnailUrl\":\"https:\\\/\\\/exaudi.org\\\/wp-content\\\/uploads\\\/2023\\\/12\\\/pexels-pavel-danilyuk-8112195-scaled-e1702627053529.jpg\",\"datePublished\":\"2023-12-15T07:57:43+00:00\",\"dateModified\":\"2023-12-15T08:01:26+00:00\",\"author\":{\"@id\":\"https:\\\/\\\/exaudi.org\\\/#\\\/schema\\\/person\\\/05d1c06e56ecb5490e9bff0d27026595\"},\"breadcrumb\":{\"@id\":\"https:\\\/\\\/exaudi.org\\\/es\\\/justicia-y-solidaridad-bioetica-una-asignatura-pendiente\\\/#breadcrumb\"},\"inLanguage\":\"es\",\"potentialAction\":[{\"@type\":\"ReadAction\",\"target\":[\"https:\\\/\\\/exaudi.org\\\/es\\\/justicia-y-solidaridad-bioetica-una-asignatura-pendiente\\\/\"]}]},{\"@type\":\"ImageObject\",\"inLanguage\":\"es\",\"@id\":\"https:\\\/\\\/exaudi.org\\\/es\\\/justicia-y-solidaridad-bioetica-una-asignatura-pendiente\\\/#primaryimage\",\"url\":\"https:\\\/\\\/exaudi.org\\\/wp-content\\\/uploads\\\/2023\\\/12\\\/pexels-pavel-danilyuk-8112195-scaled-e1702627053529.jpg\",\"contentUrl\":\"https:\\\/\\\/exaudi.org\\\/wp-content\\\/uploads\\\/2023\\\/12\\\/pexels-pavel-danilyuk-8112195-scaled-e1702627053529.jpg\",\"width\":1709,\"height\":1070},{\"@type\":\"BreadcrumbList\",\"@id\":\"https:\\\/\\\/exaudi.org\\\/es\\\/justicia-y-solidaridad-bioetica-una-asignatura-pendiente\\\/#breadcrumb\",\"itemListElement\":[{\"@type\":\"ListItem\",\"position\":1,\"name\":\"Portada\",\"item\":\"https:\\\/\\\/exaudi.org\\\/es\\\/\"},{\"@type\":\"ListItem\",\"position\":2,\"name\":\"Justicia y solidaridad bio\u00e9tica: una asignatura pendiente\"}]},{\"@type\":\"WebSite\",\"@id\":\"https:\\\/\\\/exaudi.org\\\/#website\",\"url\":\"https:\\\/\\\/exaudi.org\\\/\",\"name\":\"Exaudi\",\"description\":\"News\",\"potentialAction\":[{\"@type\":\"SearchAction\",\"target\":{\"@type\":\"EntryPoint\",\"urlTemplate\":\"https:\\\/\\\/exaudi.org\\\/?s={search_term_string}\"},\"query-input\":{\"@type\":\"PropertyValueSpecification\",\"valueRequired\":true,\"valueName\":\"search_term_string\"}}],\"inLanguage\":\"es\"},{\"@type\":\"Person\",\"@id\":\"https:\\\/\\\/exaudi.org\\\/#\\\/schema\\\/person\\\/05d1c06e56ecb5490e9bff0d27026595\",\"name\":\"Observatorio de Bio\u00e9tica UCV\",\"image\":{\"@type\":\"ImageObject\",\"inLanguage\":\"es\",\"@id\":\"https:\\\/\\\/secure.gravatar.com\\\/avatar\\\/086563f59595a89fb0851de25d712a03657b1cdfa8af3c9cd0a1ee122fc5d596?s=96&d=mm&r=g\",\"url\":\"https:\\\/\\\/secure.gravatar.com\\\/avatar\\\/086563f59595a89fb0851de25d712a03657b1cdfa8af3c9cd0a1ee122fc5d596?s=96&d=mm&r=g\",\"contentUrl\":\"https:\\\/\\\/secure.gravatar.com\\\/avatar\\\/086563f59595a89fb0851de25d712a03657b1cdfa8af3c9cd0a1ee122fc5d596?s=96&d=mm&r=g\",\"caption\":\"Observatorio de Bio\u00e9tica UCV\"},\"description\":\"El Observatorio de Bio\u00e9tica se encuentra dentro del Instituto Ciencias de la vida de la Universidad Cat\u00f3lica de Valencia \u201cSan Vicente M\u00e1rtir\u201d . En el trasfondo de sus publicaciones, se defiende la vida humana desde la fecundaci\u00f3n a la muerte natural y la dignidad de la persona, teniendo como objetivo aunar esfuerzos para difundir la cultura de la vida como la define la Evangelium Vitae.\",\"sameAs\":[\"https:\\\/\\\/www.observatoriobioetica.org\\\/\",\"https:\\\/\\\/www.facebook.com\\\/observatoriodebioetica\\\/\",\"https:\\\/\\\/x.com\\\/obioetica\",\"https:\\\/\\\/www.youtube.com\\\/channel\\\/UC_Tr4WS5-TXoNo5e1MdQc7w\"],\"url\":\"https:\\\/\\\/exaudi.org\\\/es\\\/author\\\/observatoriodebioeticaucv\\\/\"}]}<\/script>\n<!-- \/ Yoast SEO plugin. -->","yoast_head_json":{"title":"Justicia y solidaridad bio\u00e9tica: una asignatura pendiente &#8211; Exaudi","robots":{"index":"index","follow":"follow","max-snippet":"max-snippet:-1","max-image-preview":"max-image-preview:large","max-video-preview":"max-video-preview:-1"},"canonical":"https:\/\/exaudi.org\/es\/justicia-y-solidaridad-bioetica-una-asignatura-pendiente\/","og_locale":"es_ES","og_type":"article","og_title":"Justicia y solidaridad bio\u00e9tica: una asignatura pendiente &#8211; Exaudi","og_description":"La gesti\u00f3n de los recursos disponibles por parte de los organismos responsables en la atenci\u00f3n de las necesidades de sus ciudadanos constituye un excelente indicador de la calidad de un gobierno, de su contribuci\u00f3n al bien com\u00fan y al progreso de la civilizaci\u00f3n. Por ello merecen ser analizados algunos datos reveladores sobre la calidad de [&hellip;]","og_url":"https:\/\/exaudi.org\/es\/justicia-y-solidaridad-bioetica-una-asignatura-pendiente\/","og_site_name":"Exaudi","article_publisher":"https:\/\/www.facebook.com\/ExaudiNews","article_author":"https:\/\/www.facebook.com\/observatoriodebioetica\/","article_published_time":"2023-12-15T07:57:43+00:00","article_modified_time":"2023-12-15T08:01:26+00:00","og_image":[{"width":1709,"height":1070,"url":"https:\/\/exaudi.org\/wp-content\/uploads\/2023\/12\/pexels-pavel-danilyuk-8112195-scaled-e1702627053529.jpg","type":"image\/jpeg"}],"author":"Observatorio de Bio\u00e9tica UCV","twitter_card":"summary_large_image","twitter_creator":"@obioetica","twitter_site":"@Exaudi_News","twitter_misc":{"Escrito por":"Observatorio de Bio\u00e9tica UCV","Tiempo de lectura":"3 minutos"},"schema":{"@context":"https:\/\/schema.org","@graph":[{"@type":"Article","@id":"https:\/\/exaudi.org\/es\/justicia-y-solidaridad-bioetica-una-asignatura-pendiente\/#article","isPartOf":{"@id":"https:\/\/exaudi.org\/es\/justicia-y-solidaridad-bioetica-una-asignatura-pendiente\/"},"author":{"name":"Observatorio de Bio\u00e9tica UCV","@id":"https:\/\/exaudi.org\/#\/schema\/person\/05d1c06e56ecb5490e9bff0d27026595"},"headline":"Justicia y solidaridad bio\u00e9tica: una asignatura pendiente","datePublished":"2023-12-15T07:57:43+00:00","dateModified":"2023-12-15T08:01:26+00:00","mainEntityOfPage":{"@id":"https:\/\/exaudi.org\/es\/justicia-y-solidaridad-bioetica-una-asignatura-pendiente\/"},"wordCount":605,"image":{"@id":"https:\/\/exaudi.org\/es\/justicia-y-solidaridad-bioetica-una-asignatura-pendiente\/#primaryimage"},"thumbnailUrl":"https:\/\/exaudi.org\/wp-content\/uploads\/2023\/12\/pexels-pavel-danilyuk-8112195-scaled-e1702627053529.jpg","keywords":["Bio\u00e9tica","ELA","Embriones","Eutanasia","J\u00e9r\u00f4me Lejeune","Justicia","Marcos G\u00f3mez","Paliativos","solidaridad","Trending"],"articleSection":["Voces"],"inLanguage":"es"},{"@type":"WebPage","@id":"https:\/\/exaudi.org\/es\/justicia-y-solidaridad-bioetica-una-asignatura-pendiente\/","url":"https:\/\/exaudi.org\/es\/justicia-y-solidaridad-bioetica-una-asignatura-pendiente\/","name":"Justicia y solidaridad bio\u00e9tica: una asignatura pendiente &#8211; Exaudi","isPartOf":{"@id":"https:\/\/exaudi.org\/#website"},"primaryImageOfPage":{"@id":"https:\/\/exaudi.org\/es\/justicia-y-solidaridad-bioetica-una-asignatura-pendiente\/#primaryimage"},"image":{"@id":"https:\/\/exaudi.org\/es\/justicia-y-solidaridad-bioetica-una-asignatura-pendiente\/#primaryimage"},"thumbnailUrl":"https:\/\/exaudi.org\/wp-content\/uploads\/2023\/12\/pexels-pavel-danilyuk-8112195-scaled-e1702627053529.jpg","datePublished":"2023-12-15T07:57:43+00:00","dateModified":"2023-12-15T08:01:26+00:00","author":{"@id":"https:\/\/exaudi.org\/#\/schema\/person\/05d1c06e56ecb5490e9bff0d27026595"},"breadcrumb":{"@id":"https:\/\/exaudi.org\/es\/justicia-y-solidaridad-bioetica-una-asignatura-pendiente\/#breadcrumb"},"inLanguage":"es","potentialAction":[{"@type":"ReadAction","target":["https:\/\/exaudi.org\/es\/justicia-y-solidaridad-bioetica-una-asignatura-pendiente\/"]}]},{"@type":"ImageObject","inLanguage":"es","@id":"https:\/\/exaudi.org\/es\/justicia-y-solidaridad-bioetica-una-asignatura-pendiente\/#primaryimage","url":"https:\/\/exaudi.org\/wp-content\/uploads\/2023\/12\/pexels-pavel-danilyuk-8112195-scaled-e1702627053529.jpg","contentUrl":"https:\/\/exaudi.org\/wp-content\/uploads\/2023\/12\/pexels-pavel-danilyuk-8112195-scaled-e1702627053529.jpg","width":1709,"height":1070},{"@type":"BreadcrumbList","@id":"https:\/\/exaudi.org\/es\/justicia-y-solidaridad-bioetica-una-asignatura-pendiente\/#breadcrumb","itemListElement":[{"@type":"ListItem","position":1,"name":"Portada","item":"https:\/\/exaudi.org\/es\/"},{"@type":"ListItem","position":2,"name":"Justicia y solidaridad bio\u00e9tica: una asignatura pendiente"}]},{"@type":"WebSite","@id":"https:\/\/exaudi.org\/#website","url":"https:\/\/exaudi.org\/","name":"Exaudi","description":"News","potentialAction":[{"@type":"SearchAction","target":{"@type":"EntryPoint","urlTemplate":"https:\/\/exaudi.org\/?s={search_term_string}"},"query-input":{"@type":"PropertyValueSpecification","valueRequired":true,"valueName":"search_term_string"}}],"inLanguage":"es"},{"@type":"Person","@id":"https:\/\/exaudi.org\/#\/schema\/person\/05d1c06e56ecb5490e9bff0d27026595","name":"Observatorio de Bio\u00e9tica UCV","image":{"@type":"ImageObject","inLanguage":"es","@id":"https:\/\/secure.gravatar.com\/avatar\/086563f59595a89fb0851de25d712a03657b1cdfa8af3c9cd0a1ee122fc5d596?s=96&d=mm&r=g","url":"https:\/\/secure.gravatar.com\/avatar\/086563f59595a89fb0851de25d712a03657b1cdfa8af3c9cd0a1ee122fc5d596?s=96&d=mm&r=g","contentUrl":"https:\/\/secure.gravatar.com\/avatar\/086563f59595a89fb0851de25d712a03657b1cdfa8af3c9cd0a1ee122fc5d596?s=96&d=mm&r=g","caption":"Observatorio de Bio\u00e9tica UCV"},"description":"El Observatorio de Bio\u00e9tica se encuentra dentro del Instituto Ciencias de la vida de la Universidad Cat\u00f3lica de Valencia \u201cSan Vicente M\u00e1rtir\u201d . En el trasfondo de sus publicaciones, se defiende la vida humana desde la fecundaci\u00f3n a la muerte natural y la dignidad de la persona, teniendo como objetivo aunar esfuerzos para difundir la cultura de la vida como la define la Evangelium Vitae.","sameAs":["https:\/\/www.observatoriobioetica.org\/","https:\/\/www.facebook.com\/observatoriodebioetica\/","https:\/\/x.com\/obioetica","https:\/\/www.youtube.com\/channel\/UC_Tr4WS5-TXoNo5e1MdQc7w"],"url":"https:\/\/exaudi.org\/es\/author\/observatoriodebioeticaucv\/"}]}},"jetpack_featured_media_url":"https:\/\/exaudi.org\/wp-content\/uploads\/2023\/12\/pexels-pavel-danilyuk-8112195-scaled-e1702627053529.jpg","jetpack_shortlink":"https:\/\/wp.me\/pgKjF2-nwU","_links":{"self":[{"href":"https:\/\/exaudi.org\/es\/wp-json\/wp\/v2\/posts\/90452","targetHints":{"allow":["GET"]}}],"collection":[{"href":"https:\/\/exaudi.org\/es\/wp-json\/wp\/v2\/posts"}],"about":[{"href":"https:\/\/exaudi.org\/es\/wp-json\/wp\/v2\/types\/post"}],"author":[{"embeddable":true,"href":"https:\/\/exaudi.org\/es\/wp-json\/wp\/v2\/users\/87"}],"replies":[{"embeddable":true,"href":"https:\/\/exaudi.org\/es\/wp-json\/wp\/v2\/comments?post=90452"}],"version-history":[{"count":0,"href":"https:\/\/exaudi.org\/es\/wp-json\/wp\/v2\/posts\/90452\/revisions"}],"wp:featuredmedia":[{"embeddable":true,"href":"https:\/\/exaudi.org\/es\/wp-json\/wp\/v2\/media\/90453"}],"wp:attachment":[{"href":"https:\/\/exaudi.org\/es\/wp-json\/wp\/v2\/media?parent=90452"}],"wp:term":[{"taxonomy":"category","embeddable":true,"href":"https:\/\/exaudi.org\/es\/wp-json\/wp\/v2\/categories?post=90452"},{"taxonomy":"post_tag","embeddable":true,"href":"https:\/\/exaudi.org\/es\/wp-json\/wp\/v2\/tags?post=90452"}],"curies":[{"name":"wp","href":"https:\/\/api.w.org\/{rel}","templated":true}]}}