{"id":90336,"date":"2023-12-14T12:59:19","date_gmt":"2023-12-14T11:59:19","guid":{"rendered":"https:\/\/exaudi.org\/?p=90336"},"modified":"2023-12-14T13:02:16","modified_gmt":"2023-12-14T12:02:16","slug":"ernesto-cofino-es-declarado-venerable","status":"publish","type":"post","link":"https:\/\/exaudi.org\/es\/ernesto-cofino-es-declarado-venerable\/","title":{"rendered":"Ernesto Cofi\u00f1o es declarado venerable"},"content":{"rendered":"<audio class=\"wp-audio-shortcode\" id=\"audio-90336-1\" preload=\"none\" style=\"width: 100%;\" controls=\"controls\"><source type=\"audio\/mpeg\" src=\"https:\/\/exaudi.org\/wp-content\/uploads\/2023\/12\/Ernesto-Cofino-es-declarado-venerable.mp3?_=1\" \/><a href=\"https:\/\/exaudi.org\/wp-content\/uploads\/2023\/12\/Ernesto-Cofino-es-declarado-venerable.mp3\">https:\/\/exaudi.org\/wp-content\/uploads\/2023\/12\/Ernesto-Cofino-es-declarado-venerable.mp3<\/a><\/audio>\n<p>El Santo Padre Francisco ha autorizado esta ma\u00f1ana que el Dicasterio de las Causas de los Santos promulgue los decretos relativos a once causas de canonizaci\u00f3n. Entre estos, se encuentra el decreto sobre la heroicidad de las virtudes de Ernesto Cofi\u00f1o (1899-1991), guatemalteco, padre de familia y m\u00e9dico pediatra, profesi\u00f3n que puso especialmente al servicio de los ni\u00f1os de familias m\u00e1s necesitadas. Durante unos a\u00f1os estuvo al frente de C\u00e1ritas Guatemala. Se incorpor\u00f3 al Opus Dei en 1956.<\/p>\n<p>Al conocer el anuncio realizado por la Santa Sede, Mons. Fernando Oc\u00e1riz, prelado del Opus Dei, ha comentado: \u201cDamos gracias a Dios por esta feliz noticia y agradecemos al Santo Padre que haya querido tomar esta decisi\u00f3n. Ernesto correspondi\u00f3 a la gracia de Dios y a su vocaci\u00f3n viviendo las virtudes cristianas en su familia, en el desempe\u00f1o de su profesi\u00f3n de m\u00e9dico, en el servicio generoso a los m\u00e1s necesitados: enfermos, pobres, hu\u00e9rfanos. Junto con su esposa Clemencia, transform\u00f3 su casa \u2014bendecida con cinco hijos\u2014 en un hogar luminoso y alegre\u201d.<\/p>\n<p>En una entrevista, el postulador de la causa, el sacerdote Santiago Callejo, destaca la generosidad de vida del doctor Cofi\u00f1o: \u201cErnesto fue un buen marido y padre, y quiso ser un buen m\u00e9dico, porque sab\u00eda que el trabajo era su camino para servir a los dem\u00e1s, para cambiar el trozo de mundo que Dios le hab\u00eda encomendado. Nos muestra que el trabajo y la familia son los lugares donde estamos llamados a comportarnos como lo har\u00eda Jes\u00fas. Se empe\u00f1\u00f3 con todo su coraz\u00f3n al servicio de los dem\u00e1s. Se preocup\u00f3 por cultivar su propia vivencia cristiana y estimulaba la vida espiritual de quienes se acercaban a \u00e9l\u201d.<\/p>\n<p>En opini\u00f3n del postulador, el doctor Cofi\u00f1o \u201csupondr\u00e1 una inspiraci\u00f3n muy cercana para la Iglesia en Guatemala\u201d. Y a\u00f1ade que su fama de santidad se ha extendido mucho en los \u00faltimos a\u00f1os: \u201cA la postulaci\u00f3n nos llegan a diario relatos de sitios muy diversos, aunque predominan las personas de su tierra natal y tambi\u00e9n quienes piden por su intercesi\u00f3n recuperar la salud, ya que era m\u00e9dico\u201d. Callejo invita a \u201caprovechar este nuevo paso hacia su beatificaci\u00f3n para pedir favores a Dios a trav\u00e9s del nuevo venerable\u201d.<\/p>\n<p><iframe loading=\"lazy\" title=\"\u00bfQui\u00e9n fue Ernesto Cofi\u00f1o?\" width=\"500\" height=\"281\" src=\"https:\/\/www.youtube.com\/embed\/3KjXiqeRpsk?feature=oembed\" frameborder=\"0\" allow=\"accelerometer; autoplay; clipboard-write; encrypted-media; gyroscope; picture-in-picture; web-share\" referrerpolicy=\"strict-origin-when-cross-origin\" allowfullscreen><\/iframe><\/p>\n<p>Ernesto Cofi\u00f1o naci\u00f3 en Ciudad de Guatemala el 5 de junio de 1899. En 1919 inici\u00f3 estudios de Medicina en la Universidad de La Sorbona (Francia). Dirigi\u00f3 su tesis doctoral el Dr. Robert Debr\u00e9, considerado uno de los fundadores de la pediatr\u00eda moderna. Se cas\u00f3 con Clemencia Samayoa en 1933 y tuvieron cinco hijos: Ernesto, Clotilde Clemencia, Sof\u00eda, Roberto y Jos\u00e9 Luis.<\/p>\n<p>Se dedic\u00f3 a la pediatr\u00eda con una mirada profunda de la persona, que lo llevaba no solamente a ocuparse de la salud f\u00edsica de sus pacientes sino a hacer suyos los problemas de los ni\u00f1os o de sus familias. Pionero de la investigaci\u00f3n pedi\u00e1trica en Guatemala, luch\u00f3 contra la desnutrici\u00f3n y las enfermedades infantiles y ocup\u00f3 la C\u00e1tedra de Pediatr\u00eda de la Facultad de Medicina de la Universidad de San Carlos (USAC).<\/p>\n<p>Movido por su fe y un deseo de solidaridad, promovi\u00f3 la creaci\u00f3n de iniciativas en favor de la vida y se involucr\u00f3 personalmente en muchas de ellas, en beneficio de futuras madres, de hu\u00e9rfanos y de ni\u00f1os de la calle. Adem\u00e1s, ofreci\u00f3 soluciones concretas a varios problemas sociales, colaborando en la fundaci\u00f3n de asilos y centros asistenciales. De 1951 a 1955 fue director del Centro Educativo Asistencial (antiguo Hospicio Nacional); tambi\u00e9n dirigi\u00f3 la Sociedad Protectora del Ni\u00f1o (1940-1946) y la Lucha Nacional contra la Tuberculosis (1945-1946). Durante los a\u00f1os en que estuvo al frente de C\u00e1ritas de Guatemala, organiz\u00f3 la distribuci\u00f3n de alimentos en barrios de escasos recursos econ\u00f3micos.<\/p>\n<p>En 1956 descubri\u00f3 su vocaci\u00f3n al Opus Dei, instituci\u00f3n de la Iglesia Cat\u00f3lica fundada por san Josemar\u00eda Escriv\u00e1 el 2 de octubre de 1928 para promover entre personas de toda condici\u00f3n la santificaci\u00f3n en medio del mundo a trav\u00e9s del trabajo ordinario. Al mismo tiempo que ejercitaba su trabajo de m\u00e9dico y se implicaba en numerosas obras sociales, intensific\u00f3 su trato con Dios, a trav\u00e9s de la misa y comuni\u00f3n diarias, la confesi\u00f3n frecuente, la oraci\u00f3n, los sacrificios en la vida ordinaria y otras pr\u00e1cticas de vida cristiana. Ten\u00eda gran devoci\u00f3n a la Madre de Dios y rezaba a diario el Rosario. Dedic\u00f3 tiempo a estudiar y a mejorar su formaci\u00f3n religiosa. Intensific\u00f3 la dedicaci\u00f3n personal a sus amigos y conocidos, comunicando su alegr\u00eda y su fe a muchas personas. Le atra\u00eda la idea de poner en pr\u00e1ctica la doctrina social de la Iglesia.<\/p>\n<p>Colabor\u00f3 activamente con organizaciones dedicadas a la educaci\u00f3n y capacitaci\u00f3n profesional y humana de campesinos, mujeres, obreros, de muy escasos recursos y en la formaci\u00f3n de la juventud universitaria. Este servicio en favor del pr\u00f3jimo lo sigui\u00f3 realizando hasta los 92 a\u00f1os.<\/p>\n<p>A lo largo de los a\u00f1os, se esmer\u00f3 en compatibilizar con equilibrio su vida familiar y su trabajo profesional. Como \u00e9l mismo dec\u00eda en una ocasi\u00f3n, \u201cprofesi\u00f3n y vida son inseparables: al lado de las actividades m\u00e9dico-profesionales y sociales, est\u00e1 la vida del hogar\u201d. Clemencia, su esposa, era maestra. De ella el Dr. Cofino dec\u00eda: \u201cHa sido el aliento en los momentos dif\u00edciles; \u00e1nimo en los fracasos; alegr\u00eda en el hogar que vinieron a colmar cinco hijos\u201d. Clemencia falleci\u00f3 en 1963. A partir de este momento Ernesto se dedic\u00f3 con mayor intensidad a sus hijos, sin dejar de lado su profesi\u00f3n y el cuidado de las personas enfermas y necesitadas.<\/p>\n<p>Ernesto muri\u00f3 el d\u00eda 17 de octubre de 1991 en Ciudad de Guatemala. Vivi\u00f3 la enfermedad (un c\u00e1ncer que fue detectado en 1981 y que resurgi\u00f3 en junio de 1991) buscando la compa\u00f1\u00eda y el consuelo de Dios.<\/p>\n<p><b>El itinerario de la causa de canonizaci\u00f3n\u00a0<\/b>(<a href=\"https:\/\/www.causesanti.va\/it\/venerabili\/ernesto-guglielmo-cofino-ubico.html\" target=\"_blank\" rel=\"noopener\" data-saferedirecturl=\"https:\/\/www.google.com\/url?q=https:\/\/www.causesanti.va\/it\/venerabili\/ernesto-guglielmo-cofino-ubico.html&amp;source=gmail&amp;ust=1702641318988000&amp;usg=AOvVaw00CmMh8fR1v4Df0Mja2I10\">resumen de la cronolog\u00eda de la causa que se encuentra aqu\u00ed<\/a>)<\/p>\n<p>El 31 de julio de 2000 se abre el proceso diocesano sobre la vida, virtudes y fama de santidad del siervo de Dios, en presencia del arzobispo de Ciudad de Guatemala. En el proceso se interroga a 45 testigos a lo largo de 58 sesiones. La sesi\u00f3n de clausura tiene lugar el 5 de abril del 2000, en presencia del arzobispo. El 15 de marzo de 2002, la Congregaci\u00f3n de las Causas de los Santos, en Roma, concede el decreto de validez jur\u00eddica del proceso diocesano, y se nombra al relator. Mientras tanto, comienza la elaboraci\u00f3n de la Positio super Vita, Virtutibus et Fama Sanctitatis del siervo de Dios. Este documento consta de 771 p\u00e1ginas y fue entregado a la Congregaci\u00f3n de las Causas de los Santos en febrero de 2021.<\/p>\n<p>El 15 de noviembre de 2022, bajo la direcci\u00f3n del Promotor de la Fe, el congreso peculiar de los consultores te\u00f3logos del Dicasterio de las Causas de los Santos da respuesta positiva a la pregunta sobre el ejercicio heroico de las virtudes por parte del siervo de Dios. Un a\u00f1o m\u00e1s tarde, la sesi\u00f3n ordinaria de los cardenales y obispos se pronuncia a favor de la heroicidad de las virtudes de Ernesto Cofi\u00f1o. Finalmente, en el d\u00eda de hoy, el Papa Francisco autoriza que el Dicasterio de las Causas de los Santos promulgue el decreto de virtudes heroicas del siervo de Dios Ernesto Cofi\u00f1o.<\/p>\n","protected":false},"excerpt":{"rendered":"<p>Casado y padre de cinco hijos, pionero de la pediatr\u00eda en Guatemala<\/p>\n","protected":false},"author":15,"featured_media":90337,"comment_status":"closed","ping_status":"closed","sticky":false,"template":"","format":"standard","meta":{"_acf_changed":false,"_crdt_document":"","inline_featured_image":false,"footnotes":""},"categories":[74,92],"tags":[11594,617,953,2448,5963],"class_list":["post-90336","post","type-post","status-publish","format-standard","has-post-thumbnail","hentry","category-iglesia-y-mundo","category-santidad","tag-ernesto-cofino","tag-familia","tag-guatemala","tag-opus-dei-es","tag-venerable"],"acf":[],"yoast_head":"<!-- This site is optimized with the Yoast SEO plugin v27.5 - https:\/\/yoast.com\/product\/yoast-seo-wordpress\/ -->\n<title>Ernesto Cofi\u00f1o es declarado venerable &#8211; Exaudi<\/title>\n<meta name=\"robots\" content=\"index, follow, max-snippet:-1, max-image-preview:large, max-video-preview:-1\" \/>\n<link rel=\"canonical\" href=\"https:\/\/exaudi.org\/es\/ernesto-cofino-es-declarado-venerable\/\" \/>\n<meta property=\"og:locale\" content=\"es_ES\" \/>\n<meta property=\"og:type\" content=\"article\" \/>\n<meta property=\"og:title\" content=\"Ernesto Cofi\u00f1o es declarado venerable &#8211; Exaudi\" \/>\n<meta property=\"og:description\" content=\"Casado y padre de cinco hijos, pionero de la pediatr\u00eda en Guatemala\" \/>\n<meta property=\"og:url\" content=\"https:\/\/exaudi.org\/es\/ernesto-cofino-es-declarado-venerable\/\" \/>\n<meta property=\"og:site_name\" content=\"Exaudi\" \/>\n<meta property=\"article:publisher\" content=\"https:\/\/www.facebook.com\/ExaudiNews\" \/>\n<meta property=\"article:author\" content=\"https:\/\/www.facebook.com\/ExaudiNoticias\/\" \/>\n<meta property=\"article:published_time\" content=\"2023-12-14T11:59:19+00:00\" \/>\n<meta property=\"article:modified_time\" content=\"2023-12-14T12:02:16+00:00\" \/>\n<meta property=\"og:image\" content=\"https:\/\/exaudi.org\/wp-content\/uploads\/2023\/12\/image.webp\" \/>\n\t<meta property=\"og:image:width\" content=\"600\" \/>\n\t<meta property=\"og:image:height\" content=\"370\" \/>\n\t<meta property=\"og:image:type\" content=\"image\/webp\" \/>\n<meta name=\"author\" content=\"Exaudi Redacci\u00f3n\" \/>\n<meta name=\"twitter:card\" content=\"summary_large_image\" \/>\n<meta name=\"twitter:creator\" content=\"@Exaudi_noticias\" \/>\n<meta name=\"twitter:site\" content=\"@Exaudi_News\" \/>\n<meta name=\"twitter:label1\" content=\"Escrito por\" \/>\n\t<meta name=\"twitter:data1\" content=\"Exaudi Redacci\u00f3n\" \/>\n\t<meta name=\"twitter:label2\" content=\"Tiempo de lectura\" \/>\n\t<meta name=\"twitter:data2\" content=\"6 minutos\" \/>\n<script type=\"application\/ld+json\" class=\"yoast-schema-graph\">{\"@context\":\"https:\\\/\\\/schema.org\",\"@graph\":[{\"@type\":\"Article\",\"@id\":\"https:\\\/\\\/exaudi.org\\\/es\\\/ernesto-cofino-es-declarado-venerable\\\/#article\",\"isPartOf\":{\"@id\":\"https:\\\/\\\/exaudi.org\\\/es\\\/ernesto-cofino-es-declarado-venerable\\\/\"},\"author\":{\"name\":\"Exaudi Redacci\u00f3n\",\"@id\":\"https:\\\/\\\/exaudi.org\\\/#\\\/schema\\\/person\\\/f5fc8f063065e38742da7afe15f25df7\"},\"headline\":\"Ernesto Cofi\u00f1o es declarado venerable\",\"datePublished\":\"2023-12-14T11:59:19+00:00\",\"dateModified\":\"2023-12-14T12:02:16+00:00\",\"mainEntityOfPage\":{\"@id\":\"https:\\\/\\\/exaudi.org\\\/es\\\/ernesto-cofino-es-declarado-venerable\\\/\"},\"wordCount\":1300,\"image\":{\"@id\":\"https:\\\/\\\/exaudi.org\\\/es\\\/ernesto-cofino-es-declarado-venerable\\\/#primaryimage\"},\"thumbnailUrl\":\"https:\\\/\\\/exaudi.org\\\/wp-content\\\/uploads\\\/2023\\\/12\\\/image.webp\",\"keywords\":[\"Ernesto Cofi\u00f1o\",\"Familia\",\"Guatemala\",\"Opus Dei\",\"Venerable\"],\"articleSection\":[\"Iglesia y Mundo\",\"Santidad\"],\"inLanguage\":\"es\"},{\"@type\":\"WebPage\",\"@id\":\"https:\\\/\\\/exaudi.org\\\/es\\\/ernesto-cofino-es-declarado-venerable\\\/\",\"url\":\"https:\\\/\\\/exaudi.org\\\/es\\\/ernesto-cofino-es-declarado-venerable\\\/\",\"name\":\"Ernesto Cofi\u00f1o es declarado venerable &#8211; Exaudi\",\"isPartOf\":{\"@id\":\"https:\\\/\\\/exaudi.org\\\/#website\"},\"primaryImageOfPage\":{\"@id\":\"https:\\\/\\\/exaudi.org\\\/es\\\/ernesto-cofino-es-declarado-venerable\\\/#primaryimage\"},\"image\":{\"@id\":\"https:\\\/\\\/exaudi.org\\\/es\\\/ernesto-cofino-es-declarado-venerable\\\/#primaryimage\"},\"thumbnailUrl\":\"https:\\\/\\\/exaudi.org\\\/wp-content\\\/uploads\\\/2023\\\/12\\\/image.webp\",\"datePublished\":\"2023-12-14T11:59:19+00:00\",\"dateModified\":\"2023-12-14T12:02:16+00:00\",\"author\":{\"@id\":\"https:\\\/\\\/exaudi.org\\\/#\\\/schema\\\/person\\\/f5fc8f063065e38742da7afe15f25df7\"},\"breadcrumb\":{\"@id\":\"https:\\\/\\\/exaudi.org\\\/es\\\/ernesto-cofino-es-declarado-venerable\\\/#breadcrumb\"},\"inLanguage\":\"es\",\"potentialAction\":[{\"@type\":\"ReadAction\",\"target\":[\"https:\\\/\\\/exaudi.org\\\/es\\\/ernesto-cofino-es-declarado-venerable\\\/\"]}]},{\"@type\":\"ImageObject\",\"inLanguage\":\"es\",\"@id\":\"https:\\\/\\\/exaudi.org\\\/es\\\/ernesto-cofino-es-declarado-venerable\\\/#primaryimage\",\"url\":\"https:\\\/\\\/exaudi.org\\\/wp-content\\\/uploads\\\/2023\\\/12\\\/image.webp\",\"contentUrl\":\"https:\\\/\\\/exaudi.org\\\/wp-content\\\/uploads\\\/2023\\\/12\\\/image.webp\",\"width\":600,\"height\":370},{\"@type\":\"BreadcrumbList\",\"@id\":\"https:\\\/\\\/exaudi.org\\\/es\\\/ernesto-cofino-es-declarado-venerable\\\/#breadcrumb\",\"itemListElement\":[{\"@type\":\"ListItem\",\"position\":1,\"name\":\"Portada\",\"item\":\"https:\\\/\\\/exaudi.org\\\/es\\\/\"},{\"@type\":\"ListItem\",\"position\":2,\"name\":\"Ernesto Cofi\u00f1o es declarado venerable\"}]},{\"@type\":\"WebSite\",\"@id\":\"https:\\\/\\\/exaudi.org\\\/#website\",\"url\":\"https:\\\/\\\/exaudi.org\\\/\",\"name\":\"Exaudi\",\"description\":\"News\",\"potentialAction\":[{\"@type\":\"SearchAction\",\"target\":{\"@type\":\"EntryPoint\",\"urlTemplate\":\"https:\\\/\\\/exaudi.org\\\/?s={search_term_string}\"},\"query-input\":{\"@type\":\"PropertyValueSpecification\",\"valueRequired\":true,\"valueName\":\"search_term_string\"}}],\"inLanguage\":\"es\"},{\"@type\":\"Person\",\"@id\":\"https:\\\/\\\/exaudi.org\\\/#\\\/schema\\\/person\\\/f5fc8f063065e38742da7afe15f25df7\",\"name\":\"Exaudi Redacci\u00f3n\",\"image\":{\"@type\":\"ImageObject\",\"inLanguage\":\"es\",\"@id\":\"https:\\\/\\\/secure.gravatar.com\\\/avatar\\\/fe0f6a059fb68d9b3e11bc5850dd4899b1c7492091a3cb6dd9b01b56ad828be2?s=96&d=mm&r=g\",\"url\":\"https:\\\/\\\/secure.gravatar.com\\\/avatar\\\/fe0f6a059fb68d9b3e11bc5850dd4899b1c7492091a3cb6dd9b01b56ad828be2?s=96&d=mm&r=g\",\"contentUrl\":\"https:\\\/\\\/secure.gravatar.com\\\/avatar\\\/fe0f6a059fb68d9b3e11bc5850dd4899b1c7492091a3cb6dd9b01b56ad828be2?s=96&d=mm&r=g\",\"caption\":\"Exaudi Redacci\u00f3n\"},\"description\":\"\u00bfQu\u00e9 es Exaudi News? Exaudi News es un medio de comunicaci\u00f3n cat\u00f3lico internacional que informa, forma y transforma, diariamente en espa\u00f1ol, ingl\u00e9s e italiano. A trav\u00e9s de noticias, art\u00edculos de an\u00e1lisis y transmisiones en directo de los eventos del Papa, Exaudi busca fortalecer la unidad de los cristianos y contribuir a la evangelizaci\u00f3n del mundo, siempre guiados por la doctrina social de la Iglesia. Trabajamos para acercar la verdad y los valores cristianos a cada rinc\u00f3n del planeta. \u00a1Ay\u00fadanos a transformar el mundo con Exaudi! En Exaudi creemos que la evangelizaci\u00f3n y la informaci\u00f3n de calidad pueden cambiar vidas. Para continuar con nuestra misi\u00f3n y expandir nuestro alcance, necesitamos tu ayuda. Adem\u00e1s, buscamos personas comprometidas que deseen unirse a nuestro equipo. Con tu apoyo, lograremos llegar a m\u00e1s personas, difundir el mensaje de Cristo y reforzar la unidad de los cristianos. \u00bfTe unes a nuestra misi\u00f3n? Para m\u00e1s informaci\u00f3n sobre c\u00f3mo colaborar, visita Exaudi.org\\\/es o cont\u00e1ctanos directamente: info@exaudi.org Exaudi: Informa, forma y transforma.\",\"sameAs\":[\"https:\\\/\\\/www.facebook.com\\\/ExaudiNoticias\\\/\",\"https:\\\/\\\/www.instagram.com\\\/exaudi_noticias\\\/\",\"https:\\\/\\\/x.com\\\/Exaudi_noticias\",\"https:\\\/\\\/www.youtube.com\\\/@exaudicatholicnews\"],\"url\":\"https:\\\/\\\/exaudi.org\\\/es\\\/author\\\/redaccionexaudi\\\/\"}]}<\/script>\n<!-- \/ Yoast SEO plugin. -->","yoast_head_json":{"title":"Ernesto Cofi\u00f1o es declarado venerable &#8211; Exaudi","robots":{"index":"index","follow":"follow","max-snippet":"max-snippet:-1","max-image-preview":"max-image-preview:large","max-video-preview":"max-video-preview:-1"},"canonical":"https:\/\/exaudi.org\/es\/ernesto-cofino-es-declarado-venerable\/","og_locale":"es_ES","og_type":"article","og_title":"Ernesto Cofi\u00f1o es declarado venerable &#8211; Exaudi","og_description":"Casado y padre de cinco hijos, pionero de la pediatr\u00eda en Guatemala","og_url":"https:\/\/exaudi.org\/es\/ernesto-cofino-es-declarado-venerable\/","og_site_name":"Exaudi","article_publisher":"https:\/\/www.facebook.com\/ExaudiNews","article_author":"https:\/\/www.facebook.com\/ExaudiNoticias\/","article_published_time":"2023-12-14T11:59:19+00:00","article_modified_time":"2023-12-14T12:02:16+00:00","og_image":[{"width":600,"height":370,"url":"https:\/\/exaudi.org\/wp-content\/uploads\/2023\/12\/image.webp","type":"image\/webp"}],"author":"Exaudi Redacci\u00f3n","twitter_card":"summary_large_image","twitter_creator":"@Exaudi_noticias","twitter_site":"@Exaudi_News","twitter_misc":{"Escrito por":"Exaudi Redacci\u00f3n","Tiempo de lectura":"6 minutos"},"schema":{"@context":"https:\/\/schema.org","@graph":[{"@type":"Article","@id":"https:\/\/exaudi.org\/es\/ernesto-cofino-es-declarado-venerable\/#article","isPartOf":{"@id":"https:\/\/exaudi.org\/es\/ernesto-cofino-es-declarado-venerable\/"},"author":{"name":"Exaudi Redacci\u00f3n","@id":"https:\/\/exaudi.org\/#\/schema\/person\/f5fc8f063065e38742da7afe15f25df7"},"headline":"Ernesto Cofi\u00f1o es declarado venerable","datePublished":"2023-12-14T11:59:19+00:00","dateModified":"2023-12-14T12:02:16+00:00","mainEntityOfPage":{"@id":"https:\/\/exaudi.org\/es\/ernesto-cofino-es-declarado-venerable\/"},"wordCount":1300,"image":{"@id":"https:\/\/exaudi.org\/es\/ernesto-cofino-es-declarado-venerable\/#primaryimage"},"thumbnailUrl":"https:\/\/exaudi.org\/wp-content\/uploads\/2023\/12\/image.webp","keywords":["Ernesto Cofi\u00f1o","Familia","Guatemala","Opus Dei","Venerable"],"articleSection":["Iglesia y Mundo","Santidad"],"inLanguage":"es"},{"@type":"WebPage","@id":"https:\/\/exaudi.org\/es\/ernesto-cofino-es-declarado-venerable\/","url":"https:\/\/exaudi.org\/es\/ernesto-cofino-es-declarado-venerable\/","name":"Ernesto Cofi\u00f1o es declarado venerable &#8211; Exaudi","isPartOf":{"@id":"https:\/\/exaudi.org\/#website"},"primaryImageOfPage":{"@id":"https:\/\/exaudi.org\/es\/ernesto-cofino-es-declarado-venerable\/#primaryimage"},"image":{"@id":"https:\/\/exaudi.org\/es\/ernesto-cofino-es-declarado-venerable\/#primaryimage"},"thumbnailUrl":"https:\/\/exaudi.org\/wp-content\/uploads\/2023\/12\/image.webp","datePublished":"2023-12-14T11:59:19+00:00","dateModified":"2023-12-14T12:02:16+00:00","author":{"@id":"https:\/\/exaudi.org\/#\/schema\/person\/f5fc8f063065e38742da7afe15f25df7"},"breadcrumb":{"@id":"https:\/\/exaudi.org\/es\/ernesto-cofino-es-declarado-venerable\/#breadcrumb"},"inLanguage":"es","potentialAction":[{"@type":"ReadAction","target":["https:\/\/exaudi.org\/es\/ernesto-cofino-es-declarado-venerable\/"]}]},{"@type":"ImageObject","inLanguage":"es","@id":"https:\/\/exaudi.org\/es\/ernesto-cofino-es-declarado-venerable\/#primaryimage","url":"https:\/\/exaudi.org\/wp-content\/uploads\/2023\/12\/image.webp","contentUrl":"https:\/\/exaudi.org\/wp-content\/uploads\/2023\/12\/image.webp","width":600,"height":370},{"@type":"BreadcrumbList","@id":"https:\/\/exaudi.org\/es\/ernesto-cofino-es-declarado-venerable\/#breadcrumb","itemListElement":[{"@type":"ListItem","position":1,"name":"Portada","item":"https:\/\/exaudi.org\/es\/"},{"@type":"ListItem","position":2,"name":"Ernesto Cofi\u00f1o es declarado venerable"}]},{"@type":"WebSite","@id":"https:\/\/exaudi.org\/#website","url":"https:\/\/exaudi.org\/","name":"Exaudi","description":"News","potentialAction":[{"@type":"SearchAction","target":{"@type":"EntryPoint","urlTemplate":"https:\/\/exaudi.org\/?s={search_term_string}"},"query-input":{"@type":"PropertyValueSpecification","valueRequired":true,"valueName":"search_term_string"}}],"inLanguage":"es"},{"@type":"Person","@id":"https:\/\/exaudi.org\/#\/schema\/person\/f5fc8f063065e38742da7afe15f25df7","name":"Exaudi Redacci\u00f3n","image":{"@type":"ImageObject","inLanguage":"es","@id":"https:\/\/secure.gravatar.com\/avatar\/fe0f6a059fb68d9b3e11bc5850dd4899b1c7492091a3cb6dd9b01b56ad828be2?s=96&d=mm&r=g","url":"https:\/\/secure.gravatar.com\/avatar\/fe0f6a059fb68d9b3e11bc5850dd4899b1c7492091a3cb6dd9b01b56ad828be2?s=96&d=mm&r=g","contentUrl":"https:\/\/secure.gravatar.com\/avatar\/fe0f6a059fb68d9b3e11bc5850dd4899b1c7492091a3cb6dd9b01b56ad828be2?s=96&d=mm&r=g","caption":"Exaudi Redacci\u00f3n"},"description":"\u00bfQu\u00e9 es Exaudi News? Exaudi News es un medio de comunicaci\u00f3n cat\u00f3lico internacional que informa, forma y transforma, diariamente en espa\u00f1ol, ingl\u00e9s e italiano. A trav\u00e9s de noticias, art\u00edculos de an\u00e1lisis y transmisiones en directo de los eventos del Papa, Exaudi busca fortalecer la unidad de los cristianos y contribuir a la evangelizaci\u00f3n del mundo, siempre guiados por la doctrina social de la Iglesia. Trabajamos para acercar la verdad y los valores cristianos a cada rinc\u00f3n del planeta. \u00a1Ay\u00fadanos a transformar el mundo con Exaudi! En Exaudi creemos que la evangelizaci\u00f3n y la informaci\u00f3n de calidad pueden cambiar vidas. Para continuar con nuestra misi\u00f3n y expandir nuestro alcance, necesitamos tu ayuda. Adem\u00e1s, buscamos personas comprometidas que deseen unirse a nuestro equipo. Con tu apoyo, lograremos llegar a m\u00e1s personas, difundir el mensaje de Cristo y reforzar la unidad de los cristianos. \u00bfTe unes a nuestra misi\u00f3n? Para m\u00e1s informaci\u00f3n sobre c\u00f3mo colaborar, visita Exaudi.org\/es o cont\u00e1ctanos directamente: info@exaudi.org Exaudi: Informa, forma y transforma.","sameAs":["https:\/\/www.facebook.com\/ExaudiNoticias\/","https:\/\/www.instagram.com\/exaudi_noticias\/","https:\/\/x.com\/Exaudi_noticias","https:\/\/www.youtube.com\/@exaudicatholicnews"],"url":"https:\/\/exaudi.org\/es\/author\/redaccionexaudi\/"}]}},"jetpack_featured_media_url":"https:\/\/exaudi.org\/wp-content\/uploads\/2023\/12\/image.webp","jetpack_shortlink":"https:\/\/wp.me\/pgKjF2-nv2","_links":{"self":[{"href":"https:\/\/exaudi.org\/es\/wp-json\/wp\/v2\/posts\/90336","targetHints":{"allow":["GET"]}}],"collection":[{"href":"https:\/\/exaudi.org\/es\/wp-json\/wp\/v2\/posts"}],"about":[{"href":"https:\/\/exaudi.org\/es\/wp-json\/wp\/v2\/types\/post"}],"author":[{"embeddable":true,"href":"https:\/\/exaudi.org\/es\/wp-json\/wp\/v2\/users\/15"}],"replies":[{"embeddable":true,"href":"https:\/\/exaudi.org\/es\/wp-json\/wp\/v2\/comments?post=90336"}],"version-history":[{"count":0,"href":"https:\/\/exaudi.org\/es\/wp-json\/wp\/v2\/posts\/90336\/revisions"}],"wp:featuredmedia":[{"embeddable":true,"href":"https:\/\/exaudi.org\/es\/wp-json\/wp\/v2\/media\/90337"}],"wp:attachment":[{"href":"https:\/\/exaudi.org\/es\/wp-json\/wp\/v2\/media?parent=90336"}],"wp:term":[{"taxonomy":"category","embeddable":true,"href":"https:\/\/exaudi.org\/es\/wp-json\/wp\/v2\/categories?post=90336"},{"taxonomy":"post_tag","embeddable":true,"href":"https:\/\/exaudi.org\/es\/wp-json\/wp\/v2\/tags?post=90336"}],"curies":[{"name":"wp","href":"https:\/\/api.w.org\/{rel}","templated":true}]}}