{"id":90265,"date":"2023-12-15T08:30:23","date_gmt":"2023-12-15T07:30:23","guid":{"rendered":"https:\/\/exaudi.org\/?p=90265"},"modified":"2023-12-15T11:01:25","modified_gmt":"2023-12-15T10:01:25","slug":"cardenal-arizmendi-un-pueblo-cansado-de-extorsiones","status":"publish","type":"post","link":"https:\/\/exaudi.org\/es\/cardenal-arizmendi-un-pueblo-cansado-de-extorsiones\/","title":{"rendered":"Cardenal Arizmendi: Un pueblo cansado de extorsiones"},"content":{"rendered":"<audio class=\"wp-audio-shortcode\" id=\"audio-90265-1\" preload=\"none\" style=\"width: 100%;\" controls=\"controls\"><source type=\"audio\/mpeg\" src=\"https:\/\/exaudi.org\/wp-content\/uploads\/2023\/12\/Un-pueblo-cansado-de-extorsiones.mp3?_=1\" \/><a href=\"https:\/\/exaudi.org\/wp-content\/uploads\/2023\/12\/Un-pueblo-cansado-de-extorsiones.mp3\">https:\/\/exaudi.org\/wp-content\/uploads\/2023\/12\/Un-pueblo-cansado-de-extorsiones.mp3<\/a><\/audio>\n<p>El\u00a0<a href=\"https:\/\/exaudi.org\/es\/author\/felipearizmendi\/\" target=\"_blank\" rel=\"noopener\">cardenal Felipe Arizmendi<\/a>, obispo em\u00e9rito de San Crist\u00f3bal de Las Casas y responsable de la Doctrina de la Fe en la\u00a0<a href=\"https:\/\/www.cem.org.mx\/\" target=\"_blank\" rel=\"noopener\">Conferencia del Episcopado Mexicano (CEM)<\/a>, ofrece a los lectores de Exaudi su art\u00edculo semanal titulado\u00a0<strong>\u201cUn pueblo cansado de extorsiones\u201d<\/strong>.<\/p>\n<p>***<\/p>\n<h3><strong>MIRAR<\/strong><\/h3>\n<p>El reciente viernes 8 de diciembre, un grupo criminal, que dice ser de <em>La Familia Michoacana <\/em>y que siempre anda con armas de grueso calibre, cit\u00f3 a los campesinos de Texcapilla y de comunidades aleda\u00f1as, muy cercanos a mi pueblo natal, del municipio de Texcaltitl\u00e1n, para exigirles una elevada cantidad de dinero por sus siembras de haba, ch\u00edcharo, avena, ma\u00edz y frijol. La gente les dec\u00eda que no pod\u00edan pagar esa nueva cuota, pues sus cosechas no les rinden lo suficiente. Ante la intransigencia del grupo criminal, los campesinos se armaron de valor, sin mayores armas que machetes, azadones, palos y alguna escopeta vieja, y arremetieron contra ellos, matando a todo el grupo, incluido su l\u00edder, alias el <em>\u201cPayaso\u201d<\/em>. Dicen que a \u00e9ste lo termin\u00f3 de abatir una mujer, con s\u00f3lo un cuchillo en su mano. Por cierto, en forma circunstacial, yo hab\u00eda hablado con este l\u00edder, al igual que con el del grupo que domina mi pueblo, exhort\u00e1ndolos a un cambio de vida, pero para ellos les importa m\u00e1s el dinero que exigen a los campesinos, que otros valores de la fe cristiana, aunque se declaran cat\u00f3licos. Su dios es el dinero. Aqu\u00ed no es tanto problema de venta y consumo de drogas, sino extorsi\u00f3n o cobro de piso a todo mundo que trabaja en algo.<\/p>\n<p>Despu\u00e9s de algunas horas, llegaron el ej\u00e9rcito, la polic\u00eda estatal y la guardia nacional para proteger el lugar, pero la gran mayor\u00eda del pueblo ha huido a otros lugares, pues temen represalias del grupo criminal, que de inmediato han desaparecido a algunos miembros de esas comunidades. Se perdi\u00f3 la paz. Se cancel\u00f3 la fiesta patronal a la Virgen de Guadalupe. El p\u00e1rroco, que es el mismo de mi parroquia nativa, fue a celebrar la Misa dominical acostumbrada, y no encontr\u00f3 gente. Fue a visitar y consolar a varias familias, y encontr\u00f3 varias casas cerradas y otras abandonadas. Yo pas\u00e9 por ese lugar y vi mucha polic\u00eda, pero las familias han huido del lugar. El pueblo se sinti\u00f3 abandonado por las autoridades. Cansado de tanta extorsi\u00f3n, se sinti\u00f3 en la necesidad de tomar justicia por sus propias manos. No aprobamos esta reacci\u00f3n, pero a eso orillan las autoridades federales, al dejar indefensos a los pobres campesinos.<\/p>\n<p>De diversas maneras, los obispos hemos acudido a las autoridades federales y estatales, para hacer de su conocimiento el crimen incontrolado de la extorsi\u00f3n, pues a todo mundo le cobran por lo que hace y trabaja. Y si alguien no les paga lo que ellos exigen, se expone a todo tipo de represalias, incluso a ser secuestrado y asesinado. Nuestras autoridades presumen que han logrado disminuir los \u00edndices de criminalidad en el pa\u00eds, y qu\u00e9 bueno que as\u00ed sea, pero nosotros tenemos otros datos, que ellos se resisten a tomar en cuenta. Mandan de cuando en cuando a polic\u00edas y ej\u00e9rcito a nuestros pueblos, pero, como yo le dec\u00eda a alguien de la guardia nacional, mientras el ej\u00e9rcito est\u00e1 presente, todo es tranquilidad; pero apenas se retira, aquellos reaparecen y siguen haciendo sus arbitrariedades. El pueblo se siente desprotegido. Las autoridades piden que la gente denuncie casos concretos, para que ellos puedan proceder legalmente, pero les hemos insistido en que nadie se atreve a denunciar estas extorsiones, porque se expone a perder la vida. El gobierno deber\u00eda implementar, adem\u00e1s de lo que hace en estos casos, un sistema de inteligencia investigadora, con modernos medios tecnol\u00f3gicos, para tener pruebas <em>in fraganti <\/em>de este crimen de la extorsi\u00f3n, porque esos grupos armados tienen sus <em>halcones <\/em>que les avisan cuando viene en camino el ej\u00e9rcito, y les da tiempo de esconderse; por ello, cuando pasan los soldados, a nadie encuentran. Hay que cambiar la estrategia, aunque el gobierno federal ha decidido seguir con su mismo sistema, que se ha demostrado insuficiente y fallido. Mientras, la poblaci\u00f3n general, tambi\u00e9n los pobres, siguen expuestos a los abusos de los grupos criminales. \u00a1Y pensar que muchas personas quieren que la pr\u00f3xima, o el pr\u00f3ximo presidente del pa\u00eds, sigan en la misma l\u00ednea! \u00a1S\u00f3lo por los apoyos sociales que les dan!<\/p>\n<h3><strong>DISCERNIR<\/strong><\/h3>\n<p>El episcopado mexicano, el 16 de noviembre pasado, al terminar su asamblea ordinaria, emiti\u00f3 un comunicado en que se dice: \u201c<em>Nuestras comunidades en M\u00e9xico siguen padeciendo la inseguridad y la violencia que crecen de manera exponencial en muchas zonas de nuestro pa\u00eds. Y no se trata solo de estad\u00edsticas, sino de rostros y corazones de personas concretas que sufren las consecuencias de la violencia extrema, de la impunidad, de la desaparici\u00f3n de sus seres queridos, del cobro de piso, de la migraci\u00f3n forzada y de las estrategias de seguridad fallidas&#8230; Debemos seguir buscando caminos operativos para construir una cultura de la paz\u201d.<\/em><\/p>\n<p>El 23 de junio del a\u00f1o pasado, nos expresamos <em>\u201ccon profunda preocupaci\u00f3n por la creciente violencia que sufre nuestro querido Pa\u00eds y con una gran tristeza por la p\u00e9rdida de miles de vidas inocentes que llenan de luto a familias enteras. El crimen se ha extendido por todas partes trastocando la vida cotidiana de toda la sociedad, afectando las actividades productivas en las ciudades y en el campo, ejerciendo presi\u00f3n con extorsiones hacia quienes trabajan honestamente en los mercados, en las escuelas, en las peque\u00f1as, medianas y grandes empresas; se han adue\u00f1ado de las calles, de las colonias y de pueblos enteros, adem\u00e1s de caminos, carreteras y autopistas y, lo m\u00e1s grave, han llegado a manifestarse con niveles de crueldad inhumana en ejecuciones y masacres que han hecho de nuestro pa\u00eds uno de los lugares m\u00e1s inseguros y violentos del mundo. <\/em><\/p>\n<p><em>Reconocemos que como Iglesia no hemos hecho lo suficiente en la evangelizaci\u00f3n de los pueblos y que es necesario redoblar esfuerzos. Queda mucho por hacer en la reconstrucci\u00f3n del tejido social, desde la labor pastoral que nos es propia. Hacemos un llamado a todo el pueblo de Dios, en especial a los sacerdotes, religiosos (as), catequistas, evangelizadores y dem\u00e1s agentes de pastoral, a sumarse en los trabajos por concretar el proyecto de PAZ de Cristo. <\/em><\/p>\n<p><em>Queremos sumarnos a las miles de voces de los ciudadanos de buena voluntad que piden que se ponga un alto a esta situaci\u00f3n. \u00a1Ya basta! No podemos ser indiferentes ni ajenos a lo que nos est\u00e1 afectando a todos. <\/em><\/p>\n<p><em>Ante la gravedad de los hechos, hacemos un llamado al Gobierno Federal y a los distintos niveles de autoridades: es tiempo de revisar las estrategias de seguridad que est\u00e1n fracasando. Es tiempo de escuchar a la ciudadan\u00eda, a las voces de miles de familiares de las v\u00edctimas, de asesinados y desaparecidos, a los cuerpos policiacos maltratados por el crimen. Creemos que no es \u00fatil negar la realidad y tampoco culpar a tiempos pasados de lo que nos toca resolver ahora. Escucharnos no hace d\u00e9bil a nadie, al contrario, nos fortalece como Naci\u00f3n. <\/em><\/p>\n<p><em>Todos somos mexicanos, todos necesitamos vivir en paz y concordia. Es responsabilidad de los gobernantes aplicar la ley con justicia para erradicar la impunidad, respetando los derechos humanos, pero procurando la seguridad de los ciudadanos y la paz social. Como obispos mexicanos en unidad con el Pueblo de M\u00e9xico del que tambi\u00e9n somos parte, hacemos un respetuoso llamado a nuestras autoridades pol\u00edticas a convocar a un di\u00e1logo nacional para emprender acciones inteligentes e integrales con el fin de alcanzar la paz mediante una participaci\u00f3n conjunta. Creemos que la paz es posible, que tiene que ser posible. En esta tarea todos los ciudadanos de buena voluntad podemos ser aliados. \u00a1No perdamos esta oportunidad!\u201d <\/em><\/p>\n<p>En la misma l\u00ednea nos expresamos el 14 de noviembre de 2019: \u201c<em>Otr<\/em><em>a<\/em><em> de nuestras preocupaciones es la escalada de la violencia en amplias regiones de nuestro M\u00e9xico. Esa violencia ha provocado m\u00e1s pobreza, abandono e inseguridad. Nos parte el alma constatar los m\u00faltiples asesinatos, secuestros y extorsiones, que permanecen impunes. Se debilita, as\u00ed, el estado de derecho, y eso aumenta la corrupci\u00f3n y ahuyenta la paz. Solamente trabajando todos juntos podemos resolver estas situaciones: como Iglesia debemos fortalecer no solo el conocimiento de la doctrina, sino la vivencia de los valores cristianos, porque muchos de los que se dedican al crimen forman parte de nuestra comunidad; el Estado debe velar por la seguridad de los ciudadanos, ofreciendo condiciones dignas, seguras y bien remuneradas a las fuerzas del orden; y a todos los ciudadanos nos corresponde cuidarnos los unos a los otros<\/em><em>\u201d<\/em><em>.<\/em><\/p>\n<p>Pero estos mensajes nada dicen a las autoridades federales. Nosotros vivimos con la gente y hablamos de lo que el pueblo sufre. No estamos pensando en elecciones futuras, sino en hechos concretos.<\/p>\n<h3><strong>ACTUAR<\/strong><\/h3>\n<p>Desde la familia, eduqu\u00e9monos en el respeto a los derechos de los dem\u00e1s y, sobre todo, en el amor a Dios y a nuestros pr\u00f3jimos, pues en eso nos jugamos la paz, la vida presente y futura.<\/p>\n<p><a href=\"https:\/\/open.spotify.com\/episode\/4FlmUfmrR8RRbioYUfN5ht?si=7f2cc15e71c04465\" target=\"_blank\" rel=\"noopener\"><em><strong>Spotify<\/strong><\/em><\/a><\/p>\n","protected":false},"excerpt":{"rendered":"<p>Eduqu\u00e9monos en el respeto a los derechos de los dem\u00e1s y, sobre todo, en el amor a Dios y a nuestros pr\u00f3jimos<\/p>\n","protected":false},"author":24,"featured_media":90266,"comment_status":"closed","ping_status":"closed","sticky":false,"template":"","format":"standard","meta":{"_acf_changed":false,"_crdt_document":"","inline_featured_image":false,"footnotes":""},"categories":[130],"tags":[11568,11569,415,8767,11571,11570,4953],"class_list":["post-90265","post","type-post","status-publish","format-standard","has-post-thumbnail","hentry","category-voces","tag-extorsion","tag-familia-michoacana","tag-mexico","tag-pueblo","tag-texcaltitlan","tag-texcapilla","tag-trending-es"],"acf":[],"yoast_head":"<!-- This site is optimized with the Yoast SEO plugin v27.4 - https:\/\/yoast.com\/product\/yoast-seo-wordpress\/ -->\n<title>Cardenal Arizmendi: Un pueblo cansado de extorsiones &#8211; Exaudi<\/title>\n<meta name=\"robots\" content=\"index, follow, max-snippet:-1, max-image-preview:large, max-video-preview:-1\" \/>\n<link rel=\"canonical\" href=\"https:\/\/exaudi.org\/es\/cardenal-arizmendi-un-pueblo-cansado-de-extorsiones\/\" \/>\n<meta property=\"og:locale\" content=\"es_ES\" \/>\n<meta property=\"og:type\" content=\"article\" \/>\n<meta property=\"og:title\" content=\"Cardenal Arizmendi: Un pueblo cansado de extorsiones &#8211; Exaudi\" \/>\n<meta property=\"og:description\" content=\"Eduqu\u00e9monos en el respeto a los derechos de los dem\u00e1s y, sobre todo, en el amor a Dios y a nuestros pr\u00f3jimos\" \/>\n<meta property=\"og:url\" content=\"https:\/\/exaudi.org\/es\/cardenal-arizmendi-un-pueblo-cansado-de-extorsiones\/\" \/>\n<meta property=\"og:site_name\" content=\"Exaudi\" \/>\n<meta property=\"article:publisher\" content=\"https:\/\/www.facebook.com\/ExaudiNews\" \/>\n<meta property=\"article:published_time\" content=\"2023-12-15T07:30:23+00:00\" \/>\n<meta property=\"article:modified_time\" content=\"2023-12-15T10:01:25+00:00\" \/>\n<meta property=\"og:image\" content=\"https:\/\/exaudi.org\/wp-content\/uploads\/2023\/12\/pexels-pixabay-262218-scaled-e1702472439793.jpg\" \/>\n\t<meta property=\"og:image:width\" content=\"1706\" \/>\n\t<meta property=\"og:image:height\" content=\"1284\" \/>\n\t<meta property=\"og:image:type\" content=\"image\/jpeg\" \/>\n<meta name=\"author\" content=\"Cardenal Felipe Arizmendi\" \/>\n<meta name=\"twitter:card\" content=\"summary_large_image\" \/>\n<meta name=\"twitter:creator\" content=\"@Exaudi_News\" \/>\n<meta name=\"twitter:site\" content=\"@Exaudi_News\" \/>\n<meta name=\"twitter:label1\" content=\"Escrito por\" \/>\n\t<meta name=\"twitter:data1\" content=\"Cardenal Felipe Arizmendi\" \/>\n\t<meta name=\"twitter:label2\" content=\"Tiempo de lectura\" \/>\n\t<meta name=\"twitter:data2\" content=\"8 minutos\" \/>\n<script type=\"application\/ld+json\" class=\"yoast-schema-graph\">{\"@context\":\"https:\\\/\\\/schema.org\",\"@graph\":[{\"@type\":\"Article\",\"@id\":\"https:\\\/\\\/exaudi.org\\\/es\\\/cardenal-arizmendi-un-pueblo-cansado-de-extorsiones\\\/#article\",\"isPartOf\":{\"@id\":\"https:\\\/\\\/exaudi.org\\\/es\\\/cardenal-arizmendi-un-pueblo-cansado-de-extorsiones\\\/\"},\"author\":{\"name\":\"Cardenal Felipe Arizmendi\",\"@id\":\"https:\\\/\\\/exaudi.org\\\/#\\\/schema\\\/person\\\/c7d223f87e58f1105d044d8da1439102\"},\"headline\":\"Cardenal Arizmendi: Un pueblo cansado de extorsiones\",\"datePublished\":\"2023-12-15T07:30:23+00:00\",\"dateModified\":\"2023-12-15T10:01:25+00:00\",\"mainEntityOfPage\":{\"@id\":\"https:\\\/\\\/exaudi.org\\\/es\\\/cardenal-arizmendi-un-pueblo-cansado-de-extorsiones\\\/\"},\"wordCount\":1588,\"image\":{\"@id\":\"https:\\\/\\\/exaudi.org\\\/es\\\/cardenal-arizmendi-un-pueblo-cansado-de-extorsiones\\\/#primaryimage\"},\"thumbnailUrl\":\"https:\\\/\\\/exaudi.org\\\/wp-content\\\/uploads\\\/2023\\\/12\\\/pexels-pixabay-262218-scaled-e1702472439793.jpg\",\"keywords\":[\"Extorsi\u00f3n\",\"Familia Michoacana\",\"M\u00e9xico\",\"Pueblo\",\"Texcaltitl\u00e1n\",\"Texcapilla\",\"Trending\"],\"articleSection\":[\"Voces\"],\"inLanguage\":\"es\"},{\"@type\":\"WebPage\",\"@id\":\"https:\\\/\\\/exaudi.org\\\/es\\\/cardenal-arizmendi-un-pueblo-cansado-de-extorsiones\\\/\",\"url\":\"https:\\\/\\\/exaudi.org\\\/es\\\/cardenal-arizmendi-un-pueblo-cansado-de-extorsiones\\\/\",\"name\":\"Cardenal Arizmendi: Un pueblo cansado de extorsiones &#8211; Exaudi\",\"isPartOf\":{\"@id\":\"https:\\\/\\\/exaudi.org\\\/#website\"},\"primaryImageOfPage\":{\"@id\":\"https:\\\/\\\/exaudi.org\\\/es\\\/cardenal-arizmendi-un-pueblo-cansado-de-extorsiones\\\/#primaryimage\"},\"image\":{\"@id\":\"https:\\\/\\\/exaudi.org\\\/es\\\/cardenal-arizmendi-un-pueblo-cansado-de-extorsiones\\\/#primaryimage\"},\"thumbnailUrl\":\"https:\\\/\\\/exaudi.org\\\/wp-content\\\/uploads\\\/2023\\\/12\\\/pexels-pixabay-262218-scaled-e1702472439793.jpg\",\"datePublished\":\"2023-12-15T07:30:23+00:00\",\"dateModified\":\"2023-12-15T10:01:25+00:00\",\"author\":{\"@id\":\"https:\\\/\\\/exaudi.org\\\/#\\\/schema\\\/person\\\/c7d223f87e58f1105d044d8da1439102\"},\"breadcrumb\":{\"@id\":\"https:\\\/\\\/exaudi.org\\\/es\\\/cardenal-arizmendi-un-pueblo-cansado-de-extorsiones\\\/#breadcrumb\"},\"inLanguage\":\"es\",\"potentialAction\":[{\"@type\":\"ReadAction\",\"target\":[\"https:\\\/\\\/exaudi.org\\\/es\\\/cardenal-arizmendi-un-pueblo-cansado-de-extorsiones\\\/\"]}]},{\"@type\":\"ImageObject\",\"inLanguage\":\"es\",\"@id\":\"https:\\\/\\\/exaudi.org\\\/es\\\/cardenal-arizmendi-un-pueblo-cansado-de-extorsiones\\\/#primaryimage\",\"url\":\"https:\\\/\\\/exaudi.org\\\/wp-content\\\/uploads\\\/2023\\\/12\\\/pexels-pixabay-262218-scaled-e1702472439793.jpg\",\"contentUrl\":\"https:\\\/\\\/exaudi.org\\\/wp-content\\\/uploads\\\/2023\\\/12\\\/pexels-pixabay-262218-scaled-e1702472439793.jpg\",\"width\":1706,\"height\":1284},{\"@type\":\"BreadcrumbList\",\"@id\":\"https:\\\/\\\/exaudi.org\\\/es\\\/cardenal-arizmendi-un-pueblo-cansado-de-extorsiones\\\/#breadcrumb\",\"itemListElement\":[{\"@type\":\"ListItem\",\"position\":1,\"name\":\"Portada\",\"item\":\"https:\\\/\\\/exaudi.org\\\/es\\\/\"},{\"@type\":\"ListItem\",\"position\":2,\"name\":\"Cardenal Arizmendi: Un pueblo cansado de extorsiones\"}]},{\"@type\":\"WebSite\",\"@id\":\"https:\\\/\\\/exaudi.org\\\/#website\",\"url\":\"https:\\\/\\\/exaudi.org\\\/\",\"name\":\"Exaudi\",\"description\":\"News\",\"potentialAction\":[{\"@type\":\"SearchAction\",\"target\":{\"@type\":\"EntryPoint\",\"urlTemplate\":\"https:\\\/\\\/exaudi.org\\\/?s={search_term_string}\"},\"query-input\":{\"@type\":\"PropertyValueSpecification\",\"valueRequired\":true,\"valueName\":\"search_term_string\"}}],\"inLanguage\":\"es\"},{\"@type\":\"Person\",\"@id\":\"https:\\\/\\\/exaudi.org\\\/#\\\/schema\\\/person\\\/c7d223f87e58f1105d044d8da1439102\",\"name\":\"Cardenal Felipe Arizmendi\",\"image\":{\"@type\":\"ImageObject\",\"inLanguage\":\"es\",\"@id\":\"https:\\\/\\\/secure.gravatar.com\\\/avatar\\\/4ffc5520d896b86d39346168903de33a17ef0f23d16de0ff45062c1ff422ed2f?s=96&d=mm&r=g\",\"url\":\"https:\\\/\\\/secure.gravatar.com\\\/avatar\\\/4ffc5520d896b86d39346168903de33a17ef0f23d16de0ff45062c1ff422ed2f?s=96&d=mm&r=g\",\"contentUrl\":\"https:\\\/\\\/secure.gravatar.com\\\/avatar\\\/4ffc5520d896b86d39346168903de33a17ef0f23d16de0ff45062c1ff422ed2f?s=96&d=mm&r=g\",\"caption\":\"Cardenal Felipe Arizmendi\"},\"description\":\"Nacido en Chiltepec el 1 de mayo de 1940. Estudi\u00f3 Humanidades y Filosof\u00eda en el Seminario de Toluca, de 1952 a 1959. Curs\u00f3 la Teolog\u00eda en la Universidad Pontificia de Salamanca, Espa\u00f1a, de 1959 a 1963, obteniendo la licenciatura en Teolog\u00eda Dogm\u00e1tica. Por su cuenta, se especializ\u00f3 en Liturgia. Fue ordenado sacerdote el 25 de agosto de 1963 en Toluca. Sirvi\u00f3 como Vicario Parroquial en tres parroquias por tres a\u00f1os y medio y fue p\u00e1rroco de una comunidad ind\u00edgena otom\u00ed, de 1967 a 1970. Fue Director Espiritual del Seminario de Toluca por diez a\u00f1os, y Rector del mismo de 1981 a 1991. El 7 de marzo de 1991, fue ordenado obispo de la di\u00f3cesis de Tapachula, donde estuvo hasta el 30 de abril del a\u00f1o 2000. El 1 de mayo del 2000, inici\u00f3 su ministerio episcopal como XLVI obispo de la di\u00f3cesis de San Crist\u00f3bal de las Casas, Chiapas, una de las di\u00f3cesis m\u00e1s antiguas de M\u00e9xico, erigida en 1539; all\u00ed sirvi\u00f3 por casi 18 a\u00f1os. Ha ocupado diversos cargos en la Conferencia del Episcopado Mexicano y en el CELAM. El 3 de noviembre de 2017, el Papa Francisco le acept\u00f3, por edad, su renuncia al servicio episcopal en esta di\u00f3cesis, que entreg\u00f3 a su sucesor el 3 de enero de 2018. Desde entonces, reside en la ciudad de Toluca. Desde 1979, escribe art\u00edculos de actualidad en varios medios religiosos y civiles. Es autor de varias publicaciones.\",\"url\":\"https:\\\/\\\/exaudi.org\\\/es\\\/author\\\/felipearizmendi\\\/\"}]}<\/script>\n<!-- \/ Yoast SEO plugin. -->","yoast_head_json":{"title":"Cardenal Arizmendi: Un pueblo cansado de extorsiones &#8211; Exaudi","robots":{"index":"index","follow":"follow","max-snippet":"max-snippet:-1","max-image-preview":"max-image-preview:large","max-video-preview":"max-video-preview:-1"},"canonical":"https:\/\/exaudi.org\/es\/cardenal-arizmendi-un-pueblo-cansado-de-extorsiones\/","og_locale":"es_ES","og_type":"article","og_title":"Cardenal Arizmendi: Un pueblo cansado de extorsiones &#8211; Exaudi","og_description":"Eduqu\u00e9monos en el respeto a los derechos de los dem\u00e1s y, sobre todo, en el amor a Dios y a nuestros pr\u00f3jimos","og_url":"https:\/\/exaudi.org\/es\/cardenal-arizmendi-un-pueblo-cansado-de-extorsiones\/","og_site_name":"Exaudi","article_publisher":"https:\/\/www.facebook.com\/ExaudiNews","article_published_time":"2023-12-15T07:30:23+00:00","article_modified_time":"2023-12-15T10:01:25+00:00","og_image":[{"width":1706,"height":1284,"url":"https:\/\/exaudi.org\/wp-content\/uploads\/2023\/12\/pexels-pixabay-262218-scaled-e1702472439793.jpg","type":"image\/jpeg"}],"author":"Cardenal Felipe Arizmendi","twitter_card":"summary_large_image","twitter_creator":"@Exaudi_News","twitter_site":"@Exaudi_News","twitter_misc":{"Escrito por":"Cardenal Felipe Arizmendi","Tiempo de lectura":"8 minutos"},"schema":{"@context":"https:\/\/schema.org","@graph":[{"@type":"Article","@id":"https:\/\/exaudi.org\/es\/cardenal-arizmendi-un-pueblo-cansado-de-extorsiones\/#article","isPartOf":{"@id":"https:\/\/exaudi.org\/es\/cardenal-arizmendi-un-pueblo-cansado-de-extorsiones\/"},"author":{"name":"Cardenal Felipe Arizmendi","@id":"https:\/\/exaudi.org\/#\/schema\/person\/c7d223f87e58f1105d044d8da1439102"},"headline":"Cardenal Arizmendi: Un pueblo cansado de extorsiones","datePublished":"2023-12-15T07:30:23+00:00","dateModified":"2023-12-15T10:01:25+00:00","mainEntityOfPage":{"@id":"https:\/\/exaudi.org\/es\/cardenal-arizmendi-un-pueblo-cansado-de-extorsiones\/"},"wordCount":1588,"image":{"@id":"https:\/\/exaudi.org\/es\/cardenal-arizmendi-un-pueblo-cansado-de-extorsiones\/#primaryimage"},"thumbnailUrl":"https:\/\/exaudi.org\/wp-content\/uploads\/2023\/12\/pexels-pixabay-262218-scaled-e1702472439793.jpg","keywords":["Extorsi\u00f3n","Familia Michoacana","M\u00e9xico","Pueblo","Texcaltitl\u00e1n","Texcapilla","Trending"],"articleSection":["Voces"],"inLanguage":"es"},{"@type":"WebPage","@id":"https:\/\/exaudi.org\/es\/cardenal-arizmendi-un-pueblo-cansado-de-extorsiones\/","url":"https:\/\/exaudi.org\/es\/cardenal-arizmendi-un-pueblo-cansado-de-extorsiones\/","name":"Cardenal Arizmendi: Un pueblo cansado de extorsiones &#8211; Exaudi","isPartOf":{"@id":"https:\/\/exaudi.org\/#website"},"primaryImageOfPage":{"@id":"https:\/\/exaudi.org\/es\/cardenal-arizmendi-un-pueblo-cansado-de-extorsiones\/#primaryimage"},"image":{"@id":"https:\/\/exaudi.org\/es\/cardenal-arizmendi-un-pueblo-cansado-de-extorsiones\/#primaryimage"},"thumbnailUrl":"https:\/\/exaudi.org\/wp-content\/uploads\/2023\/12\/pexels-pixabay-262218-scaled-e1702472439793.jpg","datePublished":"2023-12-15T07:30:23+00:00","dateModified":"2023-12-15T10:01:25+00:00","author":{"@id":"https:\/\/exaudi.org\/#\/schema\/person\/c7d223f87e58f1105d044d8da1439102"},"breadcrumb":{"@id":"https:\/\/exaudi.org\/es\/cardenal-arizmendi-un-pueblo-cansado-de-extorsiones\/#breadcrumb"},"inLanguage":"es","potentialAction":[{"@type":"ReadAction","target":["https:\/\/exaudi.org\/es\/cardenal-arizmendi-un-pueblo-cansado-de-extorsiones\/"]}]},{"@type":"ImageObject","inLanguage":"es","@id":"https:\/\/exaudi.org\/es\/cardenal-arizmendi-un-pueblo-cansado-de-extorsiones\/#primaryimage","url":"https:\/\/exaudi.org\/wp-content\/uploads\/2023\/12\/pexels-pixabay-262218-scaled-e1702472439793.jpg","contentUrl":"https:\/\/exaudi.org\/wp-content\/uploads\/2023\/12\/pexels-pixabay-262218-scaled-e1702472439793.jpg","width":1706,"height":1284},{"@type":"BreadcrumbList","@id":"https:\/\/exaudi.org\/es\/cardenal-arizmendi-un-pueblo-cansado-de-extorsiones\/#breadcrumb","itemListElement":[{"@type":"ListItem","position":1,"name":"Portada","item":"https:\/\/exaudi.org\/es\/"},{"@type":"ListItem","position":2,"name":"Cardenal Arizmendi: Un pueblo cansado de extorsiones"}]},{"@type":"WebSite","@id":"https:\/\/exaudi.org\/#website","url":"https:\/\/exaudi.org\/","name":"Exaudi","description":"News","potentialAction":[{"@type":"SearchAction","target":{"@type":"EntryPoint","urlTemplate":"https:\/\/exaudi.org\/?s={search_term_string}"},"query-input":{"@type":"PropertyValueSpecification","valueRequired":true,"valueName":"search_term_string"}}],"inLanguage":"es"},{"@type":"Person","@id":"https:\/\/exaudi.org\/#\/schema\/person\/c7d223f87e58f1105d044d8da1439102","name":"Cardenal Felipe Arizmendi","image":{"@type":"ImageObject","inLanguage":"es","@id":"https:\/\/secure.gravatar.com\/avatar\/4ffc5520d896b86d39346168903de33a17ef0f23d16de0ff45062c1ff422ed2f?s=96&d=mm&r=g","url":"https:\/\/secure.gravatar.com\/avatar\/4ffc5520d896b86d39346168903de33a17ef0f23d16de0ff45062c1ff422ed2f?s=96&d=mm&r=g","contentUrl":"https:\/\/secure.gravatar.com\/avatar\/4ffc5520d896b86d39346168903de33a17ef0f23d16de0ff45062c1ff422ed2f?s=96&d=mm&r=g","caption":"Cardenal Felipe Arizmendi"},"description":"Nacido en Chiltepec el 1 de mayo de 1940. Estudi\u00f3 Humanidades y Filosof\u00eda en el Seminario de Toluca, de 1952 a 1959. Curs\u00f3 la Teolog\u00eda en la Universidad Pontificia de Salamanca, Espa\u00f1a, de 1959 a 1963, obteniendo la licenciatura en Teolog\u00eda Dogm\u00e1tica. Por su cuenta, se especializ\u00f3 en Liturgia. Fue ordenado sacerdote el 25 de agosto de 1963 en Toluca. Sirvi\u00f3 como Vicario Parroquial en tres parroquias por tres a\u00f1os y medio y fue p\u00e1rroco de una comunidad ind\u00edgena otom\u00ed, de 1967 a 1970. Fue Director Espiritual del Seminario de Toluca por diez a\u00f1os, y Rector del mismo de 1981 a 1991. El 7 de marzo de 1991, fue ordenado obispo de la di\u00f3cesis de Tapachula, donde estuvo hasta el 30 de abril del a\u00f1o 2000. El 1 de mayo del 2000, inici\u00f3 su ministerio episcopal como XLVI obispo de la di\u00f3cesis de San Crist\u00f3bal de las Casas, Chiapas, una de las di\u00f3cesis m\u00e1s antiguas de M\u00e9xico, erigida en 1539; all\u00ed sirvi\u00f3 por casi 18 a\u00f1os. Ha ocupado diversos cargos en la Conferencia del Episcopado Mexicano y en el CELAM. El 3 de noviembre de 2017, el Papa Francisco le acept\u00f3, por edad, su renuncia al servicio episcopal en esta di\u00f3cesis, que entreg\u00f3 a su sucesor el 3 de enero de 2018. Desde entonces, reside en la ciudad de Toluca. Desde 1979, escribe art\u00edculos de actualidad en varios medios religiosos y civiles. Es autor de varias publicaciones.","url":"https:\/\/exaudi.org\/es\/author\/felipearizmendi\/"}]}},"jetpack_featured_media_url":"https:\/\/exaudi.org\/wp-content\/uploads\/2023\/12\/pexels-pixabay-262218-scaled-e1702472439793.jpg","jetpack_shortlink":"https:\/\/wp.me\/pgKjF2-ntT","_links":{"self":[{"href":"https:\/\/exaudi.org\/es\/wp-json\/wp\/v2\/posts\/90265","targetHints":{"allow":["GET"]}}],"collection":[{"href":"https:\/\/exaudi.org\/es\/wp-json\/wp\/v2\/posts"}],"about":[{"href":"https:\/\/exaudi.org\/es\/wp-json\/wp\/v2\/types\/post"}],"author":[{"embeddable":true,"href":"https:\/\/exaudi.org\/es\/wp-json\/wp\/v2\/users\/24"}],"replies":[{"embeddable":true,"href":"https:\/\/exaudi.org\/es\/wp-json\/wp\/v2\/comments?post=90265"}],"version-history":[{"count":0,"href":"https:\/\/exaudi.org\/es\/wp-json\/wp\/v2\/posts\/90265\/revisions"}],"wp:featuredmedia":[{"embeddable":true,"href":"https:\/\/exaudi.org\/es\/wp-json\/wp\/v2\/media\/90266"}],"wp:attachment":[{"href":"https:\/\/exaudi.org\/es\/wp-json\/wp\/v2\/media?parent=90265"}],"wp:term":[{"taxonomy":"category","embeddable":true,"href":"https:\/\/exaudi.org\/es\/wp-json\/wp\/v2\/categories?post=90265"},{"taxonomy":"post_tag","embeddable":true,"href":"https:\/\/exaudi.org\/es\/wp-json\/wp\/v2\/tags?post=90265"}],"curies":[{"name":"wp","href":"https:\/\/api.w.org\/{rel}","templated":true}]}}