{"id":90246,"date":"2023-12-13T08:30:13","date_gmt":"2023-12-13T07:30:13","guid":{"rendered":"https:\/\/exaudi.org\/?p=90246"},"modified":"2023-12-13T14:48:03","modified_gmt":"2023-12-13T13:48:03","slug":"francisco-yo-soy-hijo-de-migrantes-en-la-epoca-que-iban-a-argentina","status":"publish","type":"post","link":"https:\/\/exaudi.org\/es\/francisco-yo-soy-hijo-de-migrantes-en-la-epoca-que-iban-a-argentina\/","title":{"rendered":"Francisco: Yo soy hijo de migrantes, en la \u00e9poca que iban a Argentina"},"content":{"rendered":"<audio class=\"wp-audio-shortcode\" id=\"audio-90246-1\" preload=\"none\" style=\"width: 100%;\" controls=\"controls\"><source type=\"audio\/mpeg\" src=\"https:\/\/exaudi.org\/wp-content\/uploads\/2023\/12\/Francisco-Yo-soy-hijo-de-migrantes-en-la-epoca-que-iban-a-Argentina.mp3?_=1\" \/><a href=\"https:\/\/exaudi.org\/wp-content\/uploads\/2023\/12\/Francisco-Yo-soy-hijo-de-migrantes-en-la-epoca-que-iban-a-Argentina.mp3\">https:\/\/exaudi.org\/wp-content\/uploads\/2023\/12\/Francisco-Yo-soy-hijo-de-migrantes-en-la-epoca-que-iban-a-Argentina.mp3<\/a><\/audio>\n<p>\u201cEl pueblo mexicano se merece una madre. Por algo eligi\u00f3 M\u00e9xico\u201d, dijo el Papa Francisco al medio de comunicaci\u00f3n mexicano\u00a0<a href=\"https:\/\/www.nmas.com.mx\/noticieros\/programas\/despierta\/videos\/papa-francisco-entrevista-exclusiva-para-nmas-salud-aniversario-la-virgen-guadalupe\/\" target=\"_blank\" rel=\"external nofollow noopener\">N+<\/a>\u00a0en una entrevista difundida el d\u00eda de Nuestra Se\u00f1ora de Guadalupe. En la conversaci\u00f3n con la periodista Valentina Alazraki manifest\u00f3 su gran aprecio por el pueblo de M\u00e9xico, anunci\u00f3 un pr\u00f3ximo viaje apost\u00f3lico a B\u00e9lgica, y su deseo de ser sepultado en la Bas\u00edlica Santa Mar\u00eda La Mayor.<\/p>\n<p>\u201cEl Se\u00f1or estuvo grande con nosotros al darnos una madre as\u00ed, y esa frase tenemos que repetirla en los momentos de tristeza de amor. \u00abYo estoy aqu\u00ed que soy tu madre. \u00bfPor qu\u00e9 dudas? \u00bfNo estoy yo aqu\u00ed, que soy tu madre?\u00bb\u00a0 y eso nos tiene que dar fuerza para seguir adelante\u201d, afirm\u00f3 el Papa sobre el amor maternal de la Virgen de Guadalupe y la devoci\u00f3n del pueblo.<\/p>\n<p>\u201cEsas tres realidades de la Virgen, \u00bfno?, el indio, la tilma, las rosas que nos hablan de nuestra identidad latinoamericana. Y despu\u00e9s gest\u00f3 la promesa \u00bfno? Est\u00e1 embarazada&#8230; toda promesa.\u00a0\u00a0 Y es toda inculturaci\u00f3n, porque es media negrita y eso es muy lindo\u201d, expres\u00f3 el Papa al ser consultado sobre su devoci\u00f3n a la Guadalupana.<\/p>\n<h3><strong>El sufrimiento de los migrantes<\/strong><\/h3>\n<p>Consultado sobre la situaci\u00f3n migratoria en M\u00e9xico indic\u00f3: \u201ces un problema que yo tengo muy en el coraz\u00f3n, pero s\u00e9 que no todos est\u00e1n de acuerdo \u00bfno? Hay una ley que es humana y cristiana: al migrante hay que recibirlo, acompa\u00f1arlo, promoverlo e integrarlo. Lo que sufre el migrante&#8230; lo que sufre&#8230; Yo soy hijo de migrantes, en la \u00e9poca que iban a Argentina a hacerse la Am\u00e9rica&#8230; el migrante tiene que ser acogido. Jes\u00fas fue migrante\u201d.<\/p>\n<h3><strong>La salud del Papa<\/strong><\/h3>\n<p>Valentina Alazraki le coment\u00f3 que en M\u00e9xico rezan por su salud, lo cual agradeci\u00f3 y dijo: \u201cnecesito que recen por mi salud. Y la vejez no viene sola. La vejez no se maquilla, es ella sola, se presenta como es. Y, por otro lado, saber aceptar los dones de la vejez. Se debe aceptar que uno puede hacer mucho bien desde otra perspectiva\u201d.<\/p>\n<p>\u201cMe siento bien, me siento mejorado. A veces me dicen que soy imprudente porque tengo ganas de hacer y de moverse. Entonces son buenas se\u00f1ales\u201d, expres\u00f3.<\/p>\n<p>Francisco tambi\u00e9n coment\u00f3 en esta entrevista la valent\u00eda de Benedicto VI: \u201cdecir basta, y a m\u00ed me hace bien eso como ejemplo y pido al Se\u00f1or decir basta, en alg\u00fan momento, pero cuando \u00c9l quiera\u201d.<\/p>\n<h3><strong>Simplificaci\u00f3n del rito de los funerales de un Papa<\/strong><\/h3>\n<p>Tambi\u00e9n inform\u00f3 que estuvo \u201ccon el ceremoniero preparando el rito de los funerales del Papa. Los simplificamos bastante\u201d. Y expreso su deseo de ser sepultado en la Bas\u00edlica mariana de Roma: \u201ccomo siempre le promet\u00ed a la Virgen, ya est\u00e1 preparado el lugar. Quiero ser enterrado en Santa Mar\u00eda Mayor\u201d.<\/p>\n<p>\u201cS\u00ed, porque es mi gran devoci\u00f3n, mi gran devoci\u00f3n. Y antes, ya cuando ven\u00eda, siempre iba ah\u00ed el domingo en la ma\u00f1ana que estaba en Roma, me iba un rato all\u00ed. S\u00ed hay una ligaz\u00f3n muy grande\u201d, dijo.<\/p>\n<h3><strong>Benedicto XVI \u201cun hombre humilde\u201d<\/strong><\/h3>\n<p>Y volviendo a rememorar su relaci\u00f3n con Benedicto XVI, observ\u00f3 que \u201cera muy cercana. Yo a veces lo iba a consultar. Y \u00e9l, con una sabidur\u00eda muy grande me dec\u00eda su parecer, pero me dec\u00eda&#8230; \u2018usted vea\u2019, lo dejaba en mis manos. Siempre me ayud\u00f3. Muy generoso en eso. Y tuve la gracia de poder despedirlo porque me enter\u00e9 por un enfermero que estaba mal y avis\u00e9 ese mi\u00e9rcoles en la audiencia y me fui a verlo. Estaba l\u00facido, pero ya no pod\u00eda hablar y me tomaba la mano, as\u00ed. Fue linda esa despedida. Fue linda. Y despu\u00e9s a los tres d\u00edas muri\u00f3. Un grande, Benedicto era un grande, un hombre humilde, sencillo y que cuando se dio cuenta de sus l\u00edmites tuvo la valent\u00eda de decir basta. Yo lo admiro a este hombre\u201d.<\/p>\n<h3><strong>Viajes apost\u00f3licos<\/strong><\/h3>\n<p>Consultado sobre sus pr\u00f3ximos viajes apost\u00f3licos, el Papa anunci\u00f3 que viajar\u00e1 a B\u00e9lgica: \u201cese ya est\u00e1 asegurado y hay dos, claro, pendientes, uno a la Polinesia y otro a Argentina, que est\u00e1n ah\u00ed pendientes. Veremos c\u00f3mo se da la cosa. Pero con el tiempo voy retomando las cosas\u201d.<\/p>\n<p>Sobre a la reciente conversaci\u00f3n con el nuevo presidente de Argentina, dijo: \u201chay que distinguir mucho entre lo que dice un pol\u00edtico en la campa\u00f1a electoral y lo que realmente va a hacer despu\u00e9s, porque despu\u00e9s viene el momento de lo concreto, de las decisiones, de esas cosas\u201d.<\/p>\n<p>Asegurando adem\u00e1s que ya fue invitado a su pa\u00eds por las nuevas autoridades: \u201cS\u00ed, y yo le hago fe siempre a los pol\u00edticos. Le hago fe&#8230; porque creo que la pol\u00edtica, no lo dije yo, lo dijo un Papa anterior que yo, es la forma m\u00e1s elevada de la caridad, o sea, el amor al pueblo, el amor pol\u00edtico, la polis&#8230;\u201d<\/p>\n<h3><strong>El drama de la guerra<\/strong><\/h3>\n<p>Sobre los continuos llamados a la paz, el Pont\u00edfice reiter\u00f3 que: \u201cla guerra siempre es una derrota, siempre, los \u00fanicos que ganan en la guerra son los fabricantes de armas. Me dec\u00edan el ec\u00f3nomo que una persona que no tiene una moral y que quiere invertir, las inversiones mejores son la f\u00e1brica de armas, la que dan m\u00e1s r\u00e9dito\u201d.<\/p>\n<p>Francisco coment\u00f3 sobre sus cotidianas llamadas a la parroquia en Gaza: \u201ctodos los d\u00edas llamo a la parroquia. Ah\u00ed tienen 600 personas. Los curitas y las monjitas cuidan a toda esa gente y me cuentan lo que est\u00e1 pasando all\u00ed. De terror. \u00bfQu\u00e9 ganamos con la guerra? destrucci\u00f3n, nada m\u00e1s que eso\u201d.<\/p>\n<p>Finalmente, el Papa Francisco asegur\u00f3 sus oraciones por el pueblo mexicano: \u201cY la morenita les sonr\u00eda, que los cuide. Ustedes tienen una madre, no se olvide, y cu\u00eddenla. Que tenga una santa Navidad a todo el pueblo mexicano\u201d.<\/p>\n<p><iframe loading=\"lazy\" title=\"Entrevista completa al Papa Francisco en N+; habl\u00f3 sobre la Virgen de Guadalupe y sobre su salud\" width=\"500\" height=\"281\" src=\"https:\/\/www.youtube.com\/embed\/Hkj1Bp6P24Y?feature=oembed\" frameborder=\"0\" allow=\"accelerometer; autoplay; clipboard-write; encrypted-media; gyroscope; picture-in-picture; web-share\" referrerpolicy=\"strict-origin-when-cross-origin\" allowfullscreen><\/iframe><\/p>\n","protected":false},"excerpt":{"rendered":"<p>En una entrevista a N+ de M\u00e9xico el Santo Padre anuncia su viaje a Bulgaria, su cercan\u00eda a la devoci\u00f3n mariana, con el deseo de ser sepultado en la Bas\u00edlica Santa Mar\u00eda La Mayor<\/p>\n","protected":false},"author":15,"featured_media":90247,"comment_status":"closed","ping_status":"closed","sticky":false,"template":"","format":"standard","meta":{"_acf_changed":false,"_crdt_document":"","inline_featured_image":false,"footnotes":""},"categories":[108,68],"tags":[1550,393,3834,415,158,625,4953,272],"class_list":["post-90246","post","type-post","status-publish","format-standard","has-post-thumbnail","hentry","category-entrevistas","category-leon-xiv","tag-argentina","tag-entrevista","tag-guerra-es","tag-mexico","tag-papa-francisco","tag-paz","tag-trending-es","tag-vaticano-es"],"acf":[],"yoast_head":"<!-- This site is optimized with the Yoast SEO plugin v27.4 - https:\/\/yoast.com\/product\/yoast-seo-wordpress\/ -->\n<title>Francisco: Yo soy hijo de migrantes, en la \u00e9poca que iban a Argentina &#8211; Exaudi<\/title>\n<meta name=\"robots\" content=\"index, follow, max-snippet:-1, max-image-preview:large, max-video-preview:-1\" \/>\n<link rel=\"canonical\" href=\"https:\/\/exaudi.org\/es\/francisco-yo-soy-hijo-de-migrantes-en-la-epoca-que-iban-a-argentina\/\" \/>\n<meta property=\"og:locale\" content=\"es_ES\" \/>\n<meta property=\"og:type\" content=\"article\" \/>\n<meta property=\"og:title\" content=\"Francisco: Yo soy hijo de migrantes, en la \u00e9poca que iban a Argentina &#8211; Exaudi\" \/>\n<meta property=\"og:description\" content=\"En una entrevista a N+ de M\u00e9xico el Santo Padre anuncia su viaje a Bulgaria, su cercan\u00eda a la devoci\u00f3n mariana, con el deseo de ser sepultado en la Bas\u00edlica Santa Mar\u00eda La Mayor\" \/>\n<meta property=\"og:url\" content=\"https:\/\/exaudi.org\/es\/francisco-yo-soy-hijo-de-migrantes-en-la-epoca-que-iban-a-argentina\/\" \/>\n<meta property=\"og:site_name\" content=\"Exaudi\" \/>\n<meta property=\"article:publisher\" content=\"https:\/\/www.facebook.com\/ExaudiNews\" \/>\n<meta property=\"article:author\" content=\"https:\/\/www.facebook.com\/ExaudiNoticias\/\" \/>\n<meta property=\"article:published_time\" content=\"2023-12-13T07:30:13+00:00\" \/>\n<meta property=\"article:modified_time\" content=\"2023-12-13T13:48:03+00:00\" \/>\n<meta property=\"og:image\" content=\"https:\/\/exaudi.org\/wp-content\/uploads\/2023\/12\/cq5dam.thumbnail.cropped.750.422-1-3.jpeg\" \/>\n\t<meta property=\"og:image:width\" content=\"750\" \/>\n\t<meta property=\"og:image:height\" content=\"422\" \/>\n\t<meta property=\"og:image:type\" content=\"image\/jpeg\" \/>\n<meta name=\"author\" content=\"Exaudi Redacci\u00f3n\" \/>\n<meta name=\"twitter:card\" content=\"summary_large_image\" \/>\n<meta name=\"twitter:creator\" content=\"@Exaudi_noticias\" \/>\n<meta name=\"twitter:site\" content=\"@Exaudi_News\" \/>\n<meta name=\"twitter:label1\" content=\"Escrito por\" \/>\n\t<meta name=\"twitter:data1\" content=\"Exaudi Redacci\u00f3n\" \/>\n\t<meta name=\"twitter:label2\" content=\"Tiempo de lectura\" \/>\n\t<meta name=\"twitter:data2\" content=\"5 minutos\" \/>\n<script type=\"application\/ld+json\" class=\"yoast-schema-graph\">{\"@context\":\"https:\\\/\\\/schema.org\",\"@graph\":[{\"@type\":\"Article\",\"@id\":\"https:\\\/\\\/exaudi.org\\\/es\\\/francisco-yo-soy-hijo-de-migrantes-en-la-epoca-que-iban-a-argentina\\\/#article\",\"isPartOf\":{\"@id\":\"https:\\\/\\\/exaudi.org\\\/es\\\/francisco-yo-soy-hijo-de-migrantes-en-la-epoca-que-iban-a-argentina\\\/\"},\"author\":{\"name\":\"Exaudi Redacci\u00f3n\",\"@id\":\"https:\\\/\\\/exaudi.org\\\/#\\\/schema\\\/person\\\/f5fc8f063065e38742da7afe15f25df7\"},\"headline\":\"Francisco: Yo soy hijo de migrantes, en la \u00e9poca que iban a Argentina\",\"datePublished\":\"2023-12-13T07:30:13+00:00\",\"dateModified\":\"2023-12-13T13:48:03+00:00\",\"mainEntityOfPage\":{\"@id\":\"https:\\\/\\\/exaudi.org\\\/es\\\/francisco-yo-soy-hijo-de-migrantes-en-la-epoca-que-iban-a-argentina\\\/\"},\"wordCount\":1061,\"image\":{\"@id\":\"https:\\\/\\\/exaudi.org\\\/es\\\/francisco-yo-soy-hijo-de-migrantes-en-la-epoca-que-iban-a-argentina\\\/#primaryimage\"},\"thumbnailUrl\":\"https:\\\/\\\/exaudi.org\\\/wp-content\\\/uploads\\\/2023\\\/12\\\/cq5dam.thumbnail.cropped.750.422-1-3.jpeg\",\"keywords\":[\"Argentina\",\"Entrevista\",\"guerra\",\"M\u00e9xico\",\"papa francisco\",\"Paz\",\"Trending\",\"Vaticano\"],\"articleSection\":[\"Entrevistas\",\"Le\u00f3n XIV\"],\"inLanguage\":\"es\"},{\"@type\":\"WebPage\",\"@id\":\"https:\\\/\\\/exaudi.org\\\/es\\\/francisco-yo-soy-hijo-de-migrantes-en-la-epoca-que-iban-a-argentina\\\/\",\"url\":\"https:\\\/\\\/exaudi.org\\\/es\\\/francisco-yo-soy-hijo-de-migrantes-en-la-epoca-que-iban-a-argentina\\\/\",\"name\":\"Francisco: Yo soy hijo de migrantes, en la \u00e9poca que iban a Argentina &#8211; Exaudi\",\"isPartOf\":{\"@id\":\"https:\\\/\\\/exaudi.org\\\/#website\"},\"primaryImageOfPage\":{\"@id\":\"https:\\\/\\\/exaudi.org\\\/es\\\/francisco-yo-soy-hijo-de-migrantes-en-la-epoca-que-iban-a-argentina\\\/#primaryimage\"},\"image\":{\"@id\":\"https:\\\/\\\/exaudi.org\\\/es\\\/francisco-yo-soy-hijo-de-migrantes-en-la-epoca-que-iban-a-argentina\\\/#primaryimage\"},\"thumbnailUrl\":\"https:\\\/\\\/exaudi.org\\\/wp-content\\\/uploads\\\/2023\\\/12\\\/cq5dam.thumbnail.cropped.750.422-1-3.jpeg\",\"datePublished\":\"2023-12-13T07:30:13+00:00\",\"dateModified\":\"2023-12-13T13:48:03+00:00\",\"author\":{\"@id\":\"https:\\\/\\\/exaudi.org\\\/#\\\/schema\\\/person\\\/f5fc8f063065e38742da7afe15f25df7\"},\"breadcrumb\":{\"@id\":\"https:\\\/\\\/exaudi.org\\\/es\\\/francisco-yo-soy-hijo-de-migrantes-en-la-epoca-que-iban-a-argentina\\\/#breadcrumb\"},\"inLanguage\":\"es\",\"potentialAction\":[{\"@type\":\"ReadAction\",\"target\":[\"https:\\\/\\\/exaudi.org\\\/es\\\/francisco-yo-soy-hijo-de-migrantes-en-la-epoca-que-iban-a-argentina\\\/\"]}]},{\"@type\":\"ImageObject\",\"inLanguage\":\"es\",\"@id\":\"https:\\\/\\\/exaudi.org\\\/es\\\/francisco-yo-soy-hijo-de-migrantes-en-la-epoca-que-iban-a-argentina\\\/#primaryimage\",\"url\":\"https:\\\/\\\/exaudi.org\\\/wp-content\\\/uploads\\\/2023\\\/12\\\/cq5dam.thumbnail.cropped.750.422-1-3.jpeg\",\"contentUrl\":\"https:\\\/\\\/exaudi.org\\\/wp-content\\\/uploads\\\/2023\\\/12\\\/cq5dam.thumbnail.cropped.750.422-1-3.jpeg\",\"width\":750,\"height\":422,\"caption\":\"Durante la entrevista con N+\"},{\"@type\":\"BreadcrumbList\",\"@id\":\"https:\\\/\\\/exaudi.org\\\/es\\\/francisco-yo-soy-hijo-de-migrantes-en-la-epoca-que-iban-a-argentina\\\/#breadcrumb\",\"itemListElement\":[{\"@type\":\"ListItem\",\"position\":1,\"name\":\"Portada\",\"item\":\"https:\\\/\\\/exaudi.org\\\/es\\\/\"},{\"@type\":\"ListItem\",\"position\":2,\"name\":\"Francisco: Yo soy hijo de migrantes, en la \u00e9poca que iban a Argentina\"}]},{\"@type\":\"WebSite\",\"@id\":\"https:\\\/\\\/exaudi.org\\\/#website\",\"url\":\"https:\\\/\\\/exaudi.org\\\/\",\"name\":\"Exaudi\",\"description\":\"News\",\"potentialAction\":[{\"@type\":\"SearchAction\",\"target\":{\"@type\":\"EntryPoint\",\"urlTemplate\":\"https:\\\/\\\/exaudi.org\\\/?s={search_term_string}\"},\"query-input\":{\"@type\":\"PropertyValueSpecification\",\"valueRequired\":true,\"valueName\":\"search_term_string\"}}],\"inLanguage\":\"es\"},{\"@type\":\"Person\",\"@id\":\"https:\\\/\\\/exaudi.org\\\/#\\\/schema\\\/person\\\/f5fc8f063065e38742da7afe15f25df7\",\"name\":\"Exaudi Redacci\u00f3n\",\"image\":{\"@type\":\"ImageObject\",\"inLanguage\":\"es\",\"@id\":\"https:\\\/\\\/secure.gravatar.com\\\/avatar\\\/fe0f6a059fb68d9b3e11bc5850dd4899b1c7492091a3cb6dd9b01b56ad828be2?s=96&d=mm&r=g\",\"url\":\"https:\\\/\\\/secure.gravatar.com\\\/avatar\\\/fe0f6a059fb68d9b3e11bc5850dd4899b1c7492091a3cb6dd9b01b56ad828be2?s=96&d=mm&r=g\",\"contentUrl\":\"https:\\\/\\\/secure.gravatar.com\\\/avatar\\\/fe0f6a059fb68d9b3e11bc5850dd4899b1c7492091a3cb6dd9b01b56ad828be2?s=96&d=mm&r=g\",\"caption\":\"Exaudi Redacci\u00f3n\"},\"description\":\"\u00bfQu\u00e9 es Exaudi News? Exaudi News es un medio de comunicaci\u00f3n cat\u00f3lico internacional que informa, forma y transforma, diariamente en espa\u00f1ol, ingl\u00e9s e italiano. A trav\u00e9s de noticias, art\u00edculos de an\u00e1lisis y transmisiones en directo de los eventos del Papa, Exaudi busca fortalecer la unidad de los cristianos y contribuir a la evangelizaci\u00f3n del mundo, siempre guiados por la doctrina social de la Iglesia. Trabajamos para acercar la verdad y los valores cristianos a cada rinc\u00f3n del planeta. \u00a1Ay\u00fadanos a transformar el mundo con Exaudi! En Exaudi creemos que la evangelizaci\u00f3n y la informaci\u00f3n de calidad pueden cambiar vidas. Para continuar con nuestra misi\u00f3n y expandir nuestro alcance, necesitamos tu ayuda. Adem\u00e1s, buscamos personas comprometidas que deseen unirse a nuestro equipo. Con tu apoyo, lograremos llegar a m\u00e1s personas, difundir el mensaje de Cristo y reforzar la unidad de los cristianos. \u00bfTe unes a nuestra misi\u00f3n? Para m\u00e1s informaci\u00f3n sobre c\u00f3mo colaborar, visita Exaudi.org\\\/es o cont\u00e1ctanos directamente: info@exaudi.org Exaudi: Informa, forma y transforma.\",\"sameAs\":[\"https:\\\/\\\/www.facebook.com\\\/ExaudiNoticias\\\/\",\"https:\\\/\\\/www.instagram.com\\\/exaudi_noticias\\\/\",\"https:\\\/\\\/x.com\\\/Exaudi_noticias\",\"https:\\\/\\\/www.youtube.com\\\/@exaudicatholicnews\"],\"url\":\"https:\\\/\\\/exaudi.org\\\/es\\\/author\\\/redaccionexaudi\\\/\"}]}<\/script>\n<!-- \/ Yoast SEO plugin. -->","yoast_head_json":{"title":"Francisco: Yo soy hijo de migrantes, en la \u00e9poca que iban a Argentina &#8211; Exaudi","robots":{"index":"index","follow":"follow","max-snippet":"max-snippet:-1","max-image-preview":"max-image-preview:large","max-video-preview":"max-video-preview:-1"},"canonical":"https:\/\/exaudi.org\/es\/francisco-yo-soy-hijo-de-migrantes-en-la-epoca-que-iban-a-argentina\/","og_locale":"es_ES","og_type":"article","og_title":"Francisco: Yo soy hijo de migrantes, en la \u00e9poca que iban a Argentina &#8211; Exaudi","og_description":"En una entrevista a N+ de M\u00e9xico el Santo Padre anuncia su viaje a Bulgaria, su cercan\u00eda a la devoci\u00f3n mariana, con el deseo de ser sepultado en la Bas\u00edlica Santa Mar\u00eda La Mayor","og_url":"https:\/\/exaudi.org\/es\/francisco-yo-soy-hijo-de-migrantes-en-la-epoca-que-iban-a-argentina\/","og_site_name":"Exaudi","article_publisher":"https:\/\/www.facebook.com\/ExaudiNews","article_author":"https:\/\/www.facebook.com\/ExaudiNoticias\/","article_published_time":"2023-12-13T07:30:13+00:00","article_modified_time":"2023-12-13T13:48:03+00:00","og_image":[{"width":750,"height":422,"url":"https:\/\/exaudi.org\/wp-content\/uploads\/2023\/12\/cq5dam.thumbnail.cropped.750.422-1-3.jpeg","type":"image\/jpeg"}],"author":"Exaudi Redacci\u00f3n","twitter_card":"summary_large_image","twitter_creator":"@Exaudi_noticias","twitter_site":"@Exaudi_News","twitter_misc":{"Escrito por":"Exaudi Redacci\u00f3n","Tiempo de lectura":"5 minutos"},"schema":{"@context":"https:\/\/schema.org","@graph":[{"@type":"Article","@id":"https:\/\/exaudi.org\/es\/francisco-yo-soy-hijo-de-migrantes-en-la-epoca-que-iban-a-argentina\/#article","isPartOf":{"@id":"https:\/\/exaudi.org\/es\/francisco-yo-soy-hijo-de-migrantes-en-la-epoca-que-iban-a-argentina\/"},"author":{"name":"Exaudi Redacci\u00f3n","@id":"https:\/\/exaudi.org\/#\/schema\/person\/f5fc8f063065e38742da7afe15f25df7"},"headline":"Francisco: Yo soy hijo de migrantes, en la \u00e9poca que iban a Argentina","datePublished":"2023-12-13T07:30:13+00:00","dateModified":"2023-12-13T13:48:03+00:00","mainEntityOfPage":{"@id":"https:\/\/exaudi.org\/es\/francisco-yo-soy-hijo-de-migrantes-en-la-epoca-que-iban-a-argentina\/"},"wordCount":1061,"image":{"@id":"https:\/\/exaudi.org\/es\/francisco-yo-soy-hijo-de-migrantes-en-la-epoca-que-iban-a-argentina\/#primaryimage"},"thumbnailUrl":"https:\/\/exaudi.org\/wp-content\/uploads\/2023\/12\/cq5dam.thumbnail.cropped.750.422-1-3.jpeg","keywords":["Argentina","Entrevista","guerra","M\u00e9xico","papa francisco","Paz","Trending","Vaticano"],"articleSection":["Entrevistas","Le\u00f3n XIV"],"inLanguage":"es"},{"@type":"WebPage","@id":"https:\/\/exaudi.org\/es\/francisco-yo-soy-hijo-de-migrantes-en-la-epoca-que-iban-a-argentina\/","url":"https:\/\/exaudi.org\/es\/francisco-yo-soy-hijo-de-migrantes-en-la-epoca-que-iban-a-argentina\/","name":"Francisco: Yo soy hijo de migrantes, en la \u00e9poca que iban a Argentina &#8211; Exaudi","isPartOf":{"@id":"https:\/\/exaudi.org\/#website"},"primaryImageOfPage":{"@id":"https:\/\/exaudi.org\/es\/francisco-yo-soy-hijo-de-migrantes-en-la-epoca-que-iban-a-argentina\/#primaryimage"},"image":{"@id":"https:\/\/exaudi.org\/es\/francisco-yo-soy-hijo-de-migrantes-en-la-epoca-que-iban-a-argentina\/#primaryimage"},"thumbnailUrl":"https:\/\/exaudi.org\/wp-content\/uploads\/2023\/12\/cq5dam.thumbnail.cropped.750.422-1-3.jpeg","datePublished":"2023-12-13T07:30:13+00:00","dateModified":"2023-12-13T13:48:03+00:00","author":{"@id":"https:\/\/exaudi.org\/#\/schema\/person\/f5fc8f063065e38742da7afe15f25df7"},"breadcrumb":{"@id":"https:\/\/exaudi.org\/es\/francisco-yo-soy-hijo-de-migrantes-en-la-epoca-que-iban-a-argentina\/#breadcrumb"},"inLanguage":"es","potentialAction":[{"@type":"ReadAction","target":["https:\/\/exaudi.org\/es\/francisco-yo-soy-hijo-de-migrantes-en-la-epoca-que-iban-a-argentina\/"]}]},{"@type":"ImageObject","inLanguage":"es","@id":"https:\/\/exaudi.org\/es\/francisco-yo-soy-hijo-de-migrantes-en-la-epoca-que-iban-a-argentina\/#primaryimage","url":"https:\/\/exaudi.org\/wp-content\/uploads\/2023\/12\/cq5dam.thumbnail.cropped.750.422-1-3.jpeg","contentUrl":"https:\/\/exaudi.org\/wp-content\/uploads\/2023\/12\/cq5dam.thumbnail.cropped.750.422-1-3.jpeg","width":750,"height":422,"caption":"Durante la entrevista con N+"},{"@type":"BreadcrumbList","@id":"https:\/\/exaudi.org\/es\/francisco-yo-soy-hijo-de-migrantes-en-la-epoca-que-iban-a-argentina\/#breadcrumb","itemListElement":[{"@type":"ListItem","position":1,"name":"Portada","item":"https:\/\/exaudi.org\/es\/"},{"@type":"ListItem","position":2,"name":"Francisco: Yo soy hijo de migrantes, en la \u00e9poca que iban a Argentina"}]},{"@type":"WebSite","@id":"https:\/\/exaudi.org\/#website","url":"https:\/\/exaudi.org\/","name":"Exaudi","description":"News","potentialAction":[{"@type":"SearchAction","target":{"@type":"EntryPoint","urlTemplate":"https:\/\/exaudi.org\/?s={search_term_string}"},"query-input":{"@type":"PropertyValueSpecification","valueRequired":true,"valueName":"search_term_string"}}],"inLanguage":"es"},{"@type":"Person","@id":"https:\/\/exaudi.org\/#\/schema\/person\/f5fc8f063065e38742da7afe15f25df7","name":"Exaudi Redacci\u00f3n","image":{"@type":"ImageObject","inLanguage":"es","@id":"https:\/\/secure.gravatar.com\/avatar\/fe0f6a059fb68d9b3e11bc5850dd4899b1c7492091a3cb6dd9b01b56ad828be2?s=96&d=mm&r=g","url":"https:\/\/secure.gravatar.com\/avatar\/fe0f6a059fb68d9b3e11bc5850dd4899b1c7492091a3cb6dd9b01b56ad828be2?s=96&d=mm&r=g","contentUrl":"https:\/\/secure.gravatar.com\/avatar\/fe0f6a059fb68d9b3e11bc5850dd4899b1c7492091a3cb6dd9b01b56ad828be2?s=96&d=mm&r=g","caption":"Exaudi Redacci\u00f3n"},"description":"\u00bfQu\u00e9 es Exaudi News? Exaudi News es un medio de comunicaci\u00f3n cat\u00f3lico internacional que informa, forma y transforma, diariamente en espa\u00f1ol, ingl\u00e9s e italiano. A trav\u00e9s de noticias, art\u00edculos de an\u00e1lisis y transmisiones en directo de los eventos del Papa, Exaudi busca fortalecer la unidad de los cristianos y contribuir a la evangelizaci\u00f3n del mundo, siempre guiados por la doctrina social de la Iglesia. Trabajamos para acercar la verdad y los valores cristianos a cada rinc\u00f3n del planeta. \u00a1Ay\u00fadanos a transformar el mundo con Exaudi! En Exaudi creemos que la evangelizaci\u00f3n y la informaci\u00f3n de calidad pueden cambiar vidas. Para continuar con nuestra misi\u00f3n y expandir nuestro alcance, necesitamos tu ayuda. Adem\u00e1s, buscamos personas comprometidas que deseen unirse a nuestro equipo. Con tu apoyo, lograremos llegar a m\u00e1s personas, difundir el mensaje de Cristo y reforzar la unidad de los cristianos. \u00bfTe unes a nuestra misi\u00f3n? Para m\u00e1s informaci\u00f3n sobre c\u00f3mo colaborar, visita Exaudi.org\/es o cont\u00e1ctanos directamente: info@exaudi.org Exaudi: Informa, forma y transforma.","sameAs":["https:\/\/www.facebook.com\/ExaudiNoticias\/","https:\/\/www.instagram.com\/exaudi_noticias\/","https:\/\/x.com\/Exaudi_noticias","https:\/\/www.youtube.com\/@exaudicatholicnews"],"url":"https:\/\/exaudi.org\/es\/author\/redaccionexaudi\/"}]}},"jetpack_featured_media_url":"https:\/\/exaudi.org\/wp-content\/uploads\/2023\/12\/cq5dam.thumbnail.cropped.750.422-1-3.jpeg","jetpack_shortlink":"https:\/\/wp.me\/pgKjF2-ntA","_links":{"self":[{"href":"https:\/\/exaudi.org\/es\/wp-json\/wp\/v2\/posts\/90246","targetHints":{"allow":["GET"]}}],"collection":[{"href":"https:\/\/exaudi.org\/es\/wp-json\/wp\/v2\/posts"}],"about":[{"href":"https:\/\/exaudi.org\/es\/wp-json\/wp\/v2\/types\/post"}],"author":[{"embeddable":true,"href":"https:\/\/exaudi.org\/es\/wp-json\/wp\/v2\/users\/15"}],"replies":[{"embeddable":true,"href":"https:\/\/exaudi.org\/es\/wp-json\/wp\/v2\/comments?post=90246"}],"version-history":[{"count":0,"href":"https:\/\/exaudi.org\/es\/wp-json\/wp\/v2\/posts\/90246\/revisions"}],"wp:featuredmedia":[{"embeddable":true,"href":"https:\/\/exaudi.org\/es\/wp-json\/wp\/v2\/media\/90247"}],"wp:attachment":[{"href":"https:\/\/exaudi.org\/es\/wp-json\/wp\/v2\/media?parent=90246"}],"wp:term":[{"taxonomy":"category","embeddable":true,"href":"https:\/\/exaudi.org\/es\/wp-json\/wp\/v2\/categories?post=90246"},{"taxonomy":"post_tag","embeddable":true,"href":"https:\/\/exaudi.org\/es\/wp-json\/wp\/v2\/tags?post=90246"}],"curies":[{"name":"wp","href":"https:\/\/api.w.org\/{rel}","templated":true}]}}