{"id":90204,"date":"2023-12-14T08:30:04","date_gmt":"2023-12-14T07:30:04","guid":{"rendered":"https:\/\/exaudi.org\/?p=90204"},"modified":"2023-12-12T19:25:37","modified_gmt":"2023-12-12T18:25:37","slug":"papa-francisco-son-muchos-los-progresos-realizados","status":"publish","type":"post","link":"https:\/\/exaudi.org\/es\/papa-francisco-son-muchos-los-progresos-realizados\/","title":{"rendered":"Papa Francisco: \u00abSon muchos los progresos realizados\u00bb"},"content":{"rendered":"<audio class=\"wp-audio-shortcode\" id=\"audio-90204-1\" preload=\"none\" style=\"width: 100%;\" controls=\"controls\"><source type=\"audio\/mpeg\" src=\"https:\/\/exaudi.org\/wp-content\/uploads\/2023\/12\/Papa-Francisco-Son-muchos-los-progresos-realizados.mp3?_=1\" \/><a href=\"https:\/\/exaudi.org\/wp-content\/uploads\/2023\/12\/Papa-Francisco-Son-muchos-los-progresos-realizados.mp3\">https:\/\/exaudi.org\/wp-content\/uploads\/2023\/12\/Papa-Francisco-Son-muchos-los-progresos-realizados.mp3<\/a><\/audio>\n<p>\u00abTodos somos responsables de preservar el patrimonio para garantizar los recursos necesarios para continuar el camino tambi\u00e9n para los que vienen detr\u00e1s de nosotros\u00bb. Lo escribe el Papa Francisco en la\u00a0<a href=\"https:\/\/www.spe.va\/it\/chi-siamo\/lettera.html\" target=\"_blank\" rel=\"external noopener\">carta enviada estos \u00faltimos d\u00edas a las personas que trabajan en la Secretar\u00eda de Asuntos Econ\u00f3micos<\/a>\u00a0(SPE), ahora publicada en el sitio web del dicasterio.<\/p>\n<p>Francisco lo hab\u00eda anunciado durante la\u00a0<a href=\"https:\/\/www.vaticannews.va\/es\/papa\/news\/2023-11\/el-papa-recibio-a-la-secretaria-de-asuntos-economicos.html\" target=\"_blank\" rel=\"noopener\">audiencia con el personal de la SPE el lunes 13 de noviembre<\/a>. \u00abMirando hacia atr\u00e1s y observando la situaci\u00f3n actual \u2013 escribe el Papa \u2013 no puedo dejar de ver los muchos progresos realizados. Les agradezco, porque llevan a cabo un servicio delicado y complejo. Se ha valorado mucho el trabajo realizado para dotar a la Santa Sede de herramientas destinadas a garantizar que su patrimonio est\u00e9 orientado a la misi\u00f3n, evitando los riesgos de volver a caer en los errores del pasado que todos conocemos\u00bb. Francisco cita al cardenal George Pell, primer Prefecto de la SPE, y a su sucesor, el padre Juan Antonio Guerrero.<\/p>\n<p>\u00abLo que se ha hecho \u2013 se lee de nuevo en la carta \u2013 no debe hacernos pensar que el camino de las reformas econ\u00f3micas ha terminado. Al contrario, reci\u00e9n comienza\u00bb y la Secretar\u00eda de Econom\u00eda est\u00e1 \u00abllamada a promover, en su propio \u00e1mbito, un movimiento de cambio constante hacia lo mejor\u00bb. La reforma, explica el Papa, \u00abno significa cambiar para mostrar que las cosas se hacen necesariamente de manera diferente que en el pasado. El cambio es una renovaci\u00f3n funcional acorde con las necesidades. Por lo tanto, en algunos casos es radical, en otros casos es una adaptaci\u00f3n de lo que ya es bueno: y los efectos de estos cambios deben ser monitoreados ya que se pueden tomar decisiones que luego deben corregirse\u00bb.<\/p>\n<p>El Papa Francisco invita al personal de la SPE a imaginar el servicio a realizar pensando \u00aben el papel de un padre hacia su hijo&#8230; Y es un trabajo delicado porque incluso las mejores intenciones de un padre pueden traducirse en comportamientos que deben evitarse: ser autoritario en vez de tener autoridad; temido en lugar de respetado y reconocido; ejercer el poder en lugar de tomar decisiones sintiendo la responsabilidad de proteger el bien com\u00fan; conservar el dinero sin finalidad en lugar de utilizarlo para que la misi\u00f3n crezca y florezca, olvidando que la Iglesia es pobre porque todo lo que posee no es para s\u00ed misma, sino para usarlo donde se necesita de manera desinteresada\u00bb.<\/p>\n<p>El Papa explica que \u00abla lealtad a la misi\u00f3n y la prudencia son las virtudes que les deben acompa\u00f1ar en su trabajo, en la gesti\u00f3n de cada asunto, ya que las numerosas responsabilidades que les han sido confiadas los exponen al riesgo de peque\u00f1os y grandes errores que es necesario evitar. Uno de los grandes errores es el h\u00e1bito: la primac\u00eda de lo formal sobre lo real. Deben encontrar la capacidad de escuchar y ser escuchados, de poner sus habilidades y t\u00e9cnicas econ\u00f3micas y jur\u00eddicas a disposici\u00f3n de quienes recurren a ustedes para llevar a cabo las iniciativas que componen la misi\u00f3n. El esfuerzo constante debe ser apoyar esas iniciativas, cuidando de hacerlas retroceder, no a la regla y a la t\u00e9cnica como un fin en s\u00ed mismas, no a la voluntad arbitraria de quienes tienen la responsabilidad de decidir o autorizar, sino al bien com\u00fan\u00bb.<\/p>\n<p>\u00abPero tambi\u00e9n deben tener siempre \u2013 a\u00f1ade Francisco \u2013 la lealtad de decir no cuando lo que se les representa o lo que se encuentra en los controles traiciona la misi\u00f3n, cuando el inter\u00e9s individual de algunos prevalece sobre el colectivo, cuando se violan las reglas o eludidos artificialmente para perseguir fines ajenos a los de la Santa Sede y de la Iglesia&#8230; Lealtad significa no volverse nunca c\u00f3mplices, ni siquiera fingiendo no ver, ni siquiera queriendo decepcionar aquellas amistades que en una comunidad trabajadora como la Santa Sede, est\u00e1n establecidos y es hermoso que est\u00e9n establecidos\u00bb.<\/p>\n<p>Por lo tanto, se trata de \u00abtrabajar con valent\u00eda para tomar decisiones responsables, incluso si no son populares\u00bb. La Santa Sede, reconoce el Pont\u00edfice, \u00abcada a\u00f1o registra un d\u00e9ficit importante. De hecho, toda la organizaci\u00f3n est\u00e1 para la misi\u00f3n y las fuentes de financiaci\u00f3n son limitadas. Pero sabemos que, si se experimenta un d\u00e9ficit, esto significa que parte del patrimonio se erosiona y esto compromete el futuro. \u00c9sta es la raz\u00f3n por la que es necesaria una reversi\u00f3n de la tendencia. Esta conciencia debe adquirirse en todos los niveles de nuestra comunidad: todos somos responsables de preservar el patrimonio para garantizar los recursos necesarios para continuar el viaje tambi\u00e9n para aquellos que vienen detr\u00e1s de nosotros\u00bb. Esto \u00abexige que nos liberemos de la rigidez y nos pongamos disponibles, con sinceridad, a la actualizaci\u00f3n. Con lealtad y prudencia esto se puede lograr.\u00bb<\/p>\n<p>\u00abDebemos cuidar el patrimonio \u2013 concluye Francisco \u2013 cuando estamos en condiciones de salvarlo, y tambi\u00e9n debemos invertirlo con atenci\u00f3n, de manera \u00e9tica, para que los frutos de la gesti\u00f3n se repartan equitativamente y cada uno tenga lo que realmente necesita. Las inversiones no deben tener ni el objetivo de especulaci\u00f3n ni el de acumulaci\u00f3n. Los balances y los presupuestos no deben ser un ejercicio de contabilidad est\u00e9ril, sino que deben representar el esfuerzo de acompa\u00f1ar la misi\u00f3n de todos distribuyendo los recursos seg\u00fan las necesidades reales, incluso a veces pidiendo a alguien que d\u00e9 un paso atr\u00e1s o que comparta los ingresos con los dem\u00e1s\u00bb.<\/p>\n","protected":false},"excerpt":{"rendered":"<p>La misiva hab\u00eda sido anunciada por el Papa Francisco a los empleados de la Secretar\u00eda de Econom\u00eda durante la audiencia del pasado 13 de noviembre: \u00abLo que se ha hecho no debe hacernos pensar que el camino de las reformas econ\u00f3micas ha terminado. Al contrario, reci\u00e9n comienza\u00bb<\/p>\n","protected":false},"author":15,"featured_media":90206,"comment_status":"closed","ping_status":"closed","sticky":false,"template":"","format":"standard","meta":{"_acf_changed":false,"_crdt_document":"","inline_featured_image":false,"footnotes":""},"categories":[68,132],"tags":[11562,1019,158,1891,4953],"class_list":["post-90204","post","type-post","status-publish","format-standard","has-post-thumbnail","hentry","category-leon-xiv","category-vaticano-es","tag-dicasterio-economia","tag-evangelizacion","tag-papa-francisco","tag-santa-sede","tag-trending-es"],"acf":[],"yoast_head":"<!-- This site is optimized with the Yoast SEO plugin v27.5 - https:\/\/yoast.com\/product\/yoast-seo-wordpress\/ -->\n<title>Papa Francisco: &quot;Son muchos los progresos realizados&quot; &#8211; Exaudi<\/title>\n<meta name=\"robots\" content=\"index, follow, max-snippet:-1, max-image-preview:large, max-video-preview:-1\" \/>\n<link rel=\"canonical\" href=\"https:\/\/exaudi.org\/es\/papa-francisco-son-muchos-los-progresos-realizados\/\" \/>\n<meta property=\"og:locale\" content=\"es_ES\" \/>\n<meta property=\"og:type\" content=\"article\" \/>\n<meta property=\"og:title\" content=\"Papa Francisco: &quot;Son muchos los progresos realizados&quot; &#8211; Exaudi\" \/>\n<meta property=\"og:description\" content=\"La misiva hab\u00eda sido anunciada por el Papa Francisco a los empleados de la Secretar\u00eda de Econom\u00eda durante la audiencia del pasado 13 de noviembre: &quot;Lo que se ha hecho no debe hacernos pensar que el camino de las reformas econ\u00f3micas ha terminado. Al contrario, reci\u00e9n comienza&quot;\" \/>\n<meta property=\"og:url\" content=\"https:\/\/exaudi.org\/es\/papa-francisco-son-muchos-los-progresos-realizados\/\" \/>\n<meta property=\"og:site_name\" content=\"Exaudi\" \/>\n<meta property=\"article:publisher\" content=\"https:\/\/www.facebook.com\/ExaudiNews\" \/>\n<meta property=\"article:author\" content=\"https:\/\/www.facebook.com\/ExaudiNoticias\/\" \/>\n<meta property=\"article:published_time\" content=\"2023-12-14T07:30:04+00:00\" \/>\n<meta property=\"og:image\" content=\"https:\/\/exaudi.org\/wp-content\/uploads\/2023\/12\/cq5dam.thumbnail.cropped.750.422-8.jpeg\" \/>\n\t<meta property=\"og:image:width\" content=\"750\" \/>\n\t<meta property=\"og:image:height\" content=\"422\" \/>\n\t<meta property=\"og:image:type\" content=\"image\/jpeg\" \/>\n<meta name=\"author\" content=\"Exaudi Redacci\u00f3n\" \/>\n<meta name=\"twitter:card\" content=\"summary_large_image\" \/>\n<meta name=\"twitter:creator\" content=\"@Exaudi_noticias\" \/>\n<meta name=\"twitter:site\" content=\"@Exaudi_News\" \/>\n<meta name=\"twitter:label1\" content=\"Escrito por\" \/>\n\t<meta name=\"twitter:data1\" content=\"Exaudi Redacci\u00f3n\" \/>\n\t<meta name=\"twitter:label2\" content=\"Tiempo de lectura\" \/>\n\t<meta name=\"twitter:data2\" content=\"5 minutos\" \/>\n<script type=\"application\/ld+json\" class=\"yoast-schema-graph\">{\"@context\":\"https:\\\/\\\/schema.org\",\"@graph\":[{\"@type\":\"Article\",\"@id\":\"https:\\\/\\\/exaudi.org\\\/es\\\/papa-francisco-son-muchos-los-progresos-realizados\\\/#article\",\"isPartOf\":{\"@id\":\"https:\\\/\\\/exaudi.org\\\/es\\\/papa-francisco-son-muchos-los-progresos-realizados\\\/\"},\"author\":{\"name\":\"Exaudi Redacci\u00f3n\",\"@id\":\"https:\\\/\\\/exaudi.org\\\/#\\\/schema\\\/person\\\/f5fc8f063065e38742da7afe15f25df7\"},\"headline\":\"Papa Francisco: \u00abSon muchos los progresos realizados\u00bb\",\"datePublished\":\"2023-12-14T07:30:04+00:00\",\"mainEntityOfPage\":{\"@id\":\"https:\\\/\\\/exaudi.org\\\/es\\\/papa-francisco-son-muchos-los-progresos-realizados\\\/\"},\"wordCount\":967,\"image\":{\"@id\":\"https:\\\/\\\/exaudi.org\\\/es\\\/papa-francisco-son-muchos-los-progresos-realizados\\\/#primaryimage\"},\"thumbnailUrl\":\"https:\\\/\\\/exaudi.org\\\/wp-content\\\/uploads\\\/2023\\\/12\\\/cq5dam.thumbnail.cropped.750.422-8.jpeg\",\"keywords\":[\"DICASTERIO ECONOM\u00cdA\",\"Evangelizaci\u00f3n\",\"papa francisco\",\"Santa Sede\",\"Trending\"],\"articleSection\":[\"Le\u00f3n XIV\",\"Vaticano\"],\"inLanguage\":\"es\"},{\"@type\":\"WebPage\",\"@id\":\"https:\\\/\\\/exaudi.org\\\/es\\\/papa-francisco-son-muchos-los-progresos-realizados\\\/\",\"url\":\"https:\\\/\\\/exaudi.org\\\/es\\\/papa-francisco-son-muchos-los-progresos-realizados\\\/\",\"name\":\"Papa Francisco: \\\"Son muchos los progresos realizados\\\" &#8211; Exaudi\",\"isPartOf\":{\"@id\":\"https:\\\/\\\/exaudi.org\\\/#website\"},\"primaryImageOfPage\":{\"@id\":\"https:\\\/\\\/exaudi.org\\\/es\\\/papa-francisco-son-muchos-los-progresos-realizados\\\/#primaryimage\"},\"image\":{\"@id\":\"https:\\\/\\\/exaudi.org\\\/es\\\/papa-francisco-son-muchos-los-progresos-realizados\\\/#primaryimage\"},\"thumbnailUrl\":\"https:\\\/\\\/exaudi.org\\\/wp-content\\\/uploads\\\/2023\\\/12\\\/cq5dam.thumbnail.cropped.750.422-8.jpeg\",\"datePublished\":\"2023-12-14T07:30:04+00:00\",\"author\":{\"@id\":\"https:\\\/\\\/exaudi.org\\\/#\\\/schema\\\/person\\\/f5fc8f063065e38742da7afe15f25df7\"},\"breadcrumb\":{\"@id\":\"https:\\\/\\\/exaudi.org\\\/es\\\/papa-francisco-son-muchos-los-progresos-realizados\\\/#breadcrumb\"},\"inLanguage\":\"es\",\"potentialAction\":[{\"@type\":\"ReadAction\",\"target\":[\"https:\\\/\\\/exaudi.org\\\/es\\\/papa-francisco-son-muchos-los-progresos-realizados\\\/\"]}]},{\"@type\":\"ImageObject\",\"inLanguage\":\"es\",\"@id\":\"https:\\\/\\\/exaudi.org\\\/es\\\/papa-francisco-son-muchos-los-progresos-realizados\\\/#primaryimage\",\"url\":\"https:\\\/\\\/exaudi.org\\\/wp-content\\\/uploads\\\/2023\\\/12\\\/cq5dam.thumbnail.cropped.750.422-8.jpeg\",\"contentUrl\":\"https:\\\/\\\/exaudi.org\\\/wp-content\\\/uploads\\\/2023\\\/12\\\/cq5dam.thumbnail.cropped.750.422-8.jpeg\",\"width\":750,\"height\":422,\"caption\":\"Vatican Media\"},{\"@type\":\"BreadcrumbList\",\"@id\":\"https:\\\/\\\/exaudi.org\\\/es\\\/papa-francisco-son-muchos-los-progresos-realizados\\\/#breadcrumb\",\"itemListElement\":[{\"@type\":\"ListItem\",\"position\":1,\"name\":\"Portada\",\"item\":\"https:\\\/\\\/exaudi.org\\\/es\\\/\"},{\"@type\":\"ListItem\",\"position\":2,\"name\":\"Papa Francisco: \u00abSon muchos los progresos realizados\u00bb\"}]},{\"@type\":\"WebSite\",\"@id\":\"https:\\\/\\\/exaudi.org\\\/#website\",\"url\":\"https:\\\/\\\/exaudi.org\\\/\",\"name\":\"Exaudi\",\"description\":\"News\",\"potentialAction\":[{\"@type\":\"SearchAction\",\"target\":{\"@type\":\"EntryPoint\",\"urlTemplate\":\"https:\\\/\\\/exaudi.org\\\/?s={search_term_string}\"},\"query-input\":{\"@type\":\"PropertyValueSpecification\",\"valueRequired\":true,\"valueName\":\"search_term_string\"}}],\"inLanguage\":\"es\"},{\"@type\":\"Person\",\"@id\":\"https:\\\/\\\/exaudi.org\\\/#\\\/schema\\\/person\\\/f5fc8f063065e38742da7afe15f25df7\",\"name\":\"Exaudi Redacci\u00f3n\",\"image\":{\"@type\":\"ImageObject\",\"inLanguage\":\"es\",\"@id\":\"https:\\\/\\\/secure.gravatar.com\\\/avatar\\\/fe0f6a059fb68d9b3e11bc5850dd4899b1c7492091a3cb6dd9b01b56ad828be2?s=96&d=mm&r=g\",\"url\":\"https:\\\/\\\/secure.gravatar.com\\\/avatar\\\/fe0f6a059fb68d9b3e11bc5850dd4899b1c7492091a3cb6dd9b01b56ad828be2?s=96&d=mm&r=g\",\"contentUrl\":\"https:\\\/\\\/secure.gravatar.com\\\/avatar\\\/fe0f6a059fb68d9b3e11bc5850dd4899b1c7492091a3cb6dd9b01b56ad828be2?s=96&d=mm&r=g\",\"caption\":\"Exaudi Redacci\u00f3n\"},\"description\":\"\u00bfQu\u00e9 es Exaudi News? Exaudi News es un medio de comunicaci\u00f3n cat\u00f3lico internacional que informa, forma y transforma, diariamente en espa\u00f1ol, ingl\u00e9s e italiano. A trav\u00e9s de noticias, art\u00edculos de an\u00e1lisis y transmisiones en directo de los eventos del Papa, Exaudi busca fortalecer la unidad de los cristianos y contribuir a la evangelizaci\u00f3n del mundo, siempre guiados por la doctrina social de la Iglesia. Trabajamos para acercar la verdad y los valores cristianos a cada rinc\u00f3n del planeta. \u00a1Ay\u00fadanos a transformar el mundo con Exaudi! En Exaudi creemos que la evangelizaci\u00f3n y la informaci\u00f3n de calidad pueden cambiar vidas. Para continuar con nuestra misi\u00f3n y expandir nuestro alcance, necesitamos tu ayuda. Adem\u00e1s, buscamos personas comprometidas que deseen unirse a nuestro equipo. Con tu apoyo, lograremos llegar a m\u00e1s personas, difundir el mensaje de Cristo y reforzar la unidad de los cristianos. \u00bfTe unes a nuestra misi\u00f3n? Para m\u00e1s informaci\u00f3n sobre c\u00f3mo colaborar, visita Exaudi.org\\\/es o cont\u00e1ctanos directamente: info@exaudi.org Exaudi: Informa, forma y transforma.\",\"sameAs\":[\"https:\\\/\\\/www.facebook.com\\\/ExaudiNoticias\\\/\",\"https:\\\/\\\/www.instagram.com\\\/exaudi_noticias\\\/\",\"https:\\\/\\\/x.com\\\/Exaudi_noticias\",\"https:\\\/\\\/www.youtube.com\\\/@exaudicatholicnews\"],\"url\":\"https:\\\/\\\/exaudi.org\\\/es\\\/author\\\/redaccionexaudi\\\/\"}]}<\/script>\n<!-- \/ Yoast SEO plugin. -->","yoast_head_json":{"title":"Papa Francisco: \"Son muchos los progresos realizados\" &#8211; Exaudi","robots":{"index":"index","follow":"follow","max-snippet":"max-snippet:-1","max-image-preview":"max-image-preview:large","max-video-preview":"max-video-preview:-1"},"canonical":"https:\/\/exaudi.org\/es\/papa-francisco-son-muchos-los-progresos-realizados\/","og_locale":"es_ES","og_type":"article","og_title":"Papa Francisco: \"Son muchos los progresos realizados\" &#8211; Exaudi","og_description":"La misiva hab\u00eda sido anunciada por el Papa Francisco a los empleados de la Secretar\u00eda de Econom\u00eda durante la audiencia del pasado 13 de noviembre: \"Lo que se ha hecho no debe hacernos pensar que el camino de las reformas econ\u00f3micas ha terminado. Al contrario, reci\u00e9n comienza\"","og_url":"https:\/\/exaudi.org\/es\/papa-francisco-son-muchos-los-progresos-realizados\/","og_site_name":"Exaudi","article_publisher":"https:\/\/www.facebook.com\/ExaudiNews","article_author":"https:\/\/www.facebook.com\/ExaudiNoticias\/","article_published_time":"2023-12-14T07:30:04+00:00","og_image":[{"width":750,"height":422,"url":"https:\/\/exaudi.org\/wp-content\/uploads\/2023\/12\/cq5dam.thumbnail.cropped.750.422-8.jpeg","type":"image\/jpeg"}],"author":"Exaudi Redacci\u00f3n","twitter_card":"summary_large_image","twitter_creator":"@Exaudi_noticias","twitter_site":"@Exaudi_News","twitter_misc":{"Escrito por":"Exaudi Redacci\u00f3n","Tiempo de lectura":"5 minutos"},"schema":{"@context":"https:\/\/schema.org","@graph":[{"@type":"Article","@id":"https:\/\/exaudi.org\/es\/papa-francisco-son-muchos-los-progresos-realizados\/#article","isPartOf":{"@id":"https:\/\/exaudi.org\/es\/papa-francisco-son-muchos-los-progresos-realizados\/"},"author":{"name":"Exaudi Redacci\u00f3n","@id":"https:\/\/exaudi.org\/#\/schema\/person\/f5fc8f063065e38742da7afe15f25df7"},"headline":"Papa Francisco: \u00abSon muchos los progresos realizados\u00bb","datePublished":"2023-12-14T07:30:04+00:00","mainEntityOfPage":{"@id":"https:\/\/exaudi.org\/es\/papa-francisco-son-muchos-los-progresos-realizados\/"},"wordCount":967,"image":{"@id":"https:\/\/exaudi.org\/es\/papa-francisco-son-muchos-los-progresos-realizados\/#primaryimage"},"thumbnailUrl":"https:\/\/exaudi.org\/wp-content\/uploads\/2023\/12\/cq5dam.thumbnail.cropped.750.422-8.jpeg","keywords":["DICASTERIO ECONOM\u00cdA","Evangelizaci\u00f3n","papa francisco","Santa Sede","Trending"],"articleSection":["Le\u00f3n XIV","Vaticano"],"inLanguage":"es"},{"@type":"WebPage","@id":"https:\/\/exaudi.org\/es\/papa-francisco-son-muchos-los-progresos-realizados\/","url":"https:\/\/exaudi.org\/es\/papa-francisco-son-muchos-los-progresos-realizados\/","name":"Papa Francisco: \"Son muchos los progresos realizados\" &#8211; Exaudi","isPartOf":{"@id":"https:\/\/exaudi.org\/#website"},"primaryImageOfPage":{"@id":"https:\/\/exaudi.org\/es\/papa-francisco-son-muchos-los-progresos-realizados\/#primaryimage"},"image":{"@id":"https:\/\/exaudi.org\/es\/papa-francisco-son-muchos-los-progresos-realizados\/#primaryimage"},"thumbnailUrl":"https:\/\/exaudi.org\/wp-content\/uploads\/2023\/12\/cq5dam.thumbnail.cropped.750.422-8.jpeg","datePublished":"2023-12-14T07:30:04+00:00","author":{"@id":"https:\/\/exaudi.org\/#\/schema\/person\/f5fc8f063065e38742da7afe15f25df7"},"breadcrumb":{"@id":"https:\/\/exaudi.org\/es\/papa-francisco-son-muchos-los-progresos-realizados\/#breadcrumb"},"inLanguage":"es","potentialAction":[{"@type":"ReadAction","target":["https:\/\/exaudi.org\/es\/papa-francisco-son-muchos-los-progresos-realizados\/"]}]},{"@type":"ImageObject","inLanguage":"es","@id":"https:\/\/exaudi.org\/es\/papa-francisco-son-muchos-los-progresos-realizados\/#primaryimage","url":"https:\/\/exaudi.org\/wp-content\/uploads\/2023\/12\/cq5dam.thumbnail.cropped.750.422-8.jpeg","contentUrl":"https:\/\/exaudi.org\/wp-content\/uploads\/2023\/12\/cq5dam.thumbnail.cropped.750.422-8.jpeg","width":750,"height":422,"caption":"Vatican Media"},{"@type":"BreadcrumbList","@id":"https:\/\/exaudi.org\/es\/papa-francisco-son-muchos-los-progresos-realizados\/#breadcrumb","itemListElement":[{"@type":"ListItem","position":1,"name":"Portada","item":"https:\/\/exaudi.org\/es\/"},{"@type":"ListItem","position":2,"name":"Papa Francisco: \u00abSon muchos los progresos realizados\u00bb"}]},{"@type":"WebSite","@id":"https:\/\/exaudi.org\/#website","url":"https:\/\/exaudi.org\/","name":"Exaudi","description":"News","potentialAction":[{"@type":"SearchAction","target":{"@type":"EntryPoint","urlTemplate":"https:\/\/exaudi.org\/?s={search_term_string}"},"query-input":{"@type":"PropertyValueSpecification","valueRequired":true,"valueName":"search_term_string"}}],"inLanguage":"es"},{"@type":"Person","@id":"https:\/\/exaudi.org\/#\/schema\/person\/f5fc8f063065e38742da7afe15f25df7","name":"Exaudi Redacci\u00f3n","image":{"@type":"ImageObject","inLanguage":"es","@id":"https:\/\/secure.gravatar.com\/avatar\/fe0f6a059fb68d9b3e11bc5850dd4899b1c7492091a3cb6dd9b01b56ad828be2?s=96&d=mm&r=g","url":"https:\/\/secure.gravatar.com\/avatar\/fe0f6a059fb68d9b3e11bc5850dd4899b1c7492091a3cb6dd9b01b56ad828be2?s=96&d=mm&r=g","contentUrl":"https:\/\/secure.gravatar.com\/avatar\/fe0f6a059fb68d9b3e11bc5850dd4899b1c7492091a3cb6dd9b01b56ad828be2?s=96&d=mm&r=g","caption":"Exaudi Redacci\u00f3n"},"description":"\u00bfQu\u00e9 es Exaudi News? Exaudi News es un medio de comunicaci\u00f3n cat\u00f3lico internacional que informa, forma y transforma, diariamente en espa\u00f1ol, ingl\u00e9s e italiano. A trav\u00e9s de noticias, art\u00edculos de an\u00e1lisis y transmisiones en directo de los eventos del Papa, Exaudi busca fortalecer la unidad de los cristianos y contribuir a la evangelizaci\u00f3n del mundo, siempre guiados por la doctrina social de la Iglesia. Trabajamos para acercar la verdad y los valores cristianos a cada rinc\u00f3n del planeta. \u00a1Ay\u00fadanos a transformar el mundo con Exaudi! En Exaudi creemos que la evangelizaci\u00f3n y la informaci\u00f3n de calidad pueden cambiar vidas. Para continuar con nuestra misi\u00f3n y expandir nuestro alcance, necesitamos tu ayuda. Adem\u00e1s, buscamos personas comprometidas que deseen unirse a nuestro equipo. Con tu apoyo, lograremos llegar a m\u00e1s personas, difundir el mensaje de Cristo y reforzar la unidad de los cristianos. \u00bfTe unes a nuestra misi\u00f3n? Para m\u00e1s informaci\u00f3n sobre c\u00f3mo colaborar, visita Exaudi.org\/es o cont\u00e1ctanos directamente: info@exaudi.org Exaudi: Informa, forma y transforma.","sameAs":["https:\/\/www.facebook.com\/ExaudiNoticias\/","https:\/\/www.instagram.com\/exaudi_noticias\/","https:\/\/x.com\/Exaudi_noticias","https:\/\/www.youtube.com\/@exaudicatholicnews"],"url":"https:\/\/exaudi.org\/es\/author\/redaccionexaudi\/"}]}},"jetpack_featured_media_url":"https:\/\/exaudi.org\/wp-content\/uploads\/2023\/12\/cq5dam.thumbnail.cropped.750.422-8.jpeg","jetpack_shortlink":"https:\/\/wp.me\/pgKjF2-nsU","_links":{"self":[{"href":"https:\/\/exaudi.org\/es\/wp-json\/wp\/v2\/posts\/90204","targetHints":{"allow":["GET"]}}],"collection":[{"href":"https:\/\/exaudi.org\/es\/wp-json\/wp\/v2\/posts"}],"about":[{"href":"https:\/\/exaudi.org\/es\/wp-json\/wp\/v2\/types\/post"}],"author":[{"embeddable":true,"href":"https:\/\/exaudi.org\/es\/wp-json\/wp\/v2\/users\/15"}],"replies":[{"embeddable":true,"href":"https:\/\/exaudi.org\/es\/wp-json\/wp\/v2\/comments?post=90204"}],"version-history":[{"count":0,"href":"https:\/\/exaudi.org\/es\/wp-json\/wp\/v2\/posts\/90204\/revisions"}],"wp:featuredmedia":[{"embeddable":true,"href":"https:\/\/exaudi.org\/es\/wp-json\/wp\/v2\/media\/90206"}],"wp:attachment":[{"href":"https:\/\/exaudi.org\/es\/wp-json\/wp\/v2\/media?parent=90204"}],"wp:term":[{"taxonomy":"category","embeddable":true,"href":"https:\/\/exaudi.org\/es\/wp-json\/wp\/v2\/categories?post=90204"},{"taxonomy":"post_tag","embeddable":true,"href":"https:\/\/exaudi.org\/es\/wp-json\/wp\/v2\/tags?post=90204"}],"curies":[{"name":"wp","href":"https:\/\/api.w.org\/{rel}","templated":true}]}}