{"id":90074,"date":"2023-12-11T18:43:25","date_gmt":"2023-12-11T17:43:25","guid":{"rendered":"https:\/\/exaudi.org\/?p=90074"},"modified":"2023-12-11T18:45:44","modified_gmt":"2023-12-11T17:45:44","slug":"concurso-de-belenes-de-cracovia","status":"publish","type":"post","link":"https:\/\/exaudi.org\/es\/concurso-de-belenes-de-cracovia\/","title":{"rendered":"Concurso de Belenes de Cracovia"},"content":{"rendered":"<audio class=\"wp-audio-shortcode\" id=\"audio-90074-1\" preload=\"none\" style=\"width: 100%;\" controls=\"controls\"><source type=\"audio\/mpeg\" src=\"https:\/\/exaudi.org\/wp-content\/uploads\/2023\/12\/Concurso-de-Belenes-de-Cracovia.mp3?_=1\" \/><a href=\"https:\/\/exaudi.org\/wp-content\/uploads\/2023\/12\/Concurso-de-Belenes-de-Cracovia.mp3\">https:\/\/exaudi.org\/wp-content\/uploads\/2023\/12\/Concurso-de-Belenes-de-Cracovia.mp3<\/a><\/audio>\n<p>Los belenes de Cracovia son \u00fanicos porque presentan personajes conocidos de los belenes tradicionales en un entorno inusual: en el contexto de la arquitectura de Cracovia. Adem\u00e1s, estas obras se distinguen por la combinaci\u00f3n imaginativa de elementos de varios estilos arquitect\u00f3nicos, fragmentos de edificios famosos y diversas figuras.<\/p>\n<p><img loading=\"lazy\" decoding=\"async\" class=\"alignleft size-full wp-image-90078\" src=\"https:\/\/exaudi.org\/wp-content\/uploads\/2023\/12\/1.-Photo-Credit_Mariusz-Cieszewski-MSZ_Flickr-scaled.jpg\" alt=\"\" width=\"2560\" height=\"1707\" srcset=\"https:\/\/exaudi.org\/wp-content\/uploads\/2023\/12\/1.-Photo-Credit_Mariusz-Cieszewski-MSZ_Flickr-scaled.jpg 2560w, https:\/\/exaudi.org\/wp-content\/uploads\/2023\/12\/1.-Photo-Credit_Mariusz-Cieszewski-MSZ_Flickr-300x200.jpg 300w, https:\/\/exaudi.org\/wp-content\/uploads\/2023\/12\/1.-Photo-Credit_Mariusz-Cieszewski-MSZ_Flickr-1024x683.jpg 1024w, https:\/\/exaudi.org\/wp-content\/uploads\/2023\/12\/1.-Photo-Credit_Mariusz-Cieszewski-MSZ_Flickr-770x513.jpg 770w, https:\/\/exaudi.org\/wp-content\/uploads\/2023\/12\/1.-Photo-Credit_Mariusz-Cieszewski-MSZ_Flickr-1536x1024.jpg 1536w, https:\/\/exaudi.org\/wp-content\/uploads\/2023\/12\/1.-Photo-Credit_Mariusz-Cieszewski-MSZ_Flickr-2048x1366.jpg 2048w, https:\/\/exaudi.org\/wp-content\/uploads\/2023\/12\/1.-Photo-Credit_Mariusz-Cieszewski-MSZ_Flickr-360x240.jpg?crop=1 360w, https:\/\/exaudi.org\/wp-content\/uploads\/2023\/12\/1.-Photo-Credit_Mariusz-Cieszewski-MSZ_Flickr-500x333.jpg 500w, https:\/\/exaudi.org\/wp-content\/uploads\/2023\/12\/1.-Photo-Credit_Mariusz-Cieszewski-MSZ_Flickr-1155x770.jpg 1155w, https:\/\/exaudi.org\/wp-content\/uploads\/2023\/12\/1.-Photo-Credit_Mariusz-Cieszewski-MSZ_Flickr-370x247.jpg 370w, https:\/\/exaudi.org\/wp-content\/uploads\/2023\/12\/1.-Photo-Credit_Mariusz-Cieszewski-MSZ_Flickr-293x195.jpg 293w, https:\/\/exaudi.org\/wp-content\/uploads\/2023\/12\/1.-Photo-Credit_Mariusz-Cieszewski-MSZ_Flickr-1400x934.jpg 1400w, https:\/\/exaudi.org\/wp-content\/uploads\/2023\/12\/1.-Photo-Credit_Mariusz-Cieszewski-MSZ_Flickr-120x80.jpg 120w, https:\/\/exaudi.org\/wp-content\/uploads\/2023\/12\/1.-Photo-Credit_Mariusz-Cieszewski-MSZ_Flickr-240x160.jpg 240w, https:\/\/exaudi.org\/wp-content\/uploads\/2023\/12\/1.-Photo-Credit_Mariusz-Cieszewski-MSZ_Flickr-390x260.jpg 390w\" sizes=\"auto, (max-width: 2560px) 100vw, 2560px\" \/>A menudo se representa aqu\u00ed a la Sagrada Familia rodeada de m\u00fasicos vestidos con trajes tradicionales de Cracovia y, adem\u00e1s de \u00e1ngeles, pastores y animales, tambi\u00e9n se puede ver, por ejemplo, un Lajkonik [Se le representa como un hombre barbudo parecido a un t\u00e1rtaro con un caracter\u00edstico sombrero puntiagudo, vestido con ropas mongoles, con un caballo de madera alrededor de su cintura]. Los autores de los belenes sit\u00faan a todos estos personajes en el contexto de fant\u00e1sticos edificios inspirados en Cracovia y su arquitectura. Caracter\u00edsticas de los belenes de Cracovia son las alt\u00edsimas torres g\u00f3ticas. Al admirar estas obras, a menudo tambi\u00e9n podemos reconocer elementos de los monumentos de Cracovia, como la c\u00fapula de la Capilla de Segismundo en Wawel o la torre de la Iglesia de Santa Mar\u00eda.<\/p>\n<p>Este a\u00f1o se presentaron al concurso 229 belenes. Como cada a\u00f1o, los autores de las obras las presentaron el primer jueves de diciembre en la plaza del mercado de Cracovia, en las escaleras frente al monumento a Adam Mickiewicz. Luego, en una procesi\u00f3n tradicional, los belenes fueron llevados al Palacio Krzysztofory, donde fueron evaluados por el jurado del concurso. La lista de las obras premiadas y sus fotograf\u00edas se puede consultar en el perfil del Museo de Cracovia, que es el organizador del concurso.<\/p>\n<p>Los belenes de Cracovia tambi\u00e9n se pueden admirar mientras se pasea por la ciudad. Este a\u00f1o se expusieron casi 40 belenes en el espacio urbano de Cracovia en el marco de la campa\u00f1a \u00abPor el bel\u00e9n. Un paseo por Cracovia\u00bb. Puedes buscarlos en los escaparates de tiendas, hoteles, restaurantes y centros comerciales, pero tambi\u00e9n en vitrinas independientes. Entre ellas se encuentran las obras premiadas en el Concurso de Belenes de Cracovia en a\u00f1os anteriores. Un andador especial, una aplicaci\u00f3n preparada por los organizadores de la campa\u00f1a, puede ayudarle a encontrarlos. Puedes descargarlo <a href=\"https:\/\/kbf.krakow.pl\/aktywnosci-articles\/wokol-szopki-spacerem-po-krakowie\/\" target=\"_blank\" rel=\"noopener\">aqu\u00ed<\/a>.<\/p>\n","protected":false},"excerpt":{"rendered":"<p>El jurado del concurso premi\u00f3 60 obras en seis categor\u00edas. A partir de ma\u00f1ana los belenes premiados podr\u00e1n admirarse en la exposici\u00f3n en el Palacio Krzysztofory de Cracovia.81<\/p>\n","protected":false},"author":15,"featured_media":90075,"comment_status":"closed","ping_status":"closed","sticky":false,"template":"","format":"standard","meta":{"_acf_changed":false,"_crdt_document":"","inline_featured_image":false,"footnotes":""},"categories":[74],"tags":[11491,11490,11492],"class_list":["post-90074","post","type-post","status-publish","format-standard","has-post-thumbnail","hentry","category-iglesia-y-mundo","tag-concurso-de-belenes","tag-cracovia","tag-palacio-krzysztofory"],"acf":[],"yoast_head":"<!-- This site is optimized with the Yoast SEO plugin v27.5 - https:\/\/yoast.com\/product\/yoast-seo-wordpress\/ -->\n<title>Concurso de Belenes de Cracovia &#8211; Exaudi<\/title>\n<meta name=\"robots\" content=\"index, follow, max-snippet:-1, max-image-preview:large, max-video-preview:-1\" \/>\n<link rel=\"canonical\" href=\"https:\/\/exaudi.org\/es\/concurso-de-belenes-de-cracovia\/\" \/>\n<meta property=\"og:locale\" content=\"es_ES\" \/>\n<meta property=\"og:type\" content=\"article\" \/>\n<meta property=\"og:title\" content=\"Concurso de Belenes de Cracovia &#8211; Exaudi\" \/>\n<meta property=\"og:description\" content=\"El jurado del concurso premi\u00f3 60 obras en seis categor\u00edas. A partir de ma\u00f1ana los belenes premiados podr\u00e1n admirarse en la exposici\u00f3n en el Palacio Krzysztofory de Cracovia.81\" \/>\n<meta property=\"og:url\" content=\"https:\/\/exaudi.org\/es\/concurso-de-belenes-de-cracovia\/\" \/>\n<meta property=\"og:site_name\" content=\"Exaudi\" \/>\n<meta property=\"article:publisher\" content=\"https:\/\/www.facebook.com\/ExaudiNews\" \/>\n<meta property=\"article:author\" content=\"https:\/\/www.facebook.com\/ExaudiNoticias\/\" \/>\n<meta property=\"article:published_time\" content=\"2023-12-11T17:43:25+00:00\" \/>\n<meta property=\"article:modified_time\" content=\"2023-12-11T17:45:44+00:00\" \/>\n<meta property=\"og:image\" content=\"https:\/\/exaudi.org\/wp-content\/uploads\/2023\/12\/2.-Photo-Credit_Mariusz-Cieszewski-MSZ_Flickr-scaled.jpg\" \/>\n\t<meta property=\"og:image:width\" content=\"2560\" \/>\n\t<meta property=\"og:image:height\" content=\"1707\" \/>\n\t<meta property=\"og:image:type\" content=\"image\/jpeg\" \/>\n<meta name=\"author\" content=\"Exaudi Redacci\u00f3n\" \/>\n<meta name=\"twitter:card\" content=\"summary_large_image\" \/>\n<meta name=\"twitter:creator\" content=\"@Exaudi_noticias\" \/>\n<meta name=\"twitter:site\" content=\"@Exaudi_News\" \/>\n<meta name=\"twitter:label1\" content=\"Escrito por\" \/>\n\t<meta name=\"twitter:data1\" content=\"Exaudi Redacci\u00f3n\" \/>\n\t<meta name=\"twitter:label2\" content=\"Tiempo de lectura\" \/>\n\t<meta name=\"twitter:data2\" content=\"2 minutos\" \/>\n<script type=\"application\/ld+json\" class=\"yoast-schema-graph\">{\"@context\":\"https:\\\/\\\/schema.org\",\"@graph\":[{\"@type\":\"Article\",\"@id\":\"https:\\\/\\\/exaudi.org\\\/es\\\/concurso-de-belenes-de-cracovia\\\/#article\",\"isPartOf\":{\"@id\":\"https:\\\/\\\/exaudi.org\\\/es\\\/concurso-de-belenes-de-cracovia\\\/\"},\"author\":{\"name\":\"Exaudi Redacci\u00f3n\",\"@id\":\"https:\\\/\\\/exaudi.org\\\/#\\\/schema\\\/person\\\/f5fc8f063065e38742da7afe15f25df7\"},\"headline\":\"Concurso de Belenes de Cracovia\",\"datePublished\":\"2023-12-11T17:43:25+00:00\",\"dateModified\":\"2023-12-11T17:45:44+00:00\",\"mainEntityOfPage\":{\"@id\":\"https:\\\/\\\/exaudi.org\\\/es\\\/concurso-de-belenes-de-cracovia\\\/\"},\"wordCount\":395,\"image\":{\"@id\":\"https:\\\/\\\/exaudi.org\\\/es\\\/concurso-de-belenes-de-cracovia\\\/#primaryimage\"},\"thumbnailUrl\":\"https:\\\/\\\/exaudi.org\\\/wp-content\\\/uploads\\\/2023\\\/12\\\/2.-Photo-Credit_Mariusz-Cieszewski-MSZ_Flickr-scaled.jpg\",\"keywords\":[\"Concurso de Belenes\",\"Cracovia\",\"Palacio Krzysztofory\"],\"articleSection\":[\"Iglesia y Mundo\"],\"inLanguage\":\"es\"},{\"@type\":\"WebPage\",\"@id\":\"https:\\\/\\\/exaudi.org\\\/es\\\/concurso-de-belenes-de-cracovia\\\/\",\"url\":\"https:\\\/\\\/exaudi.org\\\/es\\\/concurso-de-belenes-de-cracovia\\\/\",\"name\":\"Concurso de Belenes de Cracovia &#8211; Exaudi\",\"isPartOf\":{\"@id\":\"https:\\\/\\\/exaudi.org\\\/#website\"},\"primaryImageOfPage\":{\"@id\":\"https:\\\/\\\/exaudi.org\\\/es\\\/concurso-de-belenes-de-cracovia\\\/#primaryimage\"},\"image\":{\"@id\":\"https:\\\/\\\/exaudi.org\\\/es\\\/concurso-de-belenes-de-cracovia\\\/#primaryimage\"},\"thumbnailUrl\":\"https:\\\/\\\/exaudi.org\\\/wp-content\\\/uploads\\\/2023\\\/12\\\/2.-Photo-Credit_Mariusz-Cieszewski-MSZ_Flickr-scaled.jpg\",\"datePublished\":\"2023-12-11T17:43:25+00:00\",\"dateModified\":\"2023-12-11T17:45:44+00:00\",\"author\":{\"@id\":\"https:\\\/\\\/exaudi.org\\\/#\\\/schema\\\/person\\\/f5fc8f063065e38742da7afe15f25df7\"},\"breadcrumb\":{\"@id\":\"https:\\\/\\\/exaudi.org\\\/es\\\/concurso-de-belenes-de-cracovia\\\/#breadcrumb\"},\"inLanguage\":\"es\",\"potentialAction\":[{\"@type\":\"ReadAction\",\"target\":[\"https:\\\/\\\/exaudi.org\\\/es\\\/concurso-de-belenes-de-cracovia\\\/\"]}]},{\"@type\":\"ImageObject\",\"inLanguage\":\"es\",\"@id\":\"https:\\\/\\\/exaudi.org\\\/es\\\/concurso-de-belenes-de-cracovia\\\/#primaryimage\",\"url\":\"https:\\\/\\\/exaudi.org\\\/wp-content\\\/uploads\\\/2023\\\/12\\\/2.-Photo-Credit_Mariusz-Cieszewski-MSZ_Flickr-scaled.jpg\",\"contentUrl\":\"https:\\\/\\\/exaudi.org\\\/wp-content\\\/uploads\\\/2023\\\/12\\\/2.-Photo-Credit_Mariusz-Cieszewski-MSZ_Flickr-scaled.jpg\",\"width\":2560,\"height\":1707},{\"@type\":\"BreadcrumbList\",\"@id\":\"https:\\\/\\\/exaudi.org\\\/es\\\/concurso-de-belenes-de-cracovia\\\/#breadcrumb\",\"itemListElement\":[{\"@type\":\"ListItem\",\"position\":1,\"name\":\"Portada\",\"item\":\"https:\\\/\\\/exaudi.org\\\/es\\\/\"},{\"@type\":\"ListItem\",\"position\":2,\"name\":\"Concurso de Belenes de Cracovia\"}]},{\"@type\":\"WebSite\",\"@id\":\"https:\\\/\\\/exaudi.org\\\/#website\",\"url\":\"https:\\\/\\\/exaudi.org\\\/\",\"name\":\"Exaudi\",\"description\":\"News\",\"potentialAction\":[{\"@type\":\"SearchAction\",\"target\":{\"@type\":\"EntryPoint\",\"urlTemplate\":\"https:\\\/\\\/exaudi.org\\\/?s={search_term_string}\"},\"query-input\":{\"@type\":\"PropertyValueSpecification\",\"valueRequired\":true,\"valueName\":\"search_term_string\"}}],\"inLanguage\":\"es\"},{\"@type\":\"Person\",\"@id\":\"https:\\\/\\\/exaudi.org\\\/#\\\/schema\\\/person\\\/f5fc8f063065e38742da7afe15f25df7\",\"name\":\"Exaudi Redacci\u00f3n\",\"image\":{\"@type\":\"ImageObject\",\"inLanguage\":\"es\",\"@id\":\"https:\\\/\\\/secure.gravatar.com\\\/avatar\\\/fe0f6a059fb68d9b3e11bc5850dd4899b1c7492091a3cb6dd9b01b56ad828be2?s=96&d=mm&r=g\",\"url\":\"https:\\\/\\\/secure.gravatar.com\\\/avatar\\\/fe0f6a059fb68d9b3e11bc5850dd4899b1c7492091a3cb6dd9b01b56ad828be2?s=96&d=mm&r=g\",\"contentUrl\":\"https:\\\/\\\/secure.gravatar.com\\\/avatar\\\/fe0f6a059fb68d9b3e11bc5850dd4899b1c7492091a3cb6dd9b01b56ad828be2?s=96&d=mm&r=g\",\"caption\":\"Exaudi Redacci\u00f3n\"},\"description\":\"\u00bfQu\u00e9 es Exaudi News? Exaudi News es un medio de comunicaci\u00f3n cat\u00f3lico internacional que informa, forma y transforma, diariamente en espa\u00f1ol, ingl\u00e9s e italiano. A trav\u00e9s de noticias, art\u00edculos de an\u00e1lisis y transmisiones en directo de los eventos del Papa, Exaudi busca fortalecer la unidad de los cristianos y contribuir a la evangelizaci\u00f3n del mundo, siempre guiados por la doctrina social de la Iglesia. Trabajamos para acercar la verdad y los valores cristianos a cada rinc\u00f3n del planeta. \u00a1Ay\u00fadanos a transformar el mundo con Exaudi! En Exaudi creemos que la evangelizaci\u00f3n y la informaci\u00f3n de calidad pueden cambiar vidas. Para continuar con nuestra misi\u00f3n y expandir nuestro alcance, necesitamos tu ayuda. Adem\u00e1s, buscamos personas comprometidas que deseen unirse a nuestro equipo. Con tu apoyo, lograremos llegar a m\u00e1s personas, difundir el mensaje de Cristo y reforzar la unidad de los cristianos. \u00bfTe unes a nuestra misi\u00f3n? Para m\u00e1s informaci\u00f3n sobre c\u00f3mo colaborar, visita Exaudi.org\\\/es o cont\u00e1ctanos directamente: info@exaudi.org Exaudi: Informa, forma y transforma.\",\"sameAs\":[\"https:\\\/\\\/www.facebook.com\\\/ExaudiNoticias\\\/\",\"https:\\\/\\\/www.instagram.com\\\/exaudi_noticias\\\/\",\"https:\\\/\\\/x.com\\\/Exaudi_noticias\",\"https:\\\/\\\/www.youtube.com\\\/@exaudicatholicnews\"],\"url\":\"https:\\\/\\\/exaudi.org\\\/es\\\/author\\\/redaccionexaudi\\\/\"}]}<\/script>\n<!-- \/ Yoast SEO plugin. -->","yoast_head_json":{"title":"Concurso de Belenes de Cracovia &#8211; Exaudi","robots":{"index":"index","follow":"follow","max-snippet":"max-snippet:-1","max-image-preview":"max-image-preview:large","max-video-preview":"max-video-preview:-1"},"canonical":"https:\/\/exaudi.org\/es\/concurso-de-belenes-de-cracovia\/","og_locale":"es_ES","og_type":"article","og_title":"Concurso de Belenes de Cracovia &#8211; Exaudi","og_description":"El jurado del concurso premi\u00f3 60 obras en seis categor\u00edas. A partir de ma\u00f1ana los belenes premiados podr\u00e1n admirarse en la exposici\u00f3n en el Palacio Krzysztofory de Cracovia.81","og_url":"https:\/\/exaudi.org\/es\/concurso-de-belenes-de-cracovia\/","og_site_name":"Exaudi","article_publisher":"https:\/\/www.facebook.com\/ExaudiNews","article_author":"https:\/\/www.facebook.com\/ExaudiNoticias\/","article_published_time":"2023-12-11T17:43:25+00:00","article_modified_time":"2023-12-11T17:45:44+00:00","og_image":[{"width":2560,"height":1707,"url":"https:\/\/exaudi.org\/wp-content\/uploads\/2023\/12\/2.-Photo-Credit_Mariusz-Cieszewski-MSZ_Flickr-scaled.jpg","type":"image\/jpeg"}],"author":"Exaudi Redacci\u00f3n","twitter_card":"summary_large_image","twitter_creator":"@Exaudi_noticias","twitter_site":"@Exaudi_News","twitter_misc":{"Escrito por":"Exaudi Redacci\u00f3n","Tiempo de lectura":"2 minutos"},"schema":{"@context":"https:\/\/schema.org","@graph":[{"@type":"Article","@id":"https:\/\/exaudi.org\/es\/concurso-de-belenes-de-cracovia\/#article","isPartOf":{"@id":"https:\/\/exaudi.org\/es\/concurso-de-belenes-de-cracovia\/"},"author":{"name":"Exaudi Redacci\u00f3n","@id":"https:\/\/exaudi.org\/#\/schema\/person\/f5fc8f063065e38742da7afe15f25df7"},"headline":"Concurso de Belenes de Cracovia","datePublished":"2023-12-11T17:43:25+00:00","dateModified":"2023-12-11T17:45:44+00:00","mainEntityOfPage":{"@id":"https:\/\/exaudi.org\/es\/concurso-de-belenes-de-cracovia\/"},"wordCount":395,"image":{"@id":"https:\/\/exaudi.org\/es\/concurso-de-belenes-de-cracovia\/#primaryimage"},"thumbnailUrl":"https:\/\/exaudi.org\/wp-content\/uploads\/2023\/12\/2.-Photo-Credit_Mariusz-Cieszewski-MSZ_Flickr-scaled.jpg","keywords":["Concurso de Belenes","Cracovia","Palacio Krzysztofory"],"articleSection":["Iglesia y Mundo"],"inLanguage":"es"},{"@type":"WebPage","@id":"https:\/\/exaudi.org\/es\/concurso-de-belenes-de-cracovia\/","url":"https:\/\/exaudi.org\/es\/concurso-de-belenes-de-cracovia\/","name":"Concurso de Belenes de Cracovia &#8211; Exaudi","isPartOf":{"@id":"https:\/\/exaudi.org\/#website"},"primaryImageOfPage":{"@id":"https:\/\/exaudi.org\/es\/concurso-de-belenes-de-cracovia\/#primaryimage"},"image":{"@id":"https:\/\/exaudi.org\/es\/concurso-de-belenes-de-cracovia\/#primaryimage"},"thumbnailUrl":"https:\/\/exaudi.org\/wp-content\/uploads\/2023\/12\/2.-Photo-Credit_Mariusz-Cieszewski-MSZ_Flickr-scaled.jpg","datePublished":"2023-12-11T17:43:25+00:00","dateModified":"2023-12-11T17:45:44+00:00","author":{"@id":"https:\/\/exaudi.org\/#\/schema\/person\/f5fc8f063065e38742da7afe15f25df7"},"breadcrumb":{"@id":"https:\/\/exaudi.org\/es\/concurso-de-belenes-de-cracovia\/#breadcrumb"},"inLanguage":"es","potentialAction":[{"@type":"ReadAction","target":["https:\/\/exaudi.org\/es\/concurso-de-belenes-de-cracovia\/"]}]},{"@type":"ImageObject","inLanguage":"es","@id":"https:\/\/exaudi.org\/es\/concurso-de-belenes-de-cracovia\/#primaryimage","url":"https:\/\/exaudi.org\/wp-content\/uploads\/2023\/12\/2.-Photo-Credit_Mariusz-Cieszewski-MSZ_Flickr-scaled.jpg","contentUrl":"https:\/\/exaudi.org\/wp-content\/uploads\/2023\/12\/2.-Photo-Credit_Mariusz-Cieszewski-MSZ_Flickr-scaled.jpg","width":2560,"height":1707},{"@type":"BreadcrumbList","@id":"https:\/\/exaudi.org\/es\/concurso-de-belenes-de-cracovia\/#breadcrumb","itemListElement":[{"@type":"ListItem","position":1,"name":"Portada","item":"https:\/\/exaudi.org\/es\/"},{"@type":"ListItem","position":2,"name":"Concurso de Belenes de Cracovia"}]},{"@type":"WebSite","@id":"https:\/\/exaudi.org\/#website","url":"https:\/\/exaudi.org\/","name":"Exaudi","description":"News","potentialAction":[{"@type":"SearchAction","target":{"@type":"EntryPoint","urlTemplate":"https:\/\/exaudi.org\/?s={search_term_string}"},"query-input":{"@type":"PropertyValueSpecification","valueRequired":true,"valueName":"search_term_string"}}],"inLanguage":"es"},{"@type":"Person","@id":"https:\/\/exaudi.org\/#\/schema\/person\/f5fc8f063065e38742da7afe15f25df7","name":"Exaudi Redacci\u00f3n","image":{"@type":"ImageObject","inLanguage":"es","@id":"https:\/\/secure.gravatar.com\/avatar\/fe0f6a059fb68d9b3e11bc5850dd4899b1c7492091a3cb6dd9b01b56ad828be2?s=96&d=mm&r=g","url":"https:\/\/secure.gravatar.com\/avatar\/fe0f6a059fb68d9b3e11bc5850dd4899b1c7492091a3cb6dd9b01b56ad828be2?s=96&d=mm&r=g","contentUrl":"https:\/\/secure.gravatar.com\/avatar\/fe0f6a059fb68d9b3e11bc5850dd4899b1c7492091a3cb6dd9b01b56ad828be2?s=96&d=mm&r=g","caption":"Exaudi Redacci\u00f3n"},"description":"\u00bfQu\u00e9 es Exaudi News? Exaudi News es un medio de comunicaci\u00f3n cat\u00f3lico internacional que informa, forma y transforma, diariamente en espa\u00f1ol, ingl\u00e9s e italiano. A trav\u00e9s de noticias, art\u00edculos de an\u00e1lisis y transmisiones en directo de los eventos del Papa, Exaudi busca fortalecer la unidad de los cristianos y contribuir a la evangelizaci\u00f3n del mundo, siempre guiados por la doctrina social de la Iglesia. Trabajamos para acercar la verdad y los valores cristianos a cada rinc\u00f3n del planeta. \u00a1Ay\u00fadanos a transformar el mundo con Exaudi! En Exaudi creemos que la evangelizaci\u00f3n y la informaci\u00f3n de calidad pueden cambiar vidas. Para continuar con nuestra misi\u00f3n y expandir nuestro alcance, necesitamos tu ayuda. Adem\u00e1s, buscamos personas comprometidas que deseen unirse a nuestro equipo. Con tu apoyo, lograremos llegar a m\u00e1s personas, difundir el mensaje de Cristo y reforzar la unidad de los cristianos. \u00bfTe unes a nuestra misi\u00f3n? Para m\u00e1s informaci\u00f3n sobre c\u00f3mo colaborar, visita Exaudi.org\/es o cont\u00e1ctanos directamente: info@exaudi.org Exaudi: Informa, forma y transforma.","sameAs":["https:\/\/www.facebook.com\/ExaudiNoticias\/","https:\/\/www.instagram.com\/exaudi_noticias\/","https:\/\/x.com\/Exaudi_noticias","https:\/\/www.youtube.com\/@exaudicatholicnews"],"url":"https:\/\/exaudi.org\/es\/author\/redaccionexaudi\/"}]}},"jetpack_featured_media_url":"https:\/\/exaudi.org\/wp-content\/uploads\/2023\/12\/2.-Photo-Credit_Mariusz-Cieszewski-MSZ_Flickr-scaled.jpg","jetpack_shortlink":"https:\/\/wp.me\/pgKjF2-nqO","_links":{"self":[{"href":"https:\/\/exaudi.org\/es\/wp-json\/wp\/v2\/posts\/90074","targetHints":{"allow":["GET"]}}],"collection":[{"href":"https:\/\/exaudi.org\/es\/wp-json\/wp\/v2\/posts"}],"about":[{"href":"https:\/\/exaudi.org\/es\/wp-json\/wp\/v2\/types\/post"}],"author":[{"embeddable":true,"href":"https:\/\/exaudi.org\/es\/wp-json\/wp\/v2\/users\/15"}],"replies":[{"embeddable":true,"href":"https:\/\/exaudi.org\/es\/wp-json\/wp\/v2\/comments?post=90074"}],"version-history":[{"count":0,"href":"https:\/\/exaudi.org\/es\/wp-json\/wp\/v2\/posts\/90074\/revisions"}],"wp:featuredmedia":[{"embeddable":true,"href":"https:\/\/exaudi.org\/es\/wp-json\/wp\/v2\/media\/90075"}],"wp:attachment":[{"href":"https:\/\/exaudi.org\/es\/wp-json\/wp\/v2\/media?parent=90074"}],"wp:term":[{"taxonomy":"category","embeddable":true,"href":"https:\/\/exaudi.org\/es\/wp-json\/wp\/v2\/categories?post=90074"},{"taxonomy":"post_tag","embeddable":true,"href":"https:\/\/exaudi.org\/es\/wp-json\/wp\/v2\/tags?post=90074"}],"curies":[{"name":"wp","href":"https:\/\/api.w.org\/{rel}","templated":true}]}}