{"id":90053,"date":"2023-12-12T09:30:11","date_gmt":"2023-12-12T08:30:11","guid":{"rendered":"https:\/\/exaudi.org\/?p=90053"},"modified":"2023-12-12T09:31:34","modified_gmt":"2023-12-12T08:31:34","slug":"no-hay-peor-prision-que-un-corazon-cerrado","status":"publish","type":"post","link":"https:\/\/exaudi.org\/es\/no-hay-peor-prision-que-un-corazon-cerrado\/","title":{"rendered":"No hay peor prisi\u00f3n que un coraz\u00f3n cerrado"},"content":{"rendered":"<audio class=\"wp-audio-shortcode\" id=\"audio-90053-1\" preload=\"none\" style=\"width: 100%;\" controls=\"controls\"><source type=\"audio\/mpeg\" src=\"https:\/\/exaudi.org\/wp-content\/uploads\/2023\/12\/No-hay-peor-prision-que-un-corazon-cerrado.mp3?_=1\" \/><a href=\"https:\/\/exaudi.org\/wp-content\/uploads\/2023\/12\/No-hay-peor-prision-que-un-corazon-cerrado.mp3\">https:\/\/exaudi.org\/wp-content\/uploads\/2023\/12\/No-hay-peor-prision-que-un-corazon-cerrado.mp3<\/a><\/audio>\n<p>Esta frase de San Juan Pablo II resuena en m\u00ed desde que la descubr\u00ed, el pasado 25 de octubre, d\u00eda de su fiesta. Me lleg\u00f3 por alg\u00fan sitio y desde entonces pienso mucho en ello. Es curioso c\u00f3mo los santos pueden interpelarte desde el cielo y llegar directamente a tu coraz\u00f3n. Bueno, m\u00e1s que curioso, dir\u00eda asombroso \u00bfno crees?<\/p>\n<p>En estos tiempos en que la libertad se basa entre otras cosas en no tener v\u00ednculos y en ser super independientes y aut\u00f3nomos, no necesitados de los otros para nada, esta frase es de lo m\u00e1s actual.<\/p>\n<p>Con bastante respeto a la figura de San Juan Pablo II y sabiendo que me voy a quedar muy corta y superficial, me gustar\u00eda reflexionar sobre ello.<\/p>\n<p>La persona es (somos) un don, un regalo, creado por amor y para el amor. Un amor que se materializa en la relaci\u00f3n y entrega al otro. Somos seres relacionales, hechos para darnos y para el encuentro con el otro. Necesitados de ese otro.\u00a0 Y es que no hay un \u201cyo\u201d sin un \u201ct\u00fa\u201d.<\/p>\n<p>Por tanto, somos seres vinculados que necesitamos de esos v\u00ednculos y ah\u00ed, en esa vinculaci\u00f3n libre, elegida, est\u00e1 la libertad. Porque ser libre es tener que elegir.<\/p>\n<p>Hoy la sociedad nos dice que si queremos ser libres, debemos ser independientes y aut\u00f3nomos y no necesitar de nadie. La autorrealizaci\u00f3n es posible y se basa, a su vez, en una actitud autorreferencial donde lo que cuenta es mi bienestar y lo que yo siento. Ese \u201cyo\u201d narcisista que se busca solo a s\u00ed mismo y su placer m\u00e1s inmediato. Es la idolatr\u00eda del yo.<\/p>\n<p>Esta desvinculaci\u00f3n del t\u00fa es contra natura y nos hace endurecer un coraz\u00f3n hecho para amar y para el encuentro y, por tanto, abierto a los dem\u00e1s y a la realidad.<\/p>\n<p>De ah\u00ed viene lo que estamos viviendo actualmente en nuestra sociedad y es \u00bfQui\u00e9n se va a lanzar a formar una familia? \u00bfQui\u00e9n se va a arriesgar al \u201cs\u00ed quiero\u201d para toda una vida? El matrimonio y la familia chocan directamente con este coraz\u00f3n endurecido y cerrado.<\/p>\n<p>\u00bfQu\u00e9 significa cerrar el coraz\u00f3n? Sencillamente, vivir desde el yo. Es centrarme en mi independencia y autosuficiencia. Es vivir a merced de mis deseos m\u00e1s inmediatos y con una sed que nunca podr\u00e9 saciar. Es no estar abierto a mi vulnerabilidad y limitaci\u00f3n. Es estar vac\u00edo.<\/p>\n<p>Y la consecuencia ser\u00e1 el intentar llenar ese vac\u00edo de muchas cosas materiales. De muchas falsas apariencias; de muchas m\u00e1scaras que pondr\u00e9 para parecer la persona m\u00e1s feliz y exitosa del mundo, pero <strong>podemos empe\u00f1arnos en intentar llenar un saco roto que \u00e9ste nunca se llenar\u00e1<\/strong>.<\/p>\n<p>Para m\u00ed, ese saco roto es la persona que tiene el coraz\u00f3n cerrado. Es esa persona que, por el motivo que sea, vive de espaldas a su naturaleza, a ese estar hecho para la comuni\u00f3n con otros. Somos seres individuales, \u00fanicos e irrepetibles, pero a la vez comunitarios, hechos para el encuentro con los dem\u00e1s y con un Otro. Y es que otra de las consecuencias de este coraz\u00f3n cerrado es la imposibilidad de alzar la mirada. Es el letargo vital que adormece la capacidad de trascender de la persona y de mirar m\u00e1s all\u00e1, y que te imposibilita para encuentro con Dios, tu padre y creador.<\/p>\n<p>Si t\u00fa como individuo todo lo puedes y puedes darte la felicidad a ti mismo \u00bfPara qu\u00e9 necesitas alzar la mirada?<\/p>\n<p>Podemos intentar llenar nuestra vida de \u00e9xitos, de palmaditas en la espalda de otros, de reconocimientos, de dinero, de cosas materiales, de placeres superfluos\u2026. pero siempre estaremos vac\u00edos. <strong>El saco no se llenar\u00e1 nunca. La sed no se saciar\u00e1.<\/strong><\/p>\n<p>Estos d\u00edas hemos asistido a un ejemplo vivo y actual de este vac\u00edo existencial. Y es que no hay nada como un testigo \u201ccon patas\u201d. Me refiero a Daddy Yankee. Un cantante puertorrique\u00f1o bastante conocido que, en su \u00faltimo concierto ante miles de personas, ha hecho unas declaraciones que a muchos nos ha dejado con la boca abierta:<\/p>\n<p>\u201c<strong>Alguien pudo llevar ese vac\u00edo que sent\u00eda por mucho tiempo<\/strong>\u2026\u2026 pude recorrer el mundo durante a\u00f1os, ganar muchos premios, aplausos y elogios, pero me di cuenta de algo que dice la Biblia \u00bfDe qu\u00e9 le vale al hombre ganar el mundo entero si pierde su alma?\u00a0 Por eso, esta noche, reconozco y no me averg\u00fcenzo en decirle al mundo enero que Jes\u00fas vive en m\u00ed y que yo vivir\u00e9 para \u00c9l\u201d<\/p>\n<p>Si no lo has visto, te recomiendo que le busques en redes y le escuches. No hay nada como un testimonio encarnado.<\/p>\n<p>Una vida llena no es una vida perfecta. Una vida llena es una vida compartida y entregada al Amor y al servicio a los dem\u00e1s. Una vida vivida en el hoy haciendo lo posible hoy, poniendo al servicio de la sociedad esos talentos recibidos para hacer de este mundo un lugar mejor.<\/p>\n<p>Una vida llena es disponerte a abrir tu coraz\u00f3n a los dem\u00e1s, darles paso y que te puedan hacer da\u00f1o.\u00a0 Es saber que eres vulnerable y limitado y vivirte as\u00ed, pero sabiendo que eres muy bello y valioso porque tu vida tiene un sentido.<\/p>\n<p><em><strong><a href=\"https:\/\/open.spotify.com\/episode\/4vwA5u2heTR7Nydg6e2C66?si=7ddbde87725f4199\" target=\"_blank\" rel=\"noopener\">Spotify<\/a><\/strong><\/em><\/p>\n","protected":false},"excerpt":{"rendered":"<p>Una vida llena es disponerte a abrir tu coraz\u00f3n a los dem\u00e1s<\/p>\n","protected":false},"author":129,"featured_media":90054,"comment_status":"closed","ping_status":"closed","sticky":false,"template":"","format":"standard","meta":{"_acf_changed":false,"_crdt_document":"","inline_featured_image":false,"footnotes":""},"categories":[130],"tags":[1761,3346,7721,617,1542,7487,1222,4953],"class_list":["post-90053","post","type-post","status-publish","format-standard","has-post-thumbnail","hentry","category-voces","tag-amor","tag-corazon","tag-don","tag-familia","tag-libertad","tag-libre","tag-san-juan-pablo-ii","tag-trending-es"],"acf":[],"yoast_head":"<!-- This site is optimized with the Yoast SEO plugin v27.4 - https:\/\/yoast.com\/product\/yoast-seo-wordpress\/ -->\n<title>No hay peor prisi\u00f3n que un coraz\u00f3n cerrado &#8211; Exaudi<\/title>\n<meta name=\"robots\" content=\"index, follow, max-snippet:-1, max-image-preview:large, max-video-preview:-1\" \/>\n<link rel=\"canonical\" href=\"https:\/\/exaudi.org\/es\/no-hay-peor-prision-que-un-corazon-cerrado\/\" \/>\n<meta property=\"og:locale\" content=\"es_ES\" \/>\n<meta property=\"og:type\" content=\"article\" \/>\n<meta property=\"og:title\" content=\"No hay peor prisi\u00f3n que un coraz\u00f3n cerrado &#8211; Exaudi\" \/>\n<meta property=\"og:description\" content=\"Una vida llena es disponerte a abrir tu coraz\u00f3n a los dem\u00e1s\" \/>\n<meta property=\"og:url\" content=\"https:\/\/exaudi.org\/es\/no-hay-peor-prision-que-un-corazon-cerrado\/\" \/>\n<meta property=\"og:site_name\" content=\"Exaudi\" \/>\n<meta property=\"article:publisher\" content=\"https:\/\/www.facebook.com\/ExaudiNews\" \/>\n<meta property=\"article:published_time\" content=\"2023-12-12T08:30:11+00:00\" \/>\n<meta property=\"article:modified_time\" content=\"2023-12-12T08:31:34+00:00\" \/>\n<meta property=\"og:image\" content=\"https:\/\/exaudi.org\/wp-content\/uploads\/2023\/12\/pexels-daniel-kondrashin-14518291-scaled-e1702294375451.jpg\" \/>\n\t<meta property=\"og:image:width\" content=\"1706\" \/>\n\t<meta property=\"og:image:height\" content=\"1134\" \/>\n\t<meta property=\"og:image:type\" content=\"image\/jpeg\" \/>\n<meta name=\"author\" content=\"Marta Luquero\" \/>\n<meta name=\"twitter:card\" content=\"summary_large_image\" \/>\n<meta name=\"twitter:creator\" content=\"@Exaudi_News\" \/>\n<meta name=\"twitter:site\" content=\"@Exaudi_News\" \/>\n<meta name=\"twitter:label1\" content=\"Escrito por\" \/>\n\t<meta name=\"twitter:data1\" content=\"Marta Luquero\" \/>\n\t<meta name=\"twitter:label2\" content=\"Tiempo de lectura\" \/>\n\t<meta name=\"twitter:data2\" content=\"5 minutos\" \/>\n<script type=\"application\/ld+json\" class=\"yoast-schema-graph\">{\"@context\":\"https:\\\/\\\/schema.org\",\"@graph\":[{\"@type\":\"Article\",\"@id\":\"https:\\\/\\\/exaudi.org\\\/es\\\/no-hay-peor-prision-que-un-corazon-cerrado\\\/#article\",\"isPartOf\":{\"@id\":\"https:\\\/\\\/exaudi.org\\\/es\\\/no-hay-peor-prision-que-un-corazon-cerrado\\\/\"},\"author\":{\"name\":\"Marta Luquero\",\"@id\":\"https:\\\/\\\/exaudi.org\\\/#\\\/schema\\\/person\\\/593e679cdac2ac955cdf94fd77952021\"},\"headline\":\"No hay peor prisi\u00f3n que un coraz\u00f3n cerrado\",\"datePublished\":\"2023-12-12T08:30:11+00:00\",\"dateModified\":\"2023-12-12T08:31:34+00:00\",\"mainEntityOfPage\":{\"@id\":\"https:\\\/\\\/exaudi.org\\\/es\\\/no-hay-peor-prision-que-un-corazon-cerrado\\\/\"},\"wordCount\":923,\"image\":{\"@id\":\"https:\\\/\\\/exaudi.org\\\/es\\\/no-hay-peor-prision-que-un-corazon-cerrado\\\/#primaryimage\"},\"thumbnailUrl\":\"https:\\\/\\\/exaudi.org\\\/wp-content\\\/uploads\\\/2023\\\/12\\\/pexels-daniel-kondrashin-14518291-scaled-e1702294375451.jpg\",\"keywords\":[\"Amor\",\"Coraz\u00f3n\",\"Don\",\"Familia\",\"Libertad\",\"Libre\",\"San Juan Pablo II\",\"Trending\"],\"articleSection\":[\"Voces\"],\"inLanguage\":\"es\"},{\"@type\":\"WebPage\",\"@id\":\"https:\\\/\\\/exaudi.org\\\/es\\\/no-hay-peor-prision-que-un-corazon-cerrado\\\/\",\"url\":\"https:\\\/\\\/exaudi.org\\\/es\\\/no-hay-peor-prision-que-un-corazon-cerrado\\\/\",\"name\":\"No hay peor prisi\u00f3n que un coraz\u00f3n cerrado &#8211; Exaudi\",\"isPartOf\":{\"@id\":\"https:\\\/\\\/exaudi.org\\\/#website\"},\"primaryImageOfPage\":{\"@id\":\"https:\\\/\\\/exaudi.org\\\/es\\\/no-hay-peor-prision-que-un-corazon-cerrado\\\/#primaryimage\"},\"image\":{\"@id\":\"https:\\\/\\\/exaudi.org\\\/es\\\/no-hay-peor-prision-que-un-corazon-cerrado\\\/#primaryimage\"},\"thumbnailUrl\":\"https:\\\/\\\/exaudi.org\\\/wp-content\\\/uploads\\\/2023\\\/12\\\/pexels-daniel-kondrashin-14518291-scaled-e1702294375451.jpg\",\"datePublished\":\"2023-12-12T08:30:11+00:00\",\"dateModified\":\"2023-12-12T08:31:34+00:00\",\"author\":{\"@id\":\"https:\\\/\\\/exaudi.org\\\/#\\\/schema\\\/person\\\/593e679cdac2ac955cdf94fd77952021\"},\"breadcrumb\":{\"@id\":\"https:\\\/\\\/exaudi.org\\\/es\\\/no-hay-peor-prision-que-un-corazon-cerrado\\\/#breadcrumb\"},\"inLanguage\":\"es\",\"potentialAction\":[{\"@type\":\"ReadAction\",\"target\":[\"https:\\\/\\\/exaudi.org\\\/es\\\/no-hay-peor-prision-que-un-corazon-cerrado\\\/\"]}]},{\"@type\":\"ImageObject\",\"inLanguage\":\"es\",\"@id\":\"https:\\\/\\\/exaudi.org\\\/es\\\/no-hay-peor-prision-que-un-corazon-cerrado\\\/#primaryimage\",\"url\":\"https:\\\/\\\/exaudi.org\\\/wp-content\\\/uploads\\\/2023\\\/12\\\/pexels-daniel-kondrashin-14518291-scaled-e1702294375451.jpg\",\"contentUrl\":\"https:\\\/\\\/exaudi.org\\\/wp-content\\\/uploads\\\/2023\\\/12\\\/pexels-daniel-kondrashin-14518291-scaled-e1702294375451.jpg\",\"width\":1706,\"height\":1134},{\"@type\":\"BreadcrumbList\",\"@id\":\"https:\\\/\\\/exaudi.org\\\/es\\\/no-hay-peor-prision-que-un-corazon-cerrado\\\/#breadcrumb\",\"itemListElement\":[{\"@type\":\"ListItem\",\"position\":1,\"name\":\"Portada\",\"item\":\"https:\\\/\\\/exaudi.org\\\/es\\\/\"},{\"@type\":\"ListItem\",\"position\":2,\"name\":\"No hay peor prisi\u00f3n que un coraz\u00f3n cerrado\"}]},{\"@type\":\"WebSite\",\"@id\":\"https:\\\/\\\/exaudi.org\\\/#website\",\"url\":\"https:\\\/\\\/exaudi.org\\\/\",\"name\":\"Exaudi\",\"description\":\"News\",\"potentialAction\":[{\"@type\":\"SearchAction\",\"target\":{\"@type\":\"EntryPoint\",\"urlTemplate\":\"https:\\\/\\\/exaudi.org\\\/?s={search_term_string}\"},\"query-input\":{\"@type\":\"PropertyValueSpecification\",\"valueRequired\":true,\"valueName\":\"search_term_string\"}}],\"inLanguage\":\"es\"},{\"@type\":\"Person\",\"@id\":\"https:\\\/\\\/exaudi.org\\\/#\\\/schema\\\/person\\\/593e679cdac2ac955cdf94fd77952021\",\"name\":\"Marta Luquero\",\"image\":{\"@type\":\"ImageObject\",\"inLanguage\":\"es\",\"@id\":\"https:\\\/\\\/secure.gravatar.com\\\/avatar\\\/4d835dde3204f153d4491cc82848d12bcb03055a2dff4ded8a8746c59d626537?s=96&d=mm&r=g\",\"url\":\"https:\\\/\\\/secure.gravatar.com\\\/avatar\\\/4d835dde3204f153d4491cc82848d12bcb03055a2dff4ded8a8746c59d626537?s=96&d=mm&r=g\",\"contentUrl\":\"https:\\\/\\\/secure.gravatar.com\\\/avatar\\\/4d835dde3204f153d4491cc82848d12bcb03055a2dff4ded8a8746c59d626537?s=96&d=mm&r=g\",\"caption\":\"Marta Luquero\"},\"description\":\"@sencillamentemarta Nacida en Madrid, soy madre de dos hijos. Licenciada en Derecho por la Universidad Complutense de Madrid, actualmente estoy cursando un m\u00e1ster en Humanidades. Apasionada de las personas y de una buena conversaci\u00f3n, hace a\u00f1os mi vida dio un giro de 180 grados cuando comprend\u00ed e hice experiencia de la necesidad vital de acompa\u00f1ar y ser acompa\u00f1ada. Trabajo en el mundo acad\u00e9mico, en una universidad cat\u00f3lica acompa\u00f1ando a j\u00f3venes en su camino universitario donde cada d\u00eda hago m\u00eda la necesidad del arte de recomenzar, y donde he reconectado con lo que significa ser universitario y el valor que tienen las grandes preguntas. Cada d\u00eda pongo intenci\u00f3n en mirar la realidad con atenci\u00f3n para no solo ver y soy firme defensora de las peque\u00f1as cosas hechas con amor.\",\"sameAs\":[\"https:\\\/\\\/www.instagram.com\\\/sencillamentemarta\\\/\"],\"url\":\"https:\\\/\\\/exaudi.org\\\/es\\\/author\\\/marta-luquero\\\/\"}]}<\/script>\n<!-- \/ Yoast SEO plugin. -->","yoast_head_json":{"title":"No hay peor prisi\u00f3n que un coraz\u00f3n cerrado &#8211; Exaudi","robots":{"index":"index","follow":"follow","max-snippet":"max-snippet:-1","max-image-preview":"max-image-preview:large","max-video-preview":"max-video-preview:-1"},"canonical":"https:\/\/exaudi.org\/es\/no-hay-peor-prision-que-un-corazon-cerrado\/","og_locale":"es_ES","og_type":"article","og_title":"No hay peor prisi\u00f3n que un coraz\u00f3n cerrado &#8211; Exaudi","og_description":"Una vida llena es disponerte a abrir tu coraz\u00f3n a los dem\u00e1s","og_url":"https:\/\/exaudi.org\/es\/no-hay-peor-prision-que-un-corazon-cerrado\/","og_site_name":"Exaudi","article_publisher":"https:\/\/www.facebook.com\/ExaudiNews","article_published_time":"2023-12-12T08:30:11+00:00","article_modified_time":"2023-12-12T08:31:34+00:00","og_image":[{"width":1706,"height":1134,"url":"https:\/\/exaudi.org\/wp-content\/uploads\/2023\/12\/pexels-daniel-kondrashin-14518291-scaled-e1702294375451.jpg","type":"image\/jpeg"}],"author":"Marta Luquero","twitter_card":"summary_large_image","twitter_creator":"@Exaudi_News","twitter_site":"@Exaudi_News","twitter_misc":{"Escrito por":"Marta Luquero","Tiempo de lectura":"5 minutos"},"schema":{"@context":"https:\/\/schema.org","@graph":[{"@type":"Article","@id":"https:\/\/exaudi.org\/es\/no-hay-peor-prision-que-un-corazon-cerrado\/#article","isPartOf":{"@id":"https:\/\/exaudi.org\/es\/no-hay-peor-prision-que-un-corazon-cerrado\/"},"author":{"name":"Marta Luquero","@id":"https:\/\/exaudi.org\/#\/schema\/person\/593e679cdac2ac955cdf94fd77952021"},"headline":"No hay peor prisi\u00f3n que un coraz\u00f3n cerrado","datePublished":"2023-12-12T08:30:11+00:00","dateModified":"2023-12-12T08:31:34+00:00","mainEntityOfPage":{"@id":"https:\/\/exaudi.org\/es\/no-hay-peor-prision-que-un-corazon-cerrado\/"},"wordCount":923,"image":{"@id":"https:\/\/exaudi.org\/es\/no-hay-peor-prision-que-un-corazon-cerrado\/#primaryimage"},"thumbnailUrl":"https:\/\/exaudi.org\/wp-content\/uploads\/2023\/12\/pexels-daniel-kondrashin-14518291-scaled-e1702294375451.jpg","keywords":["Amor","Coraz\u00f3n","Don","Familia","Libertad","Libre","San Juan Pablo II","Trending"],"articleSection":["Voces"],"inLanguage":"es"},{"@type":"WebPage","@id":"https:\/\/exaudi.org\/es\/no-hay-peor-prision-que-un-corazon-cerrado\/","url":"https:\/\/exaudi.org\/es\/no-hay-peor-prision-que-un-corazon-cerrado\/","name":"No hay peor prisi\u00f3n que un coraz\u00f3n cerrado &#8211; Exaudi","isPartOf":{"@id":"https:\/\/exaudi.org\/#website"},"primaryImageOfPage":{"@id":"https:\/\/exaudi.org\/es\/no-hay-peor-prision-que-un-corazon-cerrado\/#primaryimage"},"image":{"@id":"https:\/\/exaudi.org\/es\/no-hay-peor-prision-que-un-corazon-cerrado\/#primaryimage"},"thumbnailUrl":"https:\/\/exaudi.org\/wp-content\/uploads\/2023\/12\/pexels-daniel-kondrashin-14518291-scaled-e1702294375451.jpg","datePublished":"2023-12-12T08:30:11+00:00","dateModified":"2023-12-12T08:31:34+00:00","author":{"@id":"https:\/\/exaudi.org\/#\/schema\/person\/593e679cdac2ac955cdf94fd77952021"},"breadcrumb":{"@id":"https:\/\/exaudi.org\/es\/no-hay-peor-prision-que-un-corazon-cerrado\/#breadcrumb"},"inLanguage":"es","potentialAction":[{"@type":"ReadAction","target":["https:\/\/exaudi.org\/es\/no-hay-peor-prision-que-un-corazon-cerrado\/"]}]},{"@type":"ImageObject","inLanguage":"es","@id":"https:\/\/exaudi.org\/es\/no-hay-peor-prision-que-un-corazon-cerrado\/#primaryimage","url":"https:\/\/exaudi.org\/wp-content\/uploads\/2023\/12\/pexels-daniel-kondrashin-14518291-scaled-e1702294375451.jpg","contentUrl":"https:\/\/exaudi.org\/wp-content\/uploads\/2023\/12\/pexels-daniel-kondrashin-14518291-scaled-e1702294375451.jpg","width":1706,"height":1134},{"@type":"BreadcrumbList","@id":"https:\/\/exaudi.org\/es\/no-hay-peor-prision-que-un-corazon-cerrado\/#breadcrumb","itemListElement":[{"@type":"ListItem","position":1,"name":"Portada","item":"https:\/\/exaudi.org\/es\/"},{"@type":"ListItem","position":2,"name":"No hay peor prisi\u00f3n que un coraz\u00f3n cerrado"}]},{"@type":"WebSite","@id":"https:\/\/exaudi.org\/#website","url":"https:\/\/exaudi.org\/","name":"Exaudi","description":"News","potentialAction":[{"@type":"SearchAction","target":{"@type":"EntryPoint","urlTemplate":"https:\/\/exaudi.org\/?s={search_term_string}"},"query-input":{"@type":"PropertyValueSpecification","valueRequired":true,"valueName":"search_term_string"}}],"inLanguage":"es"},{"@type":"Person","@id":"https:\/\/exaudi.org\/#\/schema\/person\/593e679cdac2ac955cdf94fd77952021","name":"Marta Luquero","image":{"@type":"ImageObject","inLanguage":"es","@id":"https:\/\/secure.gravatar.com\/avatar\/4d835dde3204f153d4491cc82848d12bcb03055a2dff4ded8a8746c59d626537?s=96&d=mm&r=g","url":"https:\/\/secure.gravatar.com\/avatar\/4d835dde3204f153d4491cc82848d12bcb03055a2dff4ded8a8746c59d626537?s=96&d=mm&r=g","contentUrl":"https:\/\/secure.gravatar.com\/avatar\/4d835dde3204f153d4491cc82848d12bcb03055a2dff4ded8a8746c59d626537?s=96&d=mm&r=g","caption":"Marta Luquero"},"description":"@sencillamentemarta Nacida en Madrid, soy madre de dos hijos. Licenciada en Derecho por la Universidad Complutense de Madrid, actualmente estoy cursando un m\u00e1ster en Humanidades. Apasionada de las personas y de una buena conversaci\u00f3n, hace a\u00f1os mi vida dio un giro de 180 grados cuando comprend\u00ed e hice experiencia de la necesidad vital de acompa\u00f1ar y ser acompa\u00f1ada. Trabajo en el mundo acad\u00e9mico, en una universidad cat\u00f3lica acompa\u00f1ando a j\u00f3venes en su camino universitario donde cada d\u00eda hago m\u00eda la necesidad del arte de recomenzar, y donde he reconectado con lo que significa ser universitario y el valor que tienen las grandes preguntas. Cada d\u00eda pongo intenci\u00f3n en mirar la realidad con atenci\u00f3n para no solo ver y soy firme defensora de las peque\u00f1as cosas hechas con amor.","sameAs":["https:\/\/www.instagram.com\/sencillamentemarta\/"],"url":"https:\/\/exaudi.org\/es\/author\/marta-luquero\/"}]}},"jetpack_featured_media_url":"https:\/\/exaudi.org\/wp-content\/uploads\/2023\/12\/pexels-daniel-kondrashin-14518291-scaled-e1702294375451.jpg","jetpack_shortlink":"https:\/\/wp.me\/pgKjF2-nqt","_links":{"self":[{"href":"https:\/\/exaudi.org\/es\/wp-json\/wp\/v2\/posts\/90053","targetHints":{"allow":["GET"]}}],"collection":[{"href":"https:\/\/exaudi.org\/es\/wp-json\/wp\/v2\/posts"}],"about":[{"href":"https:\/\/exaudi.org\/es\/wp-json\/wp\/v2\/types\/post"}],"author":[{"embeddable":true,"href":"https:\/\/exaudi.org\/es\/wp-json\/wp\/v2\/users\/129"}],"replies":[{"embeddable":true,"href":"https:\/\/exaudi.org\/es\/wp-json\/wp\/v2\/comments?post=90053"}],"version-history":[{"count":0,"href":"https:\/\/exaudi.org\/es\/wp-json\/wp\/v2\/posts\/90053\/revisions"}],"wp:featuredmedia":[{"embeddable":true,"href":"https:\/\/exaudi.org\/es\/wp-json\/wp\/v2\/media\/90054"}],"wp:attachment":[{"href":"https:\/\/exaudi.org\/es\/wp-json\/wp\/v2\/media?parent=90053"}],"wp:term":[{"taxonomy":"category","embeddable":true,"href":"https:\/\/exaudi.org\/es\/wp-json\/wp\/v2\/categories?post=90053"},{"taxonomy":"post_tag","embeddable":true,"href":"https:\/\/exaudi.org\/es\/wp-json\/wp\/v2\/tags?post=90053"}],"curies":[{"name":"wp","href":"https:\/\/api.w.org\/{rel}","templated":true}]}}