{"id":90045,"date":"2023-12-14T09:00:39","date_gmt":"2023-12-14T08:00:39","guid":{"rendered":"https:\/\/exaudi.org\/?p=90045"},"modified":"2023-12-14T10:53:45","modified_gmt":"2023-12-14T09:53:45","slug":"protagonistas-del-adviento-san-juan-bautista","status":"publish","type":"post","link":"https:\/\/exaudi.org\/es\/protagonistas-del-adviento-san-juan-bautista\/","title":{"rendered":"Protagonistas del Adviento: San Juan Bautista"},"content":{"rendered":"<audio class=\"wp-audio-shortcode\" id=\"audio-90045-1\" preload=\"none\" style=\"width: 100%;\" controls=\"controls\"><source type=\"audio\/mpeg\" src=\"https:\/\/exaudi.org\/wp-content\/uploads\/2023\/12\/Protagonistas-del-Adviento-San-Juan-Bautista.mp3?_=1\" \/><a href=\"https:\/\/exaudi.org\/wp-content\/uploads\/2023\/12\/Protagonistas-del-Adviento-San-Juan-Bautista.mp3\">https:\/\/exaudi.org\/wp-content\/uploads\/2023\/12\/Protagonistas-del-Adviento-San-Juan-Bautista.mp3<\/a><\/audio>\n<p>Es preciso realizar una consideraci\u00f3n preliminar. La Iglesia, en su sabidur\u00eda a\u00f1osa, nos ofrece dos fases en el desarrollo de este tiempo lit\u00fargico fuerte, que es el Adviento. En la primera, enfoca su mirada en la segunda venida de Cristo, al final de los tiempos, cuando venga con poder y gloria a juzgar este mundo. Nos presenta as\u00ed el fin de la historia, anim\u00e1ndonos a prepararnos para tal evento. De hecho, de alguna forma lo hacemos cotidianamente, quiz\u00e1 sin darnos demasiada cuenta, al rezar el Padrenuestro, cuando invocamos \u201cvenga a nosotros tu reino\u201d. Ese reino que imploramos, es la consumaci\u00f3n de la historia, el reinado definitivo y efectivo de Cristo sobre la entera creaci\u00f3n. Tambi\u00e9n lo pedimos cada vez que asistimos a la santa Misa, al exclamar, inmediatamente despu\u00e9s de la consagraci\u00f3n: \u201canunciamos tu muerte, proclamamos tu resurrecci\u00f3n, \u00a1ven Se\u00f1or Jes\u00fas!\u201d Jes\u00fas ya vino, no s\u00f3lo hace dos mil a\u00f1os, sino que, inmediatamente antes de pronunciar estas palabras, baj\u00f3 nuevamente al altar gracias a la acci\u00f3n del Esp\u00edritu Santo y a las palabras de la consagraci\u00f3n, pero estando ah\u00ed presente Jes\u00fas, le pedimos que apure su segunda venida, al final de los tiempos.<\/p>\n<p>La segunda parte comienza el 16 de diciembre, coincide con la novena de la Navidad, cuando se rezan las ant\u00edfonas solemnes previas a la Navidad, que nos invitan a centrar la mirada en el Misterio de Cristo naciente. Digamos que la primera parte del Adviento nos invita a mirar hacia adelante, a la segunda venida; la segunda parte, por el contrario, hacia atr\u00e1s, para contemplar su primera venida en pobreza y humildad. \u00bfPara qu\u00e9 ese sucesivo cambio de perspectiva?, \u00bfpor qu\u00e9 primero mirar hacia adelante y despu\u00e9s hacia atr\u00e1s? Quiz\u00e1 la respuesta nos la ofrezca san Bernardo, que de alguna forma \u201cinfla\u201d las venidas de Cristo al incluir una \u201ctercera venida\u201d, en este caso, a nuestro coraz\u00f3n, en el silencio y la intimidad. Las meditaciones sobre el adviento tienen como finalidad provocar esa venida a Jes\u00fas en nuestro coraz\u00f3n en el presente, en el tiempo real de nuestra existencia, la cual discurre a caballo entre esas dos venidas teol\u00f3gicas claras: la primera en Bel\u00e9n hace dos mil a\u00f1os, la segunda al final de los tiempos, s\u00f3lo Dios sabe cu\u00e1ndo.<\/p>\n<p>Por eso la primera figura a contemplar es la del Precursor, san Juan el Bautista. Apenas seis meses mayor que Jes\u00fas, enviado por Dios para preparar su venida, y disponerle \u201cun pueblo perfecto\u201d. En realidad, san Juan Bautista forma parte de lo que pudi\u00e9ramos denominar \u201cnuestro tiempo\u201d, pues su ministerio es posterior al Nacimiento en Bel\u00e9n, y anterior a la segunda venida. De todas formas, constituye el eslab\u00f3n entre el Antiguo y el Nuevo Testamentos y es anterior al nacimiento de la Iglesia, con el que realmente surge el \u201ctiempo de la Iglesia\u201d, \u201ctiempo del Esp\u00edritu Santo\u201d, nuestro tiempo\u2026 Pero su misi\u00f3n es muy conforme con el significado profundo del Adviento, pues nos invita a \u201cmirar a Jes\u00fas\u201d y a prepararnos para su venida: su segunda venida al final de la historia y su tercera venida a nuestra alma en gracia.<\/p>\n<p>San Juan, en efecto, lo se\u00f1ala y encamina a sus disc\u00edpulos hacia \u00c9l. Digamos que, de alguna forma, todos tenemos algo de \u201csan Juan Bautista\u201d, pues nuestra vida espiritual puede comprenderse como la misi\u00f3n del Bautista: preparar la segunda venida de Cristo a este mundo con el trabajo bien hecho, ofrecido a Dios, santificado y santificante; y, en segundo lugar, descubrir a Jes\u00fas y se\u00f1alarlo: descubrirlo en las personas, en nuestro trabajo, en la vida familiar, social o pol\u00edtica y en se\u00f1alarlo para que las dem\u00e1s personas lo descubran y lo sigan, para que la sociedad, la humanidad entera se oriente hacia \u00c9l, y contribuir de esa forma a realizar lo que profetiz\u00f3 san Pablo: \u201cque Dios sea todo en todos\u201d (<em>1 Corintios<\/em> 15, 28).<\/p>\n<p>Para vivir bien el Adviento, nada mejor que imitar la actitud del Bautista. Podr\u00eda resumirse \u00e9sta en su humildad, la viva conciencia que tiene de ser s\u00f3lo un instrumento o, por usar otro s\u00edmil, de ser \u00e9l la envoltura y Jes\u00fas el regalo. Una vez recibido el regalo, pierde el sentido la envoltura. Se trata entonces -\u00a1qu\u00e9 dif\u00edcil es!- de descubrir que el centro de la fiesta no somos nosotros, es Jes\u00fas. Que el mundo no gira alrededor nuestro, sino de \u00c9l. De poder decir, con autenticidad, como san Juan: \u201cconviene que \u00c9l (Jes\u00fas) crezca y yo disminuya\u201d. En el Adviento, por tanto, podemos hacer el ejercicio de ubicarnos en nuestra realidad existencial, espiritual y religiosa. De alguna forma revivir el descubrimiento de Cop\u00e9rnico y descubrir, maravillados, que el centro no somos nosotros, sino Jes\u00fas, y tomar las medidas, dar pasos decididos, en orden a que efectivamente, y no s\u00f3lo en nuestros deseos o en nuestra boca, sea Jes\u00fas el centro de nuestra vida.<\/p>\n<p>Muchas veces, adem\u00e1s, podemos tener el \u201ccomplejo del Bautista\u201d. \u00bfEn qu\u00e9 consiste? En sentirnos como \u00e9l: \u201cvoz que clama en el desierto: enderezad el camino del Se\u00f1or\u201d (<em>Juan<\/em> 1, 23, vid. <em>Isa\u00edas<\/em> 40, 3). A veces sentimos que nuestro clamor cae en el desierto, en tierra bald\u00eda, nadie lo escucha, todos lo ignoran. A veces los cristianos nos sentimos incomprendidos en el mundo, cuando no extra\u00f1os a \u00e9l. No debemos, sin embargo, dejar de ejercer nuestra misi\u00f3n prof\u00e9tica en el seno de la sociedad. Dios cuenta con ello, a\u00fan con la apariencia de falta de frutos. Algo an\u00e1logo le sucedi\u00f3 al Bautista: su misi\u00f3n estribaba en preparar al pueblo de Israel para recibir a su Mes\u00edas, pero c\u00f3mo explica el otro san Juan en el pr\u00f3logo de su evangelio: \u201cvino a su casa, y los suyos no le recibieron\u201d (<em>Juan<\/em> 1, 11), finalmente el pueblo de Israel no acept\u00f3 a su Mes\u00edas y lo crucific\u00f3. Los designios de Dios son inescrutables, pero Dios cont\u00f3 con la misi\u00f3n de san Juan Bautista, as\u00ed como cuenta con la nuestra.<\/p>\n<p>Proclamar, en medio del mundo, que el fin del mundo es trascendente a este mundo, aunque el mundo parezca no escucharnos. Como dir\u00eda <em>Pink Floyd<\/em>: \u201c<em>Keep talking<\/em>\u201d, sigue hablando, sigue sembrando la semilla de la Palabra, que el Esp\u00edritu Santo encontrar\u00e1 la forma de que esta d\u00e9 fruto, y fecunde el mundo y la sociedad. No te canses de hablar, no ceses de proclamar \u201cla buena nueva\u201d, \u201ccon ocasi\u00f3n y sin ella\u201d, \u201coportuna o inoportunamente\u201d (en expresi\u00f3n de san Pablo). La dimensi\u00f3n del Bautista en nuestra vida es parte de nuestra vocaci\u00f3n bautismal, del carisma prof\u00e9tico con el que somos ungidos al recibir el car\u00e1cter sacramental en el bautismo y la confirmaci\u00f3n. Muy especialmente con este \u00faltimo sacramento, que nos da la gracia y nos capacita para dar testimonio p\u00fablico de nuestra fe. Y esto con naturalidad, sin estridencias ni cosas raras, en medio de la sociedad, a trav\u00e9s de nuestra vida familiar, profesional o social, sirvi\u00e9ndonos de la amistad, vamos dando testimonio de Cristo. Sentimos en nuestro interior la fuerza de esta misi\u00f3n, la responsabilidad de estar a la altura de ella, y el empe\u00f1o de que nuestra vida sea coherente con la misma, como lo fue la de san Juan Bautista con su misi\u00f3n de Precursor; si de algo no se puede dudar, es de la autenticidad del personaje, a \u00e9l le pedimos tambi\u00e9n que nimbe con el sello de la autenticidad nuestra entera vida cristiana.<\/p>\n<p><a href=\"https:\/\/open.spotify.com\/episode\/7cCfPF5ukCsMTi9IGfC0M7?si=ed2391762bf54034\" target=\"_blank\" rel=\"noopener\"><em><strong>Spotify<\/strong><\/em><\/a><\/p>\n","protected":false},"excerpt":{"rendered":"<p>No te canses de hablar, no ceses de proclamar \u201cla buena nueva\u201d<\/p>\n","protected":false},"author":116,"featured_media":90046,"comment_status":"closed","ping_status":"closed","sticky":false,"template":"","format":"standard","meta":{"_acf_changed":false,"_crdt_document":"","inline_featured_image":false,"footnotes":""},"categories":[96,74],"tags":[5024,3018,4953],"class_list":["post-90045","post","type-post","status-publish","format-standard","has-post-thumbnail","hentry","category-espiritualidad","category-iglesia-y-mundo","tag-adviento","tag-san-juan-bautista-es","tag-trending-es"],"acf":[],"yoast_head":"<!-- This site is optimized with the Yoast SEO plugin v27.5 - https:\/\/yoast.com\/product\/yoast-seo-wordpress\/ -->\n<title>Protagonistas del Adviento: San Juan Bautista &#8211; Exaudi<\/title>\n<meta name=\"robots\" content=\"index, follow, max-snippet:-1, max-image-preview:large, max-video-preview:-1\" \/>\n<link rel=\"canonical\" href=\"https:\/\/exaudi.org\/es\/protagonistas-del-adviento-san-juan-bautista\/\" \/>\n<meta property=\"og:locale\" content=\"es_ES\" \/>\n<meta property=\"og:type\" content=\"article\" \/>\n<meta property=\"og:title\" content=\"Protagonistas del Adviento: San Juan Bautista &#8211; Exaudi\" \/>\n<meta property=\"og:description\" content=\"No te canses de hablar, no ceses de proclamar \u201cla buena nueva\u201d\" \/>\n<meta property=\"og:url\" content=\"https:\/\/exaudi.org\/es\/protagonistas-del-adviento-san-juan-bautista\/\" \/>\n<meta property=\"og:site_name\" content=\"Exaudi\" \/>\n<meta property=\"article:publisher\" content=\"https:\/\/www.facebook.com\/ExaudiNews\" \/>\n<meta property=\"article:published_time\" content=\"2023-12-14T08:00:39+00:00\" \/>\n<meta property=\"article:modified_time\" content=\"2023-12-14T09:53:45+00:00\" \/>\n<meta property=\"og:image\" content=\"https:\/\/exaudi.org\/wp-content\/uploads\/2023\/12\/Anton_Raphael_Mengs_-_St._John_the_Baptist_Preaching_in_the_Wilderness_-_Google_Art_Project-scaled-e1702293970925.jpg\" \/>\n\t<meta property=\"og:image:width\" content=\"1752\" \/>\n\t<meta property=\"og:image:height\" content=\"1100\" \/>\n\t<meta property=\"og:image:type\" content=\"image\/jpeg\" \/>\n<meta name=\"author\" content=\"Salvador Fabre\" \/>\n<meta name=\"twitter:card\" content=\"summary_large_image\" \/>\n<meta name=\"twitter:creator\" content=\"@Exaudi_News\" \/>\n<meta name=\"twitter:site\" content=\"@Exaudi_News\" \/>\n<meta name=\"twitter:label1\" content=\"Escrito por\" \/>\n\t<meta name=\"twitter:data1\" content=\"Salvador Fabre\" \/>\n\t<meta name=\"twitter:label2\" content=\"Tiempo de lectura\" \/>\n\t<meta name=\"twitter:data2\" content=\"7 minutos\" \/>\n<script type=\"application\/ld+json\" class=\"yoast-schema-graph\">{\"@context\":\"https:\\\/\\\/schema.org\",\"@graph\":[{\"@type\":\"Article\",\"@id\":\"https:\\\/\\\/exaudi.org\\\/es\\\/protagonistas-del-adviento-san-juan-bautista\\\/#article\",\"isPartOf\":{\"@id\":\"https:\\\/\\\/exaudi.org\\\/es\\\/protagonistas-del-adviento-san-juan-bautista\\\/\"},\"author\":{\"name\":\"Salvador Fabre\",\"@id\":\"https:\\\/\\\/exaudi.org\\\/#\\\/schema\\\/person\\\/29b1dbd9f3952eecacfc704ca1a473a8\"},\"headline\":\"Protagonistas del Adviento: San Juan Bautista\",\"datePublished\":\"2023-12-14T08:00:39+00:00\",\"dateModified\":\"2023-12-14T09:53:45+00:00\",\"mainEntityOfPage\":{\"@id\":\"https:\\\/\\\/exaudi.org\\\/es\\\/protagonistas-del-adviento-san-juan-bautista\\\/\"},\"wordCount\":1315,\"image\":{\"@id\":\"https:\\\/\\\/exaudi.org\\\/es\\\/protagonistas-del-adviento-san-juan-bautista\\\/#primaryimage\"},\"thumbnailUrl\":\"https:\\\/\\\/exaudi.org\\\/wp-content\\\/uploads\\\/2023\\\/12\\\/Anton_Raphael_Mengs_-_St._John_the_Baptist_Preaching_in_the_Wilderness_-_Google_Art_Project-scaled-e1702293970925.jpg\",\"keywords\":[\"Adviento\",\"San Juan Bautista\",\"Trending\"],\"articleSection\":[\"Espiritualidad\",\"Iglesia y Mundo\"],\"inLanguage\":\"es\"},{\"@type\":\"WebPage\",\"@id\":\"https:\\\/\\\/exaudi.org\\\/es\\\/protagonistas-del-adviento-san-juan-bautista\\\/\",\"url\":\"https:\\\/\\\/exaudi.org\\\/es\\\/protagonistas-del-adviento-san-juan-bautista\\\/\",\"name\":\"Protagonistas del Adviento: San Juan Bautista &#8211; Exaudi\",\"isPartOf\":{\"@id\":\"https:\\\/\\\/exaudi.org\\\/#website\"},\"primaryImageOfPage\":{\"@id\":\"https:\\\/\\\/exaudi.org\\\/es\\\/protagonistas-del-adviento-san-juan-bautista\\\/#primaryimage\"},\"image\":{\"@id\":\"https:\\\/\\\/exaudi.org\\\/es\\\/protagonistas-del-adviento-san-juan-bautista\\\/#primaryimage\"},\"thumbnailUrl\":\"https:\\\/\\\/exaudi.org\\\/wp-content\\\/uploads\\\/2023\\\/12\\\/Anton_Raphael_Mengs_-_St._John_the_Baptist_Preaching_in_the_Wilderness_-_Google_Art_Project-scaled-e1702293970925.jpg\",\"datePublished\":\"2023-12-14T08:00:39+00:00\",\"dateModified\":\"2023-12-14T09:53:45+00:00\",\"author\":{\"@id\":\"https:\\\/\\\/exaudi.org\\\/#\\\/schema\\\/person\\\/29b1dbd9f3952eecacfc704ca1a473a8\"},\"breadcrumb\":{\"@id\":\"https:\\\/\\\/exaudi.org\\\/es\\\/protagonistas-del-adviento-san-juan-bautista\\\/#breadcrumb\"},\"inLanguage\":\"es\",\"potentialAction\":[{\"@type\":\"ReadAction\",\"target\":[\"https:\\\/\\\/exaudi.org\\\/es\\\/protagonistas-del-adviento-san-juan-bautista\\\/\"]}]},{\"@type\":\"ImageObject\",\"inLanguage\":\"es\",\"@id\":\"https:\\\/\\\/exaudi.org\\\/es\\\/protagonistas-del-adviento-san-juan-bautista\\\/#primaryimage\",\"url\":\"https:\\\/\\\/exaudi.org\\\/wp-content\\\/uploads\\\/2023\\\/12\\\/Anton_Raphael_Mengs_-_St._John_the_Baptist_Preaching_in_the_Wilderness_-_Google_Art_Project-scaled-e1702293970925.jpg\",\"contentUrl\":\"https:\\\/\\\/exaudi.org\\\/wp-content\\\/uploads\\\/2023\\\/12\\\/Anton_Raphael_Mengs_-_St._John_the_Baptist_Preaching_in_the_Wilderness_-_Google_Art_Project-scaled-e1702293970925.jpg\",\"width\":1752,\"height\":1100},{\"@type\":\"BreadcrumbList\",\"@id\":\"https:\\\/\\\/exaudi.org\\\/es\\\/protagonistas-del-adviento-san-juan-bautista\\\/#breadcrumb\",\"itemListElement\":[{\"@type\":\"ListItem\",\"position\":1,\"name\":\"Portada\",\"item\":\"https:\\\/\\\/exaudi.org\\\/es\\\/\"},{\"@type\":\"ListItem\",\"position\":2,\"name\":\"Protagonistas del Adviento: San Juan Bautista\"}]},{\"@type\":\"WebSite\",\"@id\":\"https:\\\/\\\/exaudi.org\\\/#website\",\"url\":\"https:\\\/\\\/exaudi.org\\\/\",\"name\":\"Exaudi\",\"description\":\"News\",\"potentialAction\":[{\"@type\":\"SearchAction\",\"target\":{\"@type\":\"EntryPoint\",\"urlTemplate\":\"https:\\\/\\\/exaudi.org\\\/?s={search_term_string}\"},\"query-input\":{\"@type\":\"PropertyValueSpecification\",\"valueRequired\":true,\"valueName\":\"search_term_string\"}}],\"inLanguage\":\"es\"},{\"@type\":\"Person\",\"@id\":\"https:\\\/\\\/exaudi.org\\\/#\\\/schema\\\/person\\\/29b1dbd9f3952eecacfc704ca1a473a8\",\"name\":\"Salvador Fabre\",\"image\":{\"@type\":\"ImageObject\",\"inLanguage\":\"es\",\"@id\":\"https:\\\/\\\/secure.gravatar.com\\\/avatar\\\/8d1a5a78ba86b9a8255e1c5b454943b9168b1dc31a275487309b73b631a7ac5d?s=96&d=mm&r=g\",\"url\":\"https:\\\/\\\/secure.gravatar.com\\\/avatar\\\/8d1a5a78ba86b9a8255e1c5b454943b9168b1dc31a275487309b73b631a7ac5d?s=96&d=mm&r=g\",\"contentUrl\":\"https:\\\/\\\/secure.gravatar.com\\\/avatar\\\/8d1a5a78ba86b9a8255e1c5b454943b9168b1dc31a275487309b73b631a7ac5d?s=96&d=mm&r=g\",\"caption\":\"Salvador Fabre\"},\"description\":\"Doctor en filosof\u00eda - Pensar en Cristiano\",\"url\":\"https:\\\/\\\/exaudi.org\\\/es\\\/author\\\/dr-salvador-fabre\\\/\"}]}<\/script>\n<!-- \/ Yoast SEO plugin. -->","yoast_head_json":{"title":"Protagonistas del Adviento: San Juan Bautista &#8211; Exaudi","robots":{"index":"index","follow":"follow","max-snippet":"max-snippet:-1","max-image-preview":"max-image-preview:large","max-video-preview":"max-video-preview:-1"},"canonical":"https:\/\/exaudi.org\/es\/protagonistas-del-adviento-san-juan-bautista\/","og_locale":"es_ES","og_type":"article","og_title":"Protagonistas del Adviento: San Juan Bautista &#8211; Exaudi","og_description":"No te canses de hablar, no ceses de proclamar \u201cla buena nueva\u201d","og_url":"https:\/\/exaudi.org\/es\/protagonistas-del-adviento-san-juan-bautista\/","og_site_name":"Exaudi","article_publisher":"https:\/\/www.facebook.com\/ExaudiNews","article_published_time":"2023-12-14T08:00:39+00:00","article_modified_time":"2023-12-14T09:53:45+00:00","og_image":[{"width":1752,"height":1100,"url":"https:\/\/exaudi.org\/wp-content\/uploads\/2023\/12\/Anton_Raphael_Mengs_-_St._John_the_Baptist_Preaching_in_the_Wilderness_-_Google_Art_Project-scaled-e1702293970925.jpg","type":"image\/jpeg"}],"author":"Salvador Fabre","twitter_card":"summary_large_image","twitter_creator":"@Exaudi_News","twitter_site":"@Exaudi_News","twitter_misc":{"Escrito por":"Salvador Fabre","Tiempo de lectura":"7 minutos"},"schema":{"@context":"https:\/\/schema.org","@graph":[{"@type":"Article","@id":"https:\/\/exaudi.org\/es\/protagonistas-del-adviento-san-juan-bautista\/#article","isPartOf":{"@id":"https:\/\/exaudi.org\/es\/protagonistas-del-adviento-san-juan-bautista\/"},"author":{"name":"Salvador Fabre","@id":"https:\/\/exaudi.org\/#\/schema\/person\/29b1dbd9f3952eecacfc704ca1a473a8"},"headline":"Protagonistas del Adviento: San Juan Bautista","datePublished":"2023-12-14T08:00:39+00:00","dateModified":"2023-12-14T09:53:45+00:00","mainEntityOfPage":{"@id":"https:\/\/exaudi.org\/es\/protagonistas-del-adviento-san-juan-bautista\/"},"wordCount":1315,"image":{"@id":"https:\/\/exaudi.org\/es\/protagonistas-del-adviento-san-juan-bautista\/#primaryimage"},"thumbnailUrl":"https:\/\/exaudi.org\/wp-content\/uploads\/2023\/12\/Anton_Raphael_Mengs_-_St._John_the_Baptist_Preaching_in_the_Wilderness_-_Google_Art_Project-scaled-e1702293970925.jpg","keywords":["Adviento","San Juan Bautista","Trending"],"articleSection":["Espiritualidad","Iglesia y Mundo"],"inLanguage":"es"},{"@type":"WebPage","@id":"https:\/\/exaudi.org\/es\/protagonistas-del-adviento-san-juan-bautista\/","url":"https:\/\/exaudi.org\/es\/protagonistas-del-adviento-san-juan-bautista\/","name":"Protagonistas del Adviento: San Juan Bautista &#8211; Exaudi","isPartOf":{"@id":"https:\/\/exaudi.org\/#website"},"primaryImageOfPage":{"@id":"https:\/\/exaudi.org\/es\/protagonistas-del-adviento-san-juan-bautista\/#primaryimage"},"image":{"@id":"https:\/\/exaudi.org\/es\/protagonistas-del-adviento-san-juan-bautista\/#primaryimage"},"thumbnailUrl":"https:\/\/exaudi.org\/wp-content\/uploads\/2023\/12\/Anton_Raphael_Mengs_-_St._John_the_Baptist_Preaching_in_the_Wilderness_-_Google_Art_Project-scaled-e1702293970925.jpg","datePublished":"2023-12-14T08:00:39+00:00","dateModified":"2023-12-14T09:53:45+00:00","author":{"@id":"https:\/\/exaudi.org\/#\/schema\/person\/29b1dbd9f3952eecacfc704ca1a473a8"},"breadcrumb":{"@id":"https:\/\/exaudi.org\/es\/protagonistas-del-adviento-san-juan-bautista\/#breadcrumb"},"inLanguage":"es","potentialAction":[{"@type":"ReadAction","target":["https:\/\/exaudi.org\/es\/protagonistas-del-adviento-san-juan-bautista\/"]}]},{"@type":"ImageObject","inLanguage":"es","@id":"https:\/\/exaudi.org\/es\/protagonistas-del-adviento-san-juan-bautista\/#primaryimage","url":"https:\/\/exaudi.org\/wp-content\/uploads\/2023\/12\/Anton_Raphael_Mengs_-_St._John_the_Baptist_Preaching_in_the_Wilderness_-_Google_Art_Project-scaled-e1702293970925.jpg","contentUrl":"https:\/\/exaudi.org\/wp-content\/uploads\/2023\/12\/Anton_Raphael_Mengs_-_St._John_the_Baptist_Preaching_in_the_Wilderness_-_Google_Art_Project-scaled-e1702293970925.jpg","width":1752,"height":1100},{"@type":"BreadcrumbList","@id":"https:\/\/exaudi.org\/es\/protagonistas-del-adviento-san-juan-bautista\/#breadcrumb","itemListElement":[{"@type":"ListItem","position":1,"name":"Portada","item":"https:\/\/exaudi.org\/es\/"},{"@type":"ListItem","position":2,"name":"Protagonistas del Adviento: San Juan Bautista"}]},{"@type":"WebSite","@id":"https:\/\/exaudi.org\/#website","url":"https:\/\/exaudi.org\/","name":"Exaudi","description":"News","potentialAction":[{"@type":"SearchAction","target":{"@type":"EntryPoint","urlTemplate":"https:\/\/exaudi.org\/?s={search_term_string}"},"query-input":{"@type":"PropertyValueSpecification","valueRequired":true,"valueName":"search_term_string"}}],"inLanguage":"es"},{"@type":"Person","@id":"https:\/\/exaudi.org\/#\/schema\/person\/29b1dbd9f3952eecacfc704ca1a473a8","name":"Salvador Fabre","image":{"@type":"ImageObject","inLanguage":"es","@id":"https:\/\/secure.gravatar.com\/avatar\/8d1a5a78ba86b9a8255e1c5b454943b9168b1dc31a275487309b73b631a7ac5d?s=96&d=mm&r=g","url":"https:\/\/secure.gravatar.com\/avatar\/8d1a5a78ba86b9a8255e1c5b454943b9168b1dc31a275487309b73b631a7ac5d?s=96&d=mm&r=g","contentUrl":"https:\/\/secure.gravatar.com\/avatar\/8d1a5a78ba86b9a8255e1c5b454943b9168b1dc31a275487309b73b631a7ac5d?s=96&d=mm&r=g","caption":"Salvador Fabre"},"description":"Doctor en filosof\u00eda - Pensar en Cristiano","url":"https:\/\/exaudi.org\/es\/author\/dr-salvador-fabre\/"}]}},"jetpack_featured_media_url":"https:\/\/exaudi.org\/wp-content\/uploads\/2023\/12\/Anton_Raphael_Mengs_-_St._John_the_Baptist_Preaching_in_the_Wilderness_-_Google_Art_Project-scaled-e1702293970925.jpg","jetpack_shortlink":"https:\/\/wp.me\/pgKjF2-nql","_links":{"self":[{"href":"https:\/\/exaudi.org\/es\/wp-json\/wp\/v2\/posts\/90045","targetHints":{"allow":["GET"]}}],"collection":[{"href":"https:\/\/exaudi.org\/es\/wp-json\/wp\/v2\/posts"}],"about":[{"href":"https:\/\/exaudi.org\/es\/wp-json\/wp\/v2\/types\/post"}],"author":[{"embeddable":true,"href":"https:\/\/exaudi.org\/es\/wp-json\/wp\/v2\/users\/116"}],"replies":[{"embeddable":true,"href":"https:\/\/exaudi.org\/es\/wp-json\/wp\/v2\/comments?post=90045"}],"version-history":[{"count":0,"href":"https:\/\/exaudi.org\/es\/wp-json\/wp\/v2\/posts\/90045\/revisions"}],"wp:featuredmedia":[{"embeddable":true,"href":"https:\/\/exaudi.org\/es\/wp-json\/wp\/v2\/media\/90046"}],"wp:attachment":[{"href":"https:\/\/exaudi.org\/es\/wp-json\/wp\/v2\/media?parent=90045"}],"wp:term":[{"taxonomy":"category","embeddable":true,"href":"https:\/\/exaudi.org\/es\/wp-json\/wp\/v2\/categories?post=90045"},{"taxonomy":"post_tag","embeddable":true,"href":"https:\/\/exaudi.org\/es\/wp-json\/wp\/v2\/tags?post=90045"}],"curies":[{"name":"wp","href":"https:\/\/api.w.org\/{rel}","templated":true}]}}