{"id":90012,"date":"2023-12-11T08:35:38","date_gmt":"2023-12-11T07:35:38","guid":{"rendered":"https:\/\/exaudi.org\/?p=90012"},"modified":"2023-12-11T09:05:20","modified_gmt":"2023-12-11T08:05:20","slug":"francisco-el-compromiso-por-los-derechos-humanos-no-se-acaba-nunca","status":"publish","type":"post","link":"https:\/\/exaudi.org\/es\/francisco-el-compromiso-por-los-derechos-humanos-no-se-acaba-nunca\/","title":{"rendered":"Francisco: El compromiso por los derechos humanos no se acaba nunca"},"content":{"rendered":"<audio class=\"wp-audio-shortcode\" id=\"audio-90012-1\" preload=\"none\" style=\"width: 100%;\" controls=\"controls\"><source type=\"audio\/mpeg\" src=\"https:\/\/exaudi.org\/wp-content\/uploads\/2023\/12\/Derechos-humanos.mp3?_=1\" \/><a href=\"https:\/\/exaudi.org\/wp-content\/uploads\/2023\/12\/Derechos-humanos.mp3\">https:\/\/exaudi.org\/wp-content\/uploads\/2023\/12\/Derechos-humanos.mp3<\/a><\/audio>\n<p>\u00abHace 75 a\u00f1os, el 10 de diciembre de 1948, se firm\u00f3 la Declaraci\u00f3n Universal de los Derechos Humanos. Es como una hoja de ruta, en la que se han dado muchos pasos adelante, pero a\u00fan quedan muchos m\u00e1s por dar, y a veces, por desgracia, retrocedemos\u00bb. Con estas palabras, el Papa abri\u00f3 su acostumbrada alocuci\u00f3n desp\u00faes del rezo mariano del \u00c1ngelus. En efecto, hoy se celebra el D\u00eda Internacional de los Derechos Humanos, que reunidos en la declaraci\u00f3n que sigue siendo un instrumento irrenunciable para construir un mundo m\u00e1s libre, igualitario y justo, as\u00ed como una br\u00fajula\u00a0para dar respuesta a los desaf\u00edos generados por los conflictos, la pobreza, el cambio clim\u00e1tico y las nuevas tecnolog\u00edas.<\/p>\n<p><i>\u00abEl compromiso con los derechos humanos no termina nunca. En este sentido, estoy cerca de todos aquellos que, sin proclamas, en el d\u00eda a d\u00eda concreto, luchan y pagan en persona por defender los derechos de los que no cuentan\u00bb.<\/i><\/p>\n<h3><strong>Un documento indispensable para la convivencia<\/strong><\/h3>\n<p>\u00abTodos los seres humanos nacen libres e iguales en dignidad y derechos\u00bb, reza el primer art\u00edculo de la Declaraci\u00f3n, firmada en Par\u00eds por 48 Estados miembros de las entonces reci\u00e9n creadas Naciones Unidas. La Declaraci\u00f3n de la ONU -formada por 30 art\u00edculos que protegen diversas dimensiones de la persona, desde la igualdad ante la ley a la prohibici\u00f3n de la esclavitud y la tortura, pasando por el derecho al trabajo, la familia y la educaci\u00f3n-, aunque no es formalmente un tratado internacional ni jur\u00eddicamente vinculante en s\u00ed mismo, es la base del derecho internacional humanitario y ha inspirado y servido de marco a m\u00e1s de 70 tratados humanitarios a\u00fan en vigor.<\/p>\n<h3><strong>Poner fin a las guerras, las divisiones, la pobreza&#8230;<\/strong><\/h3>\n<p>Setenta y cinco a\u00f1os despu\u00e9s de su firma, escribi\u00f3 el Secretario de la ONU, Antonio Guterres, la Declaraci\u00f3n sigue siendo \u00abuna hoja de ruta para ayudar a poner fin a las guerras, sanar las divisiones y promover una vida de paz y dignidad para todos\u00bb. Sin embargo, reitera el Secretario de la ONU, el mundo est\u00e1 perdiendo esta hoja de ruta. \u00abLa pobreza y el hambre est\u00e1n aumentando. Las desigualdades empeoran\u00bb y \u00abel autoritarismo va en aumento\u00bb. Hoy es m\u00e1s importante que nunca promover y respetar todos los derechos humanos -sociales, culturales, econ\u00f3micos, civiles y pol\u00edticos- que nos protegen a todos\u00bb, subraya, recordando tambi\u00e9n la importancia de lograr la igualdad de g\u00e9nero y que la crisis clim\u00e1tica \u00abes una crisis de derechos humanos que golpea m\u00e1s duramente a los m\u00e1s vulnerables\u00bb. Por ello, hace un llamamiento \u00aba las personas de todo el mundo para que promuevan y respeten los derechos humanos, todos los d\u00edas, para todos y en todas partes\u00bb.<\/p>\n","protected":false},"excerpt":{"rendered":"<p>El Papa record\u00f3 la Jornada Mundial dedicada a la firma de la Declaraci\u00f3n de los derechos humanos, al tiempo que manifest\u00f3 su cercan\u00eda a los que luchan para defender a los que \u00abno cuentan\u00bb<\/p>\n","protected":false},"author":15,"featured_media":90013,"comment_status":"closed","ping_status":"closed","sticky":false,"template":"","format":"standard","meta":{"_acf_changed":false,"_crdt_document":"","inline_featured_image":false,"footnotes":""},"categories":[68],"tags":[802,158,4953],"class_list":["post-90012","post","type-post","status-publish","format-standard","has-post-thumbnail","hentry","category-leon-xiv","tag-derechos-humanos","tag-papa-francisco","tag-trending-es"],"acf":[],"yoast_head":"<!-- This site is optimized with the Yoast SEO plugin v27.5 - https:\/\/yoast.com\/product\/yoast-seo-wordpress\/ -->\n<title>Francisco: El compromiso por los derechos humanos no se acaba nunca &#8211; Exaudi<\/title>\n<meta name=\"robots\" content=\"index, follow, max-snippet:-1, max-image-preview:large, max-video-preview:-1\" \/>\n<link rel=\"canonical\" href=\"https:\/\/exaudi.org\/es\/francisco-el-compromiso-por-los-derechos-humanos-no-se-acaba-nunca\/\" \/>\n<meta property=\"og:locale\" content=\"es_ES\" \/>\n<meta property=\"og:type\" content=\"article\" \/>\n<meta property=\"og:title\" content=\"Francisco: El compromiso por los derechos humanos no se acaba nunca &#8211; Exaudi\" \/>\n<meta property=\"og:description\" content=\"El Papa record\u00f3 la Jornada Mundial dedicada a la firma de la Declaraci\u00f3n de los derechos humanos, al tiempo que manifest\u00f3 su cercan\u00eda a los que luchan para defender a los que &quot;no cuentan&quot;\" \/>\n<meta property=\"og:url\" content=\"https:\/\/exaudi.org\/es\/francisco-el-compromiso-por-los-derechos-humanos-no-se-acaba-nunca\/\" \/>\n<meta property=\"og:site_name\" content=\"Exaudi\" \/>\n<meta property=\"article:publisher\" content=\"https:\/\/www.facebook.com\/ExaudiNews\" \/>\n<meta property=\"article:author\" content=\"https:\/\/www.facebook.com\/ExaudiNoticias\/\" \/>\n<meta property=\"article:published_time\" content=\"2023-12-11T07:35:38+00:00\" \/>\n<meta property=\"article:modified_time\" content=\"2023-12-11T08:05:20+00:00\" \/>\n<meta property=\"og:image\" content=\"https:\/\/exaudi.org\/wp-content\/uploads\/2023\/12\/pexels-mathias-reding-4468974-scaled.jpg\" \/>\n\t<meta property=\"og:image:width\" content=\"2560\" \/>\n\t<meta property=\"og:image:height\" content=\"1707\" \/>\n\t<meta property=\"og:image:type\" content=\"image\/jpeg\" \/>\n<meta name=\"author\" content=\"Exaudi Redacci\u00f3n\" \/>\n<meta name=\"twitter:card\" content=\"summary_large_image\" \/>\n<meta name=\"twitter:creator\" content=\"@Exaudi_noticias\" \/>\n<meta name=\"twitter:site\" content=\"@Exaudi_News\" \/>\n<meta name=\"twitter:label1\" content=\"Escrito por\" \/>\n\t<meta name=\"twitter:data1\" content=\"Exaudi Redacci\u00f3n\" \/>\n\t<meta name=\"twitter:label2\" content=\"Tiempo de lectura\" \/>\n\t<meta name=\"twitter:data2\" content=\"2 minutos\" \/>\n<script type=\"application\/ld+json\" class=\"yoast-schema-graph\">{\"@context\":\"https:\\\/\\\/schema.org\",\"@graph\":[{\"@type\":\"Article\",\"@id\":\"https:\\\/\\\/exaudi.org\\\/es\\\/francisco-el-compromiso-por-los-derechos-humanos-no-se-acaba-nunca\\\/#article\",\"isPartOf\":{\"@id\":\"https:\\\/\\\/exaudi.org\\\/es\\\/francisco-el-compromiso-por-los-derechos-humanos-no-se-acaba-nunca\\\/\"},\"author\":{\"name\":\"Exaudi Redacci\u00f3n\",\"@id\":\"https:\\\/\\\/exaudi.org\\\/#\\\/schema\\\/person\\\/f5fc8f063065e38742da7afe15f25df7\"},\"headline\":\"Francisco: El compromiso por los derechos humanos no se acaba nunca\",\"datePublished\":\"2023-12-11T07:35:38+00:00\",\"dateModified\":\"2023-12-11T08:05:20+00:00\",\"mainEntityOfPage\":{\"@id\":\"https:\\\/\\\/exaudi.org\\\/es\\\/francisco-el-compromiso-por-los-derechos-humanos-no-se-acaba-nunca\\\/\"},\"wordCount\":496,\"image\":{\"@id\":\"https:\\\/\\\/exaudi.org\\\/es\\\/francisco-el-compromiso-por-los-derechos-humanos-no-se-acaba-nunca\\\/#primaryimage\"},\"thumbnailUrl\":\"https:\\\/\\\/exaudi.org\\\/wp-content\\\/uploads\\\/2023\\\/12\\\/pexels-mathias-reding-4468974-scaled.jpg\",\"keywords\":[\"Derechos Humanos\",\"papa francisco\",\"Trending\"],\"articleSection\":[\"Le\u00f3n XIV\"],\"inLanguage\":\"es\"},{\"@type\":\"WebPage\",\"@id\":\"https:\\\/\\\/exaudi.org\\\/es\\\/francisco-el-compromiso-por-los-derechos-humanos-no-se-acaba-nunca\\\/\",\"url\":\"https:\\\/\\\/exaudi.org\\\/es\\\/francisco-el-compromiso-por-los-derechos-humanos-no-se-acaba-nunca\\\/\",\"name\":\"Francisco: El compromiso por los derechos humanos no se acaba nunca &#8211; Exaudi\",\"isPartOf\":{\"@id\":\"https:\\\/\\\/exaudi.org\\\/#website\"},\"primaryImageOfPage\":{\"@id\":\"https:\\\/\\\/exaudi.org\\\/es\\\/francisco-el-compromiso-por-los-derechos-humanos-no-se-acaba-nunca\\\/#primaryimage\"},\"image\":{\"@id\":\"https:\\\/\\\/exaudi.org\\\/es\\\/francisco-el-compromiso-por-los-derechos-humanos-no-se-acaba-nunca\\\/#primaryimage\"},\"thumbnailUrl\":\"https:\\\/\\\/exaudi.org\\\/wp-content\\\/uploads\\\/2023\\\/12\\\/pexels-mathias-reding-4468974-scaled.jpg\",\"datePublished\":\"2023-12-11T07:35:38+00:00\",\"dateModified\":\"2023-12-11T08:05:20+00:00\",\"author\":{\"@id\":\"https:\\\/\\\/exaudi.org\\\/#\\\/schema\\\/person\\\/f5fc8f063065e38742da7afe15f25df7\"},\"breadcrumb\":{\"@id\":\"https:\\\/\\\/exaudi.org\\\/es\\\/francisco-el-compromiso-por-los-derechos-humanos-no-se-acaba-nunca\\\/#breadcrumb\"},\"inLanguage\":\"es\",\"potentialAction\":[{\"@type\":\"ReadAction\",\"target\":[\"https:\\\/\\\/exaudi.org\\\/es\\\/francisco-el-compromiso-por-los-derechos-humanos-no-se-acaba-nunca\\\/\"]}]},{\"@type\":\"ImageObject\",\"inLanguage\":\"es\",\"@id\":\"https:\\\/\\\/exaudi.org\\\/es\\\/francisco-el-compromiso-por-los-derechos-humanos-no-se-acaba-nunca\\\/#primaryimage\",\"url\":\"https:\\\/\\\/exaudi.org\\\/wp-content\\\/uploads\\\/2023\\\/12\\\/pexels-mathias-reding-4468974-scaled.jpg\",\"contentUrl\":\"https:\\\/\\\/exaudi.org\\\/wp-content\\\/uploads\\\/2023\\\/12\\\/pexels-mathias-reding-4468974-scaled.jpg\",\"width\":2560,\"height\":1707},{\"@type\":\"BreadcrumbList\",\"@id\":\"https:\\\/\\\/exaudi.org\\\/es\\\/francisco-el-compromiso-por-los-derechos-humanos-no-se-acaba-nunca\\\/#breadcrumb\",\"itemListElement\":[{\"@type\":\"ListItem\",\"position\":1,\"name\":\"Portada\",\"item\":\"https:\\\/\\\/exaudi.org\\\/es\\\/\"},{\"@type\":\"ListItem\",\"position\":2,\"name\":\"Francisco: El compromiso por los derechos humanos no se acaba nunca\"}]},{\"@type\":\"WebSite\",\"@id\":\"https:\\\/\\\/exaudi.org\\\/#website\",\"url\":\"https:\\\/\\\/exaudi.org\\\/\",\"name\":\"Exaudi\",\"description\":\"News\",\"potentialAction\":[{\"@type\":\"SearchAction\",\"target\":{\"@type\":\"EntryPoint\",\"urlTemplate\":\"https:\\\/\\\/exaudi.org\\\/?s={search_term_string}\"},\"query-input\":{\"@type\":\"PropertyValueSpecification\",\"valueRequired\":true,\"valueName\":\"search_term_string\"}}],\"inLanguage\":\"es\"},{\"@type\":\"Person\",\"@id\":\"https:\\\/\\\/exaudi.org\\\/#\\\/schema\\\/person\\\/f5fc8f063065e38742da7afe15f25df7\",\"name\":\"Exaudi Redacci\u00f3n\",\"image\":{\"@type\":\"ImageObject\",\"inLanguage\":\"es\",\"@id\":\"https:\\\/\\\/secure.gravatar.com\\\/avatar\\\/fe0f6a059fb68d9b3e11bc5850dd4899b1c7492091a3cb6dd9b01b56ad828be2?s=96&d=mm&r=g\",\"url\":\"https:\\\/\\\/secure.gravatar.com\\\/avatar\\\/fe0f6a059fb68d9b3e11bc5850dd4899b1c7492091a3cb6dd9b01b56ad828be2?s=96&d=mm&r=g\",\"contentUrl\":\"https:\\\/\\\/secure.gravatar.com\\\/avatar\\\/fe0f6a059fb68d9b3e11bc5850dd4899b1c7492091a3cb6dd9b01b56ad828be2?s=96&d=mm&r=g\",\"caption\":\"Exaudi Redacci\u00f3n\"},\"description\":\"\u00bfQu\u00e9 es Exaudi News? Exaudi News es un medio de comunicaci\u00f3n cat\u00f3lico internacional que informa, forma y transforma, diariamente en espa\u00f1ol, ingl\u00e9s e italiano. A trav\u00e9s de noticias, art\u00edculos de an\u00e1lisis y transmisiones en directo de los eventos del Papa, Exaudi busca fortalecer la unidad de los cristianos y contribuir a la evangelizaci\u00f3n del mundo, siempre guiados por la doctrina social de la Iglesia. Trabajamos para acercar la verdad y los valores cristianos a cada rinc\u00f3n del planeta. \u00a1Ay\u00fadanos a transformar el mundo con Exaudi! En Exaudi creemos que la evangelizaci\u00f3n y la informaci\u00f3n de calidad pueden cambiar vidas. Para continuar con nuestra misi\u00f3n y expandir nuestro alcance, necesitamos tu ayuda. Adem\u00e1s, buscamos personas comprometidas que deseen unirse a nuestro equipo. Con tu apoyo, lograremos llegar a m\u00e1s personas, difundir el mensaje de Cristo y reforzar la unidad de los cristianos. \u00bfTe unes a nuestra misi\u00f3n? Para m\u00e1s informaci\u00f3n sobre c\u00f3mo colaborar, visita Exaudi.org\\\/es o cont\u00e1ctanos directamente: info@exaudi.org Exaudi: Informa, forma y transforma.\",\"sameAs\":[\"https:\\\/\\\/www.facebook.com\\\/ExaudiNoticias\\\/\",\"https:\\\/\\\/www.instagram.com\\\/exaudi_noticias\\\/\",\"https:\\\/\\\/x.com\\\/Exaudi_noticias\",\"https:\\\/\\\/www.youtube.com\\\/@exaudicatholicnews\"],\"url\":\"https:\\\/\\\/exaudi.org\\\/es\\\/author\\\/redaccionexaudi\\\/\"}]}<\/script>\n<!-- \/ Yoast SEO plugin. -->","yoast_head_json":{"title":"Francisco: El compromiso por los derechos humanos no se acaba nunca &#8211; Exaudi","robots":{"index":"index","follow":"follow","max-snippet":"max-snippet:-1","max-image-preview":"max-image-preview:large","max-video-preview":"max-video-preview:-1"},"canonical":"https:\/\/exaudi.org\/es\/francisco-el-compromiso-por-los-derechos-humanos-no-se-acaba-nunca\/","og_locale":"es_ES","og_type":"article","og_title":"Francisco: El compromiso por los derechos humanos no se acaba nunca &#8211; Exaudi","og_description":"El Papa record\u00f3 la Jornada Mundial dedicada a la firma de la Declaraci\u00f3n de los derechos humanos, al tiempo que manifest\u00f3 su cercan\u00eda a los que luchan para defender a los que \"no cuentan\"","og_url":"https:\/\/exaudi.org\/es\/francisco-el-compromiso-por-los-derechos-humanos-no-se-acaba-nunca\/","og_site_name":"Exaudi","article_publisher":"https:\/\/www.facebook.com\/ExaudiNews","article_author":"https:\/\/www.facebook.com\/ExaudiNoticias\/","article_published_time":"2023-12-11T07:35:38+00:00","article_modified_time":"2023-12-11T08:05:20+00:00","og_image":[{"width":2560,"height":1707,"url":"https:\/\/exaudi.org\/wp-content\/uploads\/2023\/12\/pexels-mathias-reding-4468974-scaled.jpg","type":"image\/jpeg"}],"author":"Exaudi Redacci\u00f3n","twitter_card":"summary_large_image","twitter_creator":"@Exaudi_noticias","twitter_site":"@Exaudi_News","twitter_misc":{"Escrito por":"Exaudi Redacci\u00f3n","Tiempo de lectura":"2 minutos"},"schema":{"@context":"https:\/\/schema.org","@graph":[{"@type":"Article","@id":"https:\/\/exaudi.org\/es\/francisco-el-compromiso-por-los-derechos-humanos-no-se-acaba-nunca\/#article","isPartOf":{"@id":"https:\/\/exaudi.org\/es\/francisco-el-compromiso-por-los-derechos-humanos-no-se-acaba-nunca\/"},"author":{"name":"Exaudi Redacci\u00f3n","@id":"https:\/\/exaudi.org\/#\/schema\/person\/f5fc8f063065e38742da7afe15f25df7"},"headline":"Francisco: El compromiso por los derechos humanos no se acaba nunca","datePublished":"2023-12-11T07:35:38+00:00","dateModified":"2023-12-11T08:05:20+00:00","mainEntityOfPage":{"@id":"https:\/\/exaudi.org\/es\/francisco-el-compromiso-por-los-derechos-humanos-no-se-acaba-nunca\/"},"wordCount":496,"image":{"@id":"https:\/\/exaudi.org\/es\/francisco-el-compromiso-por-los-derechos-humanos-no-se-acaba-nunca\/#primaryimage"},"thumbnailUrl":"https:\/\/exaudi.org\/wp-content\/uploads\/2023\/12\/pexels-mathias-reding-4468974-scaled.jpg","keywords":["Derechos Humanos","papa francisco","Trending"],"articleSection":["Le\u00f3n XIV"],"inLanguage":"es"},{"@type":"WebPage","@id":"https:\/\/exaudi.org\/es\/francisco-el-compromiso-por-los-derechos-humanos-no-se-acaba-nunca\/","url":"https:\/\/exaudi.org\/es\/francisco-el-compromiso-por-los-derechos-humanos-no-se-acaba-nunca\/","name":"Francisco: El compromiso por los derechos humanos no se acaba nunca &#8211; Exaudi","isPartOf":{"@id":"https:\/\/exaudi.org\/#website"},"primaryImageOfPage":{"@id":"https:\/\/exaudi.org\/es\/francisco-el-compromiso-por-los-derechos-humanos-no-se-acaba-nunca\/#primaryimage"},"image":{"@id":"https:\/\/exaudi.org\/es\/francisco-el-compromiso-por-los-derechos-humanos-no-se-acaba-nunca\/#primaryimage"},"thumbnailUrl":"https:\/\/exaudi.org\/wp-content\/uploads\/2023\/12\/pexels-mathias-reding-4468974-scaled.jpg","datePublished":"2023-12-11T07:35:38+00:00","dateModified":"2023-12-11T08:05:20+00:00","author":{"@id":"https:\/\/exaudi.org\/#\/schema\/person\/f5fc8f063065e38742da7afe15f25df7"},"breadcrumb":{"@id":"https:\/\/exaudi.org\/es\/francisco-el-compromiso-por-los-derechos-humanos-no-se-acaba-nunca\/#breadcrumb"},"inLanguage":"es","potentialAction":[{"@type":"ReadAction","target":["https:\/\/exaudi.org\/es\/francisco-el-compromiso-por-los-derechos-humanos-no-se-acaba-nunca\/"]}]},{"@type":"ImageObject","inLanguage":"es","@id":"https:\/\/exaudi.org\/es\/francisco-el-compromiso-por-los-derechos-humanos-no-se-acaba-nunca\/#primaryimage","url":"https:\/\/exaudi.org\/wp-content\/uploads\/2023\/12\/pexels-mathias-reding-4468974-scaled.jpg","contentUrl":"https:\/\/exaudi.org\/wp-content\/uploads\/2023\/12\/pexels-mathias-reding-4468974-scaled.jpg","width":2560,"height":1707},{"@type":"BreadcrumbList","@id":"https:\/\/exaudi.org\/es\/francisco-el-compromiso-por-los-derechos-humanos-no-se-acaba-nunca\/#breadcrumb","itemListElement":[{"@type":"ListItem","position":1,"name":"Portada","item":"https:\/\/exaudi.org\/es\/"},{"@type":"ListItem","position":2,"name":"Francisco: El compromiso por los derechos humanos no se acaba nunca"}]},{"@type":"WebSite","@id":"https:\/\/exaudi.org\/#website","url":"https:\/\/exaudi.org\/","name":"Exaudi","description":"News","potentialAction":[{"@type":"SearchAction","target":{"@type":"EntryPoint","urlTemplate":"https:\/\/exaudi.org\/?s={search_term_string}"},"query-input":{"@type":"PropertyValueSpecification","valueRequired":true,"valueName":"search_term_string"}}],"inLanguage":"es"},{"@type":"Person","@id":"https:\/\/exaudi.org\/#\/schema\/person\/f5fc8f063065e38742da7afe15f25df7","name":"Exaudi Redacci\u00f3n","image":{"@type":"ImageObject","inLanguage":"es","@id":"https:\/\/secure.gravatar.com\/avatar\/fe0f6a059fb68d9b3e11bc5850dd4899b1c7492091a3cb6dd9b01b56ad828be2?s=96&d=mm&r=g","url":"https:\/\/secure.gravatar.com\/avatar\/fe0f6a059fb68d9b3e11bc5850dd4899b1c7492091a3cb6dd9b01b56ad828be2?s=96&d=mm&r=g","contentUrl":"https:\/\/secure.gravatar.com\/avatar\/fe0f6a059fb68d9b3e11bc5850dd4899b1c7492091a3cb6dd9b01b56ad828be2?s=96&d=mm&r=g","caption":"Exaudi Redacci\u00f3n"},"description":"\u00bfQu\u00e9 es Exaudi News? Exaudi News es un medio de comunicaci\u00f3n cat\u00f3lico internacional que informa, forma y transforma, diariamente en espa\u00f1ol, ingl\u00e9s e italiano. A trav\u00e9s de noticias, art\u00edculos de an\u00e1lisis y transmisiones en directo de los eventos del Papa, Exaudi busca fortalecer la unidad de los cristianos y contribuir a la evangelizaci\u00f3n del mundo, siempre guiados por la doctrina social de la Iglesia. Trabajamos para acercar la verdad y los valores cristianos a cada rinc\u00f3n del planeta. \u00a1Ay\u00fadanos a transformar el mundo con Exaudi! En Exaudi creemos que la evangelizaci\u00f3n y la informaci\u00f3n de calidad pueden cambiar vidas. Para continuar con nuestra misi\u00f3n y expandir nuestro alcance, necesitamos tu ayuda. Adem\u00e1s, buscamos personas comprometidas que deseen unirse a nuestro equipo. Con tu apoyo, lograremos llegar a m\u00e1s personas, difundir el mensaje de Cristo y reforzar la unidad de los cristianos. \u00bfTe unes a nuestra misi\u00f3n? Para m\u00e1s informaci\u00f3n sobre c\u00f3mo colaborar, visita Exaudi.org\/es o cont\u00e1ctanos directamente: info@exaudi.org Exaudi: Informa, forma y transforma.","sameAs":["https:\/\/www.facebook.com\/ExaudiNoticias\/","https:\/\/www.instagram.com\/exaudi_noticias\/","https:\/\/x.com\/Exaudi_noticias","https:\/\/www.youtube.com\/@exaudicatholicnews"],"url":"https:\/\/exaudi.org\/es\/author\/redaccionexaudi\/"}]}},"jetpack_featured_media_url":"https:\/\/exaudi.org\/wp-content\/uploads\/2023\/12\/pexels-mathias-reding-4468974-scaled.jpg","jetpack_shortlink":"https:\/\/wp.me\/pgKjF2-npO","_links":{"self":[{"href":"https:\/\/exaudi.org\/es\/wp-json\/wp\/v2\/posts\/90012","targetHints":{"allow":["GET"]}}],"collection":[{"href":"https:\/\/exaudi.org\/es\/wp-json\/wp\/v2\/posts"}],"about":[{"href":"https:\/\/exaudi.org\/es\/wp-json\/wp\/v2\/types\/post"}],"author":[{"embeddable":true,"href":"https:\/\/exaudi.org\/es\/wp-json\/wp\/v2\/users\/15"}],"replies":[{"embeddable":true,"href":"https:\/\/exaudi.org\/es\/wp-json\/wp\/v2\/comments?post=90012"}],"version-history":[{"count":0,"href":"https:\/\/exaudi.org\/es\/wp-json\/wp\/v2\/posts\/90012\/revisions"}],"wp:featuredmedia":[{"embeddable":true,"href":"https:\/\/exaudi.org\/es\/wp-json\/wp\/v2\/media\/90013"}],"wp:attachment":[{"href":"https:\/\/exaudi.org\/es\/wp-json\/wp\/v2\/media?parent=90012"}],"wp:term":[{"taxonomy":"category","embeddable":true,"href":"https:\/\/exaudi.org\/es\/wp-json\/wp\/v2\/categories?post=90012"},{"taxonomy":"post_tag","embeddable":true,"href":"https:\/\/exaudi.org\/es\/wp-json\/wp\/v2\/tags?post=90012"}],"curies":[{"name":"wp","href":"https:\/\/api.w.org\/{rel}","templated":true}]}}