{"id":89905,"date":"2023-12-09T09:23:54","date_gmt":"2023-12-09T08:23:54","guid":{"rendered":"https:\/\/exaudi.org\/?p=89905"},"modified":"2023-12-10T09:56:38","modified_gmt":"2023-12-10T08:56:38","slug":"reflexion-de-mons-enrique-diaz-consuelen-consuelen-a-mi-pueblo","status":"publish","type":"post","link":"https:\/\/exaudi.org\/es\/reflexion-de-mons-enrique-diaz-consuelen-consuelen-a-mi-pueblo\/","title":{"rendered":"Reflexi\u00f3n de Mons. Enrique D\u00edaz: Consuelen, consuelen a mi pueblo"},"content":{"rendered":"<audio class=\"wp-audio-shortcode\" id=\"audio-89905-1\" preload=\"none\" style=\"width: 100%;\" controls=\"controls\"><source type=\"audio\/mpeg\" src=\"https:\/\/exaudi.org\/wp-content\/uploads\/2023\/12\/10-Diciembre.mp3?_=1\" \/><a href=\"https:\/\/exaudi.org\/wp-content\/uploads\/2023\/12\/10-Diciembre.mp3\">https:\/\/exaudi.org\/wp-content\/uploads\/2023\/12\/10-Diciembre.mp3<\/a><\/audio>\n<p>Mons. Enrique D\u00edaz D\u00edaz comparte con los lectores de Exaudi su reflexi\u00f3n sobre el\u00a0<a href=\"https:\/\/www.dominicos.org\/predicacion\/homilia\/10-12-2023\/lecturas\/\" target=\"_blank\" rel=\"noopener\">Evangelio de este Domingo 10 de diciembre de 2023<\/a>, titulado: <em>\u201cConsuelen, consuelen a mi pueblo\u201d<\/em><\/p>\n<p>***<\/p>\n<p>Isa\u00edas 40, 1-5. 9-11: <em>\u201cConsuelen, consuelen a mi pueblo\u201d<\/em><\/p>\n<p>Salmo 84: <em>\u201cMu\u00e9stranos, Se\u00f1or, tu misericordia y danos al Salvador\u201d<\/em><\/p>\n<p>II Pedro: <em>\u201cEsperamos un cielo nuevo y una tierra nueva\u201d<\/em><\/p>\n<p>San Marcos 1, 1-8: <em>\u201cEnderecen los senderos del Se\u00f1or\u201d<\/em><\/p>\n<p>No es dif\u00edcil encontrar graves situaciones de angustias, desconsuelos y pobrezas en nuestra patria. El dolor se une al hambre, y las injusticias y los enga\u00f1os van de la mano con la escasez. En todo nuestro territorio mexicano, tan golpeado en estos tiempos por la pobreza y las violencias, se multiplican las situaciones graves que nos hacen gritar al cielo, buscando un verdadero consuelo. \u00bfQu\u00e9 palabras le podemos dirigir a una madre que se desgarra y clama por la muerte de su peque\u00f1o inocente? \u00bfC\u00f3mo consolar a quien llora por su adolescente sumido en las drogas y cooptado por las bandas criminales? \u00a0Hoy se escuchan muy cercanas las palabras del profeta Isa\u00edas: <em>\u201cConsuelen, consuelen a mi pueblo\u201d. <\/em>No son tan distintas las situaciones del pueblo de Israel que se encuentra en el destierro y que, con angustia, ve c\u00f3mo se destruyen las familias, c\u00f3mo se corrompen las costumbres, c\u00f3mo se diluye la esperanza. Y a ellos pretende el Se\u00f1or, con la palabra de Isa\u00edas, ofrecer una inyecci\u00f3n de fe y reavivar la llama de la esperanza que ya se estaba extinguiendo. En este segundo domingo de Adviento resuenan estas mismas palabras como un rayo de esperanza para todos aquellos que se encuentran en la oscuridad, para quien ha perdido la fe y para quien se siente abandonado: <em>\u201cConsuelen, consuelen a mi pueblo\u201d.<\/em><\/p>\n<p>Atenci\u00f3n, mucha atenci\u00f3n porque este Domingo es para nosotros y trae buenas nuevas. No nos equivoquemos, no pensemos que las palabras del profeta ofrecen consuelos artificiales, ni esperemos soluciones f\u00e1ciles y simplonas. El mensajero de Buenas Nuevas que sube a lo alto del monte no pretende cambiar lo superficial sino ofrece un verdadero cambio interior al reconocer que est\u00e1 presente en medio de nosotros el Se\u00f1or: <em>\u201cAlza tu voz y anuncia: \u2018Aqu\u00ed est\u00e1 su Dios\u2019\u201d<\/em>. No es milagrer\u00eda ni felicidades compradas, lo que promete el Se\u00f1or a trav\u00e9s de su profeta, es la presencia de Dios en medio de su pueblo que sufre.<\/p>\n<p>S\u00ed, Dios est\u00e1 con aquella ni\u00f1a que la brutalidad del alcohol y las drogas mantiene en estado vegetativo; Dios se asoma a la miseria de nuestras casas; Dios camina con el migrante que, acorralado por las necesidades, se aventura en busca de mejores condiciones de vida; Dios se hace sacrifico y sangre en las incontables v\u00edctimas de la violencia y la ambici\u00f3n que a diario caen en nuestros campos y ciudades. Dios se hace presencia en todas esas situaciones absurdas de desprecio a la dignidad de la persona y comparte con los peque\u00f1os su dolor. Y entonces el dolor, el hambre y la injusticia tienen otro sentido, porque est\u00e1n en manos del Se\u00f1or que no quiere que nadie perezca sino que todos se salven. No, no es conformismo ni postergar soluciones ampar\u00e1ndonos en un providencialismo para excusarnos de nuestros compromisos. Todo lo contrario, es asumir estas situaciones como no queridas por Dios, pero que claman respuestas y compromisos serios.\u00a0 Por eso Isa\u00edas, al mismo tiempo que proclama esperanza, exige<em>: \u201cPreparen el camino del Se\u00f1or en el desierto\u201d<\/em>. Parecer\u00eda absurdo hacer veredas y caminos en el desierto, pero es la \u00fanica forma de cambiar las situaciones: en donde parece que no hay esperanza tenemos que darle su lugar y espacio a Dios, tendremos que abrirle camino y dejarlo actuar conforme a sus designios. Se requiere un verdadero cambio, una conversi\u00f3n interior, para abrir una brecha al Se\u00f1or que ya llega.<\/p>\n<p>San Pedro, en su carta, tambi\u00e9n nos anima a esa esperanza din\u00e1mica y activa de quien se sabe en manos de Dios, y despierta nuevas ilusiones en quien se siente perdido: <em>\u201cConfiamos en la promesa del Se\u00f1or y esperamos un cielo nuevo y una tierra nueva, en qu\u00e9 habite la justicia\u201d<\/em>. No es una promesa cualquiera, ni es una preparaci\u00f3n superficial, sino un cambio verdadero que nos lleve hasta la creaci\u00f3n de un cielo nuevo y una tierra nueva. La base no ser\u00e1n las comodidades y las indiferencias, no \u00a0ser\u00e1 la apat\u00eda frente al hermano desamparado, ni el cerrar las cortinas para no contemplar las desgracias; se sustenta en la construcci\u00f3n de un espacio donde habite la justicia. No habr\u00e1 verdadera felicidad mientras nuestros consuelos pasen por las injusticias; no encontraremos la fraternidad mientras reine la mentira; y no tendremos paz en el coraz\u00f3n mientras lo llenemos de ego\u00edsmo. Y contin\u00faa San Pedro: \u201c<em>Por tanto, queridos hermanos, apoyados en esta esperanza, pongan todo su empe\u00f1o en que el Se\u00f1or los halle en paz con \u00c9l, sin mancha ni reproche\u201d.<\/em>\u00a0 No se admiten ambig\u00fcedades, ni se pueden encontrar otras soluciones, la presencia de Dios est\u00e1 condicionada a una verdadera paz<\/p>\n<p>San Marcos tambi\u00e9n pone su granito de arena, o sus toneladas de optimismo, al anunciarnos su propuesta al inicio de su escrito: <em>\u201cEste es el principio del Evangelio (Buena Nueva) de Jesucristo, Hijo de Dios\u201d. <\/em>\u00a0La gran Buena Nueva, el gran comienzo de toda noticia, es Jesucristo que se hace presente en medio de nosotros. No hay noticia m\u00e1s grande ni m\u00e1s maravillosa. S\u00f3lo \u00c9l, que asume nuestros dolores y miserias, puede darle sentido a una vida llena de absurdos y contradicciones. S\u00f3lo \u00c9l es capaz de transformar nuestras vidas sin sentido en vidas plenas. Pero igualmente, San Marcos al presentarnos el gran Regalo del Padre, nos exige, con las mismas palabras de Isa\u00edas, preparar el camino. As\u00ed que manos a la obra: empecemos a abrir camino, rompamos esas enormes rocas de ego\u00edsmo que tapan nuestros encuentros; llenemos de cari\u00f1o y compromisos esos enormes hoyos que han dejado nuestras omisiones e indiferencias; enderecemos bien la mira y dirij\u00e1monos a la meta de la fraternidad y la comprensi\u00f3n; quitemos las espinas que est\u00e1n lastimando a los hermanos\u2026 \u00a1Abramos el camino al Se\u00f1or! Y el camino del Se\u00f1or pasa por el rostro concreto del hermano que sufre.<\/p>\n<p>Segundo domingo de Adviento nos invita a convertirnos en pregoneros de Buenas Noticias pero al estilo de Isa\u00edas y Juan Bautista. Escuchemos las palabras de consuelo pero tambi\u00e9n las exigencias de verdadera conversi\u00f3n. Cierto es que estos d\u00edas el ambiente se torna dulz\u00f3n y delicado, pero no se solucionan los problemas. Jes\u00fas para llegar a nosotros nos pide que nuestra proclama vaya respaldada por un compromiso serio, por una esperanza grande y por una fe inquebrantable. \u00a1Ven, Se\u00f1or, Jes\u00fas!<\/p>\n<p><em>Padre Dios, cuyos o\u00eddos est\u00e1n atentos a nuestros dolores y nuestras angustias, consuela a tu pueblo que se prepara para la Venida de tu Hijo, renovando su esperanza y fortaleciendo su fortaleciendo su fe. Am\u00e9n.<\/em><\/p>\n","protected":false},"excerpt":{"rendered":"<p>II Domingo de Adviento<\/p>\n","protected":false},"author":15,"featured_media":89906,"comment_status":"closed","ping_status":"closed","sticky":false,"template":"","format":"standard","meta":{"_acf_changed":false,"_crdt_document":"","inline_featured_image":false,"footnotes":""},"categories":[96,74],"tags":[5654,1372,11448,414,4953],"class_list":["post-89905","post","type-post","status-publish","format-standard","has-post-thumbnail","hentry","category-espiritualidad","category-iglesia-y-mundo","tag-enrique-diaz","tag-evangelio","tag-ii-domingo-adviento","tag-reflexion","tag-trending-es"],"acf":[],"yoast_head":"<!-- This site is optimized with the Yoast SEO plugin v27.4 - https:\/\/yoast.com\/product\/yoast-seo-wordpress\/ -->\n<title>Reflexi\u00f3n de Mons. Enrique D\u00edaz: Consuelen, consuelen a mi pueblo &#8211; Exaudi<\/title>\n<meta name=\"robots\" content=\"index, follow, max-snippet:-1, max-image-preview:large, max-video-preview:-1\" \/>\n<link rel=\"canonical\" href=\"https:\/\/exaudi.org\/es\/reflexion-de-mons-enrique-diaz-consuelen-consuelen-a-mi-pueblo\/\" \/>\n<meta property=\"og:locale\" content=\"es_ES\" \/>\n<meta property=\"og:type\" content=\"article\" \/>\n<meta property=\"og:title\" content=\"Reflexi\u00f3n de Mons. Enrique D\u00edaz: Consuelen, consuelen a mi pueblo &#8211; Exaudi\" \/>\n<meta property=\"og:description\" content=\"II Domingo de Adviento\" \/>\n<meta property=\"og:url\" content=\"https:\/\/exaudi.org\/es\/reflexion-de-mons-enrique-diaz-consuelen-consuelen-a-mi-pueblo\/\" \/>\n<meta property=\"og:site_name\" content=\"Exaudi\" \/>\n<meta property=\"article:publisher\" content=\"https:\/\/www.facebook.com\/ExaudiNews\" \/>\n<meta property=\"article:author\" content=\"https:\/\/www.facebook.com\/ExaudiNoticias\/\" \/>\n<meta property=\"article:published_time\" content=\"2023-12-09T08:23:54+00:00\" \/>\n<meta property=\"article:modified_time\" content=\"2023-12-10T08:56:38+00:00\" \/>\n<meta property=\"og:image\" content=\"https:\/\/exaudi.org\/wp-content\/uploads\/2023\/12\/cathopic_1523292201263604.jpg\" \/>\n\t<meta property=\"og:image:width\" content=\"1920\" \/>\n\t<meta property=\"og:image:height\" content=\"1280\" \/>\n\t<meta property=\"og:image:type\" content=\"image\/jpeg\" \/>\n<meta name=\"author\" content=\"Exaudi Redacci\u00f3n\" \/>\n<meta name=\"twitter:card\" content=\"summary_large_image\" \/>\n<meta name=\"twitter:creator\" content=\"@Exaudi_noticias\" \/>\n<meta name=\"twitter:site\" content=\"@Exaudi_News\" \/>\n<meta name=\"twitter:label1\" content=\"Escrito por\" \/>\n\t<meta name=\"twitter:data1\" content=\"Exaudi Redacci\u00f3n\" \/>\n\t<meta name=\"twitter:label2\" content=\"Tiempo de lectura\" \/>\n\t<meta name=\"twitter:data2\" content=\"6 minutos\" \/>\n<script type=\"application\/ld+json\" class=\"yoast-schema-graph\">{\"@context\":\"https:\\\/\\\/schema.org\",\"@graph\":[{\"@type\":\"Article\",\"@id\":\"https:\\\/\\\/exaudi.org\\\/es\\\/reflexion-de-mons-enrique-diaz-consuelen-consuelen-a-mi-pueblo\\\/#article\",\"isPartOf\":{\"@id\":\"https:\\\/\\\/exaudi.org\\\/es\\\/reflexion-de-mons-enrique-diaz-consuelen-consuelen-a-mi-pueblo\\\/\"},\"author\":{\"name\":\"Exaudi Redacci\u00f3n\",\"@id\":\"https:\\\/\\\/exaudi.org\\\/#\\\/schema\\\/person\\\/f5fc8f063065e38742da7afe15f25df7\"},\"headline\":\"Reflexi\u00f3n de Mons. Enrique D\u00edaz: Consuelen, consuelen a mi pueblo\",\"datePublished\":\"2023-12-09T08:23:54+00:00\",\"dateModified\":\"2023-12-10T08:56:38+00:00\",\"mainEntityOfPage\":{\"@id\":\"https:\\\/\\\/exaudi.org\\\/es\\\/reflexion-de-mons-enrique-diaz-consuelen-consuelen-a-mi-pueblo\\\/\"},\"wordCount\":1231,\"image\":{\"@id\":\"https:\\\/\\\/exaudi.org\\\/es\\\/reflexion-de-mons-enrique-diaz-consuelen-consuelen-a-mi-pueblo\\\/#primaryimage\"},\"thumbnailUrl\":\"https:\\\/\\\/exaudi.org\\\/wp-content\\\/uploads\\\/2023\\\/12\\\/cathopic_1523292201263604.jpg\",\"keywords\":[\"Enrique D\u00edaz\",\"Evangelio\",\"II Domingo Adviento\",\"Reflexi\u00f3n\",\"Trending\"],\"articleSection\":[\"Espiritualidad\",\"Iglesia y Mundo\"],\"inLanguage\":\"es\"},{\"@type\":\"WebPage\",\"@id\":\"https:\\\/\\\/exaudi.org\\\/es\\\/reflexion-de-mons-enrique-diaz-consuelen-consuelen-a-mi-pueblo\\\/\",\"url\":\"https:\\\/\\\/exaudi.org\\\/es\\\/reflexion-de-mons-enrique-diaz-consuelen-consuelen-a-mi-pueblo\\\/\",\"name\":\"Reflexi\u00f3n de Mons. Enrique D\u00edaz: Consuelen, consuelen a mi pueblo &#8211; Exaudi\",\"isPartOf\":{\"@id\":\"https:\\\/\\\/exaudi.org\\\/#website\"},\"primaryImageOfPage\":{\"@id\":\"https:\\\/\\\/exaudi.org\\\/es\\\/reflexion-de-mons-enrique-diaz-consuelen-consuelen-a-mi-pueblo\\\/#primaryimage\"},\"image\":{\"@id\":\"https:\\\/\\\/exaudi.org\\\/es\\\/reflexion-de-mons-enrique-diaz-consuelen-consuelen-a-mi-pueblo\\\/#primaryimage\"},\"thumbnailUrl\":\"https:\\\/\\\/exaudi.org\\\/wp-content\\\/uploads\\\/2023\\\/12\\\/cathopic_1523292201263604.jpg\",\"datePublished\":\"2023-12-09T08:23:54+00:00\",\"dateModified\":\"2023-12-10T08:56:38+00:00\",\"author\":{\"@id\":\"https:\\\/\\\/exaudi.org\\\/#\\\/schema\\\/person\\\/f5fc8f063065e38742da7afe15f25df7\"},\"breadcrumb\":{\"@id\":\"https:\\\/\\\/exaudi.org\\\/es\\\/reflexion-de-mons-enrique-diaz-consuelen-consuelen-a-mi-pueblo\\\/#breadcrumb\"},\"inLanguage\":\"es\",\"potentialAction\":[{\"@type\":\"ReadAction\",\"target\":[\"https:\\\/\\\/exaudi.org\\\/es\\\/reflexion-de-mons-enrique-diaz-consuelen-consuelen-a-mi-pueblo\\\/\"]}]},{\"@type\":\"ImageObject\",\"inLanguage\":\"es\",\"@id\":\"https:\\\/\\\/exaudi.org\\\/es\\\/reflexion-de-mons-enrique-diaz-consuelen-consuelen-a-mi-pueblo\\\/#primaryimage\",\"url\":\"https:\\\/\\\/exaudi.org\\\/wp-content\\\/uploads\\\/2023\\\/12\\\/cathopic_1523292201263604.jpg\",\"contentUrl\":\"https:\\\/\\\/exaudi.org\\\/wp-content\\\/uploads\\\/2023\\\/12\\\/cathopic_1523292201263604.jpg\",\"width\":1920,\"height\":1280,\"caption\":\"Cathopic\"},{\"@type\":\"BreadcrumbList\",\"@id\":\"https:\\\/\\\/exaudi.org\\\/es\\\/reflexion-de-mons-enrique-diaz-consuelen-consuelen-a-mi-pueblo\\\/#breadcrumb\",\"itemListElement\":[{\"@type\":\"ListItem\",\"position\":1,\"name\":\"Portada\",\"item\":\"https:\\\/\\\/exaudi.org\\\/es\\\/\"},{\"@type\":\"ListItem\",\"position\":2,\"name\":\"Reflexi\u00f3n de Mons. Enrique D\u00edaz: Consuelen, consuelen a mi pueblo\"}]},{\"@type\":\"WebSite\",\"@id\":\"https:\\\/\\\/exaudi.org\\\/#website\",\"url\":\"https:\\\/\\\/exaudi.org\\\/\",\"name\":\"Exaudi\",\"description\":\"News\",\"potentialAction\":[{\"@type\":\"SearchAction\",\"target\":{\"@type\":\"EntryPoint\",\"urlTemplate\":\"https:\\\/\\\/exaudi.org\\\/?s={search_term_string}\"},\"query-input\":{\"@type\":\"PropertyValueSpecification\",\"valueRequired\":true,\"valueName\":\"search_term_string\"}}],\"inLanguage\":\"es\"},{\"@type\":\"Person\",\"@id\":\"https:\\\/\\\/exaudi.org\\\/#\\\/schema\\\/person\\\/f5fc8f063065e38742da7afe15f25df7\",\"name\":\"Exaudi Redacci\u00f3n\",\"image\":{\"@type\":\"ImageObject\",\"inLanguage\":\"es\",\"@id\":\"https:\\\/\\\/secure.gravatar.com\\\/avatar\\\/fe0f6a059fb68d9b3e11bc5850dd4899b1c7492091a3cb6dd9b01b56ad828be2?s=96&d=mm&r=g\",\"url\":\"https:\\\/\\\/secure.gravatar.com\\\/avatar\\\/fe0f6a059fb68d9b3e11bc5850dd4899b1c7492091a3cb6dd9b01b56ad828be2?s=96&d=mm&r=g\",\"contentUrl\":\"https:\\\/\\\/secure.gravatar.com\\\/avatar\\\/fe0f6a059fb68d9b3e11bc5850dd4899b1c7492091a3cb6dd9b01b56ad828be2?s=96&d=mm&r=g\",\"caption\":\"Exaudi Redacci\u00f3n\"},\"description\":\"\u00bfQu\u00e9 es Exaudi News? Exaudi News es un medio de comunicaci\u00f3n cat\u00f3lico internacional que informa, forma y transforma, diariamente en espa\u00f1ol, ingl\u00e9s e italiano. A trav\u00e9s de noticias, art\u00edculos de an\u00e1lisis y transmisiones en directo de los eventos del Papa, Exaudi busca fortalecer la unidad de los cristianos y contribuir a la evangelizaci\u00f3n del mundo, siempre guiados por la doctrina social de la Iglesia. Trabajamos para acercar la verdad y los valores cristianos a cada rinc\u00f3n del planeta. \u00a1Ay\u00fadanos a transformar el mundo con Exaudi! En Exaudi creemos que la evangelizaci\u00f3n y la informaci\u00f3n de calidad pueden cambiar vidas. Para continuar con nuestra misi\u00f3n y expandir nuestro alcance, necesitamos tu ayuda. Adem\u00e1s, buscamos personas comprometidas que deseen unirse a nuestro equipo. Con tu apoyo, lograremos llegar a m\u00e1s personas, difundir el mensaje de Cristo y reforzar la unidad de los cristianos. \u00bfTe unes a nuestra misi\u00f3n? Para m\u00e1s informaci\u00f3n sobre c\u00f3mo colaborar, visita Exaudi.org\\\/es o cont\u00e1ctanos directamente: info@exaudi.org Exaudi: Informa, forma y transforma.\",\"sameAs\":[\"https:\\\/\\\/www.facebook.com\\\/ExaudiNoticias\\\/\",\"https:\\\/\\\/www.instagram.com\\\/exaudi_noticias\\\/\",\"https:\\\/\\\/x.com\\\/Exaudi_noticias\",\"https:\\\/\\\/www.youtube.com\\\/@exaudicatholicnews\"],\"url\":\"https:\\\/\\\/exaudi.org\\\/es\\\/author\\\/redaccionexaudi\\\/\"}]}<\/script>\n<!-- \/ Yoast SEO plugin. -->","yoast_head_json":{"title":"Reflexi\u00f3n de Mons. Enrique D\u00edaz: Consuelen, consuelen a mi pueblo &#8211; Exaudi","robots":{"index":"index","follow":"follow","max-snippet":"max-snippet:-1","max-image-preview":"max-image-preview:large","max-video-preview":"max-video-preview:-1"},"canonical":"https:\/\/exaudi.org\/es\/reflexion-de-mons-enrique-diaz-consuelen-consuelen-a-mi-pueblo\/","og_locale":"es_ES","og_type":"article","og_title":"Reflexi\u00f3n de Mons. Enrique D\u00edaz: Consuelen, consuelen a mi pueblo &#8211; Exaudi","og_description":"II Domingo de Adviento","og_url":"https:\/\/exaudi.org\/es\/reflexion-de-mons-enrique-diaz-consuelen-consuelen-a-mi-pueblo\/","og_site_name":"Exaudi","article_publisher":"https:\/\/www.facebook.com\/ExaudiNews","article_author":"https:\/\/www.facebook.com\/ExaudiNoticias\/","article_published_time":"2023-12-09T08:23:54+00:00","article_modified_time":"2023-12-10T08:56:38+00:00","og_image":[{"width":1920,"height":1280,"url":"https:\/\/exaudi.org\/wp-content\/uploads\/2023\/12\/cathopic_1523292201263604.jpg","type":"image\/jpeg"}],"author":"Exaudi Redacci\u00f3n","twitter_card":"summary_large_image","twitter_creator":"@Exaudi_noticias","twitter_site":"@Exaudi_News","twitter_misc":{"Escrito por":"Exaudi Redacci\u00f3n","Tiempo de lectura":"6 minutos"},"schema":{"@context":"https:\/\/schema.org","@graph":[{"@type":"Article","@id":"https:\/\/exaudi.org\/es\/reflexion-de-mons-enrique-diaz-consuelen-consuelen-a-mi-pueblo\/#article","isPartOf":{"@id":"https:\/\/exaudi.org\/es\/reflexion-de-mons-enrique-diaz-consuelen-consuelen-a-mi-pueblo\/"},"author":{"name":"Exaudi Redacci\u00f3n","@id":"https:\/\/exaudi.org\/#\/schema\/person\/f5fc8f063065e38742da7afe15f25df7"},"headline":"Reflexi\u00f3n de Mons. Enrique D\u00edaz: Consuelen, consuelen a mi pueblo","datePublished":"2023-12-09T08:23:54+00:00","dateModified":"2023-12-10T08:56:38+00:00","mainEntityOfPage":{"@id":"https:\/\/exaudi.org\/es\/reflexion-de-mons-enrique-diaz-consuelen-consuelen-a-mi-pueblo\/"},"wordCount":1231,"image":{"@id":"https:\/\/exaudi.org\/es\/reflexion-de-mons-enrique-diaz-consuelen-consuelen-a-mi-pueblo\/#primaryimage"},"thumbnailUrl":"https:\/\/exaudi.org\/wp-content\/uploads\/2023\/12\/cathopic_1523292201263604.jpg","keywords":["Enrique D\u00edaz","Evangelio","II Domingo Adviento","Reflexi\u00f3n","Trending"],"articleSection":["Espiritualidad","Iglesia y Mundo"],"inLanguage":"es"},{"@type":"WebPage","@id":"https:\/\/exaudi.org\/es\/reflexion-de-mons-enrique-diaz-consuelen-consuelen-a-mi-pueblo\/","url":"https:\/\/exaudi.org\/es\/reflexion-de-mons-enrique-diaz-consuelen-consuelen-a-mi-pueblo\/","name":"Reflexi\u00f3n de Mons. Enrique D\u00edaz: Consuelen, consuelen a mi pueblo &#8211; Exaudi","isPartOf":{"@id":"https:\/\/exaudi.org\/#website"},"primaryImageOfPage":{"@id":"https:\/\/exaudi.org\/es\/reflexion-de-mons-enrique-diaz-consuelen-consuelen-a-mi-pueblo\/#primaryimage"},"image":{"@id":"https:\/\/exaudi.org\/es\/reflexion-de-mons-enrique-diaz-consuelen-consuelen-a-mi-pueblo\/#primaryimage"},"thumbnailUrl":"https:\/\/exaudi.org\/wp-content\/uploads\/2023\/12\/cathopic_1523292201263604.jpg","datePublished":"2023-12-09T08:23:54+00:00","dateModified":"2023-12-10T08:56:38+00:00","author":{"@id":"https:\/\/exaudi.org\/#\/schema\/person\/f5fc8f063065e38742da7afe15f25df7"},"breadcrumb":{"@id":"https:\/\/exaudi.org\/es\/reflexion-de-mons-enrique-diaz-consuelen-consuelen-a-mi-pueblo\/#breadcrumb"},"inLanguage":"es","potentialAction":[{"@type":"ReadAction","target":["https:\/\/exaudi.org\/es\/reflexion-de-mons-enrique-diaz-consuelen-consuelen-a-mi-pueblo\/"]}]},{"@type":"ImageObject","inLanguage":"es","@id":"https:\/\/exaudi.org\/es\/reflexion-de-mons-enrique-diaz-consuelen-consuelen-a-mi-pueblo\/#primaryimage","url":"https:\/\/exaudi.org\/wp-content\/uploads\/2023\/12\/cathopic_1523292201263604.jpg","contentUrl":"https:\/\/exaudi.org\/wp-content\/uploads\/2023\/12\/cathopic_1523292201263604.jpg","width":1920,"height":1280,"caption":"Cathopic"},{"@type":"BreadcrumbList","@id":"https:\/\/exaudi.org\/es\/reflexion-de-mons-enrique-diaz-consuelen-consuelen-a-mi-pueblo\/#breadcrumb","itemListElement":[{"@type":"ListItem","position":1,"name":"Portada","item":"https:\/\/exaudi.org\/es\/"},{"@type":"ListItem","position":2,"name":"Reflexi\u00f3n de Mons. Enrique D\u00edaz: Consuelen, consuelen a mi pueblo"}]},{"@type":"WebSite","@id":"https:\/\/exaudi.org\/#website","url":"https:\/\/exaudi.org\/","name":"Exaudi","description":"News","potentialAction":[{"@type":"SearchAction","target":{"@type":"EntryPoint","urlTemplate":"https:\/\/exaudi.org\/?s={search_term_string}"},"query-input":{"@type":"PropertyValueSpecification","valueRequired":true,"valueName":"search_term_string"}}],"inLanguage":"es"},{"@type":"Person","@id":"https:\/\/exaudi.org\/#\/schema\/person\/f5fc8f063065e38742da7afe15f25df7","name":"Exaudi Redacci\u00f3n","image":{"@type":"ImageObject","inLanguage":"es","@id":"https:\/\/secure.gravatar.com\/avatar\/fe0f6a059fb68d9b3e11bc5850dd4899b1c7492091a3cb6dd9b01b56ad828be2?s=96&d=mm&r=g","url":"https:\/\/secure.gravatar.com\/avatar\/fe0f6a059fb68d9b3e11bc5850dd4899b1c7492091a3cb6dd9b01b56ad828be2?s=96&d=mm&r=g","contentUrl":"https:\/\/secure.gravatar.com\/avatar\/fe0f6a059fb68d9b3e11bc5850dd4899b1c7492091a3cb6dd9b01b56ad828be2?s=96&d=mm&r=g","caption":"Exaudi Redacci\u00f3n"},"description":"\u00bfQu\u00e9 es Exaudi News? Exaudi News es un medio de comunicaci\u00f3n cat\u00f3lico internacional que informa, forma y transforma, diariamente en espa\u00f1ol, ingl\u00e9s e italiano. A trav\u00e9s de noticias, art\u00edculos de an\u00e1lisis y transmisiones en directo de los eventos del Papa, Exaudi busca fortalecer la unidad de los cristianos y contribuir a la evangelizaci\u00f3n del mundo, siempre guiados por la doctrina social de la Iglesia. Trabajamos para acercar la verdad y los valores cristianos a cada rinc\u00f3n del planeta. \u00a1Ay\u00fadanos a transformar el mundo con Exaudi! En Exaudi creemos que la evangelizaci\u00f3n y la informaci\u00f3n de calidad pueden cambiar vidas. Para continuar con nuestra misi\u00f3n y expandir nuestro alcance, necesitamos tu ayuda. Adem\u00e1s, buscamos personas comprometidas que deseen unirse a nuestro equipo. Con tu apoyo, lograremos llegar a m\u00e1s personas, difundir el mensaje de Cristo y reforzar la unidad de los cristianos. \u00bfTe unes a nuestra misi\u00f3n? Para m\u00e1s informaci\u00f3n sobre c\u00f3mo colaborar, visita Exaudi.org\/es o cont\u00e1ctanos directamente: info@exaudi.org Exaudi: Informa, forma y transforma.","sameAs":["https:\/\/www.facebook.com\/ExaudiNoticias\/","https:\/\/www.instagram.com\/exaudi_noticias\/","https:\/\/x.com\/Exaudi_noticias","https:\/\/www.youtube.com\/@exaudicatholicnews"],"url":"https:\/\/exaudi.org\/es\/author\/redaccionexaudi\/"}]}},"jetpack_featured_media_url":"https:\/\/exaudi.org\/wp-content\/uploads\/2023\/12\/cathopic_1523292201263604.jpg","jetpack_shortlink":"https:\/\/wp.me\/pgKjF2-no5","_links":{"self":[{"href":"https:\/\/exaudi.org\/es\/wp-json\/wp\/v2\/posts\/89905","targetHints":{"allow":["GET"]}}],"collection":[{"href":"https:\/\/exaudi.org\/es\/wp-json\/wp\/v2\/posts"}],"about":[{"href":"https:\/\/exaudi.org\/es\/wp-json\/wp\/v2\/types\/post"}],"author":[{"embeddable":true,"href":"https:\/\/exaudi.org\/es\/wp-json\/wp\/v2\/users\/15"}],"replies":[{"embeddable":true,"href":"https:\/\/exaudi.org\/es\/wp-json\/wp\/v2\/comments?post=89905"}],"version-history":[{"count":0,"href":"https:\/\/exaudi.org\/es\/wp-json\/wp\/v2\/posts\/89905\/revisions"}],"wp:featuredmedia":[{"embeddable":true,"href":"https:\/\/exaudi.org\/es\/wp-json\/wp\/v2\/media\/89906"}],"wp:attachment":[{"href":"https:\/\/exaudi.org\/es\/wp-json\/wp\/v2\/media?parent=89905"}],"wp:term":[{"taxonomy":"category","embeddable":true,"href":"https:\/\/exaudi.org\/es\/wp-json\/wp\/v2\/categories?post=89905"},{"taxonomy":"post_tag","embeddable":true,"href":"https:\/\/exaudi.org\/es\/wp-json\/wp\/v2\/tags?post=89905"}],"curies":[{"name":"wp","href":"https:\/\/api.w.org\/{rel}","templated":true}]}}