{"id":89869,"date":"2023-12-08T18:39:27","date_gmt":"2023-12-08T17:39:27","guid":{"rendered":"https:\/\/exaudi.org\/?p=89869"},"modified":"2023-12-08T18:41:23","modified_gmt":"2023-12-08T17:41:23","slug":"proclamadas-las-obras-finalistas-del-xliii-premio-mundial-de-poesia-mistica-fernando-rielo","status":"publish","type":"post","link":"https:\/\/exaudi.org\/es\/proclamadas-las-obras-finalistas-del-xliii-premio-mundial-de-poesia-mistica-fernando-rielo\/","title":{"rendered":"Proclamadas las obras finalistas del XLIII Premio Mundial de Poes\u00eda M\u00edstica Fernando Rielo"},"content":{"rendered":"<audio class=\"wp-audio-shortcode\" id=\"audio-89869-1\" preload=\"none\" style=\"width: 100%;\" controls=\"controls\"><source type=\"audio\/mpeg\" src=\"https:\/\/exaudi.org\/wp-content\/uploads\/2023\/12\/Premio-Fernando-Rielo.mp3?_=1\" \/><a href=\"https:\/\/exaudi.org\/wp-content\/uploads\/2023\/12\/Premio-Fernando-Rielo.mp3\">https:\/\/exaudi.org\/wp-content\/uploads\/2023\/12\/Premio-Fernando-Rielo.mp3<\/a><\/audio>\n<p>La proclamaci\u00f3n de la obra ganadora tendr\u00e1 lugar el pr\u00f3ximo 15 de diciembre, en acto p\u00fablico.<\/p>\n<p>Las obras:<\/p>\n<p><strong><em>Visiones,<\/em><\/strong> de C\u00e9sar Augusto Franco Mart\u00ednez,\u00a0 (Segovia, ESPA\u00d1A)<\/p>\n<p><strong><em>Palabras impares<\/em><\/strong>, de\u00a0 Luis \u00c1ngel Ru\u00edz Herrero (Sevilla, ESPA\u00d1A)<\/p>\n<p><strong><em>The Glass Jar<\/em><\/strong>, de Robert Morrison Randolph (USA)<\/p>\n<p><strong><em>Jes\u00fas, el Hijo de Dios<\/em><\/strong><strong><em>,<\/em><\/strong> de Oswaldo Jos\u00e9 S\u00e1nchez Pieri (Buenos Aires, ARGENTINA)<\/p>\n<p><strong><em>La mano enajenada<\/em><\/strong> de Antonio Bocanegra Padilla (San Fernando, C\u00e1diz, ESPA\u00d1A)<\/p>\n<p><strong><em>Si digo que te amo<\/em><\/strong><strong>,<\/strong> de Soledad S\u00e1nchez Mulas,\u00a0 (Salamanca, ESPA\u00d1A)<\/p>\n<p><strong><em>Di\u00e1logo amoroso del alma y su Se\u00f1or<\/em><\/strong>, de Teresa Mart\u00ednez Espejo y Lucrecio Serrano Pedroche (Madrid, Espa\u00f1a)<\/p>\n<p><strong><em>Peregrinaci\u00f3n a F\u00e1tima<\/em><\/strong>, de Javier Alvarado (Panam\u00e1, PANAM\u00c1)<\/p>\n<p><strong><em>Hablando a mi Se\u00f1or<\/em><\/strong>, de Mar\u00eda Eugenia Su\u00e1rez de Balza (Puerto Ordaz, VENEZUELA)<\/p>\n<p><strong><em>R\u00edo oculto<\/em><\/strong>, de Sonia Losada Dom\u00ednguez (Madrid, Espa\u00f1a)<\/p>\n<p><strong><em>Experiencia de Ti<\/em><\/strong>, de Elena Mart\u00edn Ot\u00edn<em>\u00a0<\/em>(Madrid, Espa\u00f1a)<\/p>\n<p><strong><em>El Cuerpo de Cristo<\/em><\/strong><strong><em>, <\/em><\/strong>\u00a0de Carlos Gonz\u00e1lez Garc\u00eda (Fresnedillas de la Oliva, Madrid, ESPA\u00d1A)<\/p>\n<p>han sido seleccionadas de entre las 268 procedentes de 22 pa\u00edses, en la edici\u00f3n de este presente 2023, edici\u00f3n XLIII.<\/p>\n<p>El Premio Mundial de Poes\u00eda M\u00edstica, dotado con 7.000 \u20ac, la edici\u00f3n de la obra ganadora y medalla conmemorativa, ser\u00e1 fallado en acto p\u00fablico, el pr\u00f3ximo 15 de diciembre, viernes, a las 18 horas de Madrid (Espa\u00f1a), en el Aula Magna de la Universidad Pontificia de Salamanca.<\/p>\n","protected":false},"excerpt":{"rendered":"<p>Los doce poemarios finalistas proceden de Argentina, Estados Unidos, Panam\u00e1, Venezuela y Espa\u00f1a<\/p>\n","protected":false},"author":15,"featured_media":89870,"comment_status":"closed","ping_status":"closed","sticky":false,"template":"","format":"standard","meta":{"_acf_changed":false,"_crdt_document":"","inline_featured_image":false,"footnotes":""},"categories":[74],"tags":[10108,11421,11422],"class_list":["post-89869","post","type-post","status-publish","format-standard","has-post-thumbnail","hentry","category-iglesia-y-mundo","tag-fernando-rielo","tag-poesia-mistica","tag-premio-mundial"],"acf":[],"yoast_head":"<!-- This site is optimized with the Yoast SEO plugin v27.4 - https:\/\/yoast.com\/product\/yoast-seo-wordpress\/ -->\n<title>Proclamadas las obras finalistas del XLIII Premio Mundial de Poes\u00eda M\u00edstica Fernando Rielo &#8211; Exaudi<\/title>\n<meta name=\"robots\" content=\"index, follow, max-snippet:-1, max-image-preview:large, max-video-preview:-1\" \/>\n<link rel=\"canonical\" href=\"https:\/\/exaudi.org\/es\/proclamadas-las-obras-finalistas-del-xliii-premio-mundial-de-poesia-mistica-fernando-rielo\/\" \/>\n<meta property=\"og:locale\" content=\"es_ES\" \/>\n<meta property=\"og:type\" content=\"article\" \/>\n<meta property=\"og:title\" content=\"Proclamadas las obras finalistas del XLIII Premio Mundial de Poes\u00eda M\u00edstica Fernando Rielo &#8211; Exaudi\" \/>\n<meta property=\"og:description\" content=\"Los doce poemarios finalistas proceden de Argentina, Estados Unidos, Panam\u00e1, Venezuela y Espa\u00f1a\" \/>\n<meta property=\"og:url\" content=\"https:\/\/exaudi.org\/es\/proclamadas-las-obras-finalistas-del-xliii-premio-mundial-de-poesia-mistica-fernando-rielo\/\" \/>\n<meta property=\"og:site_name\" content=\"Exaudi\" \/>\n<meta property=\"article:publisher\" content=\"https:\/\/www.facebook.com\/ExaudiNews\" \/>\n<meta property=\"article:author\" content=\"https:\/\/www.facebook.com\/ExaudiNoticias\/\" \/>\n<meta property=\"article:published_time\" content=\"2023-12-08T17:39:27+00:00\" \/>\n<meta property=\"article:modified_time\" content=\"2023-12-08T17:41:23+00:00\" \/>\n<meta property=\"og:image\" content=\"https:\/\/exaudi.org\/wp-content\/uploads\/2023\/12\/angel-bases-color-415x705-1-e1702057162473.jpg\" \/>\n\t<meta property=\"og:image:width\" content=\"414\" \/>\n\t<meta property=\"og:image:height\" content=\"276\" \/>\n\t<meta property=\"og:image:type\" content=\"image\/jpeg\" \/>\n<meta name=\"author\" content=\"Exaudi Redacci\u00f3n\" \/>\n<meta name=\"twitter:card\" content=\"summary_large_image\" \/>\n<meta name=\"twitter:creator\" content=\"@Exaudi_noticias\" \/>\n<meta name=\"twitter:site\" content=\"@Exaudi_News\" \/>\n<meta name=\"twitter:label1\" content=\"Escrito por\" \/>\n\t<meta name=\"twitter:data1\" content=\"Exaudi Redacci\u00f3n\" \/>\n\t<meta name=\"twitter:label2\" content=\"Tiempo de lectura\" \/>\n\t<meta name=\"twitter:data2\" content=\"1 minuto\" \/>\n<script type=\"application\/ld+json\" class=\"yoast-schema-graph\">{\"@context\":\"https:\\\/\\\/schema.org\",\"@graph\":[{\"@type\":\"Article\",\"@id\":\"https:\\\/\\\/exaudi.org\\\/es\\\/proclamadas-las-obras-finalistas-del-xliii-premio-mundial-de-poesia-mistica-fernando-rielo\\\/#article\",\"isPartOf\":{\"@id\":\"https:\\\/\\\/exaudi.org\\\/es\\\/proclamadas-las-obras-finalistas-del-xliii-premio-mundial-de-poesia-mistica-fernando-rielo\\\/\"},\"author\":{\"name\":\"Exaudi Redacci\u00f3n\",\"@id\":\"https:\\\/\\\/exaudi.org\\\/#\\\/schema\\\/person\\\/f5fc8f063065e38742da7afe15f25df7\"},\"headline\":\"Proclamadas las obras finalistas del XLIII Premio Mundial de Poes\u00eda M\u00edstica Fernando Rielo\",\"datePublished\":\"2023-12-08T17:39:27+00:00\",\"dateModified\":\"2023-12-08T17:41:23+00:00\",\"mainEntityOfPage\":{\"@id\":\"https:\\\/\\\/exaudi.org\\\/es\\\/proclamadas-las-obras-finalistas-del-xliii-premio-mundial-de-poesia-mistica-fernando-rielo\\\/\"},\"wordCount\":272,\"image\":{\"@id\":\"https:\\\/\\\/exaudi.org\\\/es\\\/proclamadas-las-obras-finalistas-del-xliii-premio-mundial-de-poesia-mistica-fernando-rielo\\\/#primaryimage\"},\"thumbnailUrl\":\"https:\\\/\\\/exaudi.org\\\/wp-content\\\/uploads\\\/2023\\\/12\\\/angel-bases-color-415x705-1-e1702057162473.jpg\",\"keywords\":[\"Fernando Rielo\",\"Poes\u00eda M\u00edstica\",\"Premio Mundial\"],\"articleSection\":[\"Iglesia y Mundo\"],\"inLanguage\":\"es\"},{\"@type\":\"WebPage\",\"@id\":\"https:\\\/\\\/exaudi.org\\\/es\\\/proclamadas-las-obras-finalistas-del-xliii-premio-mundial-de-poesia-mistica-fernando-rielo\\\/\",\"url\":\"https:\\\/\\\/exaudi.org\\\/es\\\/proclamadas-las-obras-finalistas-del-xliii-premio-mundial-de-poesia-mistica-fernando-rielo\\\/\",\"name\":\"Proclamadas las obras finalistas del XLIII Premio Mundial de Poes\u00eda M\u00edstica Fernando Rielo &#8211; Exaudi\",\"isPartOf\":{\"@id\":\"https:\\\/\\\/exaudi.org\\\/#website\"},\"primaryImageOfPage\":{\"@id\":\"https:\\\/\\\/exaudi.org\\\/es\\\/proclamadas-las-obras-finalistas-del-xliii-premio-mundial-de-poesia-mistica-fernando-rielo\\\/#primaryimage\"},\"image\":{\"@id\":\"https:\\\/\\\/exaudi.org\\\/es\\\/proclamadas-las-obras-finalistas-del-xliii-premio-mundial-de-poesia-mistica-fernando-rielo\\\/#primaryimage\"},\"thumbnailUrl\":\"https:\\\/\\\/exaudi.org\\\/wp-content\\\/uploads\\\/2023\\\/12\\\/angel-bases-color-415x705-1-e1702057162473.jpg\",\"datePublished\":\"2023-12-08T17:39:27+00:00\",\"dateModified\":\"2023-12-08T17:41:23+00:00\",\"author\":{\"@id\":\"https:\\\/\\\/exaudi.org\\\/#\\\/schema\\\/person\\\/f5fc8f063065e38742da7afe15f25df7\"},\"breadcrumb\":{\"@id\":\"https:\\\/\\\/exaudi.org\\\/es\\\/proclamadas-las-obras-finalistas-del-xliii-premio-mundial-de-poesia-mistica-fernando-rielo\\\/#breadcrumb\"},\"inLanguage\":\"es\",\"potentialAction\":[{\"@type\":\"ReadAction\",\"target\":[\"https:\\\/\\\/exaudi.org\\\/es\\\/proclamadas-las-obras-finalistas-del-xliii-premio-mundial-de-poesia-mistica-fernando-rielo\\\/\"]}]},{\"@type\":\"ImageObject\",\"inLanguage\":\"es\",\"@id\":\"https:\\\/\\\/exaudi.org\\\/es\\\/proclamadas-las-obras-finalistas-del-xliii-premio-mundial-de-poesia-mistica-fernando-rielo\\\/#primaryimage\",\"url\":\"https:\\\/\\\/exaudi.org\\\/wp-content\\\/uploads\\\/2023\\\/12\\\/angel-bases-color-415x705-1-e1702057162473.jpg\",\"contentUrl\":\"https:\\\/\\\/exaudi.org\\\/wp-content\\\/uploads\\\/2023\\\/12\\\/angel-bases-color-415x705-1-e1702057162473.jpg\",\"width\":414,\"height\":276},{\"@type\":\"BreadcrumbList\",\"@id\":\"https:\\\/\\\/exaudi.org\\\/es\\\/proclamadas-las-obras-finalistas-del-xliii-premio-mundial-de-poesia-mistica-fernando-rielo\\\/#breadcrumb\",\"itemListElement\":[{\"@type\":\"ListItem\",\"position\":1,\"name\":\"Portada\",\"item\":\"https:\\\/\\\/exaudi.org\\\/es\\\/\"},{\"@type\":\"ListItem\",\"position\":2,\"name\":\"Proclamadas las obras finalistas del XLIII Premio Mundial de Poes\u00eda M\u00edstica Fernando Rielo\"}]},{\"@type\":\"WebSite\",\"@id\":\"https:\\\/\\\/exaudi.org\\\/#website\",\"url\":\"https:\\\/\\\/exaudi.org\\\/\",\"name\":\"Exaudi\",\"description\":\"News\",\"potentialAction\":[{\"@type\":\"SearchAction\",\"target\":{\"@type\":\"EntryPoint\",\"urlTemplate\":\"https:\\\/\\\/exaudi.org\\\/?s={search_term_string}\"},\"query-input\":{\"@type\":\"PropertyValueSpecification\",\"valueRequired\":true,\"valueName\":\"search_term_string\"}}],\"inLanguage\":\"es\"},{\"@type\":\"Person\",\"@id\":\"https:\\\/\\\/exaudi.org\\\/#\\\/schema\\\/person\\\/f5fc8f063065e38742da7afe15f25df7\",\"name\":\"Exaudi Redacci\u00f3n\",\"image\":{\"@type\":\"ImageObject\",\"inLanguage\":\"es\",\"@id\":\"https:\\\/\\\/secure.gravatar.com\\\/avatar\\\/fe0f6a059fb68d9b3e11bc5850dd4899b1c7492091a3cb6dd9b01b56ad828be2?s=96&d=mm&r=g\",\"url\":\"https:\\\/\\\/secure.gravatar.com\\\/avatar\\\/fe0f6a059fb68d9b3e11bc5850dd4899b1c7492091a3cb6dd9b01b56ad828be2?s=96&d=mm&r=g\",\"contentUrl\":\"https:\\\/\\\/secure.gravatar.com\\\/avatar\\\/fe0f6a059fb68d9b3e11bc5850dd4899b1c7492091a3cb6dd9b01b56ad828be2?s=96&d=mm&r=g\",\"caption\":\"Exaudi Redacci\u00f3n\"},\"description\":\"\u00bfQu\u00e9 es Exaudi News? Exaudi News es un medio de comunicaci\u00f3n cat\u00f3lico internacional que informa, forma y transforma, diariamente en espa\u00f1ol, ingl\u00e9s e italiano. A trav\u00e9s de noticias, art\u00edculos de an\u00e1lisis y transmisiones en directo de los eventos del Papa, Exaudi busca fortalecer la unidad de los cristianos y contribuir a la evangelizaci\u00f3n del mundo, siempre guiados por la doctrina social de la Iglesia. Trabajamos para acercar la verdad y los valores cristianos a cada rinc\u00f3n del planeta. \u00a1Ay\u00fadanos a transformar el mundo con Exaudi! En Exaudi creemos que la evangelizaci\u00f3n y la informaci\u00f3n de calidad pueden cambiar vidas. Para continuar con nuestra misi\u00f3n y expandir nuestro alcance, necesitamos tu ayuda. Adem\u00e1s, buscamos personas comprometidas que deseen unirse a nuestro equipo. Con tu apoyo, lograremos llegar a m\u00e1s personas, difundir el mensaje de Cristo y reforzar la unidad de los cristianos. \u00bfTe unes a nuestra misi\u00f3n? Para m\u00e1s informaci\u00f3n sobre c\u00f3mo colaborar, visita Exaudi.org\\\/es o cont\u00e1ctanos directamente: info@exaudi.org Exaudi: Informa, forma y transforma.\",\"sameAs\":[\"https:\\\/\\\/www.facebook.com\\\/ExaudiNoticias\\\/\",\"https:\\\/\\\/www.instagram.com\\\/exaudi_noticias\\\/\",\"https:\\\/\\\/x.com\\\/Exaudi_noticias\",\"https:\\\/\\\/www.youtube.com\\\/@exaudicatholicnews\"],\"url\":\"https:\\\/\\\/exaudi.org\\\/es\\\/author\\\/redaccionexaudi\\\/\"}]}<\/script>\n<!-- \/ Yoast SEO plugin. -->","yoast_head_json":{"title":"Proclamadas las obras finalistas del XLIII Premio Mundial de Poes\u00eda M\u00edstica Fernando Rielo &#8211; Exaudi","robots":{"index":"index","follow":"follow","max-snippet":"max-snippet:-1","max-image-preview":"max-image-preview:large","max-video-preview":"max-video-preview:-1"},"canonical":"https:\/\/exaudi.org\/es\/proclamadas-las-obras-finalistas-del-xliii-premio-mundial-de-poesia-mistica-fernando-rielo\/","og_locale":"es_ES","og_type":"article","og_title":"Proclamadas las obras finalistas del XLIII Premio Mundial de Poes\u00eda M\u00edstica Fernando Rielo &#8211; Exaudi","og_description":"Los doce poemarios finalistas proceden de Argentina, Estados Unidos, Panam\u00e1, Venezuela y Espa\u00f1a","og_url":"https:\/\/exaudi.org\/es\/proclamadas-las-obras-finalistas-del-xliii-premio-mundial-de-poesia-mistica-fernando-rielo\/","og_site_name":"Exaudi","article_publisher":"https:\/\/www.facebook.com\/ExaudiNews","article_author":"https:\/\/www.facebook.com\/ExaudiNoticias\/","article_published_time":"2023-12-08T17:39:27+00:00","article_modified_time":"2023-12-08T17:41:23+00:00","og_image":[{"width":414,"height":276,"url":"https:\/\/exaudi.org\/wp-content\/uploads\/2023\/12\/angel-bases-color-415x705-1-e1702057162473.jpg","type":"image\/jpeg"}],"author":"Exaudi Redacci\u00f3n","twitter_card":"summary_large_image","twitter_creator":"@Exaudi_noticias","twitter_site":"@Exaudi_News","twitter_misc":{"Escrito por":"Exaudi Redacci\u00f3n","Tiempo de lectura":"1 minuto"},"schema":{"@context":"https:\/\/schema.org","@graph":[{"@type":"Article","@id":"https:\/\/exaudi.org\/es\/proclamadas-las-obras-finalistas-del-xliii-premio-mundial-de-poesia-mistica-fernando-rielo\/#article","isPartOf":{"@id":"https:\/\/exaudi.org\/es\/proclamadas-las-obras-finalistas-del-xliii-premio-mundial-de-poesia-mistica-fernando-rielo\/"},"author":{"name":"Exaudi Redacci\u00f3n","@id":"https:\/\/exaudi.org\/#\/schema\/person\/f5fc8f063065e38742da7afe15f25df7"},"headline":"Proclamadas las obras finalistas del XLIII Premio Mundial de Poes\u00eda M\u00edstica Fernando Rielo","datePublished":"2023-12-08T17:39:27+00:00","dateModified":"2023-12-08T17:41:23+00:00","mainEntityOfPage":{"@id":"https:\/\/exaudi.org\/es\/proclamadas-las-obras-finalistas-del-xliii-premio-mundial-de-poesia-mistica-fernando-rielo\/"},"wordCount":272,"image":{"@id":"https:\/\/exaudi.org\/es\/proclamadas-las-obras-finalistas-del-xliii-premio-mundial-de-poesia-mistica-fernando-rielo\/#primaryimage"},"thumbnailUrl":"https:\/\/exaudi.org\/wp-content\/uploads\/2023\/12\/angel-bases-color-415x705-1-e1702057162473.jpg","keywords":["Fernando Rielo","Poes\u00eda M\u00edstica","Premio Mundial"],"articleSection":["Iglesia y Mundo"],"inLanguage":"es"},{"@type":"WebPage","@id":"https:\/\/exaudi.org\/es\/proclamadas-las-obras-finalistas-del-xliii-premio-mundial-de-poesia-mistica-fernando-rielo\/","url":"https:\/\/exaudi.org\/es\/proclamadas-las-obras-finalistas-del-xliii-premio-mundial-de-poesia-mistica-fernando-rielo\/","name":"Proclamadas las obras finalistas del XLIII Premio Mundial de Poes\u00eda M\u00edstica Fernando Rielo &#8211; Exaudi","isPartOf":{"@id":"https:\/\/exaudi.org\/#website"},"primaryImageOfPage":{"@id":"https:\/\/exaudi.org\/es\/proclamadas-las-obras-finalistas-del-xliii-premio-mundial-de-poesia-mistica-fernando-rielo\/#primaryimage"},"image":{"@id":"https:\/\/exaudi.org\/es\/proclamadas-las-obras-finalistas-del-xliii-premio-mundial-de-poesia-mistica-fernando-rielo\/#primaryimage"},"thumbnailUrl":"https:\/\/exaudi.org\/wp-content\/uploads\/2023\/12\/angel-bases-color-415x705-1-e1702057162473.jpg","datePublished":"2023-12-08T17:39:27+00:00","dateModified":"2023-12-08T17:41:23+00:00","author":{"@id":"https:\/\/exaudi.org\/#\/schema\/person\/f5fc8f063065e38742da7afe15f25df7"},"breadcrumb":{"@id":"https:\/\/exaudi.org\/es\/proclamadas-las-obras-finalistas-del-xliii-premio-mundial-de-poesia-mistica-fernando-rielo\/#breadcrumb"},"inLanguage":"es","potentialAction":[{"@type":"ReadAction","target":["https:\/\/exaudi.org\/es\/proclamadas-las-obras-finalistas-del-xliii-premio-mundial-de-poesia-mistica-fernando-rielo\/"]}]},{"@type":"ImageObject","inLanguage":"es","@id":"https:\/\/exaudi.org\/es\/proclamadas-las-obras-finalistas-del-xliii-premio-mundial-de-poesia-mistica-fernando-rielo\/#primaryimage","url":"https:\/\/exaudi.org\/wp-content\/uploads\/2023\/12\/angel-bases-color-415x705-1-e1702057162473.jpg","contentUrl":"https:\/\/exaudi.org\/wp-content\/uploads\/2023\/12\/angel-bases-color-415x705-1-e1702057162473.jpg","width":414,"height":276},{"@type":"BreadcrumbList","@id":"https:\/\/exaudi.org\/es\/proclamadas-las-obras-finalistas-del-xliii-premio-mundial-de-poesia-mistica-fernando-rielo\/#breadcrumb","itemListElement":[{"@type":"ListItem","position":1,"name":"Portada","item":"https:\/\/exaudi.org\/es\/"},{"@type":"ListItem","position":2,"name":"Proclamadas las obras finalistas del XLIII Premio Mundial de Poes\u00eda M\u00edstica Fernando Rielo"}]},{"@type":"WebSite","@id":"https:\/\/exaudi.org\/#website","url":"https:\/\/exaudi.org\/","name":"Exaudi","description":"News","potentialAction":[{"@type":"SearchAction","target":{"@type":"EntryPoint","urlTemplate":"https:\/\/exaudi.org\/?s={search_term_string}"},"query-input":{"@type":"PropertyValueSpecification","valueRequired":true,"valueName":"search_term_string"}}],"inLanguage":"es"},{"@type":"Person","@id":"https:\/\/exaudi.org\/#\/schema\/person\/f5fc8f063065e38742da7afe15f25df7","name":"Exaudi Redacci\u00f3n","image":{"@type":"ImageObject","inLanguage":"es","@id":"https:\/\/secure.gravatar.com\/avatar\/fe0f6a059fb68d9b3e11bc5850dd4899b1c7492091a3cb6dd9b01b56ad828be2?s=96&d=mm&r=g","url":"https:\/\/secure.gravatar.com\/avatar\/fe0f6a059fb68d9b3e11bc5850dd4899b1c7492091a3cb6dd9b01b56ad828be2?s=96&d=mm&r=g","contentUrl":"https:\/\/secure.gravatar.com\/avatar\/fe0f6a059fb68d9b3e11bc5850dd4899b1c7492091a3cb6dd9b01b56ad828be2?s=96&d=mm&r=g","caption":"Exaudi Redacci\u00f3n"},"description":"\u00bfQu\u00e9 es Exaudi News? Exaudi News es un medio de comunicaci\u00f3n cat\u00f3lico internacional que informa, forma y transforma, diariamente en espa\u00f1ol, ingl\u00e9s e italiano. A trav\u00e9s de noticias, art\u00edculos de an\u00e1lisis y transmisiones en directo de los eventos del Papa, Exaudi busca fortalecer la unidad de los cristianos y contribuir a la evangelizaci\u00f3n del mundo, siempre guiados por la doctrina social de la Iglesia. Trabajamos para acercar la verdad y los valores cristianos a cada rinc\u00f3n del planeta. \u00a1Ay\u00fadanos a transformar el mundo con Exaudi! En Exaudi creemos que la evangelizaci\u00f3n y la informaci\u00f3n de calidad pueden cambiar vidas. Para continuar con nuestra misi\u00f3n y expandir nuestro alcance, necesitamos tu ayuda. Adem\u00e1s, buscamos personas comprometidas que deseen unirse a nuestro equipo. Con tu apoyo, lograremos llegar a m\u00e1s personas, difundir el mensaje de Cristo y reforzar la unidad de los cristianos. \u00bfTe unes a nuestra misi\u00f3n? Para m\u00e1s informaci\u00f3n sobre c\u00f3mo colaborar, visita Exaudi.org\/es o cont\u00e1ctanos directamente: info@exaudi.org Exaudi: Informa, forma y transforma.","sameAs":["https:\/\/www.facebook.com\/ExaudiNoticias\/","https:\/\/www.instagram.com\/exaudi_noticias\/","https:\/\/x.com\/Exaudi_noticias","https:\/\/www.youtube.com\/@exaudicatholicnews"],"url":"https:\/\/exaudi.org\/es\/author\/redaccionexaudi\/"}]}},"jetpack_featured_media_url":"https:\/\/exaudi.org\/wp-content\/uploads\/2023\/12\/angel-bases-color-415x705-1-e1702057162473.jpg","jetpack_shortlink":"https:\/\/wp.me\/pgKjF2-nnv","_links":{"self":[{"href":"https:\/\/exaudi.org\/es\/wp-json\/wp\/v2\/posts\/89869","targetHints":{"allow":["GET"]}}],"collection":[{"href":"https:\/\/exaudi.org\/es\/wp-json\/wp\/v2\/posts"}],"about":[{"href":"https:\/\/exaudi.org\/es\/wp-json\/wp\/v2\/types\/post"}],"author":[{"embeddable":true,"href":"https:\/\/exaudi.org\/es\/wp-json\/wp\/v2\/users\/15"}],"replies":[{"embeddable":true,"href":"https:\/\/exaudi.org\/es\/wp-json\/wp\/v2\/comments?post=89869"}],"version-history":[{"count":0,"href":"https:\/\/exaudi.org\/es\/wp-json\/wp\/v2\/posts\/89869\/revisions"}],"wp:featuredmedia":[{"embeddable":true,"href":"https:\/\/exaudi.org\/es\/wp-json\/wp\/v2\/media\/89870"}],"wp:attachment":[{"href":"https:\/\/exaudi.org\/es\/wp-json\/wp\/v2\/media?parent=89869"}],"wp:term":[{"taxonomy":"category","embeddable":true,"href":"https:\/\/exaudi.org\/es\/wp-json\/wp\/v2\/categories?post=89869"},{"taxonomy":"post_tag","embeddable":true,"href":"https:\/\/exaudi.org\/es\/wp-json\/wp\/v2\/tags?post=89869"}],"curies":[{"name":"wp","href":"https:\/\/api.w.org\/{rel}","templated":true}]}}