{"id":89864,"date":"2023-12-08T15:28:46","date_gmt":"2023-12-08T14:28:46","guid":{"rendered":"https:\/\/exaudi.org\/?p=89864"},"modified":"2023-12-10T09:58:09","modified_gmt":"2023-12-10T08:58:09","slug":"la-inmaculada-concepcion-una-invitacion-a-vivir-con-asombro-y-fidelidad","status":"publish","type":"post","link":"https:\/\/exaudi.org\/es\/la-inmaculada-concepcion-una-invitacion-a-vivir-con-asombro-y-fidelidad\/","title":{"rendered":"\u201cLa Inmaculada Concepci\u00f3n: una invitaci\u00f3n a vivir con asombro y fidelidad\u201d"},"content":{"rendered":"<p>En el \u00c1ngelus en la Solemnidad de la Inmaculada Concepci\u00f3n, el Santo Padre Francisco se\u00f1al\u00f3 el asombro ante las obras de Dios y la fidelidad en las cosas simples, como las dos actitudes que permitieron a Mar\u00eda mantener su coraz\u00f3n libre de pecado: \u00abQue Mar\u00eda Inmaculada &#8211; rez\u00f3 el Papa &#8211; nos ayude a asombrarnos ante los dones de Dios y a responder a ellos con fiel generosidad cada d\u00eda\u00bb.<\/p>\n<p>Estas fueron las palabras del Papa al introducir la oraci\u00f3n mariana:<\/p>\n<p>***<\/p>\n<h3><strong>Palabras del Papa<\/strong><\/h3>\n<p>Queridos hermanos y hermanas, \u00a1buenos d\u00edas y feliz fiesta!<\/p>\n<p>Hoy, solemnidad de la Inmaculada Concepci\u00f3n, el Evangelio nos presenta la escena de la Anunciaci\u00f3n (cfr. <em>Lc<\/em> 1,26-38). En ella se muestran dos actitudes de Mar\u00eda que ayudan a comprender c\u00f3mo custodi\u00f3 el don \u00fanico que recibi\u00f3, un coraz\u00f3n totalmente libre de pecado. Y estas dos actitudes son\u00a0<i>el asombro<\/i>\u00a0ante las obras de Dios y\u00a0<i>la fidelidad<\/i>\u00a0en las cosas simples.<\/p>\n<p>Veamos el primero:\u00a0<i>el asombro<\/i>. El \u00e1ngel dice a Mar\u00eda: \u00ab\u00a1Al\u00e9grate, llena de gracia, el Se\u00f1or est\u00e1 contigo!\u00bb (v. 28); el evangelista Lucas escribe que la Virgen \u00abqued\u00f3 desconcertada, y se preguntaba qu\u00e9 pod\u00eda significar ese saludo\u00bb (v. 29). Se queda sorprendida, desconcertada, turbada: se asombra cuando oye que el \u00e1ngel la llama \u00abllena de gracia\u00bb -la Virgen es humilde-, es decir, llena del amor de Dios. Esta es una actitud noble: saber asombrarse ante los dones del Se\u00f1or, no darlos nunca por descontados, apreciar su valor, alegrarse de la confianza y la ternura que traen consigo. Y tambi\u00e9n es importante testimoniar este asombro delante de los dem\u00e1s hablando con humildad de los dones de Dios, del bien recibido, y no solo de los problemas cotidianos. Ser m\u00e1s positivos. Podemos preguntarnos: \u00bfs\u00e9 asombrarme ante las obras de Dios? \u00bfExperimento maravilla alguna vez y la comparto con alguien? \u00bfO busco siempre las cosas feas, las cosas tristes?<\/p>\n<p>Vamos con la segunda actitud:\u00a0<i>la fidelidad en las cosas simples<\/i>. El Evangelio, antes de la Anunciaci\u00f3n, no dice nada sobre Mar\u00eda. Nos la presenta como una muchacha sencilla, aparentemente igual a muchas otras que viv\u00edan en su pueblo. Una joven que, precisamente gracias a su sencillez, ha conservado puro el Coraz\u00f3n Inmaculado con el que, por gracia de Dios, fue concebida. Esto tambi\u00e9n es importante, porque para acoger los grandes dones de Dios es fundamental atesorar los m\u00e1s cotidianos y menos llamativos.<\/p>\n<p>Precisamente a trav\u00e9s de la\u00a0<i>fidelidad cotidiana al bien<\/i>, la Virgen permiti\u00f3 que creciera en ella el don de Dios; de este modo, se ejercit\u00f3 para responder al Se\u00f1or, para decirle \u00abs\u00ed\u00bb con toda su vida.<\/p>\n<p>Entonces, pregunt\u00e9monos: \u00bfcreo que lo importante, tanto en las situaciones cotidianas como en el camino espiritual, es la fidelidad a Dios? Y, si lo creo, \u00bfencuentro tiempo para leer el Evangelio, para rezar, para participar en la Eucarist\u00eda y recibir el Perd\u00f3n sacramental, para hacer alg\u00fan gesto concreto de servicio gratuito? Son esas peque\u00f1as opciones de cada d\u00eda las que resultan decisivas para acoger la presencia del Se\u00f1or.<\/p>\n<p>Que Mar\u00eda Inmaculada nos ayude a asombrarnos ante los dones de Dios y a responder a ellos con fiel generosidad cada d\u00eda.<\/p>\n<p>______________________________<\/p>\n<p><b>Despu\u00e9s del \u00c1ngelus<\/b><\/p>\n<p>Queridos hermanos y hermanas:<\/p>\n<figure id=\"attachment_89865\" aria-describedby=\"caption-attachment-89865\" style=\"width: 300px\" class=\"wp-caption alignright\"><img loading=\"lazy\" decoding=\"async\" class=\"size-medium wp-image-89865\" src=\"https:\/\/exaudi.org\/wp-content\/uploads\/2023\/12\/Angelus-8-diciembre-2023-300x200.jpeg\" alt=\"\" width=\"300\" height=\"200\" srcset=\"https:\/\/exaudi.org\/wp-content\/uploads\/2023\/12\/Angelus-8-diciembre-2023-300x200.jpeg 300w, https:\/\/exaudi.org\/wp-content\/uploads\/2023\/12\/Angelus-8-diciembre-2023-770x513.jpeg 770w, https:\/\/exaudi.org\/wp-content\/uploads\/2023\/12\/Angelus-8-diciembre-2023-360x240.jpeg?crop=1 360w, https:\/\/exaudi.org\/wp-content\/uploads\/2023\/12\/Angelus-8-diciembre-2023-500x333.jpeg 500w, https:\/\/exaudi.org\/wp-content\/uploads\/2023\/12\/Angelus-8-diciembre-2023-370x247.jpeg 370w, https:\/\/exaudi.org\/wp-content\/uploads\/2023\/12\/Angelus-8-diciembre-2023-293x195.jpeg 293w, https:\/\/exaudi.org\/wp-content\/uploads\/2023\/12\/Angelus-8-diciembre-2023-120x80.jpeg 120w, https:\/\/exaudi.org\/wp-content\/uploads\/2023\/12\/Angelus-8-diciembre-2023-240x160.jpeg 240w, https:\/\/exaudi.org\/wp-content\/uploads\/2023\/12\/Angelus-8-diciembre-2023-390x260.jpeg 390w, https:\/\/exaudi.org\/wp-content\/uploads\/2023\/12\/Angelus-8-diciembre-2023.jpeg 800w\" sizes=\"auto, (max-width: 300px) 100vw, 300px\" \/><figcaption id=\"caption-attachment-89865\" class=\"wp-caption-text\">Vatican Media<\/figcaption><\/figure>\n<p>Saludo con afecto a los romanos y a los peregrinos procedentes de Italia y de diversos pa\u00edses, en especial a los fieles de Novoli y a los chicos de Confirmaci\u00f3n de Cingoli.<\/p>\n<p>En esta fiesta de la Inmaculada, en las parroquias italianas se renueva la adhesi\u00f3n a la Acci\u00f3n Cat\u00f3lica. Animo a todos los socios, desde los m\u00e1s j\u00f3venes hasta los ancianos, a ser piedras vivas en la Iglesia y levadura buena en la sociedad. \u00a1Buen camino!<\/p>\n<p>Bendigo de coraz\u00f3n a los fieles de Rocca di Papa y la antorcha con la que encender\u00e1n la gran estrella sobre la fortaleza de su bella ciudad, en honor a Mar\u00eda Inmaculada.<\/p>\n<p>Env\u00edo mi saludo a los fieles de la di\u00f3cesis de Quebec, en Canad\u00e1, que celebran hoy a su Patrona, la Inmaculada, e inauguran el Jubileo del 350\u00b0 aniversario de la di\u00f3cesis. Quebec fue la primera di\u00f3cesis fundada en Canad\u00e1. \u00a1Feliz a\u00f1o jubilar y que la Virgen Mar\u00eda os acompa\u00f1e!<\/p>\n<p>Y ahora tengo la alegr\u00eda de anunciar que el 25 y el 26 de mayo del a\u00f1o que viene celebraremos en Roma la primera Jornada Mundial de los Ni\u00f1os. La iniciativa, patrocinada por el Dicasterio para la Cultura y la Educaci\u00f3n, responde a la pregunta: \u00bfqu\u00e9 tipo de mundo deseamos transmitir a los ni\u00f1os que est\u00e1n creciendo? Como Jes\u00fas, queremos poner a los ni\u00f1os en el centro y cuidarlos.<\/p>\n<p>Esta tarde ir\u00e9\u00a0<a href=\"https:\/\/www.vatican.va\/content\/francesco\/es\/events\/event.dir.html\/content\/vaticanevents\/es\/2023\/12\/8\/salus-populi-romani.html\">a Santa Mar\u00eda la Mayor<\/a>\u00a0y luego\u00a0<a href=\"https:\/\/www.vatican.va\/content\/francesco\/es\/events\/event.dir.html\/content\/vaticanevents\/es\/2023\/12\/8\/immacolata.html\">a la plaza de Espa\u00f1a<\/a>\u00a0para rezar a la Virgen. Os pido a todos, especialmente a los fieles de Roma, que os un\u00e1is espiritualmente a m\u00ed en estos gestos de encomienda a nuestra Madre, rezando especialmente por la paz, la paz en Ucrania, la paz en Palestina e Israel, y en todas las tierras heridas por las guerras. Pidamos paz, que los corazones se pacifiquen, \u00a1que haya paz!<\/p>\n<p>Y os deseo a todos una feliz fiesta y un buen camino de Adviento bajo la gu\u00eda de la Virgen Mar\u00eda. Saludo de modo especial a los j\u00f3venes de la Inmaculada, \u00a1hoy es vuestro d\u00eda! Y, por favor, no os olvid\u00e9is de rezar por m\u00ed. \u00a1Buen almuerzo y hasta la vista!<\/p>\n<p><iframe loading=\"lazy\" title=\"\u00c1ngelus - 08 diciembre 2023 - Papa Francisco\" width=\"500\" height=\"281\" src=\"https:\/\/www.youtube.com\/embed\/iYr1p4e_Rq4?feature=oembed\" frameborder=\"0\" allow=\"accelerometer; autoplay; clipboard-write; encrypted-media; gyroscope; picture-in-picture; web-share\" referrerpolicy=\"strict-origin-when-cross-origin\" allowfullscreen><\/iframe><\/p>\n","protected":false},"excerpt":{"rendered":"<p>Palabras del Papa en el \u00c1ngelus<\/p>\n","protected":false},"author":15,"featured_media":89894,"comment_status":"closed","ping_status":"closed","sticky":false,"template":"","format":"standard","meta":{"_acf_changed":false,"_crdt_document":"","inline_featured_image":false,"footnotes":""},"categories":[70,68],"tags":[11420,2419],"class_list":["post-89864","post","type-post","status-publish","format-standard","has-post-thumbnail","hentry","category-angelus-es","category-leon-xiv","tag-angelus-8-diciembre-2023","tag-featured"],"acf":[],"yoast_head":"<!-- This site is optimized with the Yoast SEO plugin v27.5 - https:\/\/yoast.com\/product\/yoast-seo-wordpress\/ -->\n<title>\u201cLa Inmaculada Concepci\u00f3n: una invitaci\u00f3n a vivir con asombro y fidelidad\u201d &#8211; Exaudi<\/title>\n<meta name=\"robots\" content=\"index, follow, max-snippet:-1, max-image-preview:large, max-video-preview:-1\" \/>\n<link rel=\"canonical\" href=\"https:\/\/exaudi.org\/es\/la-inmaculada-concepcion-una-invitacion-a-vivir-con-asombro-y-fidelidad\/\" \/>\n<meta property=\"og:locale\" content=\"es_ES\" \/>\n<meta property=\"og:type\" content=\"article\" \/>\n<meta property=\"og:title\" content=\"\u201cLa Inmaculada Concepci\u00f3n: una invitaci\u00f3n a vivir con asombro y fidelidad\u201d &#8211; Exaudi\" \/>\n<meta property=\"og:description\" content=\"Palabras del Papa en el \u00c1ngelus\" \/>\n<meta property=\"og:url\" content=\"https:\/\/exaudi.org\/es\/la-inmaculada-concepcion-una-invitacion-a-vivir-con-asombro-y-fidelidad\/\" \/>\n<meta property=\"og:site_name\" content=\"Exaudi\" \/>\n<meta property=\"article:publisher\" content=\"https:\/\/www.facebook.com\/ExaudiNews\" \/>\n<meta property=\"article:author\" content=\"https:\/\/www.facebook.com\/ExaudiNoticias\/\" \/>\n<meta property=\"article:published_time\" content=\"2023-12-08T14:28:46+00:00\" \/>\n<meta property=\"article:modified_time\" content=\"2023-12-10T08:58:09+00:00\" \/>\n<meta property=\"og:image\" content=\"https:\/\/exaudi.org\/wp-content\/uploads\/2023\/12\/cq5dam.web_.800.800-2.jpeg\" \/>\n\t<meta property=\"og:image:width\" content=\"800\" \/>\n\t<meta property=\"og:image:height\" content=\"533\" \/>\n\t<meta property=\"og:image:type\" content=\"image\/jpeg\" \/>\n<meta name=\"author\" content=\"Exaudi Redacci\u00f3n\" \/>\n<meta name=\"twitter:card\" content=\"summary_large_image\" \/>\n<meta name=\"twitter:creator\" content=\"@Exaudi_noticias\" \/>\n<meta name=\"twitter:site\" content=\"@Exaudi_News\" \/>\n<meta name=\"twitter:label1\" content=\"Escrito por\" \/>\n\t<meta name=\"twitter:data1\" content=\"Exaudi Redacci\u00f3n\" \/>\n\t<meta name=\"twitter:label2\" content=\"Tiempo de lectura\" \/>\n\t<meta name=\"twitter:data2\" content=\"5 minutos\" \/>\n<script type=\"application\/ld+json\" class=\"yoast-schema-graph\">{\"@context\":\"https:\\\/\\\/schema.org\",\"@graph\":[{\"@type\":\"Article\",\"@id\":\"https:\\\/\\\/exaudi.org\\\/es\\\/la-inmaculada-concepcion-una-invitacion-a-vivir-con-asombro-y-fidelidad\\\/#article\",\"isPartOf\":{\"@id\":\"https:\\\/\\\/exaudi.org\\\/es\\\/la-inmaculada-concepcion-una-invitacion-a-vivir-con-asombro-y-fidelidad\\\/\"},\"author\":{\"name\":\"Exaudi Redacci\u00f3n\",\"@id\":\"https:\\\/\\\/exaudi.org\\\/#\\\/schema\\\/person\\\/f5fc8f063065e38742da7afe15f25df7\"},\"headline\":\"\u201cLa Inmaculada Concepci\u00f3n: una invitaci\u00f3n a vivir con asombro y fidelidad\u201d\",\"datePublished\":\"2023-12-08T14:28:46+00:00\",\"dateModified\":\"2023-12-10T08:58:09+00:00\",\"mainEntityOfPage\":{\"@id\":\"https:\\\/\\\/exaudi.org\\\/es\\\/la-inmaculada-concepcion-una-invitacion-a-vivir-con-asombro-y-fidelidad\\\/\"},\"wordCount\":992,\"image\":{\"@id\":\"https:\\\/\\\/exaudi.org\\\/es\\\/la-inmaculada-concepcion-una-invitacion-a-vivir-con-asombro-y-fidelidad\\\/#primaryimage\"},\"thumbnailUrl\":\"https:\\\/\\\/exaudi.org\\\/wp-content\\\/uploads\\\/2023\\\/12\\\/cq5dam.web_.800.800-2.jpeg\",\"keywords\":[\"\u00c1ngelus 8 diciembre 2023\",\"Featured\"],\"articleSection\":[\"\u00c1ngelus\",\"Le\u00f3n XIV\"],\"inLanguage\":\"es\"},{\"@type\":\"WebPage\",\"@id\":\"https:\\\/\\\/exaudi.org\\\/es\\\/la-inmaculada-concepcion-una-invitacion-a-vivir-con-asombro-y-fidelidad\\\/\",\"url\":\"https:\\\/\\\/exaudi.org\\\/es\\\/la-inmaculada-concepcion-una-invitacion-a-vivir-con-asombro-y-fidelidad\\\/\",\"name\":\"\u201cLa Inmaculada Concepci\u00f3n: una invitaci\u00f3n a vivir con asombro y fidelidad\u201d &#8211; Exaudi\",\"isPartOf\":{\"@id\":\"https:\\\/\\\/exaudi.org\\\/#website\"},\"primaryImageOfPage\":{\"@id\":\"https:\\\/\\\/exaudi.org\\\/es\\\/la-inmaculada-concepcion-una-invitacion-a-vivir-con-asombro-y-fidelidad\\\/#primaryimage\"},\"image\":{\"@id\":\"https:\\\/\\\/exaudi.org\\\/es\\\/la-inmaculada-concepcion-una-invitacion-a-vivir-con-asombro-y-fidelidad\\\/#primaryimage\"},\"thumbnailUrl\":\"https:\\\/\\\/exaudi.org\\\/wp-content\\\/uploads\\\/2023\\\/12\\\/cq5dam.web_.800.800-2.jpeg\",\"datePublished\":\"2023-12-08T14:28:46+00:00\",\"dateModified\":\"2023-12-10T08:58:09+00:00\",\"author\":{\"@id\":\"https:\\\/\\\/exaudi.org\\\/#\\\/schema\\\/person\\\/f5fc8f063065e38742da7afe15f25df7\"},\"breadcrumb\":{\"@id\":\"https:\\\/\\\/exaudi.org\\\/es\\\/la-inmaculada-concepcion-una-invitacion-a-vivir-con-asombro-y-fidelidad\\\/#breadcrumb\"},\"inLanguage\":\"es\",\"potentialAction\":[{\"@type\":\"ReadAction\",\"target\":[\"https:\\\/\\\/exaudi.org\\\/es\\\/la-inmaculada-concepcion-una-invitacion-a-vivir-con-asombro-y-fidelidad\\\/\"]}]},{\"@type\":\"ImageObject\",\"inLanguage\":\"es\",\"@id\":\"https:\\\/\\\/exaudi.org\\\/es\\\/la-inmaculada-concepcion-una-invitacion-a-vivir-con-asombro-y-fidelidad\\\/#primaryimage\",\"url\":\"https:\\\/\\\/exaudi.org\\\/wp-content\\\/uploads\\\/2023\\\/12\\\/cq5dam.web_.800.800-2.jpeg\",\"contentUrl\":\"https:\\\/\\\/exaudi.org\\\/wp-content\\\/uploads\\\/2023\\\/12\\\/cq5dam.web_.800.800-2.jpeg\",\"width\":800,\"height\":533,\"caption\":\"Vatican Media\"},{\"@type\":\"BreadcrumbList\",\"@id\":\"https:\\\/\\\/exaudi.org\\\/es\\\/la-inmaculada-concepcion-una-invitacion-a-vivir-con-asombro-y-fidelidad\\\/#breadcrumb\",\"itemListElement\":[{\"@type\":\"ListItem\",\"position\":1,\"name\":\"Portada\",\"item\":\"https:\\\/\\\/exaudi.org\\\/es\\\/\"},{\"@type\":\"ListItem\",\"position\":2,\"name\":\"\u201cLa Inmaculada Concepci\u00f3n: una invitaci\u00f3n a vivir con asombro y fidelidad\u201d\"}]},{\"@type\":\"WebSite\",\"@id\":\"https:\\\/\\\/exaudi.org\\\/#website\",\"url\":\"https:\\\/\\\/exaudi.org\\\/\",\"name\":\"Exaudi\",\"description\":\"News\",\"potentialAction\":[{\"@type\":\"SearchAction\",\"target\":{\"@type\":\"EntryPoint\",\"urlTemplate\":\"https:\\\/\\\/exaudi.org\\\/?s={search_term_string}\"},\"query-input\":{\"@type\":\"PropertyValueSpecification\",\"valueRequired\":true,\"valueName\":\"search_term_string\"}}],\"inLanguage\":\"es\"},{\"@type\":\"Person\",\"@id\":\"https:\\\/\\\/exaudi.org\\\/#\\\/schema\\\/person\\\/f5fc8f063065e38742da7afe15f25df7\",\"name\":\"Exaudi Redacci\u00f3n\",\"image\":{\"@type\":\"ImageObject\",\"inLanguage\":\"es\",\"@id\":\"https:\\\/\\\/secure.gravatar.com\\\/avatar\\\/fe0f6a059fb68d9b3e11bc5850dd4899b1c7492091a3cb6dd9b01b56ad828be2?s=96&d=mm&r=g\",\"url\":\"https:\\\/\\\/secure.gravatar.com\\\/avatar\\\/fe0f6a059fb68d9b3e11bc5850dd4899b1c7492091a3cb6dd9b01b56ad828be2?s=96&d=mm&r=g\",\"contentUrl\":\"https:\\\/\\\/secure.gravatar.com\\\/avatar\\\/fe0f6a059fb68d9b3e11bc5850dd4899b1c7492091a3cb6dd9b01b56ad828be2?s=96&d=mm&r=g\",\"caption\":\"Exaudi Redacci\u00f3n\"},\"description\":\"\u00bfQu\u00e9 es Exaudi News? Exaudi News es un medio de comunicaci\u00f3n cat\u00f3lico internacional que informa, forma y transforma, diariamente en espa\u00f1ol, ingl\u00e9s e italiano. A trav\u00e9s de noticias, art\u00edculos de an\u00e1lisis y transmisiones en directo de los eventos del Papa, Exaudi busca fortalecer la unidad de los cristianos y contribuir a la evangelizaci\u00f3n del mundo, siempre guiados por la doctrina social de la Iglesia. Trabajamos para acercar la verdad y los valores cristianos a cada rinc\u00f3n del planeta. \u00a1Ay\u00fadanos a transformar el mundo con Exaudi! En Exaudi creemos que la evangelizaci\u00f3n y la informaci\u00f3n de calidad pueden cambiar vidas. Para continuar con nuestra misi\u00f3n y expandir nuestro alcance, necesitamos tu ayuda. Adem\u00e1s, buscamos personas comprometidas que deseen unirse a nuestro equipo. Con tu apoyo, lograremos llegar a m\u00e1s personas, difundir el mensaje de Cristo y reforzar la unidad de los cristianos. \u00bfTe unes a nuestra misi\u00f3n? Para m\u00e1s informaci\u00f3n sobre c\u00f3mo colaborar, visita Exaudi.org\\\/es o cont\u00e1ctanos directamente: info@exaudi.org Exaudi: Informa, forma y transforma.\",\"sameAs\":[\"https:\\\/\\\/www.facebook.com\\\/ExaudiNoticias\\\/\",\"https:\\\/\\\/www.instagram.com\\\/exaudi_noticias\\\/\",\"https:\\\/\\\/x.com\\\/Exaudi_noticias\",\"https:\\\/\\\/www.youtube.com\\\/@exaudicatholicnews\"],\"url\":\"https:\\\/\\\/exaudi.org\\\/es\\\/author\\\/redaccionexaudi\\\/\"}]}<\/script>\n<!-- \/ Yoast SEO plugin. -->","yoast_head_json":{"title":"\u201cLa Inmaculada Concepci\u00f3n: una invitaci\u00f3n a vivir con asombro y fidelidad\u201d &#8211; Exaudi","robots":{"index":"index","follow":"follow","max-snippet":"max-snippet:-1","max-image-preview":"max-image-preview:large","max-video-preview":"max-video-preview:-1"},"canonical":"https:\/\/exaudi.org\/es\/la-inmaculada-concepcion-una-invitacion-a-vivir-con-asombro-y-fidelidad\/","og_locale":"es_ES","og_type":"article","og_title":"\u201cLa Inmaculada Concepci\u00f3n: una invitaci\u00f3n a vivir con asombro y fidelidad\u201d &#8211; Exaudi","og_description":"Palabras del Papa en el \u00c1ngelus","og_url":"https:\/\/exaudi.org\/es\/la-inmaculada-concepcion-una-invitacion-a-vivir-con-asombro-y-fidelidad\/","og_site_name":"Exaudi","article_publisher":"https:\/\/www.facebook.com\/ExaudiNews","article_author":"https:\/\/www.facebook.com\/ExaudiNoticias\/","article_published_time":"2023-12-08T14:28:46+00:00","article_modified_time":"2023-12-10T08:58:09+00:00","og_image":[{"width":800,"height":533,"url":"https:\/\/exaudi.org\/wp-content\/uploads\/2023\/12\/cq5dam.web_.800.800-2.jpeg","type":"image\/jpeg"}],"author":"Exaudi Redacci\u00f3n","twitter_card":"summary_large_image","twitter_creator":"@Exaudi_noticias","twitter_site":"@Exaudi_News","twitter_misc":{"Escrito por":"Exaudi Redacci\u00f3n","Tiempo de lectura":"5 minutos"},"schema":{"@context":"https:\/\/schema.org","@graph":[{"@type":"Article","@id":"https:\/\/exaudi.org\/es\/la-inmaculada-concepcion-una-invitacion-a-vivir-con-asombro-y-fidelidad\/#article","isPartOf":{"@id":"https:\/\/exaudi.org\/es\/la-inmaculada-concepcion-una-invitacion-a-vivir-con-asombro-y-fidelidad\/"},"author":{"name":"Exaudi Redacci\u00f3n","@id":"https:\/\/exaudi.org\/#\/schema\/person\/f5fc8f063065e38742da7afe15f25df7"},"headline":"\u201cLa Inmaculada Concepci\u00f3n: una invitaci\u00f3n a vivir con asombro y fidelidad\u201d","datePublished":"2023-12-08T14:28:46+00:00","dateModified":"2023-12-10T08:58:09+00:00","mainEntityOfPage":{"@id":"https:\/\/exaudi.org\/es\/la-inmaculada-concepcion-una-invitacion-a-vivir-con-asombro-y-fidelidad\/"},"wordCount":992,"image":{"@id":"https:\/\/exaudi.org\/es\/la-inmaculada-concepcion-una-invitacion-a-vivir-con-asombro-y-fidelidad\/#primaryimage"},"thumbnailUrl":"https:\/\/exaudi.org\/wp-content\/uploads\/2023\/12\/cq5dam.web_.800.800-2.jpeg","keywords":["\u00c1ngelus 8 diciembre 2023","Featured"],"articleSection":["\u00c1ngelus","Le\u00f3n XIV"],"inLanguage":"es"},{"@type":"WebPage","@id":"https:\/\/exaudi.org\/es\/la-inmaculada-concepcion-una-invitacion-a-vivir-con-asombro-y-fidelidad\/","url":"https:\/\/exaudi.org\/es\/la-inmaculada-concepcion-una-invitacion-a-vivir-con-asombro-y-fidelidad\/","name":"\u201cLa Inmaculada Concepci\u00f3n: una invitaci\u00f3n a vivir con asombro y fidelidad\u201d &#8211; Exaudi","isPartOf":{"@id":"https:\/\/exaudi.org\/#website"},"primaryImageOfPage":{"@id":"https:\/\/exaudi.org\/es\/la-inmaculada-concepcion-una-invitacion-a-vivir-con-asombro-y-fidelidad\/#primaryimage"},"image":{"@id":"https:\/\/exaudi.org\/es\/la-inmaculada-concepcion-una-invitacion-a-vivir-con-asombro-y-fidelidad\/#primaryimage"},"thumbnailUrl":"https:\/\/exaudi.org\/wp-content\/uploads\/2023\/12\/cq5dam.web_.800.800-2.jpeg","datePublished":"2023-12-08T14:28:46+00:00","dateModified":"2023-12-10T08:58:09+00:00","author":{"@id":"https:\/\/exaudi.org\/#\/schema\/person\/f5fc8f063065e38742da7afe15f25df7"},"breadcrumb":{"@id":"https:\/\/exaudi.org\/es\/la-inmaculada-concepcion-una-invitacion-a-vivir-con-asombro-y-fidelidad\/#breadcrumb"},"inLanguage":"es","potentialAction":[{"@type":"ReadAction","target":["https:\/\/exaudi.org\/es\/la-inmaculada-concepcion-una-invitacion-a-vivir-con-asombro-y-fidelidad\/"]}]},{"@type":"ImageObject","inLanguage":"es","@id":"https:\/\/exaudi.org\/es\/la-inmaculada-concepcion-una-invitacion-a-vivir-con-asombro-y-fidelidad\/#primaryimage","url":"https:\/\/exaudi.org\/wp-content\/uploads\/2023\/12\/cq5dam.web_.800.800-2.jpeg","contentUrl":"https:\/\/exaudi.org\/wp-content\/uploads\/2023\/12\/cq5dam.web_.800.800-2.jpeg","width":800,"height":533,"caption":"Vatican Media"},{"@type":"BreadcrumbList","@id":"https:\/\/exaudi.org\/es\/la-inmaculada-concepcion-una-invitacion-a-vivir-con-asombro-y-fidelidad\/#breadcrumb","itemListElement":[{"@type":"ListItem","position":1,"name":"Portada","item":"https:\/\/exaudi.org\/es\/"},{"@type":"ListItem","position":2,"name":"\u201cLa Inmaculada Concepci\u00f3n: una invitaci\u00f3n a vivir con asombro y fidelidad\u201d"}]},{"@type":"WebSite","@id":"https:\/\/exaudi.org\/#website","url":"https:\/\/exaudi.org\/","name":"Exaudi","description":"News","potentialAction":[{"@type":"SearchAction","target":{"@type":"EntryPoint","urlTemplate":"https:\/\/exaudi.org\/?s={search_term_string}"},"query-input":{"@type":"PropertyValueSpecification","valueRequired":true,"valueName":"search_term_string"}}],"inLanguage":"es"},{"@type":"Person","@id":"https:\/\/exaudi.org\/#\/schema\/person\/f5fc8f063065e38742da7afe15f25df7","name":"Exaudi Redacci\u00f3n","image":{"@type":"ImageObject","inLanguage":"es","@id":"https:\/\/secure.gravatar.com\/avatar\/fe0f6a059fb68d9b3e11bc5850dd4899b1c7492091a3cb6dd9b01b56ad828be2?s=96&d=mm&r=g","url":"https:\/\/secure.gravatar.com\/avatar\/fe0f6a059fb68d9b3e11bc5850dd4899b1c7492091a3cb6dd9b01b56ad828be2?s=96&d=mm&r=g","contentUrl":"https:\/\/secure.gravatar.com\/avatar\/fe0f6a059fb68d9b3e11bc5850dd4899b1c7492091a3cb6dd9b01b56ad828be2?s=96&d=mm&r=g","caption":"Exaudi Redacci\u00f3n"},"description":"\u00bfQu\u00e9 es Exaudi News? Exaudi News es un medio de comunicaci\u00f3n cat\u00f3lico internacional que informa, forma y transforma, diariamente en espa\u00f1ol, ingl\u00e9s e italiano. A trav\u00e9s de noticias, art\u00edculos de an\u00e1lisis y transmisiones en directo de los eventos del Papa, Exaudi busca fortalecer la unidad de los cristianos y contribuir a la evangelizaci\u00f3n del mundo, siempre guiados por la doctrina social de la Iglesia. Trabajamos para acercar la verdad y los valores cristianos a cada rinc\u00f3n del planeta. \u00a1Ay\u00fadanos a transformar el mundo con Exaudi! En Exaudi creemos que la evangelizaci\u00f3n y la informaci\u00f3n de calidad pueden cambiar vidas. Para continuar con nuestra misi\u00f3n y expandir nuestro alcance, necesitamos tu ayuda. Adem\u00e1s, buscamos personas comprometidas que deseen unirse a nuestro equipo. Con tu apoyo, lograremos llegar a m\u00e1s personas, difundir el mensaje de Cristo y reforzar la unidad de los cristianos. \u00bfTe unes a nuestra misi\u00f3n? Para m\u00e1s informaci\u00f3n sobre c\u00f3mo colaborar, visita Exaudi.org\/es o cont\u00e1ctanos directamente: info@exaudi.org Exaudi: Informa, forma y transforma.","sameAs":["https:\/\/www.facebook.com\/ExaudiNoticias\/","https:\/\/www.instagram.com\/exaudi_noticias\/","https:\/\/x.com\/Exaudi_noticias","https:\/\/www.youtube.com\/@exaudicatholicnews"],"url":"https:\/\/exaudi.org\/es\/author\/redaccionexaudi\/"}]}},"jetpack_featured_media_url":"https:\/\/exaudi.org\/wp-content\/uploads\/2023\/12\/cq5dam.web_.800.800-2.jpeg","jetpack_shortlink":"https:\/\/wp.me\/pgKjF2-nnq","_links":{"self":[{"href":"https:\/\/exaudi.org\/es\/wp-json\/wp\/v2\/posts\/89864","targetHints":{"allow":["GET"]}}],"collection":[{"href":"https:\/\/exaudi.org\/es\/wp-json\/wp\/v2\/posts"}],"about":[{"href":"https:\/\/exaudi.org\/es\/wp-json\/wp\/v2\/types\/post"}],"author":[{"embeddable":true,"href":"https:\/\/exaudi.org\/es\/wp-json\/wp\/v2\/users\/15"}],"replies":[{"embeddable":true,"href":"https:\/\/exaudi.org\/es\/wp-json\/wp\/v2\/comments?post=89864"}],"version-history":[{"count":0,"href":"https:\/\/exaudi.org\/es\/wp-json\/wp\/v2\/posts\/89864\/revisions"}],"wp:featuredmedia":[{"embeddable":true,"href":"https:\/\/exaudi.org\/es\/wp-json\/wp\/v2\/media\/89894"}],"wp:attachment":[{"href":"https:\/\/exaudi.org\/es\/wp-json\/wp\/v2\/media?parent=89864"}],"wp:term":[{"taxonomy":"category","embeddable":true,"href":"https:\/\/exaudi.org\/es\/wp-json\/wp\/v2\/categories?post=89864"},{"taxonomy":"post_tag","embeddable":true,"href":"https:\/\/exaudi.org\/es\/wp-json\/wp\/v2\/tags?post=89864"}],"curies":[{"name":"wp","href":"https:\/\/api.w.org\/{rel}","templated":true}]}}