{"id":89744,"date":"2023-12-07T14:27:36","date_gmt":"2023-12-07T13:27:36","guid":{"rendered":"https:\/\/exaudi.org\/?p=89744"},"modified":"2023-12-07T14:30:56","modified_gmt":"2023-12-07T13:30:56","slug":"siempre-volver-al-evangelio-raiz-de-nuestra-fe-y-de-vuestra-historia-al-evangelio-de-la-humildad-del-servicio-desinteresado-de-la-sencillez","status":"publish","type":"post","link":"https:\/\/exaudi.org\/es\/siempre-volver-al-evangelio-raiz-de-nuestra-fe-y-de-vuestra-historia-al-evangelio-de-la-humildad-del-servicio-desinteresado-de-la-sencillez\/","title":{"rendered":"El Papa: Siempre volver al Evangelio, ra\u00edz de nuestra fe y de vuestra historia"},"content":{"rendered":"<p>Esta ma\u00f1ana, jueves, 7 de diciembre de 2023, en el Palacio Apost\u00f3lico Vaticano, el Santo Padre Francisco recibi\u00f3 en Audiencia a los miembros del Movimiento de los Focolares, con motivo del 80 aniversario de su fundaci\u00f3n.<\/p>\n<p>Publicamos a continuaci\u00f3n el discurso que el Papa les dirigi\u00f3 durante la Audiencia:<\/p>\n<p>***<\/p>\n<h3><strong>Discurso del Santo Padre<\/strong><\/h3>\n<p>Queridos hermanos y hermanas, \u00a1bienvenidos!<\/p>\n<p>Saludo al cardenal Farrel, a vuestra presidenta, la doctora Margaret Karram, al copresidente, el padre Jes\u00fas Mor\u00e1n, a los miembros del Consejo general, a los delegados de las \u00e1reas geogr\u00e1ficas y a todos vosotros. Os agradezco que hay\u00e1is venido para celebrar el 80 aniversario de la fundaci\u00f3n del Movimiento de los Focolares, tambi\u00e9n conocido como Obra de Mar\u00eda. Gracias a todos.<\/p>\n<p>Coincide con el d\u00eda en que la Sierva de Dios Chiara Lubich decidi\u00f3 consagrarse totalmente al Se\u00f1or. De una inspiraci\u00f3n que recibi\u00f3 en un contexto absolutamente ordinario de la vida -mientras hac\u00eda la compra para su familia- surgi\u00f3 un acto radical de entrega a Dios, como respuesta a la llamada que hab\u00eda sentido dulce y fuerte en su coraz\u00f3n. Era el 7 de diciembre de 1943, en Trento, en plena guerra mundial; en la misma v\u00edspera de la solemnidad de la Inmaculada Concepci\u00f3n, el \u00abs\u00ed\u00bb de Mar\u00eda se convirti\u00f3 en el \u00abs\u00ed\u00bb de Clara, generando una ola de espiritualidad que se extendi\u00f3 por todo el mundo, para decir a todos que es hermoso vivir el Evangelio con una simple palabra: unidad. Pero unidad tambi\u00e9n significa armon\u00eda: unidad arm\u00f3nica.<\/p>\n<p>En estos ochenta a\u00f1os, hab\u00e9is hecho resonar este mensaje en medio de los j\u00f3venes, de las comunidades, de las familias, de las personas de vida consagrada, de los sacerdotes y de los obispos; y tambi\u00e9n en distintos ambientes sociales: desde el mundo de la educaci\u00f3n al de la econom\u00eda, desde el del arte y de la cultura al de la informaci\u00f3n y de los medios de comunicaci\u00f3n; y en particular en los \u00e1mbitos del ecumenismo y del di\u00e1logo interreligioso. As\u00ed, hab\u00e9is sido instrumento activo de un gran florecimiento de obras, de iniciativas, de proyectos y, sobre todo, de \u00abrenacimientos\u00bb, de conversiones, de vocaciones, de vidas entregadas a Cristo y a nuestros hermanos y hermanas. Por todo esto hoy queremos dar gracias a Dios.<\/p>\n<p>En febrero de 2021, hablando en vuestra Asamblea General, subray\u00e9 tres actitudes importantes para vuestro camino: vivir vuestro carisma con <em>fidelidad din\u00e1mica<\/em>, acoger los momentos de crisis como una oportunidad para madurar, encarnar la espiritualidad con coherencia y realismo (<a href=\"https:\/\/www.vatican.va\/content\/francesco\/es\/speeches\/2021\/february\/documents\/papa-francesco_20210206_focolari.html\" target=\"_blank\" rel=\"noopener\"><em>Discurso<\/em><\/a>, 6 de febrero de 2021). Vivid la espiritualidad. Quiero recordarlos hoy para animaros a vivirlos y promoverlos en tres l\u00edneas: <em>madurez eclesial, fidelidad al carisma y compromiso por la paz<\/em>.<\/p>\n<p><em>Madurez eclesial<\/em>. Os invito a trabajar para que el sue\u00f1o de una Iglesia plenamente sinodal y misionera se realice cada vez m\u00e1s. Comenzad por vuestras comunidades, fomentando en ellas un estilo de participaci\u00f3n y corresponsabilidad, tambi\u00e9n a nivel de gobierno. Que los focolares acrecienten en su interior y difundan en torno a ellas un clima de escucha rec\u00edproca y de calor de familia, en el que nos respetemos y cuidemos unos a otros, con particular atenci\u00f3n a los m\u00e1s d\u00e9biles, a los m\u00e1s necesitados de apoyo. Para ello, os ser\u00e1 \u00fatil buscar formas de participaci\u00f3n y consulta mutua a todos los niveles, prestando especial atenci\u00f3n a la comunicaci\u00f3n y al di\u00e1logo sincero.<\/p>\n<p>En cuanto a la segunda l\u00ednea, la <em>fidelidad al carisma<\/em>, quisiera recordaros unas palabras de vuestra Fundadora: \u00abQue los que os sigan s\u00f3lo tengan el Evangelio. Si hac\u00e9is esto, el ideal de la unidad permanecer\u00e1 [&#8230;]. Lo que permanece y permanecer\u00e1 siempre es el Evangelio, que no sufre el desgaste del tiempo\u00bb (C. Lubich, en La Parola di Dio, Roma 2011, 112-113). Sembrad, por favor, la unidad llevando el Evangelio, sin perder nunca de vista la obra de encarnaci\u00f3n que Dios sigue queriendo realizar en nosotros y en torno a nosotros por medio de su Esp\u00edritu, para que Jes\u00fas sea buena noticia para todos, sin excluir a nadie, y \u00abque todos sean uno\u00bb (Jn 17,21).<\/p>\n<p>Y as\u00ed llegamos a la tercera l\u00ednea: el compromiso por la paz, tan importante hoy. En efecto, despu\u00e9s de dos milenios de cristianismo, el anhelo de unidad sigue tomando, en muchas partes del mundo, la forma de un grito ag\u00f3nico que exige una respuesta. Chiara lo escuch\u00f3 durante la tragedia de la Segunda Guerra Mundial, y decidi\u00f3 dar toda su vida para que ese \u00abtestamento de Jes\u00fas\u00bb se hiciera realidad. Hoy, por desgracia, el mundo sigue desgarrado por muchos conflictos y sigue necesitando art\u00edfices de fraternidad y paz entre los pueblos y las naciones. Clara dec\u00eda: \u00abSer amor y difundirlo es el objetivo general de la Obra de Mar\u00eda\u00bb (Vigilia de Pentecost\u00e9s, Plaza de San Pedro, 30 de mayo de 1998). Ser amor y difundirlo: ese es el objetivo principal. Y sabemos que s\u00f3lo del amor nace el fruto de la paz. Por eso os pido que se\u00e1is testigos y constructores de la paz que Cristo alcanz\u00f3 con su cruz, derrotando la enemistad. Pensad que desde el final de la Segunda Guerra Mundial hasta ahora, las guerras no han terminado. Y no somos conscientes del drama de la guerra. Os har\u00e9 una confidencia. Cuando fui en <a href=\"https:\/\/www.vatican.va\/content\/francesco\/es\/travels\/2014\/inside\/documents\/papa-francesco-sacrario-redipuglia-2014.html\" target=\"_blank\" rel=\"noopener\">2014 a Redipuglia para el centenario de la Primera Guerra<\/a>, y vi aquel cementerio, llor\u00e9, llor\u00e9. \u00a1Cu\u00e1nta destrucci\u00f3n! Y cada 2 de noviembre voy a celebrar en alg\u00fan cementerio, incluso la \u00faltima vez en el Cementerio de la Commonwealth, y veo la edad de los soldados: 22, 24, 18, 30&#8230; Todas las vidas rotas. Por la guerra. Y la guerra no termina. Y en la guerra todos pierden, todos. S\u00f3lo ganan los fabricantes de armas. Y si no se fabricaran armas durante un a\u00f1o, se acabar\u00eda el hambre en el mundo. Esto es terrible. Debemos reflexionar sobre este drama.<\/p>\n<p>Antes de terminar, quisiera hacer una \u00faltima invitaci\u00f3n, oportuna en este tiempo de Adviento: la de la vigilancia. <em>La trampa de la mundanidad espiritual siempre est\u00e1 al acecho<\/em>. Por eso es necesario que tambi\u00e9n vosotros sep\u00e1is reaccionar con decisi\u00f3n, coherencia y realismo. Recordemos que la incoherencia entre lo que decimos ser y lo que realmente somos es el peor antitestimonio. La incoherencia. Tengamos cuidado. Y el remedio es siempre volver al Evangelio, ra\u00edz de nuestra fe y de vuestra historia: al Evangelio de la humildad, del servicio desinteresado, de la sencillez. Y siempre me gusta recordar que est\u00e1is muy cerca del secreto de Dios, de los cuatro secretos de Dios. Cuatro cosas que Dios no puede entender: no sabe cu\u00e1ntas congregaciones de monjas hay; qu\u00e9 piensan los jesuitas; cu\u00e1nto dinero tienen los salesianos; \u00a1y de qu\u00e9 se r\u00eden los focolarinos!<\/p>\n<p>Queridos hermanos y hermanas, como ya hemos dicho, sois <em>Obra de Mar\u00eda<\/em>: es Ella quien os ha acompa\u00f1ado estos ochenta a\u00f1os y sab\u00e9is bien que nunca dejar\u00e1 de hacerlo. Que la Virgen de Nazaret sea, pues, la fuente de vuestro consuelo y de vuestra fuerza, para que se\u00e1is ap\u00f3stoles de la unidad al servicio de la Iglesia y de la humanidad. Gracias por lo que sois y por lo que hac\u00e9is. Continuad vuestro camino con confianza. Os bendigo de coraz\u00f3n. Y os recomiendo: no olvid\u00e9is rezar por m\u00ed. Gracias.<\/p>\n","protected":false},"excerpt":{"rendered":"<p>80 aniversario de la fundaci\u00f3n de los Focolares<\/p>\n","protected":false},"author":15,"featured_media":89748,"comment_status":"closed","ping_status":"closed","sticky":false,"template":"","format":"standard","meta":{"_acf_changed":false,"_crdt_document":"","inline_featured_image":false,"footnotes":""},"categories":[124,68],"tags":[11397,648,4270,158,4953],"class_list":["post-89744","post","type-post","status-publish","format-standard","has-post-thumbnail","hentry","category-discursos","category-leon-xiv","tag-80-aniversarii","tag-discurso","tag-focolares","tag-papa-francisco","tag-trending-es"],"acf":[],"yoast_head":"<!-- This site is optimized with the Yoast SEO plugin v27.5 - https:\/\/yoast.com\/product\/yoast-seo-wordpress\/ -->\n<title>El Papa: Siempre volver al Evangelio, ra\u00edz de nuestra fe y de vuestra historia &#8211; Exaudi<\/title>\n<meta name=\"robots\" content=\"index, follow, max-snippet:-1, max-image-preview:large, max-video-preview:-1\" \/>\n<link rel=\"canonical\" href=\"https:\/\/exaudi.org\/es\/siempre-volver-al-evangelio-raiz-de-nuestra-fe-y-de-vuestra-historia-al-evangelio-de-la-humildad-del-servicio-desinteresado-de-la-sencillez\/\" \/>\n<meta property=\"og:locale\" content=\"es_ES\" \/>\n<meta property=\"og:type\" content=\"article\" \/>\n<meta property=\"og:title\" content=\"El Papa: Siempre volver al Evangelio, ra\u00edz de nuestra fe y de vuestra historia &#8211; Exaudi\" \/>\n<meta property=\"og:description\" content=\"80 aniversario de la fundaci\u00f3n de los Focolares\" \/>\n<meta property=\"og:url\" content=\"https:\/\/exaudi.org\/es\/siempre-volver-al-evangelio-raiz-de-nuestra-fe-y-de-vuestra-historia-al-evangelio-de-la-humildad-del-servicio-desinteresado-de-la-sencillez\/\" \/>\n<meta property=\"og:site_name\" content=\"Exaudi\" \/>\n<meta property=\"article:publisher\" content=\"https:\/\/www.facebook.com\/ExaudiNews\" \/>\n<meta property=\"article:author\" content=\"https:\/\/www.facebook.com\/ExaudiNoticias\/\" \/>\n<meta property=\"article:published_time\" content=\"2023-12-07T13:27:36+00:00\" \/>\n<meta property=\"article:modified_time\" content=\"2023-12-07T13:30:56+00:00\" \/>\n<meta property=\"og:image\" content=\"https:\/\/exaudi.org\/wp-content\/uploads\/2023\/12\/cq5dam.web_.800.800-47.jpeg\" \/>\n\t<meta property=\"og:image:width\" content=\"800\" \/>\n\t<meta property=\"og:image:height\" content=\"533\" \/>\n\t<meta property=\"og:image:type\" content=\"image\/jpeg\" \/>\n<meta name=\"author\" content=\"Exaudi Redacci\u00f3n\" \/>\n<meta name=\"twitter:card\" content=\"summary_large_image\" \/>\n<meta name=\"twitter:creator\" content=\"@Exaudi_noticias\" \/>\n<meta name=\"twitter:site\" content=\"@Exaudi_News\" \/>\n<meta name=\"twitter:label1\" content=\"Escrito por\" \/>\n\t<meta name=\"twitter:data1\" content=\"Exaudi Redacci\u00f3n\" \/>\n\t<meta name=\"twitter:label2\" content=\"Tiempo de lectura\" \/>\n\t<meta name=\"twitter:data2\" content=\"6 minutos\" \/>\n<script type=\"application\/ld+json\" class=\"yoast-schema-graph\">{\"@context\":\"https:\\\/\\\/schema.org\",\"@graph\":[{\"@type\":\"Article\",\"@id\":\"https:\\\/\\\/exaudi.org\\\/es\\\/siempre-volver-al-evangelio-raiz-de-nuestra-fe-y-de-vuestra-historia-al-evangelio-de-la-humildad-del-servicio-desinteresado-de-la-sencillez\\\/#article\",\"isPartOf\":{\"@id\":\"https:\\\/\\\/exaudi.org\\\/es\\\/siempre-volver-al-evangelio-raiz-de-nuestra-fe-y-de-vuestra-historia-al-evangelio-de-la-humildad-del-servicio-desinteresado-de-la-sencillez\\\/\"},\"author\":{\"name\":\"Exaudi Redacci\u00f3n\",\"@id\":\"https:\\\/\\\/exaudi.org\\\/#\\\/schema\\\/person\\\/f5fc8f063065e38742da7afe15f25df7\"},\"headline\":\"El Papa: Siempre volver al Evangelio, ra\u00edz de nuestra fe y de vuestra historia\",\"datePublished\":\"2023-12-07T13:27:36+00:00\",\"dateModified\":\"2023-12-07T13:30:56+00:00\",\"mainEntityOfPage\":{\"@id\":\"https:\\\/\\\/exaudi.org\\\/es\\\/siempre-volver-al-evangelio-raiz-de-nuestra-fe-y-de-vuestra-historia-al-evangelio-de-la-humildad-del-servicio-desinteresado-de-la-sencillez\\\/\"},\"wordCount\":1274,\"image\":{\"@id\":\"https:\\\/\\\/exaudi.org\\\/es\\\/siempre-volver-al-evangelio-raiz-de-nuestra-fe-y-de-vuestra-historia-al-evangelio-de-la-humildad-del-servicio-desinteresado-de-la-sencillez\\\/#primaryimage\"},\"thumbnailUrl\":\"https:\\\/\\\/exaudi.org\\\/wp-content\\\/uploads\\\/2023\\\/12\\\/cq5dam.web_.800.800-47.jpeg\",\"keywords\":[\"80 aniversarii\",\"Discurso\",\"Focolares\",\"papa francisco\",\"Trending\"],\"articleSection\":[\"Discursos\",\"Le\u00f3n XIV\"],\"inLanguage\":\"es\"},{\"@type\":\"WebPage\",\"@id\":\"https:\\\/\\\/exaudi.org\\\/es\\\/siempre-volver-al-evangelio-raiz-de-nuestra-fe-y-de-vuestra-historia-al-evangelio-de-la-humildad-del-servicio-desinteresado-de-la-sencillez\\\/\",\"url\":\"https:\\\/\\\/exaudi.org\\\/es\\\/siempre-volver-al-evangelio-raiz-de-nuestra-fe-y-de-vuestra-historia-al-evangelio-de-la-humildad-del-servicio-desinteresado-de-la-sencillez\\\/\",\"name\":\"El Papa: Siempre volver al Evangelio, ra\u00edz de nuestra fe y de vuestra historia &#8211; Exaudi\",\"isPartOf\":{\"@id\":\"https:\\\/\\\/exaudi.org\\\/#website\"},\"primaryImageOfPage\":{\"@id\":\"https:\\\/\\\/exaudi.org\\\/es\\\/siempre-volver-al-evangelio-raiz-de-nuestra-fe-y-de-vuestra-historia-al-evangelio-de-la-humildad-del-servicio-desinteresado-de-la-sencillez\\\/#primaryimage\"},\"image\":{\"@id\":\"https:\\\/\\\/exaudi.org\\\/es\\\/siempre-volver-al-evangelio-raiz-de-nuestra-fe-y-de-vuestra-historia-al-evangelio-de-la-humildad-del-servicio-desinteresado-de-la-sencillez\\\/#primaryimage\"},\"thumbnailUrl\":\"https:\\\/\\\/exaudi.org\\\/wp-content\\\/uploads\\\/2023\\\/12\\\/cq5dam.web_.800.800-47.jpeg\",\"datePublished\":\"2023-12-07T13:27:36+00:00\",\"dateModified\":\"2023-12-07T13:30:56+00:00\",\"author\":{\"@id\":\"https:\\\/\\\/exaudi.org\\\/#\\\/schema\\\/person\\\/f5fc8f063065e38742da7afe15f25df7\"},\"breadcrumb\":{\"@id\":\"https:\\\/\\\/exaudi.org\\\/es\\\/siempre-volver-al-evangelio-raiz-de-nuestra-fe-y-de-vuestra-historia-al-evangelio-de-la-humildad-del-servicio-desinteresado-de-la-sencillez\\\/#breadcrumb\"},\"inLanguage\":\"es\",\"potentialAction\":[{\"@type\":\"ReadAction\",\"target\":[\"https:\\\/\\\/exaudi.org\\\/es\\\/siempre-volver-al-evangelio-raiz-de-nuestra-fe-y-de-vuestra-historia-al-evangelio-de-la-humildad-del-servicio-desinteresado-de-la-sencillez\\\/\"]}]},{\"@type\":\"ImageObject\",\"inLanguage\":\"es\",\"@id\":\"https:\\\/\\\/exaudi.org\\\/es\\\/siempre-volver-al-evangelio-raiz-de-nuestra-fe-y-de-vuestra-historia-al-evangelio-de-la-humildad-del-servicio-desinteresado-de-la-sencillez\\\/#primaryimage\",\"url\":\"https:\\\/\\\/exaudi.org\\\/wp-content\\\/uploads\\\/2023\\\/12\\\/cq5dam.web_.800.800-47.jpeg\",\"contentUrl\":\"https:\\\/\\\/exaudi.org\\\/wp-content\\\/uploads\\\/2023\\\/12\\\/cq5dam.web_.800.800-47.jpeg\",\"width\":800,\"height\":533,\"caption\":\"Vatican Media\"},{\"@type\":\"BreadcrumbList\",\"@id\":\"https:\\\/\\\/exaudi.org\\\/es\\\/siempre-volver-al-evangelio-raiz-de-nuestra-fe-y-de-vuestra-historia-al-evangelio-de-la-humildad-del-servicio-desinteresado-de-la-sencillez\\\/#breadcrumb\",\"itemListElement\":[{\"@type\":\"ListItem\",\"position\":1,\"name\":\"Portada\",\"item\":\"https:\\\/\\\/exaudi.org\\\/es\\\/\"},{\"@type\":\"ListItem\",\"position\":2,\"name\":\"El Papa: Siempre volver al Evangelio, ra\u00edz de nuestra fe y de vuestra historia\"}]},{\"@type\":\"WebSite\",\"@id\":\"https:\\\/\\\/exaudi.org\\\/#website\",\"url\":\"https:\\\/\\\/exaudi.org\\\/\",\"name\":\"Exaudi\",\"description\":\"News\",\"potentialAction\":[{\"@type\":\"SearchAction\",\"target\":{\"@type\":\"EntryPoint\",\"urlTemplate\":\"https:\\\/\\\/exaudi.org\\\/?s={search_term_string}\"},\"query-input\":{\"@type\":\"PropertyValueSpecification\",\"valueRequired\":true,\"valueName\":\"search_term_string\"}}],\"inLanguage\":\"es\"},{\"@type\":\"Person\",\"@id\":\"https:\\\/\\\/exaudi.org\\\/#\\\/schema\\\/person\\\/f5fc8f063065e38742da7afe15f25df7\",\"name\":\"Exaudi Redacci\u00f3n\",\"image\":{\"@type\":\"ImageObject\",\"inLanguage\":\"es\",\"@id\":\"https:\\\/\\\/secure.gravatar.com\\\/avatar\\\/fe0f6a059fb68d9b3e11bc5850dd4899b1c7492091a3cb6dd9b01b56ad828be2?s=96&d=mm&r=g\",\"url\":\"https:\\\/\\\/secure.gravatar.com\\\/avatar\\\/fe0f6a059fb68d9b3e11bc5850dd4899b1c7492091a3cb6dd9b01b56ad828be2?s=96&d=mm&r=g\",\"contentUrl\":\"https:\\\/\\\/secure.gravatar.com\\\/avatar\\\/fe0f6a059fb68d9b3e11bc5850dd4899b1c7492091a3cb6dd9b01b56ad828be2?s=96&d=mm&r=g\",\"caption\":\"Exaudi Redacci\u00f3n\"},\"description\":\"\u00bfQu\u00e9 es Exaudi News? Exaudi News es un medio de comunicaci\u00f3n cat\u00f3lico internacional que informa, forma y transforma, diariamente en espa\u00f1ol, ingl\u00e9s e italiano. A trav\u00e9s de noticias, art\u00edculos de an\u00e1lisis y transmisiones en directo de los eventos del Papa, Exaudi busca fortalecer la unidad de los cristianos y contribuir a la evangelizaci\u00f3n del mundo, siempre guiados por la doctrina social de la Iglesia. Trabajamos para acercar la verdad y los valores cristianos a cada rinc\u00f3n del planeta. \u00a1Ay\u00fadanos a transformar el mundo con Exaudi! En Exaudi creemos que la evangelizaci\u00f3n y la informaci\u00f3n de calidad pueden cambiar vidas. Para continuar con nuestra misi\u00f3n y expandir nuestro alcance, necesitamos tu ayuda. Adem\u00e1s, buscamos personas comprometidas que deseen unirse a nuestro equipo. Con tu apoyo, lograremos llegar a m\u00e1s personas, difundir el mensaje de Cristo y reforzar la unidad de los cristianos. \u00bfTe unes a nuestra misi\u00f3n? Para m\u00e1s informaci\u00f3n sobre c\u00f3mo colaborar, visita Exaudi.org\\\/es o cont\u00e1ctanos directamente: info@exaudi.org Exaudi: Informa, forma y transforma.\",\"sameAs\":[\"https:\\\/\\\/www.facebook.com\\\/ExaudiNoticias\\\/\",\"https:\\\/\\\/www.instagram.com\\\/exaudi_noticias\\\/\",\"https:\\\/\\\/x.com\\\/Exaudi_noticias\",\"https:\\\/\\\/www.youtube.com\\\/@exaudicatholicnews\"],\"url\":\"https:\\\/\\\/exaudi.org\\\/es\\\/author\\\/redaccionexaudi\\\/\"}]}<\/script>\n<!-- \/ Yoast SEO plugin. -->","yoast_head_json":{"title":"El Papa: Siempre volver al Evangelio, ra\u00edz de nuestra fe y de vuestra historia &#8211; Exaudi","robots":{"index":"index","follow":"follow","max-snippet":"max-snippet:-1","max-image-preview":"max-image-preview:large","max-video-preview":"max-video-preview:-1"},"canonical":"https:\/\/exaudi.org\/es\/siempre-volver-al-evangelio-raiz-de-nuestra-fe-y-de-vuestra-historia-al-evangelio-de-la-humildad-del-servicio-desinteresado-de-la-sencillez\/","og_locale":"es_ES","og_type":"article","og_title":"El Papa: Siempre volver al Evangelio, ra\u00edz de nuestra fe y de vuestra historia &#8211; Exaudi","og_description":"80 aniversario de la fundaci\u00f3n de los Focolares","og_url":"https:\/\/exaudi.org\/es\/siempre-volver-al-evangelio-raiz-de-nuestra-fe-y-de-vuestra-historia-al-evangelio-de-la-humildad-del-servicio-desinteresado-de-la-sencillez\/","og_site_name":"Exaudi","article_publisher":"https:\/\/www.facebook.com\/ExaudiNews","article_author":"https:\/\/www.facebook.com\/ExaudiNoticias\/","article_published_time":"2023-12-07T13:27:36+00:00","article_modified_time":"2023-12-07T13:30:56+00:00","og_image":[{"width":800,"height":533,"url":"https:\/\/exaudi.org\/wp-content\/uploads\/2023\/12\/cq5dam.web_.800.800-47.jpeg","type":"image\/jpeg"}],"author":"Exaudi Redacci\u00f3n","twitter_card":"summary_large_image","twitter_creator":"@Exaudi_noticias","twitter_site":"@Exaudi_News","twitter_misc":{"Escrito por":"Exaudi Redacci\u00f3n","Tiempo de lectura":"6 minutos"},"schema":{"@context":"https:\/\/schema.org","@graph":[{"@type":"Article","@id":"https:\/\/exaudi.org\/es\/siempre-volver-al-evangelio-raiz-de-nuestra-fe-y-de-vuestra-historia-al-evangelio-de-la-humildad-del-servicio-desinteresado-de-la-sencillez\/#article","isPartOf":{"@id":"https:\/\/exaudi.org\/es\/siempre-volver-al-evangelio-raiz-de-nuestra-fe-y-de-vuestra-historia-al-evangelio-de-la-humildad-del-servicio-desinteresado-de-la-sencillez\/"},"author":{"name":"Exaudi Redacci\u00f3n","@id":"https:\/\/exaudi.org\/#\/schema\/person\/f5fc8f063065e38742da7afe15f25df7"},"headline":"El Papa: Siempre volver al Evangelio, ra\u00edz de nuestra fe y de vuestra historia","datePublished":"2023-12-07T13:27:36+00:00","dateModified":"2023-12-07T13:30:56+00:00","mainEntityOfPage":{"@id":"https:\/\/exaudi.org\/es\/siempre-volver-al-evangelio-raiz-de-nuestra-fe-y-de-vuestra-historia-al-evangelio-de-la-humildad-del-servicio-desinteresado-de-la-sencillez\/"},"wordCount":1274,"image":{"@id":"https:\/\/exaudi.org\/es\/siempre-volver-al-evangelio-raiz-de-nuestra-fe-y-de-vuestra-historia-al-evangelio-de-la-humildad-del-servicio-desinteresado-de-la-sencillez\/#primaryimage"},"thumbnailUrl":"https:\/\/exaudi.org\/wp-content\/uploads\/2023\/12\/cq5dam.web_.800.800-47.jpeg","keywords":["80 aniversarii","Discurso","Focolares","papa francisco","Trending"],"articleSection":["Discursos","Le\u00f3n XIV"],"inLanguage":"es"},{"@type":"WebPage","@id":"https:\/\/exaudi.org\/es\/siempre-volver-al-evangelio-raiz-de-nuestra-fe-y-de-vuestra-historia-al-evangelio-de-la-humildad-del-servicio-desinteresado-de-la-sencillez\/","url":"https:\/\/exaudi.org\/es\/siempre-volver-al-evangelio-raiz-de-nuestra-fe-y-de-vuestra-historia-al-evangelio-de-la-humildad-del-servicio-desinteresado-de-la-sencillez\/","name":"El Papa: Siempre volver al Evangelio, ra\u00edz de nuestra fe y de vuestra historia &#8211; Exaudi","isPartOf":{"@id":"https:\/\/exaudi.org\/#website"},"primaryImageOfPage":{"@id":"https:\/\/exaudi.org\/es\/siempre-volver-al-evangelio-raiz-de-nuestra-fe-y-de-vuestra-historia-al-evangelio-de-la-humildad-del-servicio-desinteresado-de-la-sencillez\/#primaryimage"},"image":{"@id":"https:\/\/exaudi.org\/es\/siempre-volver-al-evangelio-raiz-de-nuestra-fe-y-de-vuestra-historia-al-evangelio-de-la-humildad-del-servicio-desinteresado-de-la-sencillez\/#primaryimage"},"thumbnailUrl":"https:\/\/exaudi.org\/wp-content\/uploads\/2023\/12\/cq5dam.web_.800.800-47.jpeg","datePublished":"2023-12-07T13:27:36+00:00","dateModified":"2023-12-07T13:30:56+00:00","author":{"@id":"https:\/\/exaudi.org\/#\/schema\/person\/f5fc8f063065e38742da7afe15f25df7"},"breadcrumb":{"@id":"https:\/\/exaudi.org\/es\/siempre-volver-al-evangelio-raiz-de-nuestra-fe-y-de-vuestra-historia-al-evangelio-de-la-humildad-del-servicio-desinteresado-de-la-sencillez\/#breadcrumb"},"inLanguage":"es","potentialAction":[{"@type":"ReadAction","target":["https:\/\/exaudi.org\/es\/siempre-volver-al-evangelio-raiz-de-nuestra-fe-y-de-vuestra-historia-al-evangelio-de-la-humildad-del-servicio-desinteresado-de-la-sencillez\/"]}]},{"@type":"ImageObject","inLanguage":"es","@id":"https:\/\/exaudi.org\/es\/siempre-volver-al-evangelio-raiz-de-nuestra-fe-y-de-vuestra-historia-al-evangelio-de-la-humildad-del-servicio-desinteresado-de-la-sencillez\/#primaryimage","url":"https:\/\/exaudi.org\/wp-content\/uploads\/2023\/12\/cq5dam.web_.800.800-47.jpeg","contentUrl":"https:\/\/exaudi.org\/wp-content\/uploads\/2023\/12\/cq5dam.web_.800.800-47.jpeg","width":800,"height":533,"caption":"Vatican Media"},{"@type":"BreadcrumbList","@id":"https:\/\/exaudi.org\/es\/siempre-volver-al-evangelio-raiz-de-nuestra-fe-y-de-vuestra-historia-al-evangelio-de-la-humildad-del-servicio-desinteresado-de-la-sencillez\/#breadcrumb","itemListElement":[{"@type":"ListItem","position":1,"name":"Portada","item":"https:\/\/exaudi.org\/es\/"},{"@type":"ListItem","position":2,"name":"El Papa: Siempre volver al Evangelio, ra\u00edz de nuestra fe y de vuestra historia"}]},{"@type":"WebSite","@id":"https:\/\/exaudi.org\/#website","url":"https:\/\/exaudi.org\/","name":"Exaudi","description":"News","potentialAction":[{"@type":"SearchAction","target":{"@type":"EntryPoint","urlTemplate":"https:\/\/exaudi.org\/?s={search_term_string}"},"query-input":{"@type":"PropertyValueSpecification","valueRequired":true,"valueName":"search_term_string"}}],"inLanguage":"es"},{"@type":"Person","@id":"https:\/\/exaudi.org\/#\/schema\/person\/f5fc8f063065e38742da7afe15f25df7","name":"Exaudi Redacci\u00f3n","image":{"@type":"ImageObject","inLanguage":"es","@id":"https:\/\/secure.gravatar.com\/avatar\/fe0f6a059fb68d9b3e11bc5850dd4899b1c7492091a3cb6dd9b01b56ad828be2?s=96&d=mm&r=g","url":"https:\/\/secure.gravatar.com\/avatar\/fe0f6a059fb68d9b3e11bc5850dd4899b1c7492091a3cb6dd9b01b56ad828be2?s=96&d=mm&r=g","contentUrl":"https:\/\/secure.gravatar.com\/avatar\/fe0f6a059fb68d9b3e11bc5850dd4899b1c7492091a3cb6dd9b01b56ad828be2?s=96&d=mm&r=g","caption":"Exaudi Redacci\u00f3n"},"description":"\u00bfQu\u00e9 es Exaudi News? Exaudi News es un medio de comunicaci\u00f3n cat\u00f3lico internacional que informa, forma y transforma, diariamente en espa\u00f1ol, ingl\u00e9s e italiano. A trav\u00e9s de noticias, art\u00edculos de an\u00e1lisis y transmisiones en directo de los eventos del Papa, Exaudi busca fortalecer la unidad de los cristianos y contribuir a la evangelizaci\u00f3n del mundo, siempre guiados por la doctrina social de la Iglesia. Trabajamos para acercar la verdad y los valores cristianos a cada rinc\u00f3n del planeta. \u00a1Ay\u00fadanos a transformar el mundo con Exaudi! En Exaudi creemos que la evangelizaci\u00f3n y la informaci\u00f3n de calidad pueden cambiar vidas. Para continuar con nuestra misi\u00f3n y expandir nuestro alcance, necesitamos tu ayuda. Adem\u00e1s, buscamos personas comprometidas que deseen unirse a nuestro equipo. Con tu apoyo, lograremos llegar a m\u00e1s personas, difundir el mensaje de Cristo y reforzar la unidad de los cristianos. \u00bfTe unes a nuestra misi\u00f3n? Para m\u00e1s informaci\u00f3n sobre c\u00f3mo colaborar, visita Exaudi.org\/es o cont\u00e1ctanos directamente: info@exaudi.org Exaudi: Informa, forma y transforma.","sameAs":["https:\/\/www.facebook.com\/ExaudiNoticias\/","https:\/\/www.instagram.com\/exaudi_noticias\/","https:\/\/x.com\/Exaudi_noticias","https:\/\/www.youtube.com\/@exaudicatholicnews"],"url":"https:\/\/exaudi.org\/es\/author\/redaccionexaudi\/"}]}},"jetpack_featured_media_url":"https:\/\/exaudi.org\/wp-content\/uploads\/2023\/12\/cq5dam.web_.800.800-47.jpeg","jetpack_shortlink":"https:\/\/wp.me\/pgKjF2-nlu","_links":{"self":[{"href":"https:\/\/exaudi.org\/es\/wp-json\/wp\/v2\/posts\/89744","targetHints":{"allow":["GET"]}}],"collection":[{"href":"https:\/\/exaudi.org\/es\/wp-json\/wp\/v2\/posts"}],"about":[{"href":"https:\/\/exaudi.org\/es\/wp-json\/wp\/v2\/types\/post"}],"author":[{"embeddable":true,"href":"https:\/\/exaudi.org\/es\/wp-json\/wp\/v2\/users\/15"}],"replies":[{"embeddable":true,"href":"https:\/\/exaudi.org\/es\/wp-json\/wp\/v2\/comments?post=89744"}],"version-history":[{"count":0,"href":"https:\/\/exaudi.org\/es\/wp-json\/wp\/v2\/posts\/89744\/revisions"}],"wp:featuredmedia":[{"embeddable":true,"href":"https:\/\/exaudi.org\/es\/wp-json\/wp\/v2\/media\/89748"}],"wp:attachment":[{"href":"https:\/\/exaudi.org\/es\/wp-json\/wp\/v2\/media?parent=89744"}],"wp:term":[{"taxonomy":"category","embeddable":true,"href":"https:\/\/exaudi.org\/es\/wp-json\/wp\/v2\/categories?post=89744"},{"taxonomy":"post_tag","embeddable":true,"href":"https:\/\/exaudi.org\/es\/wp-json\/wp\/v2\/tags?post=89744"}],"curies":[{"name":"wp","href":"https:\/\/api.w.org\/{rel}","templated":true}]}}