{"id":89730,"date":"2023-12-07T11:02:28","date_gmt":"2023-12-07T10:02:28","guid":{"rendered":"https:\/\/exaudi.org\/?p=89730"},"modified":"2023-12-07T11:03:27","modified_gmt":"2023-12-07T10:03:27","slug":"inauguracion-del-belen-y-arbol-de-navidad-en-la-plaza-de-san-pedro","status":"publish","type":"post","link":"https:\/\/exaudi.org\/es\/inauguracion-del-belen-y-arbol-de-navidad-en-la-plaza-de-san-pedro\/","title":{"rendered":"Inauguraci\u00f3n del bel\u00e9n y \u00e1rbol de Navidad en la plaza de San Pedro"},"content":{"rendered":"<audio class=\"wp-audio-shortcode\" id=\"audio-89730-1\" preload=\"none\" style=\"width: 100%;\" controls=\"controls\"><source type=\"audio\/mpeg\" src=\"https:\/\/exaudi.org\/wp-content\/uploads\/2023\/12\/Belen.mp3?_=1\" \/><a href=\"https:\/\/exaudi.org\/wp-content\/uploads\/2023\/12\/Belen.mp3\">https:\/\/exaudi.org\/wp-content\/uploads\/2023\/12\/Belen.mp3<\/a><\/audio>\n<p>El cardenal Fernando V\u00e9rgez Alzaga y sor Raffaella Petrini, respectivamente presidente y secretaria general de la Gobernaci\u00f3n del Estado de la Ciudad del Vaticano, inaugurar\u00e1n el pesebre y encender\u00e1n el \u00e1rbol de Navidad, instalado en la plaza de San Pedro.<\/p>\n<h3><b>Los dones de Rieti y Saluzzo<\/b><\/h3>\n<p>La ceremonia, se lee en un comunicado de prensa de la Gobernaci\u00f3n del Estado de la Ciudad del Vaticano, tendr\u00e1 lugar el s\u00e1bado 9 de diciembre a las 17.00 horas. Estar\u00e1n presentes las delegaciones oficiales de los lugares de origen del pesebre y del \u00e1rbol, procedentes respectivamente del Valle Santa Reatina en la di\u00f3cesis de Rieti y de Macra en la di\u00f3cesis de Saluzzo. En particular, participar\u00e1n el obispo de Rieti, monse\u00f1or Vito Piccinonna, el curador del proyecto Valle del primer pesebre y del pesebre en el Aula Pablo VI, el doctor Enrico Bressan, y la Banda de la di\u00f3cesis o coro \u00abChiesa di Rieti\u00bb, entre otros.<\/p>\n<h3><b>La audiencia con el Papa<\/b><\/h3>\n<p>El Obispo de Saluzzo, Monse\u00f1or Cristiano Bodo, el Presidente de la Regi\u00f3n Piamonte, Dr. Alberto Cirio, el alcalde de Macra, Valerio Carsetti, y el coro \u00abLa Reis\u00bb de San Dami\u00e1n Macra, entre otros, participan en la presentaci\u00f3n del \u00e1rbol de Navidad. Ese mismo d\u00eda, por la ma\u00f1ana, las delegaciones ser\u00e1n recibidas en audiencia por el Papa Francisco para la entrega oficial de los dones. El pesebre y el \u00e1rbol de la Plaza de San Pedro permanecer\u00e1n expuestos hasta el final del tiempo de Navidad, que coincide con la fiesta del Bautismo del Se\u00f1or, el domingo 7 de enero de 2024.<\/p>\n","protected":false},"excerpt":{"rendered":"<p>Cita habitual con el acontecimiento que cada a\u00f1o constituye un momento de alegr\u00eda para todos los fieles: el encendido del abeto y la inauguraci\u00f3n del pesebre. Delegaciones de las di\u00f3cesis de Rieti y Saluzzo, lugares de origen de los dones, estar\u00e1n presentes para la ocasi\u00f3n y ser\u00e1n recibidas en la ma\u00f1ana del mismo d\u00eda por Francisco<\/p>\n","protected":false},"author":15,"featured_media":89731,"comment_status":"closed","ping_status":"closed","sticky":false,"template":"","format":"standard","meta":{"_acf_changed":false,"_crdt_document":"","inline_featured_image":false,"footnotes":""},"categories":[132],"tags":[4699,4700,7747,4953,272],"class_list":["post-89730","post","type-post","status-publish","format-standard","has-post-thumbnail","hentry","category-vaticano-es","tag-belen","tag-navidad","tag-pesebre","tag-trending-es","tag-vaticano-es"],"acf":[],"yoast_head":"<!-- This site is optimized with the Yoast SEO plugin v27.4 - https:\/\/yoast.com\/product\/yoast-seo-wordpress\/ -->\n<title>Inauguraci\u00f3n del bel\u00e9n y \u00e1rbol de Navidad en la plaza de San Pedro &#8211; Exaudi<\/title>\n<meta name=\"robots\" content=\"index, follow, max-snippet:-1, max-image-preview:large, max-video-preview:-1\" \/>\n<link rel=\"canonical\" href=\"https:\/\/exaudi.org\/es\/inauguracion-del-belen-y-arbol-de-navidad-en-la-plaza-de-san-pedro\/\" \/>\n<meta property=\"og:locale\" content=\"es_ES\" \/>\n<meta property=\"og:type\" content=\"article\" \/>\n<meta property=\"og:title\" content=\"Inauguraci\u00f3n del bel\u00e9n y \u00e1rbol de Navidad en la plaza de San Pedro &#8211; Exaudi\" \/>\n<meta property=\"og:description\" content=\"Cita habitual con el acontecimiento que cada a\u00f1o constituye un momento de alegr\u00eda para todos los fieles: el encendido del abeto y la inauguraci\u00f3n del pesebre. Delegaciones de las di\u00f3cesis de Rieti y Saluzzo, lugares de origen de los dones, estar\u00e1n presentes para la ocasi\u00f3n y ser\u00e1n recibidas en la ma\u00f1ana del mismo d\u00eda por Francisco\" \/>\n<meta property=\"og:url\" content=\"https:\/\/exaudi.org\/es\/inauguracion-del-belen-y-arbol-de-navidad-en-la-plaza-de-san-pedro\/\" \/>\n<meta property=\"og:site_name\" content=\"Exaudi\" \/>\n<meta property=\"article:publisher\" content=\"https:\/\/www.facebook.com\/ExaudiNews\" \/>\n<meta property=\"article:author\" content=\"https:\/\/www.facebook.com\/ExaudiNoticias\/\" \/>\n<meta property=\"article:published_time\" content=\"2023-12-07T10:02:28+00:00\" \/>\n<meta property=\"article:modified_time\" content=\"2023-12-07T10:03:27+00:00\" \/>\n<meta property=\"og:image\" content=\"https:\/\/exaudi.org\/wp-content\/uploads\/2023\/12\/cq5dam.thumbnail.cropped.750.422-5.jpeg\" \/>\n\t<meta property=\"og:image:width\" content=\"750\" \/>\n\t<meta property=\"og:image:height\" content=\"422\" \/>\n\t<meta property=\"og:image:type\" content=\"image\/jpeg\" \/>\n<meta name=\"author\" content=\"Exaudi Redacci\u00f3n\" \/>\n<meta name=\"twitter:card\" content=\"summary_large_image\" \/>\n<meta name=\"twitter:creator\" content=\"@Exaudi_noticias\" \/>\n<meta name=\"twitter:site\" content=\"@Exaudi_News\" \/>\n<meta name=\"twitter:label1\" content=\"Escrito por\" \/>\n\t<meta name=\"twitter:data1\" content=\"Exaudi Redacci\u00f3n\" \/>\n\t<meta name=\"twitter:label2\" content=\"Tiempo de lectura\" \/>\n\t<meta name=\"twitter:data2\" content=\"1 minuto\" \/>\n<script type=\"application\/ld+json\" class=\"yoast-schema-graph\">{\"@context\":\"https:\\\/\\\/schema.org\",\"@graph\":[{\"@type\":\"Article\",\"@id\":\"https:\\\/\\\/exaudi.org\\\/es\\\/inauguracion-del-belen-y-arbol-de-navidad-en-la-plaza-de-san-pedro\\\/#article\",\"isPartOf\":{\"@id\":\"https:\\\/\\\/exaudi.org\\\/es\\\/inauguracion-del-belen-y-arbol-de-navidad-en-la-plaza-de-san-pedro\\\/\"},\"author\":{\"name\":\"Exaudi Redacci\u00f3n\",\"@id\":\"https:\\\/\\\/exaudi.org\\\/#\\\/schema\\\/person\\\/f5fc8f063065e38742da7afe15f25df7\"},\"headline\":\"Inauguraci\u00f3n del bel\u00e9n y \u00e1rbol de Navidad en la plaza de San Pedro\",\"datePublished\":\"2023-12-07T10:02:28+00:00\",\"dateModified\":\"2023-12-07T10:03:27+00:00\",\"mainEntityOfPage\":{\"@id\":\"https:\\\/\\\/exaudi.org\\\/es\\\/inauguracion-del-belen-y-arbol-de-navidad-en-la-plaza-de-san-pedro\\\/\"},\"wordCount\":300,\"image\":{\"@id\":\"https:\\\/\\\/exaudi.org\\\/es\\\/inauguracion-del-belen-y-arbol-de-navidad-en-la-plaza-de-san-pedro\\\/#primaryimage\"},\"thumbnailUrl\":\"https:\\\/\\\/exaudi.org\\\/wp-content\\\/uploads\\\/2023\\\/12\\\/cq5dam.thumbnail.cropped.750.422-5.jpeg\",\"keywords\":[\"Bel\u00e9n\",\"navidad\",\"Pesebre\",\"Trending\",\"Vaticano\"],\"articleSection\":[\"Vaticano\"],\"inLanguage\":\"es\"},{\"@type\":\"WebPage\",\"@id\":\"https:\\\/\\\/exaudi.org\\\/es\\\/inauguracion-del-belen-y-arbol-de-navidad-en-la-plaza-de-san-pedro\\\/\",\"url\":\"https:\\\/\\\/exaudi.org\\\/es\\\/inauguracion-del-belen-y-arbol-de-navidad-en-la-plaza-de-san-pedro\\\/\",\"name\":\"Inauguraci\u00f3n del bel\u00e9n y \u00e1rbol de Navidad en la plaza de San Pedro &#8211; Exaudi\",\"isPartOf\":{\"@id\":\"https:\\\/\\\/exaudi.org\\\/#website\"},\"primaryImageOfPage\":{\"@id\":\"https:\\\/\\\/exaudi.org\\\/es\\\/inauguracion-del-belen-y-arbol-de-navidad-en-la-plaza-de-san-pedro\\\/#primaryimage\"},\"image\":{\"@id\":\"https:\\\/\\\/exaudi.org\\\/es\\\/inauguracion-del-belen-y-arbol-de-navidad-en-la-plaza-de-san-pedro\\\/#primaryimage\"},\"thumbnailUrl\":\"https:\\\/\\\/exaudi.org\\\/wp-content\\\/uploads\\\/2023\\\/12\\\/cq5dam.thumbnail.cropped.750.422-5.jpeg\",\"datePublished\":\"2023-12-07T10:02:28+00:00\",\"dateModified\":\"2023-12-07T10:03:27+00:00\",\"author\":{\"@id\":\"https:\\\/\\\/exaudi.org\\\/#\\\/schema\\\/person\\\/f5fc8f063065e38742da7afe15f25df7\"},\"breadcrumb\":{\"@id\":\"https:\\\/\\\/exaudi.org\\\/es\\\/inauguracion-del-belen-y-arbol-de-navidad-en-la-plaza-de-san-pedro\\\/#breadcrumb\"},\"inLanguage\":\"es\",\"potentialAction\":[{\"@type\":\"ReadAction\",\"target\":[\"https:\\\/\\\/exaudi.org\\\/es\\\/inauguracion-del-belen-y-arbol-de-navidad-en-la-plaza-de-san-pedro\\\/\"]}]},{\"@type\":\"ImageObject\",\"inLanguage\":\"es\",\"@id\":\"https:\\\/\\\/exaudi.org\\\/es\\\/inauguracion-del-belen-y-arbol-de-navidad-en-la-plaza-de-san-pedro\\\/#primaryimage\",\"url\":\"https:\\\/\\\/exaudi.org\\\/wp-content\\\/uploads\\\/2023\\\/12\\\/cq5dam.thumbnail.cropped.750.422-5.jpeg\",\"contentUrl\":\"https:\\\/\\\/exaudi.org\\\/wp-content\\\/uploads\\\/2023\\\/12\\\/cq5dam.thumbnail.cropped.750.422-5.jpeg\",\"width\":750,\"height\":422},{\"@type\":\"BreadcrumbList\",\"@id\":\"https:\\\/\\\/exaudi.org\\\/es\\\/inauguracion-del-belen-y-arbol-de-navidad-en-la-plaza-de-san-pedro\\\/#breadcrumb\",\"itemListElement\":[{\"@type\":\"ListItem\",\"position\":1,\"name\":\"Portada\",\"item\":\"https:\\\/\\\/exaudi.org\\\/es\\\/\"},{\"@type\":\"ListItem\",\"position\":2,\"name\":\"Inauguraci\u00f3n del bel\u00e9n y \u00e1rbol de Navidad en la plaza de San Pedro\"}]},{\"@type\":\"WebSite\",\"@id\":\"https:\\\/\\\/exaudi.org\\\/#website\",\"url\":\"https:\\\/\\\/exaudi.org\\\/\",\"name\":\"Exaudi\",\"description\":\"News\",\"potentialAction\":[{\"@type\":\"SearchAction\",\"target\":{\"@type\":\"EntryPoint\",\"urlTemplate\":\"https:\\\/\\\/exaudi.org\\\/?s={search_term_string}\"},\"query-input\":{\"@type\":\"PropertyValueSpecification\",\"valueRequired\":true,\"valueName\":\"search_term_string\"}}],\"inLanguage\":\"es\"},{\"@type\":\"Person\",\"@id\":\"https:\\\/\\\/exaudi.org\\\/#\\\/schema\\\/person\\\/f5fc8f063065e38742da7afe15f25df7\",\"name\":\"Exaudi Redacci\u00f3n\",\"image\":{\"@type\":\"ImageObject\",\"inLanguage\":\"es\",\"@id\":\"https:\\\/\\\/secure.gravatar.com\\\/avatar\\\/fe0f6a059fb68d9b3e11bc5850dd4899b1c7492091a3cb6dd9b01b56ad828be2?s=96&d=mm&r=g\",\"url\":\"https:\\\/\\\/secure.gravatar.com\\\/avatar\\\/fe0f6a059fb68d9b3e11bc5850dd4899b1c7492091a3cb6dd9b01b56ad828be2?s=96&d=mm&r=g\",\"contentUrl\":\"https:\\\/\\\/secure.gravatar.com\\\/avatar\\\/fe0f6a059fb68d9b3e11bc5850dd4899b1c7492091a3cb6dd9b01b56ad828be2?s=96&d=mm&r=g\",\"caption\":\"Exaudi Redacci\u00f3n\"},\"description\":\"\u00bfQu\u00e9 es Exaudi News? Exaudi News es un medio de comunicaci\u00f3n cat\u00f3lico internacional que informa, forma y transforma, diariamente en espa\u00f1ol, ingl\u00e9s e italiano. A trav\u00e9s de noticias, art\u00edculos de an\u00e1lisis y transmisiones en directo de los eventos del Papa, Exaudi busca fortalecer la unidad de los cristianos y contribuir a la evangelizaci\u00f3n del mundo, siempre guiados por la doctrina social de la Iglesia. Trabajamos para acercar la verdad y los valores cristianos a cada rinc\u00f3n del planeta. \u00a1Ay\u00fadanos a transformar el mundo con Exaudi! En Exaudi creemos que la evangelizaci\u00f3n y la informaci\u00f3n de calidad pueden cambiar vidas. Para continuar con nuestra misi\u00f3n y expandir nuestro alcance, necesitamos tu ayuda. Adem\u00e1s, buscamos personas comprometidas que deseen unirse a nuestro equipo. Con tu apoyo, lograremos llegar a m\u00e1s personas, difundir el mensaje de Cristo y reforzar la unidad de los cristianos. \u00bfTe unes a nuestra misi\u00f3n? Para m\u00e1s informaci\u00f3n sobre c\u00f3mo colaborar, visita Exaudi.org\\\/es o cont\u00e1ctanos directamente: info@exaudi.org Exaudi: Informa, forma y transforma.\",\"sameAs\":[\"https:\\\/\\\/www.facebook.com\\\/ExaudiNoticias\\\/\",\"https:\\\/\\\/www.instagram.com\\\/exaudi_noticias\\\/\",\"https:\\\/\\\/x.com\\\/Exaudi_noticias\",\"https:\\\/\\\/www.youtube.com\\\/@exaudicatholicnews\"],\"url\":\"https:\\\/\\\/exaudi.org\\\/es\\\/author\\\/redaccionexaudi\\\/\"}]}<\/script>\n<!-- \/ Yoast SEO plugin. -->","yoast_head_json":{"title":"Inauguraci\u00f3n del bel\u00e9n y \u00e1rbol de Navidad en la plaza de San Pedro &#8211; Exaudi","robots":{"index":"index","follow":"follow","max-snippet":"max-snippet:-1","max-image-preview":"max-image-preview:large","max-video-preview":"max-video-preview:-1"},"canonical":"https:\/\/exaudi.org\/es\/inauguracion-del-belen-y-arbol-de-navidad-en-la-plaza-de-san-pedro\/","og_locale":"es_ES","og_type":"article","og_title":"Inauguraci\u00f3n del bel\u00e9n y \u00e1rbol de Navidad en la plaza de San Pedro &#8211; Exaudi","og_description":"Cita habitual con el acontecimiento que cada a\u00f1o constituye un momento de alegr\u00eda para todos los fieles: el encendido del abeto y la inauguraci\u00f3n del pesebre. Delegaciones de las di\u00f3cesis de Rieti y Saluzzo, lugares de origen de los dones, estar\u00e1n presentes para la ocasi\u00f3n y ser\u00e1n recibidas en la ma\u00f1ana del mismo d\u00eda por Francisco","og_url":"https:\/\/exaudi.org\/es\/inauguracion-del-belen-y-arbol-de-navidad-en-la-plaza-de-san-pedro\/","og_site_name":"Exaudi","article_publisher":"https:\/\/www.facebook.com\/ExaudiNews","article_author":"https:\/\/www.facebook.com\/ExaudiNoticias\/","article_published_time":"2023-12-07T10:02:28+00:00","article_modified_time":"2023-12-07T10:03:27+00:00","og_image":[{"width":750,"height":422,"url":"https:\/\/exaudi.org\/wp-content\/uploads\/2023\/12\/cq5dam.thumbnail.cropped.750.422-5.jpeg","type":"image\/jpeg"}],"author":"Exaudi Redacci\u00f3n","twitter_card":"summary_large_image","twitter_creator":"@Exaudi_noticias","twitter_site":"@Exaudi_News","twitter_misc":{"Escrito por":"Exaudi Redacci\u00f3n","Tiempo de lectura":"1 minuto"},"schema":{"@context":"https:\/\/schema.org","@graph":[{"@type":"Article","@id":"https:\/\/exaudi.org\/es\/inauguracion-del-belen-y-arbol-de-navidad-en-la-plaza-de-san-pedro\/#article","isPartOf":{"@id":"https:\/\/exaudi.org\/es\/inauguracion-del-belen-y-arbol-de-navidad-en-la-plaza-de-san-pedro\/"},"author":{"name":"Exaudi Redacci\u00f3n","@id":"https:\/\/exaudi.org\/#\/schema\/person\/f5fc8f063065e38742da7afe15f25df7"},"headline":"Inauguraci\u00f3n del bel\u00e9n y \u00e1rbol de Navidad en la plaza de San Pedro","datePublished":"2023-12-07T10:02:28+00:00","dateModified":"2023-12-07T10:03:27+00:00","mainEntityOfPage":{"@id":"https:\/\/exaudi.org\/es\/inauguracion-del-belen-y-arbol-de-navidad-en-la-plaza-de-san-pedro\/"},"wordCount":300,"image":{"@id":"https:\/\/exaudi.org\/es\/inauguracion-del-belen-y-arbol-de-navidad-en-la-plaza-de-san-pedro\/#primaryimage"},"thumbnailUrl":"https:\/\/exaudi.org\/wp-content\/uploads\/2023\/12\/cq5dam.thumbnail.cropped.750.422-5.jpeg","keywords":["Bel\u00e9n","navidad","Pesebre","Trending","Vaticano"],"articleSection":["Vaticano"],"inLanguage":"es"},{"@type":"WebPage","@id":"https:\/\/exaudi.org\/es\/inauguracion-del-belen-y-arbol-de-navidad-en-la-plaza-de-san-pedro\/","url":"https:\/\/exaudi.org\/es\/inauguracion-del-belen-y-arbol-de-navidad-en-la-plaza-de-san-pedro\/","name":"Inauguraci\u00f3n del bel\u00e9n y \u00e1rbol de Navidad en la plaza de San Pedro &#8211; Exaudi","isPartOf":{"@id":"https:\/\/exaudi.org\/#website"},"primaryImageOfPage":{"@id":"https:\/\/exaudi.org\/es\/inauguracion-del-belen-y-arbol-de-navidad-en-la-plaza-de-san-pedro\/#primaryimage"},"image":{"@id":"https:\/\/exaudi.org\/es\/inauguracion-del-belen-y-arbol-de-navidad-en-la-plaza-de-san-pedro\/#primaryimage"},"thumbnailUrl":"https:\/\/exaudi.org\/wp-content\/uploads\/2023\/12\/cq5dam.thumbnail.cropped.750.422-5.jpeg","datePublished":"2023-12-07T10:02:28+00:00","dateModified":"2023-12-07T10:03:27+00:00","author":{"@id":"https:\/\/exaudi.org\/#\/schema\/person\/f5fc8f063065e38742da7afe15f25df7"},"breadcrumb":{"@id":"https:\/\/exaudi.org\/es\/inauguracion-del-belen-y-arbol-de-navidad-en-la-plaza-de-san-pedro\/#breadcrumb"},"inLanguage":"es","potentialAction":[{"@type":"ReadAction","target":["https:\/\/exaudi.org\/es\/inauguracion-del-belen-y-arbol-de-navidad-en-la-plaza-de-san-pedro\/"]}]},{"@type":"ImageObject","inLanguage":"es","@id":"https:\/\/exaudi.org\/es\/inauguracion-del-belen-y-arbol-de-navidad-en-la-plaza-de-san-pedro\/#primaryimage","url":"https:\/\/exaudi.org\/wp-content\/uploads\/2023\/12\/cq5dam.thumbnail.cropped.750.422-5.jpeg","contentUrl":"https:\/\/exaudi.org\/wp-content\/uploads\/2023\/12\/cq5dam.thumbnail.cropped.750.422-5.jpeg","width":750,"height":422},{"@type":"BreadcrumbList","@id":"https:\/\/exaudi.org\/es\/inauguracion-del-belen-y-arbol-de-navidad-en-la-plaza-de-san-pedro\/#breadcrumb","itemListElement":[{"@type":"ListItem","position":1,"name":"Portada","item":"https:\/\/exaudi.org\/es\/"},{"@type":"ListItem","position":2,"name":"Inauguraci\u00f3n del bel\u00e9n y \u00e1rbol de Navidad en la plaza de San Pedro"}]},{"@type":"WebSite","@id":"https:\/\/exaudi.org\/#website","url":"https:\/\/exaudi.org\/","name":"Exaudi","description":"News","potentialAction":[{"@type":"SearchAction","target":{"@type":"EntryPoint","urlTemplate":"https:\/\/exaudi.org\/?s={search_term_string}"},"query-input":{"@type":"PropertyValueSpecification","valueRequired":true,"valueName":"search_term_string"}}],"inLanguage":"es"},{"@type":"Person","@id":"https:\/\/exaudi.org\/#\/schema\/person\/f5fc8f063065e38742da7afe15f25df7","name":"Exaudi Redacci\u00f3n","image":{"@type":"ImageObject","inLanguage":"es","@id":"https:\/\/secure.gravatar.com\/avatar\/fe0f6a059fb68d9b3e11bc5850dd4899b1c7492091a3cb6dd9b01b56ad828be2?s=96&d=mm&r=g","url":"https:\/\/secure.gravatar.com\/avatar\/fe0f6a059fb68d9b3e11bc5850dd4899b1c7492091a3cb6dd9b01b56ad828be2?s=96&d=mm&r=g","contentUrl":"https:\/\/secure.gravatar.com\/avatar\/fe0f6a059fb68d9b3e11bc5850dd4899b1c7492091a3cb6dd9b01b56ad828be2?s=96&d=mm&r=g","caption":"Exaudi Redacci\u00f3n"},"description":"\u00bfQu\u00e9 es Exaudi News? Exaudi News es un medio de comunicaci\u00f3n cat\u00f3lico internacional que informa, forma y transforma, diariamente en espa\u00f1ol, ingl\u00e9s e italiano. A trav\u00e9s de noticias, art\u00edculos de an\u00e1lisis y transmisiones en directo de los eventos del Papa, Exaudi busca fortalecer la unidad de los cristianos y contribuir a la evangelizaci\u00f3n del mundo, siempre guiados por la doctrina social de la Iglesia. Trabajamos para acercar la verdad y los valores cristianos a cada rinc\u00f3n del planeta. \u00a1Ay\u00fadanos a transformar el mundo con Exaudi! En Exaudi creemos que la evangelizaci\u00f3n y la informaci\u00f3n de calidad pueden cambiar vidas. Para continuar con nuestra misi\u00f3n y expandir nuestro alcance, necesitamos tu ayuda. Adem\u00e1s, buscamos personas comprometidas que deseen unirse a nuestro equipo. Con tu apoyo, lograremos llegar a m\u00e1s personas, difundir el mensaje de Cristo y reforzar la unidad de los cristianos. \u00bfTe unes a nuestra misi\u00f3n? Para m\u00e1s informaci\u00f3n sobre c\u00f3mo colaborar, visita Exaudi.org\/es o cont\u00e1ctanos directamente: info@exaudi.org Exaudi: Informa, forma y transforma.","sameAs":["https:\/\/www.facebook.com\/ExaudiNoticias\/","https:\/\/www.instagram.com\/exaudi_noticias\/","https:\/\/x.com\/Exaudi_noticias","https:\/\/www.youtube.com\/@exaudicatholicnews"],"url":"https:\/\/exaudi.org\/es\/author\/redaccionexaudi\/"}]}},"jetpack_featured_media_url":"https:\/\/exaudi.org\/wp-content\/uploads\/2023\/12\/cq5dam.thumbnail.cropped.750.422-5.jpeg","jetpack_shortlink":"https:\/\/wp.me\/pgKjF2-nlg","_links":{"self":[{"href":"https:\/\/exaudi.org\/es\/wp-json\/wp\/v2\/posts\/89730","targetHints":{"allow":["GET"]}}],"collection":[{"href":"https:\/\/exaudi.org\/es\/wp-json\/wp\/v2\/posts"}],"about":[{"href":"https:\/\/exaudi.org\/es\/wp-json\/wp\/v2\/types\/post"}],"author":[{"embeddable":true,"href":"https:\/\/exaudi.org\/es\/wp-json\/wp\/v2\/users\/15"}],"replies":[{"embeddable":true,"href":"https:\/\/exaudi.org\/es\/wp-json\/wp\/v2\/comments?post=89730"}],"version-history":[{"count":0,"href":"https:\/\/exaudi.org\/es\/wp-json\/wp\/v2\/posts\/89730\/revisions"}],"wp:featuredmedia":[{"embeddable":true,"href":"https:\/\/exaudi.org\/es\/wp-json\/wp\/v2\/media\/89731"}],"wp:attachment":[{"href":"https:\/\/exaudi.org\/es\/wp-json\/wp\/v2\/media?parent=89730"}],"wp:term":[{"taxonomy":"category","embeddable":true,"href":"https:\/\/exaudi.org\/es\/wp-json\/wp\/v2\/categories?post=89730"},{"taxonomy":"post_tag","embeddable":true,"href":"https:\/\/exaudi.org\/es\/wp-json\/wp\/v2\/tags?post=89730"}],"curies":[{"name":"wp","href":"https:\/\/api.w.org\/{rel}","templated":true}]}}