{"id":89648,"date":"2023-12-06T09:30:23","date_gmt":"2023-12-06T08:30:23","guid":{"rendered":"https:\/\/exaudi.org\/?p=89648"},"modified":"2023-12-06T12:16:21","modified_gmt":"2023-12-06T11:16:21","slug":"mindove-un-innovador-proyecto-que-une-la-psicologia-humanista-y-el-sistema-de-creencias-cristianas","status":"publish","type":"post","link":"https:\/\/exaudi.org\/es\/mindove-un-innovador-proyecto-que-une-la-psicologia-humanista-y-el-sistema-de-creencias-cristianas\/","title":{"rendered":"Mindove: un innovador proyecto que une la psicolog\u00eda humanista y el sistema de creencias cristianas"},"content":{"rendered":"<audio class=\"wp-audio-shortcode\" id=\"audio-89648-1\" preload=\"none\" style=\"width: 100%;\" controls=\"controls\"><source type=\"audio\/mpeg\" src=\"https:\/\/exaudi.org\/wp-content\/uploads\/2023\/12\/Mindove.mp3?_=1\" \/><a href=\"https:\/\/exaudi.org\/wp-content\/uploads\/2023\/12\/Mindove.mp3\">https:\/\/exaudi.org\/wp-content\/uploads\/2023\/12\/Mindove.mp3<\/a><\/audio>\n<p><span style=\"font-weight: 400\">Cada vez se oye hablar m\u00e1s de salud mental y de bienestar, y los avances en este campo son innegables. Pero quiz\u00e1s faltaba un paso m\u00e1s: integrar a nuestra salud mental la espiritualidad cristiana.\u00a0<\/span><\/p>\n<p><span style=\"font-weight: 400\">Con este prop\u00f3sito naci\u00f3 <\/span><a href=\"https:\/\/mindove.org\/\" target=\"_blank\" rel=\"noopener\"><b>Mindove<\/b><\/a><span style=\"font-weight: 400\">, un proyecto de atenci\u00f3n para la salud mental que ofrece un enfoque sin precedentes: fusionar la psicolog\u00eda humanista con los valores de la fe cristiana, siguiendo los principios de la <\/span><b>Terapia Cat\u00f3lica<\/b><span style=\"font-weight: 400\">.<\/span><\/p>\n<h3><b>Una necesidad urgente\u00a0<\/b><\/h3>\n<p><span style=\"font-weight: 400\">Seg\u00fan la <\/span><b>Organizaci\u00f3n Mundial de la Salud<\/b><span style=\"font-weight: 400\">, <\/span><b>los problemas de salud mental ser\u00e1n la <\/b><a href=\"https:\/\/consaludmental.org\/notas-de-prensa\/problemas-salud-mental-principal-discapacidad-mundo-2030\/\" target=\"_blank\" rel=\"noopener\"><b>principal causa de discapacidad en el mundo en el 2030<\/b><\/a><span style=\"font-weight: 400\">. En un mundo en el que hay m\u00e1s de 1.3 mil millones de cat\u00f3licos, muchos de los cuales luchan y luchar\u00e1n con alg\u00fan trastorno de salud mental.\u00a0<\/span><\/p>\n<p><span style=\"font-weight: 400\">En este contexto nace<\/span> <a href=\"http:\/\/www.mindove.org\"><b>Mindove<\/b><\/a><span style=\"font-weight: 400\"> donde existe una creciente necesidad de <\/span><b>atenci\u00f3n psicol\u00f3gica que respete e integre las creencias cristianas<\/b><span style=\"font-weight: 400\"> de los pacientes. \u201c<\/span><i><span style=\"font-weight: 400\">He sido testigo de la existencia de una demanda insatisfecha, de muchos pacientes que piden psic\u00f3logos que puedan comprender sus creencias e integrarlas en la terapia<\/span><\/i><span style=\"font-weight: 400\">\u201d revel\u00f3 la <\/span><b>Dra. Mercedes Vallenilla<\/b><span style=\"font-weight: 400\">, fundadora de Mindove, sobre el origen de esta iniciativa.\u00a0<\/span><\/p>\n<p><b>Mariana Calleja<\/b><span style=\"font-weight: 400\"> experiment\u00f3 en primera persona la necesidad de una terapia que integre las propias convicciones religiosas. <\/span><i><span style=\"font-weight: 400\">\u201cFui atendida por 6 o 7 especialistas en psicolog\u00eda y psiquiatr\u00eda y realic\u00e9 procesos espirituales de sanaci\u00f3n, hasta que finalmente encontr\u00e9 a una psic\u00f3loga cat\u00f3lica, y puedo afirmar que lo que hoy necesita el mundo y la Iglesia es un modelo de acompa\u00f1amiento integral (psicoespiritual) con un fundamento adecuado (cient\u00edfico), que integre y respete nuestra fe para poder sanar\u201d<\/span><\/i><span style=\"font-weight: 400\">. Esa experiencia le llev\u00f3 a dar un paso al frente y ahora es una de las <\/span><b>cofundadoras<\/b><span style=\"font-weight: 400\"> de Mindove.<\/span><\/p>\n<h3><b>Tecnolog\u00eda al servicio de un bienestar integral<\/b><\/h3>\n<p><a href=\"https:\/\/mindove.org\/\"><b>Mindove<\/b><\/a><span style=\"font-weight: 400\"> capitaliza la experiencia acumulada a lo largo de m\u00e1s de 12 a\u00f1os por <\/span><a href=\"http:\/\/www.psicologiacatolicaintegral.com\"><b>Psicolog\u00eda Cat\u00f3lica Integral<\/b><span style=\"font-weight: 400\">,<\/span><\/a><span style=\"font-weight: 400\"> el proyecto pionero que brinda atenci\u00f3n psicol\u00f3gica virtual a hispanohablantes de todo el mundo desde el a\u00f1o 2005. <\/span><i><span style=\"font-weight: 400\">\u201cEl lanzamiento de Mindove marca una expansi\u00f3n y evoluci\u00f3n natural de Psicolog\u00eda Cat\u00f3lica Integral\u201d<\/span><\/i><span style=\"font-weight: 400\">, dijo <\/span><b>Laureano Guti\u00e9rrez, co-fundador y director de <\/b><a href=\"https:\/\/mindove.org\/\" target=\"_blank\" rel=\"noopener\"><b>Mindove<\/b><\/a><b>.\u00a0<\/b><\/p>\n<p><span style=\"font-weight: 400\">La presentaci\u00f3n de esta nueva aplicaci\u00f3n se hace en v\u00edsperas de una de las fiestas m\u00e1s importantes para los cat\u00f3licos: la <\/span><b>Inmaculada Concepci\u00f3n de Mar\u00eda<\/b><span style=\"font-weight: 400\">. Una coincidencia llena de intenci\u00f3n: <\/span><i><span style=\"font-weight: 400\">\u201cQueremos poner bajo el manto de la Inmaculada este nuevo proyecto, para que ella nos ayude a cuidar del bienestar integral y de la salud mental de todos los pacientes\u201d<\/span><\/i><span style=\"font-weight: 400\"> asegur\u00f3 Laureano Guti\u00e9rrez.\u00a0<\/span><\/p>\n<p><a href=\"https:\/\/mindove.org\/\" target=\"_blank\" rel=\"noopener\"><b>Mindove<\/b><\/a><span style=\"font-weight: 400\"> cuenta con los mayores est\u00e1ndares de calidad para brindar a los pacientes el mejor servicio posible. Una web app que permitir\u00e1 tener acceso al perfil profesional del psic\u00f3logo, conocer la opini\u00f3n de otros usuarios y agendar las visitas de una manera sencilla e intuitiva. <\/span><i><span style=\"font-weight: 400\">\u201cPara Mindove armamos un equipo diverso de m\u00e1s de 30 psic\u00f3logos cat\u00f3licos, altamente capacitados y minuciosamente seleccionados. Provienen y residen en diversos pa\u00edses incluyendo M\u00e9xico, Colombia, EE. UU., Venezuela, Guatemala y Chile. Han sido escogidos por su compromiso con la salud mental y su formaci\u00f3n acad\u00e9mica y profesional en psicolog\u00eda\u201d<\/span><\/i><span style=\"font-weight: 400\">, agreg\u00f3 Laureano Guti\u00e9rrez, que lleva varios a\u00f1os trabajando en el lanzamiento de esta iniciativa.<\/span><\/p>\n<h3><b>Una revoluci\u00f3n en la atenci\u00f3n de la salud mental<\/b><\/h3>\n<p><a href=\"https:\/\/mindove.org\/\"><b>Mindove<\/b><\/a><span style=\"font-weight: 400\"> busca revolucionar la atenci\u00f3n de la salud mental. Es la primera plataforma formal para cat\u00f3licos dise\u00f1ada con <\/span><b>tecnolog\u00eda de vanguardia<\/b><span style=\"font-weight: 400\"> que permite a los psic\u00f3logos cat\u00f3licos ejercer su profesi\u00f3n desde su sistema de creencias con un respaldo cient\u00edfico s\u00f3lido. No se trata de un simple directorio de psic\u00f3logos, sino que todos y cada uno pasan por un riguroso proceso de selecci\u00f3n que avalan los profesionales de Mindove, certificando as\u00ed la profesionalidad de los mismos.\u00a0<\/span><\/p>\n<p><span style=\"font-weight: 400\">\u201c<\/span><i><span style=\"font-weight: 400\">Son muchos los cat\u00f3licos que desean ser atendidos por un psic\u00f3logo cat\u00f3lico, pero no es tan sencillo dar con uno. Muchas veces est\u00e1n a kil\u00f3metros de distancia o se encuentran en otro pa\u00eds. Por eso, la psicolog\u00eda virtual se presenta como una alternativa que facilita la vida a los pacientes<\/span><\/i><span style=\"font-weight: 400\">\u201d, afirma <\/span><b>Laureano<\/b><span style=\"font-weight: 400\">, uno de los cofundadores. Gracias a la nueva plataforma los pacientes de Mindove tendr\u00e1n acceso a atenci\u00f3n experta desde la comodidad de su hogar. A trav\u00e9s de la web app de Mindove, se ofrecen sesiones de terapia online de una hora, quincenales o semanales, individuales, de pareja o para asistencia a la familia, en salas de videoconferencias seguras y confiables certificadas por el Hippa Compliant para la atenci\u00f3n virtual de la salud mental.<\/span><\/p>\n<p><span style=\"font-weight: 400\">En un mundo donde la salud mental se impone como un desaf\u00edo, Mindove elimina las barreras que impiden a los cristianos o cualquier persona que necesita ayuda, recibir atenci\u00f3n especializada basada en los valores de la fe. La depresi\u00f3n, la ansiedad, las adicciones, los problemas familiares y matrimoniales son desaf\u00edos cr\u00edticos que Mindove se compromete a abordar.<\/span><\/p>\n<p><span style=\"font-weight: 400\">***<\/span><\/p>\n<h3><b>Acerca de Mindove<\/b><\/h3>\n<p><span style=\"font-weight: 400\">Mindove es una organizaci\u00f3n que brinda un servicio integral para buscar el bienestar mental y espiritual de sus pacientes, integrando la psicolog\u00eda humanista con los valores de la fe cristiana. Fundada en 2023 por la <\/span><a href=\"https:\/\/mindove.org\/historia\/?preview_id=15&amp;preview_nonce=8e912d9cff&amp;preview=true\" target=\"_blank\" rel=\"noopener\"><span style=\"font-weight: 400\">Dra. Mercedes Vallenilla,<\/span><\/a><span style=\"font-weight: 400\"> la entidad cuenta con un gran equipo de <\/span><a href=\"https:\/\/mindove.org\/psicologos\/\" target=\"_blank\" rel=\"noopener\"><span style=\"font-weight: 400\">psic\u00f3logos cat\u00f3licos certificados <\/span><\/a><span style=\"font-weight: 400\">que ayudan a los pacientes cristianos, o a cualquier persona que lo solicite, a alcanzar su bienestar integral. Su plataforma online -que cuenta con los m\u00e1s altos est\u00e1ndares de calidad en la atenci\u00f3n terap\u00e9utica- est\u00e1 llamada a revolucionar el panorama de la psicolog\u00eda cat\u00f3lica en l\u00ednea. La integraci\u00f3n de la fe en la atenci\u00f3n de la salud mental, desde un enfoque psicol\u00f3gico y espiritual, y la profesionalidad de los psic\u00f3logos son los dos grandes elementos diferenciales de Mindove. M\u00e1s informaci\u00f3n: <\/span><a href=\"http:\/\/www.mindove.org\" target=\"_blank\" rel=\"noopener\"><span style=\"font-weight: 400\">www.mindove.org<\/span><\/a><\/p>\n<p><b>Laureano Guti\u00e9rrez <\/b><span style=\"font-weight: 400\"><br \/>\n<\/span> <span style=\"font-weight: 400\">Director<\/span><span style=\"font-weight: 400\"><br \/>\n<\/span><\/p>\n<p><b>Mariana Calleja<\/b><span style=\"font-weight: 400\"><br \/>\n<\/span> <span style=\"font-weight: 400\">Directora Programa Amenity<\/span><span style=\"font-weight: 400\"><br \/>\n<\/span> <span style=\"font-weight: 400\">Cofundadora<\/span><span style=\"font-weight: 400\"><br \/>\n<\/span><\/p>\n<p><img loading=\"lazy\" decoding=\"async\" class=\"size-full wp-image-89649 aligncenter\" src=\"https:\/\/exaudi.org\/wp-content\/uploads\/2023\/12\/406619647_122159294570000636_4935426116068330751_n.jpg\" alt=\"\" width=\"1080\" height=\"1080\" srcset=\"https:\/\/exaudi.org\/wp-content\/uploads\/2023\/12\/406619647_122159294570000636_4935426116068330751_n.jpg 1080w, https:\/\/exaudi.org\/wp-content\/uploads\/2023\/12\/406619647_122159294570000636_4935426116068330751_n-300x300.jpg 300w, https:\/\/exaudi.org\/wp-content\/uploads\/2023\/12\/406619647_122159294570000636_4935426116068330751_n-1024x1024.jpg 1024w, https:\/\/exaudi.org\/wp-content\/uploads\/2023\/12\/406619647_122159294570000636_4935426116068330751_n-100x100.jpg?crop=1 100w, https:\/\/exaudi.org\/wp-content\/uploads\/2023\/12\/406619647_122159294570000636_4935426116068330751_n-770x770.jpg 770w, https:\/\/exaudi.org\/wp-content\/uploads\/2023\/12\/406619647_122159294570000636_4935426116068330751_n-500x500.jpg 500w, https:\/\/exaudi.org\/wp-content\/uploads\/2023\/12\/406619647_122159294570000636_4935426116068330751_n-293x293.jpg 293w, https:\/\/exaudi.org\/wp-content\/uploads\/2023\/12\/406619647_122159294570000636_4935426116068330751_n-390x390.jpg 390w, https:\/\/exaudi.org\/wp-content\/uploads\/2023\/12\/406619647_122159294570000636_4935426116068330751_n-585x585.jpg 585w, https:\/\/exaudi.org\/wp-content\/uploads\/2023\/12\/406619647_122159294570000636_4935426116068330751_n-900x900.jpg 900w\" sizes=\"auto, (max-width: 1080px) 100vw, 1080px\" \/><\/p>\n","protected":false},"excerpt":{"rendered":"<p>En las v\u00edsperas de la fiesta de la Inmaculada Concepci\u00f3n, lanzar\u00e1n una aplicaci\u00f3n con tecnolog\u00eda de vanguardia que combina la psicolog\u00eda humanista con los valores de la fe cat\u00f3lica<\/p>\n","protected":false},"author":15,"featured_media":89649,"comment_status":"closed","ping_status":"closed","sticky":false,"template":"","format":"standard","meta":{"_acf_changed":false,"_crdt_document":"","inline_featured_image":false,"footnotes":""},"categories":[74],"tags":[11347,11348,5870,11346,729],"class_list":["post-89648","post","type-post","status-publish","format-standard","has-post-thumbnail","hentry","category-iglesia-y-mundo","tag-laureano-gutierrez","tag-mariana-calleja","tag-mercedes-vallenilla-es","tag-mindove","tag-salud-mental"],"acf":[],"yoast_head":"<!-- This site is optimized with the Yoast SEO plugin v27.5 - https:\/\/yoast.com\/product\/yoast-seo-wordpress\/ -->\n<title>Mindove: un innovador proyecto que une la psicolog\u00eda humanista y el sistema de creencias cristianas &#8211; Exaudi<\/title>\n<meta name=\"robots\" content=\"index, follow, max-snippet:-1, max-image-preview:large, max-video-preview:-1\" \/>\n<link rel=\"canonical\" href=\"https:\/\/exaudi.org\/es\/mindove-un-innovador-proyecto-que-une-la-psicologia-humanista-y-el-sistema-de-creencias-cristianas\/\" \/>\n<meta property=\"og:locale\" content=\"es_ES\" \/>\n<meta property=\"og:type\" content=\"article\" \/>\n<meta property=\"og:title\" content=\"Mindove: un innovador proyecto que une la psicolog\u00eda humanista y el sistema de creencias cristianas &#8211; Exaudi\" \/>\n<meta property=\"og:description\" content=\"En las v\u00edsperas de la fiesta de la Inmaculada Concepci\u00f3n, lanzar\u00e1n una aplicaci\u00f3n con tecnolog\u00eda de vanguardia que combina la psicolog\u00eda humanista con los valores de la fe cat\u00f3lica\" \/>\n<meta property=\"og:url\" content=\"https:\/\/exaudi.org\/es\/mindove-un-innovador-proyecto-que-une-la-psicologia-humanista-y-el-sistema-de-creencias-cristianas\/\" \/>\n<meta property=\"og:site_name\" content=\"Exaudi\" \/>\n<meta property=\"article:publisher\" content=\"https:\/\/www.facebook.com\/ExaudiNews\" \/>\n<meta property=\"article:author\" content=\"https:\/\/www.facebook.com\/ExaudiNoticias\/\" \/>\n<meta property=\"article:published_time\" content=\"2023-12-06T08:30:23+00:00\" \/>\n<meta property=\"article:modified_time\" content=\"2023-12-06T11:16:21+00:00\" \/>\n<meta property=\"og:image\" content=\"https:\/\/exaudi.org\/wp-content\/uploads\/2023\/12\/406619647_122159294570000636_4935426116068330751_n.jpg\" \/>\n\t<meta property=\"og:image:width\" content=\"1080\" \/>\n\t<meta property=\"og:image:height\" content=\"1080\" \/>\n\t<meta property=\"og:image:type\" content=\"image\/jpeg\" \/>\n<meta name=\"author\" content=\"Exaudi Redacci\u00f3n\" \/>\n<meta name=\"twitter:card\" content=\"summary_large_image\" \/>\n<meta name=\"twitter:creator\" content=\"@Exaudi_noticias\" \/>\n<meta name=\"twitter:site\" content=\"@Exaudi_News\" \/>\n<meta name=\"twitter:label1\" content=\"Escrito por\" \/>\n\t<meta name=\"twitter:data1\" content=\"Exaudi Redacci\u00f3n\" \/>\n\t<meta name=\"twitter:label2\" content=\"Tiempo de lectura\" \/>\n\t<meta name=\"twitter:data2\" content=\"5 minutos\" \/>\n<script type=\"application\/ld+json\" class=\"yoast-schema-graph\">{\"@context\":\"https:\\\/\\\/schema.org\",\"@graph\":[{\"@type\":\"Article\",\"@id\":\"https:\\\/\\\/exaudi.org\\\/es\\\/mindove-un-innovador-proyecto-que-une-la-psicologia-humanista-y-el-sistema-de-creencias-cristianas\\\/#article\",\"isPartOf\":{\"@id\":\"https:\\\/\\\/exaudi.org\\\/es\\\/mindove-un-innovador-proyecto-que-une-la-psicologia-humanista-y-el-sistema-de-creencias-cristianas\\\/\"},\"author\":{\"name\":\"Exaudi Redacci\u00f3n\",\"@id\":\"https:\\\/\\\/exaudi.org\\\/#\\\/schema\\\/person\\\/f5fc8f063065e38742da7afe15f25df7\"},\"headline\":\"Mindove: un innovador proyecto que une la psicolog\u00eda humanista y el sistema de creencias cristianas\",\"datePublished\":\"2023-12-06T08:30:23+00:00\",\"dateModified\":\"2023-12-06T11:16:21+00:00\",\"mainEntityOfPage\":{\"@id\":\"https:\\\/\\\/exaudi.org\\\/es\\\/mindove-un-innovador-proyecto-que-une-la-psicologia-humanista-y-el-sistema-de-creencias-cristianas\\\/\"},\"wordCount\":1053,\"image\":{\"@id\":\"https:\\\/\\\/exaudi.org\\\/es\\\/mindove-un-innovador-proyecto-que-une-la-psicologia-humanista-y-el-sistema-de-creencias-cristianas\\\/#primaryimage\"},\"thumbnailUrl\":\"https:\\\/\\\/exaudi.org\\\/wp-content\\\/uploads\\\/2023\\\/12\\\/406619647_122159294570000636_4935426116068330751_n.jpg\",\"keywords\":[\"Laureano Guti\u00e9rrez\",\"Mariana Calleja\",\"Mercedes Vallenilla\",\"Mindove\",\"Salud Mental\"],\"articleSection\":[\"Iglesia y Mundo\"],\"inLanguage\":\"es\"},{\"@type\":\"WebPage\",\"@id\":\"https:\\\/\\\/exaudi.org\\\/es\\\/mindove-un-innovador-proyecto-que-une-la-psicologia-humanista-y-el-sistema-de-creencias-cristianas\\\/\",\"url\":\"https:\\\/\\\/exaudi.org\\\/es\\\/mindove-un-innovador-proyecto-que-une-la-psicologia-humanista-y-el-sistema-de-creencias-cristianas\\\/\",\"name\":\"Mindove: un innovador proyecto que une la psicolog\u00eda humanista y el sistema de creencias cristianas &#8211; Exaudi\",\"isPartOf\":{\"@id\":\"https:\\\/\\\/exaudi.org\\\/#website\"},\"primaryImageOfPage\":{\"@id\":\"https:\\\/\\\/exaudi.org\\\/es\\\/mindove-un-innovador-proyecto-que-une-la-psicologia-humanista-y-el-sistema-de-creencias-cristianas\\\/#primaryimage\"},\"image\":{\"@id\":\"https:\\\/\\\/exaudi.org\\\/es\\\/mindove-un-innovador-proyecto-que-une-la-psicologia-humanista-y-el-sistema-de-creencias-cristianas\\\/#primaryimage\"},\"thumbnailUrl\":\"https:\\\/\\\/exaudi.org\\\/wp-content\\\/uploads\\\/2023\\\/12\\\/406619647_122159294570000636_4935426116068330751_n.jpg\",\"datePublished\":\"2023-12-06T08:30:23+00:00\",\"dateModified\":\"2023-12-06T11:16:21+00:00\",\"author\":{\"@id\":\"https:\\\/\\\/exaudi.org\\\/#\\\/schema\\\/person\\\/f5fc8f063065e38742da7afe15f25df7\"},\"breadcrumb\":{\"@id\":\"https:\\\/\\\/exaudi.org\\\/es\\\/mindove-un-innovador-proyecto-que-une-la-psicologia-humanista-y-el-sistema-de-creencias-cristianas\\\/#breadcrumb\"},\"inLanguage\":\"es\",\"potentialAction\":[{\"@type\":\"ReadAction\",\"target\":[\"https:\\\/\\\/exaudi.org\\\/es\\\/mindove-un-innovador-proyecto-que-une-la-psicologia-humanista-y-el-sistema-de-creencias-cristianas\\\/\"]}]},{\"@type\":\"ImageObject\",\"inLanguage\":\"es\",\"@id\":\"https:\\\/\\\/exaudi.org\\\/es\\\/mindove-un-innovador-proyecto-que-une-la-psicologia-humanista-y-el-sistema-de-creencias-cristianas\\\/#primaryimage\",\"url\":\"https:\\\/\\\/exaudi.org\\\/wp-content\\\/uploads\\\/2023\\\/12\\\/406619647_122159294570000636_4935426116068330751_n.jpg\",\"contentUrl\":\"https:\\\/\\\/exaudi.org\\\/wp-content\\\/uploads\\\/2023\\\/12\\\/406619647_122159294570000636_4935426116068330751_n.jpg\",\"width\":1080,\"height\":1080},{\"@type\":\"BreadcrumbList\",\"@id\":\"https:\\\/\\\/exaudi.org\\\/es\\\/mindove-un-innovador-proyecto-que-une-la-psicologia-humanista-y-el-sistema-de-creencias-cristianas\\\/#breadcrumb\",\"itemListElement\":[{\"@type\":\"ListItem\",\"position\":1,\"name\":\"Portada\",\"item\":\"https:\\\/\\\/exaudi.org\\\/es\\\/\"},{\"@type\":\"ListItem\",\"position\":2,\"name\":\"Mindove: un innovador proyecto que une la psicolog\u00eda humanista y el sistema de creencias cristianas\"}]},{\"@type\":\"WebSite\",\"@id\":\"https:\\\/\\\/exaudi.org\\\/#website\",\"url\":\"https:\\\/\\\/exaudi.org\\\/\",\"name\":\"Exaudi\",\"description\":\"News\",\"potentialAction\":[{\"@type\":\"SearchAction\",\"target\":{\"@type\":\"EntryPoint\",\"urlTemplate\":\"https:\\\/\\\/exaudi.org\\\/?s={search_term_string}\"},\"query-input\":{\"@type\":\"PropertyValueSpecification\",\"valueRequired\":true,\"valueName\":\"search_term_string\"}}],\"inLanguage\":\"es\"},{\"@type\":\"Person\",\"@id\":\"https:\\\/\\\/exaudi.org\\\/#\\\/schema\\\/person\\\/f5fc8f063065e38742da7afe15f25df7\",\"name\":\"Exaudi Redacci\u00f3n\",\"image\":{\"@type\":\"ImageObject\",\"inLanguage\":\"es\",\"@id\":\"https:\\\/\\\/secure.gravatar.com\\\/avatar\\\/fe0f6a059fb68d9b3e11bc5850dd4899b1c7492091a3cb6dd9b01b56ad828be2?s=96&d=mm&r=g\",\"url\":\"https:\\\/\\\/secure.gravatar.com\\\/avatar\\\/fe0f6a059fb68d9b3e11bc5850dd4899b1c7492091a3cb6dd9b01b56ad828be2?s=96&d=mm&r=g\",\"contentUrl\":\"https:\\\/\\\/secure.gravatar.com\\\/avatar\\\/fe0f6a059fb68d9b3e11bc5850dd4899b1c7492091a3cb6dd9b01b56ad828be2?s=96&d=mm&r=g\",\"caption\":\"Exaudi Redacci\u00f3n\"},\"description\":\"\u00bfQu\u00e9 es Exaudi News? Exaudi News es un medio de comunicaci\u00f3n cat\u00f3lico internacional que informa, forma y transforma, diariamente en espa\u00f1ol, ingl\u00e9s e italiano. A trav\u00e9s de noticias, art\u00edculos de an\u00e1lisis y transmisiones en directo de los eventos del Papa, Exaudi busca fortalecer la unidad de los cristianos y contribuir a la evangelizaci\u00f3n del mundo, siempre guiados por la doctrina social de la Iglesia. Trabajamos para acercar la verdad y los valores cristianos a cada rinc\u00f3n del planeta. \u00a1Ay\u00fadanos a transformar el mundo con Exaudi! En Exaudi creemos que la evangelizaci\u00f3n y la informaci\u00f3n de calidad pueden cambiar vidas. Para continuar con nuestra misi\u00f3n y expandir nuestro alcance, necesitamos tu ayuda. Adem\u00e1s, buscamos personas comprometidas que deseen unirse a nuestro equipo. Con tu apoyo, lograremos llegar a m\u00e1s personas, difundir el mensaje de Cristo y reforzar la unidad de los cristianos. \u00bfTe unes a nuestra misi\u00f3n? Para m\u00e1s informaci\u00f3n sobre c\u00f3mo colaborar, visita Exaudi.org\\\/es o cont\u00e1ctanos directamente: info@exaudi.org Exaudi: Informa, forma y transforma.\",\"sameAs\":[\"https:\\\/\\\/www.facebook.com\\\/ExaudiNoticias\\\/\",\"https:\\\/\\\/www.instagram.com\\\/exaudi_noticias\\\/\",\"https:\\\/\\\/x.com\\\/Exaudi_noticias\",\"https:\\\/\\\/www.youtube.com\\\/@exaudicatholicnews\"],\"url\":\"https:\\\/\\\/exaudi.org\\\/es\\\/author\\\/redaccionexaudi\\\/\"}]}<\/script>\n<!-- \/ Yoast SEO plugin. -->","yoast_head_json":{"title":"Mindove: un innovador proyecto que une la psicolog\u00eda humanista y el sistema de creencias cristianas &#8211; Exaudi","robots":{"index":"index","follow":"follow","max-snippet":"max-snippet:-1","max-image-preview":"max-image-preview:large","max-video-preview":"max-video-preview:-1"},"canonical":"https:\/\/exaudi.org\/es\/mindove-un-innovador-proyecto-que-une-la-psicologia-humanista-y-el-sistema-de-creencias-cristianas\/","og_locale":"es_ES","og_type":"article","og_title":"Mindove: un innovador proyecto que une la psicolog\u00eda humanista y el sistema de creencias cristianas &#8211; Exaudi","og_description":"En las v\u00edsperas de la fiesta de la Inmaculada Concepci\u00f3n, lanzar\u00e1n una aplicaci\u00f3n con tecnolog\u00eda de vanguardia que combina la psicolog\u00eda humanista con los valores de la fe cat\u00f3lica","og_url":"https:\/\/exaudi.org\/es\/mindove-un-innovador-proyecto-que-une-la-psicologia-humanista-y-el-sistema-de-creencias-cristianas\/","og_site_name":"Exaudi","article_publisher":"https:\/\/www.facebook.com\/ExaudiNews","article_author":"https:\/\/www.facebook.com\/ExaudiNoticias\/","article_published_time":"2023-12-06T08:30:23+00:00","article_modified_time":"2023-12-06T11:16:21+00:00","og_image":[{"width":1080,"height":1080,"url":"https:\/\/exaudi.org\/wp-content\/uploads\/2023\/12\/406619647_122159294570000636_4935426116068330751_n.jpg","type":"image\/jpeg"}],"author":"Exaudi Redacci\u00f3n","twitter_card":"summary_large_image","twitter_creator":"@Exaudi_noticias","twitter_site":"@Exaudi_News","twitter_misc":{"Escrito por":"Exaudi Redacci\u00f3n","Tiempo de lectura":"5 minutos"},"schema":{"@context":"https:\/\/schema.org","@graph":[{"@type":"Article","@id":"https:\/\/exaudi.org\/es\/mindove-un-innovador-proyecto-que-une-la-psicologia-humanista-y-el-sistema-de-creencias-cristianas\/#article","isPartOf":{"@id":"https:\/\/exaudi.org\/es\/mindove-un-innovador-proyecto-que-une-la-psicologia-humanista-y-el-sistema-de-creencias-cristianas\/"},"author":{"name":"Exaudi Redacci\u00f3n","@id":"https:\/\/exaudi.org\/#\/schema\/person\/f5fc8f063065e38742da7afe15f25df7"},"headline":"Mindove: un innovador proyecto que une la psicolog\u00eda humanista y el sistema de creencias cristianas","datePublished":"2023-12-06T08:30:23+00:00","dateModified":"2023-12-06T11:16:21+00:00","mainEntityOfPage":{"@id":"https:\/\/exaudi.org\/es\/mindove-un-innovador-proyecto-que-une-la-psicologia-humanista-y-el-sistema-de-creencias-cristianas\/"},"wordCount":1053,"image":{"@id":"https:\/\/exaudi.org\/es\/mindove-un-innovador-proyecto-que-une-la-psicologia-humanista-y-el-sistema-de-creencias-cristianas\/#primaryimage"},"thumbnailUrl":"https:\/\/exaudi.org\/wp-content\/uploads\/2023\/12\/406619647_122159294570000636_4935426116068330751_n.jpg","keywords":["Laureano Guti\u00e9rrez","Mariana Calleja","Mercedes Vallenilla","Mindove","Salud Mental"],"articleSection":["Iglesia y Mundo"],"inLanguage":"es"},{"@type":"WebPage","@id":"https:\/\/exaudi.org\/es\/mindove-un-innovador-proyecto-que-une-la-psicologia-humanista-y-el-sistema-de-creencias-cristianas\/","url":"https:\/\/exaudi.org\/es\/mindove-un-innovador-proyecto-que-une-la-psicologia-humanista-y-el-sistema-de-creencias-cristianas\/","name":"Mindove: un innovador proyecto que une la psicolog\u00eda humanista y el sistema de creencias cristianas &#8211; Exaudi","isPartOf":{"@id":"https:\/\/exaudi.org\/#website"},"primaryImageOfPage":{"@id":"https:\/\/exaudi.org\/es\/mindove-un-innovador-proyecto-que-une-la-psicologia-humanista-y-el-sistema-de-creencias-cristianas\/#primaryimage"},"image":{"@id":"https:\/\/exaudi.org\/es\/mindove-un-innovador-proyecto-que-une-la-psicologia-humanista-y-el-sistema-de-creencias-cristianas\/#primaryimage"},"thumbnailUrl":"https:\/\/exaudi.org\/wp-content\/uploads\/2023\/12\/406619647_122159294570000636_4935426116068330751_n.jpg","datePublished":"2023-12-06T08:30:23+00:00","dateModified":"2023-12-06T11:16:21+00:00","author":{"@id":"https:\/\/exaudi.org\/#\/schema\/person\/f5fc8f063065e38742da7afe15f25df7"},"breadcrumb":{"@id":"https:\/\/exaudi.org\/es\/mindove-un-innovador-proyecto-que-une-la-psicologia-humanista-y-el-sistema-de-creencias-cristianas\/#breadcrumb"},"inLanguage":"es","potentialAction":[{"@type":"ReadAction","target":["https:\/\/exaudi.org\/es\/mindove-un-innovador-proyecto-que-une-la-psicologia-humanista-y-el-sistema-de-creencias-cristianas\/"]}]},{"@type":"ImageObject","inLanguage":"es","@id":"https:\/\/exaudi.org\/es\/mindove-un-innovador-proyecto-que-une-la-psicologia-humanista-y-el-sistema-de-creencias-cristianas\/#primaryimage","url":"https:\/\/exaudi.org\/wp-content\/uploads\/2023\/12\/406619647_122159294570000636_4935426116068330751_n.jpg","contentUrl":"https:\/\/exaudi.org\/wp-content\/uploads\/2023\/12\/406619647_122159294570000636_4935426116068330751_n.jpg","width":1080,"height":1080},{"@type":"BreadcrumbList","@id":"https:\/\/exaudi.org\/es\/mindove-un-innovador-proyecto-que-une-la-psicologia-humanista-y-el-sistema-de-creencias-cristianas\/#breadcrumb","itemListElement":[{"@type":"ListItem","position":1,"name":"Portada","item":"https:\/\/exaudi.org\/es\/"},{"@type":"ListItem","position":2,"name":"Mindove: un innovador proyecto que une la psicolog\u00eda humanista y el sistema de creencias cristianas"}]},{"@type":"WebSite","@id":"https:\/\/exaudi.org\/#website","url":"https:\/\/exaudi.org\/","name":"Exaudi","description":"News","potentialAction":[{"@type":"SearchAction","target":{"@type":"EntryPoint","urlTemplate":"https:\/\/exaudi.org\/?s={search_term_string}"},"query-input":{"@type":"PropertyValueSpecification","valueRequired":true,"valueName":"search_term_string"}}],"inLanguage":"es"},{"@type":"Person","@id":"https:\/\/exaudi.org\/#\/schema\/person\/f5fc8f063065e38742da7afe15f25df7","name":"Exaudi Redacci\u00f3n","image":{"@type":"ImageObject","inLanguage":"es","@id":"https:\/\/secure.gravatar.com\/avatar\/fe0f6a059fb68d9b3e11bc5850dd4899b1c7492091a3cb6dd9b01b56ad828be2?s=96&d=mm&r=g","url":"https:\/\/secure.gravatar.com\/avatar\/fe0f6a059fb68d9b3e11bc5850dd4899b1c7492091a3cb6dd9b01b56ad828be2?s=96&d=mm&r=g","contentUrl":"https:\/\/secure.gravatar.com\/avatar\/fe0f6a059fb68d9b3e11bc5850dd4899b1c7492091a3cb6dd9b01b56ad828be2?s=96&d=mm&r=g","caption":"Exaudi Redacci\u00f3n"},"description":"\u00bfQu\u00e9 es Exaudi News? Exaudi News es un medio de comunicaci\u00f3n cat\u00f3lico internacional que informa, forma y transforma, diariamente en espa\u00f1ol, ingl\u00e9s e italiano. A trav\u00e9s de noticias, art\u00edculos de an\u00e1lisis y transmisiones en directo de los eventos del Papa, Exaudi busca fortalecer la unidad de los cristianos y contribuir a la evangelizaci\u00f3n del mundo, siempre guiados por la doctrina social de la Iglesia. Trabajamos para acercar la verdad y los valores cristianos a cada rinc\u00f3n del planeta. \u00a1Ay\u00fadanos a transformar el mundo con Exaudi! En Exaudi creemos que la evangelizaci\u00f3n y la informaci\u00f3n de calidad pueden cambiar vidas. Para continuar con nuestra misi\u00f3n y expandir nuestro alcance, necesitamos tu ayuda. Adem\u00e1s, buscamos personas comprometidas que deseen unirse a nuestro equipo. Con tu apoyo, lograremos llegar a m\u00e1s personas, difundir el mensaje de Cristo y reforzar la unidad de los cristianos. \u00bfTe unes a nuestra misi\u00f3n? Para m\u00e1s informaci\u00f3n sobre c\u00f3mo colaborar, visita Exaudi.org\/es o cont\u00e1ctanos directamente: info@exaudi.org Exaudi: Informa, forma y transforma.","sameAs":["https:\/\/www.facebook.com\/ExaudiNoticias\/","https:\/\/www.instagram.com\/exaudi_noticias\/","https:\/\/x.com\/Exaudi_noticias","https:\/\/www.youtube.com\/@exaudicatholicnews"],"url":"https:\/\/exaudi.org\/es\/author\/redaccionexaudi\/"}]}},"jetpack_featured_media_url":"https:\/\/exaudi.org\/wp-content\/uploads\/2023\/12\/406619647_122159294570000636_4935426116068330751_n.jpg","jetpack_shortlink":"https:\/\/wp.me\/pgKjF2-njW","_links":{"self":[{"href":"https:\/\/exaudi.org\/es\/wp-json\/wp\/v2\/posts\/89648","targetHints":{"allow":["GET"]}}],"collection":[{"href":"https:\/\/exaudi.org\/es\/wp-json\/wp\/v2\/posts"}],"about":[{"href":"https:\/\/exaudi.org\/es\/wp-json\/wp\/v2\/types\/post"}],"author":[{"embeddable":true,"href":"https:\/\/exaudi.org\/es\/wp-json\/wp\/v2\/users\/15"}],"replies":[{"embeddable":true,"href":"https:\/\/exaudi.org\/es\/wp-json\/wp\/v2\/comments?post=89648"}],"version-history":[{"count":0,"href":"https:\/\/exaudi.org\/es\/wp-json\/wp\/v2\/posts\/89648\/revisions"}],"wp:featuredmedia":[{"embeddable":true,"href":"https:\/\/exaudi.org\/es\/wp-json\/wp\/v2\/media\/89649"}],"wp:attachment":[{"href":"https:\/\/exaudi.org\/es\/wp-json\/wp\/v2\/media?parent=89648"}],"wp:term":[{"taxonomy":"category","embeddable":true,"href":"https:\/\/exaudi.org\/es\/wp-json\/wp\/v2\/categories?post=89648"},{"taxonomy":"post_tag","embeddable":true,"href":"https:\/\/exaudi.org\/es\/wp-json\/wp\/v2\/tags?post=89648"}],"curies":[{"name":"wp","href":"https:\/\/api.w.org\/{rel}","templated":true}]}}