{"id":89637,"date":"2023-12-05T08:55:36","date_gmt":"2023-12-05T07:55:36","guid":{"rendered":"https:\/\/exaudi.org\/?p=89637"},"modified":"2023-12-05T15:48:06","modified_gmt":"2023-12-05T14:48:06","slug":"animo-firme-y-adelante","status":"publish","type":"post","link":"https:\/\/exaudi.org\/es\/animo-firme-y-adelante\/","title":{"rendered":"\u00a1\u00c1nimo, firme y adelante!"},"content":{"rendered":"<audio class=\"wp-audio-shortcode\" id=\"audio-89637-1\" preload=\"none\" style=\"width: 100%;\" controls=\"controls\"><source type=\"audio\/mpeg\" src=\"https:\/\/exaudi.org\/wp-content\/uploads\/2023\/12\/Animo-firme-y-adelante.mp3?_=1\" \/><a href=\"https:\/\/exaudi.org\/wp-content\/uploads\/2023\/12\/Animo-firme-y-adelante.mp3\">https:\/\/exaudi.org\/wp-content\/uploads\/2023\/12\/Animo-firme-y-adelante.mp3<\/a><\/audio>\n<h3><strong>El coraz\u00f3n del misionero que sigue vivo en \u201cRescate\u201d<\/strong><\/h3>\n<p>Sin soltar su malet\u00edn negro caminaba, el sacerdote espa\u00f1ol, Rafael Pascual Salustiano, misionero trinitario, por las calles del asentamiento humano \u201cRescate\u201d, sector de misi\u00f3n de la orden de los Trinitarios en Lima. As\u00ed lo cuenta Mar\u00eda Luisa Montealegre, durante las entrevistas que el sacerdote espa\u00f1ol \u00c1ngel Garc\u00eda realiz\u00f3 a su llegada al Per\u00fa, para completar un libro que detalla los 50 a\u00f1os de misi\u00f3n en tierras peruanas.<\/p>\n<p>\u201c\u00a1Nunca te rindas!\u201d, \u201c\u00a1Siempre adelante!\u201d \u201cSol\u00eda decirme padre Rafael\u201d, cuando lo visitaba en la parroquia Sant\u00edsima Trinidad. \u201cAhora mi coraz\u00f3n lo recuerda siempre feliz, persistente en su labor de acercar a los ni\u00f1os a los sacramentos, narr\u00f3 Mar\u00eda Luisa mientras atesoraba en sus manos una medalla del Sagrado Coraz\u00f3n de Jes\u00fas, que le obsequi\u00f3 padre Rafael.<\/p>\n<h3><strong>Tras \u201cLa misi\u00f3n en Rescate\u201d<\/strong><\/h3>\n<p>Luego del anuncio de su causa de beatificaci\u00f3n en el a\u00f1o 2021 sus restos fueron trasladados del convento de la Sant\u00edsima Trinidad en Barrios Altos hasta la casa de los misioneros trinitarios en Chacra R\u00edos Norte, Cercado de Lima el 3 de marzo del 2023. \u201cY es que padre Rafael vive en todos los que compartieron su misi\u00f3n\u201d, coment\u00f3 el tambi\u00e9n misionero trinitario.<\/p>\n<figure id=\"attachment_89641\" aria-describedby=\"caption-attachment-89641\" style=\"width: 603px\" class=\"wp-caption alignleft\"><img loading=\"lazy\" decoding=\"async\" class=\"wp-image-89641\" src=\"https:\/\/exaudi.org\/wp-content\/uploads\/2023\/12\/Imagen-de-WhatsApp-2023-12-05-a-las-14.19.47_bb061026.jpg\" alt=\"Padre \u00c1ngel Garc\u00eda el autor del libro\" width=\"603\" height=\"271\" srcset=\"https:\/\/exaudi.org\/wp-content\/uploads\/2023\/12\/Imagen-de-WhatsApp-2023-12-05-a-las-14.19.47_bb061026.jpg 1600w, https:\/\/exaudi.org\/wp-content\/uploads\/2023\/12\/Imagen-de-WhatsApp-2023-12-05-a-las-14.19.47_bb061026-300x135.jpg 300w, https:\/\/exaudi.org\/wp-content\/uploads\/2023\/12\/Imagen-de-WhatsApp-2023-12-05-a-las-14.19.47_bb061026-1024x461.jpg 1024w, https:\/\/exaudi.org\/wp-content\/uploads\/2023\/12\/Imagen-de-WhatsApp-2023-12-05-a-las-14.19.47_bb061026-770x347.jpg 770w, https:\/\/exaudi.org\/wp-content\/uploads\/2023\/12\/Imagen-de-WhatsApp-2023-12-05-a-las-14.19.47_bb061026-1536x691.jpg 1536w, https:\/\/exaudi.org\/wp-content\/uploads\/2023\/12\/Imagen-de-WhatsApp-2023-12-05-a-las-14.19.47_bb061026-500x225.jpg 500w, https:\/\/exaudi.org\/wp-content\/uploads\/2023\/12\/Imagen-de-WhatsApp-2023-12-05-a-las-14.19.47_bb061026-293x132.jpg 293w, https:\/\/exaudi.org\/wp-content\/uploads\/2023\/12\/Imagen-de-WhatsApp-2023-12-05-a-las-14.19.47_bb061026-1400x630.jpg 1400w, https:\/\/exaudi.org\/wp-content\/uploads\/2023\/12\/Imagen-de-WhatsApp-2023-12-05-a-las-14.19.47_bb061026-390x176.jpg 390w\" sizes=\"auto, (max-width: 603px) 100vw, 603px\" \/><figcaption id=\"caption-attachment-89641\" class=\"wp-caption-text\">Padre \u00c1ngel Garc\u00eda el autor del libro<\/figcaption><\/figure>\n<p>Son 20 a\u00f1os de haber vivido juntos la misi\u00f3n en Per\u00fa. Durante la d\u00e9cada de los a\u00f1os noventa ambos impulsaron la construcci\u00f3n del templo, los consultorios, adem\u00e1s de las obras sociales. El deseo del padre Rafael, por asistir a los enfermos y a los m\u00e1s vulnerables, es el fundamento del carisma que reafirmaba con su liderazgo espiritual en la misi\u00f3n.<\/p>\n<p>Con el nuevo reto de preparar un libro que recoja sus memorias y el alma de todos los que compartieron con \u00e9l su misi\u00f3n padre \u00c1ngel realiz\u00f3 entrevistas a quienes lo conocieron.<\/p>\n<h3><strong>El camino a los altares <\/strong><\/h3>\n<p>Luego de recibir la visita del padre provincial, postulador de la causa padre Javier Carnerero, padre \u00c1ngel recibi\u00f3 el encargo de compilar en un libro todo lo vivido desde la llegada de padre Rafael a Lima. Con la edici\u00f3n del libro que ya cuenta con 100 p\u00e1ginas escritas se podr\u00e1 recabar m\u00e1s informaci\u00f3n de alg\u00fan milagro atribuido al sacerdote que a\u00fan vive en \u201cRescate\u201d<\/p>\n<p>El misionero trinitario naci\u00f3 el 3 de diciembre de 1918, dej\u00f3 la comunidad de Santiago de Chile, en su natal Espa\u00f1a para asistir a los m\u00e1s vulnerables como parte de su misi\u00f3n.<\/p>\n","protected":false},"excerpt":{"rendered":"<p>Rafael Pascual Salustiano, misionero trinitario<\/p>\n","protected":false},"author":39,"featured_media":89638,"comment_status":"closed","ping_status":"closed","sticky":false,"template":"","format":"standard","meta":{"_acf_changed":false,"_crdt_document":"","inline_featured_image":false,"footnotes":""},"categories":[74],"tags":[11345,945,11343,11344],"class_list":["post-89637","post","type-post","status-publish","format-standard","has-post-thumbnail","hentry","category-iglesia-y-mundo","tag-angel-garcia","tag-peru","tag-rafael-pascual-salustiano","tag-trinitario"],"acf":[],"yoast_head":"<!-- This site is optimized with the Yoast SEO plugin v27.5 - https:\/\/yoast.com\/product\/yoast-seo-wordpress\/ -->\n<title>\u00a1\u00c1nimo, firme y adelante! &#8211; Exaudi<\/title>\n<meta name=\"robots\" content=\"index, follow, max-snippet:-1, max-image-preview:large, max-video-preview:-1\" \/>\n<link rel=\"canonical\" href=\"https:\/\/exaudi.org\/es\/animo-firme-y-adelante\/\" \/>\n<meta property=\"og:locale\" content=\"es_ES\" \/>\n<meta property=\"og:type\" content=\"article\" \/>\n<meta property=\"og:title\" content=\"\u00a1\u00c1nimo, firme y adelante! &#8211; Exaudi\" \/>\n<meta property=\"og:description\" content=\"Rafael Pascual Salustiano, misionero trinitario\" \/>\n<meta property=\"og:url\" content=\"https:\/\/exaudi.org\/es\/animo-firme-y-adelante\/\" \/>\n<meta property=\"og:site_name\" content=\"Exaudi\" \/>\n<meta property=\"article:publisher\" content=\"https:\/\/www.facebook.com\/ExaudiNews\" \/>\n<meta property=\"article:published_time\" content=\"2023-12-05T07:55:36+00:00\" \/>\n<meta property=\"article:modified_time\" content=\"2023-12-05T14:48:06+00:00\" \/>\n<meta property=\"og:image\" content=\"https:\/\/exaudi.org\/wp-content\/uploads\/2023\/12\/Imagen-de-WhatsApp-2023-12-05-a-las-14.18.09_09fc9043.jpg\" \/>\n\t<meta property=\"og:image:width\" content=\"847\" \/>\n\t<meta property=\"og:image:height\" content=\"550\" \/>\n\t<meta property=\"og:image:type\" content=\"image\/jpeg\" \/>\n<meta name=\"author\" content=\"Esther N\u00fa\u00f1ez\" \/>\n<meta name=\"twitter:card\" content=\"summary_large_image\" \/>\n<meta name=\"twitter:creator\" content=\"@Exaudi_News\" \/>\n<meta name=\"twitter:site\" content=\"@Exaudi_News\" \/>\n<meta name=\"twitter:label1\" content=\"Escrito por\" \/>\n\t<meta name=\"twitter:data1\" content=\"Esther N\u00fa\u00f1ez\" \/>\n\t<meta name=\"twitter:label2\" content=\"Tiempo de lectura\" \/>\n\t<meta name=\"twitter:data2\" content=\"2 minutos\" \/>\n<script type=\"application\/ld+json\" class=\"yoast-schema-graph\">{\"@context\":\"https:\\\/\\\/schema.org\",\"@graph\":[{\"@type\":\"Article\",\"@id\":\"https:\\\/\\\/exaudi.org\\\/es\\\/animo-firme-y-adelante\\\/#article\",\"isPartOf\":{\"@id\":\"https:\\\/\\\/exaudi.org\\\/es\\\/animo-firme-y-adelante\\\/\"},\"author\":{\"name\":\"Esther N\u00fa\u00f1ez\",\"@id\":\"https:\\\/\\\/exaudi.org\\\/#\\\/schema\\\/person\\\/7105d7735b2bf8c31e7cf8784351ebbc\"},\"headline\":\"\u00a1\u00c1nimo, firme y adelante!\",\"datePublished\":\"2023-12-05T07:55:36+00:00\",\"dateModified\":\"2023-12-05T14:48:06+00:00\",\"mainEntityOfPage\":{\"@id\":\"https:\\\/\\\/exaudi.org\\\/es\\\/animo-firme-y-adelante\\\/\"},\"wordCount\":455,\"image\":{\"@id\":\"https:\\\/\\\/exaudi.org\\\/es\\\/animo-firme-y-adelante\\\/#primaryimage\"},\"thumbnailUrl\":\"https:\\\/\\\/exaudi.org\\\/wp-content\\\/uploads\\\/2023\\\/12\\\/Imagen-de-WhatsApp-2023-12-05-a-las-14.18.09_09fc9043.jpg\",\"keywords\":[\"\u00c1ngel Garc\u00eda\",\"Per\u00fa\",\"Rafael Pascual Salustiano\",\"Trinitario\"],\"articleSection\":[\"Iglesia y Mundo\"],\"inLanguage\":\"es\"},{\"@type\":\"WebPage\",\"@id\":\"https:\\\/\\\/exaudi.org\\\/es\\\/animo-firme-y-adelante\\\/\",\"url\":\"https:\\\/\\\/exaudi.org\\\/es\\\/animo-firme-y-adelante\\\/\",\"name\":\"\u00a1\u00c1nimo, firme y adelante! &#8211; Exaudi\",\"isPartOf\":{\"@id\":\"https:\\\/\\\/exaudi.org\\\/#website\"},\"primaryImageOfPage\":{\"@id\":\"https:\\\/\\\/exaudi.org\\\/es\\\/animo-firme-y-adelante\\\/#primaryimage\"},\"image\":{\"@id\":\"https:\\\/\\\/exaudi.org\\\/es\\\/animo-firme-y-adelante\\\/#primaryimage\"},\"thumbnailUrl\":\"https:\\\/\\\/exaudi.org\\\/wp-content\\\/uploads\\\/2023\\\/12\\\/Imagen-de-WhatsApp-2023-12-05-a-las-14.18.09_09fc9043.jpg\",\"datePublished\":\"2023-12-05T07:55:36+00:00\",\"dateModified\":\"2023-12-05T14:48:06+00:00\",\"author\":{\"@id\":\"https:\\\/\\\/exaudi.org\\\/#\\\/schema\\\/person\\\/7105d7735b2bf8c31e7cf8784351ebbc\"},\"breadcrumb\":{\"@id\":\"https:\\\/\\\/exaudi.org\\\/es\\\/animo-firme-y-adelante\\\/#breadcrumb\"},\"inLanguage\":\"es\",\"potentialAction\":[{\"@type\":\"ReadAction\",\"target\":[\"https:\\\/\\\/exaudi.org\\\/es\\\/animo-firme-y-adelante\\\/\"]}]},{\"@type\":\"ImageObject\",\"inLanguage\":\"es\",\"@id\":\"https:\\\/\\\/exaudi.org\\\/es\\\/animo-firme-y-adelante\\\/#primaryimage\",\"url\":\"https:\\\/\\\/exaudi.org\\\/wp-content\\\/uploads\\\/2023\\\/12\\\/Imagen-de-WhatsApp-2023-12-05-a-las-14.18.09_09fc9043.jpg\",\"contentUrl\":\"https:\\\/\\\/exaudi.org\\\/wp-content\\\/uploads\\\/2023\\\/12\\\/Imagen-de-WhatsApp-2023-12-05-a-las-14.18.09_09fc9043.jpg\",\"width\":847,\"height\":550},{\"@type\":\"BreadcrumbList\",\"@id\":\"https:\\\/\\\/exaudi.org\\\/es\\\/animo-firme-y-adelante\\\/#breadcrumb\",\"itemListElement\":[{\"@type\":\"ListItem\",\"position\":1,\"name\":\"Portada\",\"item\":\"https:\\\/\\\/exaudi.org\\\/es\\\/\"},{\"@type\":\"ListItem\",\"position\":2,\"name\":\"\u00a1\u00c1nimo, firme y adelante!\"}]},{\"@type\":\"WebSite\",\"@id\":\"https:\\\/\\\/exaudi.org\\\/#website\",\"url\":\"https:\\\/\\\/exaudi.org\\\/\",\"name\":\"Exaudi\",\"description\":\"News\",\"potentialAction\":[{\"@type\":\"SearchAction\",\"target\":{\"@type\":\"EntryPoint\",\"urlTemplate\":\"https:\\\/\\\/exaudi.org\\\/?s={search_term_string}\"},\"query-input\":{\"@type\":\"PropertyValueSpecification\",\"valueRequired\":true,\"valueName\":\"search_term_string\"}}],\"inLanguage\":\"es\"},{\"@type\":\"Person\",\"@id\":\"https:\\\/\\\/exaudi.org\\\/#\\\/schema\\\/person\\\/7105d7735b2bf8c31e7cf8784351ebbc\",\"name\":\"Esther N\u00fa\u00f1ez\",\"image\":{\"@type\":\"ImageObject\",\"inLanguage\":\"es\",\"@id\":\"https:\\\/\\\/secure.gravatar.com\\\/avatar\\\/856566533d218d9d7b852b03a545bc963463ade36cec448d0cba38a2d59be800?s=96&d=mm&r=g\",\"url\":\"https:\\\/\\\/secure.gravatar.com\\\/avatar\\\/856566533d218d9d7b852b03a545bc963463ade36cec448d0cba38a2d59be800?s=96&d=mm&r=g\",\"contentUrl\":\"https:\\\/\\\/secure.gravatar.com\\\/avatar\\\/856566533d218d9d7b852b03a545bc963463ade36cec448d0cba38a2d59be800?s=96&d=mm&r=g\",\"caption\":\"Esther N\u00fa\u00f1ez\"},\"description\":\"Lima, Per\u00fa Periodista colegiada con ejercicio de la profesi\u00f3n desde 2001. Licenciada en periodismo por la Universidad Jaime Bausate y Meza, de Lima. Estudios complementarios en Teolog\u00eda, Filosof\u00eda, Comunicaci\u00f3n Digital; as\u00ed como en Conducci\u00f3n de noticieros y producci\u00f3n audiovisual. Con preparaci\u00f3n adicional en doctrina social de la Iglesia, comunicaci\u00f3n institucional en el sector p\u00fablico y eclesial. Ha ejercido tareas como imagen institucional en la Oficina de Educaci\u00f3n de la Conferencia Episcopal Peruana. Asimismo, Jefa de prensa de un canal y editora de dos revistas impresas. Experiencia en la realizaci\u00f3n de talleres de redacci\u00f3n, as\u00ed como en corresponsal\u00edas de agencias y portales web, direcci\u00f3n, producci\u00f3n y conducci\u00f3n de programas de radio y televisi\u00f3n. Desde 2020 colabora como periodista en el Instituto de Radio y Televisi\u00f3n del Per\u00fa.\",\"url\":\"https:\\\/\\\/exaudi.org\\\/es\\\/author\\\/esthernunez\\\/\"}]}<\/script>\n<!-- \/ Yoast SEO plugin. -->","yoast_head_json":{"title":"\u00a1\u00c1nimo, firme y adelante! &#8211; Exaudi","robots":{"index":"index","follow":"follow","max-snippet":"max-snippet:-1","max-image-preview":"max-image-preview:large","max-video-preview":"max-video-preview:-1"},"canonical":"https:\/\/exaudi.org\/es\/animo-firme-y-adelante\/","og_locale":"es_ES","og_type":"article","og_title":"\u00a1\u00c1nimo, firme y adelante! &#8211; Exaudi","og_description":"Rafael Pascual Salustiano, misionero trinitario","og_url":"https:\/\/exaudi.org\/es\/animo-firme-y-adelante\/","og_site_name":"Exaudi","article_publisher":"https:\/\/www.facebook.com\/ExaudiNews","article_published_time":"2023-12-05T07:55:36+00:00","article_modified_time":"2023-12-05T14:48:06+00:00","og_image":[{"width":847,"height":550,"url":"https:\/\/exaudi.org\/wp-content\/uploads\/2023\/12\/Imagen-de-WhatsApp-2023-12-05-a-las-14.18.09_09fc9043.jpg","type":"image\/jpeg"}],"author":"Esther N\u00fa\u00f1ez","twitter_card":"summary_large_image","twitter_creator":"@Exaudi_News","twitter_site":"@Exaudi_News","twitter_misc":{"Escrito por":"Esther N\u00fa\u00f1ez","Tiempo de lectura":"2 minutos"},"schema":{"@context":"https:\/\/schema.org","@graph":[{"@type":"Article","@id":"https:\/\/exaudi.org\/es\/animo-firme-y-adelante\/#article","isPartOf":{"@id":"https:\/\/exaudi.org\/es\/animo-firme-y-adelante\/"},"author":{"name":"Esther N\u00fa\u00f1ez","@id":"https:\/\/exaudi.org\/#\/schema\/person\/7105d7735b2bf8c31e7cf8784351ebbc"},"headline":"\u00a1\u00c1nimo, firme y adelante!","datePublished":"2023-12-05T07:55:36+00:00","dateModified":"2023-12-05T14:48:06+00:00","mainEntityOfPage":{"@id":"https:\/\/exaudi.org\/es\/animo-firme-y-adelante\/"},"wordCount":455,"image":{"@id":"https:\/\/exaudi.org\/es\/animo-firme-y-adelante\/#primaryimage"},"thumbnailUrl":"https:\/\/exaudi.org\/wp-content\/uploads\/2023\/12\/Imagen-de-WhatsApp-2023-12-05-a-las-14.18.09_09fc9043.jpg","keywords":["\u00c1ngel Garc\u00eda","Per\u00fa","Rafael Pascual Salustiano","Trinitario"],"articleSection":["Iglesia y Mundo"],"inLanguage":"es"},{"@type":"WebPage","@id":"https:\/\/exaudi.org\/es\/animo-firme-y-adelante\/","url":"https:\/\/exaudi.org\/es\/animo-firme-y-adelante\/","name":"\u00a1\u00c1nimo, firme y adelante! &#8211; Exaudi","isPartOf":{"@id":"https:\/\/exaudi.org\/#website"},"primaryImageOfPage":{"@id":"https:\/\/exaudi.org\/es\/animo-firme-y-adelante\/#primaryimage"},"image":{"@id":"https:\/\/exaudi.org\/es\/animo-firme-y-adelante\/#primaryimage"},"thumbnailUrl":"https:\/\/exaudi.org\/wp-content\/uploads\/2023\/12\/Imagen-de-WhatsApp-2023-12-05-a-las-14.18.09_09fc9043.jpg","datePublished":"2023-12-05T07:55:36+00:00","dateModified":"2023-12-05T14:48:06+00:00","author":{"@id":"https:\/\/exaudi.org\/#\/schema\/person\/7105d7735b2bf8c31e7cf8784351ebbc"},"breadcrumb":{"@id":"https:\/\/exaudi.org\/es\/animo-firme-y-adelante\/#breadcrumb"},"inLanguage":"es","potentialAction":[{"@type":"ReadAction","target":["https:\/\/exaudi.org\/es\/animo-firme-y-adelante\/"]}]},{"@type":"ImageObject","inLanguage":"es","@id":"https:\/\/exaudi.org\/es\/animo-firme-y-adelante\/#primaryimage","url":"https:\/\/exaudi.org\/wp-content\/uploads\/2023\/12\/Imagen-de-WhatsApp-2023-12-05-a-las-14.18.09_09fc9043.jpg","contentUrl":"https:\/\/exaudi.org\/wp-content\/uploads\/2023\/12\/Imagen-de-WhatsApp-2023-12-05-a-las-14.18.09_09fc9043.jpg","width":847,"height":550},{"@type":"BreadcrumbList","@id":"https:\/\/exaudi.org\/es\/animo-firme-y-adelante\/#breadcrumb","itemListElement":[{"@type":"ListItem","position":1,"name":"Portada","item":"https:\/\/exaudi.org\/es\/"},{"@type":"ListItem","position":2,"name":"\u00a1\u00c1nimo, firme y adelante!"}]},{"@type":"WebSite","@id":"https:\/\/exaudi.org\/#website","url":"https:\/\/exaudi.org\/","name":"Exaudi","description":"News","potentialAction":[{"@type":"SearchAction","target":{"@type":"EntryPoint","urlTemplate":"https:\/\/exaudi.org\/?s={search_term_string}"},"query-input":{"@type":"PropertyValueSpecification","valueRequired":true,"valueName":"search_term_string"}}],"inLanguage":"es"},{"@type":"Person","@id":"https:\/\/exaudi.org\/#\/schema\/person\/7105d7735b2bf8c31e7cf8784351ebbc","name":"Esther N\u00fa\u00f1ez","image":{"@type":"ImageObject","inLanguage":"es","@id":"https:\/\/secure.gravatar.com\/avatar\/856566533d218d9d7b852b03a545bc963463ade36cec448d0cba38a2d59be800?s=96&d=mm&r=g","url":"https:\/\/secure.gravatar.com\/avatar\/856566533d218d9d7b852b03a545bc963463ade36cec448d0cba38a2d59be800?s=96&d=mm&r=g","contentUrl":"https:\/\/secure.gravatar.com\/avatar\/856566533d218d9d7b852b03a545bc963463ade36cec448d0cba38a2d59be800?s=96&d=mm&r=g","caption":"Esther N\u00fa\u00f1ez"},"description":"Lima, Per\u00fa Periodista colegiada con ejercicio de la profesi\u00f3n desde 2001. Licenciada en periodismo por la Universidad Jaime Bausate y Meza, de Lima. Estudios complementarios en Teolog\u00eda, Filosof\u00eda, Comunicaci\u00f3n Digital; as\u00ed como en Conducci\u00f3n de noticieros y producci\u00f3n audiovisual. Con preparaci\u00f3n adicional en doctrina social de la Iglesia, comunicaci\u00f3n institucional en el sector p\u00fablico y eclesial. Ha ejercido tareas como imagen institucional en la Oficina de Educaci\u00f3n de la Conferencia Episcopal Peruana. Asimismo, Jefa de prensa de un canal y editora de dos revistas impresas. Experiencia en la realizaci\u00f3n de talleres de redacci\u00f3n, as\u00ed como en corresponsal\u00edas de agencias y portales web, direcci\u00f3n, producci\u00f3n y conducci\u00f3n de programas de radio y televisi\u00f3n. Desde 2020 colabora como periodista en el Instituto de Radio y Televisi\u00f3n del Per\u00fa.","url":"https:\/\/exaudi.org\/es\/author\/esthernunez\/"}]}},"jetpack_featured_media_url":"https:\/\/exaudi.org\/wp-content\/uploads\/2023\/12\/Imagen-de-WhatsApp-2023-12-05-a-las-14.18.09_09fc9043.jpg","jetpack_shortlink":"https:\/\/wp.me\/pgKjF2-njL","_links":{"self":[{"href":"https:\/\/exaudi.org\/es\/wp-json\/wp\/v2\/posts\/89637","targetHints":{"allow":["GET"]}}],"collection":[{"href":"https:\/\/exaudi.org\/es\/wp-json\/wp\/v2\/posts"}],"about":[{"href":"https:\/\/exaudi.org\/es\/wp-json\/wp\/v2\/types\/post"}],"author":[{"embeddable":true,"href":"https:\/\/exaudi.org\/es\/wp-json\/wp\/v2\/users\/39"}],"replies":[{"embeddable":true,"href":"https:\/\/exaudi.org\/es\/wp-json\/wp\/v2\/comments?post=89637"}],"version-history":[{"count":0,"href":"https:\/\/exaudi.org\/es\/wp-json\/wp\/v2\/posts\/89637\/revisions"}],"wp:featuredmedia":[{"embeddable":true,"href":"https:\/\/exaudi.org\/es\/wp-json\/wp\/v2\/media\/89638"}],"wp:attachment":[{"href":"https:\/\/exaudi.org\/es\/wp-json\/wp\/v2\/media?parent=89637"}],"wp:term":[{"taxonomy":"category","embeddable":true,"href":"https:\/\/exaudi.org\/es\/wp-json\/wp\/v2\/categories?post=89637"},{"taxonomy":"post_tag","embeddable":true,"href":"https:\/\/exaudi.org\/es\/wp-json\/wp\/v2\/tags?post=89637"}],"curies":[{"name":"wp","href":"https:\/\/api.w.org\/{rel}","templated":true}]}}